{"id":25326,"date":"2025-02-10T11:58:55","date_gmt":"2025-02-10T11:58:55","guid":{"rendered":"https:\/\/lequotidien.mr\/?p=25326"},"modified":"2025-02-10T11:58:55","modified_gmt":"2025-02-10T11:58:55","slug":"mandat-du-president-el-ghazouani-a-la-tete-de-lunion-africaine-un-bilan-globalement-positif-malgre-les-grands-defis-auxquels-le-continent-etait-confronte","status":"publish","type":"post","link":"https:\/\/lequotidien.mr\/?p=25326&lang=fr","title":{"rendered":"Mandat du Pr\u00e9sident El Ghazouani \u00e0 la t\u00eate de l\u2019Union Africaine : Un bilan globalement positif malgr\u00e9 les grands d\u00e9fis auxquels le continent \u00e9tait confront\u00e9"},"content":{"rendered":"<p>Le Pr\u00e9sident de la R\u00e9publique de Mauritanie, M. Mohamed Cheikh El Ghazouani, ach\u00e8ve son mandat \u00e0 la t\u00eate de l\u2019<strong>Union Africaine (UA)<\/strong>\u00a0\u00e0 la mi-f\u00e9vrier 2025, apr\u00e8s une ann\u00e9e marqu\u00e9e par des initiatives ambitieuses et des avanc\u00e9es significatives pour le continent. Repr\u00e9sentant la zone Afrique du Nord, le Pr\u00e9sident mauritanien a su relever les d\u00e9fis de cette responsabilit\u00e9 avec d\u00e9termination et vision, laissant une empreinte durable sur l\u2019organisation continentale. Il passera le relais \u00e0 l\u2019Angolais\u00a0<strong>Jo\u00e3o Louren\u00e7o<\/strong>, tandis que la succession du Tchadien\u00a0<strong>Moussa Faki Mahamat<\/strong>\u00a0au poste de pr\u00e9sident de la Commission de l\u2019UA fait l\u2019objet d\u2019une comp\u00e9tition entre plusieurs candidats.<\/p>\n<p>Pour rappel, dans son discours d\u2019investiture, le Pr\u00e9sident El Ghazouani avait identifi\u00e9 les probl\u00e8mes cruciaux auxquels l\u2019Afrique est confront\u00e9e. Il a soulign\u00e9 l\u2019urgence de relever les d\u00e9fis de l\u2019<strong>\u00e9ducation<\/strong>, des\u00a0<strong>conflits arm\u00e9s<\/strong>, de la\u00a0<strong>s\u00e9curit\u00e9 alimentaire<\/strong>\u00a0et du\u00a0<strong>d\u00e9veloppement \u00e9conomique<\/strong>. Pour lui, ces enjeux sont interd\u00e9pendants et n\u00e9cessitent une approche holistique pour construire un continent prosp\u00e8re et stable.<\/p>\n<p><strong>L\u2019\u00e9ducation : une priorit\u00e9 strat\u00e9gique<\/strong><\/p>\n<p>Conscient que les nations ne peuvent prosp\u00e9rer sans \u00e9ducation, le Pr\u00e9sident El Ghazouani a plac\u00e9 ce dossier au c\u0153ur de son mandat. Sous sa pr\u00e9sidence,\u00a0<strong>Nouakchott<\/strong>\u00a0a accueilli un\u00a0<strong>sommet continental sur l\u2019\u00e9ducation<\/strong>, r\u00e9unissant des chefs d\u2019\u00c9tat, des ministres et des experts. Ce sommet a permis de dresser un diagnostic pr\u00e9cis des d\u00e9fis \u00e9ducatifs en Afrique et de proposer des solutions concr\u00e8tes pour y rem\u00e9dier. L\u2019objectif est de garantir que les millions d\u2019enfants africains actuellement exclus du syst\u00e8me \u00e9ducatif puissent acc\u00e9der \u00e0 une \u00e9ducation de qualit\u00e9, essentielle pour b\u00e2tir un avenir meilleur.<\/p>\n<p><strong>Paix et stabilit\u00e9 : des avanc\u00e9es notables<\/strong><\/p>\n<p>Le Pr\u00e9sident mauritanien a \u00e9galement \u0153uvr\u00e9 pour renforcer la\u00a0<strong>paix et la stabilit\u00e9<\/strong>\u00a0sur le continent. Il s\u2019est personnellement impliqu\u00e9 dans la r\u00e9solution de plusieurs crises, notamment en\u00a0<strong>Libye<\/strong>, o\u00f9 il a effectu\u00e9 une visite \u00e0 Tripoli et re\u00e7u des repr\u00e9sentants des diff\u00e9rentes factions libyennes \u00e0 Nouakchott. Ces efforts ont permis \u00e0 l\u2019UA de jouer un r\u00f4le plus actif dans la r\u00e9solution du conflit libyen, traditionnellement domin\u00e9 par les Nations Unies et certaines capitales occidentales. Cette nouvelle dynamique a renforc\u00e9 la confiance de l\u2019Afrique dans sa capacit\u00e9 \u00e0 r\u00e9soudre ses propres probl\u00e8mes.<\/p>\n<p>En ce qui concerne le\u00a0<strong>Soudan<\/strong>, en proie \u00e0 une guerre civile depuis avril 2023, le Pr\u00e9sident El Ghazouani a organis\u00e9 une conf\u00e9rence \u00e0 Nouakchott et rencontr\u00e9 le g\u00e9n\u00e9ral\u00a0<strong>Abdel Fattah Al-Burhan<\/strong>, pr\u00e9sident du Conseil de souverainet\u00e9 de transition soudanais. Il a appel\u00e9 \u00e0 un cessez-le-feu imm\u00e9diat et offert le soutien de l\u2019UA pour faciliter un dialogue inclusif. De m\u00eame, face \u00e0 la reprise des combats dans l\u2019est de la\u00a0<strong>R\u00e9publique D\u00e9mocratique du Congo<\/strong>, il a plaid\u00e9 pour une solution pacifique, incitant le Conseil de paix et de s\u00e9curit\u00e9 de l\u2019UA \u00e0 se saisir de la question.<\/p>\n<p><strong>D\u00e9veloppement \u00e9conomique et s\u00e9curit\u00e9 alimentaire<\/strong><\/p>\n<p>Le Pr\u00e9sident El Ghazouani a \u00e9galement mis l\u2019accent sur le\u00a0<strong>d\u00e9veloppement \u00e9conomique<\/strong>\u00a0et la\u00a0<strong>s\u00e9curit\u00e9 alimentaire<\/strong>. Sous sa pr\u00e9sidence, deux sommets majeurs ont \u00e9t\u00e9 organis\u00e9s : un sommet sur l\u2019\u00e9conomie africaine \u00e0\u00a0<strong>Abidjan<\/strong>\u00a0et un sommet sur l\u2019\u00e9nergie en\u00a0<strong>Tanzanie<\/strong>. Lors de ces \u00e9v\u00e9nements, il a appel\u00e9 \u00e0 une meilleure exploitation des ressources naturelles du continent pour construire des \u00e9conomies r\u00e9silientes et r\u00e9duire la d\u00e9pendance aux importations alimentaires. Il a rappel\u00e9 que l\u2019Afrique, malgr\u00e9 son immense potentiel agricole, reste confront\u00e9e \u00e0 des d\u00e9fis majeurs en mati\u00e8re de s\u00e9curit\u00e9 alimentaire.<\/p>\n<p><strong>Rayonnement diplomatique et leadership continental<\/strong><\/p>\n<p>Sur le plan diplomatique, la pr\u00e9sidence mauritanienne a renforc\u00e9 le r\u00f4le de l\u2019UA sur la sc\u00e8ne internationale. Le Pr\u00e9sident El Ghazouani a repr\u00e9sent\u00e9 l\u2019organisation lors de nombreux sommets internationaux, plaidant pour une plus grande justice envers l\u2019Afrique et un renforcement des partenariats mondiaux. Son leadership a permis \u00e0 l\u2019UA de se positionner comme un acteur cl\u00e9 dans les discussions mondiales sur le d\u00e9veloppement, la paix et la s\u00e9curit\u00e9.<\/p>\n<p>La pr\u00e9sidence de Mohamed Cheikh El Ghazouani \u00e0 la t\u00eate de l\u2019Union Africaine a \u00e9t\u00e9 marqu\u00e9e par des r\u00e9alisations concr\u00e8tes et une vision claire pour l\u2019avenir du continent. En mettant l\u2019accent sur l\u2019\u00e9ducation, la paix, le d\u00e9veloppement \u00e9conomique et la s\u00e9curit\u00e9 alimentaire, il a contribu\u00e9 \u00e0 poser les bases d\u2019une Afrique plus prosp\u00e8re et plus stable. Son mandat a d\u00e9montr\u00e9 que l\u2019Afrique peut compter sur ses propres leaders pour relever ses d\u00e9fis et construire un avenir meilleur.<\/p>\n<p>Alors que son mandat touche \u00e0 sa fin, la Mauritanie peut \u00eatre fi\u00e8re d\u2019avoir laiss\u00e9 une empreinte significative au sein de l\u2019Union Africaine. Le Pr\u00e9sident El Ghazouani a non seulement honor\u00e9 son pays, mais il a \u00e9galement servi l\u2019Afrique avec d\u00e9vouement et d\u00e9termination, rappelant que le continent dispose des ressources et du potentiel n\u00e9cessaires pour transformer sa r\u00e9alit\u00e9 actuelle.<\/p>\n<p>&nbsp;<\/p>\n","protected":false},"excerpt":{"rendered":"<p>Le Pr\u00e9sident de la R\u00e9publique de Mauritanie, M. Mohamed Cheikh El Ghazouani, ach\u00e8ve son mandat \u00e0 la t\u00eate de l\u2019Union Africaine (UA)\u00a0\u00e0 la mi-f\u00e9vrier 2025, apr\u00e8s une ann\u00e9e marqu\u00e9e par des initiatives ambitieuses et des avanc\u00e9es significatives pour le continent. Repr\u00e9sentant la zone Afrique du Nord, le Pr\u00e9sident mauritanien a su relever les d\u00e9fis de&#8230;..<\/p>\n","protected":false},"author":12,"featured_media":25327,"comment_status":"open","ping_status":"open","sticky":false,"template":"","format":"standard","meta":{"footnotes":""},"categories":[23,49,59],"tags":[],"class_list":["post-25326","post","type-post","status-publish","format-standard","has-post-thumbnail","hentry","category-actualite","category-economie","category-opinion"],"yoast_head":"<!-- This site is optimized with the Yoast SEO plugin v27.5 - https:\/\/yoast.com\/product\/yoast-seo-wordpress\/ -->\n<title>Mandat du Pr\u00e9sident El Ghazouani \u00e0 la t\u00eate de l\u2019Union Africaine : Un bilan globalement positif malgr\u00e9 les grands d\u00e9fis auxquels le continent \u00e9tait confront\u00e9 - Le Quotidien de Nouakchott<\/title>\n<meta name=\"robots\" content=\"index, follow, max-snippet:-1, max-image-preview:large, max-video-preview:-1\" \/>\n<link rel=\"canonical\" href=\"https:\/\/lequotidien.mr\/?p=25326&lang=fr\" \/>\n<meta property=\"og:locale\" content=\"ar_AR\" \/>\n<meta property=\"og:type\" content=\"article\" \/>\n<meta property=\"og:title\" content=\"Mandat du Pr\u00e9sident El Ghazouani \u00e0 la t\u00eate de l\u2019Union Africaine : Un bilan globalement positif malgr\u00e9 les grands d\u00e9fis auxquels le continent \u00e9tait confront\u00e9 - Le Quotidien de Nouakchott\" \/>\n<meta property=\"og:description\" content=\"Le Pr\u00e9sident de la R\u00e9publique de Mauritanie, M. Mohamed Cheikh El Ghazouani, ach\u00e8ve son mandat \u00e0 la t\u00eate de l\u2019Union Africaine (UA)\u00a0\u00e0 la mi-f\u00e9vrier 2025, apr\u00e8s une ann\u00e9e marqu\u00e9e par des initiatives ambitieuses et des avanc\u00e9es significatives pour le continent. Repr\u00e9sentant la zone Afrique du Nord, le Pr\u00e9sident mauritanien a su relever les d\u00e9fis de.....\" \/>\n<meta property=\"og:url\" content=\"https:\/\/lequotidien.mr\/?p=25326&amp;lang=fr\" \/>\n<meta property=\"og:site_name\" content=\"Le Quotidien de Nouakchott\" \/>\n<meta property=\"article:publisher\" content=\"https:\/\/web.facebook.com\/lequotidienmr\" \/>\n<meta property=\"article:published_time\" content=\"2025-02-10T11:58:55+00:00\" \/>\n<meta property=\"og:image\" content=\"https:\/\/lequotidien.mr\/wp-content\/uploads\/2025\/02\/photo-Ghazouani_UA.jpg\" \/>\n\t<meta property=\"og:image:width\" content=\"640\" \/>\n\t<meta property=\"og:image:height\" content=\"360\" \/>\n\t<meta property=\"og:image:type\" content=\"image\/jpeg\" \/>\n<meta name=\"author\" content=\"Med Ahmed\" \/>\n<meta name=\"twitter:card\" content=\"summary_large_image\" \/>\n<meta name=\"twitter:creator\" content=\"@lequotidienmr\" \/>\n<meta name=\"twitter:site\" content=\"@lequotidienmr\" \/>\n<meta name=\"twitter:label1\" content=\"\u0643\u064f\u062a\u0628 \u0628\u0648\u0627\u0633\u0637\u0629\" \/>\n\t<meta name=\"twitter:data1\" content=\"Med Ahmed\" \/>\n\t<meta name=\"twitter:label2\" content=\"\u0648\u0642\u062a \u0627\u0644\u0642\u0631\u0627\u0621\u0629 \u0627\u0644\u0645\u064f\u0642\u062f\u0651\u0631\" \/>\n\t<meta name=\"twitter:data2\" content=\"4 \u062f\u0642\u0627\u0626\u0642\" \/>\n<script type=\"application\/ld+json\" class=\"yoast-schema-graph\">{\"@context\":\"https:\\\/\\\/schema.org\",\"@graph\":[{\"@type\":\"Article\",\"@id\":\"https:\\\/\\\/lequotidien.mr\\\/?p=25326&lang=fr#article\",\"isPartOf\":{\"@id\":\"https:\\\/\\\/lequotidien.mr\\\/?p=25326&lang=fr\"},\"author\":{\"name\":\"Med Ahmed\",\"@id\":\"https:\\\/\\\/lequotidien.mr\\\/#\\\/schema\\\/person\\\/d2d350202a4d599685ed8abc25f97596\"},\"headline\":\"Mandat du Pr\u00e9sident El Ghazouani \u00e0 la t\u00eate de l\u2019Union Africaine : Un bilan globalement positif malgr\u00e9 les grands d\u00e9fis auxquels le continent \u00e9tait confront\u00e9\",\"datePublished\":\"2025-02-10T11:58:55+00:00\",\"mainEntityOfPage\":{\"@id\":\"https:\\\/\\\/lequotidien.mr\\\/?p=25326&lang=fr\"},\"wordCount\":895,\"commentCount\":0,\"publisher\":{\"@id\":\"https:\\\/\\\/lequotidien.mr\\\/#organization\"},\"image\":{\"@id\":\"https:\\\/\\\/lequotidien.mr\\\/?p=25326&lang=fr#primaryimage\"},\"thumbnailUrl\":\"https:\\\/\\\/lequotidien.mr\\\/wp-content\\\/uploads\\\/2025\\\/02\\\/photo-Ghazouani_UA.jpg\",\"articleSection\":[\"ACTUALIT\u00c9\",\"Economie\",\"Opinion\"],\"inLanguage\":\"ar\",\"potentialAction\":[{\"@type\":\"CommentAction\",\"name\":\"Comment\",\"target\":[\"https:\\\/\\\/lequotidien.mr\\\/?p=25326&lang=fr#respond\"]}]},{\"@type\":\"WebPage\",\"@id\":\"https:\\\/\\\/lequotidien.mr\\\/?p=25326&lang=fr\",\"url\":\"https:\\\/\\\/lequotidien.mr\\\/?p=25326&lang=fr\",\"name\":\"Mandat du Pr\u00e9sident El Ghazouani \u00e0 la t\u00eate de l\u2019Union Africaine : Un bilan globalement positif malgr\u00e9 les grands d\u00e9fis auxquels le continent \u00e9tait confront\u00e9 - Le Quotidien de Nouakchott\",\"isPartOf\":{\"@id\":\"https:\\\/\\\/lequotidien.mr\\\/#website\"},\"primaryImageOfPage\":{\"@id\":\"https:\\\/\\\/lequotidien.mr\\\/?p=25326&lang=fr#primaryimage\"},\"image\":{\"@id\":\"https:\\\/\\\/lequotidien.mr\\\/?p=25326&lang=fr#primaryimage\"},\"thumbnailUrl\":\"https:\\\/\\\/lequotidien.mr\\\/wp-content\\\/uploads\\\/2025\\\/02\\\/photo-Ghazouani_UA.jpg\",\"datePublished\":\"2025-02-10T11:58:55+00:00\",\"breadcrumb\":{\"@id\":\"https:\\\/\\\/lequotidien.mr\\\/?p=25326&lang=fr#breadcrumb\"},\"inLanguage\":\"ar\",\"potentialAction\":[{\"@type\":\"ReadAction\",\"target\":[\"https:\\\/\\\/lequotidien.mr\\\/?p=25326&lang=fr\"]}]},{\"@type\":\"ImageObject\",\"inLanguage\":\"ar\",\"@id\":\"https:\\\/\\\/lequotidien.mr\\\/?p=25326&lang=fr#primaryimage\",\"url\":\"https:\\\/\\\/lequotidien.mr\\\/wp-content\\\/uploads\\\/2025\\\/02\\\/photo-Ghazouani_UA.jpg\",\"contentUrl\":\"https:\\\/\\\/lequotidien.mr\\\/wp-content\\\/uploads\\\/2025\\\/02\\\/photo-Ghazouani_UA.jpg\",\"width\":640,\"height\":360},{\"@type\":\"BreadcrumbList\",\"@id\":\"https:\\\/\\\/lequotidien.mr\\\/?p=25326&lang=fr#breadcrumb\",\"itemListElement\":[{\"@type\":\"ListItem\",\"position\":1,\"name\":\"Home\",\"item\":\"https:\\\/\\\/lequotidien.mr\\\/\"},{\"@type\":\"ListItem\",\"position\":2,\"name\":\"Mandat du Pr\u00e9sident El Ghazouani \u00e0 la t\u00eate de l\u2019Union Africaine : Un bilan globalement positif malgr\u00e9 les grands d\u00e9fis auxquels le continent \u00e9tait confront\u00e9\"}]},{\"@type\":\"WebSite\",\"@id\":\"https:\\\/\\\/lequotidien.mr\\\/#website\",\"url\":\"https:\\\/\\\/lequotidien.mr\\\/\",\"name\":\"Le Quotidien de Nouakchott\",\"description\":\"\u0625\u062e\u0628\u0627\u0631\u064a\u0629 \u0645\u0633\u062a\u0642\u0644\u0629 \u0644\u0644\u0623\u0646\u0628\u0627\u0621 \u0627\u0644\u0639\u0627\u0645\u0629\",\"publisher\":{\"@id\":\"https:\\\/\\\/lequotidien.mr\\\/#organization\"},\"potentialAction\":[{\"@type\":\"SearchAction\",\"target\":{\"@type\":\"EntryPoint\",\"urlTemplate\":\"https:\\\/\\\/lequotidien.mr\\\/?s={search_term_string}\"},\"query-input\":{\"@type\":\"PropertyValueSpecification\",\"valueRequired\":true,\"valueName\":\"search_term_string\"}}],\"inLanguage\":\"ar\"},{\"@type\":\"Organization\",\"@id\":\"https:\\\/\\\/lequotidien.mr\\\/#organization\",\"name\":\"Le Quotidien de Nouakchott\",\"url\":\"https:\\\/\\\/lequotidien.mr\\\/\",\"logo\":{\"@type\":\"ImageObject\",\"inLanguage\":\"ar\",\"@id\":\"https:\\\/\\\/lequotidien.mr\\\/#\\\/schema\\\/logo\\\/image\\\/\",\"url\":\"https:\\\/\\\/lequotidien.mr\\\/wp-content\\\/uploads\\\/2022\\\/11\\\/logolequotidien.jpg\",\"contentUrl\":\"https:\\\/\\\/lequotidien.mr\\\/wp-content\\\/uploads\\\/2022\\\/11\\\/logolequotidien.jpg\",\"width\":290,\"height\":65,\"caption\":\"Le Quotidien de Nouakchott\"},\"image\":{\"@id\":\"https:\\\/\\\/lequotidien.mr\\\/#\\\/schema\\\/logo\\\/image\\\/\"},\"sameAs\":[\"https:\\\/\\\/web.facebook.com\\\/lequotidienmr\",\"https:\\\/\\\/x.com\\\/lequotidienmr\"]},{\"@type\":\"Person\",\"@id\":\"https:\\\/\\\/lequotidien.mr\\\/#\\\/schema\\\/person\\\/d2d350202a4d599685ed8abc25f97596\",\"name\":\"Med Ahmed\",\"image\":{\"@type\":\"ImageObject\",\"inLanguage\":\"ar\",\"@id\":\"https:\\\/\\\/secure.gravatar.com\\\/avatar\\\/fd2acc62ed50732923d1d39c17172c9b04149f142be92310ecc69e1358f94b52?s=96&d=mm&r=g\",\"url\":\"https:\\\/\\\/secure.gravatar.com\\\/avatar\\\/fd2acc62ed50732923d1d39c17172c9b04149f142be92310ecc69e1358f94b52?s=96&d=mm&r=g\",\"contentUrl\":\"https:\\\/\\\/secure.gravatar.com\\\/avatar\\\/fd2acc62ed50732923d1d39c17172c9b04149f142be92310ecc69e1358f94b52?s=96&d=mm&r=g\",\"caption\":\"Med Ahmed\"},\"url\":\"https:\\\/\\\/lequotidien.mr\\\/?author=12\"}]}<\/script>\n<!-- \/ Yoast SEO plugin. -->","yoast_head_json":{"title":"Mandat du Pr\u00e9sident El Ghazouani \u00e0 la t\u00eate de l\u2019Union Africaine : Un bilan globalement positif malgr\u00e9 les grands d\u00e9fis auxquels le continent \u00e9tait confront\u00e9 - Le Quotidien de Nouakchott","robots":{"index":"index","follow":"follow","max-snippet":"max-snippet:-1","max-image-preview":"max-image-preview:large","max-video-preview":"max-video-preview:-1"},"canonical":"https:\/\/lequotidien.mr\/?p=25326&lang=fr","og_locale":"ar_AR","og_type":"article","og_title":"Mandat du Pr\u00e9sident El Ghazouani \u00e0 la t\u00eate de l\u2019Union Africaine : Un bilan globalement positif malgr\u00e9 les grands d\u00e9fis auxquels le continent \u00e9tait confront\u00e9 - Le Quotidien de Nouakchott","og_description":"Le Pr\u00e9sident de la R\u00e9publique de Mauritanie, M. Mohamed Cheikh El Ghazouani, ach\u00e8ve son mandat \u00e0 la t\u00eate de l\u2019Union Africaine (UA)\u00a0\u00e0 la mi-f\u00e9vrier 2025, apr\u00e8s une ann\u00e9e marqu\u00e9e par des initiatives ambitieuses et des avanc\u00e9es significatives pour le continent. Repr\u00e9sentant la zone Afrique du Nord, le Pr\u00e9sident mauritanien a su relever les d\u00e9fis de.....","og_url":"https:\/\/lequotidien.mr\/?p=25326&lang=fr","og_site_name":"Le Quotidien de Nouakchott","article_publisher":"https:\/\/web.facebook.com\/lequotidienmr","article_published_time":"2025-02-10T11:58:55+00:00","og_image":[{"width":640,"height":360,"url":"https:\/\/lequotidien.mr\/wp-content\/uploads\/2025\/02\/photo-Ghazouani_UA.jpg","type":"image\/jpeg"}],"author":"Med Ahmed","twitter_card":"summary_large_image","twitter_creator":"@lequotidienmr","twitter_site":"@lequotidienmr","twitter_misc":{"\u0643\u064f\u062a\u0628 \u0628\u0648\u0627\u0633\u0637\u0629":"Med Ahmed","\u0648\u0642\u062a \u0627\u0644\u0642\u0631\u0627\u0621\u0629 \u0627\u0644\u0645\u064f\u0642\u062f\u0651\u0631":"4 \u062f\u0642\u0627\u0626\u0642"},"schema":{"@context":"https:\/\/schema.org","@graph":[{"@type":"Article","@id":"https:\/\/lequotidien.mr\/?p=25326&lang=fr#article","isPartOf":{"@id":"https:\/\/lequotidien.mr\/?p=25326&lang=fr"},"author":{"name":"Med Ahmed","@id":"https:\/\/lequotidien.mr\/#\/schema\/person\/d2d350202a4d599685ed8abc25f97596"},"headline":"Mandat du Pr\u00e9sident El Ghazouani \u00e0 la t\u00eate de l\u2019Union Africaine : Un bilan globalement positif malgr\u00e9 les grands d\u00e9fis auxquels le continent \u00e9tait confront\u00e9","datePublished":"2025-02-10T11:58:55+00:00","mainEntityOfPage":{"@id":"https:\/\/lequotidien.mr\/?p=25326&lang=fr"},"wordCount":895,"commentCount":0,"publisher":{"@id":"https:\/\/lequotidien.mr\/#organization"},"image":{"@id":"https:\/\/lequotidien.mr\/?p=25326&lang=fr#primaryimage"},"thumbnailUrl":"https:\/\/lequotidien.mr\/wp-content\/uploads\/2025\/02\/photo-Ghazouani_UA.jpg","articleSection":["ACTUALIT\u00c9","Economie","Opinion"],"inLanguage":"ar","potentialAction":[{"@type":"CommentAction","name":"Comment","target":["https:\/\/lequotidien.mr\/?p=25326&lang=fr#respond"]}]},{"@type":"WebPage","@id":"https:\/\/lequotidien.mr\/?p=25326&lang=fr","url":"https:\/\/lequotidien.mr\/?p=25326&lang=fr","name":"Mandat du Pr\u00e9sident El Ghazouani \u00e0 la t\u00eate de l\u2019Union Africaine : Un bilan globalement positif malgr\u00e9 les grands d\u00e9fis auxquels le continent \u00e9tait confront\u00e9 - Le Quotidien de Nouakchott","isPartOf":{"@id":"https:\/\/lequotidien.mr\/#website"},"primaryImageOfPage":{"@id":"https:\/\/lequotidien.mr\/?p=25326&lang=fr#primaryimage"},"image":{"@id":"https:\/\/lequotidien.mr\/?p=25326&lang=fr#primaryimage"},"thumbnailUrl":"https:\/\/lequotidien.mr\/wp-content\/uploads\/2025\/02\/photo-Ghazouani_UA.jpg","datePublished":"2025-02-10T11:58:55+00:00","breadcrumb":{"@id":"https:\/\/lequotidien.mr\/?p=25326&lang=fr#breadcrumb"},"inLanguage":"ar","potentialAction":[{"@type":"ReadAction","target":["https:\/\/lequotidien.mr\/?p=25326&lang=fr"]}]},{"@type":"ImageObject","inLanguage":"ar","@id":"https:\/\/lequotidien.mr\/?p=25326&lang=fr#primaryimage","url":"https:\/\/lequotidien.mr\/wp-content\/uploads\/2025\/02\/photo-Ghazouani_UA.jpg","contentUrl":"https:\/\/lequotidien.mr\/wp-content\/uploads\/2025\/02\/photo-Ghazouani_UA.jpg","width":640,"height":360},{"@type":"BreadcrumbList","@id":"https:\/\/lequotidien.mr\/?p=25326&lang=fr#breadcrumb","itemListElement":[{"@type":"ListItem","position":1,"name":"Home","item":"https:\/\/lequotidien.mr\/"},{"@type":"ListItem","position":2,"name":"Mandat du Pr\u00e9sident El Ghazouani \u00e0 la t\u00eate de l\u2019Union Africaine : Un bilan globalement positif malgr\u00e9 les grands d\u00e9fis auxquels le continent \u00e9tait confront\u00e9"}]},{"@type":"WebSite","@id":"https:\/\/lequotidien.mr\/#website","url":"https:\/\/lequotidien.mr\/","name":"Le Quotidien de Nouakchott","description":"\u0625\u062e\u0628\u0627\u0631\u064a\u0629 \u0645\u0633\u062a\u0642\u0644\u0629 \u0644\u0644\u0623\u0646\u0628\u0627\u0621 \u0627\u0644\u0639\u0627\u0645\u0629","publisher":{"@id":"https:\/\/lequotidien.mr\/#organization"},"potentialAction":[{"@type":"SearchAction","target":{"@type":"EntryPoint","urlTemplate":"https:\/\/lequotidien.mr\/?s={search_term_string}"},"query-input":{"@type":"PropertyValueSpecification","valueRequired":true,"valueName":"search_term_string"}}],"inLanguage":"ar"},{"@type":"Organization","@id":"https:\/\/lequotidien.mr\/#organization","name":"Le Quotidien de Nouakchott","url":"https:\/\/lequotidien.mr\/","logo":{"@type":"ImageObject","inLanguage":"ar","@id":"https:\/\/lequotidien.mr\/#\/schema\/logo\/image\/","url":"https:\/\/lequotidien.mr\/wp-content\/uploads\/2022\/11\/logolequotidien.jpg","contentUrl":"https:\/\/lequotidien.mr\/wp-content\/uploads\/2022\/11\/logolequotidien.jpg","width":290,"height":65,"caption":"Le Quotidien de Nouakchott"},"image":{"@id":"https:\/\/lequotidien.mr\/#\/schema\/logo\/image\/"},"sameAs":["https:\/\/web.facebook.com\/lequotidienmr","https:\/\/x.com\/lequotidienmr"]},{"@type":"Person","@id":"https:\/\/lequotidien.mr\/#\/schema\/person\/d2d350202a4d599685ed8abc25f97596","name":"Med Ahmed","image":{"@type":"ImageObject","inLanguage":"ar","@id":"https:\/\/secure.gravatar.com\/avatar\/fd2acc62ed50732923d1d39c17172c9b04149f142be92310ecc69e1358f94b52?s=96&d=mm&r=g","url":"https:\/\/secure.gravatar.com\/avatar\/fd2acc62ed50732923d1d39c17172c9b04149f142be92310ecc69e1358f94b52?s=96&d=mm&r=g","contentUrl":"https:\/\/secure.gravatar.com\/avatar\/fd2acc62ed50732923d1d39c17172c9b04149f142be92310ecc69e1358f94b52?s=96&d=mm&r=g","caption":"Med Ahmed"},"url":"https:\/\/lequotidien.mr\/?author=12"}]}},"_links":{"self":[{"href":"https:\/\/lequotidien.mr\/index.php?rest_route=\/wp\/v2\/posts\/25326","targetHints":{"allow":["GET"]}}],"collection":[{"href":"https:\/\/lequotidien.mr\/index.php?rest_route=\/wp\/v2\/posts"}],"about":[{"href":"https:\/\/lequotidien.mr\/index.php?rest_route=\/wp\/v2\/types\/post"}],"author":[{"embeddable":true,"href":"https:\/\/lequotidien.mr\/index.php?rest_route=\/wp\/v2\/users\/12"}],"replies":[{"embeddable":true,"href":"https:\/\/lequotidien.mr\/index.php?rest_route=%2Fwp%2Fv2%2Fcomments&post=25326"}],"version-history":[{"count":1,"href":"https:\/\/lequotidien.mr\/index.php?rest_route=\/wp\/v2\/posts\/25326\/revisions"}],"predecessor-version":[{"id":25328,"href":"https:\/\/lequotidien.mr\/index.php?rest_route=\/wp\/v2\/posts\/25326\/revisions\/25328"}],"wp:featuredmedia":[{"embeddable":true,"href":"https:\/\/lequotidien.mr\/index.php?rest_route=\/wp\/v2\/media\/25327"}],"wp:attachment":[{"href":"https:\/\/lequotidien.mr\/index.php?rest_route=%2Fwp%2Fv2%2Fmedia&parent=25326"}],"wp:term":[{"taxonomy":"category","embeddable":true,"href":"https:\/\/lequotidien.mr\/index.php?rest_route=%2Fwp%2Fv2%2Fcategories&post=25326"},{"taxonomy":"post_tag","embeddable":true,"href":"https:\/\/lequotidien.mr\/index.php?rest_route=%2Fwp%2Fv2%2Ftags&post=25326"}],"curies":[{"name":"wp","href":"https:\/\/api.w.org\/{rel}","templated":true}]}}