{"id":25241,"date":"2025-02-07T10:08:58","date_gmt":"2025-02-07T10:08:58","guid":{"rendered":"https:\/\/lequotidien.mr\/?p=25241"},"modified":"2025-02-07T10:14:10","modified_gmt":"2025-02-07T10:14:10","slug":"participation-du-president-de-lassemblee-nationale-a-la-reunion-des-etats-africains-atlantiques-a-rabat","status":"publish","type":"post","link":"https:\/\/lequotidien.mr\/?p=25241&lang=fr","title":{"rendered":"Participation du pr\u00e9sident de l\u2019Assembl\u00e9e nationale \u00e0 la r\u00e9union des \u00c9tats africains atlantiques \u00e0 Rabat"},"content":{"rendered":"<p>Jeudi dernier, le pr\u00e9sident de l\u2019Assembl\u00e9e nationale de Mauritanie, <strong>M. Mohamed Bamba Meguett<\/strong>, a pris part \u00e0 la r\u00e9union des pr\u00e9sidents des parlements des \u00c9tats africains atlantiques, tenue dans la capitale marocaine, Rabat. Cet \u00e9v\u00e9nement a rassembl\u00e9 des leaders parlementaires de la r\u00e9gion pour discuter des opportunit\u00e9s de coop\u00e9ration et des d\u00e9fis communs li\u00e9s \u00e0 l\u2019oc\u00e9an Atlantique.<\/p>\n<p><strong>Un discours ax\u00e9 sur la paix, la s\u00e9curit\u00e9 et la coop\u00e9ration<\/strong><\/p>\n<p>Dans son allocution, M. Mohamed Bamba Meguett a salu\u00e9 cette initiative parlementaire, qu\u2019il a qualifi\u00e9e d\u2019importante pour promouvoir la mobilisation et l\u2019unit\u00e9 des efforts entre les pays africains riverains de l\u2019Atlantique. Il a mis en exergue la n\u00e9cessit\u00e9 de travailler collectivement pour garantir la paix, la s\u00e9curit\u00e9 et la coop\u00e9ration dans la r\u00e9gion.<\/p>\n<p><em>\u00ab L\u2019oc\u00e9an Atlantique n\u2019est pas seulement une voie d\u2019eau strat\u00e9gique reliant les continents, mais \u00e9galement une art\u00e8re vitale, dot\u00e9e d\u2019un potentiel immense pour le d\u00e9veloppement \u00e9conomique et l\u2019int\u00e9gration r\u00e9gionale \u00bb<\/em><strong>,<\/strong> a-t-il d\u00e9clar\u00e9.<\/p>\n<p>Le pr\u00e9sident de l\u2019Assembl\u00e9e nationale a insist\u00e9 sur l\u2019importance d\u2019une exploitation optimale de cette ressource naturelle afin qu\u2019elle serve les int\u00e9r\u00eats des peuples des pays atlantiques africains.<\/p>\n<p><strong>Renforcer l\u2019int\u00e9gration r\u00e9gionale<\/strong><\/p>\n<p>Cette r\u00e9union a \u00e9galement permis aux pr\u00e9sidents des parlements pr\u00e9sents d\u2019\u00e9changer sur des sujets d\u2019int\u00e9r\u00eat commun, notamment la lutte contre les d\u00e9fis s\u00e9curitaires, le d\u00e9veloppement durable, et l\u2019exploitation \u00e9quitable des ressources marines et c\u00f4ti\u00e8res.<\/p>\n<p>En participant \u00e0 cet \u00e9v\u00e9nement, la Mauritanie r\u00e9affirme son engagement \u00e0 jouer un r\u00f4le actif dans les initiatives r\u00e9gionales et internationales visant \u00e0 renforcer la coop\u00e9ration entre les pays africains riverains de l\u2019Atlantique.<\/p>\n<p><strong>Une vision partag\u00e9e pour l\u2019avenir<\/strong><\/p>\n<p>Les discussions \u00e0 Rabat ont jet\u00e9 les bases d\u2019un cadre de collaboration entre les pays africains atlantiques, avec une attention particuli\u00e8re port\u00e9e sur la s\u00e9curit\u00e9 maritime, la promotion des \u00e9changes \u00e9conomiques et le renforcement des relations parlementaires.<\/p>\n<p>La r\u00e9union a marqu\u00e9 un pas en avant dans la coordination des efforts pour exploiter pleinement le potentiel de l\u2019oc\u00e9an Atlantique au profit des populations africaines, tout en pr\u00e9servant ses ressources pour les g\u00e9n\u00e9rations futures.<\/p>\n","protected":false},"excerpt":{"rendered":"<p>Jeudi dernier, le pr\u00e9sident de l\u2019Assembl\u00e9e nationale de Mauritanie, M. Mohamed Bamba Meguett, a pris part \u00e0 la r\u00e9union des pr\u00e9sidents des parlements des \u00c9tats africains atlantiques, tenue dans la capitale marocaine, Rabat. Cet \u00e9v\u00e9nement a rassembl\u00e9 des leaders parlementaires de la r\u00e9gion pour discuter des opportunit\u00e9s de coop\u00e9ration et des d\u00e9fis communs li\u00e9s \u00e0&#8230;..<\/p>\n","protected":false},"author":12,"featured_media":25245,"comment_status":"open","ping_status":"open","sticky":false,"template":"","format":"standard","meta":{"footnotes":""},"categories":[23,49],"tags":[],"class_list":["post-25241","post","type-post","status-publish","format-standard","has-post-thumbnail","hentry","category-actualite","category-economie"],"yoast_head":"<!-- This site is optimized with the Yoast SEO plugin v27.5 - https:\/\/yoast.com\/product\/yoast-seo-wordpress\/ -->\n<title>Participation du pr\u00e9sident de l\u2019Assembl\u00e9e nationale \u00e0 la r\u00e9union des \u00c9tats africains atlantiques \u00e0 Rabat - Le Quotidien de Nouakchott<\/title>\n<meta name=\"robots\" content=\"index, follow, max-snippet:-1, max-image-preview:large, max-video-preview:-1\" \/>\n<link rel=\"canonical\" href=\"https:\/\/lequotidien.mr\/?p=25241&lang=fr\" \/>\n<meta property=\"og:locale\" content=\"ar_AR\" \/>\n<meta property=\"og:type\" content=\"article\" \/>\n<meta property=\"og:title\" content=\"Participation du pr\u00e9sident de l\u2019Assembl\u00e9e nationale \u00e0 la r\u00e9union des \u00c9tats africains atlantiques \u00e0 Rabat - Le Quotidien de Nouakchott\" \/>\n<meta property=\"og:description\" content=\"Jeudi dernier, le pr\u00e9sident de l\u2019Assembl\u00e9e nationale de Mauritanie, M. Mohamed Bamba Meguett, a pris part \u00e0 la r\u00e9union des pr\u00e9sidents des parlements des \u00c9tats africains atlantiques, tenue dans la capitale marocaine, Rabat. Cet \u00e9v\u00e9nement a rassembl\u00e9 des leaders parlementaires de la r\u00e9gion pour discuter des opportunit\u00e9s de coop\u00e9ration et des d\u00e9fis communs li\u00e9s \u00e0.....\" \/>\n<meta property=\"og:url\" content=\"https:\/\/lequotidien.mr\/?p=25241&amp;lang=fr\" \/>\n<meta property=\"og:site_name\" content=\"Le Quotidien de Nouakchott\" \/>\n<meta property=\"article:publisher\" content=\"https:\/\/web.facebook.com\/lequotidienmr\" \/>\n<meta property=\"article:published_time\" content=\"2025-02-07T10:08:58+00:00\" \/>\n<meta property=\"article:modified_time\" content=\"2025-02-07T10:14:10+00:00\" \/>\n<meta property=\"og:image\" content=\"https:\/\/lequotidien.mr\/wp-content\/uploads\/2025\/02\/photo-Pdt-AN-Rabat-1.jpg\" \/>\n\t<meta property=\"og:image:width\" content=\"640\" \/>\n\t<meta property=\"og:image:height\" content=\"362\" \/>\n\t<meta property=\"og:image:type\" content=\"image\/jpeg\" \/>\n<meta name=\"author\" content=\"Med Ahmed\" \/>\n<meta name=\"twitter:card\" content=\"summary_large_image\" \/>\n<meta name=\"twitter:creator\" content=\"@lequotidienmr\" \/>\n<meta name=\"twitter:site\" content=\"@lequotidienmr\" \/>\n<meta name=\"twitter:label1\" content=\"\u0643\u064f\u062a\u0628 \u0628\u0648\u0627\u0633\u0637\u0629\" \/>\n\t<meta name=\"twitter:data1\" content=\"Med Ahmed\" \/>\n\t<meta name=\"twitter:label2\" content=\"\u0648\u0642\u062a \u0627\u0644\u0642\u0631\u0627\u0621\u0629 \u0627\u0644\u0645\u064f\u0642\u062f\u0651\u0631\" \/>\n\t<meta name=\"twitter:data2\" content=\"\u062f\u0642\u064a\u0642\u062a\u0627\u0646\" \/>\n<script type=\"application\/ld+json\" class=\"yoast-schema-graph\">{\"@context\":\"https:\\\/\\\/schema.org\",\"@graph\":[{\"@type\":\"Article\",\"@id\":\"https:\\\/\\\/lequotidien.mr\\\/?p=25241&lang=fr#article\",\"isPartOf\":{\"@id\":\"https:\\\/\\\/lequotidien.mr\\\/?p=25241&lang=fr\"},\"author\":{\"name\":\"Med Ahmed\",\"@id\":\"https:\\\/\\\/lequotidien.mr\\\/#\\\/schema\\\/person\\\/d2d350202a4d599685ed8abc25f97596\"},\"headline\":\"Participation du pr\u00e9sident de l\u2019Assembl\u00e9e nationale \u00e0 la r\u00e9union des \u00c9tats africains atlantiques \u00e0 Rabat\",\"datePublished\":\"2025-02-07T10:08:58+00:00\",\"dateModified\":\"2025-02-07T10:14:10+00:00\",\"mainEntityOfPage\":{\"@id\":\"https:\\\/\\\/lequotidien.mr\\\/?p=25241&lang=fr\"},\"wordCount\":415,\"commentCount\":0,\"publisher\":{\"@id\":\"https:\\\/\\\/lequotidien.mr\\\/#organization\"},\"image\":{\"@id\":\"https:\\\/\\\/lequotidien.mr\\\/?p=25241&lang=fr#primaryimage\"},\"thumbnailUrl\":\"https:\\\/\\\/lequotidien.mr\\\/wp-content\\\/uploads\\\/2025\\\/02\\\/photo-Pdt-AN-Rabat-1.jpg\",\"articleSection\":[\"ACTUALIT\u00c9\",\"Economie\"],\"inLanguage\":\"ar\",\"potentialAction\":[{\"@type\":\"CommentAction\",\"name\":\"Comment\",\"target\":[\"https:\\\/\\\/lequotidien.mr\\\/?p=25241&lang=fr#respond\"]}]},{\"@type\":\"WebPage\",\"@id\":\"https:\\\/\\\/lequotidien.mr\\\/?p=25241&lang=fr\",\"url\":\"https:\\\/\\\/lequotidien.mr\\\/?p=25241&lang=fr\",\"name\":\"Participation du pr\u00e9sident de l\u2019Assembl\u00e9e nationale \u00e0 la r\u00e9union des \u00c9tats africains atlantiques \u00e0 Rabat - Le Quotidien de Nouakchott\",\"isPartOf\":{\"@id\":\"https:\\\/\\\/lequotidien.mr\\\/#website\"},\"primaryImageOfPage\":{\"@id\":\"https:\\\/\\\/lequotidien.mr\\\/?p=25241&lang=fr#primaryimage\"},\"image\":{\"@id\":\"https:\\\/\\\/lequotidien.mr\\\/?p=25241&lang=fr#primaryimage\"},\"thumbnailUrl\":\"https:\\\/\\\/lequotidien.mr\\\/wp-content\\\/uploads\\\/2025\\\/02\\\/photo-Pdt-AN-Rabat-1.jpg\",\"datePublished\":\"2025-02-07T10:08:58+00:00\",\"dateModified\":\"2025-02-07T10:14:10+00:00\",\"breadcrumb\":{\"@id\":\"https:\\\/\\\/lequotidien.mr\\\/?p=25241&lang=fr#breadcrumb\"},\"inLanguage\":\"ar\",\"potentialAction\":[{\"@type\":\"ReadAction\",\"target\":[\"https:\\\/\\\/lequotidien.mr\\\/?p=25241&lang=fr\"]}]},{\"@type\":\"ImageObject\",\"inLanguage\":\"ar\",\"@id\":\"https:\\\/\\\/lequotidien.mr\\\/?p=25241&lang=fr#primaryimage\",\"url\":\"https:\\\/\\\/lequotidien.mr\\\/wp-content\\\/uploads\\\/2025\\\/02\\\/photo-Pdt-AN-Rabat-1.jpg\",\"contentUrl\":\"https:\\\/\\\/lequotidien.mr\\\/wp-content\\\/uploads\\\/2025\\\/02\\\/photo-Pdt-AN-Rabat-1.jpg\",\"width\":640,\"height\":362},{\"@type\":\"BreadcrumbList\",\"@id\":\"https:\\\/\\\/lequotidien.mr\\\/?p=25241&lang=fr#breadcrumb\",\"itemListElement\":[{\"@type\":\"ListItem\",\"position\":1,\"name\":\"Home\",\"item\":\"https:\\\/\\\/lequotidien.mr\\\/\"},{\"@type\":\"ListItem\",\"position\":2,\"name\":\"Participation du pr\u00e9sident de l\u2019Assembl\u00e9e nationale \u00e0 la r\u00e9union des \u00c9tats africains atlantiques \u00e0 Rabat\"}]},{\"@type\":\"WebSite\",\"@id\":\"https:\\\/\\\/lequotidien.mr\\\/#website\",\"url\":\"https:\\\/\\\/lequotidien.mr\\\/\",\"name\":\"Le Quotidien de Nouakchott\",\"description\":\"\u0625\u062e\u0628\u0627\u0631\u064a\u0629 \u0645\u0633\u062a\u0642\u0644\u0629 \u0644\u0644\u0623\u0646\u0628\u0627\u0621 \u0627\u0644\u0639\u0627\u0645\u0629\",\"publisher\":{\"@id\":\"https:\\\/\\\/lequotidien.mr\\\/#organization\"},\"potentialAction\":[{\"@type\":\"SearchAction\",\"target\":{\"@type\":\"EntryPoint\",\"urlTemplate\":\"https:\\\/\\\/lequotidien.mr\\\/?s={search_term_string}\"},\"query-input\":{\"@type\":\"PropertyValueSpecification\",\"valueRequired\":true,\"valueName\":\"search_term_string\"}}],\"inLanguage\":\"ar\"},{\"@type\":\"Organization\",\"@id\":\"https:\\\/\\\/lequotidien.mr\\\/#organization\",\"name\":\"Le Quotidien de Nouakchott\",\"url\":\"https:\\\/\\\/lequotidien.mr\\\/\",\"logo\":{\"@type\":\"ImageObject\",\"inLanguage\":\"ar\",\"@id\":\"https:\\\/\\\/lequotidien.mr\\\/#\\\/schema\\\/logo\\\/image\\\/\",\"url\":\"https:\\\/\\\/lequotidien.mr\\\/wp-content\\\/uploads\\\/2022\\\/11\\\/logolequotidien.jpg\",\"contentUrl\":\"https:\\\/\\\/lequotidien.mr\\\/wp-content\\\/uploads\\\/2022\\\/11\\\/logolequotidien.jpg\",\"width\":290,\"height\":65,\"caption\":\"Le Quotidien de Nouakchott\"},\"image\":{\"@id\":\"https:\\\/\\\/lequotidien.mr\\\/#\\\/schema\\\/logo\\\/image\\\/\"},\"sameAs\":[\"https:\\\/\\\/web.facebook.com\\\/lequotidienmr\",\"https:\\\/\\\/x.com\\\/lequotidienmr\"]},{\"@type\":\"Person\",\"@id\":\"https:\\\/\\\/lequotidien.mr\\\/#\\\/schema\\\/person\\\/d2d350202a4d599685ed8abc25f97596\",\"name\":\"Med Ahmed\",\"image\":{\"@type\":\"ImageObject\",\"inLanguage\":\"ar\",\"@id\":\"https:\\\/\\\/secure.gravatar.com\\\/avatar\\\/fd2acc62ed50732923d1d39c17172c9b04149f142be92310ecc69e1358f94b52?s=96&d=mm&r=g\",\"url\":\"https:\\\/\\\/secure.gravatar.com\\\/avatar\\\/fd2acc62ed50732923d1d39c17172c9b04149f142be92310ecc69e1358f94b52?s=96&d=mm&r=g\",\"contentUrl\":\"https:\\\/\\\/secure.gravatar.com\\\/avatar\\\/fd2acc62ed50732923d1d39c17172c9b04149f142be92310ecc69e1358f94b52?s=96&d=mm&r=g\",\"caption\":\"Med Ahmed\"},\"url\":\"https:\\\/\\\/lequotidien.mr\\\/?author=12\"}]}<\/script>\n<!-- \/ Yoast SEO plugin. -->","yoast_head_json":{"title":"Participation du pr\u00e9sident de l\u2019Assembl\u00e9e nationale \u00e0 la r\u00e9union des \u00c9tats africains atlantiques \u00e0 Rabat - Le Quotidien de Nouakchott","robots":{"index":"index","follow":"follow","max-snippet":"max-snippet:-1","max-image-preview":"max-image-preview:large","max-video-preview":"max-video-preview:-1"},"canonical":"https:\/\/lequotidien.mr\/?p=25241&lang=fr","og_locale":"ar_AR","og_type":"article","og_title":"Participation du pr\u00e9sident de l\u2019Assembl\u00e9e nationale \u00e0 la r\u00e9union des \u00c9tats africains atlantiques \u00e0 Rabat - Le Quotidien de Nouakchott","og_description":"Jeudi dernier, le pr\u00e9sident de l\u2019Assembl\u00e9e nationale de Mauritanie, M. Mohamed Bamba Meguett, a pris part \u00e0 la r\u00e9union des pr\u00e9sidents des parlements des \u00c9tats africains atlantiques, tenue dans la capitale marocaine, Rabat. Cet \u00e9v\u00e9nement a rassembl\u00e9 des leaders parlementaires de la r\u00e9gion pour discuter des opportunit\u00e9s de coop\u00e9ration et des d\u00e9fis communs li\u00e9s \u00e0.....","og_url":"https:\/\/lequotidien.mr\/?p=25241&lang=fr","og_site_name":"Le Quotidien de Nouakchott","article_publisher":"https:\/\/web.facebook.com\/lequotidienmr","article_published_time":"2025-02-07T10:08:58+00:00","article_modified_time":"2025-02-07T10:14:10+00:00","og_image":[{"width":640,"height":362,"url":"https:\/\/lequotidien.mr\/wp-content\/uploads\/2025\/02\/photo-Pdt-AN-Rabat-1.jpg","type":"image\/jpeg"}],"author":"Med Ahmed","twitter_card":"summary_large_image","twitter_creator":"@lequotidienmr","twitter_site":"@lequotidienmr","twitter_misc":{"\u0643\u064f\u062a\u0628 \u0628\u0648\u0627\u0633\u0637\u0629":"Med Ahmed","\u0648\u0642\u062a \u0627\u0644\u0642\u0631\u0627\u0621\u0629 \u0627\u0644\u0645\u064f\u0642\u062f\u0651\u0631":"\u062f\u0642\u064a\u0642\u062a\u0627\u0646"},"schema":{"@context":"https:\/\/schema.org","@graph":[{"@type":"Article","@id":"https:\/\/lequotidien.mr\/?p=25241&lang=fr#article","isPartOf":{"@id":"https:\/\/lequotidien.mr\/?p=25241&lang=fr"},"author":{"name":"Med Ahmed","@id":"https:\/\/lequotidien.mr\/#\/schema\/person\/d2d350202a4d599685ed8abc25f97596"},"headline":"Participation du pr\u00e9sident de l\u2019Assembl\u00e9e nationale \u00e0 la r\u00e9union des \u00c9tats africains atlantiques \u00e0 Rabat","datePublished":"2025-02-07T10:08:58+00:00","dateModified":"2025-02-07T10:14:10+00:00","mainEntityOfPage":{"@id":"https:\/\/lequotidien.mr\/?p=25241&lang=fr"},"wordCount":415,"commentCount":0,"publisher":{"@id":"https:\/\/lequotidien.mr\/#organization"},"image":{"@id":"https:\/\/lequotidien.mr\/?p=25241&lang=fr#primaryimage"},"thumbnailUrl":"https:\/\/lequotidien.mr\/wp-content\/uploads\/2025\/02\/photo-Pdt-AN-Rabat-1.jpg","articleSection":["ACTUALIT\u00c9","Economie"],"inLanguage":"ar","potentialAction":[{"@type":"CommentAction","name":"Comment","target":["https:\/\/lequotidien.mr\/?p=25241&lang=fr#respond"]}]},{"@type":"WebPage","@id":"https:\/\/lequotidien.mr\/?p=25241&lang=fr","url":"https:\/\/lequotidien.mr\/?p=25241&lang=fr","name":"Participation du pr\u00e9sident de l\u2019Assembl\u00e9e nationale \u00e0 la r\u00e9union des \u00c9tats africains atlantiques \u00e0 Rabat - Le Quotidien de Nouakchott","isPartOf":{"@id":"https:\/\/lequotidien.mr\/#website"},"primaryImageOfPage":{"@id":"https:\/\/lequotidien.mr\/?p=25241&lang=fr#primaryimage"},"image":{"@id":"https:\/\/lequotidien.mr\/?p=25241&lang=fr#primaryimage"},"thumbnailUrl":"https:\/\/lequotidien.mr\/wp-content\/uploads\/2025\/02\/photo-Pdt-AN-Rabat-1.jpg","datePublished":"2025-02-07T10:08:58+00:00","dateModified":"2025-02-07T10:14:10+00:00","breadcrumb":{"@id":"https:\/\/lequotidien.mr\/?p=25241&lang=fr#breadcrumb"},"inLanguage":"ar","potentialAction":[{"@type":"ReadAction","target":["https:\/\/lequotidien.mr\/?p=25241&lang=fr"]}]},{"@type":"ImageObject","inLanguage":"ar","@id":"https:\/\/lequotidien.mr\/?p=25241&lang=fr#primaryimage","url":"https:\/\/lequotidien.mr\/wp-content\/uploads\/2025\/02\/photo-Pdt-AN-Rabat-1.jpg","contentUrl":"https:\/\/lequotidien.mr\/wp-content\/uploads\/2025\/02\/photo-Pdt-AN-Rabat-1.jpg","width":640,"height":362},{"@type":"BreadcrumbList","@id":"https:\/\/lequotidien.mr\/?p=25241&lang=fr#breadcrumb","itemListElement":[{"@type":"ListItem","position":1,"name":"Home","item":"https:\/\/lequotidien.mr\/"},{"@type":"ListItem","position":2,"name":"Participation du pr\u00e9sident de l\u2019Assembl\u00e9e nationale \u00e0 la r\u00e9union des \u00c9tats africains atlantiques \u00e0 Rabat"}]},{"@type":"WebSite","@id":"https:\/\/lequotidien.mr\/#website","url":"https:\/\/lequotidien.mr\/","name":"Le Quotidien de Nouakchott","description":"\u0625\u062e\u0628\u0627\u0631\u064a\u0629 \u0645\u0633\u062a\u0642\u0644\u0629 \u0644\u0644\u0623\u0646\u0628\u0627\u0621 \u0627\u0644\u0639\u0627\u0645\u0629","publisher":{"@id":"https:\/\/lequotidien.mr\/#organization"},"potentialAction":[{"@type":"SearchAction","target":{"@type":"EntryPoint","urlTemplate":"https:\/\/lequotidien.mr\/?s={search_term_string}"},"query-input":{"@type":"PropertyValueSpecification","valueRequired":true,"valueName":"search_term_string"}}],"inLanguage":"ar"},{"@type":"Organization","@id":"https:\/\/lequotidien.mr\/#organization","name":"Le Quotidien de Nouakchott","url":"https:\/\/lequotidien.mr\/","logo":{"@type":"ImageObject","inLanguage":"ar","@id":"https:\/\/lequotidien.mr\/#\/schema\/logo\/image\/","url":"https:\/\/lequotidien.mr\/wp-content\/uploads\/2022\/11\/logolequotidien.jpg","contentUrl":"https:\/\/lequotidien.mr\/wp-content\/uploads\/2022\/11\/logolequotidien.jpg","width":290,"height":65,"caption":"Le Quotidien de Nouakchott"},"image":{"@id":"https:\/\/lequotidien.mr\/#\/schema\/logo\/image\/"},"sameAs":["https:\/\/web.facebook.com\/lequotidienmr","https:\/\/x.com\/lequotidienmr"]},{"@type":"Person","@id":"https:\/\/lequotidien.mr\/#\/schema\/person\/d2d350202a4d599685ed8abc25f97596","name":"Med Ahmed","image":{"@type":"ImageObject","inLanguage":"ar","@id":"https:\/\/secure.gravatar.com\/avatar\/fd2acc62ed50732923d1d39c17172c9b04149f142be92310ecc69e1358f94b52?s=96&d=mm&r=g","url":"https:\/\/secure.gravatar.com\/avatar\/fd2acc62ed50732923d1d39c17172c9b04149f142be92310ecc69e1358f94b52?s=96&d=mm&r=g","contentUrl":"https:\/\/secure.gravatar.com\/avatar\/fd2acc62ed50732923d1d39c17172c9b04149f142be92310ecc69e1358f94b52?s=96&d=mm&r=g","caption":"Med Ahmed"},"url":"https:\/\/lequotidien.mr\/?author=12"}]}},"_links":{"self":[{"href":"https:\/\/lequotidien.mr\/index.php?rest_route=\/wp\/v2\/posts\/25241","targetHints":{"allow":["GET"]}}],"collection":[{"href":"https:\/\/lequotidien.mr\/index.php?rest_route=\/wp\/v2\/posts"}],"about":[{"href":"https:\/\/lequotidien.mr\/index.php?rest_route=\/wp\/v2\/types\/post"}],"author":[{"embeddable":true,"href":"https:\/\/lequotidien.mr\/index.php?rest_route=\/wp\/v2\/users\/12"}],"replies":[{"embeddable":true,"href":"https:\/\/lequotidien.mr\/index.php?rest_route=%2Fwp%2Fv2%2Fcomments&post=25241"}],"version-history":[{"count":1,"href":"https:\/\/lequotidien.mr\/index.php?rest_route=\/wp\/v2\/posts\/25241\/revisions"}],"predecessor-version":[{"id":25243,"href":"https:\/\/lequotidien.mr\/index.php?rest_route=\/wp\/v2\/posts\/25241\/revisions\/25243"}],"wp:featuredmedia":[{"embeddable":true,"href":"https:\/\/lequotidien.mr\/index.php?rest_route=\/wp\/v2\/media\/25245"}],"wp:attachment":[{"href":"https:\/\/lequotidien.mr\/index.php?rest_route=%2Fwp%2Fv2%2Fmedia&parent=25241"}],"wp:term":[{"taxonomy":"category","embeddable":true,"href":"https:\/\/lequotidien.mr\/index.php?rest_route=%2Fwp%2Fv2%2Fcategories&post=25241"},{"taxonomy":"post_tag","embeddable":true,"href":"https:\/\/lequotidien.mr\/index.php?rest_route=%2Fwp%2Fv2%2Ftags&post=25241"}],"curies":[{"name":"wp","href":"https:\/\/api.w.org\/{rel}","templated":true}]}}