{"id":2524,"date":"2022-12-29T13:33:10","date_gmt":"2022-12-29T13:33:10","guid":{"rendered":"https:\/\/lequotidien.mr\/?p=2524"},"modified":"2022-12-29T13:33:10","modified_gmt":"2022-12-29T13:33:10","slug":"ministre-des-peches-nous-allons-reduire-la-pression-fiscale-sur-les-acteurs-du-secteur-des-peches","status":"publish","type":"post","link":"https:\/\/lequotidien.mr\/?p=2524&lang=fr","title":{"rendered":"Ministre des P\u00eaches : Nous allons r\u00e9duire la pression fiscale sur les acteurs du secteur des P\u00eaches"},"content":{"rendered":"<p>AMI &#8211; Des membres du gouvernement ont comment\u00e9, mercredi soir, les r\u00e9sultats du conseil des ministres qui s\u2019est d\u00e9roul\u00e9 dans la matin\u00e9e.<\/p>\n<p>Il s\u2019agit des ministres de l\u2019Equipement et des Transports, porte-parole du gouvernement, M. Nany Chrougha, des P\u00eaches et de l\u2019Economie Maritime, M. Mohamed Ould Abidine Ould Maayif, de l\u2019Environnement et du D\u00e9veloppement durable, Mme Lalya Kamara.<\/p>\n<p>Le porte-parole du gouvernement a indiqu\u00e9 que le conseil a examin\u00e9 et adopt\u00e9 plusieurs projets de lois, de d\u00e9crets, dont ceux relatifs aux taxes sur les produits de p\u00eaches et la r\u00e8glementation de la chasse en Mauritanie.<\/p>\n<p>Il a ensuite invit\u00e9 les deux ministres concern\u00e9s \u00e0 apporter davantage de d\u00e9tails. Prenant la parole le premier, le ministre des P\u00eaches, a indiqu\u00e9 que les deux projets de d\u00e9crets qu\u2019il a pr\u00e9sent\u00e9s au conseil du ministre visent \u00e0 all\u00e9ger la pression fiscale sur le secteur.<\/p>\n<p>Il a d\u00e9clar\u00e9 que la pression \u00e9tait plus importante en Mauritanie en comparaison avec les pays de la sous-r\u00e9gion. L\u2019effort consenti par le gouvernement concerne l\u2019acc\u00e8s aux ressources maritimes ainsi que les quantit\u00e9s de produits d\u00e9barqu\u00e9es au sol, qu\u2019elles soient transform\u00e9s ou pas. Ceux sont seront tax\u00e9s \u00e0 hauteur de 2%.<\/p>\n<p>Pour ce qui est des quantit\u00e9s destin\u00e9es au march\u00e9 national, une baisse de 67% des taxes sera appliqu\u00e9e. Pour les autres quantit\u00e9s qui vont \u00eatre stock\u00e9s ou export\u00e9es, la baisse sera de 50%. Le ministre des P\u00eaches a annonc\u00e9 que ces nouvelles mesures seront effectives d\u00e8s le mois de janvier 2023.<\/p>\n<p>Il est question d\u2019apr\u00e8s le ministre, d\u2019une manifestation de la volont\u00e9 de l\u2019Etat de soutenir le secteur de la p\u00eache, afin qu\u2019il continue de jouer un r\u00f4le majeur dans le d\u00e9veloppement \u00e9conomique et social du pays.<\/p>\n<p>Par ailleurs, le ministre des p\u00eaches a d\u00e9clar\u00e9 en r\u00e9ponse \u00e0 une question, que les pirogues CNM destin\u00e9es \u00e0 la p\u00eache c\u00f4ti\u00e8re, sont autoris\u00e9es par la loi \u00e0 entrer dans la zone de la p\u00eache artisanale. Il aussi d\u00e9clar\u00e9 que le march\u00e9 est approvisionn\u00e9 correctement et les prix sont convenables. Le ministre a rappel\u00e9 que des dispositions ont \u00e9t\u00e9 prises pour l\u2019acc\u00e8s au poisson \u00e0 des prix symboliques ou subventions par l\u2019Etat.<\/p>\n<p>S\u2019agissant de la p\u00eache fluviale, le ministre a indiqu\u00e9 que l\u2019agence pour le d\u00e9veloppement de la p\u00eache et de la pisciculture continentales (dont fait partie celle fluviale), a \u00e9t\u00e9 cr\u00e9\u00e9e \u00e0 la suite de la visite du Pr\u00e9sident de la R\u00e9publique, M. Mohamed Ould Cheikh El Ghazouani \u00e0 Tamchakett le 21 juillet 2022.<\/p>\n<p>Le travail a d\u2019ores et d\u00e9j\u00e0 commenc\u00e9, notamment la formation des acteurs locaux. A travers l\u2019agence, la p\u00eache fluviale et celle au niveau des barrages tel que Foum Gleita, vont augmenter le revenu des populations locales. D\u2019apr\u00e8s le ministre, ce type d\u2019activit\u00e9 vient en compl\u00e9ment avec celles d\u00e9j\u00e0 existantes sur place (agriculture et \u00e9levage).<\/p>\n<p>De son c\u00f4t\u00e9, la ministre de l\u2019Environnement est revenu sur le projet de d\u00e9cret relatif \u00e0 l\u2019application de la loi sur la chasse et la gestion de la faune. La traque et l\u2019abatage continu d\u2019animaux sauvages dans notre pays, notamment certaines esp\u00e8ces prot\u00e9g\u00e9es en voie de disparition.<\/p>\n<p>A cela s\u2019ajoute le d\u00e9frichement, la coupe des arbres, les feux de brousse et la destruction des habitats, combin\u00e9s avec les effets du changement climatique ont atteint des proportions telles que l\u2019\u00e9quilibre \u00e9cologique de l\u2019\u00e9cosyst\u00e8me est particuli\u00e8rement menac\u00e9, note la ministre.<\/p>\n<p>D\u2019apr\u00e8s elle, le d\u00e9cret vient donc r\u00e9guler la chasse mais aussi permet le d\u00e9veloppement et la r\u00e9g\u00e9n\u00e9ration de notre patrimoine faunistique.<\/p>\n<p>Ledit d\u00e9cret est compos\u00e9 de 3 parties. La premi\u00e8re traite des conditions d\u2019exercice de la chasse elle pr\u00e9voit les diff\u00e9rents types de permis de chasse autoris\u00e9s. L\u2019obtention d\u2019un permis de chasse ou d\u2019une licence ob\u00e9it \u00e0 des modalit\u00e9s strictes qui sont limitativement \u00e9num\u00e9r\u00e9s dans le d\u00e9cret, a d\u00e9clar\u00e9 la ministre. De plus, les licences sont assorties de cahiers de charge qui garantissent une chasse compatible avec l\u2019\u00e9quilibre des \u00e9cosyst\u00e8mes locaux.<\/p>\n<p>Quant \u00e0 la seconde partie du d\u00e9cret, elle est relative aux associations de chasse et aux zones o\u00f9 il est possible de chasser. Ainsi, les parcs, les fermes et les r\u00e9serves naturelles sont identifi\u00e9s pour permettre un accroissement de la population de la faune et une gestion durable des \u00e9cosyst\u00e8mes, a indiqu\u00e9 la ministre.<\/p>\n<p>Pour ce qui est de la troisi\u00e8me partie, la ministre a soulign\u00e9 qu\u2019elle pr\u00e9voit un plan national pluriannuel de d\u00e9veloppement du patrimoine faunistique. Celui-ci est l\u2019unique cadre de r\u00e9f\u00e9rence en mati\u00e8re d\u2019exploitation de la faune \u00e0 l\u2019\u00e9chelle, communale, r\u00e9gionale et nationale.<\/p>\n<p>C\u2019est ce plan, indique la ministre, qui fixe les modalit\u00e9s d\u2019am\u00e9nagement des zones de chasse, de gestion du patrimoine faunistique dans lequel sont rigoureusement r\u00e9pertori\u00e9s, toutes les esp\u00e8ces de faune, les quotas qui peuvent \u00eatre pr\u00e9lev\u00e9s mais aussi les actions de repeuplement et le d\u00e9veloppement harmonieux de la faune.<\/p>\n<p>R\u00e9pondant \u00e0 certaines questions, la ministre a indiqu\u00e9 que des feux de brousse d\u00e9but novembre ont \u00e9t\u00e9 particuli\u00e8rement constat\u00e9s. Elle d\u00e9clar\u00e9 que tout est mis en \u0153uvre pour contenir les feux de brousse afin de prot\u00e9ger les p\u00e2turages et ainsi mieux g\u00e9rer les p\u00e9riodes de soudure.<\/p>\n<p>Pour ce faire, elle a annonc\u00e9 que le budget pour l\u2019ann\u00e9e 2023 a \u00e9t\u00e9 augment\u00e9 de 50%. Elle a aussi soulign\u00e9 que les brigades sont mobilis\u00e9es aupr\u00e8s des populations, au niveau de toutes les r\u00e9gions. Pour elle, la pr\u00e9vention est plus efficace que toute autre mesure, d\u2019o\u00f9 la volont\u00e9 des autorit\u00e9s de favoriser une collaboration plus efficace avec les organisations locales.<\/p>\n<p>S\u2019agissant de la pollution, notamment celle industrielle, la ministre a d\u00e9clar\u00e9 que depuis trois ans, le d\u00e9partement a mis en place un dispositif qui oblige toutes les nouvelles soci\u00e9t\u00e9s qui s\u2019installent dans le domaine des industries extractives, \u00e0 faire des \u00e9tudes d\u2019impact environnemental, assorties d\u2019un cahier des charges. Pour celles qui sont d\u00e9j\u00e0 \u00e9tablies, la ministre pr\u00e9cise qu\u2019un programme pour les mettre \u00e0 niveau est en cours afin qu\u2019elles suivent le m\u00eame dispositif.<\/p>\n<p>De son c\u00f4t\u00e9, le porte-parole du gouvernement a r\u00e9pondu \u00e0 une question relative \u00e0 la construction de la route Atar-Chinguetti. Il a d\u00e9clar\u00e9 que le processus d\u2019appel d\u2019offres, en deux \u00e9tapes suit son cours. La premi\u00e8re partie concerne les offres techniques des soumissionnaires tandis que la seconde a trait \u00e0 l\u2019aspect financier. Il estime que le processus devrait \u00eatre boucl\u00e9 d\u2019ici deux mois.<\/p>\n<p>En ce qui concerne les visites du Pr\u00e9sident de la R\u00e9publique \u00e0 l\u2019int\u00e9rieur du pays, le porte-parole du gouvernement a rappel\u00e9 qu\u2019ils ont tous pour objectif d\u2019inaugurer des installations, de poser des premi\u00e8res pierres de projets et le lancement de programmes importants au profit des populations.<\/p>\n<p>Maintenant, poursuit le porte-parole, les populations manifestent leur engouement lors de ses visites, estimant que c\u2019est chose normale. Il a d\u2019ailleurs soulign\u00e9 que c\u2019est quelque chose qui se fait m\u00eame dans les plus grandes d\u00e9mocraties.<\/p>\n","protected":false},"excerpt":{"rendered":"<p>AMI &#8211; Des membres du gouvernement ont comment\u00e9, mercredi soir, les r\u00e9sultats du conseil des ministres qui s\u2019est d\u00e9roul\u00e9 dans la matin\u00e9e. Il s\u2019agit des ministres de l\u2019Equipement et des Transports, porte-parole du gouvernement, M. Nany Chrougha, des P\u00eaches et de l\u2019Economie Maritime, M. Mohamed Ould Abidine Ould Maayif, de l\u2019Environnement et du D\u00e9veloppement durable,&#8230;..<\/p>\n","protected":false},"author":5,"featured_media":2525,"comment_status":"open","ping_status":"open","sticky":false,"template":"","format":"standard","meta":{"footnotes":""},"categories":[23,49],"tags":[],"class_list":["post-2524","post","type-post","status-publish","format-standard","has-post-thumbnail","hentry","category-actualite","category-economie"],"yoast_head":"<!-- This site is optimized with the Yoast SEO plugin v27.5 - https:\/\/yoast.com\/product\/yoast-seo-wordpress\/ -->\n<title>Ministre des P\u00eaches : Nous allons r\u00e9duire la pression fiscale sur les acteurs du secteur des P\u00eaches - Le Quotidien de Nouakchott<\/title>\n<meta name=\"robots\" content=\"index, follow, max-snippet:-1, max-image-preview:large, max-video-preview:-1\" \/>\n<link rel=\"canonical\" href=\"https:\/\/lequotidien.mr\/?p=2524&lang=fr\" \/>\n<meta property=\"og:locale\" content=\"ar_AR\" \/>\n<meta property=\"og:type\" content=\"article\" \/>\n<meta property=\"og:title\" content=\"Ministre des P\u00eaches : Nous allons r\u00e9duire la pression fiscale sur les acteurs du secteur des P\u00eaches - Le Quotidien de Nouakchott\" \/>\n<meta property=\"og:description\" content=\"AMI &#8211; Des membres du gouvernement ont comment\u00e9, mercredi soir, les r\u00e9sultats du conseil des ministres qui s\u2019est d\u00e9roul\u00e9 dans la matin\u00e9e. Il s\u2019agit des ministres de l\u2019Equipement et des Transports, porte-parole du gouvernement, M. Nany Chrougha, des P\u00eaches et de l\u2019Economie Maritime, M. Mohamed Ould Abidine Ould Maayif, de l\u2019Environnement et du D\u00e9veloppement durable,.....\" \/>\n<meta property=\"og:url\" content=\"https:\/\/lequotidien.mr\/?p=2524&amp;lang=fr\" \/>\n<meta property=\"og:site_name\" content=\"Le Quotidien de Nouakchott\" \/>\n<meta property=\"article:publisher\" content=\"https:\/\/web.facebook.com\/lequotidienmr\" \/>\n<meta property=\"article:published_time\" content=\"2022-12-29T13:33:10+00:00\" \/>\n<meta property=\"og:image\" content=\"https:\/\/lequotidien.mr\/wp-content\/uploads\/2022\/12\/conf_presse_s0060_750x430.jpg\" \/>\n\t<meta property=\"og:image:width\" content=\"728\" \/>\n\t<meta property=\"og:image:height\" content=\"429\" \/>\n\t<meta property=\"og:image:type\" content=\"image\/jpeg\" \/>\n<meta name=\"author\" content=\"Gayi Diawara\" \/>\n<meta name=\"twitter:card\" content=\"summary_large_image\" \/>\n<meta name=\"twitter:creator\" content=\"@lequotidienmr\" \/>\n<meta name=\"twitter:site\" content=\"@lequotidienmr\" \/>\n<meta name=\"twitter:label1\" content=\"\u0643\u064f\u062a\u0628 \u0628\u0648\u0627\u0633\u0637\u0629\" \/>\n\t<meta name=\"twitter:data1\" content=\"Gayi Diawara\" \/>\n\t<meta name=\"twitter:label2\" content=\"\u0648\u0642\u062a \u0627\u0644\u0642\u0631\u0627\u0621\u0629 \u0627\u0644\u0645\u064f\u0642\u062f\u0651\u0631\" \/>\n\t<meta name=\"twitter:data2\" content=\"5 \u062f\u0642\u0627\u0626\u0642\" \/>\n<script type=\"application\/ld+json\" class=\"yoast-schema-graph\">{\"@context\":\"https:\\\/\\\/schema.org\",\"@graph\":[{\"@type\":\"Article\",\"@id\":\"https:\\\/\\\/lequotidien.mr\\\/?p=2524&lang=fr#article\",\"isPartOf\":{\"@id\":\"https:\\\/\\\/lequotidien.mr\\\/?p=2524&lang=fr\"},\"author\":{\"name\":\"Gayi Diawara\",\"@id\":\"https:\\\/\\\/lequotidien.mr\\\/#\\\/schema\\\/person\\\/1077c8abd5640a6514b909318d271dee\"},\"headline\":\"Ministre des P\u00eaches : Nous allons r\u00e9duire la pression fiscale sur les acteurs du secteur des P\u00eaches\",\"datePublished\":\"2022-12-29T13:33:10+00:00\",\"mainEntityOfPage\":{\"@id\":\"https:\\\/\\\/lequotidien.mr\\\/?p=2524&lang=fr\"},\"wordCount\":1289,\"commentCount\":0,\"publisher\":{\"@id\":\"https:\\\/\\\/lequotidien.mr\\\/#organization\"},\"image\":{\"@id\":\"https:\\\/\\\/lequotidien.mr\\\/?p=2524&lang=fr#primaryimage\"},\"thumbnailUrl\":\"https:\\\/\\\/lequotidien.mr\\\/wp-content\\\/uploads\\\/2022\\\/12\\\/conf_presse_s0060_750x430.jpg\",\"articleSection\":[\"ACTUALIT\u00c9\",\"Economie\"],\"inLanguage\":\"ar\",\"potentialAction\":[{\"@type\":\"CommentAction\",\"name\":\"Comment\",\"target\":[\"https:\\\/\\\/lequotidien.mr\\\/?p=2524&lang=fr#respond\"]}]},{\"@type\":\"WebPage\",\"@id\":\"https:\\\/\\\/lequotidien.mr\\\/?p=2524&lang=fr\",\"url\":\"https:\\\/\\\/lequotidien.mr\\\/?p=2524&lang=fr\",\"name\":\"Ministre des P\u00eaches : Nous allons r\u00e9duire la pression fiscale sur les acteurs du secteur des P\u00eaches - Le Quotidien de Nouakchott\",\"isPartOf\":{\"@id\":\"https:\\\/\\\/lequotidien.mr\\\/#website\"},\"primaryImageOfPage\":{\"@id\":\"https:\\\/\\\/lequotidien.mr\\\/?p=2524&lang=fr#primaryimage\"},\"image\":{\"@id\":\"https:\\\/\\\/lequotidien.mr\\\/?p=2524&lang=fr#primaryimage\"},\"thumbnailUrl\":\"https:\\\/\\\/lequotidien.mr\\\/wp-content\\\/uploads\\\/2022\\\/12\\\/conf_presse_s0060_750x430.jpg\",\"datePublished\":\"2022-12-29T13:33:10+00:00\",\"breadcrumb\":{\"@id\":\"https:\\\/\\\/lequotidien.mr\\\/?p=2524&lang=fr#breadcrumb\"},\"inLanguage\":\"ar\",\"potentialAction\":[{\"@type\":\"ReadAction\",\"target\":[\"https:\\\/\\\/lequotidien.mr\\\/?p=2524&lang=fr\"]}]},{\"@type\":\"ImageObject\",\"inLanguage\":\"ar\",\"@id\":\"https:\\\/\\\/lequotidien.mr\\\/?p=2524&lang=fr#primaryimage\",\"url\":\"https:\\\/\\\/lequotidien.mr\\\/wp-content\\\/uploads\\\/2022\\\/12\\\/conf_presse_s0060_750x430.jpg\",\"contentUrl\":\"https:\\\/\\\/lequotidien.mr\\\/wp-content\\\/uploads\\\/2022\\\/12\\\/conf_presse_s0060_750x430.jpg\",\"width\":728,\"height\":429},{\"@type\":\"BreadcrumbList\",\"@id\":\"https:\\\/\\\/lequotidien.mr\\\/?p=2524&lang=fr#breadcrumb\",\"itemListElement\":[{\"@type\":\"ListItem\",\"position\":1,\"name\":\"Home\",\"item\":\"https:\\\/\\\/lequotidien.mr\\\/\"},{\"@type\":\"ListItem\",\"position\":2,\"name\":\"Ministre des P\u00eaches : Nous allons r\u00e9duire la pression fiscale sur les acteurs du secteur des P\u00eaches\"}]},{\"@type\":\"WebSite\",\"@id\":\"https:\\\/\\\/lequotidien.mr\\\/#website\",\"url\":\"https:\\\/\\\/lequotidien.mr\\\/\",\"name\":\"Le Quotidien de Nouakchott\",\"description\":\"\u0625\u062e\u0628\u0627\u0631\u064a\u0629 \u0645\u0633\u062a\u0642\u0644\u0629 \u0644\u0644\u0623\u0646\u0628\u0627\u0621 \u0627\u0644\u0639\u0627\u0645\u0629\",\"publisher\":{\"@id\":\"https:\\\/\\\/lequotidien.mr\\\/#organization\"},\"potentialAction\":[{\"@type\":\"SearchAction\",\"target\":{\"@type\":\"EntryPoint\",\"urlTemplate\":\"https:\\\/\\\/lequotidien.mr\\\/?s={search_term_string}\"},\"query-input\":{\"@type\":\"PropertyValueSpecification\",\"valueRequired\":true,\"valueName\":\"search_term_string\"}}],\"inLanguage\":\"ar\"},{\"@type\":\"Organization\",\"@id\":\"https:\\\/\\\/lequotidien.mr\\\/#organization\",\"name\":\"Le Quotidien de Nouakchott\",\"url\":\"https:\\\/\\\/lequotidien.mr\\\/\",\"logo\":{\"@type\":\"ImageObject\",\"inLanguage\":\"ar\",\"@id\":\"https:\\\/\\\/lequotidien.mr\\\/#\\\/schema\\\/logo\\\/image\\\/\",\"url\":\"https:\\\/\\\/lequotidien.mr\\\/wp-content\\\/uploads\\\/2022\\\/11\\\/logolequotidien.jpg\",\"contentUrl\":\"https:\\\/\\\/lequotidien.mr\\\/wp-content\\\/uploads\\\/2022\\\/11\\\/logolequotidien.jpg\",\"width\":290,\"height\":65,\"caption\":\"Le Quotidien de Nouakchott\"},\"image\":{\"@id\":\"https:\\\/\\\/lequotidien.mr\\\/#\\\/schema\\\/logo\\\/image\\\/\"},\"sameAs\":[\"https:\\\/\\\/web.facebook.com\\\/lequotidienmr\",\"https:\\\/\\\/x.com\\\/lequotidienmr\"]},{\"@type\":\"Person\",\"@id\":\"https:\\\/\\\/lequotidien.mr\\\/#\\\/schema\\\/person\\\/1077c8abd5640a6514b909318d271dee\",\"name\":\"Gayi Diawara\",\"image\":{\"@type\":\"ImageObject\",\"inLanguage\":\"ar\",\"@id\":\"https:\\\/\\\/secure.gravatar.com\\\/avatar\\\/63ea8db1e19a6d2d608b24c0f78b5f3a7d6e0bc11959fec273410af333e4d0ac?s=96&d=mm&r=g\",\"url\":\"https:\\\/\\\/secure.gravatar.com\\\/avatar\\\/63ea8db1e19a6d2d608b24c0f78b5f3a7d6e0bc11959fec273410af333e4d0ac?s=96&d=mm&r=g\",\"contentUrl\":\"https:\\\/\\\/secure.gravatar.com\\\/avatar\\\/63ea8db1e19a6d2d608b24c0f78b5f3a7d6e0bc11959fec273410af333e4d0ac?s=96&d=mm&r=g\",\"caption\":\"Gayi Diawara\"},\"sameAs\":[\"http:\\\/\\\/lequotidien.mr\"],\"url\":\"https:\\\/\\\/lequotidien.mr\\\/?author=5\"}]}<\/script>\n<!-- \/ Yoast SEO plugin. -->","yoast_head_json":{"title":"Ministre des P\u00eaches : Nous allons r\u00e9duire la pression fiscale sur les acteurs du secteur des P\u00eaches - Le Quotidien de Nouakchott","robots":{"index":"index","follow":"follow","max-snippet":"max-snippet:-1","max-image-preview":"max-image-preview:large","max-video-preview":"max-video-preview:-1"},"canonical":"https:\/\/lequotidien.mr\/?p=2524&lang=fr","og_locale":"ar_AR","og_type":"article","og_title":"Ministre des P\u00eaches : Nous allons r\u00e9duire la pression fiscale sur les acteurs du secteur des P\u00eaches - Le Quotidien de Nouakchott","og_description":"AMI &#8211; Des membres du gouvernement ont comment\u00e9, mercredi soir, les r\u00e9sultats du conseil des ministres qui s\u2019est d\u00e9roul\u00e9 dans la matin\u00e9e. Il s\u2019agit des ministres de l\u2019Equipement et des Transports, porte-parole du gouvernement, M. Nany Chrougha, des P\u00eaches et de l\u2019Economie Maritime, M. Mohamed Ould Abidine Ould Maayif, de l\u2019Environnement et du D\u00e9veloppement durable,.....","og_url":"https:\/\/lequotidien.mr\/?p=2524&lang=fr","og_site_name":"Le Quotidien de Nouakchott","article_publisher":"https:\/\/web.facebook.com\/lequotidienmr","article_published_time":"2022-12-29T13:33:10+00:00","og_image":[{"width":728,"height":429,"url":"https:\/\/lequotidien.mr\/wp-content\/uploads\/2022\/12\/conf_presse_s0060_750x430.jpg","type":"image\/jpeg"}],"author":"Gayi Diawara","twitter_card":"summary_large_image","twitter_creator":"@lequotidienmr","twitter_site":"@lequotidienmr","twitter_misc":{"\u0643\u064f\u062a\u0628 \u0628\u0648\u0627\u0633\u0637\u0629":"Gayi Diawara","\u0648\u0642\u062a \u0627\u0644\u0642\u0631\u0627\u0621\u0629 \u0627\u0644\u0645\u064f\u0642\u062f\u0651\u0631":"5 \u062f\u0642\u0627\u0626\u0642"},"schema":{"@context":"https:\/\/schema.org","@graph":[{"@type":"Article","@id":"https:\/\/lequotidien.mr\/?p=2524&lang=fr#article","isPartOf":{"@id":"https:\/\/lequotidien.mr\/?p=2524&lang=fr"},"author":{"name":"Gayi Diawara","@id":"https:\/\/lequotidien.mr\/#\/schema\/person\/1077c8abd5640a6514b909318d271dee"},"headline":"Ministre des P\u00eaches : Nous allons r\u00e9duire la pression fiscale sur les acteurs du secteur des P\u00eaches","datePublished":"2022-12-29T13:33:10+00:00","mainEntityOfPage":{"@id":"https:\/\/lequotidien.mr\/?p=2524&lang=fr"},"wordCount":1289,"commentCount":0,"publisher":{"@id":"https:\/\/lequotidien.mr\/#organization"},"image":{"@id":"https:\/\/lequotidien.mr\/?p=2524&lang=fr#primaryimage"},"thumbnailUrl":"https:\/\/lequotidien.mr\/wp-content\/uploads\/2022\/12\/conf_presse_s0060_750x430.jpg","articleSection":["ACTUALIT\u00c9","Economie"],"inLanguage":"ar","potentialAction":[{"@type":"CommentAction","name":"Comment","target":["https:\/\/lequotidien.mr\/?p=2524&lang=fr#respond"]}]},{"@type":"WebPage","@id":"https:\/\/lequotidien.mr\/?p=2524&lang=fr","url":"https:\/\/lequotidien.mr\/?p=2524&lang=fr","name":"Ministre des P\u00eaches : Nous allons r\u00e9duire la pression fiscale sur les acteurs du secteur des P\u00eaches - Le Quotidien de Nouakchott","isPartOf":{"@id":"https:\/\/lequotidien.mr\/#website"},"primaryImageOfPage":{"@id":"https:\/\/lequotidien.mr\/?p=2524&lang=fr#primaryimage"},"image":{"@id":"https:\/\/lequotidien.mr\/?p=2524&lang=fr#primaryimage"},"thumbnailUrl":"https:\/\/lequotidien.mr\/wp-content\/uploads\/2022\/12\/conf_presse_s0060_750x430.jpg","datePublished":"2022-12-29T13:33:10+00:00","breadcrumb":{"@id":"https:\/\/lequotidien.mr\/?p=2524&lang=fr#breadcrumb"},"inLanguage":"ar","potentialAction":[{"@type":"ReadAction","target":["https:\/\/lequotidien.mr\/?p=2524&lang=fr"]}]},{"@type":"ImageObject","inLanguage":"ar","@id":"https:\/\/lequotidien.mr\/?p=2524&lang=fr#primaryimage","url":"https:\/\/lequotidien.mr\/wp-content\/uploads\/2022\/12\/conf_presse_s0060_750x430.jpg","contentUrl":"https:\/\/lequotidien.mr\/wp-content\/uploads\/2022\/12\/conf_presse_s0060_750x430.jpg","width":728,"height":429},{"@type":"BreadcrumbList","@id":"https:\/\/lequotidien.mr\/?p=2524&lang=fr#breadcrumb","itemListElement":[{"@type":"ListItem","position":1,"name":"Home","item":"https:\/\/lequotidien.mr\/"},{"@type":"ListItem","position":2,"name":"Ministre des P\u00eaches : Nous allons r\u00e9duire la pression fiscale sur les acteurs du secteur des P\u00eaches"}]},{"@type":"WebSite","@id":"https:\/\/lequotidien.mr\/#website","url":"https:\/\/lequotidien.mr\/","name":"Le Quotidien de Nouakchott","description":"\u0625\u062e\u0628\u0627\u0631\u064a\u0629 \u0645\u0633\u062a\u0642\u0644\u0629 \u0644\u0644\u0623\u0646\u0628\u0627\u0621 \u0627\u0644\u0639\u0627\u0645\u0629","publisher":{"@id":"https:\/\/lequotidien.mr\/#organization"},"potentialAction":[{"@type":"SearchAction","target":{"@type":"EntryPoint","urlTemplate":"https:\/\/lequotidien.mr\/?s={search_term_string}"},"query-input":{"@type":"PropertyValueSpecification","valueRequired":true,"valueName":"search_term_string"}}],"inLanguage":"ar"},{"@type":"Organization","@id":"https:\/\/lequotidien.mr\/#organization","name":"Le Quotidien de Nouakchott","url":"https:\/\/lequotidien.mr\/","logo":{"@type":"ImageObject","inLanguage":"ar","@id":"https:\/\/lequotidien.mr\/#\/schema\/logo\/image\/","url":"https:\/\/lequotidien.mr\/wp-content\/uploads\/2022\/11\/logolequotidien.jpg","contentUrl":"https:\/\/lequotidien.mr\/wp-content\/uploads\/2022\/11\/logolequotidien.jpg","width":290,"height":65,"caption":"Le Quotidien de Nouakchott"},"image":{"@id":"https:\/\/lequotidien.mr\/#\/schema\/logo\/image\/"},"sameAs":["https:\/\/web.facebook.com\/lequotidienmr","https:\/\/x.com\/lequotidienmr"]},{"@type":"Person","@id":"https:\/\/lequotidien.mr\/#\/schema\/person\/1077c8abd5640a6514b909318d271dee","name":"Gayi Diawara","image":{"@type":"ImageObject","inLanguage":"ar","@id":"https:\/\/secure.gravatar.com\/avatar\/63ea8db1e19a6d2d608b24c0f78b5f3a7d6e0bc11959fec273410af333e4d0ac?s=96&d=mm&r=g","url":"https:\/\/secure.gravatar.com\/avatar\/63ea8db1e19a6d2d608b24c0f78b5f3a7d6e0bc11959fec273410af333e4d0ac?s=96&d=mm&r=g","contentUrl":"https:\/\/secure.gravatar.com\/avatar\/63ea8db1e19a6d2d608b24c0f78b5f3a7d6e0bc11959fec273410af333e4d0ac?s=96&d=mm&r=g","caption":"Gayi Diawara"},"sameAs":["http:\/\/lequotidien.mr"],"url":"https:\/\/lequotidien.mr\/?author=5"}]}},"_links":{"self":[{"href":"https:\/\/lequotidien.mr\/index.php?rest_route=\/wp\/v2\/posts\/2524","targetHints":{"allow":["GET"]}}],"collection":[{"href":"https:\/\/lequotidien.mr\/index.php?rest_route=\/wp\/v2\/posts"}],"about":[{"href":"https:\/\/lequotidien.mr\/index.php?rest_route=\/wp\/v2\/types\/post"}],"author":[{"embeddable":true,"href":"https:\/\/lequotidien.mr\/index.php?rest_route=\/wp\/v2\/users\/5"}],"replies":[{"embeddable":true,"href":"https:\/\/lequotidien.mr\/index.php?rest_route=%2Fwp%2Fv2%2Fcomments&post=2524"}],"version-history":[{"count":1,"href":"https:\/\/lequotidien.mr\/index.php?rest_route=\/wp\/v2\/posts\/2524\/revisions"}],"predecessor-version":[{"id":2526,"href":"https:\/\/lequotidien.mr\/index.php?rest_route=\/wp\/v2\/posts\/2524\/revisions\/2526"}],"wp:featuredmedia":[{"embeddable":true,"href":"https:\/\/lequotidien.mr\/index.php?rest_route=\/wp\/v2\/media\/2525"}],"wp:attachment":[{"href":"https:\/\/lequotidien.mr\/index.php?rest_route=%2Fwp%2Fv2%2Fmedia&parent=2524"}],"wp:term":[{"taxonomy":"category","embeddable":true,"href":"https:\/\/lequotidien.mr\/index.php?rest_route=%2Fwp%2Fv2%2Fcategories&post=2524"},{"taxonomy":"post_tag","embeddable":true,"href":"https:\/\/lequotidien.mr\/index.php?rest_route=%2Fwp%2Fv2%2Ftags&post=2524"}],"curies":[{"name":"wp","href":"https:\/\/api.w.org\/{rel}","templated":true}]}}