{"id":25228,"date":"2025-02-07T08:58:39","date_gmt":"2025-02-07T08:58:39","guid":{"rendered":"https:\/\/lequotidien.mr\/?p=25228"},"modified":"2025-02-07T08:58:39","modified_gmt":"2025-02-07T08:58:39","slug":"lancement-dun-atelier-national-pour-elaborer-le-cadre-strategique-de-cooperation-entre-la-mauritanie-et-le-fida","status":"publish","type":"post","link":"https:\/\/lequotidien.mr\/?p=25228&lang=fr","title":{"rendered":"Lancement d&#8217;un atelier national pour \u00e9laborer le cadre strat\u00e9gique de coop\u00e9ration entre la Mauritanie et le FIDA"},"content":{"rendered":"<p>Le minist\u00e8re de l&#8217;\u00c9conomie et des Finances a inaugur\u00e9, jeudi \u00e0 Nouakchott, un atelier national de concertation d\u00e9di\u00e9 \u00e0 l&#8217;\u00e9laboration du cadre strat\u00e9gique de coop\u00e9ration entre la Mauritanie et le Fonds international de d\u00e9veloppement agricole (FIDA). Cette initiative s&#8217;inscrit dans les pr\u00e9paratifs de la formulation du Programme d&#8217;opportunit\u00e9s strat\u00e9giques par pays pour la p\u00e9riode 2026-2033.<\/p>\n<p>Lors de l&#8217;ouverture de cet atelier, M. Ball Mohamed Vadhel, conseiller du ministre de l&#8217;\u00c9conomie et des Finances charg\u00e9 des secteurs productifs, a soulign\u00e9 l&#8217;importance de cet \u00e9v\u00e9nement, t\u00e9moign\u00e9e par la qualit\u00e9 et la diversit\u00e9 des participants. Il a salu\u00e9 la pr\u00e9sence des repr\u00e9sentants d&#8217;institutions publiques, de partenaires techniques et financiers, ainsi que d&#8217;organisations non gouvernementales et de projets de d\u00e9veloppement, r\u00e9affirmant leur engagement constant en faveur des programmes de d\u00e9veloppement, et plus particuli\u00e8rement ceux soutenus par le FIDA.<\/p>\n<p><strong>Un portefeuille riche et des impacts significatifs<\/strong><\/p>\n<p>M. Vadhel a rappel\u00e9 que le FIDA dispose d&#8217;un portefeuille substantiel en Mauritanie, align\u00e9 sur les objectifs strat\u00e9giques de la Strat\u00e9gie nationale de r\u00e9duction de la pauvret\u00e9 et les strat\u00e9gies sectorielles du pays. Depuis le d\u00e9but de ses op\u00e9rations en 1980, le Fonds a financ\u00e9 16 projets, repr\u00e9sentant un investissement total de 414,14 millions de dollars, dont 187,11 millions apport\u00e9s sous forme de dons ou de pr\u00eats concessionnels. Ces initiatives ont permis d&#8217;am\u00e9liorer les conditions de vie de 343 470 familles rurales.<\/p>\n<p>Il a \u00e9galement mis en avant l&#8217;importance de cet atelier comme espace d&#8217;\u00e9change pour identifier les m\u00e9canismes de coop\u00e9ration les plus adapt\u00e9s et renforcer l&#8217;impact des projets en cours. Ces \u00e9changes visent \u00e0 mieux r\u00e9pondre aux d\u00e9fis nationaux, notamment en mati\u00e8re de s\u00e9curit\u00e9 alimentaire, de nutrition, et de d\u00e9veloppement des capacit\u00e9s des acteurs locaux.<\/p>\n<p><strong>Une collaboration cruciale pour le d\u00e9veloppement rural<\/strong><\/p>\n<p>Le conseiller a salu\u00e9 la contribution continue du FIDA au d\u00e9veloppement socio-\u00e9conomique de la Mauritanie, en insistant sur la n\u00e9cessit\u00e9 de consolider et d&#8217;intensifier ces efforts. Il a particuli\u00e8rement soulign\u00e9 l&#8217;importance d&#8217;un soutien accru dans les domaines li\u00e9s \u00e0 la s\u00e9curit\u00e9 alimentaire et \u00e0 l&#8217;am\u00e9lioration des conditions de vie des populations rurales, afin de garantir une croissance inclusive et durable.<\/p>\n<p>L&#8217;atelier repr\u00e9sente une \u00e9tape cl\u00e9 pour d\u00e9finir les orientations futures de la coop\u00e9ration entre la Mauritanie et le FIDA, consolidant ainsi un partenariat essentiel pour le d\u00e9veloppement rural et la lutte contre la pauvret\u00e9.<\/p>\n<p>La r\u00e9union a rassembl\u00e9 des acteurs vari\u00e9s du secteur public et priv\u00e9, ainsi que des partenaires internationaux, refl\u00e9tant une volont\u00e9 commune de construire un avenir prosp\u00e8re et durable pour les communaut\u00e9s rurales en Mauritanie.<\/p>\n<p>&nbsp;<\/p>\n","protected":false},"excerpt":{"rendered":"<p>Le minist\u00e8re de l&#8217;\u00c9conomie et des Finances a inaugur\u00e9, jeudi \u00e0 Nouakchott, un atelier national de concertation d\u00e9di\u00e9 \u00e0 l&#8217;\u00e9laboration du cadre strat\u00e9gique de coop\u00e9ration entre la Mauritanie et le Fonds international de d\u00e9veloppement agricole (FIDA). Cette initiative s&#8217;inscrit dans les pr\u00e9paratifs de la formulation du Programme d&#8217;opportunit\u00e9s strat\u00e9giques par pays pour la p\u00e9riode 2026-2033&#8230;&#8230;<\/p>\n","protected":false},"author":12,"featured_media":25236,"comment_status":"open","ping_status":"open","sticky":false,"template":"","format":"standard","meta":{"footnotes":""},"categories":[23,49],"tags":[],"class_list":["post-25228","post","type-post","status-publish","format-standard","has-post-thumbnail","hentry","category-actualite","category-economie"],"yoast_head":"<!-- This site is optimized with the Yoast SEO plugin v27.5 - https:\/\/yoast.com\/product\/yoast-seo-wordpress\/ -->\n<title>Lancement d&#039;un atelier national pour \u00e9laborer le cadre strat\u00e9gique de coop\u00e9ration entre la Mauritanie et le FIDA - Le Quotidien de Nouakchott<\/title>\n<meta name=\"robots\" content=\"index, follow, max-snippet:-1, max-image-preview:large, max-video-preview:-1\" \/>\n<link rel=\"canonical\" href=\"https:\/\/lequotidien.mr\/?p=25228&lang=fr\" \/>\n<meta property=\"og:locale\" content=\"ar_AR\" \/>\n<meta property=\"og:type\" content=\"article\" \/>\n<meta property=\"og:title\" content=\"Lancement d&#039;un atelier national pour \u00e9laborer le cadre strat\u00e9gique de coop\u00e9ration entre la Mauritanie et le FIDA - Le Quotidien de Nouakchott\" \/>\n<meta property=\"og:description\" content=\"Le minist\u00e8re de l&#8217;\u00c9conomie et des Finances a inaugur\u00e9, jeudi \u00e0 Nouakchott, un atelier national de concertation d\u00e9di\u00e9 \u00e0 l&#8217;\u00e9laboration du cadre strat\u00e9gique de coop\u00e9ration entre la Mauritanie et le Fonds international de d\u00e9veloppement agricole (FIDA). Cette initiative s&#8217;inscrit dans les pr\u00e9paratifs de la formulation du Programme d&#8217;opportunit\u00e9s strat\u00e9giques par pays pour la p\u00e9riode 2026-2033......\" \/>\n<meta property=\"og:url\" content=\"https:\/\/lequotidien.mr\/?p=25228&amp;lang=fr\" \/>\n<meta property=\"og:site_name\" content=\"Le Quotidien de Nouakchott\" \/>\n<meta property=\"article:publisher\" content=\"https:\/\/web.facebook.com\/lequotidienmr\" \/>\n<meta property=\"article:published_time\" content=\"2025-02-07T08:58:39+00:00\" \/>\n<meta property=\"og:image\" content=\"https:\/\/lequotidien.mr\/wp-content\/uploads\/2025\/02\/photo-FIDA.jpg\" \/>\n\t<meta property=\"og:image:width\" content=\"664\" \/>\n\t<meta property=\"og:image:height\" content=\"391\" \/>\n\t<meta property=\"og:image:type\" content=\"image\/jpeg\" \/>\n<meta name=\"author\" content=\"Med Ahmed\" \/>\n<meta name=\"twitter:card\" content=\"summary_large_image\" \/>\n<meta name=\"twitter:creator\" content=\"@lequotidienmr\" \/>\n<meta name=\"twitter:site\" content=\"@lequotidienmr\" \/>\n<meta name=\"twitter:label1\" content=\"\u0643\u064f\u062a\u0628 \u0628\u0648\u0627\u0633\u0637\u0629\" \/>\n\t<meta name=\"twitter:data1\" content=\"Med Ahmed\" \/>\n\t<meta name=\"twitter:label2\" content=\"\u0648\u0642\u062a \u0627\u0644\u0642\u0631\u0627\u0621\u0629 \u0627\u0644\u0645\u064f\u0642\u062f\u0651\u0631\" \/>\n\t<meta name=\"twitter:data2\" content=\"\u062f\u0642\u064a\u0642\u062a\u0627\u0646\" \/>\n<script type=\"application\/ld+json\" class=\"yoast-schema-graph\">{\"@context\":\"https:\\\/\\\/schema.org\",\"@graph\":[{\"@type\":\"Article\",\"@id\":\"https:\\\/\\\/lequotidien.mr\\\/?p=25228&lang=fr#article\",\"isPartOf\":{\"@id\":\"https:\\\/\\\/lequotidien.mr\\\/?p=25228&lang=fr\"},\"author\":{\"name\":\"Med Ahmed\",\"@id\":\"https:\\\/\\\/lequotidien.mr\\\/#\\\/schema\\\/person\\\/d2d350202a4d599685ed8abc25f97596\"},\"headline\":\"Lancement d&#8217;un atelier national pour \u00e9laborer le cadre strat\u00e9gique de coop\u00e9ration entre la Mauritanie et le FIDA\",\"datePublished\":\"2025-02-07T08:58:39+00:00\",\"mainEntityOfPage\":{\"@id\":\"https:\\\/\\\/lequotidien.mr\\\/?p=25228&lang=fr\"},\"wordCount\":495,\"commentCount\":0,\"publisher\":{\"@id\":\"https:\\\/\\\/lequotidien.mr\\\/#organization\"},\"image\":{\"@id\":\"https:\\\/\\\/lequotidien.mr\\\/?p=25228&lang=fr#primaryimage\"},\"thumbnailUrl\":\"https:\\\/\\\/lequotidien.mr\\\/wp-content\\\/uploads\\\/2025\\\/02\\\/photo-FIDA.jpg\",\"articleSection\":[\"ACTUALIT\u00c9\",\"Economie\"],\"inLanguage\":\"ar\",\"potentialAction\":[{\"@type\":\"CommentAction\",\"name\":\"Comment\",\"target\":[\"https:\\\/\\\/lequotidien.mr\\\/?p=25228&lang=fr#respond\"]}]},{\"@type\":\"WebPage\",\"@id\":\"https:\\\/\\\/lequotidien.mr\\\/?p=25228&lang=fr\",\"url\":\"https:\\\/\\\/lequotidien.mr\\\/?p=25228&lang=fr\",\"name\":\"Lancement d'un atelier national pour \u00e9laborer le cadre strat\u00e9gique de coop\u00e9ration entre la Mauritanie et le FIDA - Le Quotidien de Nouakchott\",\"isPartOf\":{\"@id\":\"https:\\\/\\\/lequotidien.mr\\\/#website\"},\"primaryImageOfPage\":{\"@id\":\"https:\\\/\\\/lequotidien.mr\\\/?p=25228&lang=fr#primaryimage\"},\"image\":{\"@id\":\"https:\\\/\\\/lequotidien.mr\\\/?p=25228&lang=fr#primaryimage\"},\"thumbnailUrl\":\"https:\\\/\\\/lequotidien.mr\\\/wp-content\\\/uploads\\\/2025\\\/02\\\/photo-FIDA.jpg\",\"datePublished\":\"2025-02-07T08:58:39+00:00\",\"breadcrumb\":{\"@id\":\"https:\\\/\\\/lequotidien.mr\\\/?p=25228&lang=fr#breadcrumb\"},\"inLanguage\":\"ar\",\"potentialAction\":[{\"@type\":\"ReadAction\",\"target\":[\"https:\\\/\\\/lequotidien.mr\\\/?p=25228&lang=fr\"]}]},{\"@type\":\"ImageObject\",\"inLanguage\":\"ar\",\"@id\":\"https:\\\/\\\/lequotidien.mr\\\/?p=25228&lang=fr#primaryimage\",\"url\":\"https:\\\/\\\/lequotidien.mr\\\/wp-content\\\/uploads\\\/2025\\\/02\\\/photo-FIDA.jpg\",\"contentUrl\":\"https:\\\/\\\/lequotidien.mr\\\/wp-content\\\/uploads\\\/2025\\\/02\\\/photo-FIDA.jpg\",\"width\":664,\"height\":391},{\"@type\":\"BreadcrumbList\",\"@id\":\"https:\\\/\\\/lequotidien.mr\\\/?p=25228&lang=fr#breadcrumb\",\"itemListElement\":[{\"@type\":\"ListItem\",\"position\":1,\"name\":\"Home\",\"item\":\"https:\\\/\\\/lequotidien.mr\\\/\"},{\"@type\":\"ListItem\",\"position\":2,\"name\":\"Lancement d&#8217;un atelier national pour \u00e9laborer le cadre strat\u00e9gique de coop\u00e9ration entre la Mauritanie et le FIDA\"}]},{\"@type\":\"WebSite\",\"@id\":\"https:\\\/\\\/lequotidien.mr\\\/#website\",\"url\":\"https:\\\/\\\/lequotidien.mr\\\/\",\"name\":\"Le Quotidien de Nouakchott\",\"description\":\"\u0625\u062e\u0628\u0627\u0631\u064a\u0629 \u0645\u0633\u062a\u0642\u0644\u0629 \u0644\u0644\u0623\u0646\u0628\u0627\u0621 \u0627\u0644\u0639\u0627\u0645\u0629\",\"publisher\":{\"@id\":\"https:\\\/\\\/lequotidien.mr\\\/#organization\"},\"potentialAction\":[{\"@type\":\"SearchAction\",\"target\":{\"@type\":\"EntryPoint\",\"urlTemplate\":\"https:\\\/\\\/lequotidien.mr\\\/?s={search_term_string}\"},\"query-input\":{\"@type\":\"PropertyValueSpecification\",\"valueRequired\":true,\"valueName\":\"search_term_string\"}}],\"inLanguage\":\"ar\"},{\"@type\":\"Organization\",\"@id\":\"https:\\\/\\\/lequotidien.mr\\\/#organization\",\"name\":\"Le Quotidien de Nouakchott\",\"url\":\"https:\\\/\\\/lequotidien.mr\\\/\",\"logo\":{\"@type\":\"ImageObject\",\"inLanguage\":\"ar\",\"@id\":\"https:\\\/\\\/lequotidien.mr\\\/#\\\/schema\\\/logo\\\/image\\\/\",\"url\":\"https:\\\/\\\/lequotidien.mr\\\/wp-content\\\/uploads\\\/2022\\\/11\\\/logolequotidien.jpg\",\"contentUrl\":\"https:\\\/\\\/lequotidien.mr\\\/wp-content\\\/uploads\\\/2022\\\/11\\\/logolequotidien.jpg\",\"width\":290,\"height\":65,\"caption\":\"Le Quotidien de Nouakchott\"},\"image\":{\"@id\":\"https:\\\/\\\/lequotidien.mr\\\/#\\\/schema\\\/logo\\\/image\\\/\"},\"sameAs\":[\"https:\\\/\\\/web.facebook.com\\\/lequotidienmr\",\"https:\\\/\\\/x.com\\\/lequotidienmr\"]},{\"@type\":\"Person\",\"@id\":\"https:\\\/\\\/lequotidien.mr\\\/#\\\/schema\\\/person\\\/d2d350202a4d599685ed8abc25f97596\",\"name\":\"Med Ahmed\",\"image\":{\"@type\":\"ImageObject\",\"inLanguage\":\"ar\",\"@id\":\"https:\\\/\\\/secure.gravatar.com\\\/avatar\\\/fd2acc62ed50732923d1d39c17172c9b04149f142be92310ecc69e1358f94b52?s=96&d=mm&r=g\",\"url\":\"https:\\\/\\\/secure.gravatar.com\\\/avatar\\\/fd2acc62ed50732923d1d39c17172c9b04149f142be92310ecc69e1358f94b52?s=96&d=mm&r=g\",\"contentUrl\":\"https:\\\/\\\/secure.gravatar.com\\\/avatar\\\/fd2acc62ed50732923d1d39c17172c9b04149f142be92310ecc69e1358f94b52?s=96&d=mm&r=g\",\"caption\":\"Med Ahmed\"},\"url\":\"https:\\\/\\\/lequotidien.mr\\\/?author=12\"}]}<\/script>\n<!-- \/ Yoast SEO plugin. -->","yoast_head_json":{"title":"Lancement d'un atelier national pour \u00e9laborer le cadre strat\u00e9gique de coop\u00e9ration entre la Mauritanie et le FIDA - Le Quotidien de Nouakchott","robots":{"index":"index","follow":"follow","max-snippet":"max-snippet:-1","max-image-preview":"max-image-preview:large","max-video-preview":"max-video-preview:-1"},"canonical":"https:\/\/lequotidien.mr\/?p=25228&lang=fr","og_locale":"ar_AR","og_type":"article","og_title":"Lancement d'un atelier national pour \u00e9laborer le cadre strat\u00e9gique de coop\u00e9ration entre la Mauritanie et le FIDA - Le Quotidien de Nouakchott","og_description":"Le minist\u00e8re de l&#8217;\u00c9conomie et des Finances a inaugur\u00e9, jeudi \u00e0 Nouakchott, un atelier national de concertation d\u00e9di\u00e9 \u00e0 l&#8217;\u00e9laboration du cadre strat\u00e9gique de coop\u00e9ration entre la Mauritanie et le Fonds international de d\u00e9veloppement agricole (FIDA). Cette initiative s&#8217;inscrit dans les pr\u00e9paratifs de la formulation du Programme d&#8217;opportunit\u00e9s strat\u00e9giques par pays pour la p\u00e9riode 2026-2033......","og_url":"https:\/\/lequotidien.mr\/?p=25228&lang=fr","og_site_name":"Le Quotidien de Nouakchott","article_publisher":"https:\/\/web.facebook.com\/lequotidienmr","article_published_time":"2025-02-07T08:58:39+00:00","og_image":[{"width":664,"height":391,"url":"https:\/\/lequotidien.mr\/wp-content\/uploads\/2025\/02\/photo-FIDA.jpg","type":"image\/jpeg"}],"author":"Med Ahmed","twitter_card":"summary_large_image","twitter_creator":"@lequotidienmr","twitter_site":"@lequotidienmr","twitter_misc":{"\u0643\u064f\u062a\u0628 \u0628\u0648\u0627\u0633\u0637\u0629":"Med Ahmed","\u0648\u0642\u062a \u0627\u0644\u0642\u0631\u0627\u0621\u0629 \u0627\u0644\u0645\u064f\u0642\u062f\u0651\u0631":"\u062f\u0642\u064a\u0642\u062a\u0627\u0646"},"schema":{"@context":"https:\/\/schema.org","@graph":[{"@type":"Article","@id":"https:\/\/lequotidien.mr\/?p=25228&lang=fr#article","isPartOf":{"@id":"https:\/\/lequotidien.mr\/?p=25228&lang=fr"},"author":{"name":"Med Ahmed","@id":"https:\/\/lequotidien.mr\/#\/schema\/person\/d2d350202a4d599685ed8abc25f97596"},"headline":"Lancement d&#8217;un atelier national pour \u00e9laborer le cadre strat\u00e9gique de coop\u00e9ration entre la Mauritanie et le FIDA","datePublished":"2025-02-07T08:58:39+00:00","mainEntityOfPage":{"@id":"https:\/\/lequotidien.mr\/?p=25228&lang=fr"},"wordCount":495,"commentCount":0,"publisher":{"@id":"https:\/\/lequotidien.mr\/#organization"},"image":{"@id":"https:\/\/lequotidien.mr\/?p=25228&lang=fr#primaryimage"},"thumbnailUrl":"https:\/\/lequotidien.mr\/wp-content\/uploads\/2025\/02\/photo-FIDA.jpg","articleSection":["ACTUALIT\u00c9","Economie"],"inLanguage":"ar","potentialAction":[{"@type":"CommentAction","name":"Comment","target":["https:\/\/lequotidien.mr\/?p=25228&lang=fr#respond"]}]},{"@type":"WebPage","@id":"https:\/\/lequotidien.mr\/?p=25228&lang=fr","url":"https:\/\/lequotidien.mr\/?p=25228&lang=fr","name":"Lancement d'un atelier national pour \u00e9laborer le cadre strat\u00e9gique de coop\u00e9ration entre la Mauritanie et le FIDA - Le Quotidien de Nouakchott","isPartOf":{"@id":"https:\/\/lequotidien.mr\/#website"},"primaryImageOfPage":{"@id":"https:\/\/lequotidien.mr\/?p=25228&lang=fr#primaryimage"},"image":{"@id":"https:\/\/lequotidien.mr\/?p=25228&lang=fr#primaryimage"},"thumbnailUrl":"https:\/\/lequotidien.mr\/wp-content\/uploads\/2025\/02\/photo-FIDA.jpg","datePublished":"2025-02-07T08:58:39+00:00","breadcrumb":{"@id":"https:\/\/lequotidien.mr\/?p=25228&lang=fr#breadcrumb"},"inLanguage":"ar","potentialAction":[{"@type":"ReadAction","target":["https:\/\/lequotidien.mr\/?p=25228&lang=fr"]}]},{"@type":"ImageObject","inLanguage":"ar","@id":"https:\/\/lequotidien.mr\/?p=25228&lang=fr#primaryimage","url":"https:\/\/lequotidien.mr\/wp-content\/uploads\/2025\/02\/photo-FIDA.jpg","contentUrl":"https:\/\/lequotidien.mr\/wp-content\/uploads\/2025\/02\/photo-FIDA.jpg","width":664,"height":391},{"@type":"BreadcrumbList","@id":"https:\/\/lequotidien.mr\/?p=25228&lang=fr#breadcrumb","itemListElement":[{"@type":"ListItem","position":1,"name":"Home","item":"https:\/\/lequotidien.mr\/"},{"@type":"ListItem","position":2,"name":"Lancement d&#8217;un atelier national pour \u00e9laborer le cadre strat\u00e9gique de coop\u00e9ration entre la Mauritanie et le FIDA"}]},{"@type":"WebSite","@id":"https:\/\/lequotidien.mr\/#website","url":"https:\/\/lequotidien.mr\/","name":"Le Quotidien de Nouakchott","description":"\u0625\u062e\u0628\u0627\u0631\u064a\u0629 \u0645\u0633\u062a\u0642\u0644\u0629 \u0644\u0644\u0623\u0646\u0628\u0627\u0621 \u0627\u0644\u0639\u0627\u0645\u0629","publisher":{"@id":"https:\/\/lequotidien.mr\/#organization"},"potentialAction":[{"@type":"SearchAction","target":{"@type":"EntryPoint","urlTemplate":"https:\/\/lequotidien.mr\/?s={search_term_string}"},"query-input":{"@type":"PropertyValueSpecification","valueRequired":true,"valueName":"search_term_string"}}],"inLanguage":"ar"},{"@type":"Organization","@id":"https:\/\/lequotidien.mr\/#organization","name":"Le Quotidien de Nouakchott","url":"https:\/\/lequotidien.mr\/","logo":{"@type":"ImageObject","inLanguage":"ar","@id":"https:\/\/lequotidien.mr\/#\/schema\/logo\/image\/","url":"https:\/\/lequotidien.mr\/wp-content\/uploads\/2022\/11\/logolequotidien.jpg","contentUrl":"https:\/\/lequotidien.mr\/wp-content\/uploads\/2022\/11\/logolequotidien.jpg","width":290,"height":65,"caption":"Le Quotidien de Nouakchott"},"image":{"@id":"https:\/\/lequotidien.mr\/#\/schema\/logo\/image\/"},"sameAs":["https:\/\/web.facebook.com\/lequotidienmr","https:\/\/x.com\/lequotidienmr"]},{"@type":"Person","@id":"https:\/\/lequotidien.mr\/#\/schema\/person\/d2d350202a4d599685ed8abc25f97596","name":"Med Ahmed","image":{"@type":"ImageObject","inLanguage":"ar","@id":"https:\/\/secure.gravatar.com\/avatar\/fd2acc62ed50732923d1d39c17172c9b04149f142be92310ecc69e1358f94b52?s=96&d=mm&r=g","url":"https:\/\/secure.gravatar.com\/avatar\/fd2acc62ed50732923d1d39c17172c9b04149f142be92310ecc69e1358f94b52?s=96&d=mm&r=g","contentUrl":"https:\/\/secure.gravatar.com\/avatar\/fd2acc62ed50732923d1d39c17172c9b04149f142be92310ecc69e1358f94b52?s=96&d=mm&r=g","caption":"Med Ahmed"},"url":"https:\/\/lequotidien.mr\/?author=12"}]}},"_links":{"self":[{"href":"https:\/\/lequotidien.mr\/index.php?rest_route=\/wp\/v2\/posts\/25228","targetHints":{"allow":["GET"]}}],"collection":[{"href":"https:\/\/lequotidien.mr\/index.php?rest_route=\/wp\/v2\/posts"}],"about":[{"href":"https:\/\/lequotidien.mr\/index.php?rest_route=\/wp\/v2\/types\/post"}],"author":[{"embeddable":true,"href":"https:\/\/lequotidien.mr\/index.php?rest_route=\/wp\/v2\/users\/12"}],"replies":[{"embeddable":true,"href":"https:\/\/lequotidien.mr\/index.php?rest_route=%2Fwp%2Fv2%2Fcomments&post=25228"}],"version-history":[{"count":1,"href":"https:\/\/lequotidien.mr\/index.php?rest_route=\/wp\/v2\/posts\/25228\/revisions"}],"predecessor-version":[{"id":25237,"href":"https:\/\/lequotidien.mr\/index.php?rest_route=\/wp\/v2\/posts\/25228\/revisions\/25237"}],"wp:featuredmedia":[{"embeddable":true,"href":"https:\/\/lequotidien.mr\/index.php?rest_route=\/wp\/v2\/media\/25236"}],"wp:attachment":[{"href":"https:\/\/lequotidien.mr\/index.php?rest_route=%2Fwp%2Fv2%2Fmedia&parent=25228"}],"wp:term":[{"taxonomy":"category","embeddable":true,"href":"https:\/\/lequotidien.mr\/index.php?rest_route=%2Fwp%2Fv2%2Fcategories&post=25228"},{"taxonomy":"post_tag","embeddable":true,"href":"https:\/\/lequotidien.mr\/index.php?rest_route=%2Fwp%2Fv2%2Ftags&post=25228"}],"curies":[{"name":"wp","href":"https:\/\/api.w.org\/{rel}","templated":true}]}}