{"id":25225,"date":"2025-02-06T20:44:03","date_gmt":"2025-02-06T20:44:03","guid":{"rendered":"https:\/\/lequotidien.mr\/?p=25225"},"modified":"2025-02-06T20:44:03","modified_gmt":"2025-02-06T20:44:03","slug":"foire-des-produits-de-la-mer-dagadir-aliotis-la-recherche-et-linnovation-pour-une-peche-durable","status":"publish","type":"post","link":"https:\/\/lequotidien.mr\/?p=25225&lang=fr","title":{"rendered":"Foire des produits de la mer d\u2019Agadir \u201cAliotis\u201d : \u00ab La recherche et l\u2019innovation pour une p\u00eache durable \u00bb"},"content":{"rendered":"<p>Le ministre de la P\u00eache, des Infrastructures Maritimes et Portuaires, <strong>M. El Vadhil Sidaty Ahmed Louly<\/strong>, a particip\u00e9, ce mercredi \u00e0 Agadir au Maroc, \u00e0 la\u00a0<strong>c\u00e9r\u00e9monie d\u2019ouverture de la 7\u00e8me \u00e9dition de la foire des produits de la mer d\u2019Agadir \u201cAliotis\u201d<\/strong>. Plac\u00e9e sous le th\u00e8me\u00a0<strong>\u201cLa recherche et l\u2019innovation pour une p\u00eache durable\u201d<\/strong>, cette \u00e9dition met en avant les d\u00e9fis et les opportunit\u00e9s li\u00e9s \u00e0 la pr\u00e9servation des ressources halieutiques et \u00e0 l\u2019innovation dans le secteur de la p\u00eache.<\/p>\n<p><strong>Le pavillon mauritanien \u00e0 l\u2019honneur<\/strong><\/p>\n<p>Lors de cette foire internationale, le ministre a effectu\u00e9 une\u00a0visite de terrain au pavillon mauritanien, o\u00f9 il a re\u00e7u des explications d\u00e9taill\u00e9es sur les produits expos\u00e9s par les repr\u00e9sentants des soci\u00e9t\u00e9s et associations mauritaniennes. Il s\u2019est \u00e9galement inform\u00e9 de l\u2019int\u00e9r\u00eat port\u00e9 par les visiteurs et les professionnels du secteur aux produits mauritaniens, t\u00e9moignant de la qualit\u00e9 et de la diversit\u00e9 de l\u2019offre nationale.<\/p>\n<p>En marge de cette visite, M. El Vadhil Sidaty Ahmed Louly a accueilli le\u00a0<strong>Premier Ministre marocain<\/strong>, <strong>M. Aziz Akhannouch<\/strong>, et sa d\u00e9l\u00e9gation, venus inspecter les diff\u00e9rents pavillons de l\u2019exposition. Cette rencontre a \u00e9t\u00e9 l\u2019occasion de renforcer les liens entre les deux pays dans le domaine de la p\u00eache et d\u2019explorer de nouvelles opportunit\u00e9s de collaboration.<\/p>\n<p><strong>Renforcement de la coop\u00e9ration mauritano-russe<\/strong><\/p>\n<p>En parall\u00e8le de l\u2019exposition, le ministre mauritanien a eu un\u00a0<strong>entretien bilat\u00e9ral<\/strong>\u00a0avec son homologue russe. Les discussions ont port\u00e9 sur les moyens de renforcer la coop\u00e9ration entre les deux pays, notamment dans les domaines de la\u00a0<strong>recherche scientifique<\/strong>, de l\u2019<strong>inspection sanitaire<\/strong>\u00a0et de l\u2019ouverture des march\u00e9s russes aux produits de p\u00eache mauritaniens. Les deux parties ont \u00e9galement \u00e9voqu\u00e9 la possibilit\u00e9 de redynamiser le\u00a0<strong>comit\u00e9 mixte mauritano-russe des p\u00eaches<\/strong>, un m\u00e9canisme cl\u00e9 pour la coordination entre les deux nations dans ce secteur strat\u00e9gique.<\/p>\n<p>\u00c0 l\u2019issue de leur entretien, les deux ministres ont visit\u00e9 les\u00a0pavillons mauritanien et russe, o\u00f9 ils ont pu d\u00e9couvrir les innovations et les produits phares expos\u00e9s par chaque pays. Cette visite a permis de mettre en lumi\u00e8re les synergies potentielles entre les deux nations dans le domaine de la p\u00eache.<\/p>\n<p><strong>Exploration des partenariats internationaux<\/strong><\/p>\n<p>Le ministre mauritanien a \u00e9galement profit\u00e9 de sa pr\u00e9sence \u00e0 la foire pour visiter le\u00a0<strong>pavillon de l\u2019Agence japonaise de coop\u00e9ration internationale (JICA)<\/strong>. Cette visite s\u2019inscrit dans le cadre des efforts de la Mauritanie pour diversifier ses partenariats internationaux et b\u00e9n\u00e9ficier de l\u2019expertise japonaise en mati\u00e8re de d\u00e9veloppement durable et d\u2019innovation dans le secteur de la p\u00eache.<\/p>\n<p><strong>Un engagement en faveur de la p\u00eache durable<\/strong><\/p>\n<p>La participation de la Mauritanie \u00e0 cette foire internationale souligne son engagement en faveur d\u2019une\u00a0<strong>p\u00eache durable et responsable<\/strong>. En mettant l\u2019accent sur la recherche et l\u2019innovation, le pays r\u00e9affirme sa volont\u00e9 de pr\u00e9server ses ressources halieutiques tout en d\u00e9veloppant des pratiques respectueuses de l\u2019environnement.<\/p>\n<p>Cette 7\u00e8me \u00e9dition de la foire \u201cAliotis\u201d offre une plateforme unique pour les professionnels du secteur de la p\u00eache, leur permettant d\u2019\u00e9changer des id\u00e9es, de partager des bonnes pratiques et de nouer des partenariats strat\u00e9giques. Pour la Mauritanie, cet \u00e9v\u00e9nement repr\u00e9sente une opportunit\u00e9 de valoriser son patrimoine halieutique et de renforcer sa position sur la sc\u00e8ne internationale en tant qu\u2019acteur cl\u00e9 dans le domaine de la p\u00eache durable.<\/p>\n<p>Avec cette participation active, la Mauritanie d\u00e9montre une fois de plus son engagement \u00e0 promouvoir une\u00a0<strong>gestion durable des ressources maritimes<\/strong>, tout en explorant de nouvelles voies de coop\u00e9ration et d\u2019innovation pour un avenir plus r\u00e9silient et prosp\u00e8re.<\/p>\n","protected":false},"excerpt":{"rendered":"<p>Le ministre de la P\u00eache, des Infrastructures Maritimes et Portuaires, M. El Vadhil Sidaty Ahmed Louly, a particip\u00e9, ce mercredi \u00e0 Agadir au Maroc, \u00e0 la\u00a0c\u00e9r\u00e9monie d\u2019ouverture de la 7\u00e8me \u00e9dition de la foire des produits de la mer d\u2019Agadir \u201cAliotis\u201d. Plac\u00e9e sous le th\u00e8me\u00a0\u201cLa recherche et l\u2019innovation pour une p\u00eache durable\u201d, cette \u00e9dition met&#8230;..<\/p>\n","protected":false},"author":12,"featured_media":25226,"comment_status":"open","ping_status":"open","sticky":false,"template":"","format":"standard","meta":{"footnotes":""},"categories":[23,49],"tags":[],"class_list":["post-25225","post","type-post","status-publish","format-standard","has-post-thumbnail","hentry","category-actualite","category-economie"],"yoast_head":"<!-- This site is optimized with the Yoast SEO plugin v27.5 - https:\/\/yoast.com\/product\/yoast-seo-wordpress\/ -->\n<title>Foire des produits de la mer d\u2019Agadir \u201cAliotis\u201d : \u00ab La recherche et l\u2019innovation pour une p\u00eache durable \u00bb - Le Quotidien de Nouakchott<\/title>\n<meta name=\"robots\" content=\"index, follow, max-snippet:-1, max-image-preview:large, max-video-preview:-1\" \/>\n<link rel=\"canonical\" href=\"https:\/\/lequotidien.mr\/?p=25225&lang=fr\" \/>\n<meta property=\"og:locale\" content=\"ar_AR\" \/>\n<meta property=\"og:type\" content=\"article\" \/>\n<meta property=\"og:title\" content=\"Foire des produits de la mer d\u2019Agadir \u201cAliotis\u201d : \u00ab La recherche et l\u2019innovation pour une p\u00eache durable \u00bb - Le Quotidien de Nouakchott\" \/>\n<meta property=\"og:description\" content=\"Le ministre de la P\u00eache, des Infrastructures Maritimes et Portuaires, M. El Vadhil Sidaty Ahmed Louly, a particip\u00e9, ce mercredi \u00e0 Agadir au Maroc, \u00e0 la\u00a0c\u00e9r\u00e9monie d\u2019ouverture de la 7\u00e8me \u00e9dition de la foire des produits de la mer d\u2019Agadir \u201cAliotis\u201d. Plac\u00e9e sous le th\u00e8me\u00a0\u201cLa recherche et l\u2019innovation pour une p\u00eache durable\u201d, cette \u00e9dition met.....\" \/>\n<meta property=\"og:url\" content=\"https:\/\/lequotidien.mr\/?p=25225&amp;lang=fr\" \/>\n<meta property=\"og:site_name\" content=\"Le Quotidien de Nouakchott\" \/>\n<meta property=\"article:publisher\" content=\"https:\/\/web.facebook.com\/lequotidienmr\" \/>\n<meta property=\"article:published_time\" content=\"2025-02-06T20:44:03+00:00\" \/>\n<meta property=\"og:image\" content=\"https:\/\/lequotidien.mr\/wp-content\/uploads\/2025\/02\/photo-foire-pdts-mer.jpg\" \/>\n\t<meta property=\"og:image:width\" content=\"750\" \/>\n\t<meta property=\"og:image:height\" content=\"430\" \/>\n\t<meta property=\"og:image:type\" content=\"image\/jpeg\" \/>\n<meta name=\"author\" content=\"Med Ahmed\" \/>\n<meta name=\"twitter:card\" content=\"summary_large_image\" \/>\n<meta name=\"twitter:creator\" content=\"@lequotidienmr\" \/>\n<meta name=\"twitter:site\" content=\"@lequotidienmr\" \/>\n<meta name=\"twitter:label1\" content=\"\u0643\u064f\u062a\u0628 \u0628\u0648\u0627\u0633\u0637\u0629\" \/>\n\t<meta name=\"twitter:data1\" content=\"Med Ahmed\" \/>\n\t<meta name=\"twitter:label2\" content=\"\u0648\u0642\u062a \u0627\u0644\u0642\u0631\u0627\u0621\u0629 \u0627\u0644\u0645\u064f\u0642\u062f\u0651\u0631\" \/>\n\t<meta name=\"twitter:data2\" content=\"3 \u062f\u0642\u0627\u0626\u0642\" \/>\n<script type=\"application\/ld+json\" class=\"yoast-schema-graph\">{\"@context\":\"https:\\\/\\\/schema.org\",\"@graph\":[{\"@type\":\"Article\",\"@id\":\"https:\\\/\\\/lequotidien.mr\\\/?p=25225&lang=fr#article\",\"isPartOf\":{\"@id\":\"https:\\\/\\\/lequotidien.mr\\\/?p=25225&lang=fr\"},\"author\":{\"name\":\"Med Ahmed\",\"@id\":\"https:\\\/\\\/lequotidien.mr\\\/#\\\/schema\\\/person\\\/d2d350202a4d599685ed8abc25f97596\"},\"headline\":\"Foire des produits de la mer d\u2019Agadir \u201cAliotis\u201d : \u00ab La recherche et l\u2019innovation pour une p\u00eache durable \u00bb\",\"datePublished\":\"2025-02-06T20:44:03+00:00\",\"mainEntityOfPage\":{\"@id\":\"https:\\\/\\\/lequotidien.mr\\\/?p=25225&lang=fr\"},\"wordCount\":662,\"commentCount\":0,\"publisher\":{\"@id\":\"https:\\\/\\\/lequotidien.mr\\\/#organization\"},\"image\":{\"@id\":\"https:\\\/\\\/lequotidien.mr\\\/?p=25225&lang=fr#primaryimage\"},\"thumbnailUrl\":\"https:\\\/\\\/lequotidien.mr\\\/wp-content\\\/uploads\\\/2025\\\/02\\\/photo-foire-pdts-mer.jpg\",\"articleSection\":[\"ACTUALIT\u00c9\",\"Economie\"],\"inLanguage\":\"ar\",\"potentialAction\":[{\"@type\":\"CommentAction\",\"name\":\"Comment\",\"target\":[\"https:\\\/\\\/lequotidien.mr\\\/?p=25225&lang=fr#respond\"]}]},{\"@type\":\"WebPage\",\"@id\":\"https:\\\/\\\/lequotidien.mr\\\/?p=25225&lang=fr\",\"url\":\"https:\\\/\\\/lequotidien.mr\\\/?p=25225&lang=fr\",\"name\":\"Foire des produits de la mer d\u2019Agadir \u201cAliotis\u201d : \u00ab La recherche et l\u2019innovation pour une p\u00eache durable \u00bb - Le Quotidien de Nouakchott\",\"isPartOf\":{\"@id\":\"https:\\\/\\\/lequotidien.mr\\\/#website\"},\"primaryImageOfPage\":{\"@id\":\"https:\\\/\\\/lequotidien.mr\\\/?p=25225&lang=fr#primaryimage\"},\"image\":{\"@id\":\"https:\\\/\\\/lequotidien.mr\\\/?p=25225&lang=fr#primaryimage\"},\"thumbnailUrl\":\"https:\\\/\\\/lequotidien.mr\\\/wp-content\\\/uploads\\\/2025\\\/02\\\/photo-foire-pdts-mer.jpg\",\"datePublished\":\"2025-02-06T20:44:03+00:00\",\"breadcrumb\":{\"@id\":\"https:\\\/\\\/lequotidien.mr\\\/?p=25225&lang=fr#breadcrumb\"},\"inLanguage\":\"ar\",\"potentialAction\":[{\"@type\":\"ReadAction\",\"target\":[\"https:\\\/\\\/lequotidien.mr\\\/?p=25225&lang=fr\"]}]},{\"@type\":\"ImageObject\",\"inLanguage\":\"ar\",\"@id\":\"https:\\\/\\\/lequotidien.mr\\\/?p=25225&lang=fr#primaryimage\",\"url\":\"https:\\\/\\\/lequotidien.mr\\\/wp-content\\\/uploads\\\/2025\\\/02\\\/photo-foire-pdts-mer.jpg\",\"contentUrl\":\"https:\\\/\\\/lequotidien.mr\\\/wp-content\\\/uploads\\\/2025\\\/02\\\/photo-foire-pdts-mer.jpg\",\"width\":750,\"height\":430},{\"@type\":\"BreadcrumbList\",\"@id\":\"https:\\\/\\\/lequotidien.mr\\\/?p=25225&lang=fr#breadcrumb\",\"itemListElement\":[{\"@type\":\"ListItem\",\"position\":1,\"name\":\"Home\",\"item\":\"https:\\\/\\\/lequotidien.mr\\\/\"},{\"@type\":\"ListItem\",\"position\":2,\"name\":\"Foire des produits de la mer d\u2019Agadir \u201cAliotis\u201d : \u00ab La recherche et l\u2019innovation pour une p\u00eache durable \u00bb\"}]},{\"@type\":\"WebSite\",\"@id\":\"https:\\\/\\\/lequotidien.mr\\\/#website\",\"url\":\"https:\\\/\\\/lequotidien.mr\\\/\",\"name\":\"Le Quotidien de Nouakchott\",\"description\":\"\u0625\u062e\u0628\u0627\u0631\u064a\u0629 \u0645\u0633\u062a\u0642\u0644\u0629 \u0644\u0644\u0623\u0646\u0628\u0627\u0621 \u0627\u0644\u0639\u0627\u0645\u0629\",\"publisher\":{\"@id\":\"https:\\\/\\\/lequotidien.mr\\\/#organization\"},\"potentialAction\":[{\"@type\":\"SearchAction\",\"target\":{\"@type\":\"EntryPoint\",\"urlTemplate\":\"https:\\\/\\\/lequotidien.mr\\\/?s={search_term_string}\"},\"query-input\":{\"@type\":\"PropertyValueSpecification\",\"valueRequired\":true,\"valueName\":\"search_term_string\"}}],\"inLanguage\":\"ar\"},{\"@type\":\"Organization\",\"@id\":\"https:\\\/\\\/lequotidien.mr\\\/#organization\",\"name\":\"Le Quotidien de Nouakchott\",\"url\":\"https:\\\/\\\/lequotidien.mr\\\/\",\"logo\":{\"@type\":\"ImageObject\",\"inLanguage\":\"ar\",\"@id\":\"https:\\\/\\\/lequotidien.mr\\\/#\\\/schema\\\/logo\\\/image\\\/\",\"url\":\"https:\\\/\\\/lequotidien.mr\\\/wp-content\\\/uploads\\\/2022\\\/11\\\/logolequotidien.jpg\",\"contentUrl\":\"https:\\\/\\\/lequotidien.mr\\\/wp-content\\\/uploads\\\/2022\\\/11\\\/logolequotidien.jpg\",\"width\":290,\"height\":65,\"caption\":\"Le Quotidien de Nouakchott\"},\"image\":{\"@id\":\"https:\\\/\\\/lequotidien.mr\\\/#\\\/schema\\\/logo\\\/image\\\/\"},\"sameAs\":[\"https:\\\/\\\/web.facebook.com\\\/lequotidienmr\",\"https:\\\/\\\/x.com\\\/lequotidienmr\"]},{\"@type\":\"Person\",\"@id\":\"https:\\\/\\\/lequotidien.mr\\\/#\\\/schema\\\/person\\\/d2d350202a4d599685ed8abc25f97596\",\"name\":\"Med Ahmed\",\"image\":{\"@type\":\"ImageObject\",\"inLanguage\":\"ar\",\"@id\":\"https:\\\/\\\/secure.gravatar.com\\\/avatar\\\/fd2acc62ed50732923d1d39c17172c9b04149f142be92310ecc69e1358f94b52?s=96&d=mm&r=g\",\"url\":\"https:\\\/\\\/secure.gravatar.com\\\/avatar\\\/fd2acc62ed50732923d1d39c17172c9b04149f142be92310ecc69e1358f94b52?s=96&d=mm&r=g\",\"contentUrl\":\"https:\\\/\\\/secure.gravatar.com\\\/avatar\\\/fd2acc62ed50732923d1d39c17172c9b04149f142be92310ecc69e1358f94b52?s=96&d=mm&r=g\",\"caption\":\"Med Ahmed\"},\"url\":\"https:\\\/\\\/lequotidien.mr\\\/?author=12\"}]}<\/script>\n<!-- \/ Yoast SEO plugin. -->","yoast_head_json":{"title":"Foire des produits de la mer d\u2019Agadir \u201cAliotis\u201d : \u00ab La recherche et l\u2019innovation pour une p\u00eache durable \u00bb - Le Quotidien de Nouakchott","robots":{"index":"index","follow":"follow","max-snippet":"max-snippet:-1","max-image-preview":"max-image-preview:large","max-video-preview":"max-video-preview:-1"},"canonical":"https:\/\/lequotidien.mr\/?p=25225&lang=fr","og_locale":"ar_AR","og_type":"article","og_title":"Foire des produits de la mer d\u2019Agadir \u201cAliotis\u201d : \u00ab La recherche et l\u2019innovation pour une p\u00eache durable \u00bb - Le Quotidien de Nouakchott","og_description":"Le ministre de la P\u00eache, des Infrastructures Maritimes et Portuaires, M. El Vadhil Sidaty Ahmed Louly, a particip\u00e9, ce mercredi \u00e0 Agadir au Maroc, \u00e0 la\u00a0c\u00e9r\u00e9monie d\u2019ouverture de la 7\u00e8me \u00e9dition de la foire des produits de la mer d\u2019Agadir \u201cAliotis\u201d. Plac\u00e9e sous le th\u00e8me\u00a0\u201cLa recherche et l\u2019innovation pour une p\u00eache durable\u201d, cette \u00e9dition met.....","og_url":"https:\/\/lequotidien.mr\/?p=25225&lang=fr","og_site_name":"Le Quotidien de Nouakchott","article_publisher":"https:\/\/web.facebook.com\/lequotidienmr","article_published_time":"2025-02-06T20:44:03+00:00","og_image":[{"width":750,"height":430,"url":"https:\/\/lequotidien.mr\/wp-content\/uploads\/2025\/02\/photo-foire-pdts-mer.jpg","type":"image\/jpeg"}],"author":"Med Ahmed","twitter_card":"summary_large_image","twitter_creator":"@lequotidienmr","twitter_site":"@lequotidienmr","twitter_misc":{"\u0643\u064f\u062a\u0628 \u0628\u0648\u0627\u0633\u0637\u0629":"Med Ahmed","\u0648\u0642\u062a \u0627\u0644\u0642\u0631\u0627\u0621\u0629 \u0627\u0644\u0645\u064f\u0642\u062f\u0651\u0631":"3 \u062f\u0642\u0627\u0626\u0642"},"schema":{"@context":"https:\/\/schema.org","@graph":[{"@type":"Article","@id":"https:\/\/lequotidien.mr\/?p=25225&lang=fr#article","isPartOf":{"@id":"https:\/\/lequotidien.mr\/?p=25225&lang=fr"},"author":{"name":"Med Ahmed","@id":"https:\/\/lequotidien.mr\/#\/schema\/person\/d2d350202a4d599685ed8abc25f97596"},"headline":"Foire des produits de la mer d\u2019Agadir \u201cAliotis\u201d : \u00ab La recherche et l\u2019innovation pour une p\u00eache durable \u00bb","datePublished":"2025-02-06T20:44:03+00:00","mainEntityOfPage":{"@id":"https:\/\/lequotidien.mr\/?p=25225&lang=fr"},"wordCount":662,"commentCount":0,"publisher":{"@id":"https:\/\/lequotidien.mr\/#organization"},"image":{"@id":"https:\/\/lequotidien.mr\/?p=25225&lang=fr#primaryimage"},"thumbnailUrl":"https:\/\/lequotidien.mr\/wp-content\/uploads\/2025\/02\/photo-foire-pdts-mer.jpg","articleSection":["ACTUALIT\u00c9","Economie"],"inLanguage":"ar","potentialAction":[{"@type":"CommentAction","name":"Comment","target":["https:\/\/lequotidien.mr\/?p=25225&lang=fr#respond"]}]},{"@type":"WebPage","@id":"https:\/\/lequotidien.mr\/?p=25225&lang=fr","url":"https:\/\/lequotidien.mr\/?p=25225&lang=fr","name":"Foire des produits de la mer d\u2019Agadir \u201cAliotis\u201d : \u00ab La recherche et l\u2019innovation pour une p\u00eache durable \u00bb - Le Quotidien de Nouakchott","isPartOf":{"@id":"https:\/\/lequotidien.mr\/#website"},"primaryImageOfPage":{"@id":"https:\/\/lequotidien.mr\/?p=25225&lang=fr#primaryimage"},"image":{"@id":"https:\/\/lequotidien.mr\/?p=25225&lang=fr#primaryimage"},"thumbnailUrl":"https:\/\/lequotidien.mr\/wp-content\/uploads\/2025\/02\/photo-foire-pdts-mer.jpg","datePublished":"2025-02-06T20:44:03+00:00","breadcrumb":{"@id":"https:\/\/lequotidien.mr\/?p=25225&lang=fr#breadcrumb"},"inLanguage":"ar","potentialAction":[{"@type":"ReadAction","target":["https:\/\/lequotidien.mr\/?p=25225&lang=fr"]}]},{"@type":"ImageObject","inLanguage":"ar","@id":"https:\/\/lequotidien.mr\/?p=25225&lang=fr#primaryimage","url":"https:\/\/lequotidien.mr\/wp-content\/uploads\/2025\/02\/photo-foire-pdts-mer.jpg","contentUrl":"https:\/\/lequotidien.mr\/wp-content\/uploads\/2025\/02\/photo-foire-pdts-mer.jpg","width":750,"height":430},{"@type":"BreadcrumbList","@id":"https:\/\/lequotidien.mr\/?p=25225&lang=fr#breadcrumb","itemListElement":[{"@type":"ListItem","position":1,"name":"Home","item":"https:\/\/lequotidien.mr\/"},{"@type":"ListItem","position":2,"name":"Foire des produits de la mer d\u2019Agadir \u201cAliotis\u201d : \u00ab La recherche et l\u2019innovation pour une p\u00eache durable \u00bb"}]},{"@type":"WebSite","@id":"https:\/\/lequotidien.mr\/#website","url":"https:\/\/lequotidien.mr\/","name":"Le Quotidien de Nouakchott","description":"\u0625\u062e\u0628\u0627\u0631\u064a\u0629 \u0645\u0633\u062a\u0642\u0644\u0629 \u0644\u0644\u0623\u0646\u0628\u0627\u0621 \u0627\u0644\u0639\u0627\u0645\u0629","publisher":{"@id":"https:\/\/lequotidien.mr\/#organization"},"potentialAction":[{"@type":"SearchAction","target":{"@type":"EntryPoint","urlTemplate":"https:\/\/lequotidien.mr\/?s={search_term_string}"},"query-input":{"@type":"PropertyValueSpecification","valueRequired":true,"valueName":"search_term_string"}}],"inLanguage":"ar"},{"@type":"Organization","@id":"https:\/\/lequotidien.mr\/#organization","name":"Le Quotidien de Nouakchott","url":"https:\/\/lequotidien.mr\/","logo":{"@type":"ImageObject","inLanguage":"ar","@id":"https:\/\/lequotidien.mr\/#\/schema\/logo\/image\/","url":"https:\/\/lequotidien.mr\/wp-content\/uploads\/2022\/11\/logolequotidien.jpg","contentUrl":"https:\/\/lequotidien.mr\/wp-content\/uploads\/2022\/11\/logolequotidien.jpg","width":290,"height":65,"caption":"Le Quotidien de Nouakchott"},"image":{"@id":"https:\/\/lequotidien.mr\/#\/schema\/logo\/image\/"},"sameAs":["https:\/\/web.facebook.com\/lequotidienmr","https:\/\/x.com\/lequotidienmr"]},{"@type":"Person","@id":"https:\/\/lequotidien.mr\/#\/schema\/person\/d2d350202a4d599685ed8abc25f97596","name":"Med Ahmed","image":{"@type":"ImageObject","inLanguage":"ar","@id":"https:\/\/secure.gravatar.com\/avatar\/fd2acc62ed50732923d1d39c17172c9b04149f142be92310ecc69e1358f94b52?s=96&d=mm&r=g","url":"https:\/\/secure.gravatar.com\/avatar\/fd2acc62ed50732923d1d39c17172c9b04149f142be92310ecc69e1358f94b52?s=96&d=mm&r=g","contentUrl":"https:\/\/secure.gravatar.com\/avatar\/fd2acc62ed50732923d1d39c17172c9b04149f142be92310ecc69e1358f94b52?s=96&d=mm&r=g","caption":"Med Ahmed"},"url":"https:\/\/lequotidien.mr\/?author=12"}]}},"_links":{"self":[{"href":"https:\/\/lequotidien.mr\/index.php?rest_route=\/wp\/v2\/posts\/25225","targetHints":{"allow":["GET"]}}],"collection":[{"href":"https:\/\/lequotidien.mr\/index.php?rest_route=\/wp\/v2\/posts"}],"about":[{"href":"https:\/\/lequotidien.mr\/index.php?rest_route=\/wp\/v2\/types\/post"}],"author":[{"embeddable":true,"href":"https:\/\/lequotidien.mr\/index.php?rest_route=\/wp\/v2\/users\/12"}],"replies":[{"embeddable":true,"href":"https:\/\/lequotidien.mr\/index.php?rest_route=%2Fwp%2Fv2%2Fcomments&post=25225"}],"version-history":[{"count":1,"href":"https:\/\/lequotidien.mr\/index.php?rest_route=\/wp\/v2\/posts\/25225\/revisions"}],"predecessor-version":[{"id":25227,"href":"https:\/\/lequotidien.mr\/index.php?rest_route=\/wp\/v2\/posts\/25225\/revisions\/25227"}],"wp:featuredmedia":[{"embeddable":true,"href":"https:\/\/lequotidien.mr\/index.php?rest_route=\/wp\/v2\/media\/25226"}],"wp:attachment":[{"href":"https:\/\/lequotidien.mr\/index.php?rest_route=%2Fwp%2Fv2%2Fmedia&parent=25225"}],"wp:term":[{"taxonomy":"category","embeddable":true,"href":"https:\/\/lequotidien.mr\/index.php?rest_route=%2Fwp%2Fv2%2Fcategories&post=25225"},{"taxonomy":"post_tag","embeddable":true,"href":"https:\/\/lequotidien.mr\/index.php?rest_route=%2Fwp%2Fv2%2Ftags&post=25225"}],"curies":[{"name":"wp","href":"https:\/\/api.w.org\/{rel}","templated":true}]}}