{"id":25217,"date":"2025-02-06T20:24:24","date_gmt":"2025-02-06T20:24:24","guid":{"rendered":"https:\/\/lequotidien.mr\/?p=25217"},"modified":"2025-02-06T20:24:24","modified_gmt":"2025-02-06T20:24:24","slug":"lancement-des-travaux-du-comite-de-selection-des-membres-de-lobservatoire-national-des-droits-de-la-femme-et-de-la-fille","status":"publish","type":"post","link":"https:\/\/lequotidien.mr\/?p=25217&lang=fr","title":{"rendered":"Lancement des travaux du comit\u00e9 de s\u00e9lection des membres de l\u2019Observatoire National des Droits de la Femme et de la Fille"},"content":{"rendered":"<p>La ministre de l\u2019Action Sociale, de l\u2019Enfance et de la Famille, Mme Savia N\u2019Tahah, a supervis\u00e9, ce mercredi \u00e0 Nouakchott, le\u00a0<strong>lancement des travaux du comit\u00e9 charg\u00e9 de s\u00e9lectionner les membres de l\u2019Observatoire National des Droits de la Femme et de la Fille<\/strong>. Cette initiative s\u2019inscrit dans le cadre de la mise en \u0153uvre de l\u2019arr\u00eat\u00e9 n\u00b0 93 du 31 janvier 2025, qui pr\u00e9voit la cr\u00e9ation de ce comit\u00e9 en vue de d\u00e9signer les membres de l\u2019Observatoire, une institution cl\u00e9 pour la protection et la promotion des droits des femmes et des filles en Mauritanie.<\/p>\n<p><strong>Une institution ind\u00e9pendante pour d\u00e9fendre les droits des femmes<\/strong><\/p>\n<p>Dans son discours d\u2019ouverture, Mme Savia N\u2019Tahah a rappel\u00e9 que la\u00a0<strong>violence \u00e0 l\u2019\u00e9gard des femmes et des filles<\/strong>\u00a0reste un d\u00e9fi majeur, prenant des formes diverses et touchant toutes les cultures, r\u00e9gions et cat\u00e9gories sociales. Elle a soulign\u00e9 que la protection des femmes et des filles occupe une place centrale dans les priorit\u00e9s du Pr\u00e9sident de la R\u00e9publique, Monsieur Mohamed Cheikh El Ghazouani, et se refl\u00e8te dans la politique g\u00e9n\u00e9rale du gouvernement, qui vise \u00e0 garantir\u00a0justice et protection\u00a0pour les femmes.<\/p>\n<p>La ministre a \u00e9galement rappel\u00e9 que le gouvernement a r\u00e9cemment approuv\u00e9 la cr\u00e9ation de l\u2019Observatoire National des Droits des Femmes et des Filles, une institution consultative ind\u00e9pendante dot\u00e9e d\u2019une autonomie administrative et financi\u00e8re. Cette structure a pour mission de\u00a0d\u00e9fendre et prot\u00e9ger les droits des femmes et des filles, de suivre et d\u2019\u00e9valuer les propositions visant \u00e0 promouvoir ces droits, et de les harmoniser avec les politiques publiques du gouvernement.<\/p>\n<p><strong>Un comit\u00e9 charg\u00e9 de s\u00e9lectionner les membres de l\u2019Observatoire<\/strong><\/p>\n<p>Le comit\u00e9, dont les travaux ont \u00e9t\u00e9 lanc\u00e9s ce mercredi, est charg\u00e9 de superviser l\u2019\u00e9lection des membres de l\u2019Observatoire. Ces membres seront issus des\u00a0organisations concern\u00e9es par les droits des femmes et des filles, en respectant des proc\u00e9dures de s\u00e9lection rigoureuses. Le comit\u00e9 \u00e9tablira une liste de classement des candidates en fonction de leur affiliation professionnelle et s\u00e9lectionnera les membres de l\u2019Observatoire parmi les candidates les plus qualifi\u00e9es.<\/p>\n<p>Mme Savia N\u2019Tahah a exprim\u00e9 son honneur de diriger ce comit\u00e9 national, tout en appelant \u00e0 la\u00a0diligence\u00a0et au\u00a0sens des responsabilit\u00e9s\u00a0pour choisir les personnes les plus aptes \u00e0 diriger cette institution nationale. Elle a \u00e9galement salu\u00e9 la\u00a0diversit\u00e9\u00a0et la\u00a0richesse des exp\u00e9riences\u00a0des membres du comit\u00e9, exprimant sa confiance dans leur capacit\u00e9 \u00e0 atteindre les r\u00e9sultats attendus.<\/p>\n<p><strong>Un engagement fort en faveur de l\u2019\u00e9galit\u00e9 et de la justice<\/strong><\/p>\n<p>La ministre a r\u00e9it\u00e9r\u00e9 l\u2019engagement du gouvernement \u00e0 lutter contre les violences faites aux femmes et \u00e0 promouvoir leurs droits. Elle a rappel\u00e9 que l\u2019Observatoire jouera un r\u00f4le crucial dans la\u00a0<strong>surveillance<\/strong>, l\u2019<strong>\u00e9valuation<\/strong>\u00a0et la\u00a0<strong>proposition<\/strong>\u00a0de mesures visant \u00e0 am\u00e9liorer la condition des femmes et des filles en Mauritanie. \u00ab Cette institution sera un pilier essentiel pour garantir que les droits des femmes soient respect\u00e9s et que leur voix soit entendue \u00bb, a-t-elle d\u00e9clar\u00e9.<\/p>\n<p>La c\u00e9r\u00e9monie de lancement des travaux du comit\u00e9 s\u2019est d\u00e9roul\u00e9e en pr\u00e9sence du\u00a0secr\u00e9taire g\u00e9n\u00e9ral du minist\u00e8re\u00a0et de plusieurs cadres du d\u00e9partement. Cette mobilisation t\u00e9moigne de l\u2019importance accord\u00e9e \u00e0 cette initiative et de la volont\u00e9 du gouvernement de mettre en place des m\u00e9canismes efficaces pour prot\u00e9ger et promouvoir les droits des femmes et des filles.<\/p>\n<p><strong>Vers un avenir plus juste et \u00e9quitable<\/strong><\/p>\n<p>Le lancement des travaux du comit\u00e9 marque une \u00e9tape importante dans la mise en place de l\u2019Observatoire National des Droits de la Femme et de la Fille. Cette institution, une fois op\u00e9rationnelle, contribuera \u00e0 renforcer les efforts du gouvernement en faveur de l\u2019<strong>\u00e9galit\u00e9 des genres<\/strong>\u00a0et de la\u00a0<strong>justice sociale<\/strong>, tout en offrant un cadre institutionnel pour la protection et la promotion des droits des femmes et des filles en Mauritanie.<\/p>\n<p>Avec cette initiative, la Mauritanie r\u00e9affirme son engagement \u00e0 construire une soci\u00e9t\u00e9 plus inclusive et \u00e9quitable, o\u00f9 les femmes et les filles peuvent vivre \u00e0 l\u2019abri de la violence et jouir pleinement de leurs droits.<\/p>\n","protected":false},"excerpt":{"rendered":"<p>La ministre de l\u2019Action Sociale, de l\u2019Enfance et de la Famille, Mme Savia N\u2019Tahah, a supervis\u00e9, ce mercredi \u00e0 Nouakchott, le\u00a0lancement des travaux du comit\u00e9 charg\u00e9 de s\u00e9lectionner les membres de l\u2019Observatoire National des Droits de la Femme et de la Fille. Cette initiative s\u2019inscrit dans le cadre de la mise en \u0153uvre de l\u2019arr\u00eat\u00e9&#8230;..<\/p>\n","protected":false},"author":12,"featured_media":25223,"comment_status":"open","ping_status":"open","sticky":false,"template":"","format":"standard","meta":{"footnotes":""},"categories":[23,55],"tags":[],"class_list":["post-25217","post","type-post","status-publish","format-standard","has-post-thumbnail","hentry","category-actualite","category-culture"],"yoast_head":"<!-- This site is optimized with the Yoast SEO plugin v27.5 - https:\/\/yoast.com\/product\/yoast-seo-wordpress\/ -->\n<title>Lancement des travaux du comit\u00e9 de s\u00e9lection des membres de l\u2019Observatoire National des Droits de la Femme et de la Fille - Le Quotidien de Nouakchott<\/title>\n<meta name=\"robots\" content=\"index, follow, max-snippet:-1, max-image-preview:large, max-video-preview:-1\" \/>\n<link rel=\"canonical\" href=\"https:\/\/lequotidien.mr\/?p=25217&lang=fr\" \/>\n<meta property=\"og:locale\" content=\"ar_AR\" \/>\n<meta property=\"og:type\" content=\"article\" \/>\n<meta property=\"og:title\" content=\"Lancement des travaux du comit\u00e9 de s\u00e9lection des membres de l\u2019Observatoire National des Droits de la Femme et de la Fille - Le Quotidien de Nouakchott\" \/>\n<meta property=\"og:description\" content=\"La ministre de l\u2019Action Sociale, de l\u2019Enfance et de la Famille, Mme Savia N\u2019Tahah, a supervis\u00e9, ce mercredi \u00e0 Nouakchott, le\u00a0lancement des travaux du comit\u00e9 charg\u00e9 de s\u00e9lectionner les membres de l\u2019Observatoire National des Droits de la Femme et de la Fille. Cette initiative s\u2019inscrit dans le cadre de la mise en \u0153uvre de l\u2019arr\u00eat\u00e9.....\" \/>\n<meta property=\"og:url\" content=\"https:\/\/lequotidien.mr\/?p=25217&amp;lang=fr\" \/>\n<meta property=\"og:site_name\" content=\"Le Quotidien de Nouakchott\" \/>\n<meta property=\"article:publisher\" content=\"https:\/\/web.facebook.com\/lequotidienmr\" \/>\n<meta property=\"article:published_time\" content=\"2025-02-06T20:24:24+00:00\" \/>\n<meta property=\"og:image\" content=\"https:\/\/lequotidien.mr\/wp-content\/uploads\/2025\/02\/photo-observatoire-femmes-2.jpg\" \/>\n\t<meta property=\"og:image:width\" content=\"750\" \/>\n\t<meta property=\"og:image:height\" content=\"430\" \/>\n\t<meta property=\"og:image:type\" content=\"image\/jpeg\" \/>\n<meta name=\"author\" content=\"Med Ahmed\" \/>\n<meta name=\"twitter:card\" content=\"summary_large_image\" \/>\n<meta name=\"twitter:creator\" content=\"@lequotidienmr\" \/>\n<meta name=\"twitter:site\" content=\"@lequotidienmr\" \/>\n<meta name=\"twitter:label1\" content=\"\u0643\u064f\u062a\u0628 \u0628\u0648\u0627\u0633\u0637\u0629\" \/>\n\t<meta name=\"twitter:data1\" content=\"Med Ahmed\" \/>\n\t<meta name=\"twitter:label2\" content=\"\u0648\u0642\u062a \u0627\u0644\u0642\u0631\u0627\u0621\u0629 \u0627\u0644\u0645\u064f\u0642\u062f\u0651\u0631\" \/>\n\t<meta name=\"twitter:data2\" content=\"4 \u062f\u0642\u0627\u0626\u0642\" \/>\n<script type=\"application\/ld+json\" class=\"yoast-schema-graph\">{\"@context\":\"https:\\\/\\\/schema.org\",\"@graph\":[{\"@type\":\"Article\",\"@id\":\"https:\\\/\\\/lequotidien.mr\\\/?p=25217&lang=fr#article\",\"isPartOf\":{\"@id\":\"https:\\\/\\\/lequotidien.mr\\\/?p=25217&lang=fr\"},\"author\":{\"name\":\"Med Ahmed\",\"@id\":\"https:\\\/\\\/lequotidien.mr\\\/#\\\/schema\\\/person\\\/d2d350202a4d599685ed8abc25f97596\"},\"headline\":\"Lancement des travaux du comit\u00e9 de s\u00e9lection des membres de l\u2019Observatoire National des Droits de la Femme et de la Fille\",\"datePublished\":\"2025-02-06T20:24:24+00:00\",\"mainEntityOfPage\":{\"@id\":\"https:\\\/\\\/lequotidien.mr\\\/?p=25217&lang=fr\"},\"wordCount\":737,\"commentCount\":0,\"publisher\":{\"@id\":\"https:\\\/\\\/lequotidien.mr\\\/#organization\"},\"image\":{\"@id\":\"https:\\\/\\\/lequotidien.mr\\\/?p=25217&lang=fr#primaryimage\"},\"thumbnailUrl\":\"https:\\\/\\\/lequotidien.mr\\\/wp-content\\\/uploads\\\/2025\\\/02\\\/photo-observatoire-femmes-2.jpg\",\"articleSection\":[\"ACTUALIT\u00c9\",\"Culture\"],\"inLanguage\":\"ar\",\"potentialAction\":[{\"@type\":\"CommentAction\",\"name\":\"Comment\",\"target\":[\"https:\\\/\\\/lequotidien.mr\\\/?p=25217&lang=fr#respond\"]}]},{\"@type\":\"WebPage\",\"@id\":\"https:\\\/\\\/lequotidien.mr\\\/?p=25217&lang=fr\",\"url\":\"https:\\\/\\\/lequotidien.mr\\\/?p=25217&lang=fr\",\"name\":\"Lancement des travaux du comit\u00e9 de s\u00e9lection des membres de l\u2019Observatoire National des Droits de la Femme et de la Fille - Le Quotidien de Nouakchott\",\"isPartOf\":{\"@id\":\"https:\\\/\\\/lequotidien.mr\\\/#website\"},\"primaryImageOfPage\":{\"@id\":\"https:\\\/\\\/lequotidien.mr\\\/?p=25217&lang=fr#primaryimage\"},\"image\":{\"@id\":\"https:\\\/\\\/lequotidien.mr\\\/?p=25217&lang=fr#primaryimage\"},\"thumbnailUrl\":\"https:\\\/\\\/lequotidien.mr\\\/wp-content\\\/uploads\\\/2025\\\/02\\\/photo-observatoire-femmes-2.jpg\",\"datePublished\":\"2025-02-06T20:24:24+00:00\",\"breadcrumb\":{\"@id\":\"https:\\\/\\\/lequotidien.mr\\\/?p=25217&lang=fr#breadcrumb\"},\"inLanguage\":\"ar\",\"potentialAction\":[{\"@type\":\"ReadAction\",\"target\":[\"https:\\\/\\\/lequotidien.mr\\\/?p=25217&lang=fr\"]}]},{\"@type\":\"ImageObject\",\"inLanguage\":\"ar\",\"@id\":\"https:\\\/\\\/lequotidien.mr\\\/?p=25217&lang=fr#primaryimage\",\"url\":\"https:\\\/\\\/lequotidien.mr\\\/wp-content\\\/uploads\\\/2025\\\/02\\\/photo-observatoire-femmes-2.jpg\",\"contentUrl\":\"https:\\\/\\\/lequotidien.mr\\\/wp-content\\\/uploads\\\/2025\\\/02\\\/photo-observatoire-femmes-2.jpg\",\"width\":750,\"height\":430},{\"@type\":\"BreadcrumbList\",\"@id\":\"https:\\\/\\\/lequotidien.mr\\\/?p=25217&lang=fr#breadcrumb\",\"itemListElement\":[{\"@type\":\"ListItem\",\"position\":1,\"name\":\"Home\",\"item\":\"https:\\\/\\\/lequotidien.mr\\\/\"},{\"@type\":\"ListItem\",\"position\":2,\"name\":\"Lancement des travaux du comit\u00e9 de s\u00e9lection des membres de l\u2019Observatoire National des Droits de la Femme et de la Fille\"}]},{\"@type\":\"WebSite\",\"@id\":\"https:\\\/\\\/lequotidien.mr\\\/#website\",\"url\":\"https:\\\/\\\/lequotidien.mr\\\/\",\"name\":\"Le Quotidien de Nouakchott\",\"description\":\"\u0625\u062e\u0628\u0627\u0631\u064a\u0629 \u0645\u0633\u062a\u0642\u0644\u0629 \u0644\u0644\u0623\u0646\u0628\u0627\u0621 \u0627\u0644\u0639\u0627\u0645\u0629\",\"publisher\":{\"@id\":\"https:\\\/\\\/lequotidien.mr\\\/#organization\"},\"potentialAction\":[{\"@type\":\"SearchAction\",\"target\":{\"@type\":\"EntryPoint\",\"urlTemplate\":\"https:\\\/\\\/lequotidien.mr\\\/?s={search_term_string}\"},\"query-input\":{\"@type\":\"PropertyValueSpecification\",\"valueRequired\":true,\"valueName\":\"search_term_string\"}}],\"inLanguage\":\"ar\"},{\"@type\":\"Organization\",\"@id\":\"https:\\\/\\\/lequotidien.mr\\\/#organization\",\"name\":\"Le Quotidien de Nouakchott\",\"url\":\"https:\\\/\\\/lequotidien.mr\\\/\",\"logo\":{\"@type\":\"ImageObject\",\"inLanguage\":\"ar\",\"@id\":\"https:\\\/\\\/lequotidien.mr\\\/#\\\/schema\\\/logo\\\/image\\\/\",\"url\":\"https:\\\/\\\/lequotidien.mr\\\/wp-content\\\/uploads\\\/2022\\\/11\\\/logolequotidien.jpg\",\"contentUrl\":\"https:\\\/\\\/lequotidien.mr\\\/wp-content\\\/uploads\\\/2022\\\/11\\\/logolequotidien.jpg\",\"width\":290,\"height\":65,\"caption\":\"Le Quotidien de Nouakchott\"},\"image\":{\"@id\":\"https:\\\/\\\/lequotidien.mr\\\/#\\\/schema\\\/logo\\\/image\\\/\"},\"sameAs\":[\"https:\\\/\\\/web.facebook.com\\\/lequotidienmr\",\"https:\\\/\\\/x.com\\\/lequotidienmr\"]},{\"@type\":\"Person\",\"@id\":\"https:\\\/\\\/lequotidien.mr\\\/#\\\/schema\\\/person\\\/d2d350202a4d599685ed8abc25f97596\",\"name\":\"Med Ahmed\",\"image\":{\"@type\":\"ImageObject\",\"inLanguage\":\"ar\",\"@id\":\"https:\\\/\\\/secure.gravatar.com\\\/avatar\\\/fd2acc62ed50732923d1d39c17172c9b04149f142be92310ecc69e1358f94b52?s=96&d=mm&r=g\",\"url\":\"https:\\\/\\\/secure.gravatar.com\\\/avatar\\\/fd2acc62ed50732923d1d39c17172c9b04149f142be92310ecc69e1358f94b52?s=96&d=mm&r=g\",\"contentUrl\":\"https:\\\/\\\/secure.gravatar.com\\\/avatar\\\/fd2acc62ed50732923d1d39c17172c9b04149f142be92310ecc69e1358f94b52?s=96&d=mm&r=g\",\"caption\":\"Med Ahmed\"},\"url\":\"https:\\\/\\\/lequotidien.mr\\\/?author=12\"}]}<\/script>\n<!-- \/ Yoast SEO plugin. -->","yoast_head_json":{"title":"Lancement des travaux du comit\u00e9 de s\u00e9lection des membres de l\u2019Observatoire National des Droits de la Femme et de la Fille - Le Quotidien de Nouakchott","robots":{"index":"index","follow":"follow","max-snippet":"max-snippet:-1","max-image-preview":"max-image-preview:large","max-video-preview":"max-video-preview:-1"},"canonical":"https:\/\/lequotidien.mr\/?p=25217&lang=fr","og_locale":"ar_AR","og_type":"article","og_title":"Lancement des travaux du comit\u00e9 de s\u00e9lection des membres de l\u2019Observatoire National des Droits de la Femme et de la Fille - Le Quotidien de Nouakchott","og_description":"La ministre de l\u2019Action Sociale, de l\u2019Enfance et de la Famille, Mme Savia N\u2019Tahah, a supervis\u00e9, ce mercredi \u00e0 Nouakchott, le\u00a0lancement des travaux du comit\u00e9 charg\u00e9 de s\u00e9lectionner les membres de l\u2019Observatoire National des Droits de la Femme et de la Fille. Cette initiative s\u2019inscrit dans le cadre de la mise en \u0153uvre de l\u2019arr\u00eat\u00e9.....","og_url":"https:\/\/lequotidien.mr\/?p=25217&lang=fr","og_site_name":"Le Quotidien de Nouakchott","article_publisher":"https:\/\/web.facebook.com\/lequotidienmr","article_published_time":"2025-02-06T20:24:24+00:00","og_image":[{"width":750,"height":430,"url":"https:\/\/lequotidien.mr\/wp-content\/uploads\/2025\/02\/photo-observatoire-femmes-2.jpg","type":"image\/jpeg"}],"author":"Med Ahmed","twitter_card":"summary_large_image","twitter_creator":"@lequotidienmr","twitter_site":"@lequotidienmr","twitter_misc":{"\u0643\u064f\u062a\u0628 \u0628\u0648\u0627\u0633\u0637\u0629":"Med Ahmed","\u0648\u0642\u062a \u0627\u0644\u0642\u0631\u0627\u0621\u0629 \u0627\u0644\u0645\u064f\u0642\u062f\u0651\u0631":"4 \u062f\u0642\u0627\u0626\u0642"},"schema":{"@context":"https:\/\/schema.org","@graph":[{"@type":"Article","@id":"https:\/\/lequotidien.mr\/?p=25217&lang=fr#article","isPartOf":{"@id":"https:\/\/lequotidien.mr\/?p=25217&lang=fr"},"author":{"name":"Med Ahmed","@id":"https:\/\/lequotidien.mr\/#\/schema\/person\/d2d350202a4d599685ed8abc25f97596"},"headline":"Lancement des travaux du comit\u00e9 de s\u00e9lection des membres de l\u2019Observatoire National des Droits de la Femme et de la Fille","datePublished":"2025-02-06T20:24:24+00:00","mainEntityOfPage":{"@id":"https:\/\/lequotidien.mr\/?p=25217&lang=fr"},"wordCount":737,"commentCount":0,"publisher":{"@id":"https:\/\/lequotidien.mr\/#organization"},"image":{"@id":"https:\/\/lequotidien.mr\/?p=25217&lang=fr#primaryimage"},"thumbnailUrl":"https:\/\/lequotidien.mr\/wp-content\/uploads\/2025\/02\/photo-observatoire-femmes-2.jpg","articleSection":["ACTUALIT\u00c9","Culture"],"inLanguage":"ar","potentialAction":[{"@type":"CommentAction","name":"Comment","target":["https:\/\/lequotidien.mr\/?p=25217&lang=fr#respond"]}]},{"@type":"WebPage","@id":"https:\/\/lequotidien.mr\/?p=25217&lang=fr","url":"https:\/\/lequotidien.mr\/?p=25217&lang=fr","name":"Lancement des travaux du comit\u00e9 de s\u00e9lection des membres de l\u2019Observatoire National des Droits de la Femme et de la Fille - Le Quotidien de Nouakchott","isPartOf":{"@id":"https:\/\/lequotidien.mr\/#website"},"primaryImageOfPage":{"@id":"https:\/\/lequotidien.mr\/?p=25217&lang=fr#primaryimage"},"image":{"@id":"https:\/\/lequotidien.mr\/?p=25217&lang=fr#primaryimage"},"thumbnailUrl":"https:\/\/lequotidien.mr\/wp-content\/uploads\/2025\/02\/photo-observatoire-femmes-2.jpg","datePublished":"2025-02-06T20:24:24+00:00","breadcrumb":{"@id":"https:\/\/lequotidien.mr\/?p=25217&lang=fr#breadcrumb"},"inLanguage":"ar","potentialAction":[{"@type":"ReadAction","target":["https:\/\/lequotidien.mr\/?p=25217&lang=fr"]}]},{"@type":"ImageObject","inLanguage":"ar","@id":"https:\/\/lequotidien.mr\/?p=25217&lang=fr#primaryimage","url":"https:\/\/lequotidien.mr\/wp-content\/uploads\/2025\/02\/photo-observatoire-femmes-2.jpg","contentUrl":"https:\/\/lequotidien.mr\/wp-content\/uploads\/2025\/02\/photo-observatoire-femmes-2.jpg","width":750,"height":430},{"@type":"BreadcrumbList","@id":"https:\/\/lequotidien.mr\/?p=25217&lang=fr#breadcrumb","itemListElement":[{"@type":"ListItem","position":1,"name":"Home","item":"https:\/\/lequotidien.mr\/"},{"@type":"ListItem","position":2,"name":"Lancement des travaux du comit\u00e9 de s\u00e9lection des membres de l\u2019Observatoire National des Droits de la Femme et de la Fille"}]},{"@type":"WebSite","@id":"https:\/\/lequotidien.mr\/#website","url":"https:\/\/lequotidien.mr\/","name":"Le Quotidien de Nouakchott","description":"\u0625\u062e\u0628\u0627\u0631\u064a\u0629 \u0645\u0633\u062a\u0642\u0644\u0629 \u0644\u0644\u0623\u0646\u0628\u0627\u0621 \u0627\u0644\u0639\u0627\u0645\u0629","publisher":{"@id":"https:\/\/lequotidien.mr\/#organization"},"potentialAction":[{"@type":"SearchAction","target":{"@type":"EntryPoint","urlTemplate":"https:\/\/lequotidien.mr\/?s={search_term_string}"},"query-input":{"@type":"PropertyValueSpecification","valueRequired":true,"valueName":"search_term_string"}}],"inLanguage":"ar"},{"@type":"Organization","@id":"https:\/\/lequotidien.mr\/#organization","name":"Le Quotidien de Nouakchott","url":"https:\/\/lequotidien.mr\/","logo":{"@type":"ImageObject","inLanguage":"ar","@id":"https:\/\/lequotidien.mr\/#\/schema\/logo\/image\/","url":"https:\/\/lequotidien.mr\/wp-content\/uploads\/2022\/11\/logolequotidien.jpg","contentUrl":"https:\/\/lequotidien.mr\/wp-content\/uploads\/2022\/11\/logolequotidien.jpg","width":290,"height":65,"caption":"Le Quotidien de Nouakchott"},"image":{"@id":"https:\/\/lequotidien.mr\/#\/schema\/logo\/image\/"},"sameAs":["https:\/\/web.facebook.com\/lequotidienmr","https:\/\/x.com\/lequotidienmr"]},{"@type":"Person","@id":"https:\/\/lequotidien.mr\/#\/schema\/person\/d2d350202a4d599685ed8abc25f97596","name":"Med Ahmed","image":{"@type":"ImageObject","inLanguage":"ar","@id":"https:\/\/secure.gravatar.com\/avatar\/fd2acc62ed50732923d1d39c17172c9b04149f142be92310ecc69e1358f94b52?s=96&d=mm&r=g","url":"https:\/\/secure.gravatar.com\/avatar\/fd2acc62ed50732923d1d39c17172c9b04149f142be92310ecc69e1358f94b52?s=96&d=mm&r=g","contentUrl":"https:\/\/secure.gravatar.com\/avatar\/fd2acc62ed50732923d1d39c17172c9b04149f142be92310ecc69e1358f94b52?s=96&d=mm&r=g","caption":"Med Ahmed"},"url":"https:\/\/lequotidien.mr\/?author=12"}]}},"_links":{"self":[{"href":"https:\/\/lequotidien.mr\/index.php?rest_route=\/wp\/v2\/posts\/25217","targetHints":{"allow":["GET"]}}],"collection":[{"href":"https:\/\/lequotidien.mr\/index.php?rest_route=\/wp\/v2\/posts"}],"about":[{"href":"https:\/\/lequotidien.mr\/index.php?rest_route=\/wp\/v2\/types\/post"}],"author":[{"embeddable":true,"href":"https:\/\/lequotidien.mr\/index.php?rest_route=\/wp\/v2\/users\/12"}],"replies":[{"embeddable":true,"href":"https:\/\/lequotidien.mr\/index.php?rest_route=%2Fwp%2Fv2%2Fcomments&post=25217"}],"version-history":[{"count":1,"href":"https:\/\/lequotidien.mr\/index.php?rest_route=\/wp\/v2\/posts\/25217\/revisions"}],"predecessor-version":[{"id":25224,"href":"https:\/\/lequotidien.mr\/index.php?rest_route=\/wp\/v2\/posts\/25217\/revisions\/25224"}],"wp:featuredmedia":[{"embeddable":true,"href":"https:\/\/lequotidien.mr\/index.php?rest_route=\/wp\/v2\/media\/25223"}],"wp:attachment":[{"href":"https:\/\/lequotidien.mr\/index.php?rest_route=%2Fwp%2Fv2%2Fmedia&parent=25217"}],"wp:term":[{"taxonomy":"category","embeddable":true,"href":"https:\/\/lequotidien.mr\/index.php?rest_route=%2Fwp%2Fv2%2Fcategories&post=25217"},{"taxonomy":"post_tag","embeddable":true,"href":"https:\/\/lequotidien.mr\/index.php?rest_route=%2Fwp%2Fv2%2Ftags&post=25217"}],"curies":[{"name":"wp","href":"https:\/\/api.w.org\/{rel}","templated":true}]}}