{"id":25214,"date":"2025-02-06T19:09:41","date_gmt":"2025-02-06T19:09:41","guid":{"rendered":"https:\/\/lequotidien.mr\/?p=25214"},"modified":"2025-02-06T19:09:41","modified_gmt":"2025-02-06T19:09:41","slug":"atelier-a-aleg-sur-les-champs-dintervention-du-projet-dappui-a-lemployabilite-et-a-linsertion-sociale-des-jeunes-vulnerables-dans-le-brakna","status":"publish","type":"post","link":"https:\/\/lequotidien.mr\/?p=25214&lang=fr","title":{"rendered":"Atelier \u00e0 Aleg sur les champs d\u2019intervention du projet d\u2019appui \u00e0 l\u2019employabilit\u00e9 et \u00e0 l\u2019insertion sociale des jeunes vuln\u00e9rables dans le Brakna"},"content":{"rendered":"<p>La ville d\u2019Aleg a accueilli, ce mercredi, un\u00a0<strong>atelier de formation<\/strong>\u00a0consacr\u00e9 \u00e0 la pr\u00e9sentation du\u00a0<strong>guide simplifi\u00e9 des m\u00e9thodes de protection environnementale et sociale<\/strong>\u00a0ainsi qu\u2019au\u00a0<strong>m\u00e9canisme de gestion des plaintes<\/strong>\u00a0dans le cadre du projet d\u2019appui \u00e0 l\u2019employabilit\u00e9 et \u00e0 l\u2019insertion sociale et \u00e9conomique des jeunes vuln\u00e9rables dans la wilaya du Brakna. Organis\u00e9 par le\u00a0<strong>minist\u00e8re de l\u2019Autonomisation des Jeunes, de l\u2019Emploi, des Sports et du Service civique<\/strong>, cet atelier vise \u00e0 informer les autorit\u00e9s administratives, les \u00e9lus locaux, les organisations de la soci\u00e9t\u00e9 civile et les comit\u00e9s charg\u00e9s du r\u00e8glement des dol\u00e9ances sur les contours de ce projet ambitieux.<\/p>\n<p><strong>Un projet au c\u0153ur des priorit\u00e9s pr\u00e9sidentielles<\/strong><\/p>\n<p>Le wali du Brakna, M. Mohamed Salek, a supervis\u00e9 l\u2019ouverture de l\u2019atelier et a soulign\u00e9 l\u2019importance de ce projet, qui cible sp\u00e9cifiquement les\u00a0<strong>groupes vuln\u00e9rables et les jeunes<\/strong>\u00a0de la wilaya. \u00ab Ces groupes b\u00e9n\u00e9ficient d\u2019une attention particuli\u00e8re dans le programme communautaire du Pr\u00e9sident de la R\u00e9publique, Monsieur Mohamed Cheikh El Ghazouani, et figurent en t\u00eate de ses priorit\u00e9s \u00bb, a-t-il d\u00e9clar\u00e9. Le projet vise \u00e0 accompagner les jeunes \u00e2g\u00e9s de\u00a0<strong>15 \u00e0 24 ans<\/strong>\u00a0qui ne travaillent pas, ne sont pas scolaris\u00e9s ou ne suivent aucune formation, en leur offrant des\u00a0<strong>comp\u00e9tences techniques<\/strong>, une\u00a0<strong>formation professionnelle<\/strong>\u00a0et un\u00a0<strong>soutien financier<\/strong>\u00a0pour am\u00e9liorer leurs perspectives d\u2019emploi et d\u2019entrepreneuriat.<\/p>\n<p>Le projet pr\u00e9voit de former\u00a0<strong>4 000 jeunes<\/strong>\u00a0aux\u00a0<strong>comp\u00e9tences de vie<\/strong>\u00a0et de fournir \u00e0\u00a0<strong>850 jeunes<\/strong>\u00a0une formation technique en r\u00e9adaptation. Par ailleurs,\u00a0<strong>700 jeunes<\/strong>\u00a0b\u00e9n\u00e9ficieront d\u2019un soutien financier et technique pour lancer des\u00a0<strong>petits projets g\u00e9n\u00e9rateurs de revenus<\/strong>. Ces initiatives visent \u00e0 renforcer l\u2019autonomie des jeunes et \u00e0 contribuer au d\u00e9veloppement local de la wilaya. Le maire de la commune d\u2019Aleg, M. Youssouf Cheikh El Ghadi, a salu\u00e9 l\u2019impact positif attendu de ce projet, tant pour la jeunesse du Brakna que pour l\u2019\u00e9conomie locale.<\/p>\n<p><strong>Un m\u00e9canisme de gestion des plaines et des protections environnementales<\/strong><\/p>\n<p>L\u2019expert consultant du projet, M. Mohamed Emine, a expliqu\u00e9 que l\u2019atelier comprendrait des pr\u00e9sentations th\u00e9oriques sur le\u00a0<strong>m\u00e9canisme de gestion des plaines<\/strong>\u00a0et les\u00a0<strong>modalit\u00e9s de protection environnementale et sociale<\/strong>. Ces \u00e9l\u00e9ments sont essentiels pour garantir que le projet respecte les normes environnementales et sociales tout en r\u00e9pondant aux pr\u00e9occupations des communaut\u00e9s locales. Financ\u00e9 par le\u00a0<strong>Groupe de la Banque africaine de d\u00e9veloppement<\/strong>\u00a0\u00e0 hauteur de\u00a0<strong>4 millions de dollars<\/strong>\u00a0sur une p\u00e9riode de\u00a0<strong>4 ans<\/strong>, ce projet s\u2019inscrit dans une d\u00e9marche de d\u00e9veloppement durable et inclusif.<\/p>\n<p>L\u2019atelier a \u00e9t\u00e9 marqu\u00e9 par la pr\u00e9sence de plusieurs responsables de la wilaya, t\u00e9moignant de l\u2019engagement collectif en faveur de la r\u00e9ussite de ce projet. Les participants ont exprim\u00e9 leur soutien \u00e0 cette initiative, qui vise \u00e0 offrir des opportunit\u00e9s concr\u00e8tes aux jeunes tout en renfor\u00e7ant les m\u00e9canismes de protection environnementale et sociale.<\/p>\n<p><strong>Une \u00e9tape cl\u00e9 pour l\u2019avenir des jeunes du Brakna<\/strong><\/p>\n<p>Cet atelier repr\u00e9sente une \u00e9tape importante dans la mise en \u0153uvre du projet d\u2019appui \u00e0 l\u2019employabilit\u00e9 et \u00e0 l\u2019insertion sociale et \u00e9conomique des jeunes vuln\u00e9rables dans le Brakna. En associant les autorit\u00e9s locales, les organisations de la soci\u00e9t\u00e9 civile et les jeunes eux-m\u00eames, ce projet incarne une approche participative et inclusive, align\u00e9e sur les objectifs de d\u00e9veloppement durable et les priorit\u00e9s du gouvernement mauritanien.<\/p>\n<p>Gr\u00e2ce \u00e0 cette initiative, les jeunes du Brakna pourront b\u00e9n\u00e9ficier de formations adapt\u00e9es, de soutien technique et financier, et de perspectives d\u2019emploi et d\u2019entrepreneuriat, contribuant ainsi \u00e0 leur \u00e9panouissement personnel et au d\u00e9veloppement socio-\u00e9conomique de leur r\u00e9gion.<\/p>\n<p>&nbsp;<\/p>\n","protected":false},"excerpt":{"rendered":"<p>La ville d\u2019Aleg a accueilli, ce mercredi, un\u00a0atelier de formation\u00a0consacr\u00e9 \u00e0 la pr\u00e9sentation du\u00a0guide simplifi\u00e9 des m\u00e9thodes de protection environnementale et sociale\u00a0ainsi qu\u2019au\u00a0m\u00e9canisme de gestion des plaintes\u00a0dans le cadre du projet d\u2019appui \u00e0 l\u2019employabilit\u00e9 et \u00e0 l\u2019insertion sociale et \u00e9conomique des jeunes vuln\u00e9rables dans la wilaya du Brakna. Organis\u00e9 par le\u00a0minist\u00e8re de l\u2019Autonomisation des Jeunes,&#8230;..<\/p>\n","protected":false},"author":12,"featured_media":25215,"comment_status":"open","ping_status":"open","sticky":false,"template":"","format":"standard","meta":{"footnotes":""},"categories":[23,49],"tags":[],"class_list":["post-25214","post","type-post","status-publish","format-standard","has-post-thumbnail","hentry","category-actualite","category-economie"],"yoast_head":"<!-- This site is optimized with the Yoast SEO plugin v27.5 - https:\/\/yoast.com\/product\/yoast-seo-wordpress\/ -->\n<title>Atelier \u00e0 Aleg sur les champs d\u2019intervention du projet d\u2019appui \u00e0 l\u2019employabilit\u00e9 et \u00e0 l\u2019insertion sociale des jeunes vuln\u00e9rables dans le Brakna - Le Quotidien de Nouakchott<\/title>\n<meta name=\"robots\" content=\"index, follow, max-snippet:-1, max-image-preview:large, max-video-preview:-1\" \/>\n<link rel=\"canonical\" href=\"https:\/\/lequotidien.mr\/?p=25214&lang=fr\" \/>\n<meta property=\"og:locale\" content=\"ar_AR\" \/>\n<meta property=\"og:type\" content=\"article\" \/>\n<meta property=\"og:title\" content=\"Atelier \u00e0 Aleg sur les champs d\u2019intervention du projet d\u2019appui \u00e0 l\u2019employabilit\u00e9 et \u00e0 l\u2019insertion sociale des jeunes vuln\u00e9rables dans le Brakna - Le Quotidien de Nouakchott\" \/>\n<meta property=\"og:description\" content=\"La ville d\u2019Aleg a accueilli, ce mercredi, un\u00a0atelier de formation\u00a0consacr\u00e9 \u00e0 la pr\u00e9sentation du\u00a0guide simplifi\u00e9 des m\u00e9thodes de protection environnementale et sociale\u00a0ainsi qu\u2019au\u00a0m\u00e9canisme de gestion des plaintes\u00a0dans le cadre du projet d\u2019appui \u00e0 l\u2019employabilit\u00e9 et \u00e0 l\u2019insertion sociale et \u00e9conomique des jeunes vuln\u00e9rables dans la wilaya du Brakna. Organis\u00e9 par le\u00a0minist\u00e8re de l\u2019Autonomisation des Jeunes,.....\" \/>\n<meta property=\"og:url\" content=\"https:\/\/lequotidien.mr\/?p=25214&amp;lang=fr\" \/>\n<meta property=\"og:site_name\" content=\"Le Quotidien de Nouakchott\" \/>\n<meta property=\"article:publisher\" content=\"https:\/\/web.facebook.com\/lequotidienmr\" \/>\n<meta property=\"article:published_time\" content=\"2025-02-06T19:09:41+00:00\" \/>\n<meta property=\"og:image\" content=\"https:\/\/lequotidien.mr\/wp-content\/uploads\/2025\/02\/photo-employabite-Aleg.jpg\" \/>\n\t<meta property=\"og:image:width\" content=\"575\" \/>\n\t<meta property=\"og:image:height\" content=\"395\" \/>\n\t<meta property=\"og:image:type\" content=\"image\/jpeg\" \/>\n<meta name=\"author\" content=\"Med Ahmed\" \/>\n<meta name=\"twitter:card\" content=\"summary_large_image\" \/>\n<meta name=\"twitter:creator\" content=\"@lequotidienmr\" \/>\n<meta name=\"twitter:site\" content=\"@lequotidienmr\" \/>\n<meta name=\"twitter:label1\" content=\"\u0643\u064f\u062a\u0628 \u0628\u0648\u0627\u0633\u0637\u0629\" \/>\n\t<meta name=\"twitter:data1\" content=\"Med Ahmed\" \/>\n\t<meta name=\"twitter:label2\" content=\"\u0648\u0642\u062a \u0627\u0644\u0642\u0631\u0627\u0621\u0629 \u0627\u0644\u0645\u064f\u0642\u062f\u0651\u0631\" \/>\n\t<meta name=\"twitter:data2\" content=\"3 \u062f\u0642\u0627\u0626\u0642\" \/>\n<script type=\"application\/ld+json\" class=\"yoast-schema-graph\">{\"@context\":\"https:\\\/\\\/schema.org\",\"@graph\":[{\"@type\":\"Article\",\"@id\":\"https:\\\/\\\/lequotidien.mr\\\/?p=25214&lang=fr#article\",\"isPartOf\":{\"@id\":\"https:\\\/\\\/lequotidien.mr\\\/?p=25214&lang=fr\"},\"author\":{\"name\":\"Med Ahmed\",\"@id\":\"https:\\\/\\\/lequotidien.mr\\\/#\\\/schema\\\/person\\\/d2d350202a4d599685ed8abc25f97596\"},\"headline\":\"Atelier \u00e0 Aleg sur les champs d\u2019intervention du projet d\u2019appui \u00e0 l\u2019employabilit\u00e9 et \u00e0 l\u2019insertion sociale des jeunes vuln\u00e9rables dans le Brakna\",\"datePublished\":\"2025-02-06T19:09:41+00:00\",\"mainEntityOfPage\":{\"@id\":\"https:\\\/\\\/lequotidien.mr\\\/?p=25214&lang=fr\"},\"wordCount\":663,\"commentCount\":0,\"publisher\":{\"@id\":\"https:\\\/\\\/lequotidien.mr\\\/#organization\"},\"image\":{\"@id\":\"https:\\\/\\\/lequotidien.mr\\\/?p=25214&lang=fr#primaryimage\"},\"thumbnailUrl\":\"https:\\\/\\\/lequotidien.mr\\\/wp-content\\\/uploads\\\/2025\\\/02\\\/photo-employabite-Aleg.jpg\",\"articleSection\":[\"ACTUALIT\u00c9\",\"Economie\"],\"inLanguage\":\"ar\",\"potentialAction\":[{\"@type\":\"CommentAction\",\"name\":\"Comment\",\"target\":[\"https:\\\/\\\/lequotidien.mr\\\/?p=25214&lang=fr#respond\"]}]},{\"@type\":\"WebPage\",\"@id\":\"https:\\\/\\\/lequotidien.mr\\\/?p=25214&lang=fr\",\"url\":\"https:\\\/\\\/lequotidien.mr\\\/?p=25214&lang=fr\",\"name\":\"Atelier \u00e0 Aleg sur les champs d\u2019intervention du projet d\u2019appui \u00e0 l\u2019employabilit\u00e9 et \u00e0 l\u2019insertion sociale des jeunes vuln\u00e9rables dans le Brakna - Le Quotidien de Nouakchott\",\"isPartOf\":{\"@id\":\"https:\\\/\\\/lequotidien.mr\\\/#website\"},\"primaryImageOfPage\":{\"@id\":\"https:\\\/\\\/lequotidien.mr\\\/?p=25214&lang=fr#primaryimage\"},\"image\":{\"@id\":\"https:\\\/\\\/lequotidien.mr\\\/?p=25214&lang=fr#primaryimage\"},\"thumbnailUrl\":\"https:\\\/\\\/lequotidien.mr\\\/wp-content\\\/uploads\\\/2025\\\/02\\\/photo-employabite-Aleg.jpg\",\"datePublished\":\"2025-02-06T19:09:41+00:00\",\"breadcrumb\":{\"@id\":\"https:\\\/\\\/lequotidien.mr\\\/?p=25214&lang=fr#breadcrumb\"},\"inLanguage\":\"ar\",\"potentialAction\":[{\"@type\":\"ReadAction\",\"target\":[\"https:\\\/\\\/lequotidien.mr\\\/?p=25214&lang=fr\"]}]},{\"@type\":\"ImageObject\",\"inLanguage\":\"ar\",\"@id\":\"https:\\\/\\\/lequotidien.mr\\\/?p=25214&lang=fr#primaryimage\",\"url\":\"https:\\\/\\\/lequotidien.mr\\\/wp-content\\\/uploads\\\/2025\\\/02\\\/photo-employabite-Aleg.jpg\",\"contentUrl\":\"https:\\\/\\\/lequotidien.mr\\\/wp-content\\\/uploads\\\/2025\\\/02\\\/photo-employabite-Aleg.jpg\",\"width\":575,\"height\":395},{\"@type\":\"BreadcrumbList\",\"@id\":\"https:\\\/\\\/lequotidien.mr\\\/?p=25214&lang=fr#breadcrumb\",\"itemListElement\":[{\"@type\":\"ListItem\",\"position\":1,\"name\":\"Home\",\"item\":\"https:\\\/\\\/lequotidien.mr\\\/\"},{\"@type\":\"ListItem\",\"position\":2,\"name\":\"Atelier \u00e0 Aleg sur les champs d\u2019intervention du projet d\u2019appui \u00e0 l\u2019employabilit\u00e9 et \u00e0 l\u2019insertion sociale des jeunes vuln\u00e9rables dans le Brakna\"}]},{\"@type\":\"WebSite\",\"@id\":\"https:\\\/\\\/lequotidien.mr\\\/#website\",\"url\":\"https:\\\/\\\/lequotidien.mr\\\/\",\"name\":\"Le Quotidien de Nouakchott\",\"description\":\"\u0625\u062e\u0628\u0627\u0631\u064a\u0629 \u0645\u0633\u062a\u0642\u0644\u0629 \u0644\u0644\u0623\u0646\u0628\u0627\u0621 \u0627\u0644\u0639\u0627\u0645\u0629\",\"publisher\":{\"@id\":\"https:\\\/\\\/lequotidien.mr\\\/#organization\"},\"potentialAction\":[{\"@type\":\"SearchAction\",\"target\":{\"@type\":\"EntryPoint\",\"urlTemplate\":\"https:\\\/\\\/lequotidien.mr\\\/?s={search_term_string}\"},\"query-input\":{\"@type\":\"PropertyValueSpecification\",\"valueRequired\":true,\"valueName\":\"search_term_string\"}}],\"inLanguage\":\"ar\"},{\"@type\":\"Organization\",\"@id\":\"https:\\\/\\\/lequotidien.mr\\\/#organization\",\"name\":\"Le Quotidien de Nouakchott\",\"url\":\"https:\\\/\\\/lequotidien.mr\\\/\",\"logo\":{\"@type\":\"ImageObject\",\"inLanguage\":\"ar\",\"@id\":\"https:\\\/\\\/lequotidien.mr\\\/#\\\/schema\\\/logo\\\/image\\\/\",\"url\":\"https:\\\/\\\/lequotidien.mr\\\/wp-content\\\/uploads\\\/2022\\\/11\\\/logolequotidien.jpg\",\"contentUrl\":\"https:\\\/\\\/lequotidien.mr\\\/wp-content\\\/uploads\\\/2022\\\/11\\\/logolequotidien.jpg\",\"width\":290,\"height\":65,\"caption\":\"Le Quotidien de Nouakchott\"},\"image\":{\"@id\":\"https:\\\/\\\/lequotidien.mr\\\/#\\\/schema\\\/logo\\\/image\\\/\"},\"sameAs\":[\"https:\\\/\\\/web.facebook.com\\\/lequotidienmr\",\"https:\\\/\\\/x.com\\\/lequotidienmr\"]},{\"@type\":\"Person\",\"@id\":\"https:\\\/\\\/lequotidien.mr\\\/#\\\/schema\\\/person\\\/d2d350202a4d599685ed8abc25f97596\",\"name\":\"Med Ahmed\",\"image\":{\"@type\":\"ImageObject\",\"inLanguage\":\"ar\",\"@id\":\"https:\\\/\\\/secure.gravatar.com\\\/avatar\\\/fd2acc62ed50732923d1d39c17172c9b04149f142be92310ecc69e1358f94b52?s=96&d=mm&r=g\",\"url\":\"https:\\\/\\\/secure.gravatar.com\\\/avatar\\\/fd2acc62ed50732923d1d39c17172c9b04149f142be92310ecc69e1358f94b52?s=96&d=mm&r=g\",\"contentUrl\":\"https:\\\/\\\/secure.gravatar.com\\\/avatar\\\/fd2acc62ed50732923d1d39c17172c9b04149f142be92310ecc69e1358f94b52?s=96&d=mm&r=g\",\"caption\":\"Med Ahmed\"},\"url\":\"https:\\\/\\\/lequotidien.mr\\\/?author=12\"}]}<\/script>\n<!-- \/ Yoast SEO plugin. -->","yoast_head_json":{"title":"Atelier \u00e0 Aleg sur les champs d\u2019intervention du projet d\u2019appui \u00e0 l\u2019employabilit\u00e9 et \u00e0 l\u2019insertion sociale des jeunes vuln\u00e9rables dans le Brakna - Le Quotidien de Nouakchott","robots":{"index":"index","follow":"follow","max-snippet":"max-snippet:-1","max-image-preview":"max-image-preview:large","max-video-preview":"max-video-preview:-1"},"canonical":"https:\/\/lequotidien.mr\/?p=25214&lang=fr","og_locale":"ar_AR","og_type":"article","og_title":"Atelier \u00e0 Aleg sur les champs d\u2019intervention du projet d\u2019appui \u00e0 l\u2019employabilit\u00e9 et \u00e0 l\u2019insertion sociale des jeunes vuln\u00e9rables dans le Brakna - Le Quotidien de Nouakchott","og_description":"La ville d\u2019Aleg a accueilli, ce mercredi, un\u00a0atelier de formation\u00a0consacr\u00e9 \u00e0 la pr\u00e9sentation du\u00a0guide simplifi\u00e9 des m\u00e9thodes de protection environnementale et sociale\u00a0ainsi qu\u2019au\u00a0m\u00e9canisme de gestion des plaintes\u00a0dans le cadre du projet d\u2019appui \u00e0 l\u2019employabilit\u00e9 et \u00e0 l\u2019insertion sociale et \u00e9conomique des jeunes vuln\u00e9rables dans la wilaya du Brakna. Organis\u00e9 par le\u00a0minist\u00e8re de l\u2019Autonomisation des Jeunes,.....","og_url":"https:\/\/lequotidien.mr\/?p=25214&lang=fr","og_site_name":"Le Quotidien de Nouakchott","article_publisher":"https:\/\/web.facebook.com\/lequotidienmr","article_published_time":"2025-02-06T19:09:41+00:00","og_image":[{"width":575,"height":395,"url":"https:\/\/lequotidien.mr\/wp-content\/uploads\/2025\/02\/photo-employabite-Aleg.jpg","type":"image\/jpeg"}],"author":"Med Ahmed","twitter_card":"summary_large_image","twitter_creator":"@lequotidienmr","twitter_site":"@lequotidienmr","twitter_misc":{"\u0643\u064f\u062a\u0628 \u0628\u0648\u0627\u0633\u0637\u0629":"Med Ahmed","\u0648\u0642\u062a \u0627\u0644\u0642\u0631\u0627\u0621\u0629 \u0627\u0644\u0645\u064f\u0642\u062f\u0651\u0631":"3 \u062f\u0642\u0627\u0626\u0642"},"schema":{"@context":"https:\/\/schema.org","@graph":[{"@type":"Article","@id":"https:\/\/lequotidien.mr\/?p=25214&lang=fr#article","isPartOf":{"@id":"https:\/\/lequotidien.mr\/?p=25214&lang=fr"},"author":{"name":"Med Ahmed","@id":"https:\/\/lequotidien.mr\/#\/schema\/person\/d2d350202a4d599685ed8abc25f97596"},"headline":"Atelier \u00e0 Aleg sur les champs d\u2019intervention du projet d\u2019appui \u00e0 l\u2019employabilit\u00e9 et \u00e0 l\u2019insertion sociale des jeunes vuln\u00e9rables dans le Brakna","datePublished":"2025-02-06T19:09:41+00:00","mainEntityOfPage":{"@id":"https:\/\/lequotidien.mr\/?p=25214&lang=fr"},"wordCount":663,"commentCount":0,"publisher":{"@id":"https:\/\/lequotidien.mr\/#organization"},"image":{"@id":"https:\/\/lequotidien.mr\/?p=25214&lang=fr#primaryimage"},"thumbnailUrl":"https:\/\/lequotidien.mr\/wp-content\/uploads\/2025\/02\/photo-employabite-Aleg.jpg","articleSection":["ACTUALIT\u00c9","Economie"],"inLanguage":"ar","potentialAction":[{"@type":"CommentAction","name":"Comment","target":["https:\/\/lequotidien.mr\/?p=25214&lang=fr#respond"]}]},{"@type":"WebPage","@id":"https:\/\/lequotidien.mr\/?p=25214&lang=fr","url":"https:\/\/lequotidien.mr\/?p=25214&lang=fr","name":"Atelier \u00e0 Aleg sur les champs d\u2019intervention du projet d\u2019appui \u00e0 l\u2019employabilit\u00e9 et \u00e0 l\u2019insertion sociale des jeunes vuln\u00e9rables dans le Brakna - Le Quotidien de Nouakchott","isPartOf":{"@id":"https:\/\/lequotidien.mr\/#website"},"primaryImageOfPage":{"@id":"https:\/\/lequotidien.mr\/?p=25214&lang=fr#primaryimage"},"image":{"@id":"https:\/\/lequotidien.mr\/?p=25214&lang=fr#primaryimage"},"thumbnailUrl":"https:\/\/lequotidien.mr\/wp-content\/uploads\/2025\/02\/photo-employabite-Aleg.jpg","datePublished":"2025-02-06T19:09:41+00:00","breadcrumb":{"@id":"https:\/\/lequotidien.mr\/?p=25214&lang=fr#breadcrumb"},"inLanguage":"ar","potentialAction":[{"@type":"ReadAction","target":["https:\/\/lequotidien.mr\/?p=25214&lang=fr"]}]},{"@type":"ImageObject","inLanguage":"ar","@id":"https:\/\/lequotidien.mr\/?p=25214&lang=fr#primaryimage","url":"https:\/\/lequotidien.mr\/wp-content\/uploads\/2025\/02\/photo-employabite-Aleg.jpg","contentUrl":"https:\/\/lequotidien.mr\/wp-content\/uploads\/2025\/02\/photo-employabite-Aleg.jpg","width":575,"height":395},{"@type":"BreadcrumbList","@id":"https:\/\/lequotidien.mr\/?p=25214&lang=fr#breadcrumb","itemListElement":[{"@type":"ListItem","position":1,"name":"Home","item":"https:\/\/lequotidien.mr\/"},{"@type":"ListItem","position":2,"name":"Atelier \u00e0 Aleg sur les champs d\u2019intervention du projet d\u2019appui \u00e0 l\u2019employabilit\u00e9 et \u00e0 l\u2019insertion sociale des jeunes vuln\u00e9rables dans le Brakna"}]},{"@type":"WebSite","@id":"https:\/\/lequotidien.mr\/#website","url":"https:\/\/lequotidien.mr\/","name":"Le Quotidien de Nouakchott","description":"\u0625\u062e\u0628\u0627\u0631\u064a\u0629 \u0645\u0633\u062a\u0642\u0644\u0629 \u0644\u0644\u0623\u0646\u0628\u0627\u0621 \u0627\u0644\u0639\u0627\u0645\u0629","publisher":{"@id":"https:\/\/lequotidien.mr\/#organization"},"potentialAction":[{"@type":"SearchAction","target":{"@type":"EntryPoint","urlTemplate":"https:\/\/lequotidien.mr\/?s={search_term_string}"},"query-input":{"@type":"PropertyValueSpecification","valueRequired":true,"valueName":"search_term_string"}}],"inLanguage":"ar"},{"@type":"Organization","@id":"https:\/\/lequotidien.mr\/#organization","name":"Le Quotidien de Nouakchott","url":"https:\/\/lequotidien.mr\/","logo":{"@type":"ImageObject","inLanguage":"ar","@id":"https:\/\/lequotidien.mr\/#\/schema\/logo\/image\/","url":"https:\/\/lequotidien.mr\/wp-content\/uploads\/2022\/11\/logolequotidien.jpg","contentUrl":"https:\/\/lequotidien.mr\/wp-content\/uploads\/2022\/11\/logolequotidien.jpg","width":290,"height":65,"caption":"Le Quotidien de Nouakchott"},"image":{"@id":"https:\/\/lequotidien.mr\/#\/schema\/logo\/image\/"},"sameAs":["https:\/\/web.facebook.com\/lequotidienmr","https:\/\/x.com\/lequotidienmr"]},{"@type":"Person","@id":"https:\/\/lequotidien.mr\/#\/schema\/person\/d2d350202a4d599685ed8abc25f97596","name":"Med Ahmed","image":{"@type":"ImageObject","inLanguage":"ar","@id":"https:\/\/secure.gravatar.com\/avatar\/fd2acc62ed50732923d1d39c17172c9b04149f142be92310ecc69e1358f94b52?s=96&d=mm&r=g","url":"https:\/\/secure.gravatar.com\/avatar\/fd2acc62ed50732923d1d39c17172c9b04149f142be92310ecc69e1358f94b52?s=96&d=mm&r=g","contentUrl":"https:\/\/secure.gravatar.com\/avatar\/fd2acc62ed50732923d1d39c17172c9b04149f142be92310ecc69e1358f94b52?s=96&d=mm&r=g","caption":"Med Ahmed"},"url":"https:\/\/lequotidien.mr\/?author=12"}]}},"_links":{"self":[{"href":"https:\/\/lequotidien.mr\/index.php?rest_route=\/wp\/v2\/posts\/25214","targetHints":{"allow":["GET"]}}],"collection":[{"href":"https:\/\/lequotidien.mr\/index.php?rest_route=\/wp\/v2\/posts"}],"about":[{"href":"https:\/\/lequotidien.mr\/index.php?rest_route=\/wp\/v2\/types\/post"}],"author":[{"embeddable":true,"href":"https:\/\/lequotidien.mr\/index.php?rest_route=\/wp\/v2\/users\/12"}],"replies":[{"embeddable":true,"href":"https:\/\/lequotidien.mr\/index.php?rest_route=%2Fwp%2Fv2%2Fcomments&post=25214"}],"version-history":[{"count":1,"href":"https:\/\/lequotidien.mr\/index.php?rest_route=\/wp\/v2\/posts\/25214\/revisions"}],"predecessor-version":[{"id":25216,"href":"https:\/\/lequotidien.mr\/index.php?rest_route=\/wp\/v2\/posts\/25214\/revisions\/25216"}],"wp:featuredmedia":[{"embeddable":true,"href":"https:\/\/lequotidien.mr\/index.php?rest_route=\/wp\/v2\/media\/25215"}],"wp:attachment":[{"href":"https:\/\/lequotidien.mr\/index.php?rest_route=%2Fwp%2Fv2%2Fmedia&parent=25214"}],"wp:term":[{"taxonomy":"category","embeddable":true,"href":"https:\/\/lequotidien.mr\/index.php?rest_route=%2Fwp%2Fv2%2Fcategories&post=25214"},{"taxonomy":"post_tag","embeddable":true,"href":"https:\/\/lequotidien.mr\/index.php?rest_route=%2Fwp%2Fv2%2Ftags&post=25214"}],"curies":[{"name":"wp","href":"https:\/\/api.w.org\/{rel}","templated":true}]}}