{"id":25167,"date":"2025-02-05T10:46:30","date_gmt":"2025-02-05T10:46:30","guid":{"rendered":"https:\/\/lequotidien.mr\/?p=25167"},"modified":"2025-02-05T10:46:30","modified_gmt":"2025-02-05T10:46:30","slug":"signature-dun-protocole-daccord-pour-la-reduction-et-le-controle-des-prix-des-viandes-rouges-a-nouakchott-a-partir-du-10-fevrier-courant-les-viandes-de-chameau-210-mru-kg-boeuf","status":"publish","type":"post","link":"https:\/\/lequotidien.mr\/?p=25167&lang=fr","title":{"rendered":"Signature d\u2019un protocole d\u2019accord pour la r\u00e9duction et le contr\u00f4le des prix des viandes rouges \u00e0 Nouakchott : A partir du 10 f\u00e9vrier courant, les viandes de chameau\/210 MRU\/kg ; b\u0153uf : 210 MRU\/kg ; agneau\/270 MRU\/kg et c\u00f4telette (vilka)\/240 MRU\/kg"},"content":{"rendered":"<p>Le ministre de l\u2019\u00c9levage, M. Mokhtar Gaguih, a pr\u00e9sid\u00e9, mardi, dans les locaux de son d\u00e9partement, une r\u00e9union cruciale ayant abouti \u00e0 la signature d\u2019un\u00a0<strong>protocole d\u2019accord<\/strong>\u00a0entre le minist\u00e8re et les associations concern\u00e9es. Cet accord vise \u00e0\u00a0<strong>r\u00e9duire et contr\u00f4ler les prix des viandes rouges<\/strong>\u00a0pour les consommateurs dans les trois wilayas de Nouakchott (Nord, Ouest et Sud). Cette initiative s\u2019inscrit dans le cadre des efforts du gouvernement pour garantir l\u2019accessibilit\u00e9 des produits de premi\u00e8re n\u00e9cessit\u00e9 aux citoyens.<\/p>\n<p><strong>Une collaboration multisectorielle pour un objectif commun<\/strong><\/p>\n<p>La r\u00e9union a rassembl\u00e9 des acteurs cl\u00e9s, notamment les walis de Nouakchott Nord et Ouest, le directeur du cabinet du wali de Nouakchott Sud, un repr\u00e9sentant du minist\u00e8re du Commerce et du Tourisme, ainsi que des repr\u00e9sentants des associations d\u2019\u00e9leveurs, de commer\u00e7ants et de bouchers. Ces discussions approfondies ont permis de parvenir \u00e0 un consensus sur les mesures \u00e0 mettre en \u0153uvre pour stabiliser les prix des viandes rouges.<\/p>\n<p>Selon un communiqu\u00e9 du minist\u00e8re de l\u2019\u00c9levage, ce protocole pr\u00e9voit une\u00a0<strong>r\u00e9duction et un plafonnement des prix<\/strong>\u00a0de vente des viandes rouges au consommateur final, applicable \u00e0 partir du\u00a0<strong>10 f\u00e9vrier 2025<\/strong>. Les nouveaux prix seront les suivants :<\/p>\n<p><strong>Viande de chameau<\/strong>\u00a0: 210 ouguiyas nouvelles par kg ;<\/p>\n<p><strong>Viande de b\u0153uf<\/strong>\u00a0: 210 ouguiyas nouvelles par kg ;<\/p>\n<p><strong>Viande d\u2019agneau<\/strong>\u00a0: 270 ouguiyas nouvelles par kg ;<\/p>\n<p><strong>C\u00f4telette (vilka)<\/strong>\u00a0: 240 ouguiyas nouvelles par kg.<\/p>\n<p><strong>Un m\u00e9canisme de suivi r\u00e9gulier<\/strong><\/p>\n<p>Pour assurer la p\u00e9rennit\u00e9 de cet accord, les parties ont convenu de se r\u00e9unir\u00a0<strong>tous les trois mois<\/strong>\u00a0sous l\u2019\u00e9gide du minist\u00e8re de l\u2019\u00c9levage. Ces r\u00e9unions, auxquelles participeront \u00e9galement le minist\u00e8re du Commerce et du Tourisme ainsi que les associations concern\u00e9es, permettront d\u2019\u00e9valuer l\u2019\u00e9volution des prix du b\u00e9tail sur les march\u00e9s de Nouakchott et, si n\u00e9cessaire, d\u2019ajuster les prix de vente de la viande rouge au consommateur final.<\/p>\n<p>Le protocole a \u00e9t\u00e9 sign\u00e9 par M. Cheibani Mohamed Rara, conseiller technique charg\u00e9 des affaires juridiques au minist\u00e8re de l\u2019\u00c9levage, et M. Mohamed El Moustapha Ely, directeur de la protection du consommateur et de la r\u00e9pression des fraudes. Les repr\u00e9sentants des associations d\u2019\u00e9leveurs, de commer\u00e7ants et de bouchers, ainsi que ceux de la F\u00e9d\u00e9ration nationale pour l\u2019\u00e9levage et du minist\u00e8re du Commerce, ont \u00e9galement appos\u00e9 leur signature, marquant ainsi leur engagement en faveur de cette initiative.<\/p>\n<p><strong>Un engagement fort en faveur des consommateurs<\/strong><\/p>\n<p>Le Secr\u00e9taire g\u00e9n\u00e9ral du minist\u00e8re de l\u2019\u00c9levage, M. Mohamed Mahmoud Abdallahi, a soulign\u00e9 l\u2019importance de cet accord pour\u00a0<strong>prot\u00e9ger le pouvoir d\u2019achat des consommateurs<\/strong>\u00a0et garantir une\u00a0<strong>stabilit\u00e9 des prix<\/strong>\u00a0sur le march\u00e9 de la viande rouge. \u00ab Cette initiative t\u00e9moigne de la volont\u00e9 du gouvernement de travailler main dans la main avec les acteurs du secteur pour r\u00e9pondre aux pr\u00e9occupations des citoyens \u00bb, a-t-il d\u00e9clar\u00e9.<\/p>\n<p>Cette mesure intervient dans un contexte o\u00f9 la hausse des prix des produits de base, notamment la viande rouge, pr\u00e9occupe de nombreux m\u00e9nages. En plafonnant les prix, le gouvernement et ses partenaires entendent\u00a0<strong>soulager les consommateurs<\/strong>\u00a0tout en assurant une\u00a0<strong>\u00e9quit\u00e9<\/strong>\u00a0pour les \u00e9leveurs et les commer\u00e7ants.<\/p>\n<p><strong>Une \u00e9tape vers une meilleure r\u00e9gulation du march\u00e9<\/strong><\/p>\n<p>La signature de ce protocole marque une \u00e9tape importante dans la r\u00e9gulation du march\u00e9 de la viande rouge \u00e0 Nouakchott. Elle illustre la d\u00e9termination des autorit\u00e9s \u00e0 mettre en place des m\u00e9canismes efficaces pour\u00a0<strong>stabiliser les prix<\/strong>\u00a0et\u00a0<strong>prot\u00e9ger les int\u00e9r\u00eats des consommateurs<\/strong>, tout en tenant compte des r\u00e9alit\u00e9s \u00e9conomiques des \u00e9leveurs et des commer\u00e7ants.<\/p>\n<p>Cette initiative, salu\u00e9e par les diff\u00e9rentes parties prenantes, ouvre la voie \u00e0 une collaboration renforc\u00e9e entre le gouvernement, les professionnels du secteur et les repr\u00e9sentants des consommateurs, dans le but de garantir une\u00a0<strong>alimentation accessible et de qualit\u00e9<\/strong>\u00a0pour tous les Mauritaniens.<\/p>\n<p>&nbsp;<\/p>\n","protected":false},"excerpt":{"rendered":"<p>Le ministre de l\u2019\u00c9levage, M. Mokhtar Gaguih, a pr\u00e9sid\u00e9, mardi, dans les locaux de son d\u00e9partement, une r\u00e9union cruciale ayant abouti \u00e0 la signature d\u2019un\u00a0protocole d\u2019accord\u00a0entre le minist\u00e8re et les associations concern\u00e9es. Cet accord vise \u00e0\u00a0r\u00e9duire et contr\u00f4ler les prix des viandes rouges\u00a0pour les consommateurs dans les trois wilayas de Nouakchott (Nord, Ouest et Sud)&#8230;&#8230;<\/p>\n","protected":false},"author":12,"featured_media":25168,"comment_status":"open","ping_status":"open","sticky":false,"template":"","format":"standard","meta":{"footnotes":""},"categories":[23,49],"tags":[],"class_list":["post-25167","post","type-post","status-publish","format-standard","has-post-thumbnail","hentry","category-actualite","category-economie"],"yoast_head":"<!-- This site is optimized with the Yoast SEO plugin v27.5 - https:\/\/yoast.com\/product\/yoast-seo-wordpress\/ -->\n<title>Signature d\u2019un protocole d\u2019accord pour la r\u00e9duction et le contr\u00f4le des prix des viandes rouges \u00e0 Nouakchott : A partir du 10 f\u00e9vrier courant, les viandes de chameau\/210 MRU\/kg ; b\u0153uf : 210 MRU\/kg ; agneau\/270 MRU\/kg et c\u00f4telette (vilka)\/240 MRU\/kg - Le Quotidien de Nouakchott<\/title>\n<meta name=\"robots\" content=\"index, follow, max-snippet:-1, max-image-preview:large, max-video-preview:-1\" \/>\n<link rel=\"canonical\" href=\"https:\/\/lequotidien.mr\/?p=25167&lang=fr\" \/>\n<meta property=\"og:locale\" content=\"ar_AR\" \/>\n<meta property=\"og:type\" content=\"article\" \/>\n<meta property=\"og:title\" content=\"Signature d\u2019un protocole d\u2019accord pour la r\u00e9duction et le contr\u00f4le des prix des viandes rouges \u00e0 Nouakchott : A partir du 10 f\u00e9vrier courant, les viandes de chameau\/210 MRU\/kg ; b\u0153uf : 210 MRU\/kg ; agneau\/270 MRU\/kg et c\u00f4telette (vilka)\/240 MRU\/kg - Le Quotidien de Nouakchott\" \/>\n<meta property=\"og:description\" content=\"Le ministre de l\u2019\u00c9levage, M. Mokhtar Gaguih, a pr\u00e9sid\u00e9, mardi, dans les locaux de son d\u00e9partement, une r\u00e9union cruciale ayant abouti \u00e0 la signature d\u2019un\u00a0protocole d\u2019accord\u00a0entre le minist\u00e8re et les associations concern\u00e9es. Cet accord vise \u00e0\u00a0r\u00e9duire et contr\u00f4ler les prix des viandes rouges\u00a0pour les consommateurs dans les trois wilayas de Nouakchott (Nord, Ouest et Sud)......\" \/>\n<meta property=\"og:url\" content=\"https:\/\/lequotidien.mr\/?p=25167&amp;lang=fr\" \/>\n<meta property=\"og:site_name\" content=\"Le Quotidien de Nouakchott\" \/>\n<meta property=\"article:publisher\" content=\"https:\/\/web.facebook.com\/lequotidienmr\" \/>\n<meta property=\"article:published_time\" content=\"2025-02-05T10:46:30+00:00\" \/>\n<meta property=\"og:image\" content=\"https:\/\/lequotidien.mr\/wp-content\/uploads\/2025\/02\/photo-viandes.jpg\" \/>\n\t<meta property=\"og:image:width\" content=\"750\" \/>\n\t<meta property=\"og:image:height\" content=\"369\" \/>\n\t<meta property=\"og:image:type\" content=\"image\/jpeg\" \/>\n<meta name=\"author\" content=\"Med Ahmed\" \/>\n<meta name=\"twitter:card\" content=\"summary_large_image\" \/>\n<meta name=\"twitter:creator\" content=\"@lequotidienmr\" \/>\n<meta name=\"twitter:site\" content=\"@lequotidienmr\" \/>\n<meta name=\"twitter:label1\" content=\"\u0643\u064f\u062a\u0628 \u0628\u0648\u0627\u0633\u0637\u0629\" \/>\n\t<meta name=\"twitter:data1\" content=\"Med Ahmed\" \/>\n\t<meta name=\"twitter:label2\" content=\"\u0648\u0642\u062a \u0627\u0644\u0642\u0631\u0627\u0621\u0629 \u0627\u0644\u0645\u064f\u0642\u062f\u0651\u0631\" \/>\n\t<meta name=\"twitter:data2\" content=\"3 \u062f\u0642\u0627\u0626\u0642\" \/>\n<script type=\"application\/ld+json\" class=\"yoast-schema-graph\">{\"@context\":\"https:\\\/\\\/schema.org\",\"@graph\":[{\"@type\":\"Article\",\"@id\":\"https:\\\/\\\/lequotidien.mr\\\/?p=25167&lang=fr#article\",\"isPartOf\":{\"@id\":\"https:\\\/\\\/lequotidien.mr\\\/?p=25167&lang=fr\"},\"author\":{\"name\":\"Med Ahmed\",\"@id\":\"https:\\\/\\\/lequotidien.mr\\\/#\\\/schema\\\/person\\\/d2d350202a4d599685ed8abc25f97596\"},\"headline\":\"Signature d\u2019un protocole d\u2019accord pour la r\u00e9duction et le contr\u00f4le des prix des viandes rouges \u00e0 Nouakchott : A partir du 10 f\u00e9vrier courant, les viandes de chameau\\\/210 MRU\\\/kg ; b\u0153uf : 210 MRU\\\/kg ; agneau\\\/270 MRU\\\/kg et c\u00f4telette (vilka)\\\/240 MRU\\\/kg\",\"datePublished\":\"2025-02-05T10:46:30+00:00\",\"mainEntityOfPage\":{\"@id\":\"https:\\\/\\\/lequotidien.mr\\\/?p=25167&lang=fr\"},\"wordCount\":712,\"commentCount\":0,\"publisher\":{\"@id\":\"https:\\\/\\\/lequotidien.mr\\\/#organization\"},\"image\":{\"@id\":\"https:\\\/\\\/lequotidien.mr\\\/?p=25167&lang=fr#primaryimage\"},\"thumbnailUrl\":\"https:\\\/\\\/lequotidien.mr\\\/wp-content\\\/uploads\\\/2025\\\/02\\\/photo-viandes.jpg\",\"articleSection\":[\"ACTUALIT\u00c9\",\"Economie\"],\"inLanguage\":\"ar\",\"potentialAction\":[{\"@type\":\"CommentAction\",\"name\":\"Comment\",\"target\":[\"https:\\\/\\\/lequotidien.mr\\\/?p=25167&lang=fr#respond\"]}]},{\"@type\":\"WebPage\",\"@id\":\"https:\\\/\\\/lequotidien.mr\\\/?p=25167&lang=fr\",\"url\":\"https:\\\/\\\/lequotidien.mr\\\/?p=25167&lang=fr\",\"name\":\"Signature d\u2019un protocole d\u2019accord pour la r\u00e9duction et le contr\u00f4le des prix des viandes rouges \u00e0 Nouakchott : A partir du 10 f\u00e9vrier courant, les viandes de chameau\\\/210 MRU\\\/kg ; b\u0153uf : 210 MRU\\\/kg ; agneau\\\/270 MRU\\\/kg et c\u00f4telette (vilka)\\\/240 MRU\\\/kg - Le Quotidien de Nouakchott\",\"isPartOf\":{\"@id\":\"https:\\\/\\\/lequotidien.mr\\\/#website\"},\"primaryImageOfPage\":{\"@id\":\"https:\\\/\\\/lequotidien.mr\\\/?p=25167&lang=fr#primaryimage\"},\"image\":{\"@id\":\"https:\\\/\\\/lequotidien.mr\\\/?p=25167&lang=fr#primaryimage\"},\"thumbnailUrl\":\"https:\\\/\\\/lequotidien.mr\\\/wp-content\\\/uploads\\\/2025\\\/02\\\/photo-viandes.jpg\",\"datePublished\":\"2025-02-05T10:46:30+00:00\",\"breadcrumb\":{\"@id\":\"https:\\\/\\\/lequotidien.mr\\\/?p=25167&lang=fr#breadcrumb\"},\"inLanguage\":\"ar\",\"potentialAction\":[{\"@type\":\"ReadAction\",\"target\":[\"https:\\\/\\\/lequotidien.mr\\\/?p=25167&lang=fr\"]}]},{\"@type\":\"ImageObject\",\"inLanguage\":\"ar\",\"@id\":\"https:\\\/\\\/lequotidien.mr\\\/?p=25167&lang=fr#primaryimage\",\"url\":\"https:\\\/\\\/lequotidien.mr\\\/wp-content\\\/uploads\\\/2025\\\/02\\\/photo-viandes.jpg\",\"contentUrl\":\"https:\\\/\\\/lequotidien.mr\\\/wp-content\\\/uploads\\\/2025\\\/02\\\/photo-viandes.jpg\",\"width\":750,\"height\":369},{\"@type\":\"BreadcrumbList\",\"@id\":\"https:\\\/\\\/lequotidien.mr\\\/?p=25167&lang=fr#breadcrumb\",\"itemListElement\":[{\"@type\":\"ListItem\",\"position\":1,\"name\":\"Home\",\"item\":\"https:\\\/\\\/lequotidien.mr\\\/\"},{\"@type\":\"ListItem\",\"position\":2,\"name\":\"Signature d\u2019un protocole d\u2019accord pour la r\u00e9duction et le contr\u00f4le des prix des viandes rouges \u00e0 Nouakchott : A partir du 10 f\u00e9vrier courant, les viandes de chameau\\\/210 MRU\\\/kg ; b\u0153uf : 210 MRU\\\/kg ; agneau\\\/270 MRU\\\/kg et c\u00f4telette (vilka)\\\/240 MRU\\\/kg\"}]},{\"@type\":\"WebSite\",\"@id\":\"https:\\\/\\\/lequotidien.mr\\\/#website\",\"url\":\"https:\\\/\\\/lequotidien.mr\\\/\",\"name\":\"Le Quotidien de Nouakchott\",\"description\":\"\u0625\u062e\u0628\u0627\u0631\u064a\u0629 \u0645\u0633\u062a\u0642\u0644\u0629 \u0644\u0644\u0623\u0646\u0628\u0627\u0621 \u0627\u0644\u0639\u0627\u0645\u0629\",\"publisher\":{\"@id\":\"https:\\\/\\\/lequotidien.mr\\\/#organization\"},\"potentialAction\":[{\"@type\":\"SearchAction\",\"target\":{\"@type\":\"EntryPoint\",\"urlTemplate\":\"https:\\\/\\\/lequotidien.mr\\\/?s={search_term_string}\"},\"query-input\":{\"@type\":\"PropertyValueSpecification\",\"valueRequired\":true,\"valueName\":\"search_term_string\"}}],\"inLanguage\":\"ar\"},{\"@type\":\"Organization\",\"@id\":\"https:\\\/\\\/lequotidien.mr\\\/#organization\",\"name\":\"Le Quotidien de Nouakchott\",\"url\":\"https:\\\/\\\/lequotidien.mr\\\/\",\"logo\":{\"@type\":\"ImageObject\",\"inLanguage\":\"ar\",\"@id\":\"https:\\\/\\\/lequotidien.mr\\\/#\\\/schema\\\/logo\\\/image\\\/\",\"url\":\"https:\\\/\\\/lequotidien.mr\\\/wp-content\\\/uploads\\\/2022\\\/11\\\/logolequotidien.jpg\",\"contentUrl\":\"https:\\\/\\\/lequotidien.mr\\\/wp-content\\\/uploads\\\/2022\\\/11\\\/logolequotidien.jpg\",\"width\":290,\"height\":65,\"caption\":\"Le Quotidien de Nouakchott\"},\"image\":{\"@id\":\"https:\\\/\\\/lequotidien.mr\\\/#\\\/schema\\\/logo\\\/image\\\/\"},\"sameAs\":[\"https:\\\/\\\/web.facebook.com\\\/lequotidienmr\",\"https:\\\/\\\/x.com\\\/lequotidienmr\"]},{\"@type\":\"Person\",\"@id\":\"https:\\\/\\\/lequotidien.mr\\\/#\\\/schema\\\/person\\\/d2d350202a4d599685ed8abc25f97596\",\"name\":\"Med Ahmed\",\"image\":{\"@type\":\"ImageObject\",\"inLanguage\":\"ar\",\"@id\":\"https:\\\/\\\/secure.gravatar.com\\\/avatar\\\/fd2acc62ed50732923d1d39c17172c9b04149f142be92310ecc69e1358f94b52?s=96&d=mm&r=g\",\"url\":\"https:\\\/\\\/secure.gravatar.com\\\/avatar\\\/fd2acc62ed50732923d1d39c17172c9b04149f142be92310ecc69e1358f94b52?s=96&d=mm&r=g\",\"contentUrl\":\"https:\\\/\\\/secure.gravatar.com\\\/avatar\\\/fd2acc62ed50732923d1d39c17172c9b04149f142be92310ecc69e1358f94b52?s=96&d=mm&r=g\",\"caption\":\"Med Ahmed\"},\"url\":\"https:\\\/\\\/lequotidien.mr\\\/?author=12\"}]}<\/script>\n<!-- \/ Yoast SEO plugin. -->","yoast_head_json":{"title":"Signature d\u2019un protocole d\u2019accord pour la r\u00e9duction et le contr\u00f4le des prix des viandes rouges \u00e0 Nouakchott : A partir du 10 f\u00e9vrier courant, les viandes de chameau\/210 MRU\/kg ; b\u0153uf : 210 MRU\/kg ; agneau\/270 MRU\/kg et c\u00f4telette (vilka)\/240 MRU\/kg - Le Quotidien de Nouakchott","robots":{"index":"index","follow":"follow","max-snippet":"max-snippet:-1","max-image-preview":"max-image-preview:large","max-video-preview":"max-video-preview:-1"},"canonical":"https:\/\/lequotidien.mr\/?p=25167&lang=fr","og_locale":"ar_AR","og_type":"article","og_title":"Signature d\u2019un protocole d\u2019accord pour la r\u00e9duction et le contr\u00f4le des prix des viandes rouges \u00e0 Nouakchott : A partir du 10 f\u00e9vrier courant, les viandes de chameau\/210 MRU\/kg ; b\u0153uf : 210 MRU\/kg ; agneau\/270 MRU\/kg et c\u00f4telette (vilka)\/240 MRU\/kg - Le Quotidien de Nouakchott","og_description":"Le ministre de l\u2019\u00c9levage, M. Mokhtar Gaguih, a pr\u00e9sid\u00e9, mardi, dans les locaux de son d\u00e9partement, une r\u00e9union cruciale ayant abouti \u00e0 la signature d\u2019un\u00a0protocole d\u2019accord\u00a0entre le minist\u00e8re et les associations concern\u00e9es. Cet accord vise \u00e0\u00a0r\u00e9duire et contr\u00f4ler les prix des viandes rouges\u00a0pour les consommateurs dans les trois wilayas de Nouakchott (Nord, Ouest et Sud)......","og_url":"https:\/\/lequotidien.mr\/?p=25167&lang=fr","og_site_name":"Le Quotidien de Nouakchott","article_publisher":"https:\/\/web.facebook.com\/lequotidienmr","article_published_time":"2025-02-05T10:46:30+00:00","og_image":[{"width":750,"height":369,"url":"https:\/\/lequotidien.mr\/wp-content\/uploads\/2025\/02\/photo-viandes.jpg","type":"image\/jpeg"}],"author":"Med Ahmed","twitter_card":"summary_large_image","twitter_creator":"@lequotidienmr","twitter_site":"@lequotidienmr","twitter_misc":{"\u0643\u064f\u062a\u0628 \u0628\u0648\u0627\u0633\u0637\u0629":"Med Ahmed","\u0648\u0642\u062a \u0627\u0644\u0642\u0631\u0627\u0621\u0629 \u0627\u0644\u0645\u064f\u0642\u062f\u0651\u0631":"3 \u062f\u0642\u0627\u0626\u0642"},"schema":{"@context":"https:\/\/schema.org","@graph":[{"@type":"Article","@id":"https:\/\/lequotidien.mr\/?p=25167&lang=fr#article","isPartOf":{"@id":"https:\/\/lequotidien.mr\/?p=25167&lang=fr"},"author":{"name":"Med Ahmed","@id":"https:\/\/lequotidien.mr\/#\/schema\/person\/d2d350202a4d599685ed8abc25f97596"},"headline":"Signature d\u2019un protocole d\u2019accord pour la r\u00e9duction et le contr\u00f4le des prix des viandes rouges \u00e0 Nouakchott : A partir du 10 f\u00e9vrier courant, les viandes de chameau\/210 MRU\/kg ; b\u0153uf : 210 MRU\/kg ; agneau\/270 MRU\/kg et c\u00f4telette (vilka)\/240 MRU\/kg","datePublished":"2025-02-05T10:46:30+00:00","mainEntityOfPage":{"@id":"https:\/\/lequotidien.mr\/?p=25167&lang=fr"},"wordCount":712,"commentCount":0,"publisher":{"@id":"https:\/\/lequotidien.mr\/#organization"},"image":{"@id":"https:\/\/lequotidien.mr\/?p=25167&lang=fr#primaryimage"},"thumbnailUrl":"https:\/\/lequotidien.mr\/wp-content\/uploads\/2025\/02\/photo-viandes.jpg","articleSection":["ACTUALIT\u00c9","Economie"],"inLanguage":"ar","potentialAction":[{"@type":"CommentAction","name":"Comment","target":["https:\/\/lequotidien.mr\/?p=25167&lang=fr#respond"]}]},{"@type":"WebPage","@id":"https:\/\/lequotidien.mr\/?p=25167&lang=fr","url":"https:\/\/lequotidien.mr\/?p=25167&lang=fr","name":"Signature d\u2019un protocole d\u2019accord pour la r\u00e9duction et le contr\u00f4le des prix des viandes rouges \u00e0 Nouakchott : A partir du 10 f\u00e9vrier courant, les viandes de chameau\/210 MRU\/kg ; b\u0153uf : 210 MRU\/kg ; agneau\/270 MRU\/kg et c\u00f4telette (vilka)\/240 MRU\/kg - Le Quotidien de Nouakchott","isPartOf":{"@id":"https:\/\/lequotidien.mr\/#website"},"primaryImageOfPage":{"@id":"https:\/\/lequotidien.mr\/?p=25167&lang=fr#primaryimage"},"image":{"@id":"https:\/\/lequotidien.mr\/?p=25167&lang=fr#primaryimage"},"thumbnailUrl":"https:\/\/lequotidien.mr\/wp-content\/uploads\/2025\/02\/photo-viandes.jpg","datePublished":"2025-02-05T10:46:30+00:00","breadcrumb":{"@id":"https:\/\/lequotidien.mr\/?p=25167&lang=fr#breadcrumb"},"inLanguage":"ar","potentialAction":[{"@type":"ReadAction","target":["https:\/\/lequotidien.mr\/?p=25167&lang=fr"]}]},{"@type":"ImageObject","inLanguage":"ar","@id":"https:\/\/lequotidien.mr\/?p=25167&lang=fr#primaryimage","url":"https:\/\/lequotidien.mr\/wp-content\/uploads\/2025\/02\/photo-viandes.jpg","contentUrl":"https:\/\/lequotidien.mr\/wp-content\/uploads\/2025\/02\/photo-viandes.jpg","width":750,"height":369},{"@type":"BreadcrumbList","@id":"https:\/\/lequotidien.mr\/?p=25167&lang=fr#breadcrumb","itemListElement":[{"@type":"ListItem","position":1,"name":"Home","item":"https:\/\/lequotidien.mr\/"},{"@type":"ListItem","position":2,"name":"Signature d\u2019un protocole d\u2019accord pour la r\u00e9duction et le contr\u00f4le des prix des viandes rouges \u00e0 Nouakchott : A partir du 10 f\u00e9vrier courant, les viandes de chameau\/210 MRU\/kg ; b\u0153uf : 210 MRU\/kg ; agneau\/270 MRU\/kg et c\u00f4telette (vilka)\/240 MRU\/kg"}]},{"@type":"WebSite","@id":"https:\/\/lequotidien.mr\/#website","url":"https:\/\/lequotidien.mr\/","name":"Le Quotidien de Nouakchott","description":"\u0625\u062e\u0628\u0627\u0631\u064a\u0629 \u0645\u0633\u062a\u0642\u0644\u0629 \u0644\u0644\u0623\u0646\u0628\u0627\u0621 \u0627\u0644\u0639\u0627\u0645\u0629","publisher":{"@id":"https:\/\/lequotidien.mr\/#organization"},"potentialAction":[{"@type":"SearchAction","target":{"@type":"EntryPoint","urlTemplate":"https:\/\/lequotidien.mr\/?s={search_term_string}"},"query-input":{"@type":"PropertyValueSpecification","valueRequired":true,"valueName":"search_term_string"}}],"inLanguage":"ar"},{"@type":"Organization","@id":"https:\/\/lequotidien.mr\/#organization","name":"Le Quotidien de Nouakchott","url":"https:\/\/lequotidien.mr\/","logo":{"@type":"ImageObject","inLanguage":"ar","@id":"https:\/\/lequotidien.mr\/#\/schema\/logo\/image\/","url":"https:\/\/lequotidien.mr\/wp-content\/uploads\/2022\/11\/logolequotidien.jpg","contentUrl":"https:\/\/lequotidien.mr\/wp-content\/uploads\/2022\/11\/logolequotidien.jpg","width":290,"height":65,"caption":"Le Quotidien de Nouakchott"},"image":{"@id":"https:\/\/lequotidien.mr\/#\/schema\/logo\/image\/"},"sameAs":["https:\/\/web.facebook.com\/lequotidienmr","https:\/\/x.com\/lequotidienmr"]},{"@type":"Person","@id":"https:\/\/lequotidien.mr\/#\/schema\/person\/d2d350202a4d599685ed8abc25f97596","name":"Med Ahmed","image":{"@type":"ImageObject","inLanguage":"ar","@id":"https:\/\/secure.gravatar.com\/avatar\/fd2acc62ed50732923d1d39c17172c9b04149f142be92310ecc69e1358f94b52?s=96&d=mm&r=g","url":"https:\/\/secure.gravatar.com\/avatar\/fd2acc62ed50732923d1d39c17172c9b04149f142be92310ecc69e1358f94b52?s=96&d=mm&r=g","contentUrl":"https:\/\/secure.gravatar.com\/avatar\/fd2acc62ed50732923d1d39c17172c9b04149f142be92310ecc69e1358f94b52?s=96&d=mm&r=g","caption":"Med Ahmed"},"url":"https:\/\/lequotidien.mr\/?author=12"}]}},"_links":{"self":[{"href":"https:\/\/lequotidien.mr\/index.php?rest_route=\/wp\/v2\/posts\/25167","targetHints":{"allow":["GET"]}}],"collection":[{"href":"https:\/\/lequotidien.mr\/index.php?rest_route=\/wp\/v2\/posts"}],"about":[{"href":"https:\/\/lequotidien.mr\/index.php?rest_route=\/wp\/v2\/types\/post"}],"author":[{"embeddable":true,"href":"https:\/\/lequotidien.mr\/index.php?rest_route=\/wp\/v2\/users\/12"}],"replies":[{"embeddable":true,"href":"https:\/\/lequotidien.mr\/index.php?rest_route=%2Fwp%2Fv2%2Fcomments&post=25167"}],"version-history":[{"count":1,"href":"https:\/\/lequotidien.mr\/index.php?rest_route=\/wp\/v2\/posts\/25167\/revisions"}],"predecessor-version":[{"id":25169,"href":"https:\/\/lequotidien.mr\/index.php?rest_route=\/wp\/v2\/posts\/25167\/revisions\/25169"}],"wp:featuredmedia":[{"embeddable":true,"href":"https:\/\/lequotidien.mr\/index.php?rest_route=\/wp\/v2\/media\/25168"}],"wp:attachment":[{"href":"https:\/\/lequotidien.mr\/index.php?rest_route=%2Fwp%2Fv2%2Fmedia&parent=25167"}],"wp:term":[{"taxonomy":"category","embeddable":true,"href":"https:\/\/lequotidien.mr\/index.php?rest_route=%2Fwp%2Fv2%2Fcategories&post=25167"},{"taxonomy":"post_tag","embeddable":true,"href":"https:\/\/lequotidien.mr\/index.php?rest_route=%2Fwp%2Fv2%2Ftags&post=25167"}],"curies":[{"name":"wp","href":"https:\/\/api.w.org\/{rel}","templated":true}]}}