{"id":25164,"date":"2025-02-05T10:14:18","date_gmt":"2025-02-05T10:14:18","guid":{"rendered":"https:\/\/lequotidien.mr\/?p=25164"},"modified":"2025-02-05T10:14:18","modified_gmt":"2025-02-05T10:14:18","slug":"education-atelier-sur-la-diffusion-du-programme-national-dalimentation-scolaire-dans-les-wilayas-du-nord","status":"publish","type":"post","link":"https:\/\/lequotidien.mr\/?p=25164&lang=fr","title":{"rendered":"Education : Atelier sur la diffusion du programme national d\u2019alimentation scolaire dans les wilayas du nord"},"content":{"rendered":"<p>Le wali mou\u00e7aid de l\u2019Adrar, M. Sidati El Koutoub, a pr\u00e9sid\u00e9, mardi \u00e0 Atar, l\u2019ouverture d\u2019un atelier consacr\u00e9 \u00e0 la diffusion du\u00a0<strong>Programme National d\u2019Alimentation Scolaire<\/strong>. Cet \u00e9v\u00e9nement, organis\u00e9 par le minist\u00e8re de l\u2019\u00c9ducation nationale et de la R\u00e9forme du Syst\u00e8me \u00e9ducatif en collaboration avec l\u2019Organisation Mondiale de l\u2019Alimentation (PAM), a r\u00e9uni les directeurs et inspecteurs r\u00e9gionaux des wilayas du nord (Adrar, Tiris-Zemmour, Dakhlet-Nouadhibou et Inchiri).<\/p>\n<p><strong>Un engagement fort en faveur de l\u2019\u00e9ducation et de la nutrition<\/strong><\/p>\n<p>Dans son allocution d\u2019ouverture, M. Sidati El Koutoub a rappel\u00e9 que l\u2019\u00e9ducation occupe une place centrale dans le programme du Pr\u00e9sident de la R\u00e9publique, Monsieur Mohamed Cheikh El Ghazouani. \u00ab Le Chef de l\u2019\u00c9tat s\u2019est engag\u00e9 \u00e0 mettre en place une \u00e9cole r\u00e9publicaine, un mod\u00e8le \u00e9ducatif qui renforce la coh\u00e9sion sociale et pr\u00e9pare les g\u00e9n\u00e9rations futures \u00bb, a-t-il d\u00e9clar\u00e9. Il a \u00e9galement soulign\u00e9 les efforts du gouvernement pour g\u00e9n\u00e9raliser l\u2019enseignement public, notamment en r\u00e9servant les trois premi\u00e8res ann\u00e9es du fondamental aux \u00e9coles publiques, une \u00e9tape cruciale vers une \u00e9ducation enti\u00e8rement \u00ab publicis\u00e9e \u00bb.<\/p>\n<p>Le wali mou\u00e7aid a \u00e9galement mis en avant les r\u00e9alisations du Programme National d\u2019Alimentation Scolaire, qui b\u00e9n\u00e9ficie actuellement \u00e0\u00a0<strong>242 548 \u00e9l\u00e8ves<\/strong>\u00a0r\u00e9partis dans\u00a0<strong>1 711 \u00e9coles<\/strong>\u00a0\u00e0 travers le pays. Ce programme, qui vise \u00e0 am\u00e9liorer la nutrition des \u00e9coliers et \u00e0 favoriser leur assiduit\u00e9, est un pilier essentiel de la strat\u00e9gie \u00e9ducative nationale.<\/p>\n<p><strong>Un partenariat fructueux avec le PAM et les \u00c9tats-Unis<\/strong><\/p>\n<p>M. Sidati El Koutoub a exprim\u00e9 sa gratitude envers le <strong>Programme Alimentaire Mondial (PAM)<\/strong>et le\u00a0<strong>minist\u00e8re am\u00e9ricain de l\u2019Agriculture<\/strong>, repr\u00e9sent\u00e9 par l\u2019organisation\u00a0<strong>Counterpart<\/strong>, pour leur soutien continu au secteur de l\u2019\u00e9ducation en Mauritanie. \u00ab Leur appui dans le domaine de l\u2019alimentation scolaire a permis des avanc\u00e9es significatives, notamment dans les r\u00e9gions les plus vuln\u00e9rables \u00bb, a-t-il affirm\u00e9.<\/p>\n<p>L\u2019adjointe au maire de la commune d\u2019Atar, Mme Melika Ababa, a salu\u00e9 cette initiative, soulignant qu\u2019elle r\u00e9pond aux attentes des populations locales. \u00ab Ce programme est une r\u00e9ponse concr\u00e8te aux besoins des familles et contribue \u00e0 am\u00e9liorer les conditions de vie des enfants \u00bb, a-t-elle d\u00e9clar\u00e9.<\/p>\n<p>De son c\u00f4t\u00e9, M. Hadrami Abeidna, pr\u00e9sident de l\u2019Association des parents d\u2019\u00e9l\u00e8ves, a soulign\u00e9 l\u2019importance de l\u2019alimentation scolaire dans le d\u00e9veloppement des enfants. \u00ab Une nutrition ad\u00e9quate est essentielle pour permettre aux \u00e9l\u00e8ves de se concentrer et de r\u00e9ussir \u00e0 l\u2019\u00e9cole \u00bb, a-t-il expliqu\u00e9.<\/p>\n<p><strong>Le PAM aux c\u00f4t\u00e9s de la Mauritanie<\/strong><\/p>\n<p>La repr\u00e9sentante du PAM, Mme Kadiata Thiam, a r\u00e9affirm\u00e9 l\u2019engagement de son organisation \u00e0 soutenir les efforts du gouvernement mauritanien en mati\u00e8re de nutrition infantile. \u00ab Nous travaillons main dans la main avec les autorit\u00e9s pour promouvoir une alimentation saine et \u00e9quilibr\u00e9e, en particulier dans les \u00e9coles \u00bb, a-t-elle indiqu\u00e9. Elle a \u00e9galement salu\u00e9 les progr\u00e8s r\u00e9alis\u00e9s gr\u00e2ce au Programme National d\u2019Alimentation Scolaire, tout en appelant \u00e0 poursuivre les efforts pour atteindre davantage d\u2019enfants.<\/p>\n<p><strong>Un suivi rigoureux pour des r\u00e9sultats durables<\/strong><\/p>\n<p>Le directeur de la nutrition et de l\u2019\u00e9ducation \u00e0 la sant\u00e9, M. Sidati Hammeni, a insist\u00e9 sur l\u2019importance d\u2019un suivi rigoureux pour garantir la r\u00e9ussite du programme. \u00ab Cet atelier est l\u2019occasion de renforcer les capacit\u00e9s des acteurs locaux et de s\u2019assurer que les objectifs fix\u00e9s sont atteints \u00bb, a-t-il d\u00e9clar\u00e9.<\/p>\n<p>La c\u00e9r\u00e9monie d\u2019ouverture s\u2019est d\u00e9roul\u00e9e en pr\u00e9sence du hakem mou\u00e7aid d\u2019Atar, M. Jemal Eddine Faroua, ainsi que des autorit\u00e9s s\u00e9curitaires de la wilaya. Cet \u00e9v\u00e9nement marque une \u00e9tape importante dans la mise en \u0153uvre du Programme National d\u2019Alimentation Scolaire, qui vise \u00e0 am\u00e9liorer les conditions de vie des \u00e9coliers et \u00e0 renforcer le syst\u00e8me \u00e9ducatif mauritanien.<\/p>\n<p>Gr\u00e2ce \u00e0 cette initiative, des milliers d\u2019enfants dans les wilayas du nord b\u00e9n\u00e9ficieront d\u2019une alimentation scolaire de qualit\u00e9, contribuant ainsi \u00e0 leur \u00e9panouissement et \u00e0 leur r\u00e9ussite scolaire. Cet atelier t\u00e9moigne de l\u2019engagement collectif des autorit\u00e9s, des partenaires internationaux et des acteurs locaux en faveur d\u2019une \u00e9ducation inclusive et durable en Mauritanie.<\/p>\n<p>&nbsp;<\/p>\n","protected":false},"excerpt":{"rendered":"<p>Le wali mou\u00e7aid de l\u2019Adrar, M. Sidati El Koutoub, a pr\u00e9sid\u00e9, mardi \u00e0 Atar, l\u2019ouverture d\u2019un atelier consacr\u00e9 \u00e0 la diffusion du\u00a0Programme National d\u2019Alimentation Scolaire. Cet \u00e9v\u00e9nement, organis\u00e9 par le minist\u00e8re de l\u2019\u00c9ducation nationale et de la R\u00e9forme du Syst\u00e8me \u00e9ducatif en collaboration avec l\u2019Organisation Mondiale de l\u2019Alimentation (PAM), a r\u00e9uni les directeurs et inspecteurs&#8230;..<\/p>\n","protected":false},"author":12,"featured_media":25165,"comment_status":"open","ping_status":"open","sticky":false,"template":"","format":"standard","meta":{"footnotes":""},"categories":[23,55],"tags":[],"class_list":["post-25164","post","type-post","status-publish","format-standard","has-post-thumbnail","hentry","category-actualite","category-culture"],"yoast_head":"<!-- This site is optimized with the Yoast SEO plugin v27.5 - https:\/\/yoast.com\/product\/yoast-seo-wordpress\/ -->\n<title>Education : Atelier sur la diffusion du programme national d\u2019alimentation scolaire dans les wilayas du nord - Le Quotidien de Nouakchott<\/title>\n<meta name=\"robots\" content=\"index, follow, max-snippet:-1, max-image-preview:large, max-video-preview:-1\" \/>\n<link rel=\"canonical\" href=\"https:\/\/lequotidien.mr\/?p=25164&lang=fr\" \/>\n<meta property=\"og:locale\" content=\"ar_AR\" \/>\n<meta property=\"og:type\" content=\"article\" \/>\n<meta property=\"og:title\" content=\"Education : Atelier sur la diffusion du programme national d\u2019alimentation scolaire dans les wilayas du nord - Le Quotidien de Nouakchott\" \/>\n<meta property=\"og:description\" content=\"Le wali mou\u00e7aid de l\u2019Adrar, M. Sidati El Koutoub, a pr\u00e9sid\u00e9, mardi \u00e0 Atar, l\u2019ouverture d\u2019un atelier consacr\u00e9 \u00e0 la diffusion du\u00a0Programme National d\u2019Alimentation Scolaire. Cet \u00e9v\u00e9nement, organis\u00e9 par le minist\u00e8re de l\u2019\u00c9ducation nationale et de la R\u00e9forme du Syst\u00e8me \u00e9ducatif en collaboration avec l\u2019Organisation Mondiale de l\u2019Alimentation (PAM), a r\u00e9uni les directeurs et inspecteurs.....\" \/>\n<meta property=\"og:url\" content=\"https:\/\/lequotidien.mr\/?p=25164&amp;lang=fr\" \/>\n<meta property=\"og:site_name\" content=\"Le Quotidien de Nouakchott\" \/>\n<meta property=\"article:publisher\" content=\"https:\/\/web.facebook.com\/lequotidienmr\" \/>\n<meta property=\"article:published_time\" content=\"2025-02-05T10:14:18+00:00\" \/>\n<meta property=\"og:image\" content=\"https:\/\/lequotidien.mr\/wp-content\/uploads\/2025\/02\/photo-cantines-scolaires-3.jpg\" \/>\n\t<meta property=\"og:image:width\" content=\"640\" \/>\n\t<meta property=\"og:image:height\" content=\"288\" \/>\n\t<meta property=\"og:image:type\" content=\"image\/jpeg\" \/>\n<meta name=\"author\" content=\"Med Ahmed\" \/>\n<meta name=\"twitter:card\" content=\"summary_large_image\" \/>\n<meta name=\"twitter:creator\" content=\"@lequotidienmr\" \/>\n<meta name=\"twitter:site\" content=\"@lequotidienmr\" \/>\n<meta name=\"twitter:label1\" content=\"\u0643\u064f\u062a\u0628 \u0628\u0648\u0627\u0633\u0637\u0629\" \/>\n\t<meta name=\"twitter:data1\" content=\"Med Ahmed\" \/>\n\t<meta name=\"twitter:label2\" content=\"\u0648\u0642\u062a \u0627\u0644\u0642\u0631\u0627\u0621\u0629 \u0627\u0644\u0645\u064f\u0642\u062f\u0651\u0631\" \/>\n\t<meta name=\"twitter:data2\" content=\"4 \u062f\u0642\u0627\u0626\u0642\" \/>\n<script type=\"application\/ld+json\" class=\"yoast-schema-graph\">{\"@context\":\"https:\\\/\\\/schema.org\",\"@graph\":[{\"@type\":\"Article\",\"@id\":\"https:\\\/\\\/lequotidien.mr\\\/?p=25164&lang=fr#article\",\"isPartOf\":{\"@id\":\"https:\\\/\\\/lequotidien.mr\\\/?p=25164&lang=fr\"},\"author\":{\"name\":\"Med Ahmed\",\"@id\":\"https:\\\/\\\/lequotidien.mr\\\/#\\\/schema\\\/person\\\/d2d350202a4d599685ed8abc25f97596\"},\"headline\":\"Education : Atelier sur la diffusion du programme national d\u2019alimentation scolaire dans les wilayas du nord\",\"datePublished\":\"2025-02-05T10:14:18+00:00\",\"mainEntityOfPage\":{\"@id\":\"https:\\\/\\\/lequotidien.mr\\\/?p=25164&lang=fr\"},\"wordCount\":736,\"commentCount\":0,\"publisher\":{\"@id\":\"https:\\\/\\\/lequotidien.mr\\\/#organization\"},\"image\":{\"@id\":\"https:\\\/\\\/lequotidien.mr\\\/?p=25164&lang=fr#primaryimage\"},\"thumbnailUrl\":\"https:\\\/\\\/lequotidien.mr\\\/wp-content\\\/uploads\\\/2025\\\/02\\\/photo-cantines-scolaires-3.jpg\",\"articleSection\":[\"ACTUALIT\u00c9\",\"Culture\"],\"inLanguage\":\"ar\",\"potentialAction\":[{\"@type\":\"CommentAction\",\"name\":\"Comment\",\"target\":[\"https:\\\/\\\/lequotidien.mr\\\/?p=25164&lang=fr#respond\"]}]},{\"@type\":\"WebPage\",\"@id\":\"https:\\\/\\\/lequotidien.mr\\\/?p=25164&lang=fr\",\"url\":\"https:\\\/\\\/lequotidien.mr\\\/?p=25164&lang=fr\",\"name\":\"Education : Atelier sur la diffusion du programme national d\u2019alimentation scolaire dans les wilayas du nord - Le Quotidien de Nouakchott\",\"isPartOf\":{\"@id\":\"https:\\\/\\\/lequotidien.mr\\\/#website\"},\"primaryImageOfPage\":{\"@id\":\"https:\\\/\\\/lequotidien.mr\\\/?p=25164&lang=fr#primaryimage\"},\"image\":{\"@id\":\"https:\\\/\\\/lequotidien.mr\\\/?p=25164&lang=fr#primaryimage\"},\"thumbnailUrl\":\"https:\\\/\\\/lequotidien.mr\\\/wp-content\\\/uploads\\\/2025\\\/02\\\/photo-cantines-scolaires-3.jpg\",\"datePublished\":\"2025-02-05T10:14:18+00:00\",\"breadcrumb\":{\"@id\":\"https:\\\/\\\/lequotidien.mr\\\/?p=25164&lang=fr#breadcrumb\"},\"inLanguage\":\"ar\",\"potentialAction\":[{\"@type\":\"ReadAction\",\"target\":[\"https:\\\/\\\/lequotidien.mr\\\/?p=25164&lang=fr\"]}]},{\"@type\":\"ImageObject\",\"inLanguage\":\"ar\",\"@id\":\"https:\\\/\\\/lequotidien.mr\\\/?p=25164&lang=fr#primaryimage\",\"url\":\"https:\\\/\\\/lequotidien.mr\\\/wp-content\\\/uploads\\\/2025\\\/02\\\/photo-cantines-scolaires-3.jpg\",\"contentUrl\":\"https:\\\/\\\/lequotidien.mr\\\/wp-content\\\/uploads\\\/2025\\\/02\\\/photo-cantines-scolaires-3.jpg\",\"width\":640,\"height\":288},{\"@type\":\"BreadcrumbList\",\"@id\":\"https:\\\/\\\/lequotidien.mr\\\/?p=25164&lang=fr#breadcrumb\",\"itemListElement\":[{\"@type\":\"ListItem\",\"position\":1,\"name\":\"Home\",\"item\":\"https:\\\/\\\/lequotidien.mr\\\/\"},{\"@type\":\"ListItem\",\"position\":2,\"name\":\"Education : Atelier sur la diffusion du programme national d\u2019alimentation scolaire dans les wilayas du nord\"}]},{\"@type\":\"WebSite\",\"@id\":\"https:\\\/\\\/lequotidien.mr\\\/#website\",\"url\":\"https:\\\/\\\/lequotidien.mr\\\/\",\"name\":\"Le Quotidien de Nouakchott\",\"description\":\"\u0625\u062e\u0628\u0627\u0631\u064a\u0629 \u0645\u0633\u062a\u0642\u0644\u0629 \u0644\u0644\u0623\u0646\u0628\u0627\u0621 \u0627\u0644\u0639\u0627\u0645\u0629\",\"publisher\":{\"@id\":\"https:\\\/\\\/lequotidien.mr\\\/#organization\"},\"potentialAction\":[{\"@type\":\"SearchAction\",\"target\":{\"@type\":\"EntryPoint\",\"urlTemplate\":\"https:\\\/\\\/lequotidien.mr\\\/?s={search_term_string}\"},\"query-input\":{\"@type\":\"PropertyValueSpecification\",\"valueRequired\":true,\"valueName\":\"search_term_string\"}}],\"inLanguage\":\"ar\"},{\"@type\":\"Organization\",\"@id\":\"https:\\\/\\\/lequotidien.mr\\\/#organization\",\"name\":\"Le Quotidien de Nouakchott\",\"url\":\"https:\\\/\\\/lequotidien.mr\\\/\",\"logo\":{\"@type\":\"ImageObject\",\"inLanguage\":\"ar\",\"@id\":\"https:\\\/\\\/lequotidien.mr\\\/#\\\/schema\\\/logo\\\/image\\\/\",\"url\":\"https:\\\/\\\/lequotidien.mr\\\/wp-content\\\/uploads\\\/2022\\\/11\\\/logolequotidien.jpg\",\"contentUrl\":\"https:\\\/\\\/lequotidien.mr\\\/wp-content\\\/uploads\\\/2022\\\/11\\\/logolequotidien.jpg\",\"width\":290,\"height\":65,\"caption\":\"Le Quotidien de Nouakchott\"},\"image\":{\"@id\":\"https:\\\/\\\/lequotidien.mr\\\/#\\\/schema\\\/logo\\\/image\\\/\"},\"sameAs\":[\"https:\\\/\\\/web.facebook.com\\\/lequotidienmr\",\"https:\\\/\\\/x.com\\\/lequotidienmr\"]},{\"@type\":\"Person\",\"@id\":\"https:\\\/\\\/lequotidien.mr\\\/#\\\/schema\\\/person\\\/d2d350202a4d599685ed8abc25f97596\",\"name\":\"Med Ahmed\",\"image\":{\"@type\":\"ImageObject\",\"inLanguage\":\"ar\",\"@id\":\"https:\\\/\\\/secure.gravatar.com\\\/avatar\\\/fd2acc62ed50732923d1d39c17172c9b04149f142be92310ecc69e1358f94b52?s=96&d=mm&r=g\",\"url\":\"https:\\\/\\\/secure.gravatar.com\\\/avatar\\\/fd2acc62ed50732923d1d39c17172c9b04149f142be92310ecc69e1358f94b52?s=96&d=mm&r=g\",\"contentUrl\":\"https:\\\/\\\/secure.gravatar.com\\\/avatar\\\/fd2acc62ed50732923d1d39c17172c9b04149f142be92310ecc69e1358f94b52?s=96&d=mm&r=g\",\"caption\":\"Med Ahmed\"},\"url\":\"https:\\\/\\\/lequotidien.mr\\\/?author=12\"}]}<\/script>\n<!-- \/ Yoast SEO plugin. -->","yoast_head_json":{"title":"Education : Atelier sur la diffusion du programme national d\u2019alimentation scolaire dans les wilayas du nord - Le Quotidien de Nouakchott","robots":{"index":"index","follow":"follow","max-snippet":"max-snippet:-1","max-image-preview":"max-image-preview:large","max-video-preview":"max-video-preview:-1"},"canonical":"https:\/\/lequotidien.mr\/?p=25164&lang=fr","og_locale":"ar_AR","og_type":"article","og_title":"Education : Atelier sur la diffusion du programme national d\u2019alimentation scolaire dans les wilayas du nord - Le Quotidien de Nouakchott","og_description":"Le wali mou\u00e7aid de l\u2019Adrar, M. Sidati El Koutoub, a pr\u00e9sid\u00e9, mardi \u00e0 Atar, l\u2019ouverture d\u2019un atelier consacr\u00e9 \u00e0 la diffusion du\u00a0Programme National d\u2019Alimentation Scolaire. Cet \u00e9v\u00e9nement, organis\u00e9 par le minist\u00e8re de l\u2019\u00c9ducation nationale et de la R\u00e9forme du Syst\u00e8me \u00e9ducatif en collaboration avec l\u2019Organisation Mondiale de l\u2019Alimentation (PAM), a r\u00e9uni les directeurs et inspecteurs.....","og_url":"https:\/\/lequotidien.mr\/?p=25164&lang=fr","og_site_name":"Le Quotidien de Nouakchott","article_publisher":"https:\/\/web.facebook.com\/lequotidienmr","article_published_time":"2025-02-05T10:14:18+00:00","og_image":[{"width":640,"height":288,"url":"https:\/\/lequotidien.mr\/wp-content\/uploads\/2025\/02\/photo-cantines-scolaires-3.jpg","type":"image\/jpeg"}],"author":"Med Ahmed","twitter_card":"summary_large_image","twitter_creator":"@lequotidienmr","twitter_site":"@lequotidienmr","twitter_misc":{"\u0643\u064f\u062a\u0628 \u0628\u0648\u0627\u0633\u0637\u0629":"Med Ahmed","\u0648\u0642\u062a \u0627\u0644\u0642\u0631\u0627\u0621\u0629 \u0627\u0644\u0645\u064f\u0642\u062f\u0651\u0631":"4 \u062f\u0642\u0627\u0626\u0642"},"schema":{"@context":"https:\/\/schema.org","@graph":[{"@type":"Article","@id":"https:\/\/lequotidien.mr\/?p=25164&lang=fr#article","isPartOf":{"@id":"https:\/\/lequotidien.mr\/?p=25164&lang=fr"},"author":{"name":"Med Ahmed","@id":"https:\/\/lequotidien.mr\/#\/schema\/person\/d2d350202a4d599685ed8abc25f97596"},"headline":"Education : Atelier sur la diffusion du programme national d\u2019alimentation scolaire dans les wilayas du nord","datePublished":"2025-02-05T10:14:18+00:00","mainEntityOfPage":{"@id":"https:\/\/lequotidien.mr\/?p=25164&lang=fr"},"wordCount":736,"commentCount":0,"publisher":{"@id":"https:\/\/lequotidien.mr\/#organization"},"image":{"@id":"https:\/\/lequotidien.mr\/?p=25164&lang=fr#primaryimage"},"thumbnailUrl":"https:\/\/lequotidien.mr\/wp-content\/uploads\/2025\/02\/photo-cantines-scolaires-3.jpg","articleSection":["ACTUALIT\u00c9","Culture"],"inLanguage":"ar","potentialAction":[{"@type":"CommentAction","name":"Comment","target":["https:\/\/lequotidien.mr\/?p=25164&lang=fr#respond"]}]},{"@type":"WebPage","@id":"https:\/\/lequotidien.mr\/?p=25164&lang=fr","url":"https:\/\/lequotidien.mr\/?p=25164&lang=fr","name":"Education : Atelier sur la diffusion du programme national d\u2019alimentation scolaire dans les wilayas du nord - Le Quotidien de Nouakchott","isPartOf":{"@id":"https:\/\/lequotidien.mr\/#website"},"primaryImageOfPage":{"@id":"https:\/\/lequotidien.mr\/?p=25164&lang=fr#primaryimage"},"image":{"@id":"https:\/\/lequotidien.mr\/?p=25164&lang=fr#primaryimage"},"thumbnailUrl":"https:\/\/lequotidien.mr\/wp-content\/uploads\/2025\/02\/photo-cantines-scolaires-3.jpg","datePublished":"2025-02-05T10:14:18+00:00","breadcrumb":{"@id":"https:\/\/lequotidien.mr\/?p=25164&lang=fr#breadcrumb"},"inLanguage":"ar","potentialAction":[{"@type":"ReadAction","target":["https:\/\/lequotidien.mr\/?p=25164&lang=fr"]}]},{"@type":"ImageObject","inLanguage":"ar","@id":"https:\/\/lequotidien.mr\/?p=25164&lang=fr#primaryimage","url":"https:\/\/lequotidien.mr\/wp-content\/uploads\/2025\/02\/photo-cantines-scolaires-3.jpg","contentUrl":"https:\/\/lequotidien.mr\/wp-content\/uploads\/2025\/02\/photo-cantines-scolaires-3.jpg","width":640,"height":288},{"@type":"BreadcrumbList","@id":"https:\/\/lequotidien.mr\/?p=25164&lang=fr#breadcrumb","itemListElement":[{"@type":"ListItem","position":1,"name":"Home","item":"https:\/\/lequotidien.mr\/"},{"@type":"ListItem","position":2,"name":"Education : Atelier sur la diffusion du programme national d\u2019alimentation scolaire dans les wilayas du nord"}]},{"@type":"WebSite","@id":"https:\/\/lequotidien.mr\/#website","url":"https:\/\/lequotidien.mr\/","name":"Le Quotidien de Nouakchott","description":"\u0625\u062e\u0628\u0627\u0631\u064a\u0629 \u0645\u0633\u062a\u0642\u0644\u0629 \u0644\u0644\u0623\u0646\u0628\u0627\u0621 \u0627\u0644\u0639\u0627\u0645\u0629","publisher":{"@id":"https:\/\/lequotidien.mr\/#organization"},"potentialAction":[{"@type":"SearchAction","target":{"@type":"EntryPoint","urlTemplate":"https:\/\/lequotidien.mr\/?s={search_term_string}"},"query-input":{"@type":"PropertyValueSpecification","valueRequired":true,"valueName":"search_term_string"}}],"inLanguage":"ar"},{"@type":"Organization","@id":"https:\/\/lequotidien.mr\/#organization","name":"Le Quotidien de Nouakchott","url":"https:\/\/lequotidien.mr\/","logo":{"@type":"ImageObject","inLanguage":"ar","@id":"https:\/\/lequotidien.mr\/#\/schema\/logo\/image\/","url":"https:\/\/lequotidien.mr\/wp-content\/uploads\/2022\/11\/logolequotidien.jpg","contentUrl":"https:\/\/lequotidien.mr\/wp-content\/uploads\/2022\/11\/logolequotidien.jpg","width":290,"height":65,"caption":"Le Quotidien de Nouakchott"},"image":{"@id":"https:\/\/lequotidien.mr\/#\/schema\/logo\/image\/"},"sameAs":["https:\/\/web.facebook.com\/lequotidienmr","https:\/\/x.com\/lequotidienmr"]},{"@type":"Person","@id":"https:\/\/lequotidien.mr\/#\/schema\/person\/d2d350202a4d599685ed8abc25f97596","name":"Med Ahmed","image":{"@type":"ImageObject","inLanguage":"ar","@id":"https:\/\/secure.gravatar.com\/avatar\/fd2acc62ed50732923d1d39c17172c9b04149f142be92310ecc69e1358f94b52?s=96&d=mm&r=g","url":"https:\/\/secure.gravatar.com\/avatar\/fd2acc62ed50732923d1d39c17172c9b04149f142be92310ecc69e1358f94b52?s=96&d=mm&r=g","contentUrl":"https:\/\/secure.gravatar.com\/avatar\/fd2acc62ed50732923d1d39c17172c9b04149f142be92310ecc69e1358f94b52?s=96&d=mm&r=g","caption":"Med Ahmed"},"url":"https:\/\/lequotidien.mr\/?author=12"}]}},"_links":{"self":[{"href":"https:\/\/lequotidien.mr\/index.php?rest_route=\/wp\/v2\/posts\/25164","targetHints":{"allow":["GET"]}}],"collection":[{"href":"https:\/\/lequotidien.mr\/index.php?rest_route=\/wp\/v2\/posts"}],"about":[{"href":"https:\/\/lequotidien.mr\/index.php?rest_route=\/wp\/v2\/types\/post"}],"author":[{"embeddable":true,"href":"https:\/\/lequotidien.mr\/index.php?rest_route=\/wp\/v2\/users\/12"}],"replies":[{"embeddable":true,"href":"https:\/\/lequotidien.mr\/index.php?rest_route=%2Fwp%2Fv2%2Fcomments&post=25164"}],"version-history":[{"count":1,"href":"https:\/\/lequotidien.mr\/index.php?rest_route=\/wp\/v2\/posts\/25164\/revisions"}],"predecessor-version":[{"id":25166,"href":"https:\/\/lequotidien.mr\/index.php?rest_route=\/wp\/v2\/posts\/25164\/revisions\/25166"}],"wp:featuredmedia":[{"embeddable":true,"href":"https:\/\/lequotidien.mr\/index.php?rest_route=\/wp\/v2\/media\/25165"}],"wp:attachment":[{"href":"https:\/\/lequotidien.mr\/index.php?rest_route=%2Fwp%2Fv2%2Fmedia&parent=25164"}],"wp:term":[{"taxonomy":"category","embeddable":true,"href":"https:\/\/lequotidien.mr\/index.php?rest_route=%2Fwp%2Fv2%2Fcategories&post=25164"},{"taxonomy":"post_tag","embeddable":true,"href":"https:\/\/lequotidien.mr\/index.php?rest_route=%2Fwp%2Fv2%2Ftags&post=25164"}],"curies":[{"name":"wp","href":"https:\/\/api.w.org\/{rel}","templated":true}]}}