{"id":25127,"date":"2025-02-04T10:38:56","date_gmt":"2025-02-04T10:38:56","guid":{"rendered":"https:\/\/lequotidien.mr\/?p=25127"},"modified":"2025-02-04T10:38:56","modified_gmt":"2025-02-04T10:38:56","slug":"la-haute-autorite-de-la-presse-et-de-laudiovisuel-organise-une-session-de-formation-sur-la-photographie-a-nouakchott","status":"publish","type":"post","link":"https:\/\/lequotidien.mr\/?p=25127&lang=fr","title":{"rendered":"La Haute Autorit\u00e9 de la Presse et de l\u2019Audiovisuel organise une session de formation sur la photographie \u00e0 Nouakchott"},"content":{"rendered":"<p>La Haute Autorit\u00e9 de la Presse et de l\u2019Audiovisuel (HAPA) a organis\u00e9, lundi \u00e0 Nouakchott, une session de formation sur la photographie, plac\u00e9e sous le th\u00e8me :\u00a0<em>\u00ab Transmettre les faits : documenter l\u2019actualit\u00e9 et construire des ponts \u00bb<\/em>. Cette formation de trois jours, r\u00e9alis\u00e9e en partenariat avec l\u2019ambassade des \u00c9tats-Unis \u00e0 Nouakchott, vise \u00e0 renforcer les comp\u00e9tences des photographes dans la transmission d\u2019images d\u2019actualit\u00e9, permettant ainsi au public de vivre les \u00e9v\u00e9nements dans leurs moindres d\u00e9tails.<\/p>\n<p>Dans son allocution d\u2019ouverture, le pr\u00e9sident de la HAPA, M. Mohamed Abdellahi Lehbib, a soulign\u00e9 l\u2019importance de la formation dans le processus de professionnalisation du secteur m\u00e9diatique en Mauritanie. \u00ab La formation repr\u00e9sente un aspect essentiel des r\u00e9formes engag\u00e9es depuis 2022, notamment avec la cr\u00e9ation de la Commission de r\u00e9forme de la presse et l\u2019adoption de textes l\u00e9gislatifs majeurs, tels que la loi portant cr\u00e9ation de la HAPA et la loi relative \u00e0 la lutte contre la manipulation de l\u2019information \u00bb, a-t-il d\u00e9clar\u00e9.<\/p>\n<p>M. Lehbib a \u00e9galement reconnu que les r\u00e9formes adopt\u00e9es se heurtent encore \u00e0 des d\u00e9fis li\u00e9s \u00e0 la r\u00e9alit\u00e9 du paysage m\u00e9diatique mauritanien. Cependant, il a r\u00e9affirm\u00e9 la d\u00e9termination des autorit\u00e9s et des partenaires \u00e0 mettre en \u0153uvre ces r\u00e9formes, qui visent \u00e0 instaurer des normes professionnelles rigoureuses, \u00e0 prot\u00e9ger la libert\u00e9 d\u2019expression, \u00e0 renforcer la confiance du public et \u00e0 promouvoir le d\u00e9veloppement des m\u00e9dias.<\/p>\n<p>Le pr\u00e9sident de la HAPA a insist\u00e9 sur le r\u00f4le central de l\u2019image dans le traitement de l\u2019actualit\u00e9. \u00ab L\u2019image n\u2019est pas seulement un \u00e9l\u00e9ment compl\u00e9mentaire de l\u2019histoire ou de l\u2019actualit\u00e9, elle en est le c\u0153ur. Elle fournit au spectateur des \u00e9l\u00e9ments concrets qui le transportent sur les lieux de l\u2019\u00e9v\u00e9nement et lui permettent de le vivre en d\u00e9tail \u00bb, a-t-il expliqu\u00e9.<\/p>\n<p>De son c\u00f4t\u00e9, M. John T. Ice, charg\u00e9 d\u2019affaires de l\u2019ambassade des \u00c9tats-Unis \u00e0 Nouakchott, a salu\u00e9 les efforts d\u00e9ploy\u00e9s pour promouvoir un paysage m\u00e9diatique dynamique et professionnel en Mauritanie. \u00ab Le d\u00e9vouement \u00e0 la formation des journalistes et des blogueurs est louable. Ensemble, nous \u0153uvrons pour une presse libre et ind\u00e9pendante, capable de refl\u00e9ter la r\u00e9alit\u00e9 avec pr\u00e9cision et impartialit\u00e9 \u00bb, a-t-il affirm\u00e9.<\/p>\n<p>M. Ice a \u00e9galement rappel\u00e9 que cet engagement en faveur de la formation et de la libert\u00e9 de la presse a permis \u00e0 la Mauritanie d\u2019occuper une place remarquable dans le Classement mondial de la libert\u00e9 de la presse 2024, \u00e9tabli par Reporters Sans Fronti\u00e8res. Le pays se classe ainsi au 33e rang mondial et au premier rang dans le monde arabe, une performance qui t\u00e9moigne des progr\u00e8s accomplis.<\/p>\n<p>La c\u00e9r\u00e9monie de lancement de cette session de formation s\u2019est d\u00e9roul\u00e9e en pr\u00e9sence de plusieurs personnalit\u00e9s, dont le pr\u00e9sident du M\u00e9canisme National pour la Pr\u00e9vention de la Torture, le commissaire adjoint du Commissariat aux droits de l\u2019Homme, \u00e0 l\u2019Action humanitaire et aux Relations avec la Soci\u00e9t\u00e9 civile, ainsi que le pr\u00e9sident de l\u2019Autorit\u00e9 de R\u00e9gulation de la Publicit\u00e9. Leur pr\u00e9sence souligne l\u2019importance accord\u00e9e \u00e0 cette initiative et \u00e0 la collaboration entre les diff\u00e9rentes institutions pour renforcer le secteur m\u00e9diatique.<\/p>\n<p>\u00c0 travers cette formation, la HAPA et ses partenaires entendent outiller les photographes pour qu\u2019ils puissent jouer pleinement leur r\u00f4le dans la documentation de l\u2019actualit\u00e9, tout en contribuant \u00e0 renforcer les ponts entre les m\u00e9dias et le public. Cette initiative s\u2019inscrit dans une dynamique plus large visant \u00e0 professionnaliser le secteur et \u00e0 promouvoir une information fiable et de qualit\u00e9 en Mauritanie.<\/p>\n","protected":false},"excerpt":{"rendered":"<p>La Haute Autorit\u00e9 de la Presse et de l\u2019Audiovisuel (HAPA) a organis\u00e9, lundi \u00e0 Nouakchott, une session de formation sur la photographie, plac\u00e9e sous le th\u00e8me :\u00a0\u00ab Transmettre les faits : documenter l\u2019actualit\u00e9 et construire des ponts \u00bb. Cette formation de trois jours, r\u00e9alis\u00e9e en partenariat avec l\u2019ambassade des \u00c9tats-Unis \u00e0 Nouakchott, vise \u00e0 renforcer&#8230;..<\/p>\n","protected":false},"author":12,"featured_media":25128,"comment_status":"open","ping_status":"open","sticky":false,"template":"","format":"standard","meta":{"footnotes":""},"categories":[23,55],"tags":[],"class_list":["post-25127","post","type-post","status-publish","format-standard","has-post-thumbnail","hentry","category-actualite","category-culture"],"yoast_head":"<!-- This site is optimized with the Yoast SEO plugin v27.5 - https:\/\/yoast.com\/product\/yoast-seo-wordpress\/ -->\n<title>La Haute Autorit\u00e9 de la Presse et de l\u2019Audiovisuel organise une session de formation sur la photographie \u00e0 Nouakchott - Le Quotidien de Nouakchott<\/title>\n<meta name=\"robots\" content=\"index, follow, max-snippet:-1, max-image-preview:large, max-video-preview:-1\" \/>\n<link rel=\"canonical\" href=\"https:\/\/lequotidien.mr\/?p=25127&lang=fr\" \/>\n<meta property=\"og:locale\" content=\"ar_AR\" \/>\n<meta property=\"og:type\" content=\"article\" \/>\n<meta property=\"og:title\" content=\"La Haute Autorit\u00e9 de la Presse et de l\u2019Audiovisuel organise une session de formation sur la photographie \u00e0 Nouakchott - Le Quotidien de Nouakchott\" \/>\n<meta property=\"og:description\" content=\"La Haute Autorit\u00e9 de la Presse et de l\u2019Audiovisuel (HAPA) a organis\u00e9, lundi \u00e0 Nouakchott, une session de formation sur la photographie, plac\u00e9e sous le th\u00e8me :\u00a0\u00ab Transmettre les faits : documenter l\u2019actualit\u00e9 et construire des ponts \u00bb. Cette formation de trois jours, r\u00e9alis\u00e9e en partenariat avec l\u2019ambassade des \u00c9tats-Unis \u00e0 Nouakchott, vise \u00e0 renforcer.....\" \/>\n<meta property=\"og:url\" content=\"https:\/\/lequotidien.mr\/?p=25127&amp;lang=fr\" \/>\n<meta property=\"og:site_name\" content=\"Le Quotidien de Nouakchott\" \/>\n<meta property=\"article:publisher\" content=\"https:\/\/web.facebook.com\/lequotidienmr\" \/>\n<meta property=\"article:published_time\" content=\"2025-02-04T10:38:56+00:00\" \/>\n<meta property=\"og:image\" content=\"https:\/\/lequotidien.mr\/wp-content\/uploads\/2025\/02\/photo-formation-Hapa.jpg\" \/>\n\t<meta property=\"og:image:width\" content=\"648\" \/>\n\t<meta property=\"og:image:height\" content=\"256\" \/>\n\t<meta property=\"og:image:type\" content=\"image\/jpeg\" \/>\n<meta name=\"author\" content=\"Med Ahmed\" \/>\n<meta name=\"twitter:card\" content=\"summary_large_image\" \/>\n<meta name=\"twitter:creator\" content=\"@lequotidienmr\" \/>\n<meta name=\"twitter:site\" content=\"@lequotidienmr\" \/>\n<meta name=\"twitter:label1\" content=\"\u0643\u064f\u062a\u0628 \u0628\u0648\u0627\u0633\u0637\u0629\" \/>\n\t<meta name=\"twitter:data1\" content=\"Med Ahmed\" \/>\n\t<meta name=\"twitter:label2\" content=\"\u0648\u0642\u062a \u0627\u0644\u0642\u0631\u0627\u0621\u0629 \u0627\u0644\u0645\u064f\u0642\u062f\u0651\u0631\" \/>\n\t<meta name=\"twitter:data2\" content=\"3 \u062f\u0642\u0627\u0626\u0642\" \/>\n<script type=\"application\/ld+json\" class=\"yoast-schema-graph\">{\"@context\":\"https:\\\/\\\/schema.org\",\"@graph\":[{\"@type\":\"Article\",\"@id\":\"https:\\\/\\\/lequotidien.mr\\\/?p=25127&lang=fr#article\",\"isPartOf\":{\"@id\":\"https:\\\/\\\/lequotidien.mr\\\/?p=25127&lang=fr\"},\"author\":{\"name\":\"Med Ahmed\",\"@id\":\"https:\\\/\\\/lequotidien.mr\\\/#\\\/schema\\\/person\\\/d2d350202a4d599685ed8abc25f97596\"},\"headline\":\"La Haute Autorit\u00e9 de la Presse et de l\u2019Audiovisuel organise une session de formation sur la photographie \u00e0 Nouakchott\",\"datePublished\":\"2025-02-04T10:38:56+00:00\",\"mainEntityOfPage\":{\"@id\":\"https:\\\/\\\/lequotidien.mr\\\/?p=25127&lang=fr\"},\"wordCount\":644,\"commentCount\":0,\"publisher\":{\"@id\":\"https:\\\/\\\/lequotidien.mr\\\/#organization\"},\"image\":{\"@id\":\"https:\\\/\\\/lequotidien.mr\\\/?p=25127&lang=fr#primaryimage\"},\"thumbnailUrl\":\"https:\\\/\\\/lequotidien.mr\\\/wp-content\\\/uploads\\\/2025\\\/02\\\/photo-formation-Hapa.jpg\",\"articleSection\":[\"ACTUALIT\u00c9\",\"Culture\"],\"inLanguage\":\"ar\",\"potentialAction\":[{\"@type\":\"CommentAction\",\"name\":\"Comment\",\"target\":[\"https:\\\/\\\/lequotidien.mr\\\/?p=25127&lang=fr#respond\"]}]},{\"@type\":\"WebPage\",\"@id\":\"https:\\\/\\\/lequotidien.mr\\\/?p=25127&lang=fr\",\"url\":\"https:\\\/\\\/lequotidien.mr\\\/?p=25127&lang=fr\",\"name\":\"La Haute Autorit\u00e9 de la Presse et de l\u2019Audiovisuel organise une session de formation sur la photographie \u00e0 Nouakchott - Le Quotidien de Nouakchott\",\"isPartOf\":{\"@id\":\"https:\\\/\\\/lequotidien.mr\\\/#website\"},\"primaryImageOfPage\":{\"@id\":\"https:\\\/\\\/lequotidien.mr\\\/?p=25127&lang=fr#primaryimage\"},\"image\":{\"@id\":\"https:\\\/\\\/lequotidien.mr\\\/?p=25127&lang=fr#primaryimage\"},\"thumbnailUrl\":\"https:\\\/\\\/lequotidien.mr\\\/wp-content\\\/uploads\\\/2025\\\/02\\\/photo-formation-Hapa.jpg\",\"datePublished\":\"2025-02-04T10:38:56+00:00\",\"breadcrumb\":{\"@id\":\"https:\\\/\\\/lequotidien.mr\\\/?p=25127&lang=fr#breadcrumb\"},\"inLanguage\":\"ar\",\"potentialAction\":[{\"@type\":\"ReadAction\",\"target\":[\"https:\\\/\\\/lequotidien.mr\\\/?p=25127&lang=fr\"]}]},{\"@type\":\"ImageObject\",\"inLanguage\":\"ar\",\"@id\":\"https:\\\/\\\/lequotidien.mr\\\/?p=25127&lang=fr#primaryimage\",\"url\":\"https:\\\/\\\/lequotidien.mr\\\/wp-content\\\/uploads\\\/2025\\\/02\\\/photo-formation-Hapa.jpg\",\"contentUrl\":\"https:\\\/\\\/lequotidien.mr\\\/wp-content\\\/uploads\\\/2025\\\/02\\\/photo-formation-Hapa.jpg\",\"width\":648,\"height\":256},{\"@type\":\"BreadcrumbList\",\"@id\":\"https:\\\/\\\/lequotidien.mr\\\/?p=25127&lang=fr#breadcrumb\",\"itemListElement\":[{\"@type\":\"ListItem\",\"position\":1,\"name\":\"Home\",\"item\":\"https:\\\/\\\/lequotidien.mr\\\/\"},{\"@type\":\"ListItem\",\"position\":2,\"name\":\"La Haute Autorit\u00e9 de la Presse et de l\u2019Audiovisuel organise une session de formation sur la photographie \u00e0 Nouakchott\"}]},{\"@type\":\"WebSite\",\"@id\":\"https:\\\/\\\/lequotidien.mr\\\/#website\",\"url\":\"https:\\\/\\\/lequotidien.mr\\\/\",\"name\":\"Le Quotidien de Nouakchott\",\"description\":\"\u0625\u062e\u0628\u0627\u0631\u064a\u0629 \u0645\u0633\u062a\u0642\u0644\u0629 \u0644\u0644\u0623\u0646\u0628\u0627\u0621 \u0627\u0644\u0639\u0627\u0645\u0629\",\"publisher\":{\"@id\":\"https:\\\/\\\/lequotidien.mr\\\/#organization\"},\"potentialAction\":[{\"@type\":\"SearchAction\",\"target\":{\"@type\":\"EntryPoint\",\"urlTemplate\":\"https:\\\/\\\/lequotidien.mr\\\/?s={search_term_string}\"},\"query-input\":{\"@type\":\"PropertyValueSpecification\",\"valueRequired\":true,\"valueName\":\"search_term_string\"}}],\"inLanguage\":\"ar\"},{\"@type\":\"Organization\",\"@id\":\"https:\\\/\\\/lequotidien.mr\\\/#organization\",\"name\":\"Le Quotidien de Nouakchott\",\"url\":\"https:\\\/\\\/lequotidien.mr\\\/\",\"logo\":{\"@type\":\"ImageObject\",\"inLanguage\":\"ar\",\"@id\":\"https:\\\/\\\/lequotidien.mr\\\/#\\\/schema\\\/logo\\\/image\\\/\",\"url\":\"https:\\\/\\\/lequotidien.mr\\\/wp-content\\\/uploads\\\/2022\\\/11\\\/logolequotidien.jpg\",\"contentUrl\":\"https:\\\/\\\/lequotidien.mr\\\/wp-content\\\/uploads\\\/2022\\\/11\\\/logolequotidien.jpg\",\"width\":290,\"height\":65,\"caption\":\"Le Quotidien de Nouakchott\"},\"image\":{\"@id\":\"https:\\\/\\\/lequotidien.mr\\\/#\\\/schema\\\/logo\\\/image\\\/\"},\"sameAs\":[\"https:\\\/\\\/web.facebook.com\\\/lequotidienmr\",\"https:\\\/\\\/x.com\\\/lequotidienmr\"]},{\"@type\":\"Person\",\"@id\":\"https:\\\/\\\/lequotidien.mr\\\/#\\\/schema\\\/person\\\/d2d350202a4d599685ed8abc25f97596\",\"name\":\"Med Ahmed\",\"image\":{\"@type\":\"ImageObject\",\"inLanguage\":\"ar\",\"@id\":\"https:\\\/\\\/secure.gravatar.com\\\/avatar\\\/fd2acc62ed50732923d1d39c17172c9b04149f142be92310ecc69e1358f94b52?s=96&d=mm&r=g\",\"url\":\"https:\\\/\\\/secure.gravatar.com\\\/avatar\\\/fd2acc62ed50732923d1d39c17172c9b04149f142be92310ecc69e1358f94b52?s=96&d=mm&r=g\",\"contentUrl\":\"https:\\\/\\\/secure.gravatar.com\\\/avatar\\\/fd2acc62ed50732923d1d39c17172c9b04149f142be92310ecc69e1358f94b52?s=96&d=mm&r=g\",\"caption\":\"Med Ahmed\"},\"url\":\"https:\\\/\\\/lequotidien.mr\\\/?author=12\"}]}<\/script>\n<!-- \/ Yoast SEO plugin. -->","yoast_head_json":{"title":"La Haute Autorit\u00e9 de la Presse et de l\u2019Audiovisuel organise une session de formation sur la photographie \u00e0 Nouakchott - Le Quotidien de Nouakchott","robots":{"index":"index","follow":"follow","max-snippet":"max-snippet:-1","max-image-preview":"max-image-preview:large","max-video-preview":"max-video-preview:-1"},"canonical":"https:\/\/lequotidien.mr\/?p=25127&lang=fr","og_locale":"ar_AR","og_type":"article","og_title":"La Haute Autorit\u00e9 de la Presse et de l\u2019Audiovisuel organise une session de formation sur la photographie \u00e0 Nouakchott - Le Quotidien de Nouakchott","og_description":"La Haute Autorit\u00e9 de la Presse et de l\u2019Audiovisuel (HAPA) a organis\u00e9, lundi \u00e0 Nouakchott, une session de formation sur la photographie, plac\u00e9e sous le th\u00e8me :\u00a0\u00ab Transmettre les faits : documenter l\u2019actualit\u00e9 et construire des ponts \u00bb. Cette formation de trois jours, r\u00e9alis\u00e9e en partenariat avec l\u2019ambassade des \u00c9tats-Unis \u00e0 Nouakchott, vise \u00e0 renforcer.....","og_url":"https:\/\/lequotidien.mr\/?p=25127&lang=fr","og_site_name":"Le Quotidien de Nouakchott","article_publisher":"https:\/\/web.facebook.com\/lequotidienmr","article_published_time":"2025-02-04T10:38:56+00:00","og_image":[{"width":648,"height":256,"url":"https:\/\/lequotidien.mr\/wp-content\/uploads\/2025\/02\/photo-formation-Hapa.jpg","type":"image\/jpeg"}],"author":"Med Ahmed","twitter_card":"summary_large_image","twitter_creator":"@lequotidienmr","twitter_site":"@lequotidienmr","twitter_misc":{"\u0643\u064f\u062a\u0628 \u0628\u0648\u0627\u0633\u0637\u0629":"Med Ahmed","\u0648\u0642\u062a \u0627\u0644\u0642\u0631\u0627\u0621\u0629 \u0627\u0644\u0645\u064f\u0642\u062f\u0651\u0631":"3 \u062f\u0642\u0627\u0626\u0642"},"schema":{"@context":"https:\/\/schema.org","@graph":[{"@type":"Article","@id":"https:\/\/lequotidien.mr\/?p=25127&lang=fr#article","isPartOf":{"@id":"https:\/\/lequotidien.mr\/?p=25127&lang=fr"},"author":{"name":"Med Ahmed","@id":"https:\/\/lequotidien.mr\/#\/schema\/person\/d2d350202a4d599685ed8abc25f97596"},"headline":"La Haute Autorit\u00e9 de la Presse et de l\u2019Audiovisuel organise une session de formation sur la photographie \u00e0 Nouakchott","datePublished":"2025-02-04T10:38:56+00:00","mainEntityOfPage":{"@id":"https:\/\/lequotidien.mr\/?p=25127&lang=fr"},"wordCount":644,"commentCount":0,"publisher":{"@id":"https:\/\/lequotidien.mr\/#organization"},"image":{"@id":"https:\/\/lequotidien.mr\/?p=25127&lang=fr#primaryimage"},"thumbnailUrl":"https:\/\/lequotidien.mr\/wp-content\/uploads\/2025\/02\/photo-formation-Hapa.jpg","articleSection":["ACTUALIT\u00c9","Culture"],"inLanguage":"ar","potentialAction":[{"@type":"CommentAction","name":"Comment","target":["https:\/\/lequotidien.mr\/?p=25127&lang=fr#respond"]}]},{"@type":"WebPage","@id":"https:\/\/lequotidien.mr\/?p=25127&lang=fr","url":"https:\/\/lequotidien.mr\/?p=25127&lang=fr","name":"La Haute Autorit\u00e9 de la Presse et de l\u2019Audiovisuel organise une session de formation sur la photographie \u00e0 Nouakchott - Le Quotidien de Nouakchott","isPartOf":{"@id":"https:\/\/lequotidien.mr\/#website"},"primaryImageOfPage":{"@id":"https:\/\/lequotidien.mr\/?p=25127&lang=fr#primaryimage"},"image":{"@id":"https:\/\/lequotidien.mr\/?p=25127&lang=fr#primaryimage"},"thumbnailUrl":"https:\/\/lequotidien.mr\/wp-content\/uploads\/2025\/02\/photo-formation-Hapa.jpg","datePublished":"2025-02-04T10:38:56+00:00","breadcrumb":{"@id":"https:\/\/lequotidien.mr\/?p=25127&lang=fr#breadcrumb"},"inLanguage":"ar","potentialAction":[{"@type":"ReadAction","target":["https:\/\/lequotidien.mr\/?p=25127&lang=fr"]}]},{"@type":"ImageObject","inLanguage":"ar","@id":"https:\/\/lequotidien.mr\/?p=25127&lang=fr#primaryimage","url":"https:\/\/lequotidien.mr\/wp-content\/uploads\/2025\/02\/photo-formation-Hapa.jpg","contentUrl":"https:\/\/lequotidien.mr\/wp-content\/uploads\/2025\/02\/photo-formation-Hapa.jpg","width":648,"height":256},{"@type":"BreadcrumbList","@id":"https:\/\/lequotidien.mr\/?p=25127&lang=fr#breadcrumb","itemListElement":[{"@type":"ListItem","position":1,"name":"Home","item":"https:\/\/lequotidien.mr\/"},{"@type":"ListItem","position":2,"name":"La Haute Autorit\u00e9 de la Presse et de l\u2019Audiovisuel organise une session de formation sur la photographie \u00e0 Nouakchott"}]},{"@type":"WebSite","@id":"https:\/\/lequotidien.mr\/#website","url":"https:\/\/lequotidien.mr\/","name":"Le Quotidien de Nouakchott","description":"\u0625\u062e\u0628\u0627\u0631\u064a\u0629 \u0645\u0633\u062a\u0642\u0644\u0629 \u0644\u0644\u0623\u0646\u0628\u0627\u0621 \u0627\u0644\u0639\u0627\u0645\u0629","publisher":{"@id":"https:\/\/lequotidien.mr\/#organization"},"potentialAction":[{"@type":"SearchAction","target":{"@type":"EntryPoint","urlTemplate":"https:\/\/lequotidien.mr\/?s={search_term_string}"},"query-input":{"@type":"PropertyValueSpecification","valueRequired":true,"valueName":"search_term_string"}}],"inLanguage":"ar"},{"@type":"Organization","@id":"https:\/\/lequotidien.mr\/#organization","name":"Le Quotidien de Nouakchott","url":"https:\/\/lequotidien.mr\/","logo":{"@type":"ImageObject","inLanguage":"ar","@id":"https:\/\/lequotidien.mr\/#\/schema\/logo\/image\/","url":"https:\/\/lequotidien.mr\/wp-content\/uploads\/2022\/11\/logolequotidien.jpg","contentUrl":"https:\/\/lequotidien.mr\/wp-content\/uploads\/2022\/11\/logolequotidien.jpg","width":290,"height":65,"caption":"Le Quotidien de Nouakchott"},"image":{"@id":"https:\/\/lequotidien.mr\/#\/schema\/logo\/image\/"},"sameAs":["https:\/\/web.facebook.com\/lequotidienmr","https:\/\/x.com\/lequotidienmr"]},{"@type":"Person","@id":"https:\/\/lequotidien.mr\/#\/schema\/person\/d2d350202a4d599685ed8abc25f97596","name":"Med Ahmed","image":{"@type":"ImageObject","inLanguage":"ar","@id":"https:\/\/secure.gravatar.com\/avatar\/fd2acc62ed50732923d1d39c17172c9b04149f142be92310ecc69e1358f94b52?s=96&d=mm&r=g","url":"https:\/\/secure.gravatar.com\/avatar\/fd2acc62ed50732923d1d39c17172c9b04149f142be92310ecc69e1358f94b52?s=96&d=mm&r=g","contentUrl":"https:\/\/secure.gravatar.com\/avatar\/fd2acc62ed50732923d1d39c17172c9b04149f142be92310ecc69e1358f94b52?s=96&d=mm&r=g","caption":"Med Ahmed"},"url":"https:\/\/lequotidien.mr\/?author=12"}]}},"_links":{"self":[{"href":"https:\/\/lequotidien.mr\/index.php?rest_route=\/wp\/v2\/posts\/25127","targetHints":{"allow":["GET"]}}],"collection":[{"href":"https:\/\/lequotidien.mr\/index.php?rest_route=\/wp\/v2\/posts"}],"about":[{"href":"https:\/\/lequotidien.mr\/index.php?rest_route=\/wp\/v2\/types\/post"}],"author":[{"embeddable":true,"href":"https:\/\/lequotidien.mr\/index.php?rest_route=\/wp\/v2\/users\/12"}],"replies":[{"embeddable":true,"href":"https:\/\/lequotidien.mr\/index.php?rest_route=%2Fwp%2Fv2%2Fcomments&post=25127"}],"version-history":[{"count":1,"href":"https:\/\/lequotidien.mr\/index.php?rest_route=\/wp\/v2\/posts\/25127\/revisions"}],"predecessor-version":[{"id":25129,"href":"https:\/\/lequotidien.mr\/index.php?rest_route=\/wp\/v2\/posts\/25127\/revisions\/25129"}],"wp:featuredmedia":[{"embeddable":true,"href":"https:\/\/lequotidien.mr\/index.php?rest_route=\/wp\/v2\/media\/25128"}],"wp:attachment":[{"href":"https:\/\/lequotidien.mr\/index.php?rest_route=%2Fwp%2Fv2%2Fmedia&parent=25127"}],"wp:term":[{"taxonomy":"category","embeddable":true,"href":"https:\/\/lequotidien.mr\/index.php?rest_route=%2Fwp%2Fv2%2Fcategories&post=25127"},{"taxonomy":"post_tag","embeddable":true,"href":"https:\/\/lequotidien.mr\/index.php?rest_route=%2Fwp%2Fv2%2Ftags&post=25127"}],"curies":[{"name":"wp","href":"https:\/\/api.w.org\/{rel}","templated":true}]}}