{"id":25107,"date":"2025-02-03T10:20:24","date_gmt":"2025-02-03T10:20:24","guid":{"rendered":"https:\/\/lequotidien.mr\/?p=25107"},"modified":"2025-02-03T10:20:24","modified_gmt":"2025-02-03T10:20:24","slug":"programme-durgence-pour-le-developpement-de-la-ville-de-nouakchott-le-premier-ministre-sur-le-terrain-pour-suivre-levolution-de-la-composante-routiere","status":"publish","type":"post","link":"https:\/\/lequotidien.mr\/?p=25107&lang=fr","title":{"rendered":"Programme d\u2019urgence pour le d\u00e9veloppement de la ville de Nouakchott : Le Premier ministre sur le terrain pour suivre l\u2019\u00e9volution de la composante routi\u00e8re"},"content":{"rendered":"<p>Le Premier ministre, M. Moctar Djay, a effectu\u00e9, dimanche dernier, une visite d\u2019inspection des travaux de construction de la composante routi\u00e8re du programme d\u2019urgence pour le d\u00e9veloppement de la ville de Nouakchott. Ce programme ambitieux, lanc\u00e9 le 20 janvier par Son Excellence le Pr\u00e9sident de la R\u00e9publique, Monsieur Mohamed Cheikh El Ghazouani, vise \u00e0 moderniser les infrastructures routi\u00e8res de la capitale et \u00e0 faciliter la circulation dans ses diff\u00e9rents quartiers.<\/p>\n<p><strong>Un projet structurant pour Nouakchott<\/strong><\/p>\n<p>La tourn\u00e9e du Premier ministre a d\u00e9but\u00e9 par l\u2019inspection du tron\u00e7on routier situ\u00e9 dans le quartier Riadh, \u00e0 Nouakchott Sud. R\u00e9alis\u00e9e par l\u2019ATTM, cette route de 21 km relie la route de Rosso \u00e0 celle d\u2019El Emel et comprend 18 km de routes secondaires traversant les quartiers de Riadh et Arafat.<\/p>\n<p>La deuxi\u00e8me \u00e9tape de la visite a port\u00e9 sur la construction d\u2019un tron\u00e7on de 15 km reliant la route d\u2019Akjoujt \u00e0 celle d\u2019El Emel, \u00e9galement r\u00e9alis\u00e9 par l\u2019ATTM, ainsi que sur le tron\u00e7on de 24 km traversant les moughataas de Dar El Naim, Teyaret et Toujounine, situ\u00e9es dans la wilaya de Nouakchott Nord.<\/p>\n<p>Dans la wilaya de Nouakchott Ouest, le Premier ministre a inspect\u00e9 la construction d\u2019une route de 1,6 km dans la moughataa du Ksar, en cours d\u2019ex\u00e9cution par BIS-TP. Il a ensuite poursuivi sa tourn\u00e9e en visitant le tron\u00e7on routier entre le rond-point El Berad et l\u2019h\u00f4tel Sabah, long de 6 km, toujours en cours d\u2019ex\u00e9cution par BIS-TP.<\/p>\n<p>L\u2019un des volets les plus significatifs de cette visite a \u00e9t\u00e9 l\u2019\u00e9largissement de la route menant \u00e0 l\u2019a\u00e9roport international de Nouakchott \u00ab Oum El Tunisi \u00bb, depuis le rond-point El Berad. Ce tron\u00e7on, d\u2019une longueur de 18 km, constitue un axe majeur pour le d\u00e9veloppement urbain et la fluidit\u00e9 du trafic. Enfin, la visite s\u2019est achev\u00e9e par l\u2019inspection de la construction d\u2019un tron\u00e7on routier de 8 km reliant la route de l\u2019a\u00e9roport \u00e0 la route d\u2019Akjoujt, \u00e9galement ex\u00e9cut\u00e9 par BIS-TP.<\/p>\n<p><strong>Un suivi rigoureux des travaux<\/strong><\/p>\n<p>Tout au long de sa tourn\u00e9e, le Premier ministre s\u2019est enquis de l\u2019\u00e9tat d\u2019avancement des travaux et des dispositifs mis en place pour leur bonne ex\u00e9cution. Il a suivi des expos\u00e9s techniques d\u00e9taillant l\u2019\u00e9volution des chantiers et les mesures adopt\u00e9es pour garantir la conformit\u00e9 aux normes exig\u00e9es.<\/p>\n<p>Insistant sur l\u2019importance du respect strict du cahier des charges, M. Moctar Djay a rappel\u00e9 que le gouvernement, sous l\u2019impulsion du Pr\u00e9sident de la R\u00e9publique, veille au suivi rigoureux de ces projets jusqu\u2019\u00e0 leur livraison. Il a fermement soulign\u00e9 qu\u2019aucune d\u00e9faillance ou irr\u00e9gularit\u00e9 ne serait tol\u00e9r\u00e9e, appelant les responsables \u00e0 garantir des infrastructures de qualit\u00e9, conformes aux normes internationales.<\/p>\n<p><strong>Un investissement majeur pour la capitale<\/strong><\/p>\n<p>Le volet routier du programme d\u2019urgence pour le d\u00e9veloppement de Nouakchott b\u00e9n\u00e9ficie d\u2019un budget de 1,9 milliard d\u2019ouguiyas nouvelles. Il pr\u00e9voit la construction de 68 km de routes rev\u00eatues, r\u00e9parties entre les diff\u00e9rentes communes de la capitale, ainsi que la r\u00e9alisation d\u2019une voie de contournement de 50 km et l\u2019extension de la route de l\u2019a\u00e9roport international sur 18 km.<\/p>\n<p>Ce projet structurant vise \u00e0 d\u00e9senclaver plusieurs quartiers populaires et \u00e0 moderniser le r\u00e9seau routier urbain de Nouakchott, r\u00e9pondant ainsi aux engagements du Pr\u00e9sident de la R\u00e9publique contenus dans son programme \u00e9lectoral \u00ab Mon Ambition pour la Nation \u00bb.<\/p>\n<p>Le Premier ministre \u00e9tait accompagn\u00e9, lors de cette visite, du ministre de l\u2019\u00c9quipement et des Transports, M. Ely El Feirk, du directeur de cabinet du Premier ministre, des walis des trois wilayas de Nouakchott, des hakems des moughataas concern\u00e9es, des maires des communes et d\u2019un certain nombre de cadres du Premier minist\u00e8re. Cette mobilisation t\u00e9moigne de l\u2019engagement collectif des autorit\u00e9s \u00e0 garantir la r\u00e9ussite de ces infrastructures essentielles pour l\u2019avenir de la capitale.<\/p>\n","protected":false},"excerpt":{"rendered":"<p>Le Premier ministre, M. Moctar Djay, a effectu\u00e9, dimanche dernier, une visite d\u2019inspection des travaux de construction de la composante routi\u00e8re du programme d\u2019urgence pour le d\u00e9veloppement de la ville de Nouakchott. Ce programme ambitieux, lanc\u00e9 le 20 janvier par Son Excellence le Pr\u00e9sident de la R\u00e9publique, Monsieur Mohamed Cheikh El Ghazouani, vise \u00e0 moderniser&#8230;..<\/p>\n","protected":false},"author":12,"featured_media":25108,"comment_status":"open","ping_status":"open","sticky":false,"template":"","format":"standard","meta":{"footnotes":""},"categories":[23,49],"tags":[],"class_list":["post-25107","post","type-post","status-publish","format-standard","has-post-thumbnail","hentry","category-actualite","category-economie"],"yoast_head":"<!-- This site is optimized with the Yoast SEO plugin v27.5 - https:\/\/yoast.com\/product\/yoast-seo-wordpress\/ -->\n<title>Programme d\u2019urgence pour le d\u00e9veloppement de la ville de Nouakchott : Le Premier ministre sur le terrain pour suivre l\u2019\u00e9volution de la composante routi\u00e8re - Le Quotidien de Nouakchott<\/title>\n<meta name=\"robots\" content=\"index, follow, max-snippet:-1, max-image-preview:large, max-video-preview:-1\" \/>\n<link rel=\"canonical\" href=\"https:\/\/lequotidien.mr\/?p=25107&lang=fr\" \/>\n<meta property=\"og:locale\" content=\"ar_AR\" \/>\n<meta property=\"og:type\" content=\"article\" \/>\n<meta property=\"og:title\" content=\"Programme d\u2019urgence pour le d\u00e9veloppement de la ville de Nouakchott : Le Premier ministre sur le terrain pour suivre l\u2019\u00e9volution de la composante routi\u00e8re - Le Quotidien de Nouakchott\" \/>\n<meta property=\"og:description\" content=\"Le Premier ministre, M. Moctar Djay, a effectu\u00e9, dimanche dernier, une visite d\u2019inspection des travaux de construction de la composante routi\u00e8re du programme d\u2019urgence pour le d\u00e9veloppement de la ville de Nouakchott. Ce programme ambitieux, lanc\u00e9 le 20 janvier par Son Excellence le Pr\u00e9sident de la R\u00e9publique, Monsieur Mohamed Cheikh El Ghazouani, vise \u00e0 moderniser.....\" \/>\n<meta property=\"og:url\" content=\"https:\/\/lequotidien.mr\/?p=25107&amp;lang=fr\" \/>\n<meta property=\"og:site_name\" content=\"Le Quotidien de Nouakchott\" \/>\n<meta property=\"article:publisher\" content=\"https:\/\/web.facebook.com\/lequotidienmr\" \/>\n<meta property=\"article:published_time\" content=\"2025-02-03T10:20:24+00:00\" \/>\n<meta property=\"og:image\" content=\"https:\/\/lequotidien.mr\/wp-content\/uploads\/2025\/02\/photo-ateliers-programme-Nkc.jpg\" \/>\n\t<meta property=\"og:image:width\" content=\"750\" \/>\n\t<meta property=\"og:image:height\" content=\"430\" \/>\n\t<meta property=\"og:image:type\" content=\"image\/jpeg\" \/>\n<meta name=\"author\" content=\"Med Ahmed\" \/>\n<meta name=\"twitter:card\" content=\"summary_large_image\" \/>\n<meta name=\"twitter:creator\" content=\"@lequotidienmr\" \/>\n<meta name=\"twitter:site\" content=\"@lequotidienmr\" \/>\n<meta name=\"twitter:label1\" content=\"\u0643\u064f\u062a\u0628 \u0628\u0648\u0627\u0633\u0637\u0629\" \/>\n\t<meta name=\"twitter:data1\" content=\"Med Ahmed\" \/>\n\t<meta name=\"twitter:label2\" content=\"\u0648\u0642\u062a \u0627\u0644\u0642\u0631\u0627\u0621\u0629 \u0627\u0644\u0645\u064f\u0642\u062f\u0651\u0631\" \/>\n\t<meta name=\"twitter:data2\" content=\"3 \u062f\u0642\u0627\u0626\u0642\" \/>\n<script type=\"application\/ld+json\" class=\"yoast-schema-graph\">{\"@context\":\"https:\\\/\\\/schema.org\",\"@graph\":[{\"@type\":\"Article\",\"@id\":\"https:\\\/\\\/lequotidien.mr\\\/?p=25107&lang=fr#article\",\"isPartOf\":{\"@id\":\"https:\\\/\\\/lequotidien.mr\\\/?p=25107&lang=fr\"},\"author\":{\"name\":\"Med Ahmed\",\"@id\":\"https:\\\/\\\/lequotidien.mr\\\/#\\\/schema\\\/person\\\/d2d350202a4d599685ed8abc25f97596\"},\"headline\":\"Programme d\u2019urgence pour le d\u00e9veloppement de la ville de Nouakchott : Le Premier ministre sur le terrain pour suivre l\u2019\u00e9volution de la composante routi\u00e8re\",\"datePublished\":\"2025-02-03T10:20:24+00:00\",\"mainEntityOfPage\":{\"@id\":\"https:\\\/\\\/lequotidien.mr\\\/?p=25107&lang=fr\"},\"wordCount\":701,\"commentCount\":0,\"publisher\":{\"@id\":\"https:\\\/\\\/lequotidien.mr\\\/#organization\"},\"image\":{\"@id\":\"https:\\\/\\\/lequotidien.mr\\\/?p=25107&lang=fr#primaryimage\"},\"thumbnailUrl\":\"https:\\\/\\\/lequotidien.mr\\\/wp-content\\\/uploads\\\/2025\\\/02\\\/photo-ateliers-programme-Nkc.jpg\",\"articleSection\":[\"ACTUALIT\u00c9\",\"Economie\"],\"inLanguage\":\"ar\",\"potentialAction\":[{\"@type\":\"CommentAction\",\"name\":\"Comment\",\"target\":[\"https:\\\/\\\/lequotidien.mr\\\/?p=25107&lang=fr#respond\"]}]},{\"@type\":\"WebPage\",\"@id\":\"https:\\\/\\\/lequotidien.mr\\\/?p=25107&lang=fr\",\"url\":\"https:\\\/\\\/lequotidien.mr\\\/?p=25107&lang=fr\",\"name\":\"Programme d\u2019urgence pour le d\u00e9veloppement de la ville de Nouakchott : Le Premier ministre sur le terrain pour suivre l\u2019\u00e9volution de la composante routi\u00e8re - Le Quotidien de Nouakchott\",\"isPartOf\":{\"@id\":\"https:\\\/\\\/lequotidien.mr\\\/#website\"},\"primaryImageOfPage\":{\"@id\":\"https:\\\/\\\/lequotidien.mr\\\/?p=25107&lang=fr#primaryimage\"},\"image\":{\"@id\":\"https:\\\/\\\/lequotidien.mr\\\/?p=25107&lang=fr#primaryimage\"},\"thumbnailUrl\":\"https:\\\/\\\/lequotidien.mr\\\/wp-content\\\/uploads\\\/2025\\\/02\\\/photo-ateliers-programme-Nkc.jpg\",\"datePublished\":\"2025-02-03T10:20:24+00:00\",\"breadcrumb\":{\"@id\":\"https:\\\/\\\/lequotidien.mr\\\/?p=25107&lang=fr#breadcrumb\"},\"inLanguage\":\"ar\",\"potentialAction\":[{\"@type\":\"ReadAction\",\"target\":[\"https:\\\/\\\/lequotidien.mr\\\/?p=25107&lang=fr\"]}]},{\"@type\":\"ImageObject\",\"inLanguage\":\"ar\",\"@id\":\"https:\\\/\\\/lequotidien.mr\\\/?p=25107&lang=fr#primaryimage\",\"url\":\"https:\\\/\\\/lequotidien.mr\\\/wp-content\\\/uploads\\\/2025\\\/02\\\/photo-ateliers-programme-Nkc.jpg\",\"contentUrl\":\"https:\\\/\\\/lequotidien.mr\\\/wp-content\\\/uploads\\\/2025\\\/02\\\/photo-ateliers-programme-Nkc.jpg\",\"width\":750,\"height\":430},{\"@type\":\"BreadcrumbList\",\"@id\":\"https:\\\/\\\/lequotidien.mr\\\/?p=25107&lang=fr#breadcrumb\",\"itemListElement\":[{\"@type\":\"ListItem\",\"position\":1,\"name\":\"Home\",\"item\":\"https:\\\/\\\/lequotidien.mr\\\/\"},{\"@type\":\"ListItem\",\"position\":2,\"name\":\"Programme d\u2019urgence pour le d\u00e9veloppement de la ville de Nouakchott : Le Premier ministre sur le terrain pour suivre l\u2019\u00e9volution de la composante routi\u00e8re\"}]},{\"@type\":\"WebSite\",\"@id\":\"https:\\\/\\\/lequotidien.mr\\\/#website\",\"url\":\"https:\\\/\\\/lequotidien.mr\\\/\",\"name\":\"Le Quotidien de Nouakchott\",\"description\":\"\u0625\u062e\u0628\u0627\u0631\u064a\u0629 \u0645\u0633\u062a\u0642\u0644\u0629 \u0644\u0644\u0623\u0646\u0628\u0627\u0621 \u0627\u0644\u0639\u0627\u0645\u0629\",\"publisher\":{\"@id\":\"https:\\\/\\\/lequotidien.mr\\\/#organization\"},\"potentialAction\":[{\"@type\":\"SearchAction\",\"target\":{\"@type\":\"EntryPoint\",\"urlTemplate\":\"https:\\\/\\\/lequotidien.mr\\\/?s={search_term_string}\"},\"query-input\":{\"@type\":\"PropertyValueSpecification\",\"valueRequired\":true,\"valueName\":\"search_term_string\"}}],\"inLanguage\":\"ar\"},{\"@type\":\"Organization\",\"@id\":\"https:\\\/\\\/lequotidien.mr\\\/#organization\",\"name\":\"Le Quotidien de Nouakchott\",\"url\":\"https:\\\/\\\/lequotidien.mr\\\/\",\"logo\":{\"@type\":\"ImageObject\",\"inLanguage\":\"ar\",\"@id\":\"https:\\\/\\\/lequotidien.mr\\\/#\\\/schema\\\/logo\\\/image\\\/\",\"url\":\"https:\\\/\\\/lequotidien.mr\\\/wp-content\\\/uploads\\\/2022\\\/11\\\/logolequotidien.jpg\",\"contentUrl\":\"https:\\\/\\\/lequotidien.mr\\\/wp-content\\\/uploads\\\/2022\\\/11\\\/logolequotidien.jpg\",\"width\":290,\"height\":65,\"caption\":\"Le Quotidien de Nouakchott\"},\"image\":{\"@id\":\"https:\\\/\\\/lequotidien.mr\\\/#\\\/schema\\\/logo\\\/image\\\/\"},\"sameAs\":[\"https:\\\/\\\/web.facebook.com\\\/lequotidienmr\",\"https:\\\/\\\/x.com\\\/lequotidienmr\"]},{\"@type\":\"Person\",\"@id\":\"https:\\\/\\\/lequotidien.mr\\\/#\\\/schema\\\/person\\\/d2d350202a4d599685ed8abc25f97596\",\"name\":\"Med Ahmed\",\"image\":{\"@type\":\"ImageObject\",\"inLanguage\":\"ar\",\"@id\":\"https:\\\/\\\/secure.gravatar.com\\\/avatar\\\/fd2acc62ed50732923d1d39c17172c9b04149f142be92310ecc69e1358f94b52?s=96&d=mm&r=g\",\"url\":\"https:\\\/\\\/secure.gravatar.com\\\/avatar\\\/fd2acc62ed50732923d1d39c17172c9b04149f142be92310ecc69e1358f94b52?s=96&d=mm&r=g\",\"contentUrl\":\"https:\\\/\\\/secure.gravatar.com\\\/avatar\\\/fd2acc62ed50732923d1d39c17172c9b04149f142be92310ecc69e1358f94b52?s=96&d=mm&r=g\",\"caption\":\"Med Ahmed\"},\"url\":\"https:\\\/\\\/lequotidien.mr\\\/?author=12\"}]}<\/script>\n<!-- \/ Yoast SEO plugin. -->","yoast_head_json":{"title":"Programme d\u2019urgence pour le d\u00e9veloppement de la ville de Nouakchott : Le Premier ministre sur le terrain pour suivre l\u2019\u00e9volution de la composante routi\u00e8re - Le Quotidien de Nouakchott","robots":{"index":"index","follow":"follow","max-snippet":"max-snippet:-1","max-image-preview":"max-image-preview:large","max-video-preview":"max-video-preview:-1"},"canonical":"https:\/\/lequotidien.mr\/?p=25107&lang=fr","og_locale":"ar_AR","og_type":"article","og_title":"Programme d\u2019urgence pour le d\u00e9veloppement de la ville de Nouakchott : Le Premier ministre sur le terrain pour suivre l\u2019\u00e9volution de la composante routi\u00e8re - Le Quotidien de Nouakchott","og_description":"Le Premier ministre, M. Moctar Djay, a effectu\u00e9, dimanche dernier, une visite d\u2019inspection des travaux de construction de la composante routi\u00e8re du programme d\u2019urgence pour le d\u00e9veloppement de la ville de Nouakchott. Ce programme ambitieux, lanc\u00e9 le 20 janvier par Son Excellence le Pr\u00e9sident de la R\u00e9publique, Monsieur Mohamed Cheikh El Ghazouani, vise \u00e0 moderniser.....","og_url":"https:\/\/lequotidien.mr\/?p=25107&lang=fr","og_site_name":"Le Quotidien de Nouakchott","article_publisher":"https:\/\/web.facebook.com\/lequotidienmr","article_published_time":"2025-02-03T10:20:24+00:00","og_image":[{"width":750,"height":430,"url":"https:\/\/lequotidien.mr\/wp-content\/uploads\/2025\/02\/photo-ateliers-programme-Nkc.jpg","type":"image\/jpeg"}],"author":"Med Ahmed","twitter_card":"summary_large_image","twitter_creator":"@lequotidienmr","twitter_site":"@lequotidienmr","twitter_misc":{"\u0643\u064f\u062a\u0628 \u0628\u0648\u0627\u0633\u0637\u0629":"Med Ahmed","\u0648\u0642\u062a \u0627\u0644\u0642\u0631\u0627\u0621\u0629 \u0627\u0644\u0645\u064f\u0642\u062f\u0651\u0631":"3 \u062f\u0642\u0627\u0626\u0642"},"schema":{"@context":"https:\/\/schema.org","@graph":[{"@type":"Article","@id":"https:\/\/lequotidien.mr\/?p=25107&lang=fr#article","isPartOf":{"@id":"https:\/\/lequotidien.mr\/?p=25107&lang=fr"},"author":{"name":"Med Ahmed","@id":"https:\/\/lequotidien.mr\/#\/schema\/person\/d2d350202a4d599685ed8abc25f97596"},"headline":"Programme d\u2019urgence pour le d\u00e9veloppement de la ville de Nouakchott : Le Premier ministre sur le terrain pour suivre l\u2019\u00e9volution de la composante routi\u00e8re","datePublished":"2025-02-03T10:20:24+00:00","mainEntityOfPage":{"@id":"https:\/\/lequotidien.mr\/?p=25107&lang=fr"},"wordCount":701,"commentCount":0,"publisher":{"@id":"https:\/\/lequotidien.mr\/#organization"},"image":{"@id":"https:\/\/lequotidien.mr\/?p=25107&lang=fr#primaryimage"},"thumbnailUrl":"https:\/\/lequotidien.mr\/wp-content\/uploads\/2025\/02\/photo-ateliers-programme-Nkc.jpg","articleSection":["ACTUALIT\u00c9","Economie"],"inLanguage":"ar","potentialAction":[{"@type":"CommentAction","name":"Comment","target":["https:\/\/lequotidien.mr\/?p=25107&lang=fr#respond"]}]},{"@type":"WebPage","@id":"https:\/\/lequotidien.mr\/?p=25107&lang=fr","url":"https:\/\/lequotidien.mr\/?p=25107&lang=fr","name":"Programme d\u2019urgence pour le d\u00e9veloppement de la ville de Nouakchott : Le Premier ministre sur le terrain pour suivre l\u2019\u00e9volution de la composante routi\u00e8re - Le Quotidien de Nouakchott","isPartOf":{"@id":"https:\/\/lequotidien.mr\/#website"},"primaryImageOfPage":{"@id":"https:\/\/lequotidien.mr\/?p=25107&lang=fr#primaryimage"},"image":{"@id":"https:\/\/lequotidien.mr\/?p=25107&lang=fr#primaryimage"},"thumbnailUrl":"https:\/\/lequotidien.mr\/wp-content\/uploads\/2025\/02\/photo-ateliers-programme-Nkc.jpg","datePublished":"2025-02-03T10:20:24+00:00","breadcrumb":{"@id":"https:\/\/lequotidien.mr\/?p=25107&lang=fr#breadcrumb"},"inLanguage":"ar","potentialAction":[{"@type":"ReadAction","target":["https:\/\/lequotidien.mr\/?p=25107&lang=fr"]}]},{"@type":"ImageObject","inLanguage":"ar","@id":"https:\/\/lequotidien.mr\/?p=25107&lang=fr#primaryimage","url":"https:\/\/lequotidien.mr\/wp-content\/uploads\/2025\/02\/photo-ateliers-programme-Nkc.jpg","contentUrl":"https:\/\/lequotidien.mr\/wp-content\/uploads\/2025\/02\/photo-ateliers-programme-Nkc.jpg","width":750,"height":430},{"@type":"BreadcrumbList","@id":"https:\/\/lequotidien.mr\/?p=25107&lang=fr#breadcrumb","itemListElement":[{"@type":"ListItem","position":1,"name":"Home","item":"https:\/\/lequotidien.mr\/"},{"@type":"ListItem","position":2,"name":"Programme d\u2019urgence pour le d\u00e9veloppement de la ville de Nouakchott : Le Premier ministre sur le terrain pour suivre l\u2019\u00e9volution de la composante routi\u00e8re"}]},{"@type":"WebSite","@id":"https:\/\/lequotidien.mr\/#website","url":"https:\/\/lequotidien.mr\/","name":"Le Quotidien de Nouakchott","description":"\u0625\u062e\u0628\u0627\u0631\u064a\u0629 \u0645\u0633\u062a\u0642\u0644\u0629 \u0644\u0644\u0623\u0646\u0628\u0627\u0621 \u0627\u0644\u0639\u0627\u0645\u0629","publisher":{"@id":"https:\/\/lequotidien.mr\/#organization"},"potentialAction":[{"@type":"SearchAction","target":{"@type":"EntryPoint","urlTemplate":"https:\/\/lequotidien.mr\/?s={search_term_string}"},"query-input":{"@type":"PropertyValueSpecification","valueRequired":true,"valueName":"search_term_string"}}],"inLanguage":"ar"},{"@type":"Organization","@id":"https:\/\/lequotidien.mr\/#organization","name":"Le Quotidien de Nouakchott","url":"https:\/\/lequotidien.mr\/","logo":{"@type":"ImageObject","inLanguage":"ar","@id":"https:\/\/lequotidien.mr\/#\/schema\/logo\/image\/","url":"https:\/\/lequotidien.mr\/wp-content\/uploads\/2022\/11\/logolequotidien.jpg","contentUrl":"https:\/\/lequotidien.mr\/wp-content\/uploads\/2022\/11\/logolequotidien.jpg","width":290,"height":65,"caption":"Le Quotidien de Nouakchott"},"image":{"@id":"https:\/\/lequotidien.mr\/#\/schema\/logo\/image\/"},"sameAs":["https:\/\/web.facebook.com\/lequotidienmr","https:\/\/x.com\/lequotidienmr"]},{"@type":"Person","@id":"https:\/\/lequotidien.mr\/#\/schema\/person\/d2d350202a4d599685ed8abc25f97596","name":"Med Ahmed","image":{"@type":"ImageObject","inLanguage":"ar","@id":"https:\/\/secure.gravatar.com\/avatar\/fd2acc62ed50732923d1d39c17172c9b04149f142be92310ecc69e1358f94b52?s=96&d=mm&r=g","url":"https:\/\/secure.gravatar.com\/avatar\/fd2acc62ed50732923d1d39c17172c9b04149f142be92310ecc69e1358f94b52?s=96&d=mm&r=g","contentUrl":"https:\/\/secure.gravatar.com\/avatar\/fd2acc62ed50732923d1d39c17172c9b04149f142be92310ecc69e1358f94b52?s=96&d=mm&r=g","caption":"Med Ahmed"},"url":"https:\/\/lequotidien.mr\/?author=12"}]}},"_links":{"self":[{"href":"https:\/\/lequotidien.mr\/index.php?rest_route=\/wp\/v2\/posts\/25107","targetHints":{"allow":["GET"]}}],"collection":[{"href":"https:\/\/lequotidien.mr\/index.php?rest_route=\/wp\/v2\/posts"}],"about":[{"href":"https:\/\/lequotidien.mr\/index.php?rest_route=\/wp\/v2\/types\/post"}],"author":[{"embeddable":true,"href":"https:\/\/lequotidien.mr\/index.php?rest_route=\/wp\/v2\/users\/12"}],"replies":[{"embeddable":true,"href":"https:\/\/lequotidien.mr\/index.php?rest_route=%2Fwp%2Fv2%2Fcomments&post=25107"}],"version-history":[{"count":1,"href":"https:\/\/lequotidien.mr\/index.php?rest_route=\/wp\/v2\/posts\/25107\/revisions"}],"predecessor-version":[{"id":25109,"href":"https:\/\/lequotidien.mr\/index.php?rest_route=\/wp\/v2\/posts\/25107\/revisions\/25109"}],"wp:featuredmedia":[{"embeddable":true,"href":"https:\/\/lequotidien.mr\/index.php?rest_route=\/wp\/v2\/media\/25108"}],"wp:attachment":[{"href":"https:\/\/lequotidien.mr\/index.php?rest_route=%2Fwp%2Fv2%2Fmedia&parent=25107"}],"wp:term":[{"taxonomy":"category","embeddable":true,"href":"https:\/\/lequotidien.mr\/index.php?rest_route=%2Fwp%2Fv2%2Fcategories&post=25107"},{"taxonomy":"post_tag","embeddable":true,"href":"https:\/\/lequotidien.mr\/index.php?rest_route=%2Fwp%2Fv2%2Ftags&post=25107"}],"curies":[{"name":"wp","href":"https:\/\/api.w.org\/{rel}","templated":true}]}}