{"id":25101,"date":"2025-02-03T09:49:21","date_gmt":"2025-02-03T09:49:21","guid":{"rendered":"https:\/\/lequotidien.mr\/?p=25101"},"modified":"2025-02-03T09:49:21","modified_gmt":"2025-02-03T09:49:21","slug":"deuxieme-edition-des-journees-de-la-reserve-de-biosphere-transfrontaliere-un-engagement-renforce-pour-la-protection-des-zones-humides","status":"publish","type":"post","link":"https:\/\/lequotidien.mr\/?p=25101&lang=fr","title":{"rendered":"Deuxi\u00e8me \u00e9dition des Journ\u00e9es de la r\u00e9serve de biosph\u00e8re transfrontali\u00e8re : Un engagement renforc\u00e9 pour la protection des zones humides"},"content":{"rendered":"<p>La deuxi\u00e8me \u00e9dition des Journ\u00e9es de la r\u00e9serve de biosph\u00e8re transfrontali\u00e8re dans le delta du fleuve, organis\u00e9e en comm\u00e9moration de la Journ\u00e9e mondiale des zones humides, s&#8217;est tenue samedi dans les locaux du Parc national de Diawling, situ\u00e9 dans la province de Keur Mac\u00e8ne. L&#8217;\u00e9v\u00e9nement a \u00e9t\u00e9 co-pr\u00e9sid\u00e9 par Mme Messouda Baham Mohamed Laghdhaf, ministre mauritanienne de l&#8217;Environnement et du D\u00e9veloppement durable, et M. Daoud Ngom, ministre s\u00e9n\u00e9galais de l&#8217;Environnement et de la Transition \u00e9cologique.<\/p>\n<p><strong>Une coop\u00e9ration bilat\u00e9rale renforc\u00e9e<\/strong><\/p>\n<p>Dans son allocution, Mme Messouda Baham Mohamed Laghdhaf a mis en avant l&#8217;importance de cet \u00e9v\u00e9nement dans le cadre de la coop\u00e9ration \u00e9troite entre la Mauritanie et le S\u00e9n\u00e9gal. Elle a soulign\u00e9 l&#8217;engagement commun des deux pays \u00e0 pr\u00e9server et \u00e0 renforcer la r\u00e9silience des \u00e9cosyst\u00e8mes transfrontaliers du delta du fleuve S\u00e9n\u00e9gal. Cette d\u00e9marche s&#8217;inscrit dans la volont\u00e9 des pr\u00e9sidents des deux nations, M. Mohamed Cheikh Ghazouani et M. Bissirou Djomay Faye, de consolider la coop\u00e9ration environnementale et de favoriser le d\u00e9veloppement durable.<\/p>\n<p>Elle a \u00e9galement rappel\u00e9 que la th\u00e9matique de cette journ\u00e9e, \u00ab Prot\u00e9ger les zones humides pour notre avenir commun \u00bb, met en avant la n\u00e9cessit\u00e9 d&#8217;une gouvernance partag\u00e9e des ressources naturelles. Les activit\u00e9s lanc\u00e9es dans ce cadre illustrent la volont\u00e9 des deux pays de promouvoir une gestion durable des zones humides et de sensibiliser les populations \u00e0 l&#8217;importance de la biodiversit\u00e9.<\/p>\n<p><strong>Un mod\u00e8le de conservation des ressources naturelles<\/strong><\/p>\n<p>Le delta du fleuve S\u00e9n\u00e9gal, riche en biodiversit\u00e9, abrite des parcs nationaux et des r\u00e9serves naturelles qui favorisent la conservation tout en soutenant le d\u00e9veloppement \u00e9conomique et social des communaut\u00e9s locales. Cette r\u00e9serve transfrontali\u00e8re fait face \u00e0 plusieurs d\u00e9fis majeurs, tels que le changement climatique, la pression sur les ressources naturelles et le manque de financements.<\/p>\n<p>Le ministre s\u00e9n\u00e9galais de l&#8217;Environnement et de la Transition \u00e9cologique a, de son c\u00f4t\u00e9, mis en avant l&#8217;importance de cette initiative comme un jalon essentiel dans la gestion partag\u00e9e des \u00e9cosyst\u00e8mes transfrontaliers. Il a rappel\u00e9 que le S\u00e9n\u00e9gal int\u00e8gre cette strat\u00e9gie dans sa vision \u00ab S\u00e9n\u00e9gal 2050 \u00bb, qui vise \u00e0 renforcer la r\u00e9silience environnementale et \u00e0 promouvoir une gouvernance durable des ressources naturelles.<\/p>\n<p><strong>Des initiatives concr\u00e8tes pour la protection des zones humides<\/strong><\/p>\n<p>Le directeur de la r\u00e9serve nationale de Diawling, M. Daf Sahla Daf, a salu\u00e9 les efforts men\u00e9s pour am\u00e9liorer la gestion de la r\u00e9serve et a soulign\u00e9 son r\u00f4le central dans la conservation des \u00e9cosyst\u00e8mes humides. Il a rappel\u00e9 que ces zones sont essentielles pour la biodiversit\u00e9 et qu&#8217;elles sont confront\u00e9es \u00e0 plusieurs menaces, telles que la d\u00e9forestation, la pollution et l&#8217;expansion urbaine.<\/p>\n<p>Plusieurs experts et repr\u00e9sentants d&#8217;institutions environnementales, notamment MM. Ahmed Senhouri, directeur ex\u00e9cutif du Partenariat r\u00e9gional pour la conservation de la biodiversit\u00e9 c\u00f4ti\u00e8re et marine en Afrique de l&#8217;Ouest, et Ahmed Lefkih, directeur ex\u00e9cutif du Fonds fiduciaire du Ban d&#8217;Arguin, ont partag\u00e9 leurs perspectives sur l&#8217;importance de cette r\u00e9serve transfrontali\u00e8re. Ils ont \u00e9galement mis en avant le r\u00f4le crucial des coop\u00e9ratives locales, notamment celles dirig\u00e9es par des femmes, dans la pr\u00e9servation de la biodiversit\u00e9.<\/p>\n<p><strong>Signature d&#8217;une d\u00e9claration conjointe et actions symboliques<\/strong><\/p>\n<p>Au terme de cet \u00e9v\u00e9nement, les ministres mauritanien et s\u00e9n\u00e9galais ont sign\u00e9 une d\u00e9claration conjointe visant \u00e0 renforcer la coop\u00e9ration et \u00e0 d\u00e9finir un cadre juridique pour la gestion de la r\u00e9serve transfrontali\u00e8re. Cette d\u00e9claration marque une \u00e9tape d\u00e9cisive dans l&#8217;\u00e9tablissement d&#8217;une politique commune de protection des zones humides.<\/p>\n<p>L&#8217;\u00e9v\u00e9nement s&#8217;est achev\u00e9 par une initiative symbolique : la plantation d&#8217;arbres de mangrove, un habitat essentiel pour de nombreuses esp\u00e8ces marines et un \u00e9l\u00e9ment cl\u00e9 de la lutte contre l&#8217;\u00e9rosion c\u00f4ti\u00e8re.<\/p>\n<p>La c\u00e9r\u00e9monie s&#8217;est d\u00e9roul\u00e9e en pr\u00e9sence de nombreux responsables gouvernementaux, d&#8217;\u00e9lus locaux, ainsi que d&#8217;une d\u00e9l\u00e9gation de l&#8217;\u00e9quipe parlementaire pour l&#8217;environnement. Cette journ\u00e9e a confirm\u00e9 l&#8217;engagement fort des deux pays \u00e0 travailler ensemble pour assurer un avenir durable \u00e0 ces \u00e9cosyst\u00e8mes vitaux.<\/p>\n<p>&nbsp;<\/p>\n","protected":false},"excerpt":{"rendered":"<p>La deuxi\u00e8me \u00e9dition des Journ\u00e9es de la r\u00e9serve de biosph\u00e8re transfrontali\u00e8re dans le delta du fleuve, organis\u00e9e en comm\u00e9moration de la Journ\u00e9e mondiale des zones humides, s&#8217;est tenue samedi dans les locaux du Parc national de Diawling, situ\u00e9 dans la province de Keur Mac\u00e8ne. L&#8217;\u00e9v\u00e9nement a \u00e9t\u00e9 co-pr\u00e9sid\u00e9 par Mme Messouda Baham Mohamed Laghdhaf, ministre&#8230;..<\/p>\n","protected":false},"author":12,"featured_media":25102,"comment_status":"open","ping_status":"open","sticky":false,"template":"","format":"standard","meta":{"footnotes":""},"categories":[49,55],"tags":[],"class_list":["post-25101","post","type-post","status-publish","format-standard","has-post-thumbnail","hentry","category-economie","category-culture"],"yoast_head":"<!-- This site is optimized with the Yoast SEO plugin v27.5 - https:\/\/yoast.com\/product\/yoast-seo-wordpress\/ -->\n<title>Deuxi\u00e8me \u00e9dition des Journ\u00e9es de la r\u00e9serve de biosph\u00e8re transfrontali\u00e8re : Un engagement renforc\u00e9 pour la protection des zones humides - Le Quotidien de Nouakchott<\/title>\n<meta name=\"robots\" content=\"index, follow, max-snippet:-1, max-image-preview:large, max-video-preview:-1\" \/>\n<link rel=\"canonical\" href=\"https:\/\/lequotidien.mr\/?p=25101&lang=fr\" \/>\n<meta property=\"og:locale\" content=\"ar_AR\" \/>\n<meta property=\"og:type\" content=\"article\" \/>\n<meta property=\"og:title\" content=\"Deuxi\u00e8me \u00e9dition des Journ\u00e9es de la r\u00e9serve de biosph\u00e8re transfrontali\u00e8re : Un engagement renforc\u00e9 pour la protection des zones humides - Le Quotidien de Nouakchott\" \/>\n<meta property=\"og:description\" content=\"La deuxi\u00e8me \u00e9dition des Journ\u00e9es de la r\u00e9serve de biosph\u00e8re transfrontali\u00e8re dans le delta du fleuve, organis\u00e9e en comm\u00e9moration de la Journ\u00e9e mondiale des zones humides, s&#8217;est tenue samedi dans les locaux du Parc national de Diawling, situ\u00e9 dans la province de Keur Mac\u00e8ne. L&#8217;\u00e9v\u00e9nement a \u00e9t\u00e9 co-pr\u00e9sid\u00e9 par Mme Messouda Baham Mohamed Laghdhaf, ministre.....\" \/>\n<meta property=\"og:url\" content=\"https:\/\/lequotidien.mr\/?p=25101&amp;lang=fr\" \/>\n<meta property=\"og:site_name\" content=\"Le Quotidien de Nouakchott\" \/>\n<meta property=\"article:publisher\" content=\"https:\/\/web.facebook.com\/lequotidienmr\" \/>\n<meta property=\"article:published_time\" content=\"2025-02-03T09:49:21+00:00\" \/>\n<meta property=\"og:image\" content=\"https:\/\/lequotidien.mr\/wp-content\/uploads\/2025\/02\/photo-biosphere.jpg\" \/>\n\t<meta property=\"og:image:width\" content=\"687\" \/>\n\t<meta property=\"og:image:height\" content=\"430\" \/>\n\t<meta property=\"og:image:type\" content=\"image\/jpeg\" \/>\n<meta name=\"author\" content=\"Med Ahmed\" \/>\n<meta name=\"twitter:card\" content=\"summary_large_image\" \/>\n<meta name=\"twitter:creator\" content=\"@lequotidienmr\" \/>\n<meta name=\"twitter:site\" content=\"@lequotidienmr\" \/>\n<meta name=\"twitter:label1\" content=\"\u0643\u064f\u062a\u0628 \u0628\u0648\u0627\u0633\u0637\u0629\" \/>\n\t<meta name=\"twitter:data1\" content=\"Med Ahmed\" \/>\n\t<meta name=\"twitter:label2\" content=\"\u0648\u0642\u062a \u0627\u0644\u0642\u0631\u0627\u0621\u0629 \u0627\u0644\u0645\u064f\u0642\u062f\u0651\u0631\" \/>\n\t<meta name=\"twitter:data2\" content=\"4 \u062f\u0642\u0627\u0626\u0642\" \/>\n<script type=\"application\/ld+json\" class=\"yoast-schema-graph\">{\"@context\":\"https:\\\/\\\/schema.org\",\"@graph\":[{\"@type\":\"Article\",\"@id\":\"https:\\\/\\\/lequotidien.mr\\\/?p=25101&lang=fr#article\",\"isPartOf\":{\"@id\":\"https:\\\/\\\/lequotidien.mr\\\/?p=25101&lang=fr\"},\"author\":{\"name\":\"Med Ahmed\",\"@id\":\"https:\\\/\\\/lequotidien.mr\\\/#\\\/schema\\\/person\\\/d2d350202a4d599685ed8abc25f97596\"},\"headline\":\"Deuxi\u00e8me \u00e9dition des Journ\u00e9es de la r\u00e9serve de biosph\u00e8re transfrontali\u00e8re : Un engagement renforc\u00e9 pour la protection des zones humides\",\"datePublished\":\"2025-02-03T09:49:21+00:00\",\"mainEntityOfPage\":{\"@id\":\"https:\\\/\\\/lequotidien.mr\\\/?p=25101&lang=fr\"},\"wordCount\":766,\"commentCount\":0,\"publisher\":{\"@id\":\"https:\\\/\\\/lequotidien.mr\\\/#organization\"},\"image\":{\"@id\":\"https:\\\/\\\/lequotidien.mr\\\/?p=25101&lang=fr#primaryimage\"},\"thumbnailUrl\":\"https:\\\/\\\/lequotidien.mr\\\/wp-content\\\/uploads\\\/2025\\\/02\\\/photo-biosphere.jpg\",\"articleSection\":[\"Economie\",\"Culture\"],\"inLanguage\":\"ar\",\"potentialAction\":[{\"@type\":\"CommentAction\",\"name\":\"Comment\",\"target\":[\"https:\\\/\\\/lequotidien.mr\\\/?p=25101&lang=fr#respond\"]}]},{\"@type\":\"WebPage\",\"@id\":\"https:\\\/\\\/lequotidien.mr\\\/?p=25101&lang=fr\",\"url\":\"https:\\\/\\\/lequotidien.mr\\\/?p=25101&lang=fr\",\"name\":\"Deuxi\u00e8me \u00e9dition des Journ\u00e9es de la r\u00e9serve de biosph\u00e8re transfrontali\u00e8re : Un engagement renforc\u00e9 pour la protection des zones humides - Le Quotidien de Nouakchott\",\"isPartOf\":{\"@id\":\"https:\\\/\\\/lequotidien.mr\\\/#website\"},\"primaryImageOfPage\":{\"@id\":\"https:\\\/\\\/lequotidien.mr\\\/?p=25101&lang=fr#primaryimage\"},\"image\":{\"@id\":\"https:\\\/\\\/lequotidien.mr\\\/?p=25101&lang=fr#primaryimage\"},\"thumbnailUrl\":\"https:\\\/\\\/lequotidien.mr\\\/wp-content\\\/uploads\\\/2025\\\/02\\\/photo-biosphere.jpg\",\"datePublished\":\"2025-02-03T09:49:21+00:00\",\"breadcrumb\":{\"@id\":\"https:\\\/\\\/lequotidien.mr\\\/?p=25101&lang=fr#breadcrumb\"},\"inLanguage\":\"ar\",\"potentialAction\":[{\"@type\":\"ReadAction\",\"target\":[\"https:\\\/\\\/lequotidien.mr\\\/?p=25101&lang=fr\"]}]},{\"@type\":\"ImageObject\",\"inLanguage\":\"ar\",\"@id\":\"https:\\\/\\\/lequotidien.mr\\\/?p=25101&lang=fr#primaryimage\",\"url\":\"https:\\\/\\\/lequotidien.mr\\\/wp-content\\\/uploads\\\/2025\\\/02\\\/photo-biosphere.jpg\",\"contentUrl\":\"https:\\\/\\\/lequotidien.mr\\\/wp-content\\\/uploads\\\/2025\\\/02\\\/photo-biosphere.jpg\",\"width\":687,\"height\":430},{\"@type\":\"BreadcrumbList\",\"@id\":\"https:\\\/\\\/lequotidien.mr\\\/?p=25101&lang=fr#breadcrumb\",\"itemListElement\":[{\"@type\":\"ListItem\",\"position\":1,\"name\":\"Home\",\"item\":\"https:\\\/\\\/lequotidien.mr\\\/\"},{\"@type\":\"ListItem\",\"position\":2,\"name\":\"Deuxi\u00e8me \u00e9dition des Journ\u00e9es de la r\u00e9serve de biosph\u00e8re transfrontali\u00e8re : Un engagement renforc\u00e9 pour la protection des zones humides\"}]},{\"@type\":\"WebSite\",\"@id\":\"https:\\\/\\\/lequotidien.mr\\\/#website\",\"url\":\"https:\\\/\\\/lequotidien.mr\\\/\",\"name\":\"Le Quotidien de Nouakchott\",\"description\":\"\u0625\u062e\u0628\u0627\u0631\u064a\u0629 \u0645\u0633\u062a\u0642\u0644\u0629 \u0644\u0644\u0623\u0646\u0628\u0627\u0621 \u0627\u0644\u0639\u0627\u0645\u0629\",\"publisher\":{\"@id\":\"https:\\\/\\\/lequotidien.mr\\\/#organization\"},\"potentialAction\":[{\"@type\":\"SearchAction\",\"target\":{\"@type\":\"EntryPoint\",\"urlTemplate\":\"https:\\\/\\\/lequotidien.mr\\\/?s={search_term_string}\"},\"query-input\":{\"@type\":\"PropertyValueSpecification\",\"valueRequired\":true,\"valueName\":\"search_term_string\"}}],\"inLanguage\":\"ar\"},{\"@type\":\"Organization\",\"@id\":\"https:\\\/\\\/lequotidien.mr\\\/#organization\",\"name\":\"Le Quotidien de Nouakchott\",\"url\":\"https:\\\/\\\/lequotidien.mr\\\/\",\"logo\":{\"@type\":\"ImageObject\",\"inLanguage\":\"ar\",\"@id\":\"https:\\\/\\\/lequotidien.mr\\\/#\\\/schema\\\/logo\\\/image\\\/\",\"url\":\"https:\\\/\\\/lequotidien.mr\\\/wp-content\\\/uploads\\\/2022\\\/11\\\/logolequotidien.jpg\",\"contentUrl\":\"https:\\\/\\\/lequotidien.mr\\\/wp-content\\\/uploads\\\/2022\\\/11\\\/logolequotidien.jpg\",\"width\":290,\"height\":65,\"caption\":\"Le Quotidien de Nouakchott\"},\"image\":{\"@id\":\"https:\\\/\\\/lequotidien.mr\\\/#\\\/schema\\\/logo\\\/image\\\/\"},\"sameAs\":[\"https:\\\/\\\/web.facebook.com\\\/lequotidienmr\",\"https:\\\/\\\/x.com\\\/lequotidienmr\"]},{\"@type\":\"Person\",\"@id\":\"https:\\\/\\\/lequotidien.mr\\\/#\\\/schema\\\/person\\\/d2d350202a4d599685ed8abc25f97596\",\"name\":\"Med Ahmed\",\"image\":{\"@type\":\"ImageObject\",\"inLanguage\":\"ar\",\"@id\":\"https:\\\/\\\/secure.gravatar.com\\\/avatar\\\/fd2acc62ed50732923d1d39c17172c9b04149f142be92310ecc69e1358f94b52?s=96&d=mm&r=g\",\"url\":\"https:\\\/\\\/secure.gravatar.com\\\/avatar\\\/fd2acc62ed50732923d1d39c17172c9b04149f142be92310ecc69e1358f94b52?s=96&d=mm&r=g\",\"contentUrl\":\"https:\\\/\\\/secure.gravatar.com\\\/avatar\\\/fd2acc62ed50732923d1d39c17172c9b04149f142be92310ecc69e1358f94b52?s=96&d=mm&r=g\",\"caption\":\"Med Ahmed\"},\"url\":\"https:\\\/\\\/lequotidien.mr\\\/?author=12\"}]}<\/script>\n<!-- \/ Yoast SEO plugin. -->","yoast_head_json":{"title":"Deuxi\u00e8me \u00e9dition des Journ\u00e9es de la r\u00e9serve de biosph\u00e8re transfrontali\u00e8re : Un engagement renforc\u00e9 pour la protection des zones humides - Le Quotidien de Nouakchott","robots":{"index":"index","follow":"follow","max-snippet":"max-snippet:-1","max-image-preview":"max-image-preview:large","max-video-preview":"max-video-preview:-1"},"canonical":"https:\/\/lequotidien.mr\/?p=25101&lang=fr","og_locale":"ar_AR","og_type":"article","og_title":"Deuxi\u00e8me \u00e9dition des Journ\u00e9es de la r\u00e9serve de biosph\u00e8re transfrontali\u00e8re : Un engagement renforc\u00e9 pour la protection des zones humides - Le Quotidien de Nouakchott","og_description":"La deuxi\u00e8me \u00e9dition des Journ\u00e9es de la r\u00e9serve de biosph\u00e8re transfrontali\u00e8re dans le delta du fleuve, organis\u00e9e en comm\u00e9moration de la Journ\u00e9e mondiale des zones humides, s&#8217;est tenue samedi dans les locaux du Parc national de Diawling, situ\u00e9 dans la province de Keur Mac\u00e8ne. L&#8217;\u00e9v\u00e9nement a \u00e9t\u00e9 co-pr\u00e9sid\u00e9 par Mme Messouda Baham Mohamed Laghdhaf, ministre.....","og_url":"https:\/\/lequotidien.mr\/?p=25101&lang=fr","og_site_name":"Le Quotidien de Nouakchott","article_publisher":"https:\/\/web.facebook.com\/lequotidienmr","article_published_time":"2025-02-03T09:49:21+00:00","og_image":[{"width":687,"height":430,"url":"https:\/\/lequotidien.mr\/wp-content\/uploads\/2025\/02\/photo-biosphere.jpg","type":"image\/jpeg"}],"author":"Med Ahmed","twitter_card":"summary_large_image","twitter_creator":"@lequotidienmr","twitter_site":"@lequotidienmr","twitter_misc":{"\u0643\u064f\u062a\u0628 \u0628\u0648\u0627\u0633\u0637\u0629":"Med Ahmed","\u0648\u0642\u062a \u0627\u0644\u0642\u0631\u0627\u0621\u0629 \u0627\u0644\u0645\u064f\u0642\u062f\u0651\u0631":"4 \u062f\u0642\u0627\u0626\u0642"},"schema":{"@context":"https:\/\/schema.org","@graph":[{"@type":"Article","@id":"https:\/\/lequotidien.mr\/?p=25101&lang=fr#article","isPartOf":{"@id":"https:\/\/lequotidien.mr\/?p=25101&lang=fr"},"author":{"name":"Med Ahmed","@id":"https:\/\/lequotidien.mr\/#\/schema\/person\/d2d350202a4d599685ed8abc25f97596"},"headline":"Deuxi\u00e8me \u00e9dition des Journ\u00e9es de la r\u00e9serve de biosph\u00e8re transfrontali\u00e8re : Un engagement renforc\u00e9 pour la protection des zones humides","datePublished":"2025-02-03T09:49:21+00:00","mainEntityOfPage":{"@id":"https:\/\/lequotidien.mr\/?p=25101&lang=fr"},"wordCount":766,"commentCount":0,"publisher":{"@id":"https:\/\/lequotidien.mr\/#organization"},"image":{"@id":"https:\/\/lequotidien.mr\/?p=25101&lang=fr#primaryimage"},"thumbnailUrl":"https:\/\/lequotidien.mr\/wp-content\/uploads\/2025\/02\/photo-biosphere.jpg","articleSection":["Economie","Culture"],"inLanguage":"ar","potentialAction":[{"@type":"CommentAction","name":"Comment","target":["https:\/\/lequotidien.mr\/?p=25101&lang=fr#respond"]}]},{"@type":"WebPage","@id":"https:\/\/lequotidien.mr\/?p=25101&lang=fr","url":"https:\/\/lequotidien.mr\/?p=25101&lang=fr","name":"Deuxi\u00e8me \u00e9dition des Journ\u00e9es de la r\u00e9serve de biosph\u00e8re transfrontali\u00e8re : Un engagement renforc\u00e9 pour la protection des zones humides - Le Quotidien de Nouakchott","isPartOf":{"@id":"https:\/\/lequotidien.mr\/#website"},"primaryImageOfPage":{"@id":"https:\/\/lequotidien.mr\/?p=25101&lang=fr#primaryimage"},"image":{"@id":"https:\/\/lequotidien.mr\/?p=25101&lang=fr#primaryimage"},"thumbnailUrl":"https:\/\/lequotidien.mr\/wp-content\/uploads\/2025\/02\/photo-biosphere.jpg","datePublished":"2025-02-03T09:49:21+00:00","breadcrumb":{"@id":"https:\/\/lequotidien.mr\/?p=25101&lang=fr#breadcrumb"},"inLanguage":"ar","potentialAction":[{"@type":"ReadAction","target":["https:\/\/lequotidien.mr\/?p=25101&lang=fr"]}]},{"@type":"ImageObject","inLanguage":"ar","@id":"https:\/\/lequotidien.mr\/?p=25101&lang=fr#primaryimage","url":"https:\/\/lequotidien.mr\/wp-content\/uploads\/2025\/02\/photo-biosphere.jpg","contentUrl":"https:\/\/lequotidien.mr\/wp-content\/uploads\/2025\/02\/photo-biosphere.jpg","width":687,"height":430},{"@type":"BreadcrumbList","@id":"https:\/\/lequotidien.mr\/?p=25101&lang=fr#breadcrumb","itemListElement":[{"@type":"ListItem","position":1,"name":"Home","item":"https:\/\/lequotidien.mr\/"},{"@type":"ListItem","position":2,"name":"Deuxi\u00e8me \u00e9dition des Journ\u00e9es de la r\u00e9serve de biosph\u00e8re transfrontali\u00e8re : Un engagement renforc\u00e9 pour la protection des zones humides"}]},{"@type":"WebSite","@id":"https:\/\/lequotidien.mr\/#website","url":"https:\/\/lequotidien.mr\/","name":"Le Quotidien de Nouakchott","description":"\u0625\u062e\u0628\u0627\u0631\u064a\u0629 \u0645\u0633\u062a\u0642\u0644\u0629 \u0644\u0644\u0623\u0646\u0628\u0627\u0621 \u0627\u0644\u0639\u0627\u0645\u0629","publisher":{"@id":"https:\/\/lequotidien.mr\/#organization"},"potentialAction":[{"@type":"SearchAction","target":{"@type":"EntryPoint","urlTemplate":"https:\/\/lequotidien.mr\/?s={search_term_string}"},"query-input":{"@type":"PropertyValueSpecification","valueRequired":true,"valueName":"search_term_string"}}],"inLanguage":"ar"},{"@type":"Organization","@id":"https:\/\/lequotidien.mr\/#organization","name":"Le Quotidien de Nouakchott","url":"https:\/\/lequotidien.mr\/","logo":{"@type":"ImageObject","inLanguage":"ar","@id":"https:\/\/lequotidien.mr\/#\/schema\/logo\/image\/","url":"https:\/\/lequotidien.mr\/wp-content\/uploads\/2022\/11\/logolequotidien.jpg","contentUrl":"https:\/\/lequotidien.mr\/wp-content\/uploads\/2022\/11\/logolequotidien.jpg","width":290,"height":65,"caption":"Le Quotidien de Nouakchott"},"image":{"@id":"https:\/\/lequotidien.mr\/#\/schema\/logo\/image\/"},"sameAs":["https:\/\/web.facebook.com\/lequotidienmr","https:\/\/x.com\/lequotidienmr"]},{"@type":"Person","@id":"https:\/\/lequotidien.mr\/#\/schema\/person\/d2d350202a4d599685ed8abc25f97596","name":"Med Ahmed","image":{"@type":"ImageObject","inLanguage":"ar","@id":"https:\/\/secure.gravatar.com\/avatar\/fd2acc62ed50732923d1d39c17172c9b04149f142be92310ecc69e1358f94b52?s=96&d=mm&r=g","url":"https:\/\/secure.gravatar.com\/avatar\/fd2acc62ed50732923d1d39c17172c9b04149f142be92310ecc69e1358f94b52?s=96&d=mm&r=g","contentUrl":"https:\/\/secure.gravatar.com\/avatar\/fd2acc62ed50732923d1d39c17172c9b04149f142be92310ecc69e1358f94b52?s=96&d=mm&r=g","caption":"Med Ahmed"},"url":"https:\/\/lequotidien.mr\/?author=12"}]}},"_links":{"self":[{"href":"https:\/\/lequotidien.mr\/index.php?rest_route=\/wp\/v2\/posts\/25101","targetHints":{"allow":["GET"]}}],"collection":[{"href":"https:\/\/lequotidien.mr\/index.php?rest_route=\/wp\/v2\/posts"}],"about":[{"href":"https:\/\/lequotidien.mr\/index.php?rest_route=\/wp\/v2\/types\/post"}],"author":[{"embeddable":true,"href":"https:\/\/lequotidien.mr\/index.php?rest_route=\/wp\/v2\/users\/12"}],"replies":[{"embeddable":true,"href":"https:\/\/lequotidien.mr\/index.php?rest_route=%2Fwp%2Fv2%2Fcomments&post=25101"}],"version-history":[{"count":1,"href":"https:\/\/lequotidien.mr\/index.php?rest_route=\/wp\/v2\/posts\/25101\/revisions"}],"predecessor-version":[{"id":25103,"href":"https:\/\/lequotidien.mr\/index.php?rest_route=\/wp\/v2\/posts\/25101\/revisions\/25103"}],"wp:featuredmedia":[{"embeddable":true,"href":"https:\/\/lequotidien.mr\/index.php?rest_route=\/wp\/v2\/media\/25102"}],"wp:attachment":[{"href":"https:\/\/lequotidien.mr\/index.php?rest_route=%2Fwp%2Fv2%2Fmedia&parent=25101"}],"wp:term":[{"taxonomy":"category","embeddable":true,"href":"https:\/\/lequotidien.mr\/index.php?rest_route=%2Fwp%2Fv2%2Fcategories&post=25101"},{"taxonomy":"post_tag","embeddable":true,"href":"https:\/\/lequotidien.mr\/index.php?rest_route=%2Fwp%2Fv2%2Ftags&post=25101"}],"curies":[{"name":"wp","href":"https:\/\/api.w.org\/{rel}","templated":true}]}}