{"id":25098,"date":"2025-02-03T09:02:15","date_gmt":"2025-02-03T09:02:15","guid":{"rendered":"https:\/\/lequotidien.mr\/?p=25098"},"modified":"2025-02-03T09:02:15","modified_gmt":"2025-02-03T09:02:15","slug":"conference-constitutive-de-lorganisation-pour-lenvironnement-durable-et-les-ressources-naturelles-en-mauritanie-lenvironnement-dabord-vers-une-durabilite-partagee","status":"publish","type":"post","link":"https:\/\/lequotidien.mr\/?p=25098&lang=fr","title":{"rendered":"Conf\u00e9rence constitutive de l&#8217;Organisation pour l&#8217;Environnement Durable et les Ressources Naturelles en Mauritanie : &#8220;L&#8217;environnement d&#8217;abord. Vers une durabilit\u00e9 partag\u00e9e&#8221;"},"content":{"rendered":"<p>La conf\u00e9rence constitutive de l&#8217;Organisation pour l&#8217;Environnement Durable et les Ressources Naturelles en Mauritanie (ESNRM) s&#8217;est tenue samedi soir dans les locaux du Conseil r\u00e9gional de Nouakchott. Plac\u00e9e sous le slogan <strong>&#8220;L&#8217;environnement d&#8217;abord. Vers une durabilit\u00e9 partag\u00e9e&#8221;<\/strong>, cette rencontre a marqu\u00e9 le lancement officiel de cette organisation non gouvernementale d\u00e9di\u00e9e \u00e0 la protection de l&#8217;environnement et \u00e0 la promotion du d\u00e9veloppement durable.<\/p>\n<p>L&#8217;ESNRM ambitionne de pr\u00e9server les ressources naturelles et la biodiversit\u00e9 du pays tout en encourageant un d\u00e9veloppement \u00e9conomique \u00e9quilibr\u00e9 et respectueux de l&#8217;environnement. Elle entend mettre en place des partenariats strat\u00e9giques avec des institutions nationales et internationales pour mener des actions concr\u00e8tes en faveur de la durabilit\u00e9.<\/p>\n<p>Dans un discours prononc\u00e9 en son nom par le secr\u00e9taire g\u00e9n\u00e9ral de l&#8217;organisation, M. El Kassem Sidi Ali, le pr\u00e9sident de l&#8217;ESNRM, M. Sayed Mohamed Taleb Amer, a insist\u00e9 sur l&#8217;urgence des d\u00e9fis environnementaux auxquels la Mauritanie est confront\u00e9e. Il a rappel\u00e9 l&#8217;engagement de l&#8217;organisation \u00e0 sensibiliser la population, \u00e0 promouvoir les bonnes pratiques \u00e9cologiques et \u00e0 contribuer aux politiques nationales visant \u00e0 pr\u00e9server la biodiversit\u00e9 et les ressources naturelles.<\/p>\n<p>Il a soulign\u00e9 que &#8220;la protection de l&#8217;environnement est une responsabilit\u00e9 partag\u00e9e qui requiert un effort concert\u00e9 des individus, des organisations et des d\u00e9cideurs&#8221;.<\/p>\n<p>Parmi ses principales missions, l&#8217;ESNRM pr\u00e9voit de soutenir les initiatives locales, de lutter contre la d\u00e9sertification, de g\u00e9rer durablement les ressources en eau et de promouvoir les \u00e9nergies renouvelables. Ces actions seront guid\u00e9es par une approche scientifique rigoureuse afin de garantir l&#8217;efficacit\u00e9 des projets mis en place.<\/p>\n<p>Le lancement de l&#8217;organisation s&#8217;est d\u00e9roul\u00e9 en pr\u00e9sence de nombreux militants de la soci\u00e9t\u00e9 civile et d&#8217;\u00e9cologistes, t\u00e9moignant ainsi de l&#8217;int\u00e9r\u00eat grandissant pour les questions environnementales en Mauritanie.<\/p>\n<p>L&#8217;ESNRM entend \u00eatre un acteur majeur dans la transition vers un d\u00e9veloppement durable en Mauritanie, en veillant \u00e0 ce que la protection de l&#8217;environnement soit au c\u0153ur des politiques publiques et des initiatives locales.<\/p>\n<p>&nbsp;<\/p>\n","protected":false},"excerpt":{"rendered":"<p>La conf\u00e9rence constitutive de l&#8217;Organisation pour l&#8217;Environnement Durable et les Ressources Naturelles en Mauritanie (ESNRM) s&#8217;est tenue samedi soir dans les locaux du Conseil r\u00e9gional de Nouakchott. Plac\u00e9e sous le slogan &#8220;L&#8217;environnement d&#8217;abord. Vers une durabilit\u00e9 partag\u00e9e&#8221;, cette rencontre a marqu\u00e9 le lancement officiel de cette organisation non gouvernementale d\u00e9di\u00e9e \u00e0 la protection de l&#8217;environnement&#8230;..<\/p>\n","protected":false},"author":12,"featured_media":25099,"comment_status":"open","ping_status":"open","sticky":false,"template":"","format":"standard","meta":{"footnotes":""},"categories":[23,49],"tags":[],"class_list":["post-25098","post","type-post","status-publish","format-standard","has-post-thumbnail","hentry","category-actualite","category-economie"],"yoast_head":"<!-- This site is optimized with the Yoast SEO plugin v27.5 - https:\/\/yoast.com\/product\/yoast-seo-wordpress\/ -->\n<title>Conf\u00e9rence constitutive de l&#039;Organisation pour l&#039;Environnement Durable et les Ressources Naturelles en Mauritanie : &quot;L&#039;environnement d&#039;abord. Vers une durabilit\u00e9 partag\u00e9e&quot; - Le Quotidien de Nouakchott<\/title>\n<meta name=\"robots\" content=\"index, follow, max-snippet:-1, max-image-preview:large, max-video-preview:-1\" \/>\n<link rel=\"canonical\" href=\"https:\/\/lequotidien.mr\/?p=25098&lang=fr\" \/>\n<meta property=\"og:locale\" content=\"ar_AR\" \/>\n<meta property=\"og:type\" content=\"article\" \/>\n<meta property=\"og:title\" content=\"Conf\u00e9rence constitutive de l&#039;Organisation pour l&#039;Environnement Durable et les Ressources Naturelles en Mauritanie : &quot;L&#039;environnement d&#039;abord. Vers une durabilit\u00e9 partag\u00e9e&quot; - Le Quotidien de Nouakchott\" \/>\n<meta property=\"og:description\" content=\"La conf\u00e9rence constitutive de l&#8217;Organisation pour l&#8217;Environnement Durable et les Ressources Naturelles en Mauritanie (ESNRM) s&#8217;est tenue samedi soir dans les locaux du Conseil r\u00e9gional de Nouakchott. Plac\u00e9e sous le slogan &#8220;L&#8217;environnement d&#8217;abord. Vers une durabilit\u00e9 partag\u00e9e&#8221;, cette rencontre a marqu\u00e9 le lancement officiel de cette organisation non gouvernementale d\u00e9di\u00e9e \u00e0 la protection de l&#8217;environnement.....\" \/>\n<meta property=\"og:url\" content=\"https:\/\/lequotidien.mr\/?p=25098&amp;lang=fr\" \/>\n<meta property=\"og:site_name\" content=\"Le Quotidien de Nouakchott\" \/>\n<meta property=\"article:publisher\" content=\"https:\/\/web.facebook.com\/lequotidienmr\" \/>\n<meta property=\"article:published_time\" content=\"2025-02-03T09:02:15+00:00\" \/>\n<meta property=\"og:image\" content=\"https:\/\/lequotidien.mr\/wp-content\/uploads\/2025\/02\/photo-org-env-durable.jpg\" \/>\n\t<meta property=\"og:image:width\" content=\"750\" \/>\n\t<meta property=\"og:image:height\" content=\"430\" \/>\n\t<meta property=\"og:image:type\" content=\"image\/jpeg\" \/>\n<meta name=\"author\" content=\"Med Ahmed\" \/>\n<meta name=\"twitter:card\" content=\"summary_large_image\" \/>\n<meta name=\"twitter:creator\" content=\"@lequotidienmr\" \/>\n<meta name=\"twitter:site\" content=\"@lequotidienmr\" \/>\n<meta name=\"twitter:label1\" content=\"\u0643\u064f\u062a\u0628 \u0628\u0648\u0627\u0633\u0637\u0629\" \/>\n\t<meta name=\"twitter:data1\" content=\"Med Ahmed\" \/>\n\t<meta name=\"twitter:label2\" content=\"\u0648\u0642\u062a \u0627\u0644\u0642\u0631\u0627\u0621\u0629 \u0627\u0644\u0645\u064f\u0642\u062f\u0651\u0631\" \/>\n\t<meta name=\"twitter:data2\" content=\"\u062f\u0642\u064a\u0642\u062a\u0627\u0646\" \/>\n<script type=\"application\/ld+json\" class=\"yoast-schema-graph\">{\"@context\":\"https:\\\/\\\/schema.org\",\"@graph\":[{\"@type\":\"Article\",\"@id\":\"https:\\\/\\\/lequotidien.mr\\\/?p=25098&lang=fr#article\",\"isPartOf\":{\"@id\":\"https:\\\/\\\/lequotidien.mr\\\/?p=25098&lang=fr\"},\"author\":{\"name\":\"Med Ahmed\",\"@id\":\"https:\\\/\\\/lequotidien.mr\\\/#\\\/schema\\\/person\\\/d2d350202a4d599685ed8abc25f97596\"},\"headline\":\"Conf\u00e9rence constitutive de l&#8217;Organisation pour l&#8217;Environnement Durable et les Ressources Naturelles en Mauritanie : &#8220;L&#8217;environnement d&#8217;abord. Vers une durabilit\u00e9 partag\u00e9e&#8221;\",\"datePublished\":\"2025-02-03T09:02:15+00:00\",\"mainEntityOfPage\":{\"@id\":\"https:\\\/\\\/lequotidien.mr\\\/?p=25098&lang=fr\"},\"wordCount\":385,\"commentCount\":0,\"publisher\":{\"@id\":\"https:\\\/\\\/lequotidien.mr\\\/#organization\"},\"image\":{\"@id\":\"https:\\\/\\\/lequotidien.mr\\\/?p=25098&lang=fr#primaryimage\"},\"thumbnailUrl\":\"https:\\\/\\\/lequotidien.mr\\\/wp-content\\\/uploads\\\/2025\\\/02\\\/photo-org-env-durable.jpg\",\"articleSection\":[\"ACTUALIT\u00c9\",\"Economie\"],\"inLanguage\":\"ar\",\"potentialAction\":[{\"@type\":\"CommentAction\",\"name\":\"Comment\",\"target\":[\"https:\\\/\\\/lequotidien.mr\\\/?p=25098&lang=fr#respond\"]}]},{\"@type\":\"WebPage\",\"@id\":\"https:\\\/\\\/lequotidien.mr\\\/?p=25098&lang=fr\",\"url\":\"https:\\\/\\\/lequotidien.mr\\\/?p=25098&lang=fr\",\"name\":\"Conf\u00e9rence constitutive de l'Organisation pour l'Environnement Durable et les Ressources Naturelles en Mauritanie : \\\"L'environnement d'abord. Vers une durabilit\u00e9 partag\u00e9e\\\" - Le Quotidien de Nouakchott\",\"isPartOf\":{\"@id\":\"https:\\\/\\\/lequotidien.mr\\\/#website\"},\"primaryImageOfPage\":{\"@id\":\"https:\\\/\\\/lequotidien.mr\\\/?p=25098&lang=fr#primaryimage\"},\"image\":{\"@id\":\"https:\\\/\\\/lequotidien.mr\\\/?p=25098&lang=fr#primaryimage\"},\"thumbnailUrl\":\"https:\\\/\\\/lequotidien.mr\\\/wp-content\\\/uploads\\\/2025\\\/02\\\/photo-org-env-durable.jpg\",\"datePublished\":\"2025-02-03T09:02:15+00:00\",\"breadcrumb\":{\"@id\":\"https:\\\/\\\/lequotidien.mr\\\/?p=25098&lang=fr#breadcrumb\"},\"inLanguage\":\"ar\",\"potentialAction\":[{\"@type\":\"ReadAction\",\"target\":[\"https:\\\/\\\/lequotidien.mr\\\/?p=25098&lang=fr\"]}]},{\"@type\":\"ImageObject\",\"inLanguage\":\"ar\",\"@id\":\"https:\\\/\\\/lequotidien.mr\\\/?p=25098&lang=fr#primaryimage\",\"url\":\"https:\\\/\\\/lequotidien.mr\\\/wp-content\\\/uploads\\\/2025\\\/02\\\/photo-org-env-durable.jpg\",\"contentUrl\":\"https:\\\/\\\/lequotidien.mr\\\/wp-content\\\/uploads\\\/2025\\\/02\\\/photo-org-env-durable.jpg\",\"width\":750,\"height\":430},{\"@type\":\"BreadcrumbList\",\"@id\":\"https:\\\/\\\/lequotidien.mr\\\/?p=25098&lang=fr#breadcrumb\",\"itemListElement\":[{\"@type\":\"ListItem\",\"position\":1,\"name\":\"Home\",\"item\":\"https:\\\/\\\/lequotidien.mr\\\/\"},{\"@type\":\"ListItem\",\"position\":2,\"name\":\"Conf\u00e9rence constitutive de l&rsquo;Organisation pour l&rsquo;Environnement Durable et les Ressources Naturelles en Mauritanie : \u00ab\u00a0L&rsquo;environnement d&rsquo;abord. Vers une durabilit\u00e9 partag\u00e9e\u00a0\u00bb\"}]},{\"@type\":\"WebSite\",\"@id\":\"https:\\\/\\\/lequotidien.mr\\\/#website\",\"url\":\"https:\\\/\\\/lequotidien.mr\\\/\",\"name\":\"Le Quotidien de Nouakchott\",\"description\":\"\u0625\u062e\u0628\u0627\u0631\u064a\u0629 \u0645\u0633\u062a\u0642\u0644\u0629 \u0644\u0644\u0623\u0646\u0628\u0627\u0621 \u0627\u0644\u0639\u0627\u0645\u0629\",\"publisher\":{\"@id\":\"https:\\\/\\\/lequotidien.mr\\\/#organization\"},\"potentialAction\":[{\"@type\":\"SearchAction\",\"target\":{\"@type\":\"EntryPoint\",\"urlTemplate\":\"https:\\\/\\\/lequotidien.mr\\\/?s={search_term_string}\"},\"query-input\":{\"@type\":\"PropertyValueSpecification\",\"valueRequired\":true,\"valueName\":\"search_term_string\"}}],\"inLanguage\":\"ar\"},{\"@type\":\"Organization\",\"@id\":\"https:\\\/\\\/lequotidien.mr\\\/#organization\",\"name\":\"Le Quotidien de Nouakchott\",\"url\":\"https:\\\/\\\/lequotidien.mr\\\/\",\"logo\":{\"@type\":\"ImageObject\",\"inLanguage\":\"ar\",\"@id\":\"https:\\\/\\\/lequotidien.mr\\\/#\\\/schema\\\/logo\\\/image\\\/\",\"url\":\"https:\\\/\\\/lequotidien.mr\\\/wp-content\\\/uploads\\\/2022\\\/11\\\/logolequotidien.jpg\",\"contentUrl\":\"https:\\\/\\\/lequotidien.mr\\\/wp-content\\\/uploads\\\/2022\\\/11\\\/logolequotidien.jpg\",\"width\":290,\"height\":65,\"caption\":\"Le Quotidien de Nouakchott\"},\"image\":{\"@id\":\"https:\\\/\\\/lequotidien.mr\\\/#\\\/schema\\\/logo\\\/image\\\/\"},\"sameAs\":[\"https:\\\/\\\/web.facebook.com\\\/lequotidienmr\",\"https:\\\/\\\/x.com\\\/lequotidienmr\"]},{\"@type\":\"Person\",\"@id\":\"https:\\\/\\\/lequotidien.mr\\\/#\\\/schema\\\/person\\\/d2d350202a4d599685ed8abc25f97596\",\"name\":\"Med Ahmed\",\"image\":{\"@type\":\"ImageObject\",\"inLanguage\":\"ar\",\"@id\":\"https:\\\/\\\/secure.gravatar.com\\\/avatar\\\/fd2acc62ed50732923d1d39c17172c9b04149f142be92310ecc69e1358f94b52?s=96&d=mm&r=g\",\"url\":\"https:\\\/\\\/secure.gravatar.com\\\/avatar\\\/fd2acc62ed50732923d1d39c17172c9b04149f142be92310ecc69e1358f94b52?s=96&d=mm&r=g\",\"contentUrl\":\"https:\\\/\\\/secure.gravatar.com\\\/avatar\\\/fd2acc62ed50732923d1d39c17172c9b04149f142be92310ecc69e1358f94b52?s=96&d=mm&r=g\",\"caption\":\"Med Ahmed\"},\"url\":\"https:\\\/\\\/lequotidien.mr\\\/?author=12\"}]}<\/script>\n<!-- \/ Yoast SEO plugin. -->","yoast_head_json":{"title":"Conf\u00e9rence constitutive de l'Organisation pour l'Environnement Durable et les Ressources Naturelles en Mauritanie : \"L'environnement d'abord. Vers une durabilit\u00e9 partag\u00e9e\" - Le Quotidien de Nouakchott","robots":{"index":"index","follow":"follow","max-snippet":"max-snippet:-1","max-image-preview":"max-image-preview:large","max-video-preview":"max-video-preview:-1"},"canonical":"https:\/\/lequotidien.mr\/?p=25098&lang=fr","og_locale":"ar_AR","og_type":"article","og_title":"Conf\u00e9rence constitutive de l'Organisation pour l'Environnement Durable et les Ressources Naturelles en Mauritanie : \"L'environnement d'abord. Vers une durabilit\u00e9 partag\u00e9e\" - Le Quotidien de Nouakchott","og_description":"La conf\u00e9rence constitutive de l&#8217;Organisation pour l&#8217;Environnement Durable et les Ressources Naturelles en Mauritanie (ESNRM) s&#8217;est tenue samedi soir dans les locaux du Conseil r\u00e9gional de Nouakchott. Plac\u00e9e sous le slogan &#8220;L&#8217;environnement d&#8217;abord. Vers une durabilit\u00e9 partag\u00e9e&#8221;, cette rencontre a marqu\u00e9 le lancement officiel de cette organisation non gouvernementale d\u00e9di\u00e9e \u00e0 la protection de l&#8217;environnement.....","og_url":"https:\/\/lequotidien.mr\/?p=25098&lang=fr","og_site_name":"Le Quotidien de Nouakchott","article_publisher":"https:\/\/web.facebook.com\/lequotidienmr","article_published_time":"2025-02-03T09:02:15+00:00","og_image":[{"width":750,"height":430,"url":"https:\/\/lequotidien.mr\/wp-content\/uploads\/2025\/02\/photo-org-env-durable.jpg","type":"image\/jpeg"}],"author":"Med Ahmed","twitter_card":"summary_large_image","twitter_creator":"@lequotidienmr","twitter_site":"@lequotidienmr","twitter_misc":{"\u0643\u064f\u062a\u0628 \u0628\u0648\u0627\u0633\u0637\u0629":"Med Ahmed","\u0648\u0642\u062a \u0627\u0644\u0642\u0631\u0627\u0621\u0629 \u0627\u0644\u0645\u064f\u0642\u062f\u0651\u0631":"\u062f\u0642\u064a\u0642\u062a\u0627\u0646"},"schema":{"@context":"https:\/\/schema.org","@graph":[{"@type":"Article","@id":"https:\/\/lequotidien.mr\/?p=25098&lang=fr#article","isPartOf":{"@id":"https:\/\/lequotidien.mr\/?p=25098&lang=fr"},"author":{"name":"Med Ahmed","@id":"https:\/\/lequotidien.mr\/#\/schema\/person\/d2d350202a4d599685ed8abc25f97596"},"headline":"Conf\u00e9rence constitutive de l&#8217;Organisation pour l&#8217;Environnement Durable et les Ressources Naturelles en Mauritanie : &#8220;L&#8217;environnement d&#8217;abord. Vers une durabilit\u00e9 partag\u00e9e&#8221;","datePublished":"2025-02-03T09:02:15+00:00","mainEntityOfPage":{"@id":"https:\/\/lequotidien.mr\/?p=25098&lang=fr"},"wordCount":385,"commentCount":0,"publisher":{"@id":"https:\/\/lequotidien.mr\/#organization"},"image":{"@id":"https:\/\/lequotidien.mr\/?p=25098&lang=fr#primaryimage"},"thumbnailUrl":"https:\/\/lequotidien.mr\/wp-content\/uploads\/2025\/02\/photo-org-env-durable.jpg","articleSection":["ACTUALIT\u00c9","Economie"],"inLanguage":"ar","potentialAction":[{"@type":"CommentAction","name":"Comment","target":["https:\/\/lequotidien.mr\/?p=25098&lang=fr#respond"]}]},{"@type":"WebPage","@id":"https:\/\/lequotidien.mr\/?p=25098&lang=fr","url":"https:\/\/lequotidien.mr\/?p=25098&lang=fr","name":"Conf\u00e9rence constitutive de l'Organisation pour l'Environnement Durable et les Ressources Naturelles en Mauritanie : \"L'environnement d'abord. Vers une durabilit\u00e9 partag\u00e9e\" - Le Quotidien de Nouakchott","isPartOf":{"@id":"https:\/\/lequotidien.mr\/#website"},"primaryImageOfPage":{"@id":"https:\/\/lequotidien.mr\/?p=25098&lang=fr#primaryimage"},"image":{"@id":"https:\/\/lequotidien.mr\/?p=25098&lang=fr#primaryimage"},"thumbnailUrl":"https:\/\/lequotidien.mr\/wp-content\/uploads\/2025\/02\/photo-org-env-durable.jpg","datePublished":"2025-02-03T09:02:15+00:00","breadcrumb":{"@id":"https:\/\/lequotidien.mr\/?p=25098&lang=fr#breadcrumb"},"inLanguage":"ar","potentialAction":[{"@type":"ReadAction","target":["https:\/\/lequotidien.mr\/?p=25098&lang=fr"]}]},{"@type":"ImageObject","inLanguage":"ar","@id":"https:\/\/lequotidien.mr\/?p=25098&lang=fr#primaryimage","url":"https:\/\/lequotidien.mr\/wp-content\/uploads\/2025\/02\/photo-org-env-durable.jpg","contentUrl":"https:\/\/lequotidien.mr\/wp-content\/uploads\/2025\/02\/photo-org-env-durable.jpg","width":750,"height":430},{"@type":"BreadcrumbList","@id":"https:\/\/lequotidien.mr\/?p=25098&lang=fr#breadcrumb","itemListElement":[{"@type":"ListItem","position":1,"name":"Home","item":"https:\/\/lequotidien.mr\/"},{"@type":"ListItem","position":2,"name":"Conf\u00e9rence constitutive de l&rsquo;Organisation pour l&rsquo;Environnement Durable et les Ressources Naturelles en Mauritanie : \u00ab\u00a0L&rsquo;environnement d&rsquo;abord. Vers une durabilit\u00e9 partag\u00e9e\u00a0\u00bb"}]},{"@type":"WebSite","@id":"https:\/\/lequotidien.mr\/#website","url":"https:\/\/lequotidien.mr\/","name":"Le Quotidien de Nouakchott","description":"\u0625\u062e\u0628\u0627\u0631\u064a\u0629 \u0645\u0633\u062a\u0642\u0644\u0629 \u0644\u0644\u0623\u0646\u0628\u0627\u0621 \u0627\u0644\u0639\u0627\u0645\u0629","publisher":{"@id":"https:\/\/lequotidien.mr\/#organization"},"potentialAction":[{"@type":"SearchAction","target":{"@type":"EntryPoint","urlTemplate":"https:\/\/lequotidien.mr\/?s={search_term_string}"},"query-input":{"@type":"PropertyValueSpecification","valueRequired":true,"valueName":"search_term_string"}}],"inLanguage":"ar"},{"@type":"Organization","@id":"https:\/\/lequotidien.mr\/#organization","name":"Le Quotidien de Nouakchott","url":"https:\/\/lequotidien.mr\/","logo":{"@type":"ImageObject","inLanguage":"ar","@id":"https:\/\/lequotidien.mr\/#\/schema\/logo\/image\/","url":"https:\/\/lequotidien.mr\/wp-content\/uploads\/2022\/11\/logolequotidien.jpg","contentUrl":"https:\/\/lequotidien.mr\/wp-content\/uploads\/2022\/11\/logolequotidien.jpg","width":290,"height":65,"caption":"Le Quotidien de Nouakchott"},"image":{"@id":"https:\/\/lequotidien.mr\/#\/schema\/logo\/image\/"},"sameAs":["https:\/\/web.facebook.com\/lequotidienmr","https:\/\/x.com\/lequotidienmr"]},{"@type":"Person","@id":"https:\/\/lequotidien.mr\/#\/schema\/person\/d2d350202a4d599685ed8abc25f97596","name":"Med Ahmed","image":{"@type":"ImageObject","inLanguage":"ar","@id":"https:\/\/secure.gravatar.com\/avatar\/fd2acc62ed50732923d1d39c17172c9b04149f142be92310ecc69e1358f94b52?s=96&d=mm&r=g","url":"https:\/\/secure.gravatar.com\/avatar\/fd2acc62ed50732923d1d39c17172c9b04149f142be92310ecc69e1358f94b52?s=96&d=mm&r=g","contentUrl":"https:\/\/secure.gravatar.com\/avatar\/fd2acc62ed50732923d1d39c17172c9b04149f142be92310ecc69e1358f94b52?s=96&d=mm&r=g","caption":"Med Ahmed"},"url":"https:\/\/lequotidien.mr\/?author=12"}]}},"_links":{"self":[{"href":"https:\/\/lequotidien.mr\/index.php?rest_route=\/wp\/v2\/posts\/25098","targetHints":{"allow":["GET"]}}],"collection":[{"href":"https:\/\/lequotidien.mr\/index.php?rest_route=\/wp\/v2\/posts"}],"about":[{"href":"https:\/\/lequotidien.mr\/index.php?rest_route=\/wp\/v2\/types\/post"}],"author":[{"embeddable":true,"href":"https:\/\/lequotidien.mr\/index.php?rest_route=\/wp\/v2\/users\/12"}],"replies":[{"embeddable":true,"href":"https:\/\/lequotidien.mr\/index.php?rest_route=%2Fwp%2Fv2%2Fcomments&post=25098"}],"version-history":[{"count":1,"href":"https:\/\/lequotidien.mr\/index.php?rest_route=\/wp\/v2\/posts\/25098\/revisions"}],"predecessor-version":[{"id":25100,"href":"https:\/\/lequotidien.mr\/index.php?rest_route=\/wp\/v2\/posts\/25098\/revisions\/25100"}],"wp:featuredmedia":[{"embeddable":true,"href":"https:\/\/lequotidien.mr\/index.php?rest_route=\/wp\/v2\/media\/25099"}],"wp:attachment":[{"href":"https:\/\/lequotidien.mr\/index.php?rest_route=%2Fwp%2Fv2%2Fmedia&parent=25098"}],"wp:term":[{"taxonomy":"category","embeddable":true,"href":"https:\/\/lequotidien.mr\/index.php?rest_route=%2Fwp%2Fv2%2Fcategories&post=25098"},{"taxonomy":"post_tag","embeddable":true,"href":"https:\/\/lequotidien.mr\/index.php?rest_route=%2Fwp%2Fv2%2Ftags&post=25098"}],"curies":[{"name":"wp","href":"https:\/\/api.w.org\/{rel}","templated":true}]}}