{"id":25015,"date":"2025-01-31T11:04:53","date_gmt":"2025-01-31T11:04:53","guid":{"rendered":"https:\/\/lequotidien.mr\/?p=25015"},"modified":"2025-01-31T11:04:53","modified_gmt":"2025-01-31T11:04:53","slug":"nouakchott-accueille-le-symposium-international-des-assemblees-locales-du-sahel","status":"publish","type":"post","link":"https:\/\/lequotidien.mr\/?p=25015&lang=fr","title":{"rendered":"Nouakchott accueille le Symposium International des Assembl\u00e9es Locales du Sahel"},"content":{"rendered":"<p>Le Palais des Congr\u00e8s de Nouakchott a abrit\u00e9, jeudi matin, l\u2019ouverture de la deuxi\u00e8me \u00e9dition du Symposium international des assembl\u00e9es locales du Sahel, sous le th\u00e8me <strong>\u00ab Soutenir les assembl\u00e9es locales int\u00e9ress\u00e9es par la paix, la s\u00e9curit\u00e9 et le d\u00e9veloppement dans la r\u00e9gion du Sahel \u00bb<\/strong>. Cet \u00e9v\u00e9nement majeur, qui r\u00e9unit des \u00e9lus locaux et des acteurs internationaux, vise \u00e0 renforcer l\u2019implication des collectivit\u00e9s locales dans la mise en \u0153uvre des strat\u00e9gies de s\u00e9curit\u00e9 et de d\u00e9veloppement dans la r\u00e9gion sah\u00e9lienne.<\/p>\n<p><strong>Un engagement pour les collectivit\u00e9s locales et le d\u00e9veloppement<\/strong><\/p>\n<p>Organis\u00e9 par la R\u00e9gion de Nouakchott en partenariat avec le Minist\u00e8re de l\u2019Int\u00e9rieur, de la Promotion de la D\u00e9centralisation et du D\u00e9veloppement Local, l\u2019Association Internationale des Maires Francophones et l\u2019Union Europ\u00e9enne, ce colloque ambitionne de mobiliser un appui accru aux collectivit\u00e9s locales et \u00e0 leurs structures fa\u00eeti\u00e8res. Parmi les priorit\u00e9s identifi\u00e9es figurent l\u2019int\u00e9gration des collectivit\u00e9s locales dans les strat\u00e9gies de s\u00e9curit\u00e9, l\u2019activation des plans existants \u00e0 l\u2019\u00e9chelle r\u00e9gionale et l\u2019investissement dans les infrastructures de base, notamment dans les secteurs de l\u2019eau et de l\u2019assainissement.<\/p>\n<p>Dans son discours d\u2019ouverture, le ministre de l\u2019Int\u00e9rieur, M. Mohamed Ahmed Mohamed Lemine, a soulign\u00e9 l\u2019attention particuli\u00e8re accord\u00e9e par le Pr\u00e9sident de la R\u00e9publique, <strong>Mohamed Cheikh El Ghazouani<\/strong>, aux collectivit\u00e9s locales. Il a mis en avant leur r\u00f4le essentiel dans le rapprochement des services aux citoyens et dans l\u2019am\u00e9lioration de leurs conditions de vie. Il a \u00e9galement exprim\u00e9 l\u2019espoir que ce symposium aboutisse \u00e0 un renforcement des partenariats entre les collectivit\u00e9s locales du Sahel et leurs homologues francophones, notamment avec des villes influentes comme Paris.<\/p>\n<p><strong>Un plaidoyer pour la coop\u00e9ration et le financement des collectivit\u00e9s locales<\/strong><\/p>\n<p>De son c\u00f4t\u00e9, <strong>Mme Fatimetou Abdel Malek<\/strong>, pr\u00e9sidente de la R\u00e9gion de Nouakchott et vice-pr\u00e9sidente de l\u2019Association Internationale des Maires Francophones, a insist\u00e9 sur la n\u00e9cessit\u00e9 d\u2019unir les efforts pour trouver des solutions de d\u00e9veloppement durables, qui favoriseront la stabilit\u00e9 et la paix au Sahel. Elle a mis en avant <strong>la &#8220;diplomatie des villes&#8221;<\/strong>, un levier strat\u00e9gique permettant de renforcer les relations entre collectivit\u00e9s locales, d\u2019\u00e9changer des exp\u00e9riences et d\u2019attirer les investissements n\u00e9cessaires pour un d\u00e9veloppement inclusif et r\u00e9silient.<\/p>\n<p>Le symposium a \u00e9galement \u00e9t\u00e9 l\u2019occasion d\u2019annoncer la cr\u00e9ation d\u2019un <strong>fonds de soutien aux autorit\u00e9s locales du Sahel<\/strong>, destin\u00e9 \u00e0 accompagner les collectivit\u00e9s locales dans leurs efforts de d\u00e9veloppement \u00e9conomique et social. Ce fonds constitue une avanc\u00e9e majeure pour le financement des projets structurants dans la r\u00e9gion.<\/p>\n<p>Le pr\u00e9sident de l\u2019Association des Maires de Mauritanie, <strong>M. Bembe Deramane<\/strong>, maire de Rosso, a rappel\u00e9 les actions entreprises pour renforcer les capacit\u00e9s des \u00e9lus locaux et leur permettre d\u2019assumer pleinement leurs responsabilit\u00e9s. Il a mis en exergue le climat politique stable de la Mauritanie, qui favorise la mise en \u0153uvre d\u2019une politique de d\u00e9centralisation efficace et le transfert de ressources aux collectivit\u00e9s locales.<\/p>\n<p><strong>Un engagement international en faveur des collectivit\u00e9s sah\u00e9liennes<\/strong><\/p>\n<p>Plusieurs partenaires internationaux ont r\u00e9affirm\u00e9 leur soutien \u00e0 cette initiative. <strong>M. Joaquin Tasso Villalonga<\/strong>, ambassadeur de l\u2019Union Europ\u00e9enne en Mauritanie, a insist\u00e9 sur l\u2019importance d\u2019une coop\u00e9ration renforc\u00e9e pour faire face aux d\u00e9fis rencontr\u00e9s par les collectivit\u00e9s locales du Sahel. Il a rappel\u00e9 le partenariat entre l\u2019Union Europ\u00e9enne et l\u2019Association Internationale des Maires Francophones dans le cadre du d\u00e9veloppement durable.<\/p>\n<p>Dans le m\u00eame esprit, <strong>Mme Anne Hidalgo<\/strong>, maire de Paris et pr\u00e9sidente de l\u2019Association Internationale des Maires Francophones, a salu\u00e9 l\u2019initiative et r\u00e9affirm\u00e9 le r\u00f4le crucial des municipalit\u00e9s dans le renforcement de la coop\u00e9ration internationale. Elle a mis en avant l\u2019importance d\u2019une approche int\u00e9gr\u00e9e o\u00f9 la diplomatie des villes viendrait compl\u00e9ter la diplomatie des \u00c9tats pour favoriser un d\u00e9veloppement harmonieux et une meilleure r\u00e9silience des territoires sah\u00e9liens.<\/p>\n<p>L\u2019ouverture du symposium s\u2019est d\u00e9roul\u00e9e en pr\u00e9sence de nombreuses personnalit\u00e9s, dont le ministre d\u00e9l\u00e9gu\u00e9 charg\u00e9 du Budget, M. Codioro Moussa N\u2019Guenor, le wali de Nouakchott Ouest, des membres du corps diplomatique, des pr\u00e9sidents des conseils r\u00e9gionaux mauritaniens, des maires de Nouakchott, ainsi que des repr\u00e9sentants d\u2019organisations internationales actives dans le d\u00e9veloppement.<\/p>\n<p>Ce symposium repr\u00e9sente une opportunit\u00e9 cruciale pour les collectivit\u00e9s locales du Sahel de renforcer leur r\u00f4le en tant qu\u2019acteurs de premier plan dans la mise en \u0153uvre de solutions de paix et de d\u00e9veloppement durable. \u00c0 travers des \u00e9changes fructueux et des engagements concrets, les participants entendent tracer une nouvelle voie pour un Sahel plus stable, prosp\u00e8re et r\u00e9silient.<\/p>\n","protected":false},"excerpt":{"rendered":"<p>Le Palais des Congr\u00e8s de Nouakchott a abrit\u00e9, jeudi matin, l\u2019ouverture de la deuxi\u00e8me \u00e9dition du Symposium international des assembl\u00e9es locales du Sahel, sous le th\u00e8me \u00ab Soutenir les assembl\u00e9es locales int\u00e9ress\u00e9es par la paix, la s\u00e9curit\u00e9 et le d\u00e9veloppement dans la r\u00e9gion du Sahel \u00bb. Cet \u00e9v\u00e9nement majeur, qui r\u00e9unit des \u00e9lus locaux et&#8230;..<\/p>\n","protected":false},"author":3,"featured_media":25016,"comment_status":"open","ping_status":"open","sticky":false,"template":"","format":"standard","meta":{"footnotes":""},"categories":[23,49,55],"tags":[],"class_list":["post-25015","post","type-post","status-publish","format-standard","has-post-thumbnail","hentry","category-actualite","category-economie","category-culture"],"yoast_head":"<!-- This site is optimized with the Yoast SEO plugin v28.4 - https:\/\/yoast.com\/product\/yoast-seo-wordpress\/ -->\n<title>Nouakchott accueille le Symposium International des Assembl\u00e9es Locales du Sahel - Le Quotidien de Nouakchott<\/title>\n<meta name=\"robots\" content=\"index, follow, max-snippet:-1, max-image-preview:large, max-video-preview:-1\" \/>\n<link rel=\"canonical\" href=\"https:\/\/lequotidien.mr\/?p=25015&lang=fr\" \/>\n<meta property=\"og:locale\" content=\"ar_AR\" \/>\n<meta property=\"og:type\" content=\"article\" \/>\n<meta property=\"og:title\" content=\"Nouakchott accueille le Symposium International des Assembl\u00e9es Locales du Sahel - Le Quotidien de Nouakchott\" \/>\n<meta property=\"og:description\" content=\"Le Palais des Congr\u00e8s de Nouakchott a abrit\u00e9, jeudi matin, l\u2019ouverture de la deuxi\u00e8me \u00e9dition du Symposium international des assembl\u00e9es locales du Sahel, sous le th\u00e8me \u00ab Soutenir les assembl\u00e9es locales int\u00e9ress\u00e9es par la paix, la s\u00e9curit\u00e9 et le d\u00e9veloppement dans la r\u00e9gion du Sahel \u00bb. Cet \u00e9v\u00e9nement majeur, qui r\u00e9unit des \u00e9lus locaux et.....\" \/>\n<meta property=\"og:url\" content=\"https:\/\/lequotidien.mr\/?p=25015&amp;lang=fr\" \/>\n<meta property=\"og:site_name\" content=\"Le Quotidien de Nouakchott\" \/>\n<meta property=\"article:publisher\" content=\"https:\/\/web.facebook.com\/lequotidienmr\" \/>\n<meta property=\"article:author\" content=\"https:\/\/web.facebook.com\/a.mleiwih\" \/>\n<meta property=\"article:published_time\" content=\"2025-01-31T11:04:53+00:00\" \/>\n<meta property=\"og:image\" content=\"https:\/\/lequotidien.mr\/wp-content\/uploads\/2025\/01\/photo-symposium-Sahel.jpg\" \/>\n\t<meta property=\"og:image:width\" content=\"750\" \/>\n\t<meta property=\"og:image:height\" content=\"430\" \/>\n\t<meta property=\"og:image:type\" content=\"image\/jpeg\" \/>\n<meta name=\"author\" content=\"Alioun M&#039;leiwih\" \/>\n<meta name=\"twitter:card\" content=\"summary_large_image\" \/>\n<meta name=\"twitter:creator\" content=\"@lequotidienmr\" \/>\n<meta name=\"twitter:site\" content=\"@lequotidienmr\" \/>\n<meta name=\"twitter:label1\" content=\"\u0643\u064f\u062a\u0628 \u0628\u0648\u0627\u0633\u0637\u0629\" \/>\n\t<meta name=\"twitter:data1\" content=\"Alioun M&#039;leiwih\" \/>\n\t<meta name=\"twitter:label2\" content=\"\u0648\u0642\u062a \u0627\u0644\u0642\u0631\u0627\u0621\u0629 \u0627\u0644\u0645\u064f\u0642\u062f\u0651\u0631\" \/>\n\t<meta name=\"twitter:data2\" content=\"4 \u062f\u0642\u0627\u0626\u0642\" \/>\n<script type=\"application\/ld+json\" class=\"yoast-schema-graph\">{\"@context\":\"https:\\\/\\\/schema.org\",\"@graph\":[{\"@type\":\"Article\",\"@id\":\"https:\\\/\\\/lequotidien.mr\\\/?p=25015&lang=fr#article\",\"isPartOf\":{\"@id\":\"https:\\\/\\\/lequotidien.mr\\\/?p=25015&lang=fr\"},\"author\":{\"name\":\"Alioun M'leiwih\",\"@id\":\"https:\\\/\\\/lequotidien.mr\\\/#\\\/schema\\\/person\\\/69d1518c74c9137087929a20b1272cb0\"},\"headline\":\"Nouakchott accueille le Symposium International des Assembl\u00e9es Locales du Sahel\",\"datePublished\":\"2025-01-31T11:04:53+00:00\",\"mainEntityOfPage\":{\"@id\":\"https:\\\/\\\/lequotidien.mr\\\/?p=25015&lang=fr\"},\"wordCount\":855,\"commentCount\":0,\"publisher\":{\"@id\":\"https:\\\/\\\/lequotidien.mr\\\/#organization\"},\"image\":{\"@id\":\"https:\\\/\\\/lequotidien.mr\\\/?p=25015&lang=fr#primaryimage\"},\"thumbnailUrl\":\"https:\\\/\\\/lequotidien.mr\\\/wp-content\\\/uploads\\\/2025\\\/01\\\/photo-symposium-Sahel.jpg\",\"articleSection\":[\"ACTUALIT\u00c9\",\"Economie\",\"Culture\"],\"inLanguage\":\"ar\",\"potentialAction\":[{\"@type\":\"CommentAction\",\"name\":\"Comment\",\"target\":[\"https:\\\/\\\/lequotidien.mr\\\/?p=25015&lang=fr#respond\"]}]},{\"@type\":\"WebPage\",\"@id\":\"https:\\\/\\\/lequotidien.mr\\\/?p=25015&lang=fr\",\"url\":\"https:\\\/\\\/lequotidien.mr\\\/?p=25015&lang=fr\",\"name\":\"Nouakchott accueille le Symposium International des Assembl\u00e9es Locales du Sahel - Le Quotidien de Nouakchott\",\"isPartOf\":{\"@id\":\"https:\\\/\\\/lequotidien.mr\\\/#website\"},\"primaryImageOfPage\":{\"@id\":\"https:\\\/\\\/lequotidien.mr\\\/?p=25015&lang=fr#primaryimage\"},\"image\":{\"@id\":\"https:\\\/\\\/lequotidien.mr\\\/?p=25015&lang=fr#primaryimage\"},\"thumbnailUrl\":\"https:\\\/\\\/lequotidien.mr\\\/wp-content\\\/uploads\\\/2025\\\/01\\\/photo-symposium-Sahel.jpg\",\"datePublished\":\"2025-01-31T11:04:53+00:00\",\"breadcrumb\":{\"@id\":\"https:\\\/\\\/lequotidien.mr\\\/?p=25015&lang=fr#breadcrumb\"},\"inLanguage\":\"ar\",\"potentialAction\":[{\"@type\":\"ReadAction\",\"target\":[\"https:\\\/\\\/lequotidien.mr\\\/?p=25015&lang=fr\"]}]},{\"@type\":\"ImageObject\",\"inLanguage\":\"ar\",\"@id\":\"https:\\\/\\\/lequotidien.mr\\\/?p=25015&lang=fr#primaryimage\",\"url\":\"https:\\\/\\\/lequotidien.mr\\\/wp-content\\\/uploads\\\/2025\\\/01\\\/photo-symposium-Sahel.jpg\",\"contentUrl\":\"https:\\\/\\\/lequotidien.mr\\\/wp-content\\\/uploads\\\/2025\\\/01\\\/photo-symposium-Sahel.jpg\",\"width\":750,\"height\":430},{\"@type\":\"BreadcrumbList\",\"@id\":\"https:\\\/\\\/lequotidien.mr\\\/?p=25015&lang=fr#breadcrumb\",\"itemListElement\":[{\"@type\":\"ListItem\",\"position\":1,\"name\":\"Home\",\"item\":\"https:\\\/\\\/lequotidien.mr\\\/\"},{\"@type\":\"ListItem\",\"position\":2,\"name\":\"Nouakchott accueille le Symposium International des Assembl\u00e9es Locales du Sahel\"}]},{\"@type\":\"WebSite\",\"@id\":\"https:\\\/\\\/lequotidien.mr\\\/#website\",\"url\":\"https:\\\/\\\/lequotidien.mr\\\/\",\"name\":\"Le Quotidien de Nouakchott\",\"description\":\"\u0625\u062e\u0628\u0627\u0631\u064a\u0629 \u0645\u0633\u062a\u0642\u0644\u0629 \u0644\u0644\u0623\u0646\u0628\u0627\u0621 \u0627\u0644\u0639\u0627\u0645\u0629\",\"publisher\":{\"@id\":\"https:\\\/\\\/lequotidien.mr\\\/#organization\"},\"potentialAction\":[{\"@type\":\"SearchAction\",\"target\":{\"@type\":\"EntryPoint\",\"urlTemplate\":\"https:\\\/\\\/lequotidien.mr\\\/?s={search_term_string}\"},\"query-input\":{\"@type\":\"PropertyValueSpecification\",\"valueRequired\":true,\"valueName\":\"search_term_string\"}}],\"inLanguage\":\"ar\"},{\"@type\":\"Organization\",\"@id\":\"https:\\\/\\\/lequotidien.mr\\\/#organization\",\"name\":\"Le Quotidien de Nouakchott\",\"url\":\"https:\\\/\\\/lequotidien.mr\\\/\",\"logo\":{\"@type\":\"ImageObject\",\"inLanguage\":\"ar\",\"@id\":\"https:\\\/\\\/lequotidien.mr\\\/#\\\/schema\\\/logo\\\/image\\\/\",\"url\":\"https:\\\/\\\/lequotidien.mr\\\/wp-content\\\/uploads\\\/2022\\\/11\\\/logolequotidien.jpg\",\"contentUrl\":\"https:\\\/\\\/lequotidien.mr\\\/wp-content\\\/uploads\\\/2022\\\/11\\\/logolequotidien.jpg\",\"width\":290,\"height\":65,\"caption\":\"Le Quotidien de Nouakchott\"},\"image\":{\"@id\":\"https:\\\/\\\/lequotidien.mr\\\/#\\\/schema\\\/logo\\\/image\\\/\"},\"sameAs\":[\"https:\\\/\\\/web.facebook.com\\\/lequotidienmr\",\"https:\\\/\\\/x.com\\\/lequotidienmr\"]},{\"@type\":\"Person\",\"@id\":\"https:\\\/\\\/lequotidien.mr\\\/#\\\/schema\\\/person\\\/69d1518c74c9137087929a20b1272cb0\",\"name\":\"Alioun M'leiwih\",\"image\":{\"@type\":\"ImageObject\",\"inLanguage\":\"ar\",\"@id\":\"https:\\\/\\\/secure.gravatar.com\\\/avatar\\\/01f9d357222d7d4ca8f71662f4b081718f06d25b11fc45662ecca0622d507e51?s=96&d=mm&r=g\",\"url\":\"https:\\\/\\\/secure.gravatar.com\\\/avatar\\\/01f9d357222d7d4ca8f71662f4b081718f06d25b11fc45662ecca0622d507e51?s=96&d=mm&r=g\",\"contentUrl\":\"https:\\\/\\\/secure.gravatar.com\\\/avatar\\\/01f9d357222d7d4ca8f71662f4b081718f06d25b11fc45662ecca0622d507e51?s=96&d=mm&r=g\",\"caption\":\"Alioun M'leiwih\"},\"sameAs\":[\"https:\\\/\\\/lequotidien.mr\\\/\",\"https:\\\/\\\/web.facebook.com\\\/a.mleiwih\",\"https:\\\/\\\/www.linkedin.com\\\/in\\\/alimlewih\\\/\"],\"url\":\"https:\\\/\\\/lequotidien.mr\\\/?author=3\"}]}<\/script>\n<!-- \/ Yoast SEO plugin. -->","yoast_head_json":{"title":"Nouakchott accueille le Symposium International des Assembl\u00e9es Locales du Sahel - Le Quotidien de Nouakchott","robots":{"index":"index","follow":"follow","max-snippet":"max-snippet:-1","max-image-preview":"max-image-preview:large","max-video-preview":"max-video-preview:-1"},"canonical":"https:\/\/lequotidien.mr\/?p=25015&lang=fr","og_locale":"ar_AR","og_type":"article","og_title":"Nouakchott accueille le Symposium International des Assembl\u00e9es Locales du Sahel - Le Quotidien de Nouakchott","og_description":"Le Palais des Congr\u00e8s de Nouakchott a abrit\u00e9, jeudi matin, l\u2019ouverture de la deuxi\u00e8me \u00e9dition du Symposium international des assembl\u00e9es locales du Sahel, sous le th\u00e8me \u00ab Soutenir les assembl\u00e9es locales int\u00e9ress\u00e9es par la paix, la s\u00e9curit\u00e9 et le d\u00e9veloppement dans la r\u00e9gion du Sahel \u00bb. Cet \u00e9v\u00e9nement majeur, qui r\u00e9unit des \u00e9lus locaux et.....","og_url":"https:\/\/lequotidien.mr\/?p=25015&lang=fr","og_site_name":"Le Quotidien de Nouakchott","article_publisher":"https:\/\/web.facebook.com\/lequotidienmr","article_author":"https:\/\/web.facebook.com\/a.mleiwih","article_published_time":"2025-01-31T11:04:53+00:00","og_image":[{"width":750,"height":430,"url":"https:\/\/lequotidien.mr\/wp-content\/uploads\/2025\/01\/photo-symposium-Sahel.jpg","type":"image\/jpeg"}],"author":"Alioun M'leiwih","twitter_card":"summary_large_image","twitter_creator":"@lequotidienmr","twitter_site":"@lequotidienmr","twitter_misc":{"\u0643\u064f\u062a\u0628 \u0628\u0648\u0627\u0633\u0637\u0629":"Alioun M'leiwih","\u0648\u0642\u062a \u0627\u0644\u0642\u0631\u0627\u0621\u0629 \u0627\u0644\u0645\u064f\u0642\u062f\u0651\u0631":"4 \u062f\u0642\u0627\u0626\u0642"},"schema":{"@context":"https:\/\/schema.org","@graph":[{"@type":"Article","@id":"https:\/\/lequotidien.mr\/?p=25015&lang=fr#article","isPartOf":{"@id":"https:\/\/lequotidien.mr\/?p=25015&lang=fr"},"author":{"name":"Alioun M'leiwih","@id":"https:\/\/lequotidien.mr\/#\/schema\/person\/69d1518c74c9137087929a20b1272cb0"},"headline":"Nouakchott accueille le Symposium International des Assembl\u00e9es Locales du Sahel","datePublished":"2025-01-31T11:04:53+00:00","mainEntityOfPage":{"@id":"https:\/\/lequotidien.mr\/?p=25015&lang=fr"},"wordCount":855,"commentCount":0,"publisher":{"@id":"https:\/\/lequotidien.mr\/#organization"},"image":{"@id":"https:\/\/lequotidien.mr\/?p=25015&lang=fr#primaryimage"},"thumbnailUrl":"https:\/\/lequotidien.mr\/wp-content\/uploads\/2025\/01\/photo-symposium-Sahel.jpg","articleSection":["ACTUALIT\u00c9","Economie","Culture"],"inLanguage":"ar","potentialAction":[{"@type":"CommentAction","name":"Comment","target":["https:\/\/lequotidien.mr\/?p=25015&lang=fr#respond"]}]},{"@type":"WebPage","@id":"https:\/\/lequotidien.mr\/?p=25015&lang=fr","url":"https:\/\/lequotidien.mr\/?p=25015&lang=fr","name":"Nouakchott accueille le Symposium International des Assembl\u00e9es Locales du Sahel - Le Quotidien de Nouakchott","isPartOf":{"@id":"https:\/\/lequotidien.mr\/#website"},"primaryImageOfPage":{"@id":"https:\/\/lequotidien.mr\/?p=25015&lang=fr#primaryimage"},"image":{"@id":"https:\/\/lequotidien.mr\/?p=25015&lang=fr#primaryimage"},"thumbnailUrl":"https:\/\/lequotidien.mr\/wp-content\/uploads\/2025\/01\/photo-symposium-Sahel.jpg","datePublished":"2025-01-31T11:04:53+00:00","breadcrumb":{"@id":"https:\/\/lequotidien.mr\/?p=25015&lang=fr#breadcrumb"},"inLanguage":"ar","potentialAction":[{"@type":"ReadAction","target":["https:\/\/lequotidien.mr\/?p=25015&lang=fr"]}]},{"@type":"ImageObject","inLanguage":"ar","@id":"https:\/\/lequotidien.mr\/?p=25015&lang=fr#primaryimage","url":"https:\/\/lequotidien.mr\/wp-content\/uploads\/2025\/01\/photo-symposium-Sahel.jpg","contentUrl":"https:\/\/lequotidien.mr\/wp-content\/uploads\/2025\/01\/photo-symposium-Sahel.jpg","width":750,"height":430},{"@type":"BreadcrumbList","@id":"https:\/\/lequotidien.mr\/?p=25015&lang=fr#breadcrumb","itemListElement":[{"@type":"ListItem","position":1,"name":"Home","item":"https:\/\/lequotidien.mr\/"},{"@type":"ListItem","position":2,"name":"Nouakchott accueille le Symposium International des Assembl\u00e9es Locales du Sahel"}]},{"@type":"WebSite","@id":"https:\/\/lequotidien.mr\/#website","url":"https:\/\/lequotidien.mr\/","name":"Le Quotidien de Nouakchott","description":"\u0625\u062e\u0628\u0627\u0631\u064a\u0629 \u0645\u0633\u062a\u0642\u0644\u0629 \u0644\u0644\u0623\u0646\u0628\u0627\u0621 \u0627\u0644\u0639\u0627\u0645\u0629","publisher":{"@id":"https:\/\/lequotidien.mr\/#organization"},"potentialAction":[{"@type":"SearchAction","target":{"@type":"EntryPoint","urlTemplate":"https:\/\/lequotidien.mr\/?s={search_term_string}"},"query-input":{"@type":"PropertyValueSpecification","valueRequired":true,"valueName":"search_term_string"}}],"inLanguage":"ar"},{"@type":"Organization","@id":"https:\/\/lequotidien.mr\/#organization","name":"Le Quotidien de Nouakchott","url":"https:\/\/lequotidien.mr\/","logo":{"@type":"ImageObject","inLanguage":"ar","@id":"https:\/\/lequotidien.mr\/#\/schema\/logo\/image\/","url":"https:\/\/lequotidien.mr\/wp-content\/uploads\/2022\/11\/logolequotidien.jpg","contentUrl":"https:\/\/lequotidien.mr\/wp-content\/uploads\/2022\/11\/logolequotidien.jpg","width":290,"height":65,"caption":"Le Quotidien de Nouakchott"},"image":{"@id":"https:\/\/lequotidien.mr\/#\/schema\/logo\/image\/"},"sameAs":["https:\/\/web.facebook.com\/lequotidienmr","https:\/\/x.com\/lequotidienmr"]},{"@type":"Person","@id":"https:\/\/lequotidien.mr\/#\/schema\/person\/69d1518c74c9137087929a20b1272cb0","name":"Alioun M'leiwih","image":{"@type":"ImageObject","inLanguage":"ar","@id":"https:\/\/secure.gravatar.com\/avatar\/01f9d357222d7d4ca8f71662f4b081718f06d25b11fc45662ecca0622d507e51?s=96&d=mm&r=g","url":"https:\/\/secure.gravatar.com\/avatar\/01f9d357222d7d4ca8f71662f4b081718f06d25b11fc45662ecca0622d507e51?s=96&d=mm&r=g","contentUrl":"https:\/\/secure.gravatar.com\/avatar\/01f9d357222d7d4ca8f71662f4b081718f06d25b11fc45662ecca0622d507e51?s=96&d=mm&r=g","caption":"Alioun M'leiwih"},"sameAs":["https:\/\/lequotidien.mr\/","https:\/\/web.facebook.com\/a.mleiwih","https:\/\/www.linkedin.com\/in\/alimlewih\/"],"url":"https:\/\/lequotidien.mr\/?author=3"}]}},"_links":{"self":[{"href":"https:\/\/lequotidien.mr\/index.php?rest_route=\/wp\/v2\/posts\/25015","targetHints":{"allow":["GET"]}}],"collection":[{"href":"https:\/\/lequotidien.mr\/index.php?rest_route=\/wp\/v2\/posts"}],"about":[{"href":"https:\/\/lequotidien.mr\/index.php?rest_route=\/wp\/v2\/types\/post"}],"author":[{"embeddable":true,"href":"https:\/\/lequotidien.mr\/index.php?rest_route=\/wp\/v2\/users\/3"}],"replies":[{"embeddable":true,"href":"https:\/\/lequotidien.mr\/index.php?rest_route=%2Fwp%2Fv2%2Fcomments&post=25015"}],"version-history":[{"count":1,"href":"https:\/\/lequotidien.mr\/index.php?rest_route=\/wp\/v2\/posts\/25015\/revisions"}],"predecessor-version":[{"id":25017,"href":"https:\/\/lequotidien.mr\/index.php?rest_route=\/wp\/v2\/posts\/25015\/revisions\/25017"}],"wp:featuredmedia":[{"embeddable":true,"href":"https:\/\/lequotidien.mr\/index.php?rest_route=\/wp\/v2\/media\/25016"}],"wp:attachment":[{"href":"https:\/\/lequotidien.mr\/index.php?rest_route=%2Fwp%2Fv2%2Fmedia&parent=25015"}],"wp:term":[{"taxonomy":"category","embeddable":true,"href":"https:\/\/lequotidien.mr\/index.php?rest_route=%2Fwp%2Fv2%2Fcategories&post=25015"},{"taxonomy":"post_tag","embeddable":true,"href":"https:\/\/lequotidien.mr\/index.php?rest_route=%2Fwp%2Fv2%2Ftags&post=25015"}],"curies":[{"name":"wp","href":"https:\/\/api.w.org\/{rel}","templated":true}]}}