{"id":25012,"date":"2025-01-31T10:22:40","date_gmt":"2025-01-31T10:22:40","guid":{"rendered":"https:\/\/lequotidien.mr\/?p=25012"},"modified":"2025-01-31T10:22:40","modified_gmt":"2025-01-31T10:22:40","slug":"agenda-du-premier-ministre-moctar-djay-entre-reunions-strategiques-et-relations-internationales","status":"publish","type":"post","link":"https:\/\/lequotidien.mr\/?p=25012&lang=fr","title":{"rendered":"Agenda du Premier Ministre Moctar Djay : Entre r\u00e9unions strat\u00e9giques et relations internationales"},"content":{"rendered":"<p>Toujours marqu\u00e9 par une intense activit\u00e9, l\u2019agenda du Premier ministre, M. Moctar Djay, a \u00e9t\u00e9 rythm\u00e9 ces derniers jours par plusieurs rencontres de haut niveau et des r\u00e9unions strat\u00e9giques consacr\u00e9es aux dossiers nationaux et aux relations internationales.<\/p>\n<p>Dans ce cadre, le Premier ministre a re\u00e7u en audience, mardi dernier, une d\u00e9l\u00e9gation parlementaire tch\u00e8que conduite par SEM. Ji\u0159\u00ed Obert Falzier, vice-pr\u00e9sident du S\u00e9nat tch\u00e8que. L\u2019entretien a port\u00e9 sur le renforcement des relations de coop\u00e9ration entre les deux pays et les perspectives de leur d\u00e9veloppement, ainsi que sur des questions d\u2019int\u00e9r\u00eat commun.<\/p>\n<p>L\u2019audience s\u2019est d\u00e9roul\u00e9e en pr\u00e9sence du directeur de cabinet du Premier ministre, M. Cheikh Zeidane, du premier vice-pr\u00e9sident de l\u2019Assembl\u00e9e nationale, M. Sidney Sokhona, de l\u2019ambassadeur de Mauritanie en R\u00e9publique tch\u00e8que, M. Kane Boubacar, du charg\u00e9 de mission au cabinet du Premier ministre, M. Mohamed Lemine Reghani, et de la conseill\u00e8re du Premier ministre charg\u00e9e des affaires politiques, Mme Hindou A\u00efnina.<\/p>\n<p>Par ailleurs, M. Djay a pr\u00e9sid\u00e9 une r\u00e9union consacr\u00e9e \u00e0 la pr\u00e9sentation et \u00e0 la discussion des rapports des missions minist\u00e9rielles de planification participative du d\u00e9veloppement dans les wilayas de l\u2019int\u00e9rieur. Cette r\u00e9union a rassembl\u00e9 plusieurs membres du cabinet du Premier ministre, ainsi que des conseillers de la Pr\u00e9sidence de la R\u00e9publique et du Premier minist\u00e8re. \u00c0 cette occasion, le Premier ministre a instruit les ministres concern\u00e9s de mettre \u00e0 jour les rapports en tenant compte des observations formul\u00e9es lors des discussions.<\/p>\n<p>Le dynamisme diplomatique du Premier ministre s\u2019est \u00e9galement illustr\u00e9 jeudi dernier, avec la r\u00e9ception d\u2019une d\u00e9l\u00e9gation du Fonds de l\u2019OPEP pour le d\u00e9veloppement international, conduite par son pr\u00e9sident, M. Abdelhamid Khalifa. La r\u00e9union a permis d\u2019\u00e9changer sur les domaines de coop\u00e9ration entre la Mauritanie et cette institution financi\u00e8re, notamment sur les moyens de renforcer les investissements en exploitant les opportunit\u00e9s de d\u00e9veloppement du pays.<\/p>\n<p>\u00c0 l\u2019issue de la r\u00e9union, le pr\u00e9sident du Fonds de l\u2019OPEP a exprim\u00e9 son honneur d\u2019avoir \u00e9t\u00e9 re\u00e7u par le Premier ministre et a soulign\u00e9 la volont\u00e9 de son institution de consolider la coop\u00e9ration avec la Mauritanie \u00e0 travers le financement de projets structurants dans les ann\u00e9es \u00e0 venir. De son c\u00f4t\u00e9, M. Moctar Djay a insist\u00e9 sur l\u2019importance d\u2019aligner cette coop\u00e9ration avec les objectifs de d\u00e9veloppement fix\u00e9s par la Mauritanie pour les prochaines ann\u00e9es.<\/p>\n<p>Cette rencontre s\u2019est tenue en pr\u00e9sence du ministre de l\u2019\u00c9conomie et des Finances, M. Sid\u2019Ahmed Bouh, du directeur de cabinet du Premier ministre, M. Cheikh Zeidane, et du conseiller du Premier ministre charg\u00e9 de l\u2019\u00c9conomie et des Finances, M. Mohamed Lemine Hammadi.<\/p>\n<p>\u00c0 travers ces diff\u00e9rentes activit\u00e9s, le Premier ministre confirme son engagement \u00e0 \u0153uvrer pour le d\u00e9veloppement du pays et le renforcement des partenariats internationaux, au service des ambitions \u00e9conomiques et sociales de la Mauritanie.<\/p>\n","protected":false},"excerpt":{"rendered":"<p>Toujours marqu\u00e9 par une intense activit\u00e9, l\u2019agenda du Premier ministre, M. Moctar Djay, a \u00e9t\u00e9 rythm\u00e9 ces derniers jours par plusieurs rencontres de haut niveau et des r\u00e9unions strat\u00e9giques consacr\u00e9es aux dossiers nationaux et aux relations internationales. Dans ce cadre, le Premier ministre a re\u00e7u en audience, mardi dernier, une d\u00e9l\u00e9gation parlementaire tch\u00e8que conduite par&#8230;..<\/p>\n","protected":false},"author":12,"featured_media":25013,"comment_status":"open","ping_status":"open","sticky":false,"template":"","format":"standard","meta":{"footnotes":""},"categories":[23,49],"tags":[],"class_list":["post-25012","post","type-post","status-publish","format-standard","has-post-thumbnail","hentry","category-actualite","category-economie"],"yoast_head":"<!-- This site is optimized with the Yoast SEO plugin v27.5 - https:\/\/yoast.com\/product\/yoast-seo-wordpress\/ -->\n<title>Agenda du Premier Ministre Moctar Djay : Entre r\u00e9unions strat\u00e9giques et relations internationales - Le Quotidien de Nouakchott<\/title>\n<meta name=\"robots\" content=\"index, follow, max-snippet:-1, max-image-preview:large, max-video-preview:-1\" \/>\n<link rel=\"canonical\" href=\"https:\/\/lequotidien.mr\/?p=25012&lang=fr\" \/>\n<meta property=\"og:locale\" content=\"ar_AR\" \/>\n<meta property=\"og:type\" content=\"article\" \/>\n<meta property=\"og:title\" content=\"Agenda du Premier Ministre Moctar Djay : Entre r\u00e9unions strat\u00e9giques et relations internationales - Le Quotidien de Nouakchott\" \/>\n<meta property=\"og:description\" content=\"Toujours marqu\u00e9 par une intense activit\u00e9, l\u2019agenda du Premier ministre, M. Moctar Djay, a \u00e9t\u00e9 rythm\u00e9 ces derniers jours par plusieurs rencontres de haut niveau et des r\u00e9unions strat\u00e9giques consacr\u00e9es aux dossiers nationaux et aux relations internationales. Dans ce cadre, le Premier ministre a re\u00e7u en audience, mardi dernier, une d\u00e9l\u00e9gation parlementaire tch\u00e8que conduite par.....\" \/>\n<meta property=\"og:url\" content=\"https:\/\/lequotidien.mr\/?p=25012&amp;lang=fr\" \/>\n<meta property=\"og:site_name\" content=\"Le Quotidien de Nouakchott\" \/>\n<meta property=\"article:publisher\" content=\"https:\/\/web.facebook.com\/lequotidienmr\" \/>\n<meta property=\"article:published_time\" content=\"2025-01-31T10:22:40+00:00\" \/>\n<meta property=\"og:image\" content=\"https:\/\/lequotidien.mr\/wp-content\/uploads\/2025\/01\/photo-PM-OPEP.jpg\" \/>\n\t<meta property=\"og:image:width\" content=\"750\" \/>\n\t<meta property=\"og:image:height\" content=\"430\" \/>\n\t<meta property=\"og:image:type\" content=\"image\/jpeg\" \/>\n<meta name=\"author\" content=\"Med Ahmed\" \/>\n<meta name=\"twitter:card\" content=\"summary_large_image\" \/>\n<meta name=\"twitter:creator\" content=\"@lequotidienmr\" \/>\n<meta name=\"twitter:site\" content=\"@lequotidienmr\" \/>\n<meta name=\"twitter:label1\" content=\"\u0643\u064f\u062a\u0628 \u0628\u0648\u0627\u0633\u0637\u0629\" \/>\n\t<meta name=\"twitter:data1\" content=\"Med Ahmed\" \/>\n\t<meta name=\"twitter:label2\" content=\"\u0648\u0642\u062a \u0627\u0644\u0642\u0631\u0627\u0621\u0629 \u0627\u0644\u0645\u064f\u0642\u062f\u0651\u0631\" \/>\n\t<meta name=\"twitter:data2\" content=\"3 \u062f\u0642\u0627\u0626\u0642\" \/>\n<script type=\"application\/ld+json\" class=\"yoast-schema-graph\">{\"@context\":\"https:\\\/\\\/schema.org\",\"@graph\":[{\"@type\":\"Article\",\"@id\":\"https:\\\/\\\/lequotidien.mr\\\/?p=25012&lang=fr#article\",\"isPartOf\":{\"@id\":\"https:\\\/\\\/lequotidien.mr\\\/?p=25012&lang=fr\"},\"author\":{\"name\":\"Med Ahmed\",\"@id\":\"https:\\\/\\\/lequotidien.mr\\\/#\\\/schema\\\/person\\\/d2d350202a4d599685ed8abc25f97596\"},\"headline\":\"Agenda du Premier Ministre Moctar Djay : Entre r\u00e9unions strat\u00e9giques et relations internationales\",\"datePublished\":\"2025-01-31T10:22:40+00:00\",\"mainEntityOfPage\":{\"@id\":\"https:\\\/\\\/lequotidien.mr\\\/?p=25012&lang=fr\"},\"wordCount\":535,\"commentCount\":0,\"publisher\":{\"@id\":\"https:\\\/\\\/lequotidien.mr\\\/#organization\"},\"image\":{\"@id\":\"https:\\\/\\\/lequotidien.mr\\\/?p=25012&lang=fr#primaryimage\"},\"thumbnailUrl\":\"https:\\\/\\\/lequotidien.mr\\\/wp-content\\\/uploads\\\/2025\\\/01\\\/photo-PM-OPEP.jpg\",\"articleSection\":[\"ACTUALIT\u00c9\",\"Economie\"],\"inLanguage\":\"ar\",\"potentialAction\":[{\"@type\":\"CommentAction\",\"name\":\"Comment\",\"target\":[\"https:\\\/\\\/lequotidien.mr\\\/?p=25012&lang=fr#respond\"]}]},{\"@type\":\"WebPage\",\"@id\":\"https:\\\/\\\/lequotidien.mr\\\/?p=25012&lang=fr\",\"url\":\"https:\\\/\\\/lequotidien.mr\\\/?p=25012&lang=fr\",\"name\":\"Agenda du Premier Ministre Moctar Djay : Entre r\u00e9unions strat\u00e9giques et relations internationales - Le Quotidien de Nouakchott\",\"isPartOf\":{\"@id\":\"https:\\\/\\\/lequotidien.mr\\\/#website\"},\"primaryImageOfPage\":{\"@id\":\"https:\\\/\\\/lequotidien.mr\\\/?p=25012&lang=fr#primaryimage\"},\"image\":{\"@id\":\"https:\\\/\\\/lequotidien.mr\\\/?p=25012&lang=fr#primaryimage\"},\"thumbnailUrl\":\"https:\\\/\\\/lequotidien.mr\\\/wp-content\\\/uploads\\\/2025\\\/01\\\/photo-PM-OPEP.jpg\",\"datePublished\":\"2025-01-31T10:22:40+00:00\",\"breadcrumb\":{\"@id\":\"https:\\\/\\\/lequotidien.mr\\\/?p=25012&lang=fr#breadcrumb\"},\"inLanguage\":\"ar\",\"potentialAction\":[{\"@type\":\"ReadAction\",\"target\":[\"https:\\\/\\\/lequotidien.mr\\\/?p=25012&lang=fr\"]}]},{\"@type\":\"ImageObject\",\"inLanguage\":\"ar\",\"@id\":\"https:\\\/\\\/lequotidien.mr\\\/?p=25012&lang=fr#primaryimage\",\"url\":\"https:\\\/\\\/lequotidien.mr\\\/wp-content\\\/uploads\\\/2025\\\/01\\\/photo-PM-OPEP.jpg\",\"contentUrl\":\"https:\\\/\\\/lequotidien.mr\\\/wp-content\\\/uploads\\\/2025\\\/01\\\/photo-PM-OPEP.jpg\",\"width\":750,\"height\":430},{\"@type\":\"BreadcrumbList\",\"@id\":\"https:\\\/\\\/lequotidien.mr\\\/?p=25012&lang=fr#breadcrumb\",\"itemListElement\":[{\"@type\":\"ListItem\",\"position\":1,\"name\":\"Home\",\"item\":\"https:\\\/\\\/lequotidien.mr\\\/\"},{\"@type\":\"ListItem\",\"position\":2,\"name\":\"Agenda du Premier Ministre Moctar Djay : Entre r\u00e9unions strat\u00e9giques et relations internationales\"}]},{\"@type\":\"WebSite\",\"@id\":\"https:\\\/\\\/lequotidien.mr\\\/#website\",\"url\":\"https:\\\/\\\/lequotidien.mr\\\/\",\"name\":\"Le Quotidien de Nouakchott\",\"description\":\"\u0625\u062e\u0628\u0627\u0631\u064a\u0629 \u0645\u0633\u062a\u0642\u0644\u0629 \u0644\u0644\u0623\u0646\u0628\u0627\u0621 \u0627\u0644\u0639\u0627\u0645\u0629\",\"publisher\":{\"@id\":\"https:\\\/\\\/lequotidien.mr\\\/#organization\"},\"potentialAction\":[{\"@type\":\"SearchAction\",\"target\":{\"@type\":\"EntryPoint\",\"urlTemplate\":\"https:\\\/\\\/lequotidien.mr\\\/?s={search_term_string}\"},\"query-input\":{\"@type\":\"PropertyValueSpecification\",\"valueRequired\":true,\"valueName\":\"search_term_string\"}}],\"inLanguage\":\"ar\"},{\"@type\":\"Organization\",\"@id\":\"https:\\\/\\\/lequotidien.mr\\\/#organization\",\"name\":\"Le Quotidien de Nouakchott\",\"url\":\"https:\\\/\\\/lequotidien.mr\\\/\",\"logo\":{\"@type\":\"ImageObject\",\"inLanguage\":\"ar\",\"@id\":\"https:\\\/\\\/lequotidien.mr\\\/#\\\/schema\\\/logo\\\/image\\\/\",\"url\":\"https:\\\/\\\/lequotidien.mr\\\/wp-content\\\/uploads\\\/2022\\\/11\\\/logolequotidien.jpg\",\"contentUrl\":\"https:\\\/\\\/lequotidien.mr\\\/wp-content\\\/uploads\\\/2022\\\/11\\\/logolequotidien.jpg\",\"width\":290,\"height\":65,\"caption\":\"Le Quotidien de Nouakchott\"},\"image\":{\"@id\":\"https:\\\/\\\/lequotidien.mr\\\/#\\\/schema\\\/logo\\\/image\\\/\"},\"sameAs\":[\"https:\\\/\\\/web.facebook.com\\\/lequotidienmr\",\"https:\\\/\\\/x.com\\\/lequotidienmr\"]},{\"@type\":\"Person\",\"@id\":\"https:\\\/\\\/lequotidien.mr\\\/#\\\/schema\\\/person\\\/d2d350202a4d599685ed8abc25f97596\",\"name\":\"Med Ahmed\",\"image\":{\"@type\":\"ImageObject\",\"inLanguage\":\"ar\",\"@id\":\"https:\\\/\\\/secure.gravatar.com\\\/avatar\\\/fd2acc62ed50732923d1d39c17172c9b04149f142be92310ecc69e1358f94b52?s=96&d=mm&r=g\",\"url\":\"https:\\\/\\\/secure.gravatar.com\\\/avatar\\\/fd2acc62ed50732923d1d39c17172c9b04149f142be92310ecc69e1358f94b52?s=96&d=mm&r=g\",\"contentUrl\":\"https:\\\/\\\/secure.gravatar.com\\\/avatar\\\/fd2acc62ed50732923d1d39c17172c9b04149f142be92310ecc69e1358f94b52?s=96&d=mm&r=g\",\"caption\":\"Med Ahmed\"},\"url\":\"https:\\\/\\\/lequotidien.mr\\\/?author=12\"}]}<\/script>\n<!-- \/ Yoast SEO plugin. -->","yoast_head_json":{"title":"Agenda du Premier Ministre Moctar Djay : Entre r\u00e9unions strat\u00e9giques et relations internationales - Le Quotidien de Nouakchott","robots":{"index":"index","follow":"follow","max-snippet":"max-snippet:-1","max-image-preview":"max-image-preview:large","max-video-preview":"max-video-preview:-1"},"canonical":"https:\/\/lequotidien.mr\/?p=25012&lang=fr","og_locale":"ar_AR","og_type":"article","og_title":"Agenda du Premier Ministre Moctar Djay : Entre r\u00e9unions strat\u00e9giques et relations internationales - Le Quotidien de Nouakchott","og_description":"Toujours marqu\u00e9 par une intense activit\u00e9, l\u2019agenda du Premier ministre, M. Moctar Djay, a \u00e9t\u00e9 rythm\u00e9 ces derniers jours par plusieurs rencontres de haut niveau et des r\u00e9unions strat\u00e9giques consacr\u00e9es aux dossiers nationaux et aux relations internationales. Dans ce cadre, le Premier ministre a re\u00e7u en audience, mardi dernier, une d\u00e9l\u00e9gation parlementaire tch\u00e8que conduite par.....","og_url":"https:\/\/lequotidien.mr\/?p=25012&lang=fr","og_site_name":"Le Quotidien de Nouakchott","article_publisher":"https:\/\/web.facebook.com\/lequotidienmr","article_published_time":"2025-01-31T10:22:40+00:00","og_image":[{"width":750,"height":430,"url":"https:\/\/lequotidien.mr\/wp-content\/uploads\/2025\/01\/photo-PM-OPEP.jpg","type":"image\/jpeg"}],"author":"Med Ahmed","twitter_card":"summary_large_image","twitter_creator":"@lequotidienmr","twitter_site":"@lequotidienmr","twitter_misc":{"\u0643\u064f\u062a\u0628 \u0628\u0648\u0627\u0633\u0637\u0629":"Med Ahmed","\u0648\u0642\u062a \u0627\u0644\u0642\u0631\u0627\u0621\u0629 \u0627\u0644\u0645\u064f\u0642\u062f\u0651\u0631":"3 \u062f\u0642\u0627\u0626\u0642"},"schema":{"@context":"https:\/\/schema.org","@graph":[{"@type":"Article","@id":"https:\/\/lequotidien.mr\/?p=25012&lang=fr#article","isPartOf":{"@id":"https:\/\/lequotidien.mr\/?p=25012&lang=fr"},"author":{"name":"Med Ahmed","@id":"https:\/\/lequotidien.mr\/#\/schema\/person\/d2d350202a4d599685ed8abc25f97596"},"headline":"Agenda du Premier Ministre Moctar Djay : Entre r\u00e9unions strat\u00e9giques et relations internationales","datePublished":"2025-01-31T10:22:40+00:00","mainEntityOfPage":{"@id":"https:\/\/lequotidien.mr\/?p=25012&lang=fr"},"wordCount":535,"commentCount":0,"publisher":{"@id":"https:\/\/lequotidien.mr\/#organization"},"image":{"@id":"https:\/\/lequotidien.mr\/?p=25012&lang=fr#primaryimage"},"thumbnailUrl":"https:\/\/lequotidien.mr\/wp-content\/uploads\/2025\/01\/photo-PM-OPEP.jpg","articleSection":["ACTUALIT\u00c9","Economie"],"inLanguage":"ar","potentialAction":[{"@type":"CommentAction","name":"Comment","target":["https:\/\/lequotidien.mr\/?p=25012&lang=fr#respond"]}]},{"@type":"WebPage","@id":"https:\/\/lequotidien.mr\/?p=25012&lang=fr","url":"https:\/\/lequotidien.mr\/?p=25012&lang=fr","name":"Agenda du Premier Ministre Moctar Djay : Entre r\u00e9unions strat\u00e9giques et relations internationales - Le Quotidien de Nouakchott","isPartOf":{"@id":"https:\/\/lequotidien.mr\/#website"},"primaryImageOfPage":{"@id":"https:\/\/lequotidien.mr\/?p=25012&lang=fr#primaryimage"},"image":{"@id":"https:\/\/lequotidien.mr\/?p=25012&lang=fr#primaryimage"},"thumbnailUrl":"https:\/\/lequotidien.mr\/wp-content\/uploads\/2025\/01\/photo-PM-OPEP.jpg","datePublished":"2025-01-31T10:22:40+00:00","breadcrumb":{"@id":"https:\/\/lequotidien.mr\/?p=25012&lang=fr#breadcrumb"},"inLanguage":"ar","potentialAction":[{"@type":"ReadAction","target":["https:\/\/lequotidien.mr\/?p=25012&lang=fr"]}]},{"@type":"ImageObject","inLanguage":"ar","@id":"https:\/\/lequotidien.mr\/?p=25012&lang=fr#primaryimage","url":"https:\/\/lequotidien.mr\/wp-content\/uploads\/2025\/01\/photo-PM-OPEP.jpg","contentUrl":"https:\/\/lequotidien.mr\/wp-content\/uploads\/2025\/01\/photo-PM-OPEP.jpg","width":750,"height":430},{"@type":"BreadcrumbList","@id":"https:\/\/lequotidien.mr\/?p=25012&lang=fr#breadcrumb","itemListElement":[{"@type":"ListItem","position":1,"name":"Home","item":"https:\/\/lequotidien.mr\/"},{"@type":"ListItem","position":2,"name":"Agenda du Premier Ministre Moctar Djay : Entre r\u00e9unions strat\u00e9giques et relations internationales"}]},{"@type":"WebSite","@id":"https:\/\/lequotidien.mr\/#website","url":"https:\/\/lequotidien.mr\/","name":"Le Quotidien de Nouakchott","description":"\u0625\u062e\u0628\u0627\u0631\u064a\u0629 \u0645\u0633\u062a\u0642\u0644\u0629 \u0644\u0644\u0623\u0646\u0628\u0627\u0621 \u0627\u0644\u0639\u0627\u0645\u0629","publisher":{"@id":"https:\/\/lequotidien.mr\/#organization"},"potentialAction":[{"@type":"SearchAction","target":{"@type":"EntryPoint","urlTemplate":"https:\/\/lequotidien.mr\/?s={search_term_string}"},"query-input":{"@type":"PropertyValueSpecification","valueRequired":true,"valueName":"search_term_string"}}],"inLanguage":"ar"},{"@type":"Organization","@id":"https:\/\/lequotidien.mr\/#organization","name":"Le Quotidien de Nouakchott","url":"https:\/\/lequotidien.mr\/","logo":{"@type":"ImageObject","inLanguage":"ar","@id":"https:\/\/lequotidien.mr\/#\/schema\/logo\/image\/","url":"https:\/\/lequotidien.mr\/wp-content\/uploads\/2022\/11\/logolequotidien.jpg","contentUrl":"https:\/\/lequotidien.mr\/wp-content\/uploads\/2022\/11\/logolequotidien.jpg","width":290,"height":65,"caption":"Le Quotidien de Nouakchott"},"image":{"@id":"https:\/\/lequotidien.mr\/#\/schema\/logo\/image\/"},"sameAs":["https:\/\/web.facebook.com\/lequotidienmr","https:\/\/x.com\/lequotidienmr"]},{"@type":"Person","@id":"https:\/\/lequotidien.mr\/#\/schema\/person\/d2d350202a4d599685ed8abc25f97596","name":"Med Ahmed","image":{"@type":"ImageObject","inLanguage":"ar","@id":"https:\/\/secure.gravatar.com\/avatar\/fd2acc62ed50732923d1d39c17172c9b04149f142be92310ecc69e1358f94b52?s=96&d=mm&r=g","url":"https:\/\/secure.gravatar.com\/avatar\/fd2acc62ed50732923d1d39c17172c9b04149f142be92310ecc69e1358f94b52?s=96&d=mm&r=g","contentUrl":"https:\/\/secure.gravatar.com\/avatar\/fd2acc62ed50732923d1d39c17172c9b04149f142be92310ecc69e1358f94b52?s=96&d=mm&r=g","caption":"Med Ahmed"},"url":"https:\/\/lequotidien.mr\/?author=12"}]}},"_links":{"self":[{"href":"https:\/\/lequotidien.mr\/index.php?rest_route=\/wp\/v2\/posts\/25012","targetHints":{"allow":["GET"]}}],"collection":[{"href":"https:\/\/lequotidien.mr\/index.php?rest_route=\/wp\/v2\/posts"}],"about":[{"href":"https:\/\/lequotidien.mr\/index.php?rest_route=\/wp\/v2\/types\/post"}],"author":[{"embeddable":true,"href":"https:\/\/lequotidien.mr\/index.php?rest_route=\/wp\/v2\/users\/12"}],"replies":[{"embeddable":true,"href":"https:\/\/lequotidien.mr\/index.php?rest_route=%2Fwp%2Fv2%2Fcomments&post=25012"}],"version-history":[{"count":1,"href":"https:\/\/lequotidien.mr\/index.php?rest_route=\/wp\/v2\/posts\/25012\/revisions"}],"predecessor-version":[{"id":25014,"href":"https:\/\/lequotidien.mr\/index.php?rest_route=\/wp\/v2\/posts\/25012\/revisions\/25014"}],"wp:featuredmedia":[{"embeddable":true,"href":"https:\/\/lequotidien.mr\/index.php?rest_route=\/wp\/v2\/media\/25013"}],"wp:attachment":[{"href":"https:\/\/lequotidien.mr\/index.php?rest_route=%2Fwp%2Fv2%2Fmedia&parent=25012"}],"wp:term":[{"taxonomy":"category","embeddable":true,"href":"https:\/\/lequotidien.mr\/index.php?rest_route=%2Fwp%2Fv2%2Fcategories&post=25012"},{"taxonomy":"post_tag","embeddable":true,"href":"https:\/\/lequotidien.mr\/index.php?rest_route=%2Fwp%2Fv2%2Ftags&post=25012"}],"curies":[{"name":"wp","href":"https:\/\/api.w.org\/{rel}","templated":true}]}}