{"id":24986,"date":"2025-01-30T10:52:48","date_gmt":"2025-01-30T10:52:48","guid":{"rendered":"https:\/\/lequotidien.mr\/?p=24986"},"modified":"2025-01-30T10:52:48","modified_gmt":"2025-01-30T10:52:48","slug":"la-mauritanie-et-la-bad-signent-un-accord-de-financement-de-24-millions-de-dollars-pour-le-projet-awkar","status":"publish","type":"post","link":"https:\/\/lequotidien.mr\/?p=24986&lang=fr","title":{"rendered":"La Mauritanie et la BAD signent un accord de financement de 24 millions de dollars pour le projet Awkar"},"content":{"rendered":"<p>En marge du Sommet africain de l\u2019\u00e9nergie \u00e0 Dar es Salam (R\u00e9publique-Unie de Tanzanie), la Mauritanie et la Banque africaine de d\u00e9veloppement (BAD) ont conclu un accord de financement de 24 millions de dollars, destin\u00e9 au projet Awkar pour le d\u00e9veloppement int\u00e9gral et le d\u00e9veloppement des fili\u00e8res animales. La c\u00e9r\u00e9monie de signature s\u2019est d\u00e9roul\u00e9e sous la supervision du Pr\u00e9sident de la R\u00e9publique, Pr\u00e9sident en exercice de l\u2019Union africaine, Monsieur Mohamed Cheikh El Ghazouani, en pr\u00e9sence du Pr\u00e9sident du Groupe de la BAD, M. Akinwumi Adesina.<\/p>\n<p>L\u2019accord a \u00e9t\u00e9 paraph\u00e9 par le ministre de l\u2019\u00c9conomie et des Finances, M. Sid\u2019Ahmed Bouh, et le directeur g\u00e9n\u00e9ral de la BAD, M. Mohamed El Azizi. Ce financement vise \u00e0 renforcer les infrastructures pastorales, sociales et \u00e9ducatives de base, tout en valorisant les ressources pastorales pour assurer la s\u00e9curit\u00e9 alimentaire du pays.<\/p>\n<p>Le projet Awkar comprend plusieurs volets strat\u00e9giques, notamment :<\/p>\n<p><strong>La mise en place d\u2019infrastructures de production<\/strong>, avec la cr\u00e9ation d\u2019un p\u00f4le d\u2019\u00e9levage de 20 000 hectares, deux fermes collectives de 5 000 hectares chacune, sept stations pastorales, ainsi que deux march\u00e9s au b\u00e9tail ;<\/p>\n<p><strong>Le d\u00e9veloppement des cha\u00eenes de valeur<\/strong>, \u00e0 travers la promotion de l\u2019entrepreneuriat des femmes et des jeunes, l\u2019am\u00e9lioration de la productivit\u00e9 de l\u2019\u00e9levage, ainsi que la diffusion de technologies et d\u2019innovations adapt\u00e9es aux d\u00e9fis climatiques\u00a0;<\/p>\n<p><strong>La pr\u00e9servation et la r\u00e9habilitation des p\u00e2turages naturels<\/strong>, en restaurant pr\u00e8s de 10 000 hectares de p\u00e2turages d\u00e9grad\u00e9s, en stabilisant les dunes de sable et en luttant contre les feux de brousse\u00a0;<\/p>\n<p><strong>L\u2019appui \u00e0 l\u2019industrialisation et \u00e0 l\u2019entrepreneuriat<\/strong>, en renfor\u00e7ant les capacit\u00e9s des femmes et des jeunes, en soutenant la production et la commercialisation des produits d\u2019\u00e9levage (viande, lait, produits laitiers), et en mettant en place des centres de formation professionnelle sp\u00e9cialis\u00e9s dans les cha\u00eenes de valeur animales.<\/p>\n<p>Ce projet structurant constitue un pas important vers le d\u00e9veloppement durable du secteur de l\u2019\u00e9levage en Mauritanie, contribuant \u00e0 la r\u00e9silience des communaut\u00e9s rurales et \u00e0 la dynamisation de l\u2019\u00e9conomie nationale.<\/p>\n","protected":false},"excerpt":{"rendered":"<p>En marge du Sommet africain de l\u2019\u00e9nergie \u00e0 Dar es Salam (R\u00e9publique-Unie de Tanzanie), la Mauritanie et la Banque africaine de d\u00e9veloppement (BAD) ont conclu un accord de financement de 24 millions de dollars, destin\u00e9 au projet Awkar pour le d\u00e9veloppement int\u00e9gral et le d\u00e9veloppement des fili\u00e8res animales. La c\u00e9r\u00e9monie de signature s\u2019est d\u00e9roul\u00e9e sous&#8230;..<\/p>\n","protected":false},"author":12,"featured_media":24987,"comment_status":"open","ping_status":"open","sticky":false,"template":"","format":"standard","meta":{"footnotes":""},"categories":[23,49],"tags":[],"class_list":["post-24986","post","type-post","status-publish","format-standard","has-post-thumbnail","hentry","category-actualite","category-economie"],"yoast_head":"<!-- This site is optimized with the Yoast SEO plugin v27.5 - https:\/\/yoast.com\/product\/yoast-seo-wordpress\/ -->\n<title>La Mauritanie et la BAD signent un accord de financement de 24 millions de dollars pour le projet Awkar - Le Quotidien de Nouakchott<\/title>\n<meta name=\"robots\" content=\"index, follow, max-snippet:-1, max-image-preview:large, max-video-preview:-1\" \/>\n<link rel=\"canonical\" href=\"https:\/\/lequotidien.mr\/?p=24986&lang=fr\" \/>\n<meta property=\"og:locale\" content=\"ar_AR\" \/>\n<meta property=\"og:type\" content=\"article\" \/>\n<meta property=\"og:title\" content=\"La Mauritanie et la BAD signent un accord de financement de 24 millions de dollars pour le projet Awkar - Le Quotidien de Nouakchott\" \/>\n<meta property=\"og:description\" content=\"En marge du Sommet africain de l\u2019\u00e9nergie \u00e0 Dar es Salam (R\u00e9publique-Unie de Tanzanie), la Mauritanie et la Banque africaine de d\u00e9veloppement (BAD) ont conclu un accord de financement de 24 millions de dollars, destin\u00e9 au projet Awkar pour le d\u00e9veloppement int\u00e9gral et le d\u00e9veloppement des fili\u00e8res animales. La c\u00e9r\u00e9monie de signature s\u2019est d\u00e9roul\u00e9e sous.....\" \/>\n<meta property=\"og:url\" content=\"https:\/\/lequotidien.mr\/?p=24986&amp;lang=fr\" \/>\n<meta property=\"og:site_name\" content=\"Le Quotidien de Nouakchott\" \/>\n<meta property=\"article:publisher\" content=\"https:\/\/web.facebook.com\/lequotidienmr\" \/>\n<meta property=\"article:published_time\" content=\"2025-01-30T10:52:48+00:00\" \/>\n<meta property=\"og:image\" content=\"https:\/\/lequotidien.mr\/wp-content\/uploads\/2025\/01\/photo-Accord-BAD.jpg\" \/>\n\t<meta property=\"og:image:width\" content=\"750\" \/>\n\t<meta property=\"og:image:height\" content=\"430\" \/>\n\t<meta property=\"og:image:type\" content=\"image\/jpeg\" \/>\n<meta name=\"author\" content=\"Med Ahmed\" \/>\n<meta name=\"twitter:card\" content=\"summary_large_image\" \/>\n<meta name=\"twitter:creator\" content=\"@lequotidienmr\" \/>\n<meta name=\"twitter:site\" content=\"@lequotidienmr\" \/>\n<meta name=\"twitter:label1\" content=\"\u0643\u064f\u062a\u0628 \u0628\u0648\u0627\u0633\u0637\u0629\" \/>\n\t<meta name=\"twitter:data1\" content=\"Med Ahmed\" \/>\n\t<meta name=\"twitter:label2\" content=\"\u0648\u0642\u062a \u0627\u0644\u0642\u0631\u0627\u0621\u0629 \u0627\u0644\u0645\u064f\u0642\u062f\u0651\u0631\" \/>\n\t<meta name=\"twitter:data2\" content=\"\u062f\u0642\u064a\u0642\u062a\u0627\u0646\" \/>\n<script type=\"application\/ld+json\" class=\"yoast-schema-graph\">{\"@context\":\"https:\\\/\\\/schema.org\",\"@graph\":[{\"@type\":\"Article\",\"@id\":\"https:\\\/\\\/lequotidien.mr\\\/?p=24986&lang=fr#article\",\"isPartOf\":{\"@id\":\"https:\\\/\\\/lequotidien.mr\\\/?p=24986&lang=fr\"},\"author\":{\"name\":\"Med Ahmed\",\"@id\":\"https:\\\/\\\/lequotidien.mr\\\/#\\\/schema\\\/person\\\/d2d350202a4d599685ed8abc25f97596\"},\"headline\":\"La Mauritanie et la BAD signent un accord de financement de 24 millions de dollars pour le projet Awkar\",\"datePublished\":\"2025-01-30T10:52:48+00:00\",\"mainEntityOfPage\":{\"@id\":\"https:\\\/\\\/lequotidien.mr\\\/?p=24986&lang=fr\"},\"wordCount\":389,\"commentCount\":0,\"publisher\":{\"@id\":\"https:\\\/\\\/lequotidien.mr\\\/#organization\"},\"image\":{\"@id\":\"https:\\\/\\\/lequotidien.mr\\\/?p=24986&lang=fr#primaryimage\"},\"thumbnailUrl\":\"https:\\\/\\\/lequotidien.mr\\\/wp-content\\\/uploads\\\/2025\\\/01\\\/photo-Accord-BAD.jpg\",\"articleSection\":[\"ACTUALIT\u00c9\",\"Economie\"],\"inLanguage\":\"ar\",\"potentialAction\":[{\"@type\":\"CommentAction\",\"name\":\"Comment\",\"target\":[\"https:\\\/\\\/lequotidien.mr\\\/?p=24986&lang=fr#respond\"]}]},{\"@type\":\"WebPage\",\"@id\":\"https:\\\/\\\/lequotidien.mr\\\/?p=24986&lang=fr\",\"url\":\"https:\\\/\\\/lequotidien.mr\\\/?p=24986&lang=fr\",\"name\":\"La Mauritanie et la BAD signent un accord de financement de 24 millions de dollars pour le projet Awkar - Le Quotidien de Nouakchott\",\"isPartOf\":{\"@id\":\"https:\\\/\\\/lequotidien.mr\\\/#website\"},\"primaryImageOfPage\":{\"@id\":\"https:\\\/\\\/lequotidien.mr\\\/?p=24986&lang=fr#primaryimage\"},\"image\":{\"@id\":\"https:\\\/\\\/lequotidien.mr\\\/?p=24986&lang=fr#primaryimage\"},\"thumbnailUrl\":\"https:\\\/\\\/lequotidien.mr\\\/wp-content\\\/uploads\\\/2025\\\/01\\\/photo-Accord-BAD.jpg\",\"datePublished\":\"2025-01-30T10:52:48+00:00\",\"breadcrumb\":{\"@id\":\"https:\\\/\\\/lequotidien.mr\\\/?p=24986&lang=fr#breadcrumb\"},\"inLanguage\":\"ar\",\"potentialAction\":[{\"@type\":\"ReadAction\",\"target\":[\"https:\\\/\\\/lequotidien.mr\\\/?p=24986&lang=fr\"]}]},{\"@type\":\"ImageObject\",\"inLanguage\":\"ar\",\"@id\":\"https:\\\/\\\/lequotidien.mr\\\/?p=24986&lang=fr#primaryimage\",\"url\":\"https:\\\/\\\/lequotidien.mr\\\/wp-content\\\/uploads\\\/2025\\\/01\\\/photo-Accord-BAD.jpg\",\"contentUrl\":\"https:\\\/\\\/lequotidien.mr\\\/wp-content\\\/uploads\\\/2025\\\/01\\\/photo-Accord-BAD.jpg\",\"width\":750,\"height\":430},{\"@type\":\"BreadcrumbList\",\"@id\":\"https:\\\/\\\/lequotidien.mr\\\/?p=24986&lang=fr#breadcrumb\",\"itemListElement\":[{\"@type\":\"ListItem\",\"position\":1,\"name\":\"Home\",\"item\":\"https:\\\/\\\/lequotidien.mr\\\/\"},{\"@type\":\"ListItem\",\"position\":2,\"name\":\"La Mauritanie et la BAD signent un accord de financement de 24 millions de dollars pour le projet Awkar\"}]},{\"@type\":\"WebSite\",\"@id\":\"https:\\\/\\\/lequotidien.mr\\\/#website\",\"url\":\"https:\\\/\\\/lequotidien.mr\\\/\",\"name\":\"Le Quotidien de Nouakchott\",\"description\":\"\u0625\u062e\u0628\u0627\u0631\u064a\u0629 \u0645\u0633\u062a\u0642\u0644\u0629 \u0644\u0644\u0623\u0646\u0628\u0627\u0621 \u0627\u0644\u0639\u0627\u0645\u0629\",\"publisher\":{\"@id\":\"https:\\\/\\\/lequotidien.mr\\\/#organization\"},\"potentialAction\":[{\"@type\":\"SearchAction\",\"target\":{\"@type\":\"EntryPoint\",\"urlTemplate\":\"https:\\\/\\\/lequotidien.mr\\\/?s={search_term_string}\"},\"query-input\":{\"@type\":\"PropertyValueSpecification\",\"valueRequired\":true,\"valueName\":\"search_term_string\"}}],\"inLanguage\":\"ar\"},{\"@type\":\"Organization\",\"@id\":\"https:\\\/\\\/lequotidien.mr\\\/#organization\",\"name\":\"Le Quotidien de Nouakchott\",\"url\":\"https:\\\/\\\/lequotidien.mr\\\/\",\"logo\":{\"@type\":\"ImageObject\",\"inLanguage\":\"ar\",\"@id\":\"https:\\\/\\\/lequotidien.mr\\\/#\\\/schema\\\/logo\\\/image\\\/\",\"url\":\"https:\\\/\\\/lequotidien.mr\\\/wp-content\\\/uploads\\\/2022\\\/11\\\/logolequotidien.jpg\",\"contentUrl\":\"https:\\\/\\\/lequotidien.mr\\\/wp-content\\\/uploads\\\/2022\\\/11\\\/logolequotidien.jpg\",\"width\":290,\"height\":65,\"caption\":\"Le Quotidien de Nouakchott\"},\"image\":{\"@id\":\"https:\\\/\\\/lequotidien.mr\\\/#\\\/schema\\\/logo\\\/image\\\/\"},\"sameAs\":[\"https:\\\/\\\/web.facebook.com\\\/lequotidienmr\",\"https:\\\/\\\/x.com\\\/lequotidienmr\"]},{\"@type\":\"Person\",\"@id\":\"https:\\\/\\\/lequotidien.mr\\\/#\\\/schema\\\/person\\\/d2d350202a4d599685ed8abc25f97596\",\"name\":\"Med Ahmed\",\"image\":{\"@type\":\"ImageObject\",\"inLanguage\":\"ar\",\"@id\":\"https:\\\/\\\/secure.gravatar.com\\\/avatar\\\/fd2acc62ed50732923d1d39c17172c9b04149f142be92310ecc69e1358f94b52?s=96&d=mm&r=g\",\"url\":\"https:\\\/\\\/secure.gravatar.com\\\/avatar\\\/fd2acc62ed50732923d1d39c17172c9b04149f142be92310ecc69e1358f94b52?s=96&d=mm&r=g\",\"contentUrl\":\"https:\\\/\\\/secure.gravatar.com\\\/avatar\\\/fd2acc62ed50732923d1d39c17172c9b04149f142be92310ecc69e1358f94b52?s=96&d=mm&r=g\",\"caption\":\"Med Ahmed\"},\"url\":\"https:\\\/\\\/lequotidien.mr\\\/?author=12\"}]}<\/script>\n<!-- \/ Yoast SEO plugin. -->","yoast_head_json":{"title":"La Mauritanie et la BAD signent un accord de financement de 24 millions de dollars pour le projet Awkar - Le Quotidien de Nouakchott","robots":{"index":"index","follow":"follow","max-snippet":"max-snippet:-1","max-image-preview":"max-image-preview:large","max-video-preview":"max-video-preview:-1"},"canonical":"https:\/\/lequotidien.mr\/?p=24986&lang=fr","og_locale":"ar_AR","og_type":"article","og_title":"La Mauritanie et la BAD signent un accord de financement de 24 millions de dollars pour le projet Awkar - Le Quotidien de Nouakchott","og_description":"En marge du Sommet africain de l\u2019\u00e9nergie \u00e0 Dar es Salam (R\u00e9publique-Unie de Tanzanie), la Mauritanie et la Banque africaine de d\u00e9veloppement (BAD) ont conclu un accord de financement de 24 millions de dollars, destin\u00e9 au projet Awkar pour le d\u00e9veloppement int\u00e9gral et le d\u00e9veloppement des fili\u00e8res animales. La c\u00e9r\u00e9monie de signature s\u2019est d\u00e9roul\u00e9e sous.....","og_url":"https:\/\/lequotidien.mr\/?p=24986&lang=fr","og_site_name":"Le Quotidien de Nouakchott","article_publisher":"https:\/\/web.facebook.com\/lequotidienmr","article_published_time":"2025-01-30T10:52:48+00:00","og_image":[{"width":750,"height":430,"url":"https:\/\/lequotidien.mr\/wp-content\/uploads\/2025\/01\/photo-Accord-BAD.jpg","type":"image\/jpeg"}],"author":"Med Ahmed","twitter_card":"summary_large_image","twitter_creator":"@lequotidienmr","twitter_site":"@lequotidienmr","twitter_misc":{"\u0643\u064f\u062a\u0628 \u0628\u0648\u0627\u0633\u0637\u0629":"Med Ahmed","\u0648\u0642\u062a \u0627\u0644\u0642\u0631\u0627\u0621\u0629 \u0627\u0644\u0645\u064f\u0642\u062f\u0651\u0631":"\u062f\u0642\u064a\u0642\u062a\u0627\u0646"},"schema":{"@context":"https:\/\/schema.org","@graph":[{"@type":"Article","@id":"https:\/\/lequotidien.mr\/?p=24986&lang=fr#article","isPartOf":{"@id":"https:\/\/lequotidien.mr\/?p=24986&lang=fr"},"author":{"name":"Med Ahmed","@id":"https:\/\/lequotidien.mr\/#\/schema\/person\/d2d350202a4d599685ed8abc25f97596"},"headline":"La Mauritanie et la BAD signent un accord de financement de 24 millions de dollars pour le projet Awkar","datePublished":"2025-01-30T10:52:48+00:00","mainEntityOfPage":{"@id":"https:\/\/lequotidien.mr\/?p=24986&lang=fr"},"wordCount":389,"commentCount":0,"publisher":{"@id":"https:\/\/lequotidien.mr\/#organization"},"image":{"@id":"https:\/\/lequotidien.mr\/?p=24986&lang=fr#primaryimage"},"thumbnailUrl":"https:\/\/lequotidien.mr\/wp-content\/uploads\/2025\/01\/photo-Accord-BAD.jpg","articleSection":["ACTUALIT\u00c9","Economie"],"inLanguage":"ar","potentialAction":[{"@type":"CommentAction","name":"Comment","target":["https:\/\/lequotidien.mr\/?p=24986&lang=fr#respond"]}]},{"@type":"WebPage","@id":"https:\/\/lequotidien.mr\/?p=24986&lang=fr","url":"https:\/\/lequotidien.mr\/?p=24986&lang=fr","name":"La Mauritanie et la BAD signent un accord de financement de 24 millions de dollars pour le projet Awkar - Le Quotidien de Nouakchott","isPartOf":{"@id":"https:\/\/lequotidien.mr\/#website"},"primaryImageOfPage":{"@id":"https:\/\/lequotidien.mr\/?p=24986&lang=fr#primaryimage"},"image":{"@id":"https:\/\/lequotidien.mr\/?p=24986&lang=fr#primaryimage"},"thumbnailUrl":"https:\/\/lequotidien.mr\/wp-content\/uploads\/2025\/01\/photo-Accord-BAD.jpg","datePublished":"2025-01-30T10:52:48+00:00","breadcrumb":{"@id":"https:\/\/lequotidien.mr\/?p=24986&lang=fr#breadcrumb"},"inLanguage":"ar","potentialAction":[{"@type":"ReadAction","target":["https:\/\/lequotidien.mr\/?p=24986&lang=fr"]}]},{"@type":"ImageObject","inLanguage":"ar","@id":"https:\/\/lequotidien.mr\/?p=24986&lang=fr#primaryimage","url":"https:\/\/lequotidien.mr\/wp-content\/uploads\/2025\/01\/photo-Accord-BAD.jpg","contentUrl":"https:\/\/lequotidien.mr\/wp-content\/uploads\/2025\/01\/photo-Accord-BAD.jpg","width":750,"height":430},{"@type":"BreadcrumbList","@id":"https:\/\/lequotidien.mr\/?p=24986&lang=fr#breadcrumb","itemListElement":[{"@type":"ListItem","position":1,"name":"Home","item":"https:\/\/lequotidien.mr\/"},{"@type":"ListItem","position":2,"name":"La Mauritanie et la BAD signent un accord de financement de 24 millions de dollars pour le projet Awkar"}]},{"@type":"WebSite","@id":"https:\/\/lequotidien.mr\/#website","url":"https:\/\/lequotidien.mr\/","name":"Le Quotidien de Nouakchott","description":"\u0625\u062e\u0628\u0627\u0631\u064a\u0629 \u0645\u0633\u062a\u0642\u0644\u0629 \u0644\u0644\u0623\u0646\u0628\u0627\u0621 \u0627\u0644\u0639\u0627\u0645\u0629","publisher":{"@id":"https:\/\/lequotidien.mr\/#organization"},"potentialAction":[{"@type":"SearchAction","target":{"@type":"EntryPoint","urlTemplate":"https:\/\/lequotidien.mr\/?s={search_term_string}"},"query-input":{"@type":"PropertyValueSpecification","valueRequired":true,"valueName":"search_term_string"}}],"inLanguage":"ar"},{"@type":"Organization","@id":"https:\/\/lequotidien.mr\/#organization","name":"Le Quotidien de Nouakchott","url":"https:\/\/lequotidien.mr\/","logo":{"@type":"ImageObject","inLanguage":"ar","@id":"https:\/\/lequotidien.mr\/#\/schema\/logo\/image\/","url":"https:\/\/lequotidien.mr\/wp-content\/uploads\/2022\/11\/logolequotidien.jpg","contentUrl":"https:\/\/lequotidien.mr\/wp-content\/uploads\/2022\/11\/logolequotidien.jpg","width":290,"height":65,"caption":"Le Quotidien de Nouakchott"},"image":{"@id":"https:\/\/lequotidien.mr\/#\/schema\/logo\/image\/"},"sameAs":["https:\/\/web.facebook.com\/lequotidienmr","https:\/\/x.com\/lequotidienmr"]},{"@type":"Person","@id":"https:\/\/lequotidien.mr\/#\/schema\/person\/d2d350202a4d599685ed8abc25f97596","name":"Med Ahmed","image":{"@type":"ImageObject","inLanguage":"ar","@id":"https:\/\/secure.gravatar.com\/avatar\/fd2acc62ed50732923d1d39c17172c9b04149f142be92310ecc69e1358f94b52?s=96&d=mm&r=g","url":"https:\/\/secure.gravatar.com\/avatar\/fd2acc62ed50732923d1d39c17172c9b04149f142be92310ecc69e1358f94b52?s=96&d=mm&r=g","contentUrl":"https:\/\/secure.gravatar.com\/avatar\/fd2acc62ed50732923d1d39c17172c9b04149f142be92310ecc69e1358f94b52?s=96&d=mm&r=g","caption":"Med Ahmed"},"url":"https:\/\/lequotidien.mr\/?author=12"}]}},"_links":{"self":[{"href":"https:\/\/lequotidien.mr\/index.php?rest_route=\/wp\/v2\/posts\/24986","targetHints":{"allow":["GET"]}}],"collection":[{"href":"https:\/\/lequotidien.mr\/index.php?rest_route=\/wp\/v2\/posts"}],"about":[{"href":"https:\/\/lequotidien.mr\/index.php?rest_route=\/wp\/v2\/types\/post"}],"author":[{"embeddable":true,"href":"https:\/\/lequotidien.mr\/index.php?rest_route=\/wp\/v2\/users\/12"}],"replies":[{"embeddable":true,"href":"https:\/\/lequotidien.mr\/index.php?rest_route=%2Fwp%2Fv2%2Fcomments&post=24986"}],"version-history":[{"count":1,"href":"https:\/\/lequotidien.mr\/index.php?rest_route=\/wp\/v2\/posts\/24986\/revisions"}],"predecessor-version":[{"id":24988,"href":"https:\/\/lequotidien.mr\/index.php?rest_route=\/wp\/v2\/posts\/24986\/revisions\/24988"}],"wp:featuredmedia":[{"embeddable":true,"href":"https:\/\/lequotidien.mr\/index.php?rest_route=\/wp\/v2\/media\/24987"}],"wp:attachment":[{"href":"https:\/\/lequotidien.mr\/index.php?rest_route=%2Fwp%2Fv2%2Fmedia&parent=24986"}],"wp:term":[{"taxonomy":"category","embeddable":true,"href":"https:\/\/lequotidien.mr\/index.php?rest_route=%2Fwp%2Fv2%2Fcategories&post=24986"},{"taxonomy":"post_tag","embeddable":true,"href":"https:\/\/lequotidien.mr\/index.php?rest_route=%2Fwp%2Fv2%2Ftags&post=24986"}],"curies":[{"name":"wp","href":"https:\/\/api.w.org\/{rel}","templated":true}]}}