{"id":24983,"date":"2025-01-30T10:21:29","date_gmt":"2025-01-30T10:21:29","guid":{"rendered":"https:\/\/lequotidien.mr\/?p=24983"},"modified":"2025-01-30T10:21:29","modified_gmt":"2025-01-30T10:21:29","slug":"sommet-africain-sur-lenergie-tanzanie-le-president-mohamed-cheikh-el-ghazouani-appelle-a-surmonter-lenorme-gap-energetique-pour-un-developpement-durable-du-continent","status":"publish","type":"post","link":"https:\/\/lequotidien.mr\/?p=24983&lang=fr","title":{"rendered":"Sommet africain sur l\u2019\u00e9nergie\/Tanzanie : Le Pr\u00e9sident Mohamed Cheikh El Ghazouani appelle \u00e0 surmonter \u00ab l\u2019\u00e9norme gap \u00e9nerg\u00e9tique pour un d\u00e9veloppement durable du continent \u00bb"},"content":{"rendered":"<p>Le Pr\u00e9sident de la R\u00e9publique et Pr\u00e9sident en exercice de l&#8217;Union Africaine, Monsieur Mohamed Cheikh El Ghazouani, a r\u00e9affirm\u00e9, lors de son intervention \u00e0 l&#8217;ouverture du Sommet africain sur l&#8217;\u00e9nergie, mardi dernier \u00e0 Dar es Salaam (R\u00e9publique-Unie de Tanzanie), l&#8217;engagement de l&#8217;Union Africaine \u00e0 mobiliser tous les efforts n\u00e9cessaires pour relever les d\u00e9fis \u00e9nerg\u00e9tiques du continent.<\/p>\n<p>Dans son discours, il a mis en avant l&#8217;importance de l&#8217;initiative \u00ab Mission 300 \u00bb, lanc\u00e9e par la Banque mondiale et la Banque africaine de d\u00e9veloppement. Ce programme ambitieux vise \u00e0 assurer l&#8217;acc\u00e8s \u00e0 l&#8217;\u00e9lectricit\u00e9 \u00e0 300 millions d&#8217;Africains, r\u00e9pondant ainsi \u00e0 une demande \u00e9nerg\u00e9tique croissante. Selon lui, cette initiative constitue un levier essentiel pour acc\u00e9l\u00e9rer l&#8217;\u00e9lectrification en Afrique subsaharienne, stimuler la croissance \u00e9conomique et g\u00e9n\u00e9rer de nombreuses opportunit\u00e9s d&#8217;emplois.<\/p>\n<p>Le Pr\u00e9sident Mohamed Cheikh El Ghazouani a soulign\u00e9 que le d\u00e9veloppement industriel, la croissance \u00e9conomique, la lutte contre la pauvret\u00e9 et la faim ainsi que la pr\u00e9servation de l&#8217;environnement restent inaccessibles tant que l&#8217;Afrique ne parviendra pas \u00e0 combler son d\u00e9ficit \u00e9nerg\u00e9tique. Il a appel\u00e9 \u00e0 une coop\u00e9ration renforc\u00e9e entre les \u00c9tats africains, les institutions financi\u00e8res internationales et les partenaires techniques afin d&#8217;investir dans des solutions \u00e9nerg\u00e9tiques durables et inclusives.<\/p>\n<p>Voici le texte int\u00e9gral du Pr\u00e9sident de la R\u00e9publique, Pr\u00e9sident en exercice de l\u2019Union africaine :<\/p>\n<p><em><strong>\u00abExcellence Mme Samia Suluhu, Pr\u00e9sidente de la R\u00e9publique Unie de Tanzanie.<\/strong><\/em><\/p>\n<p><em><strong>Leurs Excellences les chefs d\u2019\u00c9tat et de gouvernement.<\/strong><\/em><\/p>\n<p><em><strong>Mesdames et Messieurs les ministres.<\/strong><\/em><\/p>\n<p><em><strong>Monsieur le Pr\u00e9sident du Groupe de la Banque mondiale.<\/strong><\/em><\/p>\n<p><em><strong>Monsieur le pr\u00e9sident du Groupe de la Banque africaine de d\u00e9veloppement.<\/strong><\/em><\/p>\n<p><em><strong>Messieurs les repr\u00e9sentants des partenaires techniques et financiers.<\/strong><\/em><\/p>\n<p><em><strong>Messieurs les repr\u00e9sentants du secteur priv\u00e9.<\/strong><\/em><\/p>\n<p><em><strong>Mesdames et Messieurs.<\/strong><\/em><\/p>\n<p><em>J\u2019ai le plaisir d\u2019adresser \u00e0 ma s\u0153ur, Son Excellence Mme Samia Suluhu, Pr\u00e9sidente de la R\u00e9publique Unie de Tanzanie, et \u00e0 travers elle, au gouvernement et au peuple fr\u00e8re de Tanzanie, nos sinc\u00e8res remerciements pour l\u2019accueil chaleureux et la grande attention qui nous ont \u00e9t\u00e9 r\u00e9serv\u00e9s, ainsi qu\u2019\u00e0 la d\u00e9l\u00e9gation qui nous accompagne. Je tiens \u00e0 la remercier aussi d\u2019avoir accueilli ce Sommet Africain de l\u2019Energie (Mission 300), organis\u00e9 par l\u2019Union Africaine, la R\u00e9publique Unie de Tanzanie, la Banque Mondiale et la Banque Africaine de D\u00e9veloppement (BAD).<\/em><\/p>\n<p><em>Dans le m\u00eame temps, je voudrais remercier nos partenaires de d\u00e9veloppement, le groupe de la Banque mondiale et le groupe de la Banque africaine de d\u00e9veloppement, d\u2019avoir uni leurs forces dans un partenariat ambitieux visant \u00e0 fournir \u00e0 300 millions de citoyens de l\u2019Afrique subsaharienne un acc\u00e8s \u00e0 une \u00e9lectricit\u00e9 propre, abordable et durable.<\/em><\/p>\n<p><em><strong>Excellences, Mesdames et Messieurs<\/strong><\/em><\/p>\n<p><em>L\u2019\u00e9nergie, en g\u00e9n\u00e9ral, et l\u2019\u00e9lectricit\u00e9, en particulier, est l\u2019un des piliers du d\u00e9veloppement et de l\u2019am\u00e9lioration des conditions de vie des populations. La disponibilit\u00e9 d\u2019une \u00e9lectricit\u00e9 propre, suffisante et abordable a un impact positif sur divers aspects des objectifs de d\u00e9veloppement durable (ODD).<\/em><\/p>\n<p><em>Notre continent ne parviendra pas au d\u00e9veloppement industriel, \u00e0 la croissance \u00e9conomique, \u00e0 la victoire sur la pauvret\u00e9 et la faim et \u00e0 l\u2019\u00e9limination des graves probl\u00e8mes environnementaux si nous ne surmontons pas notre \u00e9norme gap \u00e9nerg\u00e9tique. Aujourd\u2019hui, pr\u00e8s de 600 millions de citoyens africains n\u2019ont pas acc\u00e8s \u00e0 l\u2019\u00e9lectricit\u00e9 et vivent \u00e0 la lueur des bougies et des lampes \u00e0 p\u00e9trole, comme si la r\u00e9volution industrielle n\u2019avait pas encore eu lieu dans ce coin du monde.<\/em><\/p>\n<p><em>L\u2019Union africaine est bien consciente que l\u2019acc\u00e8s \u00e0 l\u2019\u00e9lectricit\u00e9 et la s\u00e9curit\u00e9 \u00e9nerg\u00e9tique globale constituent un pilier essentiel de tous les efforts de d\u00e9veloppement et que ces deux \u00e9l\u00e9ments jouent un r\u00f4le pivot et transformateur dans l\u2019\u00e9radication de la pauvret\u00e9, la promotion de l\u2019industrialisation et du d\u00e9veloppement \u00e9conomique, la cr\u00e9ation d\u2019emplois et l\u2019am\u00e9lioration des services sociaux afin de favoriser des moyens de subsistance d\u00e9cents sur le continent.<\/em><\/p>\n<p><em>L\u2019Union africaine (UA), dans le cadre de l\u2019Agenda 2063, a d\u00e9fini une vision commune pour r\u00e9duire le d\u00e9ficit \u00e9nerg\u00e9tique du continent et promouvoir l\u2019int\u00e9gration r\u00e9gionale en ce domaine vital. Dans ce contexte, elle a lanc\u00e9 plusieurs initiatives pionni\u00e8res telles que le march\u00e9 unique africain de l\u2019\u00e9lectricit\u00e9 (AFSEM), le plan directeur du syst\u00e8me \u00e9lectrique continental (CMP) et le programme de d\u00e9veloppement des infrastructures en Afrique (PIDA), et a continu\u00e9 \u00e0 mobiliser des financements et \u00e0 diversifier les partenariats. Afin de garantir que tous les Africains aient acc\u00e8s \u00e0 une \u00e9nergie propre, s\u00fbre, abordable et s\u00e9curis\u00e9e.<\/em><\/p>\n<p><em>C\u2019est dans le cadre de cet objectif africain commun que la Mission 300 de la Banque mondiale et de la Banque africaine de d\u00e9veloppement, qui vise \u00e0 garantir l\u2019acc\u00e8s \u00e0 l\u2019\u00e9lectricit\u00e9 \u00e0 300 millions de personnes en Afrique subsaharienne, est si vitale.<\/em><\/p>\n<p><em>Ce projet est une opportunit\u00e9 exceptionnelle en termes d\u2019\u00e9chelle et d\u2019approche qui permettra d\u2019acc\u00e9l\u00e9rer, consid\u00e9rablement, le rythme de l\u2019\u00e9lectrification en Afrique subsaharienne, en r\u00e9pondant \u00e0 la demande croissante, en stimulant la croissance \u00e9conomique et en cr\u00e9ant plus d\u2019emplois.<\/em><\/p>\n<p><em>Ce projet n\u00e9cessite d\u2019\u00e9normes investissements publics, priv\u00e9s et philanthropiques, ainsi qu\u2019une \u00e9troite coordination entre les diff\u00e9rentes parties concern\u00e9es.<\/em><\/p>\n<p><em>Avant tout, il requiert un engagement fort et in\u00e9branlable de la part de nos pays africains \u00e0 mettre en \u0153uvre les r\u00e9formes n\u00e9cessaires pour cr\u00e9er un climat d\u2019investissement attractif et stable et \u00e0 prendre les mesures n\u00e9cessaires pour assurer la viabilit\u00e9 financi\u00e8re des compagnies d\u2019\u00e9lectricit\u00e9.<\/em><\/p>\n<p><em>Avant tout, cet engagement ferme doit se traduire par la pr\u00e9paration et la mise en \u0153uvre d\u2019engagements au niveau national qui fixent des objectifs mesurables pour le d\u00e9veloppement et la promotion de l\u2019int\u00e9gration r\u00e9gionale dans la production d\u2019\u00e9lectricit\u00e9, en accordant une attention particuli\u00e8re au dernier kilom\u00e8tre, et la promotion du r\u00f4le de l\u2019investissement priv\u00e9 et de sa participation \u00e0 la cr\u00e9ation de nouvelles solutions \u00e9nerg\u00e9tiques.<\/em><\/p>\n<p><em>Dans ce contexte, je salue la signature par 14 pays africains de leurs engagements nationaux pour la modernisation et le d\u00e9veloppement de l\u2019\u00e9lectricit\u00e9, et j\u2019appelle tous les autres pays \u00e0 acc\u00e9l\u00e9rer le processus de pr\u00e9paration et de signature de leurs engagements nationaux en mati\u00e8re d\u2019\u00e9nergie.<\/em><\/p>\n<p><em>J\u2019appelle \u00e9galement tous nos partenaires, des secteurs public, priv\u00e9 et philanthropique, \u00e0 redoubler d\u2019efforts pour mobiliser les ressources n\u00e9cessaires et contribuer efficacement \u00e0 la mise en \u0153uvre de ce projet vital et ambitieux.<\/em><\/p>\n<p><em>Tout en r\u00e9it\u00e9rant l\u2019engagement de l\u2019Union africaine \u00e0 tout mettre en \u0153uvre pour relever les d\u00e9fis \u00e9nerg\u00e9tiques de l\u2019Afrique, je vous souhaite beaucoup de succ\u00e8s dans votre travail.<\/em><\/p>\n<p><em>Je vous remercie et que la paix soit avec vous. \u00bb<\/em><\/p>\n<p>Ce sommet de haut niveau, sous le th\u00e8me \u201c\u00c9clairer l\u2019Afrique : la force de transition de la Mission 300\u201d, constitue une plateforme strat\u00e9gique pour discuter des d\u00e9fis et opportunit\u00e9s li\u00e9s \u00e0 l&#8217;\u00e9nergie en Afrique, et met en lumi\u00e8re la n\u00e9cessit\u00e9 d&#8217;une transition \u00e9nerg\u00e9tique \u00e9quitable pour un d\u00e9veloppement durable du continent.<\/p>\n","protected":false},"excerpt":{"rendered":"<p>Le Pr\u00e9sident de la R\u00e9publique et Pr\u00e9sident en exercice de l&#8217;Union Africaine, Monsieur Mohamed Cheikh El Ghazouani, a r\u00e9affirm\u00e9, lors de son intervention \u00e0 l&#8217;ouverture du Sommet africain sur l&#8217;\u00e9nergie, mardi dernier \u00e0 Dar es Salaam (R\u00e9publique-Unie de Tanzanie), l&#8217;engagement de l&#8217;Union Africaine \u00e0 mobiliser tous les efforts n\u00e9cessaires pour relever les d\u00e9fis \u00e9nerg\u00e9tiques du&#8230;..<\/p>\n","protected":false},"author":12,"featured_media":24984,"comment_status":"open","ping_status":"open","sticky":false,"template":"","format":"standard","meta":{"footnotes":""},"categories":[23,49],"tags":[],"class_list":["post-24983","post","type-post","status-publish","format-standard","has-post-thumbnail","hentry","category-actualite","category-economie"],"yoast_head":"<!-- This site is optimized with the Yoast SEO plugin v27.5 - https:\/\/yoast.com\/product\/yoast-seo-wordpress\/ -->\n<title>Sommet africain sur l\u2019\u00e9nergie\/Tanzanie : Le Pr\u00e9sident Mohamed Cheikh El Ghazouani appelle \u00e0 surmonter \u00ab l\u2019\u00e9norme gap \u00e9nerg\u00e9tique pour un d\u00e9veloppement durable du continent \u00bb - Le Quotidien de Nouakchott<\/title>\n<meta name=\"robots\" content=\"index, follow, max-snippet:-1, max-image-preview:large, max-video-preview:-1\" \/>\n<link rel=\"canonical\" href=\"https:\/\/lequotidien.mr\/?p=24983&lang=fr\" \/>\n<meta property=\"og:locale\" content=\"ar_AR\" \/>\n<meta property=\"og:type\" content=\"article\" \/>\n<meta property=\"og:title\" content=\"Sommet africain sur l\u2019\u00e9nergie\/Tanzanie : Le Pr\u00e9sident Mohamed Cheikh El Ghazouani appelle \u00e0 surmonter \u00ab l\u2019\u00e9norme gap \u00e9nerg\u00e9tique pour un d\u00e9veloppement durable du continent \u00bb - Le Quotidien de Nouakchott\" \/>\n<meta property=\"og:description\" content=\"Le Pr\u00e9sident de la R\u00e9publique et Pr\u00e9sident en exercice de l&#8217;Union Africaine, Monsieur Mohamed Cheikh El Ghazouani, a r\u00e9affirm\u00e9, lors de son intervention \u00e0 l&#8217;ouverture du Sommet africain sur l&#8217;\u00e9nergie, mardi dernier \u00e0 Dar es Salaam (R\u00e9publique-Unie de Tanzanie), l&#8217;engagement de l&#8217;Union Africaine \u00e0 mobiliser tous les efforts n\u00e9cessaires pour relever les d\u00e9fis \u00e9nerg\u00e9tiques du.....\" \/>\n<meta property=\"og:url\" content=\"https:\/\/lequotidien.mr\/?p=24983&amp;lang=fr\" \/>\n<meta property=\"og:site_name\" content=\"Le Quotidien de Nouakchott\" \/>\n<meta property=\"article:publisher\" content=\"https:\/\/web.facebook.com\/lequotidienmr\" \/>\n<meta property=\"article:published_time\" content=\"2025-01-30T10:21:29+00:00\" \/>\n<meta property=\"og:image\" content=\"https:\/\/lequotidien.mr\/wp-content\/uploads\/2025\/01\/photo-defis-enegetiques.jpg\" \/>\n\t<meta property=\"og:image:width\" content=\"750\" \/>\n\t<meta property=\"og:image:height\" content=\"430\" \/>\n\t<meta property=\"og:image:type\" content=\"image\/jpeg\" \/>\n<meta name=\"author\" content=\"Med Ahmed\" \/>\n<meta name=\"twitter:card\" content=\"summary_large_image\" \/>\n<meta name=\"twitter:creator\" content=\"@lequotidienmr\" \/>\n<meta name=\"twitter:site\" content=\"@lequotidienmr\" \/>\n<meta name=\"twitter:label1\" content=\"\u0643\u064f\u062a\u0628 \u0628\u0648\u0627\u0633\u0637\u0629\" \/>\n\t<meta name=\"twitter:data1\" content=\"Med Ahmed\" \/>\n\t<meta name=\"twitter:label2\" content=\"\u0648\u0642\u062a \u0627\u0644\u0642\u0631\u0627\u0621\u0629 \u0627\u0644\u0645\u064f\u0642\u062f\u0651\u0631\" \/>\n\t<meta name=\"twitter:data2\" content=\"6 \u062f\u0642\u0627\u0626\u0642\" \/>\n<script type=\"application\/ld+json\" class=\"yoast-schema-graph\">{\"@context\":\"https:\\\/\\\/schema.org\",\"@graph\":[{\"@type\":\"Article\",\"@id\":\"https:\\\/\\\/lequotidien.mr\\\/?p=24983&lang=fr#article\",\"isPartOf\":{\"@id\":\"https:\\\/\\\/lequotidien.mr\\\/?p=24983&lang=fr\"},\"author\":{\"name\":\"Med Ahmed\",\"@id\":\"https:\\\/\\\/lequotidien.mr\\\/#\\\/schema\\\/person\\\/d2d350202a4d599685ed8abc25f97596\"},\"headline\":\"Sommet africain sur l\u2019\u00e9nergie\\\/Tanzanie : Le Pr\u00e9sident Mohamed Cheikh El Ghazouani appelle \u00e0 surmonter \u00ab l\u2019\u00e9norme gap \u00e9nerg\u00e9tique pour un d\u00e9veloppement durable du continent \u00bb\",\"datePublished\":\"2025-01-30T10:21:29+00:00\",\"mainEntityOfPage\":{\"@id\":\"https:\\\/\\\/lequotidien.mr\\\/?p=24983&lang=fr\"},\"wordCount\":1256,\"commentCount\":0,\"publisher\":{\"@id\":\"https:\\\/\\\/lequotidien.mr\\\/#organization\"},\"image\":{\"@id\":\"https:\\\/\\\/lequotidien.mr\\\/?p=24983&lang=fr#primaryimage\"},\"thumbnailUrl\":\"https:\\\/\\\/lequotidien.mr\\\/wp-content\\\/uploads\\\/2025\\\/01\\\/photo-defis-enegetiques.jpg\",\"articleSection\":[\"ACTUALIT\u00c9\",\"Economie\"],\"inLanguage\":\"ar\",\"potentialAction\":[{\"@type\":\"CommentAction\",\"name\":\"Comment\",\"target\":[\"https:\\\/\\\/lequotidien.mr\\\/?p=24983&lang=fr#respond\"]}]},{\"@type\":\"WebPage\",\"@id\":\"https:\\\/\\\/lequotidien.mr\\\/?p=24983&lang=fr\",\"url\":\"https:\\\/\\\/lequotidien.mr\\\/?p=24983&lang=fr\",\"name\":\"Sommet africain sur l\u2019\u00e9nergie\\\/Tanzanie : Le Pr\u00e9sident Mohamed Cheikh El Ghazouani appelle \u00e0 surmonter \u00ab l\u2019\u00e9norme gap \u00e9nerg\u00e9tique pour un d\u00e9veloppement durable du continent \u00bb - Le Quotidien de Nouakchott\",\"isPartOf\":{\"@id\":\"https:\\\/\\\/lequotidien.mr\\\/#website\"},\"primaryImageOfPage\":{\"@id\":\"https:\\\/\\\/lequotidien.mr\\\/?p=24983&lang=fr#primaryimage\"},\"image\":{\"@id\":\"https:\\\/\\\/lequotidien.mr\\\/?p=24983&lang=fr#primaryimage\"},\"thumbnailUrl\":\"https:\\\/\\\/lequotidien.mr\\\/wp-content\\\/uploads\\\/2025\\\/01\\\/photo-defis-enegetiques.jpg\",\"datePublished\":\"2025-01-30T10:21:29+00:00\",\"breadcrumb\":{\"@id\":\"https:\\\/\\\/lequotidien.mr\\\/?p=24983&lang=fr#breadcrumb\"},\"inLanguage\":\"ar\",\"potentialAction\":[{\"@type\":\"ReadAction\",\"target\":[\"https:\\\/\\\/lequotidien.mr\\\/?p=24983&lang=fr\"]}]},{\"@type\":\"ImageObject\",\"inLanguage\":\"ar\",\"@id\":\"https:\\\/\\\/lequotidien.mr\\\/?p=24983&lang=fr#primaryimage\",\"url\":\"https:\\\/\\\/lequotidien.mr\\\/wp-content\\\/uploads\\\/2025\\\/01\\\/photo-defis-enegetiques.jpg\",\"contentUrl\":\"https:\\\/\\\/lequotidien.mr\\\/wp-content\\\/uploads\\\/2025\\\/01\\\/photo-defis-enegetiques.jpg\",\"width\":750,\"height\":430},{\"@type\":\"BreadcrumbList\",\"@id\":\"https:\\\/\\\/lequotidien.mr\\\/?p=24983&lang=fr#breadcrumb\",\"itemListElement\":[{\"@type\":\"ListItem\",\"position\":1,\"name\":\"Home\",\"item\":\"https:\\\/\\\/lequotidien.mr\\\/\"},{\"@type\":\"ListItem\",\"position\":2,\"name\":\"Sommet africain sur l\u2019\u00e9nergie\\\/Tanzanie : Le Pr\u00e9sident Mohamed Cheikh El Ghazouani appelle \u00e0 surmonter \u00ab l\u2019\u00e9norme gap \u00e9nerg\u00e9tique pour un d\u00e9veloppement durable du continent \u00bb\"}]},{\"@type\":\"WebSite\",\"@id\":\"https:\\\/\\\/lequotidien.mr\\\/#website\",\"url\":\"https:\\\/\\\/lequotidien.mr\\\/\",\"name\":\"Le Quotidien de Nouakchott\",\"description\":\"\u0625\u062e\u0628\u0627\u0631\u064a\u0629 \u0645\u0633\u062a\u0642\u0644\u0629 \u0644\u0644\u0623\u0646\u0628\u0627\u0621 \u0627\u0644\u0639\u0627\u0645\u0629\",\"publisher\":{\"@id\":\"https:\\\/\\\/lequotidien.mr\\\/#organization\"},\"potentialAction\":[{\"@type\":\"SearchAction\",\"target\":{\"@type\":\"EntryPoint\",\"urlTemplate\":\"https:\\\/\\\/lequotidien.mr\\\/?s={search_term_string}\"},\"query-input\":{\"@type\":\"PropertyValueSpecification\",\"valueRequired\":true,\"valueName\":\"search_term_string\"}}],\"inLanguage\":\"ar\"},{\"@type\":\"Organization\",\"@id\":\"https:\\\/\\\/lequotidien.mr\\\/#organization\",\"name\":\"Le Quotidien de Nouakchott\",\"url\":\"https:\\\/\\\/lequotidien.mr\\\/\",\"logo\":{\"@type\":\"ImageObject\",\"inLanguage\":\"ar\",\"@id\":\"https:\\\/\\\/lequotidien.mr\\\/#\\\/schema\\\/logo\\\/image\\\/\",\"url\":\"https:\\\/\\\/lequotidien.mr\\\/wp-content\\\/uploads\\\/2022\\\/11\\\/logolequotidien.jpg\",\"contentUrl\":\"https:\\\/\\\/lequotidien.mr\\\/wp-content\\\/uploads\\\/2022\\\/11\\\/logolequotidien.jpg\",\"width\":290,\"height\":65,\"caption\":\"Le Quotidien de Nouakchott\"},\"image\":{\"@id\":\"https:\\\/\\\/lequotidien.mr\\\/#\\\/schema\\\/logo\\\/image\\\/\"},\"sameAs\":[\"https:\\\/\\\/web.facebook.com\\\/lequotidienmr\",\"https:\\\/\\\/x.com\\\/lequotidienmr\"]},{\"@type\":\"Person\",\"@id\":\"https:\\\/\\\/lequotidien.mr\\\/#\\\/schema\\\/person\\\/d2d350202a4d599685ed8abc25f97596\",\"name\":\"Med Ahmed\",\"image\":{\"@type\":\"ImageObject\",\"inLanguage\":\"ar\",\"@id\":\"https:\\\/\\\/secure.gravatar.com\\\/avatar\\\/fd2acc62ed50732923d1d39c17172c9b04149f142be92310ecc69e1358f94b52?s=96&d=mm&r=g\",\"url\":\"https:\\\/\\\/secure.gravatar.com\\\/avatar\\\/fd2acc62ed50732923d1d39c17172c9b04149f142be92310ecc69e1358f94b52?s=96&d=mm&r=g\",\"contentUrl\":\"https:\\\/\\\/secure.gravatar.com\\\/avatar\\\/fd2acc62ed50732923d1d39c17172c9b04149f142be92310ecc69e1358f94b52?s=96&d=mm&r=g\",\"caption\":\"Med Ahmed\"},\"url\":\"https:\\\/\\\/lequotidien.mr\\\/?author=12\"}]}<\/script>\n<!-- \/ Yoast SEO plugin. -->","yoast_head_json":{"title":"Sommet africain sur l\u2019\u00e9nergie\/Tanzanie : Le Pr\u00e9sident Mohamed Cheikh El Ghazouani appelle \u00e0 surmonter \u00ab l\u2019\u00e9norme gap \u00e9nerg\u00e9tique pour un d\u00e9veloppement durable du continent \u00bb - Le Quotidien de Nouakchott","robots":{"index":"index","follow":"follow","max-snippet":"max-snippet:-1","max-image-preview":"max-image-preview:large","max-video-preview":"max-video-preview:-1"},"canonical":"https:\/\/lequotidien.mr\/?p=24983&lang=fr","og_locale":"ar_AR","og_type":"article","og_title":"Sommet africain sur l\u2019\u00e9nergie\/Tanzanie : Le Pr\u00e9sident Mohamed Cheikh El Ghazouani appelle \u00e0 surmonter \u00ab l\u2019\u00e9norme gap \u00e9nerg\u00e9tique pour un d\u00e9veloppement durable du continent \u00bb - Le Quotidien de Nouakchott","og_description":"Le Pr\u00e9sident de la R\u00e9publique et Pr\u00e9sident en exercice de l&#8217;Union Africaine, Monsieur Mohamed Cheikh El Ghazouani, a r\u00e9affirm\u00e9, lors de son intervention \u00e0 l&#8217;ouverture du Sommet africain sur l&#8217;\u00e9nergie, mardi dernier \u00e0 Dar es Salaam (R\u00e9publique-Unie de Tanzanie), l&#8217;engagement de l&#8217;Union Africaine \u00e0 mobiliser tous les efforts n\u00e9cessaires pour relever les d\u00e9fis \u00e9nerg\u00e9tiques du.....","og_url":"https:\/\/lequotidien.mr\/?p=24983&lang=fr","og_site_name":"Le Quotidien de Nouakchott","article_publisher":"https:\/\/web.facebook.com\/lequotidienmr","article_published_time":"2025-01-30T10:21:29+00:00","og_image":[{"width":750,"height":430,"url":"https:\/\/lequotidien.mr\/wp-content\/uploads\/2025\/01\/photo-defis-enegetiques.jpg","type":"image\/jpeg"}],"author":"Med Ahmed","twitter_card":"summary_large_image","twitter_creator":"@lequotidienmr","twitter_site":"@lequotidienmr","twitter_misc":{"\u0643\u064f\u062a\u0628 \u0628\u0648\u0627\u0633\u0637\u0629":"Med Ahmed","\u0648\u0642\u062a \u0627\u0644\u0642\u0631\u0627\u0621\u0629 \u0627\u0644\u0645\u064f\u0642\u062f\u0651\u0631":"6 \u062f\u0642\u0627\u0626\u0642"},"schema":{"@context":"https:\/\/schema.org","@graph":[{"@type":"Article","@id":"https:\/\/lequotidien.mr\/?p=24983&lang=fr#article","isPartOf":{"@id":"https:\/\/lequotidien.mr\/?p=24983&lang=fr"},"author":{"name":"Med Ahmed","@id":"https:\/\/lequotidien.mr\/#\/schema\/person\/d2d350202a4d599685ed8abc25f97596"},"headline":"Sommet africain sur l\u2019\u00e9nergie\/Tanzanie : Le Pr\u00e9sident Mohamed Cheikh El Ghazouani appelle \u00e0 surmonter \u00ab l\u2019\u00e9norme gap \u00e9nerg\u00e9tique pour un d\u00e9veloppement durable du continent \u00bb","datePublished":"2025-01-30T10:21:29+00:00","mainEntityOfPage":{"@id":"https:\/\/lequotidien.mr\/?p=24983&lang=fr"},"wordCount":1256,"commentCount":0,"publisher":{"@id":"https:\/\/lequotidien.mr\/#organization"},"image":{"@id":"https:\/\/lequotidien.mr\/?p=24983&lang=fr#primaryimage"},"thumbnailUrl":"https:\/\/lequotidien.mr\/wp-content\/uploads\/2025\/01\/photo-defis-enegetiques.jpg","articleSection":["ACTUALIT\u00c9","Economie"],"inLanguage":"ar","potentialAction":[{"@type":"CommentAction","name":"Comment","target":["https:\/\/lequotidien.mr\/?p=24983&lang=fr#respond"]}]},{"@type":"WebPage","@id":"https:\/\/lequotidien.mr\/?p=24983&lang=fr","url":"https:\/\/lequotidien.mr\/?p=24983&lang=fr","name":"Sommet africain sur l\u2019\u00e9nergie\/Tanzanie : Le Pr\u00e9sident Mohamed Cheikh El Ghazouani appelle \u00e0 surmonter \u00ab l\u2019\u00e9norme gap \u00e9nerg\u00e9tique pour un d\u00e9veloppement durable du continent \u00bb - Le Quotidien de Nouakchott","isPartOf":{"@id":"https:\/\/lequotidien.mr\/#website"},"primaryImageOfPage":{"@id":"https:\/\/lequotidien.mr\/?p=24983&lang=fr#primaryimage"},"image":{"@id":"https:\/\/lequotidien.mr\/?p=24983&lang=fr#primaryimage"},"thumbnailUrl":"https:\/\/lequotidien.mr\/wp-content\/uploads\/2025\/01\/photo-defis-enegetiques.jpg","datePublished":"2025-01-30T10:21:29+00:00","breadcrumb":{"@id":"https:\/\/lequotidien.mr\/?p=24983&lang=fr#breadcrumb"},"inLanguage":"ar","potentialAction":[{"@type":"ReadAction","target":["https:\/\/lequotidien.mr\/?p=24983&lang=fr"]}]},{"@type":"ImageObject","inLanguage":"ar","@id":"https:\/\/lequotidien.mr\/?p=24983&lang=fr#primaryimage","url":"https:\/\/lequotidien.mr\/wp-content\/uploads\/2025\/01\/photo-defis-enegetiques.jpg","contentUrl":"https:\/\/lequotidien.mr\/wp-content\/uploads\/2025\/01\/photo-defis-enegetiques.jpg","width":750,"height":430},{"@type":"BreadcrumbList","@id":"https:\/\/lequotidien.mr\/?p=24983&lang=fr#breadcrumb","itemListElement":[{"@type":"ListItem","position":1,"name":"Home","item":"https:\/\/lequotidien.mr\/"},{"@type":"ListItem","position":2,"name":"Sommet africain sur l\u2019\u00e9nergie\/Tanzanie : Le Pr\u00e9sident Mohamed Cheikh El Ghazouani appelle \u00e0 surmonter \u00ab l\u2019\u00e9norme gap \u00e9nerg\u00e9tique pour un d\u00e9veloppement durable du continent \u00bb"}]},{"@type":"WebSite","@id":"https:\/\/lequotidien.mr\/#website","url":"https:\/\/lequotidien.mr\/","name":"Le Quotidien de Nouakchott","description":"\u0625\u062e\u0628\u0627\u0631\u064a\u0629 \u0645\u0633\u062a\u0642\u0644\u0629 \u0644\u0644\u0623\u0646\u0628\u0627\u0621 \u0627\u0644\u0639\u0627\u0645\u0629","publisher":{"@id":"https:\/\/lequotidien.mr\/#organization"},"potentialAction":[{"@type":"SearchAction","target":{"@type":"EntryPoint","urlTemplate":"https:\/\/lequotidien.mr\/?s={search_term_string}"},"query-input":{"@type":"PropertyValueSpecification","valueRequired":true,"valueName":"search_term_string"}}],"inLanguage":"ar"},{"@type":"Organization","@id":"https:\/\/lequotidien.mr\/#organization","name":"Le Quotidien de Nouakchott","url":"https:\/\/lequotidien.mr\/","logo":{"@type":"ImageObject","inLanguage":"ar","@id":"https:\/\/lequotidien.mr\/#\/schema\/logo\/image\/","url":"https:\/\/lequotidien.mr\/wp-content\/uploads\/2022\/11\/logolequotidien.jpg","contentUrl":"https:\/\/lequotidien.mr\/wp-content\/uploads\/2022\/11\/logolequotidien.jpg","width":290,"height":65,"caption":"Le Quotidien de Nouakchott"},"image":{"@id":"https:\/\/lequotidien.mr\/#\/schema\/logo\/image\/"},"sameAs":["https:\/\/web.facebook.com\/lequotidienmr","https:\/\/x.com\/lequotidienmr"]},{"@type":"Person","@id":"https:\/\/lequotidien.mr\/#\/schema\/person\/d2d350202a4d599685ed8abc25f97596","name":"Med Ahmed","image":{"@type":"ImageObject","inLanguage":"ar","@id":"https:\/\/secure.gravatar.com\/avatar\/fd2acc62ed50732923d1d39c17172c9b04149f142be92310ecc69e1358f94b52?s=96&d=mm&r=g","url":"https:\/\/secure.gravatar.com\/avatar\/fd2acc62ed50732923d1d39c17172c9b04149f142be92310ecc69e1358f94b52?s=96&d=mm&r=g","contentUrl":"https:\/\/secure.gravatar.com\/avatar\/fd2acc62ed50732923d1d39c17172c9b04149f142be92310ecc69e1358f94b52?s=96&d=mm&r=g","caption":"Med Ahmed"},"url":"https:\/\/lequotidien.mr\/?author=12"}]}},"_links":{"self":[{"href":"https:\/\/lequotidien.mr\/index.php?rest_route=\/wp\/v2\/posts\/24983","targetHints":{"allow":["GET"]}}],"collection":[{"href":"https:\/\/lequotidien.mr\/index.php?rest_route=\/wp\/v2\/posts"}],"about":[{"href":"https:\/\/lequotidien.mr\/index.php?rest_route=\/wp\/v2\/types\/post"}],"author":[{"embeddable":true,"href":"https:\/\/lequotidien.mr\/index.php?rest_route=\/wp\/v2\/users\/12"}],"replies":[{"embeddable":true,"href":"https:\/\/lequotidien.mr\/index.php?rest_route=%2Fwp%2Fv2%2Fcomments&post=24983"}],"version-history":[{"count":1,"href":"https:\/\/lequotidien.mr\/index.php?rest_route=\/wp\/v2\/posts\/24983\/revisions"}],"predecessor-version":[{"id":24985,"href":"https:\/\/lequotidien.mr\/index.php?rest_route=\/wp\/v2\/posts\/24983\/revisions\/24985"}],"wp:featuredmedia":[{"embeddable":true,"href":"https:\/\/lequotidien.mr\/index.php?rest_route=\/wp\/v2\/media\/24984"}],"wp:attachment":[{"href":"https:\/\/lequotidien.mr\/index.php?rest_route=%2Fwp%2Fv2%2Fmedia&parent=24983"}],"wp:term":[{"taxonomy":"category","embeddable":true,"href":"https:\/\/lequotidien.mr\/index.php?rest_route=%2Fwp%2Fv2%2Fcategories&post=24983"},{"taxonomy":"post_tag","embeddable":true,"href":"https:\/\/lequotidien.mr\/index.php?rest_route=%2Fwp%2Fv2%2Ftags&post=24983"}],"curies":[{"name":"wp","href":"https:\/\/api.w.org\/{rel}","templated":true}]}}