{"id":24977,"date":"2025-01-30T08:18:10","date_gmt":"2025-01-30T08:18:10","guid":{"rendered":"https:\/\/lequotidien.mr\/?p=24977"},"modified":"2025-01-30T08:18:10","modified_gmt":"2025-01-30T08:18:10","slug":"presidence-de-la-bad-la-liste-des-candidats-attendue-le-7-fevrier-un-seul-mauritanien-en-lice","status":"publish","type":"post","link":"https:\/\/lequotidien.mr\/?p=24977&lang=fr","title":{"rendered":"Pr\u00e9sidence de la BAD : la liste des candidats attendue le 7 f\u00e9vrier, un seul Mauritanien en lice ?"},"content":{"rendered":"<p>La Banque Africaine de D\u00e9veloppement (BAD) devrait r\u00e9v\u00e9ler, le 7 f\u00e9vrier prochain, la liste officielle des candidats en lice pour la pr\u00e9sidence de l\u2019institution. La date limite de d\u00e9p\u00f4t des candidatures est fix\u00e9e au 31 janvier les services de la BAD disposent d\u2019une semaine pour examiner leur recevabilit\u00e9 et publier la liste des candidatures. Parmi les noms attendus, un seul Mauritanien figurerait : Sidi Ould Tah, l\u2019actuel pr\u00e9sident de la Banque arabe pour le d\u00e9veloppement \u00e9conomique en Afrique (BADEA).<\/p>\n<p>Ancien ministre et dirigeant d\u2019une institution financi\u00e8re panafricaine, Sidi Ould Tah est officiellement soutenu par le gouvernement mauritanien. Pourtant, sa candidature intrigue, non pas par son profil, mais par le silence total qui entoure son investiture par l\u2019\u00c9tat mauritanien.<\/p>\n<p><strong>Une absence de communication inhabituelle\u00a0<\/strong><\/p>\n<p>Traditionnellement, lorsqu\u2019un pays pr\u00e9sente un candidat \u00e0 un poste aussi prestigieux, une annonce officielle est faite, souvent accompagn\u00e9e d\u2019une conf\u00e9rence de presse o\u00f9 les autorit\u00e9s expliquent leur choix et mobilisent un r\u00e9seau diplomatique pour promouvoir leur favori. Mieux encore, des rencontres sont organis\u00e9es avec les ambassadeurs et les institutions partenaires afin de maximiser les chances du candidat.<\/p>\n<p>Or, dans le cas de Sidi Ould Tah, aucune communication officielle n\u2019a eu lieu.Ni le minist\u00e8re de l\u2019\u00c9conomie, ni celui des Affaires \u00e9trang\u00e8res, ni la Pr\u00e9sidence n\u2019ont jusqu\u2019ici pris la parole pour confirmer son investiture. Ce mutisme interroge : le gouvernement mauritanien est-il r\u00e9ellement engag\u00e9 derri\u00e8re son candidat ?<\/p>\n<p>\u00c0 un moment, le nom d\u2019Ousmane Kane\u2014 ancien vice-pr\u00e9sident de la BAD et ex-gouverneur de la Banque Centrale de Mauritanie \u2014 a \u00e9t\u00e9 \u00e9voqu\u00e9 comme potentiel concurrent. Fort de son exp\u00e9rience au sein m\u00eame de l\u2019institution, il aurait pu \u00eatre un candidat s\u00e9rieux. Pourtant, ni lui, ni l\u2019actuel gouverneur de la Banque Centrale n\u2019ont confirm\u00e9 cette possibilit\u00e9<\/p>\n<p><strong>Cette situation semble confirmer que la Mauritanie n\u2019aura qu\u2019un seul candidat dans la course. Mais alors, pourquoi cette g\u00eane ?<\/strong><\/p>\n<p><strong>\u00a0<\/strong>Ce silence peut s\u2019expliquer de plusieurs mani\u00e8res. Soit le gouvernement a des doutes sur les chances de victoire de son candidat et pr\u00e9f\u00e8re \u00e9viter un soutien trop visible en cas d\u2019\u00e9chec, soit il existe des tensions internes sur ce choix.<\/p>\n<p>Dans tous les cas, cette absence de communication contraste avec les pratiques habituelles des pays africains lorsqu\u2019ils pr\u00e9sentent un candidat \u00e0 une organisation internationale de premier plan. Reste \u00e0 voir si, d\u2019ici au 7 f\u00e9vrier, la Mauritanie brisera enfin son silence et affichera publiquement son soutien \u00e0 Sidi Ould Tah.<\/p>\n<p>Il faut dire que le manque d\u2019opportunisme de la Mauritanie en mati\u00e8re de diplomatie a toujours handicap\u00e9 les candidats nationaux au sein des\u00a0instances internationales et autres institutions financi\u00e8res et techniques.<\/p>\n<p>&nbsp;<\/p>\n","protected":false},"excerpt":{"rendered":"<p>La Banque Africaine de D\u00e9veloppement (BAD) devrait r\u00e9v\u00e9ler, le 7 f\u00e9vrier prochain, la liste officielle des candidats en lice pour la pr\u00e9sidence de l\u2019institution. La date limite de d\u00e9p\u00f4t des candidatures est fix\u00e9e au 31 janvier les services de la BAD disposent d\u2019une semaine pour examiner leur recevabilit\u00e9 et publier la liste des candidatures. Parmi&#8230;..<\/p>\n","protected":false},"author":12,"featured_media":24978,"comment_status":"open","ping_status":"open","sticky":false,"template":"","format":"standard","meta":{"footnotes":""},"categories":[23,49],"tags":[],"class_list":["post-24977","post","type-post","status-publish","format-standard","has-post-thumbnail","hentry","category-actualite","category-economie"],"yoast_head":"<!-- This site is optimized with the Yoast SEO plugin v27.5 - https:\/\/yoast.com\/product\/yoast-seo-wordpress\/ -->\n<title>Pr\u00e9sidence de la BAD : la liste des candidats attendue le 7 f\u00e9vrier, un seul Mauritanien en lice ? - Le Quotidien de Nouakchott<\/title>\n<meta name=\"robots\" content=\"index, follow, max-snippet:-1, max-image-preview:large, max-video-preview:-1\" \/>\n<link rel=\"canonical\" href=\"https:\/\/lequotidien.mr\/?p=24977&lang=fr\" \/>\n<meta property=\"og:locale\" content=\"ar_AR\" \/>\n<meta property=\"og:type\" content=\"article\" \/>\n<meta property=\"og:title\" content=\"Pr\u00e9sidence de la BAD : la liste des candidats attendue le 7 f\u00e9vrier, un seul Mauritanien en lice ? - Le Quotidien de Nouakchott\" \/>\n<meta property=\"og:description\" content=\"La Banque Africaine de D\u00e9veloppement (BAD) devrait r\u00e9v\u00e9ler, le 7 f\u00e9vrier prochain, la liste officielle des candidats en lice pour la pr\u00e9sidence de l\u2019institution. La date limite de d\u00e9p\u00f4t des candidatures est fix\u00e9e au 31 janvier les services de la BAD disposent d\u2019une semaine pour examiner leur recevabilit\u00e9 et publier la liste des candidatures. Parmi.....\" \/>\n<meta property=\"og:url\" content=\"https:\/\/lequotidien.mr\/?p=24977&amp;lang=fr\" \/>\n<meta property=\"og:site_name\" content=\"Le Quotidien de Nouakchott\" \/>\n<meta property=\"article:publisher\" content=\"https:\/\/web.facebook.com\/lequotidienmr\" \/>\n<meta property=\"article:published_time\" content=\"2025-01-30T08:18:10+00:00\" \/>\n<meta property=\"og:image\" content=\"https:\/\/lequotidien.mr\/wp-content\/uploads\/2025\/01\/photo-Tah.jpeg\" \/>\n\t<meta property=\"og:image:width\" content=\"480\" \/>\n\t<meta property=\"og:image:height\" content=\"480\" \/>\n\t<meta property=\"og:image:type\" content=\"image\/jpeg\" \/>\n<meta name=\"author\" content=\"Med Ahmed\" \/>\n<meta name=\"twitter:card\" content=\"summary_large_image\" \/>\n<meta name=\"twitter:creator\" content=\"@lequotidienmr\" \/>\n<meta name=\"twitter:site\" content=\"@lequotidienmr\" \/>\n<meta name=\"twitter:label1\" content=\"\u0643\u064f\u062a\u0628 \u0628\u0648\u0627\u0633\u0637\u0629\" \/>\n\t<meta name=\"twitter:data1\" content=\"Med Ahmed\" \/>\n\t<meta name=\"twitter:label2\" content=\"\u0648\u0642\u062a \u0627\u0644\u0642\u0631\u0627\u0621\u0629 \u0627\u0644\u0645\u064f\u0642\u062f\u0651\u0631\" \/>\n\t<meta name=\"twitter:data2\" content=\"\u062f\u0642\u064a\u0642\u062a\u0627\u0646\" \/>\n<script type=\"application\/ld+json\" class=\"yoast-schema-graph\">{\"@context\":\"https:\\\/\\\/schema.org\",\"@graph\":[{\"@type\":\"Article\",\"@id\":\"https:\\\/\\\/lequotidien.mr\\\/?p=24977&lang=fr#article\",\"isPartOf\":{\"@id\":\"https:\\\/\\\/lequotidien.mr\\\/?p=24977&lang=fr\"},\"author\":{\"name\":\"Med Ahmed\",\"@id\":\"https:\\\/\\\/lequotidien.mr\\\/#\\\/schema\\\/person\\\/d2d350202a4d599685ed8abc25f97596\"},\"headline\":\"Pr\u00e9sidence de la BAD : la liste des candidats attendue le 7 f\u00e9vrier, un seul Mauritanien en lice ?\",\"datePublished\":\"2025-01-30T08:18:10+00:00\",\"mainEntityOfPage\":{\"@id\":\"https:\\\/\\\/lequotidien.mr\\\/?p=24977&lang=fr\"},\"wordCount\":490,\"commentCount\":0,\"publisher\":{\"@id\":\"https:\\\/\\\/lequotidien.mr\\\/#organization\"},\"image\":{\"@id\":\"https:\\\/\\\/lequotidien.mr\\\/?p=24977&lang=fr#primaryimage\"},\"thumbnailUrl\":\"https:\\\/\\\/lequotidien.mr\\\/wp-content\\\/uploads\\\/2025\\\/01\\\/photo-Tah.jpeg\",\"articleSection\":[\"ACTUALIT\u00c9\",\"Economie\"],\"inLanguage\":\"ar\",\"potentialAction\":[{\"@type\":\"CommentAction\",\"name\":\"Comment\",\"target\":[\"https:\\\/\\\/lequotidien.mr\\\/?p=24977&lang=fr#respond\"]}]},{\"@type\":\"WebPage\",\"@id\":\"https:\\\/\\\/lequotidien.mr\\\/?p=24977&lang=fr\",\"url\":\"https:\\\/\\\/lequotidien.mr\\\/?p=24977&lang=fr\",\"name\":\"Pr\u00e9sidence de la BAD : la liste des candidats attendue le 7 f\u00e9vrier, un seul Mauritanien en lice ? - Le Quotidien de Nouakchott\",\"isPartOf\":{\"@id\":\"https:\\\/\\\/lequotidien.mr\\\/#website\"},\"primaryImageOfPage\":{\"@id\":\"https:\\\/\\\/lequotidien.mr\\\/?p=24977&lang=fr#primaryimage\"},\"image\":{\"@id\":\"https:\\\/\\\/lequotidien.mr\\\/?p=24977&lang=fr#primaryimage\"},\"thumbnailUrl\":\"https:\\\/\\\/lequotidien.mr\\\/wp-content\\\/uploads\\\/2025\\\/01\\\/photo-Tah.jpeg\",\"datePublished\":\"2025-01-30T08:18:10+00:00\",\"breadcrumb\":{\"@id\":\"https:\\\/\\\/lequotidien.mr\\\/?p=24977&lang=fr#breadcrumb\"},\"inLanguage\":\"ar\",\"potentialAction\":[{\"@type\":\"ReadAction\",\"target\":[\"https:\\\/\\\/lequotidien.mr\\\/?p=24977&lang=fr\"]}]},{\"@type\":\"ImageObject\",\"inLanguage\":\"ar\",\"@id\":\"https:\\\/\\\/lequotidien.mr\\\/?p=24977&lang=fr#primaryimage\",\"url\":\"https:\\\/\\\/lequotidien.mr\\\/wp-content\\\/uploads\\\/2025\\\/01\\\/photo-Tah.jpeg\",\"contentUrl\":\"https:\\\/\\\/lequotidien.mr\\\/wp-content\\\/uploads\\\/2025\\\/01\\\/photo-Tah.jpeg\",\"width\":480,\"height\":480},{\"@type\":\"BreadcrumbList\",\"@id\":\"https:\\\/\\\/lequotidien.mr\\\/?p=24977&lang=fr#breadcrumb\",\"itemListElement\":[{\"@type\":\"ListItem\",\"position\":1,\"name\":\"Home\",\"item\":\"https:\\\/\\\/lequotidien.mr\\\/\"},{\"@type\":\"ListItem\",\"position\":2,\"name\":\"Pr\u00e9sidence de la BAD : la liste des candidats attendue le 7 f\u00e9vrier, un seul Mauritanien en lice ?\"}]},{\"@type\":\"WebSite\",\"@id\":\"https:\\\/\\\/lequotidien.mr\\\/#website\",\"url\":\"https:\\\/\\\/lequotidien.mr\\\/\",\"name\":\"Le Quotidien de Nouakchott\",\"description\":\"\u0625\u062e\u0628\u0627\u0631\u064a\u0629 \u0645\u0633\u062a\u0642\u0644\u0629 \u0644\u0644\u0623\u0646\u0628\u0627\u0621 \u0627\u0644\u0639\u0627\u0645\u0629\",\"publisher\":{\"@id\":\"https:\\\/\\\/lequotidien.mr\\\/#organization\"},\"potentialAction\":[{\"@type\":\"SearchAction\",\"target\":{\"@type\":\"EntryPoint\",\"urlTemplate\":\"https:\\\/\\\/lequotidien.mr\\\/?s={search_term_string}\"},\"query-input\":{\"@type\":\"PropertyValueSpecification\",\"valueRequired\":true,\"valueName\":\"search_term_string\"}}],\"inLanguage\":\"ar\"},{\"@type\":\"Organization\",\"@id\":\"https:\\\/\\\/lequotidien.mr\\\/#organization\",\"name\":\"Le Quotidien de Nouakchott\",\"url\":\"https:\\\/\\\/lequotidien.mr\\\/\",\"logo\":{\"@type\":\"ImageObject\",\"inLanguage\":\"ar\",\"@id\":\"https:\\\/\\\/lequotidien.mr\\\/#\\\/schema\\\/logo\\\/image\\\/\",\"url\":\"https:\\\/\\\/lequotidien.mr\\\/wp-content\\\/uploads\\\/2022\\\/11\\\/logolequotidien.jpg\",\"contentUrl\":\"https:\\\/\\\/lequotidien.mr\\\/wp-content\\\/uploads\\\/2022\\\/11\\\/logolequotidien.jpg\",\"width\":290,\"height\":65,\"caption\":\"Le Quotidien de Nouakchott\"},\"image\":{\"@id\":\"https:\\\/\\\/lequotidien.mr\\\/#\\\/schema\\\/logo\\\/image\\\/\"},\"sameAs\":[\"https:\\\/\\\/web.facebook.com\\\/lequotidienmr\",\"https:\\\/\\\/x.com\\\/lequotidienmr\"]},{\"@type\":\"Person\",\"@id\":\"https:\\\/\\\/lequotidien.mr\\\/#\\\/schema\\\/person\\\/d2d350202a4d599685ed8abc25f97596\",\"name\":\"Med Ahmed\",\"image\":{\"@type\":\"ImageObject\",\"inLanguage\":\"ar\",\"@id\":\"https:\\\/\\\/secure.gravatar.com\\\/avatar\\\/fd2acc62ed50732923d1d39c17172c9b04149f142be92310ecc69e1358f94b52?s=96&d=mm&r=g\",\"url\":\"https:\\\/\\\/secure.gravatar.com\\\/avatar\\\/fd2acc62ed50732923d1d39c17172c9b04149f142be92310ecc69e1358f94b52?s=96&d=mm&r=g\",\"contentUrl\":\"https:\\\/\\\/secure.gravatar.com\\\/avatar\\\/fd2acc62ed50732923d1d39c17172c9b04149f142be92310ecc69e1358f94b52?s=96&d=mm&r=g\",\"caption\":\"Med Ahmed\"},\"url\":\"https:\\\/\\\/lequotidien.mr\\\/?author=12\"}]}<\/script>\n<!-- \/ Yoast SEO plugin. -->","yoast_head_json":{"title":"Pr\u00e9sidence de la BAD : la liste des candidats attendue le 7 f\u00e9vrier, un seul Mauritanien en lice ? - Le Quotidien de Nouakchott","robots":{"index":"index","follow":"follow","max-snippet":"max-snippet:-1","max-image-preview":"max-image-preview:large","max-video-preview":"max-video-preview:-1"},"canonical":"https:\/\/lequotidien.mr\/?p=24977&lang=fr","og_locale":"ar_AR","og_type":"article","og_title":"Pr\u00e9sidence de la BAD : la liste des candidats attendue le 7 f\u00e9vrier, un seul Mauritanien en lice ? - Le Quotidien de Nouakchott","og_description":"La Banque Africaine de D\u00e9veloppement (BAD) devrait r\u00e9v\u00e9ler, le 7 f\u00e9vrier prochain, la liste officielle des candidats en lice pour la pr\u00e9sidence de l\u2019institution. La date limite de d\u00e9p\u00f4t des candidatures est fix\u00e9e au 31 janvier les services de la BAD disposent d\u2019une semaine pour examiner leur recevabilit\u00e9 et publier la liste des candidatures. Parmi.....","og_url":"https:\/\/lequotidien.mr\/?p=24977&lang=fr","og_site_name":"Le Quotidien de Nouakchott","article_publisher":"https:\/\/web.facebook.com\/lequotidienmr","article_published_time":"2025-01-30T08:18:10+00:00","og_image":[{"width":480,"height":480,"url":"https:\/\/lequotidien.mr\/wp-content\/uploads\/2025\/01\/photo-Tah.jpeg","type":"image\/jpeg"}],"author":"Med Ahmed","twitter_card":"summary_large_image","twitter_creator":"@lequotidienmr","twitter_site":"@lequotidienmr","twitter_misc":{"\u0643\u064f\u062a\u0628 \u0628\u0648\u0627\u0633\u0637\u0629":"Med Ahmed","\u0648\u0642\u062a \u0627\u0644\u0642\u0631\u0627\u0621\u0629 \u0627\u0644\u0645\u064f\u0642\u062f\u0651\u0631":"\u062f\u0642\u064a\u0642\u062a\u0627\u0646"},"schema":{"@context":"https:\/\/schema.org","@graph":[{"@type":"Article","@id":"https:\/\/lequotidien.mr\/?p=24977&lang=fr#article","isPartOf":{"@id":"https:\/\/lequotidien.mr\/?p=24977&lang=fr"},"author":{"name":"Med Ahmed","@id":"https:\/\/lequotidien.mr\/#\/schema\/person\/d2d350202a4d599685ed8abc25f97596"},"headline":"Pr\u00e9sidence de la BAD : la liste des candidats attendue le 7 f\u00e9vrier, un seul Mauritanien en lice ?","datePublished":"2025-01-30T08:18:10+00:00","mainEntityOfPage":{"@id":"https:\/\/lequotidien.mr\/?p=24977&lang=fr"},"wordCount":490,"commentCount":0,"publisher":{"@id":"https:\/\/lequotidien.mr\/#organization"},"image":{"@id":"https:\/\/lequotidien.mr\/?p=24977&lang=fr#primaryimage"},"thumbnailUrl":"https:\/\/lequotidien.mr\/wp-content\/uploads\/2025\/01\/photo-Tah.jpeg","articleSection":["ACTUALIT\u00c9","Economie"],"inLanguage":"ar","potentialAction":[{"@type":"CommentAction","name":"Comment","target":["https:\/\/lequotidien.mr\/?p=24977&lang=fr#respond"]}]},{"@type":"WebPage","@id":"https:\/\/lequotidien.mr\/?p=24977&lang=fr","url":"https:\/\/lequotidien.mr\/?p=24977&lang=fr","name":"Pr\u00e9sidence de la BAD : la liste des candidats attendue le 7 f\u00e9vrier, un seul Mauritanien en lice ? - Le Quotidien de Nouakchott","isPartOf":{"@id":"https:\/\/lequotidien.mr\/#website"},"primaryImageOfPage":{"@id":"https:\/\/lequotidien.mr\/?p=24977&lang=fr#primaryimage"},"image":{"@id":"https:\/\/lequotidien.mr\/?p=24977&lang=fr#primaryimage"},"thumbnailUrl":"https:\/\/lequotidien.mr\/wp-content\/uploads\/2025\/01\/photo-Tah.jpeg","datePublished":"2025-01-30T08:18:10+00:00","breadcrumb":{"@id":"https:\/\/lequotidien.mr\/?p=24977&lang=fr#breadcrumb"},"inLanguage":"ar","potentialAction":[{"@type":"ReadAction","target":["https:\/\/lequotidien.mr\/?p=24977&lang=fr"]}]},{"@type":"ImageObject","inLanguage":"ar","@id":"https:\/\/lequotidien.mr\/?p=24977&lang=fr#primaryimage","url":"https:\/\/lequotidien.mr\/wp-content\/uploads\/2025\/01\/photo-Tah.jpeg","contentUrl":"https:\/\/lequotidien.mr\/wp-content\/uploads\/2025\/01\/photo-Tah.jpeg","width":480,"height":480},{"@type":"BreadcrumbList","@id":"https:\/\/lequotidien.mr\/?p=24977&lang=fr#breadcrumb","itemListElement":[{"@type":"ListItem","position":1,"name":"Home","item":"https:\/\/lequotidien.mr\/"},{"@type":"ListItem","position":2,"name":"Pr\u00e9sidence de la BAD : la liste des candidats attendue le 7 f\u00e9vrier, un seul Mauritanien en lice ?"}]},{"@type":"WebSite","@id":"https:\/\/lequotidien.mr\/#website","url":"https:\/\/lequotidien.mr\/","name":"Le Quotidien de Nouakchott","description":"\u0625\u062e\u0628\u0627\u0631\u064a\u0629 \u0645\u0633\u062a\u0642\u0644\u0629 \u0644\u0644\u0623\u0646\u0628\u0627\u0621 \u0627\u0644\u0639\u0627\u0645\u0629","publisher":{"@id":"https:\/\/lequotidien.mr\/#organization"},"potentialAction":[{"@type":"SearchAction","target":{"@type":"EntryPoint","urlTemplate":"https:\/\/lequotidien.mr\/?s={search_term_string}"},"query-input":{"@type":"PropertyValueSpecification","valueRequired":true,"valueName":"search_term_string"}}],"inLanguage":"ar"},{"@type":"Organization","@id":"https:\/\/lequotidien.mr\/#organization","name":"Le Quotidien de Nouakchott","url":"https:\/\/lequotidien.mr\/","logo":{"@type":"ImageObject","inLanguage":"ar","@id":"https:\/\/lequotidien.mr\/#\/schema\/logo\/image\/","url":"https:\/\/lequotidien.mr\/wp-content\/uploads\/2022\/11\/logolequotidien.jpg","contentUrl":"https:\/\/lequotidien.mr\/wp-content\/uploads\/2022\/11\/logolequotidien.jpg","width":290,"height":65,"caption":"Le Quotidien de Nouakchott"},"image":{"@id":"https:\/\/lequotidien.mr\/#\/schema\/logo\/image\/"},"sameAs":["https:\/\/web.facebook.com\/lequotidienmr","https:\/\/x.com\/lequotidienmr"]},{"@type":"Person","@id":"https:\/\/lequotidien.mr\/#\/schema\/person\/d2d350202a4d599685ed8abc25f97596","name":"Med Ahmed","image":{"@type":"ImageObject","inLanguage":"ar","@id":"https:\/\/secure.gravatar.com\/avatar\/fd2acc62ed50732923d1d39c17172c9b04149f142be92310ecc69e1358f94b52?s=96&d=mm&r=g","url":"https:\/\/secure.gravatar.com\/avatar\/fd2acc62ed50732923d1d39c17172c9b04149f142be92310ecc69e1358f94b52?s=96&d=mm&r=g","contentUrl":"https:\/\/secure.gravatar.com\/avatar\/fd2acc62ed50732923d1d39c17172c9b04149f142be92310ecc69e1358f94b52?s=96&d=mm&r=g","caption":"Med Ahmed"},"url":"https:\/\/lequotidien.mr\/?author=12"}]}},"_links":{"self":[{"href":"https:\/\/lequotidien.mr\/index.php?rest_route=\/wp\/v2\/posts\/24977","targetHints":{"allow":["GET"]}}],"collection":[{"href":"https:\/\/lequotidien.mr\/index.php?rest_route=\/wp\/v2\/posts"}],"about":[{"href":"https:\/\/lequotidien.mr\/index.php?rest_route=\/wp\/v2\/types\/post"}],"author":[{"embeddable":true,"href":"https:\/\/lequotidien.mr\/index.php?rest_route=\/wp\/v2\/users\/12"}],"replies":[{"embeddable":true,"href":"https:\/\/lequotidien.mr\/index.php?rest_route=%2Fwp%2Fv2%2Fcomments&post=24977"}],"version-history":[{"count":1,"href":"https:\/\/lequotidien.mr\/index.php?rest_route=\/wp\/v2\/posts\/24977\/revisions"}],"predecessor-version":[{"id":24979,"href":"https:\/\/lequotidien.mr\/index.php?rest_route=\/wp\/v2\/posts\/24977\/revisions\/24979"}],"wp:featuredmedia":[{"embeddable":true,"href":"https:\/\/lequotidien.mr\/index.php?rest_route=\/wp\/v2\/media\/24978"}],"wp:attachment":[{"href":"https:\/\/lequotidien.mr\/index.php?rest_route=%2Fwp%2Fv2%2Fmedia&parent=24977"}],"wp:term":[{"taxonomy":"category","embeddable":true,"href":"https:\/\/lequotidien.mr\/index.php?rest_route=%2Fwp%2Fv2%2Fcategories&post=24977"},{"taxonomy":"post_tag","embeddable":true,"href":"https:\/\/lequotidien.mr\/index.php?rest_route=%2Fwp%2Fv2%2Ftags&post=24977"}],"curies":[{"name":"wp","href":"https:\/\/api.w.org\/{rel}","templated":true}]}}