{"id":2489,"date":"2022-12-28T14:28:51","date_gmt":"2022-12-28T14:28:51","guid":{"rendered":"https:\/\/lequotidien.mr\/?p=2489"},"modified":"2022-12-28T14:28:51","modified_gmt":"2022-12-28T14:28:51","slug":"editorial-du-calame-chant-du-cygne","status":"publish","type":"post","link":"https:\/\/lequotidien.mr\/?p=2489&lang=fr","title":{"rendered":"Editorial du Calame : Chant du cygne ?"},"content":{"rendered":"<div class=\"field field-name-body field-type-text-with-summary field-label-hidden\">\n<div class=\"field-items\">\n<div class=\"field-item even\">\n<p>Le Calame &#8211; Apr\u00e8s une longue p\u00e9riode de gr\u00e2ce accord\u00e9e au pr\u00e9sident Ghazwani, une partie de l\u2019opposition (RFD, UFP ET UNAD) sort enfin de sa torpeur.<\/p>\n<p>D\u00e9\u00e7ue par l\u2019annulation du dialogue sur lequel elle fondait beaucoup d\u2019espoirs, elle a accept\u00e9 finalement de participer aux r\u00e9unions pr\u00e9paratoires pour les prochaines \u00e9lections initi\u00e9es par le minist\u00e8re de l\u2019Int\u00e9rieur. Mais l\u2019absence de dialogue lui est rest\u00e9e apparemment en travers de la gorge.<\/p>\n<p>En t\u00e9moigne le communiqu\u00e9 qu\u2019elle vient de publier\u00a0sous le titre\u00a0: \u00ab\u00a0Appel pour une politique de large entente nationale au service de l\u2019unit\u00e9, de la d\u00e9mocratie et de la stabilit\u00e9 de notre pays\u00a0\u00bb.<\/p>\n<p>\u00ab\u00a0\u00c0\u00a0la veille des \u00e9lections l\u00e9gislatives, r\u00e9gionales et municipales\u00a0\u00bb,\u00a0nous font\u00a0ainsi\u00a0savoir les trois partis susdits r\u00e9unis en une significative Coalition des Forces du Changement D\u00e9mocratique, \u00ab\u00a0la sc\u00e8ne politique\u00a0est caract\u00e9ris\u00e9e par la persistance et l\u2019acc\u00e9l\u00e9ration de facteurs de risques graves sur la stabilit\u00e9 et la paix,\u00a0[suite]\u00a0en grande partie \u00e0 la crise politique, \u00e9conomique et sociale qui perdure depuis des ann\u00e9es, dans un contexte mondial et r\u00e9gional particuli\u00e8rement instable et dangereux.\u00a0\u00bb<\/p>\n<p>Puis, apr\u00e8s avoir rappel\u00e9 les difficult\u00e9s de l\u2019opposition durant\u00a0\u00ab\u00a0la d\u00e9cennie de la gabegie\u00a0\u00bb,\u00a0le communiqu\u00e9 souligne \u00abla justesse [depuis l\u2019accession de Ghazwani au pouvoir] de la politique d\u2019apaisement du pr\u00e9sident de la R\u00e9publique et de l\u2019opposition d\u00e9mocratique, malgr\u00e9 certaines faiblesses et incons\u00e9quences.\u00a0\u00bb<\/p>\n<p>Mais \u00ab\u00a0alors que la classe politique, dans sa grande majorit\u00e9, cherchait \u00e0 approfondir et \u00e0 renforcer\u00a0ce climat d\u2019apaisement pour aboutir \u00e0 des r\u00e9formes consensuelles, certains milieux ext\u00e9rieurs \u00e0 l&#8217;opposition ont man\u0153uvr\u00e9 pour\u00a0susciter\u00a0une nouvelle polarisation politique, articul\u00e9e autour de l&#8217;alternative entre le choix de la confrontation et du retour \u00e0 la d\u00e9cennie de braises et son bilan catastrophique et le choix du changement pacifique dans un climat apais\u00e9.\u00a0[\u2026] D\u2019ores et d\u00e9j\u00e0, le paysage politique est marqu\u00e9 par cette ligne de fracture profonde et dangereuse. Dangereuse aussi serait l\u2019organisation d\u2019\u00e9lections dans ce climat d\u00e9l\u00e9t\u00e8re.\u00a0\u00bb<\/p>\n<p>Et d\u2019appeler en cons\u00e9quence \u00ab\u00a0toutes les forces politiques patriotiques, de tous bords, [\u00e0] anticiper sur les menaces qui p\u00e8sent sur notre pays, d\u00e9passer nos contradictions secondaires et nous engager dans la voie salutaire d\u2019une large entente nationale, quelle qu\u2019en soit la forme, seule \u00e0 m\u00eame\u00a0[\u2026]\u00a0de faire face aux dangers qui nous guettent.\u00a0\u00bb<\/p>\n<p>Il y a sans doute beaucoup (trop\u00a0?) \u00e0 lire entre les lignes.\u00a0Inqui\u00e9tude ou aveu d\u2019impuissance devant la mont\u00e9e des populismes identitaires, exacerb\u00e9s par l\u2019inflation galopante des prix et la mollesse du pouvoir \u00e0 corriger les hiatus sociaux \u2013 notamment ethnico-tribaux \u2013 cette mobilisation\u00a0a-t-elle\u00a0une chance d\u2019\u00eatre suivie de\u00a0r\u00e9els effets\u00a0?<\/p>\n<p>Elle\u00a0semble en tout cas avoir tout du chant du cygne\u2026 Et la menace\u00a0croissante\u00a0d\u2019une nouvelle r\u00e9cession mondiale \u2013 programm\u00e9e de longue date en l\u2019espoir de compenser les folies des produits financiers d\u00e9riv\u00e9s\u00a0? \u2013 n\u2019est certes pas de nature \u00e0 y entendre plut\u00f4t un hymne \u00e0 la r\u00e9surrection du sphinx\u2026<\/p>\n<p>Ahmed ould Cheikh<\/p>\n<p>&nbsp;<\/p>\n<\/div>\n<\/div>\n<\/div>\n<div class=\"sharethis-buttons\"><\/div>\n","protected":false},"excerpt":{"rendered":"<p>Le Calame &#8211; Apr\u00e8s une longue p\u00e9riode de gr\u00e2ce accord\u00e9e au pr\u00e9sident Ghazwani, une partie de l\u2019opposition (RFD, UFP ET UNAD) sort enfin de sa torpeur. D\u00e9\u00e7ue par l\u2019annulation du dialogue sur lequel elle fondait beaucoup d\u2019espoirs, elle a accept\u00e9 finalement de participer aux r\u00e9unions pr\u00e9paratoires pour les prochaines \u00e9lections initi\u00e9es par le minist\u00e8re de&#8230;..<\/p>\n","protected":false},"author":5,"featured_media":2490,"comment_status":"open","ping_status":"open","sticky":false,"template":"","format":"standard","meta":{"footnotes":""},"categories":[23,59],"tags":[],"class_list":["post-2489","post","type-post","status-publish","format-standard","has-post-thumbnail","hentry","category-actualite","category-opinion"],"yoast_head":"<!-- This site is optimized with the Yoast SEO plugin v27.5 - https:\/\/yoast.com\/product\/yoast-seo-wordpress\/ -->\n<title>Editorial du Calame : Chant du cygne ? - Le Quotidien de Nouakchott<\/title>\n<meta name=\"robots\" content=\"index, follow, max-snippet:-1, max-image-preview:large, max-video-preview:-1\" \/>\n<link rel=\"canonical\" href=\"https:\/\/lequotidien.mr\/?p=2489&lang=fr\" \/>\n<meta property=\"og:locale\" content=\"ar_AR\" \/>\n<meta property=\"og:type\" content=\"article\" \/>\n<meta property=\"og:title\" content=\"Editorial du Calame : Chant du cygne ? - Le Quotidien de Nouakchott\" \/>\n<meta property=\"og:description\" content=\"Le Calame &#8211; Apr\u00e8s une longue p\u00e9riode de gr\u00e2ce accord\u00e9e au pr\u00e9sident Ghazwani, une partie de l\u2019opposition (RFD, UFP ET UNAD) sort enfin de sa torpeur. D\u00e9\u00e7ue par l\u2019annulation du dialogue sur lequel elle fondait beaucoup d\u2019espoirs, elle a accept\u00e9 finalement de participer aux r\u00e9unions pr\u00e9paratoires pour les prochaines \u00e9lections initi\u00e9es par le minist\u00e8re de.....\" \/>\n<meta property=\"og:url\" content=\"https:\/\/lequotidien.mr\/?p=2489&amp;lang=fr\" \/>\n<meta property=\"og:site_name\" content=\"Le Quotidien de Nouakchott\" \/>\n<meta property=\"article:publisher\" content=\"https:\/\/web.facebook.com\/lequotidienmr\" \/>\n<meta property=\"article:published_time\" content=\"2022-12-28T14:28:51+00:00\" \/>\n<meta property=\"og:image\" content=\"https:\/\/lequotidien.mr\/wp-content\/uploads\/2022\/12\/ahmed_ould_cheikh_08_n.jpg\" \/>\n\t<meta property=\"og:image:width\" content=\"752\" \/>\n\t<meta property=\"og:image:height\" content=\"585\" \/>\n\t<meta property=\"og:image:type\" content=\"image\/jpeg\" \/>\n<meta name=\"author\" content=\"Gayi Diawara\" \/>\n<meta name=\"twitter:card\" content=\"summary_large_image\" \/>\n<meta name=\"twitter:creator\" content=\"@lequotidienmr\" \/>\n<meta name=\"twitter:site\" content=\"@lequotidienmr\" \/>\n<meta name=\"twitter:label1\" content=\"\u0643\u064f\u062a\u0628 \u0628\u0648\u0627\u0633\u0637\u0629\" \/>\n\t<meta name=\"twitter:data1\" content=\"Gayi Diawara\" \/>\n\t<meta name=\"twitter:label2\" content=\"\u0648\u0642\u062a \u0627\u0644\u0642\u0631\u0627\u0621\u0629 \u0627\u0644\u0645\u064f\u0642\u062f\u0651\u0631\" \/>\n\t<meta name=\"twitter:data2\" content=\"3 \u062f\u0642\u0627\u0626\u0642\" \/>\n<script type=\"application\/ld+json\" class=\"yoast-schema-graph\">{\"@context\":\"https:\\\/\\\/schema.org\",\"@graph\":[{\"@type\":\"Article\",\"@id\":\"https:\\\/\\\/lequotidien.mr\\\/?p=2489&lang=fr#article\",\"isPartOf\":{\"@id\":\"https:\\\/\\\/lequotidien.mr\\\/?p=2489&lang=fr\"},\"author\":{\"name\":\"Gayi Diawara\",\"@id\":\"https:\\\/\\\/lequotidien.mr\\\/#\\\/schema\\\/person\\\/1077c8abd5640a6514b909318d271dee\"},\"headline\":\"Editorial du Calame : Chant du cygne ?\",\"datePublished\":\"2022-12-28T14:28:51+00:00\",\"mainEntityOfPage\":{\"@id\":\"https:\\\/\\\/lequotidien.mr\\\/?p=2489&lang=fr\"},\"wordCount\":546,\"commentCount\":0,\"publisher\":{\"@id\":\"https:\\\/\\\/lequotidien.mr\\\/#organization\"},\"image\":{\"@id\":\"https:\\\/\\\/lequotidien.mr\\\/?p=2489&lang=fr#primaryimage\"},\"thumbnailUrl\":\"https:\\\/\\\/lequotidien.mr\\\/wp-content\\\/uploads\\\/2022\\\/12\\\/ahmed_ould_cheikh_08_n.jpg\",\"articleSection\":[\"ACTUALIT\u00c9\",\"Opinion\"],\"inLanguage\":\"ar\",\"potentialAction\":[{\"@type\":\"CommentAction\",\"name\":\"Comment\",\"target\":[\"https:\\\/\\\/lequotidien.mr\\\/?p=2489&lang=fr#respond\"]}]},{\"@type\":\"WebPage\",\"@id\":\"https:\\\/\\\/lequotidien.mr\\\/?p=2489&lang=fr\",\"url\":\"https:\\\/\\\/lequotidien.mr\\\/?p=2489&lang=fr\",\"name\":\"Editorial du Calame : Chant du cygne ? - Le Quotidien de Nouakchott\",\"isPartOf\":{\"@id\":\"https:\\\/\\\/lequotidien.mr\\\/#website\"},\"primaryImageOfPage\":{\"@id\":\"https:\\\/\\\/lequotidien.mr\\\/?p=2489&lang=fr#primaryimage\"},\"image\":{\"@id\":\"https:\\\/\\\/lequotidien.mr\\\/?p=2489&lang=fr#primaryimage\"},\"thumbnailUrl\":\"https:\\\/\\\/lequotidien.mr\\\/wp-content\\\/uploads\\\/2022\\\/12\\\/ahmed_ould_cheikh_08_n.jpg\",\"datePublished\":\"2022-12-28T14:28:51+00:00\",\"breadcrumb\":{\"@id\":\"https:\\\/\\\/lequotidien.mr\\\/?p=2489&lang=fr#breadcrumb\"},\"inLanguage\":\"ar\",\"potentialAction\":[{\"@type\":\"ReadAction\",\"target\":[\"https:\\\/\\\/lequotidien.mr\\\/?p=2489&lang=fr\"]}]},{\"@type\":\"ImageObject\",\"inLanguage\":\"ar\",\"@id\":\"https:\\\/\\\/lequotidien.mr\\\/?p=2489&lang=fr#primaryimage\",\"url\":\"https:\\\/\\\/lequotidien.mr\\\/wp-content\\\/uploads\\\/2022\\\/12\\\/ahmed_ould_cheikh_08_n.jpg\",\"contentUrl\":\"https:\\\/\\\/lequotidien.mr\\\/wp-content\\\/uploads\\\/2022\\\/12\\\/ahmed_ould_cheikh_08_n.jpg\",\"width\":752,\"height\":585},{\"@type\":\"BreadcrumbList\",\"@id\":\"https:\\\/\\\/lequotidien.mr\\\/?p=2489&lang=fr#breadcrumb\",\"itemListElement\":[{\"@type\":\"ListItem\",\"position\":1,\"name\":\"Home\",\"item\":\"https:\\\/\\\/lequotidien.mr\\\/\"},{\"@type\":\"ListItem\",\"position\":2,\"name\":\"Editorial du Calame : Chant du cygne ?\"}]},{\"@type\":\"WebSite\",\"@id\":\"https:\\\/\\\/lequotidien.mr\\\/#website\",\"url\":\"https:\\\/\\\/lequotidien.mr\\\/\",\"name\":\"Le Quotidien de Nouakchott\",\"description\":\"\u0625\u062e\u0628\u0627\u0631\u064a\u0629 \u0645\u0633\u062a\u0642\u0644\u0629 \u0644\u0644\u0623\u0646\u0628\u0627\u0621 \u0627\u0644\u0639\u0627\u0645\u0629\",\"publisher\":{\"@id\":\"https:\\\/\\\/lequotidien.mr\\\/#organization\"},\"potentialAction\":[{\"@type\":\"SearchAction\",\"target\":{\"@type\":\"EntryPoint\",\"urlTemplate\":\"https:\\\/\\\/lequotidien.mr\\\/?s={search_term_string}\"},\"query-input\":{\"@type\":\"PropertyValueSpecification\",\"valueRequired\":true,\"valueName\":\"search_term_string\"}}],\"inLanguage\":\"ar\"},{\"@type\":\"Organization\",\"@id\":\"https:\\\/\\\/lequotidien.mr\\\/#organization\",\"name\":\"Le Quotidien de Nouakchott\",\"url\":\"https:\\\/\\\/lequotidien.mr\\\/\",\"logo\":{\"@type\":\"ImageObject\",\"inLanguage\":\"ar\",\"@id\":\"https:\\\/\\\/lequotidien.mr\\\/#\\\/schema\\\/logo\\\/image\\\/\",\"url\":\"https:\\\/\\\/lequotidien.mr\\\/wp-content\\\/uploads\\\/2022\\\/11\\\/logolequotidien.jpg\",\"contentUrl\":\"https:\\\/\\\/lequotidien.mr\\\/wp-content\\\/uploads\\\/2022\\\/11\\\/logolequotidien.jpg\",\"width\":290,\"height\":65,\"caption\":\"Le Quotidien de Nouakchott\"},\"image\":{\"@id\":\"https:\\\/\\\/lequotidien.mr\\\/#\\\/schema\\\/logo\\\/image\\\/\"},\"sameAs\":[\"https:\\\/\\\/web.facebook.com\\\/lequotidienmr\",\"https:\\\/\\\/x.com\\\/lequotidienmr\"]},{\"@type\":\"Person\",\"@id\":\"https:\\\/\\\/lequotidien.mr\\\/#\\\/schema\\\/person\\\/1077c8abd5640a6514b909318d271dee\",\"name\":\"Gayi Diawara\",\"image\":{\"@type\":\"ImageObject\",\"inLanguage\":\"ar\",\"@id\":\"https:\\\/\\\/secure.gravatar.com\\\/avatar\\\/63ea8db1e19a6d2d608b24c0f78b5f3a7d6e0bc11959fec273410af333e4d0ac?s=96&d=mm&r=g\",\"url\":\"https:\\\/\\\/secure.gravatar.com\\\/avatar\\\/63ea8db1e19a6d2d608b24c0f78b5f3a7d6e0bc11959fec273410af333e4d0ac?s=96&d=mm&r=g\",\"contentUrl\":\"https:\\\/\\\/secure.gravatar.com\\\/avatar\\\/63ea8db1e19a6d2d608b24c0f78b5f3a7d6e0bc11959fec273410af333e4d0ac?s=96&d=mm&r=g\",\"caption\":\"Gayi Diawara\"},\"sameAs\":[\"http:\\\/\\\/lequotidien.mr\"],\"url\":\"https:\\\/\\\/lequotidien.mr\\\/?author=5\"}]}<\/script>\n<!-- \/ Yoast SEO plugin. -->","yoast_head_json":{"title":"Editorial du Calame : Chant du cygne ? - Le Quotidien de Nouakchott","robots":{"index":"index","follow":"follow","max-snippet":"max-snippet:-1","max-image-preview":"max-image-preview:large","max-video-preview":"max-video-preview:-1"},"canonical":"https:\/\/lequotidien.mr\/?p=2489&lang=fr","og_locale":"ar_AR","og_type":"article","og_title":"Editorial du Calame : Chant du cygne ? - Le Quotidien de Nouakchott","og_description":"Le Calame &#8211; Apr\u00e8s une longue p\u00e9riode de gr\u00e2ce accord\u00e9e au pr\u00e9sident Ghazwani, une partie de l\u2019opposition (RFD, UFP ET UNAD) sort enfin de sa torpeur. D\u00e9\u00e7ue par l\u2019annulation du dialogue sur lequel elle fondait beaucoup d\u2019espoirs, elle a accept\u00e9 finalement de participer aux r\u00e9unions pr\u00e9paratoires pour les prochaines \u00e9lections initi\u00e9es par le minist\u00e8re de.....","og_url":"https:\/\/lequotidien.mr\/?p=2489&lang=fr","og_site_name":"Le Quotidien de Nouakchott","article_publisher":"https:\/\/web.facebook.com\/lequotidienmr","article_published_time":"2022-12-28T14:28:51+00:00","og_image":[{"width":752,"height":585,"url":"https:\/\/lequotidien.mr\/wp-content\/uploads\/2022\/12\/ahmed_ould_cheikh_08_n.jpg","type":"image\/jpeg"}],"author":"Gayi Diawara","twitter_card":"summary_large_image","twitter_creator":"@lequotidienmr","twitter_site":"@lequotidienmr","twitter_misc":{"\u0643\u064f\u062a\u0628 \u0628\u0648\u0627\u0633\u0637\u0629":"Gayi Diawara","\u0648\u0642\u062a \u0627\u0644\u0642\u0631\u0627\u0621\u0629 \u0627\u0644\u0645\u064f\u0642\u062f\u0651\u0631":"3 \u062f\u0642\u0627\u0626\u0642"},"schema":{"@context":"https:\/\/schema.org","@graph":[{"@type":"Article","@id":"https:\/\/lequotidien.mr\/?p=2489&lang=fr#article","isPartOf":{"@id":"https:\/\/lequotidien.mr\/?p=2489&lang=fr"},"author":{"name":"Gayi Diawara","@id":"https:\/\/lequotidien.mr\/#\/schema\/person\/1077c8abd5640a6514b909318d271dee"},"headline":"Editorial du Calame : Chant du cygne ?","datePublished":"2022-12-28T14:28:51+00:00","mainEntityOfPage":{"@id":"https:\/\/lequotidien.mr\/?p=2489&lang=fr"},"wordCount":546,"commentCount":0,"publisher":{"@id":"https:\/\/lequotidien.mr\/#organization"},"image":{"@id":"https:\/\/lequotidien.mr\/?p=2489&lang=fr#primaryimage"},"thumbnailUrl":"https:\/\/lequotidien.mr\/wp-content\/uploads\/2022\/12\/ahmed_ould_cheikh_08_n.jpg","articleSection":["ACTUALIT\u00c9","Opinion"],"inLanguage":"ar","potentialAction":[{"@type":"CommentAction","name":"Comment","target":["https:\/\/lequotidien.mr\/?p=2489&lang=fr#respond"]}]},{"@type":"WebPage","@id":"https:\/\/lequotidien.mr\/?p=2489&lang=fr","url":"https:\/\/lequotidien.mr\/?p=2489&lang=fr","name":"Editorial du Calame : Chant du cygne ? - Le Quotidien de Nouakchott","isPartOf":{"@id":"https:\/\/lequotidien.mr\/#website"},"primaryImageOfPage":{"@id":"https:\/\/lequotidien.mr\/?p=2489&lang=fr#primaryimage"},"image":{"@id":"https:\/\/lequotidien.mr\/?p=2489&lang=fr#primaryimage"},"thumbnailUrl":"https:\/\/lequotidien.mr\/wp-content\/uploads\/2022\/12\/ahmed_ould_cheikh_08_n.jpg","datePublished":"2022-12-28T14:28:51+00:00","breadcrumb":{"@id":"https:\/\/lequotidien.mr\/?p=2489&lang=fr#breadcrumb"},"inLanguage":"ar","potentialAction":[{"@type":"ReadAction","target":["https:\/\/lequotidien.mr\/?p=2489&lang=fr"]}]},{"@type":"ImageObject","inLanguage":"ar","@id":"https:\/\/lequotidien.mr\/?p=2489&lang=fr#primaryimage","url":"https:\/\/lequotidien.mr\/wp-content\/uploads\/2022\/12\/ahmed_ould_cheikh_08_n.jpg","contentUrl":"https:\/\/lequotidien.mr\/wp-content\/uploads\/2022\/12\/ahmed_ould_cheikh_08_n.jpg","width":752,"height":585},{"@type":"BreadcrumbList","@id":"https:\/\/lequotidien.mr\/?p=2489&lang=fr#breadcrumb","itemListElement":[{"@type":"ListItem","position":1,"name":"Home","item":"https:\/\/lequotidien.mr\/"},{"@type":"ListItem","position":2,"name":"Editorial du Calame : Chant du cygne ?"}]},{"@type":"WebSite","@id":"https:\/\/lequotidien.mr\/#website","url":"https:\/\/lequotidien.mr\/","name":"Le Quotidien de Nouakchott","description":"\u0625\u062e\u0628\u0627\u0631\u064a\u0629 \u0645\u0633\u062a\u0642\u0644\u0629 \u0644\u0644\u0623\u0646\u0628\u0627\u0621 \u0627\u0644\u0639\u0627\u0645\u0629","publisher":{"@id":"https:\/\/lequotidien.mr\/#organization"},"potentialAction":[{"@type":"SearchAction","target":{"@type":"EntryPoint","urlTemplate":"https:\/\/lequotidien.mr\/?s={search_term_string}"},"query-input":{"@type":"PropertyValueSpecification","valueRequired":true,"valueName":"search_term_string"}}],"inLanguage":"ar"},{"@type":"Organization","@id":"https:\/\/lequotidien.mr\/#organization","name":"Le Quotidien de Nouakchott","url":"https:\/\/lequotidien.mr\/","logo":{"@type":"ImageObject","inLanguage":"ar","@id":"https:\/\/lequotidien.mr\/#\/schema\/logo\/image\/","url":"https:\/\/lequotidien.mr\/wp-content\/uploads\/2022\/11\/logolequotidien.jpg","contentUrl":"https:\/\/lequotidien.mr\/wp-content\/uploads\/2022\/11\/logolequotidien.jpg","width":290,"height":65,"caption":"Le Quotidien de Nouakchott"},"image":{"@id":"https:\/\/lequotidien.mr\/#\/schema\/logo\/image\/"},"sameAs":["https:\/\/web.facebook.com\/lequotidienmr","https:\/\/x.com\/lequotidienmr"]},{"@type":"Person","@id":"https:\/\/lequotidien.mr\/#\/schema\/person\/1077c8abd5640a6514b909318d271dee","name":"Gayi Diawara","image":{"@type":"ImageObject","inLanguage":"ar","@id":"https:\/\/secure.gravatar.com\/avatar\/63ea8db1e19a6d2d608b24c0f78b5f3a7d6e0bc11959fec273410af333e4d0ac?s=96&d=mm&r=g","url":"https:\/\/secure.gravatar.com\/avatar\/63ea8db1e19a6d2d608b24c0f78b5f3a7d6e0bc11959fec273410af333e4d0ac?s=96&d=mm&r=g","contentUrl":"https:\/\/secure.gravatar.com\/avatar\/63ea8db1e19a6d2d608b24c0f78b5f3a7d6e0bc11959fec273410af333e4d0ac?s=96&d=mm&r=g","caption":"Gayi Diawara"},"sameAs":["http:\/\/lequotidien.mr"],"url":"https:\/\/lequotidien.mr\/?author=5"}]}},"_links":{"self":[{"href":"https:\/\/lequotidien.mr\/index.php?rest_route=\/wp\/v2\/posts\/2489","targetHints":{"allow":["GET"]}}],"collection":[{"href":"https:\/\/lequotidien.mr\/index.php?rest_route=\/wp\/v2\/posts"}],"about":[{"href":"https:\/\/lequotidien.mr\/index.php?rest_route=\/wp\/v2\/types\/post"}],"author":[{"embeddable":true,"href":"https:\/\/lequotidien.mr\/index.php?rest_route=\/wp\/v2\/users\/5"}],"replies":[{"embeddable":true,"href":"https:\/\/lequotidien.mr\/index.php?rest_route=%2Fwp%2Fv2%2Fcomments&post=2489"}],"version-history":[{"count":1,"href":"https:\/\/lequotidien.mr\/index.php?rest_route=\/wp\/v2\/posts\/2489\/revisions"}],"predecessor-version":[{"id":2491,"href":"https:\/\/lequotidien.mr\/index.php?rest_route=\/wp\/v2\/posts\/2489\/revisions\/2491"}],"wp:featuredmedia":[{"embeddable":true,"href":"https:\/\/lequotidien.mr\/index.php?rest_route=\/wp\/v2\/media\/2490"}],"wp:attachment":[{"href":"https:\/\/lequotidien.mr\/index.php?rest_route=%2Fwp%2Fv2%2Fmedia&parent=2489"}],"wp:term":[{"taxonomy":"category","embeddable":true,"href":"https:\/\/lequotidien.mr\/index.php?rest_route=%2Fwp%2Fv2%2Fcategories&post=2489"},{"taxonomy":"post_tag","embeddable":true,"href":"https:\/\/lequotidien.mr\/index.php?rest_route=%2Fwp%2Fv2%2Ftags&post=2489"}],"curies":[{"name":"wp","href":"https:\/\/api.w.org\/{rel}","templated":true}]}}