{"id":24866,"date":"2025-01-25T13:33:58","date_gmt":"2025-01-25T13:33:58","guid":{"rendered":"https:\/\/lequotidien.mr\/?p=24866"},"modified":"2025-01-25T13:34:23","modified_gmt":"2025-01-25T13:34:23","slug":"bilan-2024-et-cap-2025-mokhtar-ould-djay-engage-le-gouvernement-dans-une-dynamique-de-resultats","status":"publish","type":"post","link":"https:\/\/lequotidien.mr\/?p=24866&lang=fr","title":{"rendered":"Bilan 2024 et cap 2025 : Moctar Ould Djay engage le gouvernement dans une dynamique de r\u00e9sultats"},"content":{"rendered":"<p>Le Premier ministre mauritanien, Moctar Ould Djay, a pr\u00e9sent\u00e9 devant le Parlement un discours exhaustif, r\u00e9capitulant les r\u00e9alisations du gouvernement pour l&#8217;ann\u00e9e 2024 et exposant les perspectives ambitieuses pour 2025. Cette intervention, align\u00e9e sur la vision pr\u00e9sidentielle \u00ab Mon Ambition Pour la Patrie \u00bb, s\u2019est articul\u00e9e autour de cinq axes strat\u00e9giques et a mis en avant des r\u00e9sultats concrets ainsi que des engagements tenus.<\/p>\n<p><strong>Bilan d\u00e9taill\u00e9 de l\u2019ann\u00e9e 2024<\/strong><\/p>\n<p>Le Premier ministre a structur\u00e9 son bilan selon les cinq axes principaux :<\/p>\n<ol>\n<li><strong>\u00c9dification de l&#8217;\u00c9tat de droit et des institutions solides<\/strong> : Le gouvernement a \u0153uvr\u00e9 \u00e0 renforcer les droits de l\u2019homme, \u00e0 am\u00e9liorer la gouvernance et \u00e0 lutter contre la corruption, notamment gr\u00e2ce \u00e0 la cr\u00e9ation d\u2019une autorit\u00e9 nationale d\u00e9di\u00e9e et \u00e0 la r\u00e9forme du syst\u00e8me judiciaire. Des infrastructures judiciaires modernes ont \u00e9t\u00e9 mises en place pour accro\u00eetre l\u2019efficacit\u00e9 du syst\u00e8me.<\/li>\n<li><strong>D\u00e9veloppement d&#8217;une \u00e9conomie performante et durable<\/strong> : La Mauritanie a enregistr\u00e9 un taux de croissance de 5 % et une inflation ma\u00eetris\u00e9e \u00e0 2,5 %. Le gouvernement a lanc\u00e9 d\u2019importants projets, tels que l\u2019\u00e9lectrification des zones agricoles, l\u2019am\u00e9lioration des infrastructures hydrauliques et la r\u00e9habilitation du r\u00e9seau routier.<\/li>\n<li><strong>Promotion du capital humain<\/strong> : Le gouvernement a intensifi\u00e9 ses efforts pour renforcer l\u2019\u00e9ducation et la sant\u00e9. Plus de 1 000 nouvelles salles de classe ont \u00e9t\u00e9 construites, et 1 938 enseignants ont \u00e9t\u00e9 recrut\u00e9s. Dans le domaine de la sant\u00e9, des h\u00f4pitaux modernis\u00e9s, comme celui de S\u00e9libaby, et une extension de la couverture d\u2019assurance maladie ont b\u00e9n\u00e9fici\u00e9 \u00e0 des milliers de citoyens.<\/li>\n<li><strong>Renforcement de l\u2019unit\u00e9 nationale et de la coh\u00e9sion sociale<\/strong> : Des programmes sociaux ont permis d\u2019aider les familles vuln\u00e9rables via des transferts mon\u00e9taires et des subventions pour stabiliser les prix des denr\u00e9es essentielles. L\u2019am\u00e9lioration des infrastructures dans les quartiers populaires a \u00e9galement \u00e9t\u00e9 une priorit\u00e9.<\/li>\n<li><strong>S\u00e9curit\u00e9 et stabilit\u00e9<\/strong> : Le gouvernement a modernis\u00e9 les forces de d\u00e9fense et de s\u00e9curit\u00e9 tout en promouvant une diplomatie active pour renforcer le r\u00f4le r\u00e9gional de la Mauritanie.<\/li>\n<\/ol>\n<p><strong>Avancement des projets prioritaires<\/strong><\/p>\n<p>Dans la continuit\u00e9 de ses engagements, le Premier ministre a d\u00e9taill\u00e9 l\u2019\u00e9tat d\u2019avancement de projets et r\u00e9formes essentiels :<\/p>\n<ol>\n<li><strong>Chantier des grands projets<\/strong> :\n<ul>\n<li><strong>13 projets prioritaires<\/strong> ont \u00e9t\u00e9 identifi\u00e9s, parmi lesquels 11 ont \u00e9t\u00e9 finalis\u00e9s, dont l\u2019usine de dessalement d\u2019eau de mer \u00e0 Nouadhibou et le centre p\u00e9nitencier de Nouakchott Sud.<\/li>\n<li>D\u2019autres projets, comme le pont de Madrid et l\u2019extension du Centre Hospitalier National, avancent malgr\u00e9 des retards imputables \u00e0 des contraintes externes.<\/li>\n<\/ul>\n<\/li>\n<li><strong>Projets en cours de lancement<\/strong> :\n<ul>\n<li>Neuf projets strat\u00e9giques ont vu leurs premi\u00e8res pierres pos\u00e9es, notamment le projet d\u2019assainissement de Nouakchott et le renforcement de l\u2019approvisionnement en eau \u00e0 Kiffa.<\/li>\n<li>Des \u00e9tudes de faisabilit\u00e9 pour des infrastructures innovantes, telles qu\u2019une ligne de tramway \u00e0 Nouadhibou et deux lignes ferroviaires reliant Nouakchott \u00e0 Choum et au Mali, sont en cours et devraient \u00eatre finalis\u00e9es d\u2019ici mars 2025.<\/li>\n<\/ul>\n<\/li>\n<li><strong>Programmes d\u2019intervention rapide<\/strong> :\n<ul>\n<li>Des initiatives ont \u00e9t\u00e9 mises en \u0153uvre pour stabiliser les prix des produits de base, \u00e9tendre l\u2019assurance maladie aux \u00e9tudiants de l\u2019enseignement sup\u00e9rieur et d\u00e9velopper le service civique.<\/li>\n<li>Le programme pilote \u00ab Nouakchott, une ville facile \u00e0 vivre \u00bb vise \u00e0 am\u00e9liorer les infrastructures urbaines des neuf communes de la capitale.<\/li>\n<\/ul>\n<\/li>\n<li><strong>Participation citoyenne et contr\u00f4le<\/strong> :\n<ul>\n<li>Des plateformes num\u00e9riques comme \u00ab A\u00efn \u00bb ont \u00e9t\u00e9 d\u00e9ploy\u00e9es pour permettre aux citoyens de signaler des dysfonctionnements. \u00c0 ce jour, plus de 3 600 plaintes ont \u00e9t\u00e9 re\u00e7ues, dont 94 % ont \u00e9t\u00e9 trait\u00e9es.<\/li>\n<li>Des communaut\u00e9s \u00e9ducatives et sanitaires ont \u00e9galement \u00e9t\u00e9 mises en place pour am\u00e9liorer la coordination entre les acteurs locaux et les autorit\u00e9s centrales.<\/li>\n<\/ul>\n<\/li>\n<li><strong>R\u00e9formes et \u00e9tudes strat\u00e9giques<\/strong> :\n<ul>\n<li>Le gouvernement a lanc\u00e9 des \u00e9tudes pour r\u00e9former le syst\u00e8me de retraite, r\u00e9viser les codes des march\u00e9s publics et des investissements, et structurer les partenariats public-priv\u00e9.<\/li>\n<\/ul>\n<\/li>\n<\/ol>\n<p><strong>Perspectives pour 2025<\/strong><\/p>\n<p>Le Premier ministre a pr\u00e9sent\u00e9 les ambitions pour l\u2019ann\u00e9e \u00e0 venir, en insistant sur :<\/p>\n<ul>\n<li><strong>L\u2019ach\u00e8vement des grands projets en cours<\/strong>, tels que le pont de l\u2019Amiti\u00e9 \u00e0 Nouakchott et les entrep\u00f4ts d\u2019hydrocarbures.<\/li>\n<li><strong>Le lancement de nouveaux projets strat\u00e9giques<\/strong>, notamment dans les \u00e9nergies renouvelables et l\u2019hydrog\u00e8ne vert.<\/li>\n<li><strong>Le renforcement des r\u00e9formes<\/strong>, avec un accent particulier sur la transparence dans les march\u00e9s publics, la modernisation des infrastructures et l\u2019am\u00e9lioration des services publics.<\/li>\n<\/ul>\n<p><strong>\u00a0<\/strong>Le discours de Moctar Ould Djay a permis de mettre en lumi\u00e8re les avanc\u00e9es significatives r\u00e9alis\u00e9es par le gouvernement en 2024, tout en soulignant son engagement \u00e0 maintenir la dynamique de d\u00e9veloppement en 2025. Tout en reconnaissant les d\u00e9fis rencontr\u00e9s, le Premier ministre a insist\u00e9 sur l\u2019importance de la coordination et du suivi rigoureux pour atteindre les objectifs fix\u00e9s. Ce discours refl\u00e8te donc une ambition gouvernementale marqu\u00e9e par une volont\u00e9 de progr\u00e8s, d\u2019inclusivit\u00e9 et de durabilit\u00e9.<\/p>\n<h3><\/h3>\n","protected":false},"excerpt":{"rendered":"<p>Le Premier ministre mauritanien, Moctar Ould Djay, a pr\u00e9sent\u00e9 devant le Parlement un discours exhaustif, r\u00e9capitulant les r\u00e9alisations du gouvernement pour l&#8217;ann\u00e9e 2024 et exposant les perspectives ambitieuses pour 2025. Cette intervention, align\u00e9e sur la vision pr\u00e9sidentielle \u00ab Mon Ambition Pour la Patrie \u00bb, s\u2019est articul\u00e9e autour de cinq axes strat\u00e9giques et a mis en&#8230;..<\/p>\n","protected":false},"author":4,"featured_media":24867,"comment_status":"open","ping_status":"open","sticky":false,"template":"","format":"standard","meta":{"footnotes":""},"categories":[23,57],"tags":[],"class_list":["post-24866","post","type-post","status-publish","format-standard","has-post-thumbnail","hentry","category-actualite","category-couverture-specilale"],"yoast_head":"<!-- This site is optimized with the Yoast SEO plugin v27.5 - https:\/\/yoast.com\/product\/yoast-seo-wordpress\/ -->\n<title>Bilan 2024 et cap 2025 : Moctar Ould Djay engage le gouvernement dans une dynamique de r\u00e9sultats - Le Quotidien de Nouakchott<\/title>\n<meta name=\"robots\" content=\"index, follow, max-snippet:-1, max-image-preview:large, max-video-preview:-1\" \/>\n<link rel=\"canonical\" href=\"https:\/\/lequotidien.mr\/?p=24866&lang=fr\" \/>\n<meta property=\"og:locale\" content=\"ar_AR\" \/>\n<meta property=\"og:type\" content=\"article\" \/>\n<meta property=\"og:title\" content=\"Bilan 2024 et cap 2025 : Moctar Ould Djay engage le gouvernement dans une dynamique de r\u00e9sultats - Le Quotidien de Nouakchott\" \/>\n<meta property=\"og:description\" content=\"Le Premier ministre mauritanien, Moctar Ould Djay, a pr\u00e9sent\u00e9 devant le Parlement un discours exhaustif, r\u00e9capitulant les r\u00e9alisations du gouvernement pour l&#8217;ann\u00e9e 2024 et exposant les perspectives ambitieuses pour 2025. Cette intervention, align\u00e9e sur la vision pr\u00e9sidentielle \u00ab Mon Ambition Pour la Patrie \u00bb, s\u2019est articul\u00e9e autour de cinq axes strat\u00e9giques et a mis en.....\" \/>\n<meta property=\"og:url\" content=\"https:\/\/lequotidien.mr\/?p=24866&amp;lang=fr\" \/>\n<meta property=\"og:site_name\" content=\"Le Quotidien de Nouakchott\" \/>\n<meta property=\"article:publisher\" content=\"https:\/\/web.facebook.com\/lequotidienmr\" \/>\n<meta property=\"article:published_time\" content=\"2025-01-25T13:33:58+00:00\" \/>\n<meta property=\"article:modified_time\" content=\"2025-01-25T13:34:23+00:00\" \/>\n<meta property=\"og:image\" content=\"https:\/\/lequotidien.mr\/wp-content\/uploads\/2025\/01\/moctar-djay.jpeg\" \/>\n\t<meta property=\"og:image:width\" content=\"275\" \/>\n\t<meta property=\"og:image:height\" content=\"183\" \/>\n\t<meta property=\"og:image:type\" content=\"image\/jpeg\" \/>\n<meta name=\"author\" content=\"Le Quotidien\" \/>\n<meta name=\"twitter:card\" content=\"summary_large_image\" \/>\n<meta name=\"twitter:creator\" content=\"@lequotidienmr\" \/>\n<meta name=\"twitter:site\" content=\"@lequotidienmr\" \/>\n<meta name=\"twitter:label1\" content=\"\u0643\u064f\u062a\u0628 \u0628\u0648\u0627\u0633\u0637\u0629\" \/>\n\t<meta name=\"twitter:data1\" content=\"Le Quotidien\" \/>\n\t<meta name=\"twitter:label2\" content=\"\u0648\u0642\u062a \u0627\u0644\u0642\u0631\u0627\u0621\u0629 \u0627\u0644\u0645\u064f\u0642\u062f\u0651\u0631\" \/>\n\t<meta name=\"twitter:data2\" content=\"4 \u062f\u0642\u0627\u0626\u0642\" \/>\n<script type=\"application\/ld+json\" class=\"yoast-schema-graph\">{\"@context\":\"https:\\\/\\\/schema.org\",\"@graph\":[{\"@type\":\"Article\",\"@id\":\"https:\\\/\\\/lequotidien.mr\\\/?p=24866&lang=fr#article\",\"isPartOf\":{\"@id\":\"https:\\\/\\\/lequotidien.mr\\\/?p=24866&lang=fr\"},\"author\":{\"name\":\"Le Quotidien\",\"@id\":\"https:\\\/\\\/lequotidien.mr\\\/#\\\/schema\\\/person\\\/f90fcdaa970c60288de4ed2e64a56472\"},\"headline\":\"Bilan 2024 et cap 2025 : Moctar Ould Djay engage le gouvernement dans une dynamique de r\u00e9sultats\",\"datePublished\":\"2025-01-25T13:33:58+00:00\",\"dateModified\":\"2025-01-25T13:34:23+00:00\",\"mainEntityOfPage\":{\"@id\":\"https:\\\/\\\/lequotidien.mr\\\/?p=24866&lang=fr\"},\"wordCount\":853,\"commentCount\":0,\"publisher\":{\"@id\":\"https:\\\/\\\/lequotidien.mr\\\/#organization\"},\"image\":{\"@id\":\"https:\\\/\\\/lequotidien.mr\\\/?p=24866&lang=fr#primaryimage\"},\"thumbnailUrl\":\"https:\\\/\\\/lequotidien.mr\\\/wp-content\\\/uploads\\\/2025\\\/01\\\/moctar-djay.jpeg\",\"articleSection\":[\"ACTUALIT\u00c9\",\"Couverture sp\u00e9cilale\"],\"inLanguage\":\"ar\",\"potentialAction\":[{\"@type\":\"CommentAction\",\"name\":\"Comment\",\"target\":[\"https:\\\/\\\/lequotidien.mr\\\/?p=24866&lang=fr#respond\"]}]},{\"@type\":\"WebPage\",\"@id\":\"https:\\\/\\\/lequotidien.mr\\\/?p=24866&lang=fr\",\"url\":\"https:\\\/\\\/lequotidien.mr\\\/?p=24866&lang=fr\",\"name\":\"Bilan 2024 et cap 2025 : Moctar Ould Djay engage le gouvernement dans une dynamique de r\u00e9sultats - Le Quotidien de Nouakchott\",\"isPartOf\":{\"@id\":\"https:\\\/\\\/lequotidien.mr\\\/#website\"},\"primaryImageOfPage\":{\"@id\":\"https:\\\/\\\/lequotidien.mr\\\/?p=24866&lang=fr#primaryimage\"},\"image\":{\"@id\":\"https:\\\/\\\/lequotidien.mr\\\/?p=24866&lang=fr#primaryimage\"},\"thumbnailUrl\":\"https:\\\/\\\/lequotidien.mr\\\/wp-content\\\/uploads\\\/2025\\\/01\\\/moctar-djay.jpeg\",\"datePublished\":\"2025-01-25T13:33:58+00:00\",\"dateModified\":\"2025-01-25T13:34:23+00:00\",\"breadcrumb\":{\"@id\":\"https:\\\/\\\/lequotidien.mr\\\/?p=24866&lang=fr#breadcrumb\"},\"inLanguage\":\"ar\",\"potentialAction\":[{\"@type\":\"ReadAction\",\"target\":[\"https:\\\/\\\/lequotidien.mr\\\/?p=24866&lang=fr\"]}]},{\"@type\":\"ImageObject\",\"inLanguage\":\"ar\",\"@id\":\"https:\\\/\\\/lequotidien.mr\\\/?p=24866&lang=fr#primaryimage\",\"url\":\"https:\\\/\\\/lequotidien.mr\\\/wp-content\\\/uploads\\\/2025\\\/01\\\/moctar-djay.jpeg\",\"contentUrl\":\"https:\\\/\\\/lequotidien.mr\\\/wp-content\\\/uploads\\\/2025\\\/01\\\/moctar-djay.jpeg\",\"width\":275,\"height\":183},{\"@type\":\"BreadcrumbList\",\"@id\":\"https:\\\/\\\/lequotidien.mr\\\/?p=24866&lang=fr#breadcrumb\",\"itemListElement\":[{\"@type\":\"ListItem\",\"position\":1,\"name\":\"Home\",\"item\":\"https:\\\/\\\/lequotidien.mr\\\/\"},{\"@type\":\"ListItem\",\"position\":2,\"name\":\"Bilan 2024 et cap 2025 : Moctar Ould Djay engage le gouvernement dans une dynamique de r\u00e9sultats\"}]},{\"@type\":\"WebSite\",\"@id\":\"https:\\\/\\\/lequotidien.mr\\\/#website\",\"url\":\"https:\\\/\\\/lequotidien.mr\\\/\",\"name\":\"Le Quotidien de Nouakchott\",\"description\":\"\u0625\u062e\u0628\u0627\u0631\u064a\u0629 \u0645\u0633\u062a\u0642\u0644\u0629 \u0644\u0644\u0623\u0646\u0628\u0627\u0621 \u0627\u0644\u0639\u0627\u0645\u0629\",\"publisher\":{\"@id\":\"https:\\\/\\\/lequotidien.mr\\\/#organization\"},\"potentialAction\":[{\"@type\":\"SearchAction\",\"target\":{\"@type\":\"EntryPoint\",\"urlTemplate\":\"https:\\\/\\\/lequotidien.mr\\\/?s={search_term_string}\"},\"query-input\":{\"@type\":\"PropertyValueSpecification\",\"valueRequired\":true,\"valueName\":\"search_term_string\"}}],\"inLanguage\":\"ar\"},{\"@type\":\"Organization\",\"@id\":\"https:\\\/\\\/lequotidien.mr\\\/#organization\",\"name\":\"Le Quotidien de Nouakchott\",\"url\":\"https:\\\/\\\/lequotidien.mr\\\/\",\"logo\":{\"@type\":\"ImageObject\",\"inLanguage\":\"ar\",\"@id\":\"https:\\\/\\\/lequotidien.mr\\\/#\\\/schema\\\/logo\\\/image\\\/\",\"url\":\"https:\\\/\\\/lequotidien.mr\\\/wp-content\\\/uploads\\\/2022\\\/11\\\/logolequotidien.jpg\",\"contentUrl\":\"https:\\\/\\\/lequotidien.mr\\\/wp-content\\\/uploads\\\/2022\\\/11\\\/logolequotidien.jpg\",\"width\":290,\"height\":65,\"caption\":\"Le Quotidien de Nouakchott\"},\"image\":{\"@id\":\"https:\\\/\\\/lequotidien.mr\\\/#\\\/schema\\\/logo\\\/image\\\/\"},\"sameAs\":[\"https:\\\/\\\/web.facebook.com\\\/lequotidienmr\",\"https:\\\/\\\/x.com\\\/lequotidienmr\"]},{\"@type\":\"Person\",\"@id\":\"https:\\\/\\\/lequotidien.mr\\\/#\\\/schema\\\/person\\\/f90fcdaa970c60288de4ed2e64a56472\",\"name\":\"Le Quotidien\",\"image\":{\"@type\":\"ImageObject\",\"inLanguage\":\"ar\",\"@id\":\"https:\\\/\\\/secure.gravatar.com\\\/avatar\\\/374cb39a1a458a912465a93e5a3ce6546886fc3da809a1f10c63e4e8fcbca30f?s=96&d=mm&r=g\",\"url\":\"https:\\\/\\\/secure.gravatar.com\\\/avatar\\\/374cb39a1a458a912465a93e5a3ce6546886fc3da809a1f10c63e4e8fcbca30f?s=96&d=mm&r=g\",\"contentUrl\":\"https:\\\/\\\/secure.gravatar.com\\\/avatar\\\/374cb39a1a458a912465a93e5a3ce6546886fc3da809a1f10c63e4e8fcbca30f?s=96&d=mm&r=g\",\"caption\":\"Le Quotidien\"},\"sameAs\":[\"https:\\\/\\\/lequotidien.mr\\\/\"],\"url\":\"https:\\\/\\\/lequotidien.mr\\\/?author=4\"}]}<\/script>\n<!-- \/ Yoast SEO plugin. -->","yoast_head_json":{"title":"Bilan 2024 et cap 2025 : Moctar Ould Djay engage le gouvernement dans une dynamique de r\u00e9sultats - Le Quotidien de Nouakchott","robots":{"index":"index","follow":"follow","max-snippet":"max-snippet:-1","max-image-preview":"max-image-preview:large","max-video-preview":"max-video-preview:-1"},"canonical":"https:\/\/lequotidien.mr\/?p=24866&lang=fr","og_locale":"ar_AR","og_type":"article","og_title":"Bilan 2024 et cap 2025 : Moctar Ould Djay engage le gouvernement dans une dynamique de r\u00e9sultats - Le Quotidien de Nouakchott","og_description":"Le Premier ministre mauritanien, Moctar Ould Djay, a pr\u00e9sent\u00e9 devant le Parlement un discours exhaustif, r\u00e9capitulant les r\u00e9alisations du gouvernement pour l&#8217;ann\u00e9e 2024 et exposant les perspectives ambitieuses pour 2025. Cette intervention, align\u00e9e sur la vision pr\u00e9sidentielle \u00ab Mon Ambition Pour la Patrie \u00bb, s\u2019est articul\u00e9e autour de cinq axes strat\u00e9giques et a mis en.....","og_url":"https:\/\/lequotidien.mr\/?p=24866&lang=fr","og_site_name":"Le Quotidien de Nouakchott","article_publisher":"https:\/\/web.facebook.com\/lequotidienmr","article_published_time":"2025-01-25T13:33:58+00:00","article_modified_time":"2025-01-25T13:34:23+00:00","og_image":[{"width":275,"height":183,"url":"https:\/\/lequotidien.mr\/wp-content\/uploads\/2025\/01\/moctar-djay.jpeg","type":"image\/jpeg"}],"author":"Le Quotidien","twitter_card":"summary_large_image","twitter_creator":"@lequotidienmr","twitter_site":"@lequotidienmr","twitter_misc":{"\u0643\u064f\u062a\u0628 \u0628\u0648\u0627\u0633\u0637\u0629":"Le Quotidien","\u0648\u0642\u062a \u0627\u0644\u0642\u0631\u0627\u0621\u0629 \u0627\u0644\u0645\u064f\u0642\u062f\u0651\u0631":"4 \u062f\u0642\u0627\u0626\u0642"},"schema":{"@context":"https:\/\/schema.org","@graph":[{"@type":"Article","@id":"https:\/\/lequotidien.mr\/?p=24866&lang=fr#article","isPartOf":{"@id":"https:\/\/lequotidien.mr\/?p=24866&lang=fr"},"author":{"name":"Le Quotidien","@id":"https:\/\/lequotidien.mr\/#\/schema\/person\/f90fcdaa970c60288de4ed2e64a56472"},"headline":"Bilan 2024 et cap 2025 : Moctar Ould Djay engage le gouvernement dans une dynamique de r\u00e9sultats","datePublished":"2025-01-25T13:33:58+00:00","dateModified":"2025-01-25T13:34:23+00:00","mainEntityOfPage":{"@id":"https:\/\/lequotidien.mr\/?p=24866&lang=fr"},"wordCount":853,"commentCount":0,"publisher":{"@id":"https:\/\/lequotidien.mr\/#organization"},"image":{"@id":"https:\/\/lequotidien.mr\/?p=24866&lang=fr#primaryimage"},"thumbnailUrl":"https:\/\/lequotidien.mr\/wp-content\/uploads\/2025\/01\/moctar-djay.jpeg","articleSection":["ACTUALIT\u00c9","Couverture sp\u00e9cilale"],"inLanguage":"ar","potentialAction":[{"@type":"CommentAction","name":"Comment","target":["https:\/\/lequotidien.mr\/?p=24866&lang=fr#respond"]}]},{"@type":"WebPage","@id":"https:\/\/lequotidien.mr\/?p=24866&lang=fr","url":"https:\/\/lequotidien.mr\/?p=24866&lang=fr","name":"Bilan 2024 et cap 2025 : Moctar Ould Djay engage le gouvernement dans une dynamique de r\u00e9sultats - Le Quotidien de Nouakchott","isPartOf":{"@id":"https:\/\/lequotidien.mr\/#website"},"primaryImageOfPage":{"@id":"https:\/\/lequotidien.mr\/?p=24866&lang=fr#primaryimage"},"image":{"@id":"https:\/\/lequotidien.mr\/?p=24866&lang=fr#primaryimage"},"thumbnailUrl":"https:\/\/lequotidien.mr\/wp-content\/uploads\/2025\/01\/moctar-djay.jpeg","datePublished":"2025-01-25T13:33:58+00:00","dateModified":"2025-01-25T13:34:23+00:00","breadcrumb":{"@id":"https:\/\/lequotidien.mr\/?p=24866&lang=fr#breadcrumb"},"inLanguage":"ar","potentialAction":[{"@type":"ReadAction","target":["https:\/\/lequotidien.mr\/?p=24866&lang=fr"]}]},{"@type":"ImageObject","inLanguage":"ar","@id":"https:\/\/lequotidien.mr\/?p=24866&lang=fr#primaryimage","url":"https:\/\/lequotidien.mr\/wp-content\/uploads\/2025\/01\/moctar-djay.jpeg","contentUrl":"https:\/\/lequotidien.mr\/wp-content\/uploads\/2025\/01\/moctar-djay.jpeg","width":275,"height":183},{"@type":"BreadcrumbList","@id":"https:\/\/lequotidien.mr\/?p=24866&lang=fr#breadcrumb","itemListElement":[{"@type":"ListItem","position":1,"name":"Home","item":"https:\/\/lequotidien.mr\/"},{"@type":"ListItem","position":2,"name":"Bilan 2024 et cap 2025 : Moctar Ould Djay engage le gouvernement dans une dynamique de r\u00e9sultats"}]},{"@type":"WebSite","@id":"https:\/\/lequotidien.mr\/#website","url":"https:\/\/lequotidien.mr\/","name":"Le Quotidien de Nouakchott","description":"\u0625\u062e\u0628\u0627\u0631\u064a\u0629 \u0645\u0633\u062a\u0642\u0644\u0629 \u0644\u0644\u0623\u0646\u0628\u0627\u0621 \u0627\u0644\u0639\u0627\u0645\u0629","publisher":{"@id":"https:\/\/lequotidien.mr\/#organization"},"potentialAction":[{"@type":"SearchAction","target":{"@type":"EntryPoint","urlTemplate":"https:\/\/lequotidien.mr\/?s={search_term_string}"},"query-input":{"@type":"PropertyValueSpecification","valueRequired":true,"valueName":"search_term_string"}}],"inLanguage":"ar"},{"@type":"Organization","@id":"https:\/\/lequotidien.mr\/#organization","name":"Le Quotidien de Nouakchott","url":"https:\/\/lequotidien.mr\/","logo":{"@type":"ImageObject","inLanguage":"ar","@id":"https:\/\/lequotidien.mr\/#\/schema\/logo\/image\/","url":"https:\/\/lequotidien.mr\/wp-content\/uploads\/2022\/11\/logolequotidien.jpg","contentUrl":"https:\/\/lequotidien.mr\/wp-content\/uploads\/2022\/11\/logolequotidien.jpg","width":290,"height":65,"caption":"Le Quotidien de Nouakchott"},"image":{"@id":"https:\/\/lequotidien.mr\/#\/schema\/logo\/image\/"},"sameAs":["https:\/\/web.facebook.com\/lequotidienmr","https:\/\/x.com\/lequotidienmr"]},{"@type":"Person","@id":"https:\/\/lequotidien.mr\/#\/schema\/person\/f90fcdaa970c60288de4ed2e64a56472","name":"Le Quotidien","image":{"@type":"ImageObject","inLanguage":"ar","@id":"https:\/\/secure.gravatar.com\/avatar\/374cb39a1a458a912465a93e5a3ce6546886fc3da809a1f10c63e4e8fcbca30f?s=96&d=mm&r=g","url":"https:\/\/secure.gravatar.com\/avatar\/374cb39a1a458a912465a93e5a3ce6546886fc3da809a1f10c63e4e8fcbca30f?s=96&d=mm&r=g","contentUrl":"https:\/\/secure.gravatar.com\/avatar\/374cb39a1a458a912465a93e5a3ce6546886fc3da809a1f10c63e4e8fcbca30f?s=96&d=mm&r=g","caption":"Le Quotidien"},"sameAs":["https:\/\/lequotidien.mr\/"],"url":"https:\/\/lequotidien.mr\/?author=4"}]}},"_links":{"self":[{"href":"https:\/\/lequotidien.mr\/index.php?rest_route=\/wp\/v2\/posts\/24866","targetHints":{"allow":["GET"]}}],"collection":[{"href":"https:\/\/lequotidien.mr\/index.php?rest_route=\/wp\/v2\/posts"}],"about":[{"href":"https:\/\/lequotidien.mr\/index.php?rest_route=\/wp\/v2\/types\/post"}],"author":[{"embeddable":true,"href":"https:\/\/lequotidien.mr\/index.php?rest_route=\/wp\/v2\/users\/4"}],"replies":[{"embeddable":true,"href":"https:\/\/lequotidien.mr\/index.php?rest_route=%2Fwp%2Fv2%2Fcomments&post=24866"}],"version-history":[{"count":2,"href":"https:\/\/lequotidien.mr\/index.php?rest_route=\/wp\/v2\/posts\/24866\/revisions"}],"predecessor-version":[{"id":24869,"href":"https:\/\/lequotidien.mr\/index.php?rest_route=\/wp\/v2\/posts\/24866\/revisions\/24869"}],"wp:featuredmedia":[{"embeddable":true,"href":"https:\/\/lequotidien.mr\/index.php?rest_route=\/wp\/v2\/media\/24867"}],"wp:attachment":[{"href":"https:\/\/lequotidien.mr\/index.php?rest_route=%2Fwp%2Fv2%2Fmedia&parent=24866"}],"wp:term":[{"taxonomy":"category","embeddable":true,"href":"https:\/\/lequotidien.mr\/index.php?rest_route=%2Fwp%2Fv2%2Fcategories&post=24866"},{"taxonomy":"post_tag","embeddable":true,"href":"https:\/\/lequotidien.mr\/index.php?rest_route=%2Fwp%2Fv2%2Ftags&post=24866"}],"curies":[{"name":"wp","href":"https:\/\/api.w.org\/{rel}","templated":true}]}}