{"id":24859,"date":"2025-01-25T13:25:57","date_gmt":"2025-01-25T13:25:57","guid":{"rendered":"https:\/\/lequotidien.mr\/?p=24859"},"modified":"2025-01-25T13:28:06","modified_gmt":"2025-01-25T13:28:06","slug":"scandale-au-ministere-des-mines-contournement-des-lois-sur-les-marches-publics","status":"publish","type":"post","link":"https:\/\/lequotidien.mr\/?p=24859&lang=fr","title":{"rendered":"Scandale au minist\u00e8re des Mines : contournement des lois sur les march\u00e9s publics"},"content":{"rendered":"<p>Une enqu\u00eate men\u00e9e par <em>Le Quotidien de Nouakchott<\/em> r\u00e9v\u00e8le des irr\u00e9gularit\u00e9s dans l\u2019attribution d\u2019un march\u00e9 public par le minist\u00e8re des Mines et de l\u2019Industrie en Mauritanie. Ce march\u00e9, destin\u00e9 \u00e0 r\u00e9aliser une \u00e9tude sur \u00ab l\u2019encadrement juridique et fiscal du secteur minier \u00bb, a \u00e9t\u00e9 attribu\u00e9 au cabinet de g\u00e9ologie s\u00e9n\u00e9galais Geomin, malgr\u00e9 l\u2019opposition initiale de la Commission nationale de contr\u00f4le des march\u00e9s publics (CNCMP), qui avait rejet\u00e9 une premi\u00e8re tentative d\u2019attribution en septembre 2024.<\/p>\n<p>L\u2019attribution r\u00e9cente du march\u00e9 N\u00b083476501, soul\u00e8ve de graves interrogations. Alors qu\u2019un appel d\u2019offres restreint a permis au cabinet s\u00e9n\u00e9galais <strong>Geomin<\/strong> de remporter ce contrat, des documents et t\u00e9moignages r\u00e9v\u00e8lent un processus opaque, des irr\u00e9gularit\u00e9s et des contournements des r\u00e9glementations nationales.<\/p>\n<p><strong>Un march\u00e9 d\u00e9j\u00e0 rejet\u00e9 en 2024 par la CNCMP<\/strong><\/p>\n<p>En septembre 2024, le minist\u00e8re des Mines avait tent\u00e9 d\u2019attribuer ce march\u00e9 au m\u00eame cabinet s\u00e9n\u00e9galais, <strong>Geomin<\/strong>, par voie de gr\u00e9 \u00e0 gr\u00e9. Cependant, la <strong>Commission Nationale de Contr\u00f4le des March\u00e9s Publics (CNCMP)<\/strong> avait annul\u00e9 cette attribution, invoquant plusieurs manquements :<\/p>\n<ul>\n<li><strong>Violation de la loi sur les march\u00e9s publics<\/strong> : La proc\u00e9dure ne respectait pas les exigences de transparence, notamment l\u2019absence de garantie bancaire et la pr\u00e9sentation d\u2019un contrat d\u00e9j\u00e0 sign\u00e9 au lieu d\u2019un projet soumis \u00e0 approbation.<\/li>\n<li><strong>Absence de justification technique<\/strong> : <strong>Geomin<\/strong>, sp\u00e9cialis\u00e9 en g\u00e9ologie, ne poss\u00e9dait pas les comp\u00e9tences juridiques requises pour \u00e9laborer un cadre l\u00e9gal et fiscal sur les mines.<\/li>\n<\/ul>\n<p>Plut\u00f4t que de rectifier les irr\u00e9gularit\u00e9s soulev\u00e9es par la CNCMP, le minist\u00e8re aurait contourn\u00e9 ces critiques en impliquant la <strong>GIZ<\/strong>, la coop\u00e9ration allemande, pour financer un nouvel appel d\u2019offres restreint.<\/p>\n<p><strong>Un appel d\u2019offres restreint controvers\u00e9<\/strong><\/p>\n<p>L\u2019appel d\u2019offres organis\u00e9 sous l\u2019\u00e9gide de la GIZ a shortlist\u00e9 quatre cabinets :<\/p>\n<ol>\n<li><strong>Consult\u2019Sen<\/strong> (S\u00e9n\u00e9gal) : Sp\u00e9cialis\u00e9 en services juridiques, mais s\u2019est retir\u00e9 en ne soumettant pas d\u2019offre financi\u00e8re.<\/li>\n<li><strong>Geomin<\/strong> (S\u00e9n\u00e9gal) : Cabinet de g\u00e9osciences, sans expertise juridique.<\/li>\n<li><strong>Kanaga Consulting<\/strong> (Mali) : Cabinet d\u2019expertise comptable, sans exp\u00e9rience en droit minier.<\/li>\n<li><strong>MauriJuris-SARL<\/strong> (Mauritanie) : Seul cabinet national, sp\u00e9cialis\u00e9 dans le droit.<\/li>\n<\/ol>\n<p>Le retrait de <strong>Consult\u2019Sen<\/strong>, unique cabinet qualifi\u00e9 en droit minier, a laiss\u00e9 la voie libre \u00e0 <strong>Geomin<\/strong>, malgr\u00e9 son manque de comp\u00e9tences juridiques. Cette situation renforce les soup\u00e7ons d\u2019un processus biais\u00e9 visant \u00e0 attribuer le march\u00e9 \u00e0 un candidat pr\u00e9d\u00e9termin\u00e9.<\/p>\n<p><strong>Un march\u00e9 aux allures de favoritisme<\/strong><\/p>\n<p>Des zones d\u2019ombre persistent quant \u00e0 la conformit\u00e9 de la proc\u00e9dure aux normes de transparence exig\u00e9es par la l\u00e9gislation mauritanienne. Parmi les points critiques figurent :<\/p>\n<ul>\n<li><strong>Absence de publication ouverte<\/strong> : La s\u00e9lection des candidats n\u2019a pas \u00e9t\u00e9 pr\u00e9c\u00e9d\u00e9e d\u2019un appel d\u2019offres public, violant ainsi les principes de concurrence \u00e9quitable.<\/li>\n<li><strong>Manque de transparence dans l\u2019\u00e9valuation des dossiers<\/strong> : Les noms des membres du comit\u00e9 d\u2019\u00e9valuation ainsi que les crit\u00e8res de notation des offres n\u2019ont pas \u00e9t\u00e9 divulgu\u00e9s dans les documents consult\u00e9s.<\/li>\n<\/ul>\n<p>Le choix des cabinets \u00e9trangers au d\u00e9triment des structures nationales, telles qu\u2019<strong>ENCO-SNIM<\/strong> (filiale de la SNIM), suscite l\u2019indignation. <strong>ENCO-SNIM<\/strong>, qui emploie 80 experts sp\u00e9cialis\u00e9s dans le secteur minier, dispose de solides r\u00e9f\u00e9rences pour mener ce type de prestation. Ce m\u00e9pris apparent pour les ressources locales interroge sur les motivations r\u00e9elles derri\u00e8re cette proc\u00e9dure.<\/p>\n<p>La l\u00e9gitimit\u00e9 de cette \u00e9tude soul\u00e8ve \u00e9galement des questions. En 2017, un consortium regroupant des bureaux mauritanien, s\u00e9n\u00e9galais et canadien avait d\u00e9j\u00e0 r\u00e9alis\u00e9 une \u00e9tude similaire sur le cadre juridique et fiscal du secteur minier. Ce travail, remis officiellement au minist\u00e8re en f\u00e9vrier 2019, avait pour but de moderniser le code minier. Aucun document officiel ne justifie pourquoi une nouvelle \u00e9tude, apparemment redondante, \u00e9tait n\u00e9cessaire.<\/p>\n<p><strong>D\u00e9clarations controvers\u00e9es du ministre<\/strong><\/p>\n<p>Lors d\u2019une conf\u00e9rence de presse tenue apr\u00e8s le Conseil des ministres, le ministre des Mines, <strong>Tijani Thiam<\/strong>, a tent\u00e9 de justifier l\u2019attribution du march\u00e9 \u00e0 <strong>Geomin<\/strong>. Selon lui, cette \u00e9tude \u00e9tait financ\u00e9e par des fonds externes et n\u2019avait co\u00fbt\u00e9 que 50 000 dollars, contrairement \u00e0 une \u00e9tude pr\u00e9c\u00e9dente de 2019 qu\u2019il estimait \u00e0 400 000 dollars. Toutefois, des v\u00e9rifications montrent que le montant r\u00e9el de l\u2019\u00e9tude de 2019 \u00e9tait de <strong>149 780 euros<\/strong>, bien en de\u00e7\u00e0 des chiffres avanc\u00e9s par le ministre.<\/p>\n<p>Dans une correspondance adress\u00e9e aux autorit\u00e9s, l\u2019avocat <strong>Ahmed Baba Ould S\u2019Baai<\/strong> d\u00e9nonce un contournement manifeste des lois mauritaniennes sur les march\u00e9s publics. Il affirme que cette proc\u00e9dure refl\u00e8te une volont\u00e9 de \u00ab contr\u00f4ler le r\u00e9sultat du processus \u00bb et d\u2019ent\u00e9riner un march\u00e9 d\u00e9j\u00e0 rejet\u00e9 en septembre 2024.<\/p>\n<p>Ce dossier met en lumi\u00e8re des pratiques qui, si elles ne sont pas corrig\u00e9es, risquent de compromettre les efforts de la Mauritanie en mati\u00e8re de transparence et de gouvernance. L\u2019attribution de march\u00e9s publics dans des conditions discutables fragilise non seulement l\u2019image du pays, mais \u00e9galement la confiance des citoyens et des partenaires internationaux.<\/p>\n<p>La R\u00e9publique Islamique de Mauritanie, qui aspire \u00e0 devenir un mod\u00e8le de bonne gouvernance, doit garantir que ses responsables rendent compte de leurs d\u00e9cisions. Une enqu\u00eate ind\u00e9pendante est n\u00e9cessaire pour faire la lumi\u00e8re sur cette affaire et \u00e9viter la r\u00e9p\u00e9tition de telles d\u00e9rives. De son c\u00f4t\u00e9 la GIZ jusqu\u2019ici \u00e9tait celle dont l\u2019appui poussait \u00e0 la bonne gouvernance alors que ce cas d\u2019esp\u00e8ce n\u2019est-elle pas comme le livre dont l\u2019adage mauritanien dit qu\u2019il ordonner de se \u00ab\u00a0laver \u00e0 l\u2019eau\u00a0\u00bb alors que lui ne peut le faire\u00a0!<\/p>\n<p>&nbsp;<\/p>\n<p>&nbsp;<\/p>\n<p>&nbsp;<\/p>\n<p><img loading=\"lazy\" decoding=\"async\" class=\"alignnone size-medium wp-image-24861\" src=\"https:\/\/lequotidien.mr\/wp-content\/uploads\/2025\/01\/Capture-decran-2025-01-25-131756-300x291.jpg\" alt=\"\" width=\"300\" height=\"291\" srcset=\"https:\/\/lequotidien.mr\/wp-content\/uploads\/2025\/01\/Capture-decran-2025-01-25-131756-300x291.jpg 300w, https:\/\/lequotidien.mr\/wp-content\/uploads\/2025\/01\/Capture-decran-2025-01-25-131756.jpg 712w\" sizes=\"auto, (max-width: 300px) 100vw, 300px\" \/><img loading=\"lazy\" decoding=\"async\" class=\"alignnone size-medium wp-image-24863\" src=\"https:\/\/lequotidien.mr\/wp-content\/uploads\/2025\/01\/PHOTO-2025-01-25-12-13-36-225x300.jpg\" alt=\"\" width=\"225\" height=\"300\" srcset=\"https:\/\/lequotidien.mr\/wp-content\/uploads\/2025\/01\/PHOTO-2025-01-25-12-13-36-225x300.jpg 225w, https:\/\/lequotidien.mr\/wp-content\/uploads\/2025\/01\/PHOTO-2025-01-25-12-13-36-768x1024.jpg 768w, https:\/\/lequotidien.mr\/wp-content\/uploads\/2025\/01\/PHOTO-2025-01-25-12-13-36.jpg 810w\" sizes=\"auto, (max-width: 225px) 100vw, 225px\" \/><\/p>\n<p>&nbsp;<\/p>\n<p>&nbsp;<\/p>\n<p><strong>\u00a0<\/strong><\/p>\n<p>&nbsp;<\/p>\n","protected":false},"excerpt":{"rendered":"<p>Une enqu\u00eate men\u00e9e par Le Quotidien de Nouakchott r\u00e9v\u00e8le des irr\u00e9gularit\u00e9s dans l\u2019attribution d\u2019un march\u00e9 public par le minist\u00e8re des Mines et de l\u2019Industrie en Mauritanie. Ce march\u00e9, destin\u00e9 \u00e0 r\u00e9aliser une \u00e9tude sur \u00ab l\u2019encadrement juridique et fiscal du secteur minier \u00bb, a \u00e9t\u00e9 attribu\u00e9 au cabinet de g\u00e9ologie s\u00e9n\u00e9galais Geomin, malgr\u00e9 l\u2019opposition initiale&#8230;..<\/p>\n","protected":false},"author":4,"featured_media":24860,"comment_status":"open","ping_status":"open","sticky":false,"template":"","format":"standard","meta":{"footnotes":""},"categories":[23,49,57],"tags":[],"class_list":["post-24859","post","type-post","status-publish","format-standard","has-post-thumbnail","hentry","category-actualite","category-economie","category-couverture-specilale"],"yoast_head":"<!-- This site is optimized with the Yoast SEO plugin v27.5 - https:\/\/yoast.com\/product\/yoast-seo-wordpress\/ -->\n<title>Scandale au minist\u00e8re des Mines : contournement des lois sur les march\u00e9s publics - Le Quotidien de Nouakchott<\/title>\n<meta name=\"robots\" content=\"index, follow, max-snippet:-1, max-image-preview:large, max-video-preview:-1\" \/>\n<link rel=\"canonical\" href=\"https:\/\/lequotidien.mr\/?p=24859&lang=fr\" \/>\n<meta property=\"og:locale\" content=\"ar_AR\" \/>\n<meta property=\"og:type\" content=\"article\" \/>\n<meta property=\"og:title\" content=\"Scandale au minist\u00e8re des Mines : contournement des lois sur les march\u00e9s publics - Le Quotidien de Nouakchott\" \/>\n<meta property=\"og:description\" content=\"Une enqu\u00eate men\u00e9e par Le Quotidien de Nouakchott r\u00e9v\u00e8le des irr\u00e9gularit\u00e9s dans l\u2019attribution d\u2019un march\u00e9 public par le minist\u00e8re des Mines et de l\u2019Industrie en Mauritanie. Ce march\u00e9, destin\u00e9 \u00e0 r\u00e9aliser une \u00e9tude sur \u00ab l\u2019encadrement juridique et fiscal du secteur minier \u00bb, a \u00e9t\u00e9 attribu\u00e9 au cabinet de g\u00e9ologie s\u00e9n\u00e9galais Geomin, malgr\u00e9 l\u2019opposition initiale.....\" \/>\n<meta property=\"og:url\" content=\"https:\/\/lequotidien.mr\/?p=24859&amp;lang=fr\" \/>\n<meta property=\"og:site_name\" content=\"Le Quotidien de Nouakchott\" \/>\n<meta property=\"article:publisher\" content=\"https:\/\/web.facebook.com\/lequotidienmr\" \/>\n<meta property=\"article:published_time\" content=\"2025-01-25T13:25:57+00:00\" \/>\n<meta property=\"article:modified_time\" content=\"2025-01-25T13:28:06+00:00\" \/>\n<meta property=\"og:image\" content=\"https:\/\/lequotidien.mr\/wp-content\/uploads\/2025\/01\/011-300x235-1.jpg\" \/>\n\t<meta property=\"og:image:width\" content=\"300\" \/>\n\t<meta property=\"og:image:height\" content=\"235\" \/>\n\t<meta property=\"og:image:type\" content=\"image\/jpeg\" \/>\n<meta name=\"author\" content=\"Le Quotidien\" \/>\n<meta name=\"twitter:card\" content=\"summary_large_image\" \/>\n<meta name=\"twitter:creator\" content=\"@lequotidienmr\" \/>\n<meta name=\"twitter:site\" content=\"@lequotidienmr\" \/>\n<meta name=\"twitter:label1\" content=\"\u0643\u064f\u062a\u0628 \u0628\u0648\u0627\u0633\u0637\u0629\" \/>\n\t<meta name=\"twitter:data1\" content=\"Le Quotidien\" \/>\n\t<meta name=\"twitter:label2\" content=\"\u0648\u0642\u062a \u0627\u0644\u0642\u0631\u0627\u0621\u0629 \u0627\u0644\u0645\u064f\u0642\u062f\u0651\u0631\" \/>\n\t<meta name=\"twitter:data2\" content=\"5 \u062f\u0642\u0627\u0626\u0642\" \/>\n<script type=\"application\/ld+json\" class=\"yoast-schema-graph\">{\"@context\":\"https:\\\/\\\/schema.org\",\"@graph\":[{\"@type\":\"Article\",\"@id\":\"https:\\\/\\\/lequotidien.mr\\\/?p=24859&lang=fr#article\",\"isPartOf\":{\"@id\":\"https:\\\/\\\/lequotidien.mr\\\/?p=24859&lang=fr\"},\"author\":{\"name\":\"Le Quotidien\",\"@id\":\"https:\\\/\\\/lequotidien.mr\\\/#\\\/schema\\\/person\\\/f90fcdaa970c60288de4ed2e64a56472\"},\"headline\":\"Scandale au minist\u00e8re des Mines : contournement des lois sur les march\u00e9s publics\",\"datePublished\":\"2025-01-25T13:25:57+00:00\",\"dateModified\":\"2025-01-25T13:28:06+00:00\",\"mainEntityOfPage\":{\"@id\":\"https:\\\/\\\/lequotidien.mr\\\/?p=24859&lang=fr\"},\"wordCount\":991,\"commentCount\":0,\"publisher\":{\"@id\":\"https:\\\/\\\/lequotidien.mr\\\/#organization\"},\"image\":{\"@id\":\"https:\\\/\\\/lequotidien.mr\\\/?p=24859&lang=fr#primaryimage\"},\"thumbnailUrl\":\"https:\\\/\\\/lequotidien.mr\\\/wp-content\\\/uploads\\\/2025\\\/01\\\/011-300x235-1.jpg\",\"articleSection\":[\"ACTUALIT\u00c9\",\"Economie\",\"Couverture sp\u00e9cilale\"],\"inLanguage\":\"ar\",\"potentialAction\":[{\"@type\":\"CommentAction\",\"name\":\"Comment\",\"target\":[\"https:\\\/\\\/lequotidien.mr\\\/?p=24859&lang=fr#respond\"]}]},{\"@type\":\"WebPage\",\"@id\":\"https:\\\/\\\/lequotidien.mr\\\/?p=24859&lang=fr\",\"url\":\"https:\\\/\\\/lequotidien.mr\\\/?p=24859&lang=fr\",\"name\":\"Scandale au minist\u00e8re des Mines : contournement des lois sur les march\u00e9s publics - Le Quotidien de Nouakchott\",\"isPartOf\":{\"@id\":\"https:\\\/\\\/lequotidien.mr\\\/#website\"},\"primaryImageOfPage\":{\"@id\":\"https:\\\/\\\/lequotidien.mr\\\/?p=24859&lang=fr#primaryimage\"},\"image\":{\"@id\":\"https:\\\/\\\/lequotidien.mr\\\/?p=24859&lang=fr#primaryimage\"},\"thumbnailUrl\":\"https:\\\/\\\/lequotidien.mr\\\/wp-content\\\/uploads\\\/2025\\\/01\\\/011-300x235-1.jpg\",\"datePublished\":\"2025-01-25T13:25:57+00:00\",\"dateModified\":\"2025-01-25T13:28:06+00:00\",\"breadcrumb\":{\"@id\":\"https:\\\/\\\/lequotidien.mr\\\/?p=24859&lang=fr#breadcrumb\"},\"inLanguage\":\"ar\",\"potentialAction\":[{\"@type\":\"ReadAction\",\"target\":[\"https:\\\/\\\/lequotidien.mr\\\/?p=24859&lang=fr\"]}]},{\"@type\":\"ImageObject\",\"inLanguage\":\"ar\",\"@id\":\"https:\\\/\\\/lequotidien.mr\\\/?p=24859&lang=fr#primaryimage\",\"url\":\"https:\\\/\\\/lequotidien.mr\\\/wp-content\\\/uploads\\\/2025\\\/01\\\/011-300x235-1.jpg\",\"contentUrl\":\"https:\\\/\\\/lequotidien.mr\\\/wp-content\\\/uploads\\\/2025\\\/01\\\/011-300x235-1.jpg\",\"width\":300,\"height\":235},{\"@type\":\"BreadcrumbList\",\"@id\":\"https:\\\/\\\/lequotidien.mr\\\/?p=24859&lang=fr#breadcrumb\",\"itemListElement\":[{\"@type\":\"ListItem\",\"position\":1,\"name\":\"Home\",\"item\":\"https:\\\/\\\/lequotidien.mr\\\/\"},{\"@type\":\"ListItem\",\"position\":2,\"name\":\"Scandale au minist\u00e8re des Mines : contournement des lois sur les march\u00e9s publics\"}]},{\"@type\":\"WebSite\",\"@id\":\"https:\\\/\\\/lequotidien.mr\\\/#website\",\"url\":\"https:\\\/\\\/lequotidien.mr\\\/\",\"name\":\"Le Quotidien de Nouakchott\",\"description\":\"\u0625\u062e\u0628\u0627\u0631\u064a\u0629 \u0645\u0633\u062a\u0642\u0644\u0629 \u0644\u0644\u0623\u0646\u0628\u0627\u0621 \u0627\u0644\u0639\u0627\u0645\u0629\",\"publisher\":{\"@id\":\"https:\\\/\\\/lequotidien.mr\\\/#organization\"},\"potentialAction\":[{\"@type\":\"SearchAction\",\"target\":{\"@type\":\"EntryPoint\",\"urlTemplate\":\"https:\\\/\\\/lequotidien.mr\\\/?s={search_term_string}\"},\"query-input\":{\"@type\":\"PropertyValueSpecification\",\"valueRequired\":true,\"valueName\":\"search_term_string\"}}],\"inLanguage\":\"ar\"},{\"@type\":\"Organization\",\"@id\":\"https:\\\/\\\/lequotidien.mr\\\/#organization\",\"name\":\"Le Quotidien de Nouakchott\",\"url\":\"https:\\\/\\\/lequotidien.mr\\\/\",\"logo\":{\"@type\":\"ImageObject\",\"inLanguage\":\"ar\",\"@id\":\"https:\\\/\\\/lequotidien.mr\\\/#\\\/schema\\\/logo\\\/image\\\/\",\"url\":\"https:\\\/\\\/lequotidien.mr\\\/wp-content\\\/uploads\\\/2022\\\/11\\\/logolequotidien.jpg\",\"contentUrl\":\"https:\\\/\\\/lequotidien.mr\\\/wp-content\\\/uploads\\\/2022\\\/11\\\/logolequotidien.jpg\",\"width\":290,\"height\":65,\"caption\":\"Le Quotidien de Nouakchott\"},\"image\":{\"@id\":\"https:\\\/\\\/lequotidien.mr\\\/#\\\/schema\\\/logo\\\/image\\\/\"},\"sameAs\":[\"https:\\\/\\\/web.facebook.com\\\/lequotidienmr\",\"https:\\\/\\\/x.com\\\/lequotidienmr\"]},{\"@type\":\"Person\",\"@id\":\"https:\\\/\\\/lequotidien.mr\\\/#\\\/schema\\\/person\\\/f90fcdaa970c60288de4ed2e64a56472\",\"name\":\"Le Quotidien\",\"image\":{\"@type\":\"ImageObject\",\"inLanguage\":\"ar\",\"@id\":\"https:\\\/\\\/secure.gravatar.com\\\/avatar\\\/374cb39a1a458a912465a93e5a3ce6546886fc3da809a1f10c63e4e8fcbca30f?s=96&d=mm&r=g\",\"url\":\"https:\\\/\\\/secure.gravatar.com\\\/avatar\\\/374cb39a1a458a912465a93e5a3ce6546886fc3da809a1f10c63e4e8fcbca30f?s=96&d=mm&r=g\",\"contentUrl\":\"https:\\\/\\\/secure.gravatar.com\\\/avatar\\\/374cb39a1a458a912465a93e5a3ce6546886fc3da809a1f10c63e4e8fcbca30f?s=96&d=mm&r=g\",\"caption\":\"Le Quotidien\"},\"sameAs\":[\"https:\\\/\\\/lequotidien.mr\\\/\"],\"url\":\"https:\\\/\\\/lequotidien.mr\\\/?author=4\"}]}<\/script>\n<!-- \/ Yoast SEO plugin. -->","yoast_head_json":{"title":"Scandale au minist\u00e8re des Mines : contournement des lois sur les march\u00e9s publics - Le Quotidien de Nouakchott","robots":{"index":"index","follow":"follow","max-snippet":"max-snippet:-1","max-image-preview":"max-image-preview:large","max-video-preview":"max-video-preview:-1"},"canonical":"https:\/\/lequotidien.mr\/?p=24859&lang=fr","og_locale":"ar_AR","og_type":"article","og_title":"Scandale au minist\u00e8re des Mines : contournement des lois sur les march\u00e9s publics - Le Quotidien de Nouakchott","og_description":"Une enqu\u00eate men\u00e9e par Le Quotidien de Nouakchott r\u00e9v\u00e8le des irr\u00e9gularit\u00e9s dans l\u2019attribution d\u2019un march\u00e9 public par le minist\u00e8re des Mines et de l\u2019Industrie en Mauritanie. Ce march\u00e9, destin\u00e9 \u00e0 r\u00e9aliser une \u00e9tude sur \u00ab l\u2019encadrement juridique et fiscal du secteur minier \u00bb, a \u00e9t\u00e9 attribu\u00e9 au cabinet de g\u00e9ologie s\u00e9n\u00e9galais Geomin, malgr\u00e9 l\u2019opposition initiale.....","og_url":"https:\/\/lequotidien.mr\/?p=24859&lang=fr","og_site_name":"Le Quotidien de Nouakchott","article_publisher":"https:\/\/web.facebook.com\/lequotidienmr","article_published_time":"2025-01-25T13:25:57+00:00","article_modified_time":"2025-01-25T13:28:06+00:00","og_image":[{"width":300,"height":235,"url":"https:\/\/lequotidien.mr\/wp-content\/uploads\/2025\/01\/011-300x235-1.jpg","type":"image\/jpeg"}],"author":"Le Quotidien","twitter_card":"summary_large_image","twitter_creator":"@lequotidienmr","twitter_site":"@lequotidienmr","twitter_misc":{"\u0643\u064f\u062a\u0628 \u0628\u0648\u0627\u0633\u0637\u0629":"Le Quotidien","\u0648\u0642\u062a \u0627\u0644\u0642\u0631\u0627\u0621\u0629 \u0627\u0644\u0645\u064f\u0642\u062f\u0651\u0631":"5 \u062f\u0642\u0627\u0626\u0642"},"schema":{"@context":"https:\/\/schema.org","@graph":[{"@type":"Article","@id":"https:\/\/lequotidien.mr\/?p=24859&lang=fr#article","isPartOf":{"@id":"https:\/\/lequotidien.mr\/?p=24859&lang=fr"},"author":{"name":"Le Quotidien","@id":"https:\/\/lequotidien.mr\/#\/schema\/person\/f90fcdaa970c60288de4ed2e64a56472"},"headline":"Scandale au minist\u00e8re des Mines : contournement des lois sur les march\u00e9s publics","datePublished":"2025-01-25T13:25:57+00:00","dateModified":"2025-01-25T13:28:06+00:00","mainEntityOfPage":{"@id":"https:\/\/lequotidien.mr\/?p=24859&lang=fr"},"wordCount":991,"commentCount":0,"publisher":{"@id":"https:\/\/lequotidien.mr\/#organization"},"image":{"@id":"https:\/\/lequotidien.mr\/?p=24859&lang=fr#primaryimage"},"thumbnailUrl":"https:\/\/lequotidien.mr\/wp-content\/uploads\/2025\/01\/011-300x235-1.jpg","articleSection":["ACTUALIT\u00c9","Economie","Couverture sp\u00e9cilale"],"inLanguage":"ar","potentialAction":[{"@type":"CommentAction","name":"Comment","target":["https:\/\/lequotidien.mr\/?p=24859&lang=fr#respond"]}]},{"@type":"WebPage","@id":"https:\/\/lequotidien.mr\/?p=24859&lang=fr","url":"https:\/\/lequotidien.mr\/?p=24859&lang=fr","name":"Scandale au minist\u00e8re des Mines : contournement des lois sur les march\u00e9s publics - Le Quotidien de Nouakchott","isPartOf":{"@id":"https:\/\/lequotidien.mr\/#website"},"primaryImageOfPage":{"@id":"https:\/\/lequotidien.mr\/?p=24859&lang=fr#primaryimage"},"image":{"@id":"https:\/\/lequotidien.mr\/?p=24859&lang=fr#primaryimage"},"thumbnailUrl":"https:\/\/lequotidien.mr\/wp-content\/uploads\/2025\/01\/011-300x235-1.jpg","datePublished":"2025-01-25T13:25:57+00:00","dateModified":"2025-01-25T13:28:06+00:00","breadcrumb":{"@id":"https:\/\/lequotidien.mr\/?p=24859&lang=fr#breadcrumb"},"inLanguage":"ar","potentialAction":[{"@type":"ReadAction","target":["https:\/\/lequotidien.mr\/?p=24859&lang=fr"]}]},{"@type":"ImageObject","inLanguage":"ar","@id":"https:\/\/lequotidien.mr\/?p=24859&lang=fr#primaryimage","url":"https:\/\/lequotidien.mr\/wp-content\/uploads\/2025\/01\/011-300x235-1.jpg","contentUrl":"https:\/\/lequotidien.mr\/wp-content\/uploads\/2025\/01\/011-300x235-1.jpg","width":300,"height":235},{"@type":"BreadcrumbList","@id":"https:\/\/lequotidien.mr\/?p=24859&lang=fr#breadcrumb","itemListElement":[{"@type":"ListItem","position":1,"name":"Home","item":"https:\/\/lequotidien.mr\/"},{"@type":"ListItem","position":2,"name":"Scandale au minist\u00e8re des Mines : contournement des lois sur les march\u00e9s publics"}]},{"@type":"WebSite","@id":"https:\/\/lequotidien.mr\/#website","url":"https:\/\/lequotidien.mr\/","name":"Le Quotidien de Nouakchott","description":"\u0625\u062e\u0628\u0627\u0631\u064a\u0629 \u0645\u0633\u062a\u0642\u0644\u0629 \u0644\u0644\u0623\u0646\u0628\u0627\u0621 \u0627\u0644\u0639\u0627\u0645\u0629","publisher":{"@id":"https:\/\/lequotidien.mr\/#organization"},"potentialAction":[{"@type":"SearchAction","target":{"@type":"EntryPoint","urlTemplate":"https:\/\/lequotidien.mr\/?s={search_term_string}"},"query-input":{"@type":"PropertyValueSpecification","valueRequired":true,"valueName":"search_term_string"}}],"inLanguage":"ar"},{"@type":"Organization","@id":"https:\/\/lequotidien.mr\/#organization","name":"Le Quotidien de Nouakchott","url":"https:\/\/lequotidien.mr\/","logo":{"@type":"ImageObject","inLanguage":"ar","@id":"https:\/\/lequotidien.mr\/#\/schema\/logo\/image\/","url":"https:\/\/lequotidien.mr\/wp-content\/uploads\/2022\/11\/logolequotidien.jpg","contentUrl":"https:\/\/lequotidien.mr\/wp-content\/uploads\/2022\/11\/logolequotidien.jpg","width":290,"height":65,"caption":"Le Quotidien de Nouakchott"},"image":{"@id":"https:\/\/lequotidien.mr\/#\/schema\/logo\/image\/"},"sameAs":["https:\/\/web.facebook.com\/lequotidienmr","https:\/\/x.com\/lequotidienmr"]},{"@type":"Person","@id":"https:\/\/lequotidien.mr\/#\/schema\/person\/f90fcdaa970c60288de4ed2e64a56472","name":"Le Quotidien","image":{"@type":"ImageObject","inLanguage":"ar","@id":"https:\/\/secure.gravatar.com\/avatar\/374cb39a1a458a912465a93e5a3ce6546886fc3da809a1f10c63e4e8fcbca30f?s=96&d=mm&r=g","url":"https:\/\/secure.gravatar.com\/avatar\/374cb39a1a458a912465a93e5a3ce6546886fc3da809a1f10c63e4e8fcbca30f?s=96&d=mm&r=g","contentUrl":"https:\/\/secure.gravatar.com\/avatar\/374cb39a1a458a912465a93e5a3ce6546886fc3da809a1f10c63e4e8fcbca30f?s=96&d=mm&r=g","caption":"Le Quotidien"},"sameAs":["https:\/\/lequotidien.mr\/"],"url":"https:\/\/lequotidien.mr\/?author=4"}]}},"_links":{"self":[{"href":"https:\/\/lequotidien.mr\/index.php?rest_route=\/wp\/v2\/posts\/24859","targetHints":{"allow":["GET"]}}],"collection":[{"href":"https:\/\/lequotidien.mr\/index.php?rest_route=\/wp\/v2\/posts"}],"about":[{"href":"https:\/\/lequotidien.mr\/index.php?rest_route=\/wp\/v2\/types\/post"}],"author":[{"embeddable":true,"href":"https:\/\/lequotidien.mr\/index.php?rest_route=\/wp\/v2\/users\/4"}],"replies":[{"embeddable":true,"href":"https:\/\/lequotidien.mr\/index.php?rest_route=%2Fwp%2Fv2%2Fcomments&post=24859"}],"version-history":[{"count":3,"href":"https:\/\/lequotidien.mr\/index.php?rest_route=\/wp\/v2\/posts\/24859\/revisions"}],"predecessor-version":[{"id":24865,"href":"https:\/\/lequotidien.mr\/index.php?rest_route=\/wp\/v2\/posts\/24859\/revisions\/24865"}],"wp:featuredmedia":[{"embeddable":true,"href":"https:\/\/lequotidien.mr\/index.php?rest_route=\/wp\/v2\/media\/24860"}],"wp:attachment":[{"href":"https:\/\/lequotidien.mr\/index.php?rest_route=%2Fwp%2Fv2%2Fmedia&parent=24859"}],"wp:term":[{"taxonomy":"category","embeddable":true,"href":"https:\/\/lequotidien.mr\/index.php?rest_route=%2Fwp%2Fv2%2Fcategories&post=24859"},{"taxonomy":"post_tag","embeddable":true,"href":"https:\/\/lequotidien.mr\/index.php?rest_route=%2Fwp%2Fv2%2Ftags&post=24859"}],"curies":[{"name":"wp","href":"https:\/\/api.w.org\/{rel}","templated":true}]}}