{"id":24830,"date":"2025-01-24T09:15:57","date_gmt":"2025-01-24T09:15:57","guid":{"rendered":"https:\/\/lequotidien.mr\/?p=24830"},"modified":"2025-01-24T09:15:57","modified_gmt":"2025-01-24T09:15:57","slug":"point-de-presse-deux-ministres-commentent-les-resultats-du-conseil-des-ministres","status":"publish","type":"post","link":"https:\/\/lequotidien.mr\/?p=24830&lang=fr","title":{"rendered":"Point de presse : Deux ministres commentent les r\u00e9sultats du Conseil des ministres"},"content":{"rendered":"<p>Jeudi soir, des membres du gouvernement, \u00e0 savoir le ministre de la Culture, des Arts, de la Communication et des Relations avec le Parlement, porte-parole du gouvernement, M. Houssein Meddou, et le ministre des Mines et de l&#8217;Industrie, M. Thiam Tidjani, ont anim\u00e9 un point de presse \u00e0 l&#8217;issue du Conseil des ministres tenu dans la matin\u00e9e.<\/p>\n<p><strong>L\u2019intervention du porte-parole du gouvernement<\/strong><\/p>\n<p>Prenant la parole en premier, M. Houssein Meddou a pr\u00e9sent\u00e9 les grandes lignes des d\u00e9cisions prises par le Conseil des ministres. Parmi celles-ci figurent l&#8217;examen et l&#8217;adoption de plusieurs projets de lois et d\u00e9crets, notamment :<\/p>\n<p>L&#8217;autorisation de la ratification du <strong>Contrat Programme pour l&#8217;entretien du r\u00e9seau routier national n\u00b009<\/strong> et du <strong>Contrat Programme pour l&#8217;Entretien des Voiries Urbaines (COPREVU) n\u00b005<\/strong>. Ces contrats, couvrant la p\u00e9riode 2025-2027, sont conclus entre l&#8217;\u00c9tat mauritanien et l&#8217;\u00c9tablissement des Travaux de l&#8217;Entretien Routier (ETER).<\/p>\n<p>L&#8217;adoption d&#8217;un nouveau texte concernant les <strong>taxes et redevances mini\u00e8res<\/strong>, en vue de moderniser le cadre r\u00e9glementaire du secteur minier.<\/p>\n<p>Le porte-parole a \u00e9galement \u00e9voqu\u00e9 les <strong>perspectives pour l&#8217;ann\u00e9e 2025<\/strong>, pr\u00e9sent\u00e9es par le Premier ministre lors du Conseil. Ces perspectives s&#8217;inscrivent dans le cadre du programme pr\u00e9sidentiel \u00ab Mon ambition pour la patrie \u00bb et se concentrent sur des axes prioritaires de d\u00e9veloppement.<\/p>\n<p>Meddou a \u00e9galement annonc\u00e9 le retour des d\u00e9l\u00e9gations minist\u00e9rielles envoy\u00e9es \u00e0 l&#8217;int\u00e9rieur du pays. Ces missions avaient pour objectif de recenser les besoins des populations locales. Les travaux pour \u00e9tablir les priorit\u00e9s et mobiliser les ressources n\u00e9cessaires sont en cours.<\/p>\n<p>Enfin, le porte-parole a abord\u00e9 le secteur des m\u00e9dias, remarquable :<\/p>\n<p>-La <strong>libert\u00e9 de la presse<\/strong>, confirm\u00e9e par un classement favorable de Reporters sans Fronti\u00e8res\u00a0;<\/p>\n<p>-Une <strong>hausse de 100 % de l&#8217;aide publique aux m\u00e9dias priv\u00e9s<\/strong>, portant cette aide \u00e0 400 millions d&#8217;ouguiyas\u00a0;<\/p>\n<p>-La <strong>mise en place d&#8217;une commission<\/strong> pour r\u00e9soudre les probl\u00e8mes des collaborateurs des m\u00e9dias publics, avec la participation des minist\u00e8res concern\u00e9s et des directeurs des m\u00e9dias.<\/p>\n<p><strong>Les pr\u00e9cisions du ministre des Mines et de l&#8217;Industrie<\/strong><\/p>\n<p>\u00c0 son tour, M. Thiam Tidjani a d\u00e9taill\u00e9 les r\u00e9formes et mesures adopt\u00e9es dans le secteur minier. Il a insist\u00e9 sur l&#8217;importance strat\u00e9gique des mines pour l&#8217;\u00e9conomie nationale, tout en soulignant les nombreux d\u00e9fis \u00e0 relever.<\/p>\n<p>Le ministre a expliqu\u00e9 que le d\u00e9cret adopt\u00e9 par le Conseil abroge et remplace le texte en vigueur depuis 2023, dans le but de :<\/p>\n<p>-Lutter contre la <strong>sp\u00e9culation sur les licences mini\u00e8res<\/strong>, en rendant leur obtention plus contraignante et en instaurant un m\u00e9canisme de suivi-\u00e9valuation rigoureux\u00a0;<\/p>\n<p>-Permettre \u00e0 la Mauritanie de mieux tirer profit de ses ressources mini\u00e8res gr\u00e2ce \u00e0 une <strong>gouvernance renforc\u00e9e<\/strong>.<\/p>\n<p>Concernant les demandes d&#8217;octroi de nouvelles licences, M. Tidjani a pr\u00e9cis\u00e9 que les candidats doivent d\u00e9sormais prouver leurs capacit\u00e9s mat\u00e9rielles et techniques pour \u00eatre \u00e9ligibles. Il a \u00e9galement \u00e9voqu\u00e9 la n\u00e9cessit\u00e9 de r\u00e9viser le <strong>code des mines<\/strong>, \u00e9labor\u00e9 en 2019, afin de l&#8217;adapter aux \u00e9volutions rapides du secteur.<\/p>\n<p>Le ministre a \u00e9galement mis en lumi\u00e8re les ambitions du gouvernement en mati\u00e8re d&#8217;industrialisation, en insistant sur la transformation des produits locaux. Il a toutefois soulign\u00e9 que l&#8217;acc\u00e8s insuffisant \u00e0 l&#8217;\u00e9nergie constitue un obstacle majeur, mais que des projets sont en cours pour y rem\u00e9dier.<\/p>\n<p>Ce point de presse a permis de mettre en avant les efforts du gouvernement pour moderniser les infrastructures, renforcer les secteurs strat\u00e9giques comme les mines, et r\u00e9pondre aux attentes des citoyens. Les ministres ont r\u00e9affirm\u00e9 l&#8217;engagement de l&#8217;\u00c9tat \u00e0 garantir un d\u00e9veloppement durable et inclusif tout en respectant les engagements pris sur la sc\u00e8ne internationale.<\/p>\n","protected":false},"excerpt":{"rendered":"<p>Jeudi soir, des membres du gouvernement, \u00e0 savoir le ministre de la Culture, des Arts, de la Communication et des Relations avec le Parlement, porte-parole du gouvernement, M. Houssein Meddou, et le ministre des Mines et de l&#8217;Industrie, M. Thiam Tidjani, ont anim\u00e9 un point de presse \u00e0 l&#8217;issue du Conseil des ministres tenu dans&#8230;..<\/p>\n","protected":false},"author":12,"featured_media":24831,"comment_status":"open","ping_status":"open","sticky":false,"template":"","format":"standard","meta":{"footnotes":""},"categories":[23,49],"tags":[],"class_list":["post-24830","post","type-post","status-publish","format-standard","has-post-thumbnail","hentry","category-actualite","category-economie"],"yoast_head":"<!-- This site is optimized with the Yoast SEO plugin v27.5 - https:\/\/yoast.com\/product\/yoast-seo-wordpress\/ -->\n<title>Point de presse : Deux ministres commentent les r\u00e9sultats du Conseil des ministres - Le Quotidien de Nouakchott<\/title>\n<meta name=\"robots\" content=\"index, follow, max-snippet:-1, max-image-preview:large, max-video-preview:-1\" \/>\n<link rel=\"canonical\" href=\"https:\/\/lequotidien.mr\/?p=24830&lang=fr\" \/>\n<meta property=\"og:locale\" content=\"ar_AR\" \/>\n<meta property=\"og:type\" content=\"article\" \/>\n<meta property=\"og:title\" content=\"Point de presse : Deux ministres commentent les r\u00e9sultats du Conseil des ministres - Le Quotidien de Nouakchott\" \/>\n<meta property=\"og:description\" content=\"Jeudi soir, des membres du gouvernement, \u00e0 savoir le ministre de la Culture, des Arts, de la Communication et des Relations avec le Parlement, porte-parole du gouvernement, M. Houssein Meddou, et le ministre des Mines et de l&#8217;Industrie, M. Thiam Tidjani, ont anim\u00e9 un point de presse \u00e0 l&#8217;issue du Conseil des ministres tenu dans.....\" \/>\n<meta property=\"og:url\" content=\"https:\/\/lequotidien.mr\/?p=24830&amp;lang=fr\" \/>\n<meta property=\"og:site_name\" content=\"Le Quotidien de Nouakchott\" \/>\n<meta property=\"article:publisher\" content=\"https:\/\/web.facebook.com\/lequotidienmr\" \/>\n<meta property=\"article:published_time\" content=\"2025-01-24T09:15:57+00:00\" \/>\n<meta property=\"og:image\" content=\"https:\/\/lequotidien.mr\/wp-content\/uploads\/2025\/01\/photo-point-de-presse-CM-24-1-2025.jpg\" \/>\n\t<meta property=\"og:image:width\" content=\"750\" \/>\n\t<meta property=\"og:image:height\" content=\"400\" \/>\n\t<meta property=\"og:image:type\" content=\"image\/jpeg\" \/>\n<meta name=\"author\" content=\"Med Ahmed\" \/>\n<meta name=\"twitter:card\" content=\"summary_large_image\" \/>\n<meta name=\"twitter:creator\" content=\"@lequotidienmr\" \/>\n<meta name=\"twitter:site\" content=\"@lequotidienmr\" \/>\n<meta name=\"twitter:label1\" content=\"\u0643\u064f\u062a\u0628 \u0628\u0648\u0627\u0633\u0637\u0629\" \/>\n\t<meta name=\"twitter:data1\" content=\"Med Ahmed\" \/>\n\t<meta name=\"twitter:label2\" content=\"\u0648\u0642\u062a \u0627\u0644\u0642\u0631\u0627\u0621\u0629 \u0627\u0644\u0645\u064f\u0642\u062f\u0651\u0631\" \/>\n\t<meta name=\"twitter:data2\" content=\"3 \u062f\u0642\u0627\u0626\u0642\" \/>\n<script type=\"application\/ld+json\" class=\"yoast-schema-graph\">{\"@context\":\"https:\\\/\\\/schema.org\",\"@graph\":[{\"@type\":\"Article\",\"@id\":\"https:\\\/\\\/lequotidien.mr\\\/?p=24830&lang=fr#article\",\"isPartOf\":{\"@id\":\"https:\\\/\\\/lequotidien.mr\\\/?p=24830&lang=fr\"},\"author\":{\"name\":\"Med Ahmed\",\"@id\":\"https:\\\/\\\/lequotidien.mr\\\/#\\\/schema\\\/person\\\/d2d350202a4d599685ed8abc25f97596\"},\"headline\":\"Point de presse : Deux ministres commentent les r\u00e9sultats du Conseil des ministres\",\"datePublished\":\"2025-01-24T09:15:57+00:00\",\"mainEntityOfPage\":{\"@id\":\"https:\\\/\\\/lequotidien.mr\\\/?p=24830&lang=fr\"},\"wordCount\":652,\"commentCount\":0,\"publisher\":{\"@id\":\"https:\\\/\\\/lequotidien.mr\\\/#organization\"},\"image\":{\"@id\":\"https:\\\/\\\/lequotidien.mr\\\/?p=24830&lang=fr#primaryimage\"},\"thumbnailUrl\":\"https:\\\/\\\/lequotidien.mr\\\/wp-content\\\/uploads\\\/2025\\\/01\\\/photo-point-de-presse-CM-24-1-2025.jpg\",\"articleSection\":[\"ACTUALIT\u00c9\",\"Economie\"],\"inLanguage\":\"ar\",\"potentialAction\":[{\"@type\":\"CommentAction\",\"name\":\"Comment\",\"target\":[\"https:\\\/\\\/lequotidien.mr\\\/?p=24830&lang=fr#respond\"]}]},{\"@type\":\"WebPage\",\"@id\":\"https:\\\/\\\/lequotidien.mr\\\/?p=24830&lang=fr\",\"url\":\"https:\\\/\\\/lequotidien.mr\\\/?p=24830&lang=fr\",\"name\":\"Point de presse : Deux ministres commentent les r\u00e9sultats du Conseil des ministres - Le Quotidien de Nouakchott\",\"isPartOf\":{\"@id\":\"https:\\\/\\\/lequotidien.mr\\\/#website\"},\"primaryImageOfPage\":{\"@id\":\"https:\\\/\\\/lequotidien.mr\\\/?p=24830&lang=fr#primaryimage\"},\"image\":{\"@id\":\"https:\\\/\\\/lequotidien.mr\\\/?p=24830&lang=fr#primaryimage\"},\"thumbnailUrl\":\"https:\\\/\\\/lequotidien.mr\\\/wp-content\\\/uploads\\\/2025\\\/01\\\/photo-point-de-presse-CM-24-1-2025.jpg\",\"datePublished\":\"2025-01-24T09:15:57+00:00\",\"breadcrumb\":{\"@id\":\"https:\\\/\\\/lequotidien.mr\\\/?p=24830&lang=fr#breadcrumb\"},\"inLanguage\":\"ar\",\"potentialAction\":[{\"@type\":\"ReadAction\",\"target\":[\"https:\\\/\\\/lequotidien.mr\\\/?p=24830&lang=fr\"]}]},{\"@type\":\"ImageObject\",\"inLanguage\":\"ar\",\"@id\":\"https:\\\/\\\/lequotidien.mr\\\/?p=24830&lang=fr#primaryimage\",\"url\":\"https:\\\/\\\/lequotidien.mr\\\/wp-content\\\/uploads\\\/2025\\\/01\\\/photo-point-de-presse-CM-24-1-2025.jpg\",\"contentUrl\":\"https:\\\/\\\/lequotidien.mr\\\/wp-content\\\/uploads\\\/2025\\\/01\\\/photo-point-de-presse-CM-24-1-2025.jpg\",\"width\":750,\"height\":400},{\"@type\":\"BreadcrumbList\",\"@id\":\"https:\\\/\\\/lequotidien.mr\\\/?p=24830&lang=fr#breadcrumb\",\"itemListElement\":[{\"@type\":\"ListItem\",\"position\":1,\"name\":\"Home\",\"item\":\"https:\\\/\\\/lequotidien.mr\\\/\"},{\"@type\":\"ListItem\",\"position\":2,\"name\":\"Point de presse : Deux ministres commentent les r\u00e9sultats du Conseil des ministres\"}]},{\"@type\":\"WebSite\",\"@id\":\"https:\\\/\\\/lequotidien.mr\\\/#website\",\"url\":\"https:\\\/\\\/lequotidien.mr\\\/\",\"name\":\"Le Quotidien de Nouakchott\",\"description\":\"\u0625\u062e\u0628\u0627\u0631\u064a\u0629 \u0645\u0633\u062a\u0642\u0644\u0629 \u0644\u0644\u0623\u0646\u0628\u0627\u0621 \u0627\u0644\u0639\u0627\u0645\u0629\",\"publisher\":{\"@id\":\"https:\\\/\\\/lequotidien.mr\\\/#organization\"},\"potentialAction\":[{\"@type\":\"SearchAction\",\"target\":{\"@type\":\"EntryPoint\",\"urlTemplate\":\"https:\\\/\\\/lequotidien.mr\\\/?s={search_term_string}\"},\"query-input\":{\"@type\":\"PropertyValueSpecification\",\"valueRequired\":true,\"valueName\":\"search_term_string\"}}],\"inLanguage\":\"ar\"},{\"@type\":\"Organization\",\"@id\":\"https:\\\/\\\/lequotidien.mr\\\/#organization\",\"name\":\"Le Quotidien de Nouakchott\",\"url\":\"https:\\\/\\\/lequotidien.mr\\\/\",\"logo\":{\"@type\":\"ImageObject\",\"inLanguage\":\"ar\",\"@id\":\"https:\\\/\\\/lequotidien.mr\\\/#\\\/schema\\\/logo\\\/image\\\/\",\"url\":\"https:\\\/\\\/lequotidien.mr\\\/wp-content\\\/uploads\\\/2022\\\/11\\\/logolequotidien.jpg\",\"contentUrl\":\"https:\\\/\\\/lequotidien.mr\\\/wp-content\\\/uploads\\\/2022\\\/11\\\/logolequotidien.jpg\",\"width\":290,\"height\":65,\"caption\":\"Le Quotidien de Nouakchott\"},\"image\":{\"@id\":\"https:\\\/\\\/lequotidien.mr\\\/#\\\/schema\\\/logo\\\/image\\\/\"},\"sameAs\":[\"https:\\\/\\\/web.facebook.com\\\/lequotidienmr\",\"https:\\\/\\\/x.com\\\/lequotidienmr\"]},{\"@type\":\"Person\",\"@id\":\"https:\\\/\\\/lequotidien.mr\\\/#\\\/schema\\\/person\\\/d2d350202a4d599685ed8abc25f97596\",\"name\":\"Med Ahmed\",\"image\":{\"@type\":\"ImageObject\",\"inLanguage\":\"ar\",\"@id\":\"https:\\\/\\\/secure.gravatar.com\\\/avatar\\\/fd2acc62ed50732923d1d39c17172c9b04149f142be92310ecc69e1358f94b52?s=96&d=mm&r=g\",\"url\":\"https:\\\/\\\/secure.gravatar.com\\\/avatar\\\/fd2acc62ed50732923d1d39c17172c9b04149f142be92310ecc69e1358f94b52?s=96&d=mm&r=g\",\"contentUrl\":\"https:\\\/\\\/secure.gravatar.com\\\/avatar\\\/fd2acc62ed50732923d1d39c17172c9b04149f142be92310ecc69e1358f94b52?s=96&d=mm&r=g\",\"caption\":\"Med Ahmed\"},\"url\":\"https:\\\/\\\/lequotidien.mr\\\/?author=12\"}]}<\/script>\n<!-- \/ Yoast SEO plugin. -->","yoast_head_json":{"title":"Point de presse : Deux ministres commentent les r\u00e9sultats du Conseil des ministres - Le Quotidien de Nouakchott","robots":{"index":"index","follow":"follow","max-snippet":"max-snippet:-1","max-image-preview":"max-image-preview:large","max-video-preview":"max-video-preview:-1"},"canonical":"https:\/\/lequotidien.mr\/?p=24830&lang=fr","og_locale":"ar_AR","og_type":"article","og_title":"Point de presse : Deux ministres commentent les r\u00e9sultats du Conseil des ministres - Le Quotidien de Nouakchott","og_description":"Jeudi soir, des membres du gouvernement, \u00e0 savoir le ministre de la Culture, des Arts, de la Communication et des Relations avec le Parlement, porte-parole du gouvernement, M. Houssein Meddou, et le ministre des Mines et de l&#8217;Industrie, M. Thiam Tidjani, ont anim\u00e9 un point de presse \u00e0 l&#8217;issue du Conseil des ministres tenu dans.....","og_url":"https:\/\/lequotidien.mr\/?p=24830&lang=fr","og_site_name":"Le Quotidien de Nouakchott","article_publisher":"https:\/\/web.facebook.com\/lequotidienmr","article_published_time":"2025-01-24T09:15:57+00:00","og_image":[{"width":750,"height":400,"url":"https:\/\/lequotidien.mr\/wp-content\/uploads\/2025\/01\/photo-point-de-presse-CM-24-1-2025.jpg","type":"image\/jpeg"}],"author":"Med Ahmed","twitter_card":"summary_large_image","twitter_creator":"@lequotidienmr","twitter_site":"@lequotidienmr","twitter_misc":{"\u0643\u064f\u062a\u0628 \u0628\u0648\u0627\u0633\u0637\u0629":"Med Ahmed","\u0648\u0642\u062a \u0627\u0644\u0642\u0631\u0627\u0621\u0629 \u0627\u0644\u0645\u064f\u0642\u062f\u0651\u0631":"3 \u062f\u0642\u0627\u0626\u0642"},"schema":{"@context":"https:\/\/schema.org","@graph":[{"@type":"Article","@id":"https:\/\/lequotidien.mr\/?p=24830&lang=fr#article","isPartOf":{"@id":"https:\/\/lequotidien.mr\/?p=24830&lang=fr"},"author":{"name":"Med Ahmed","@id":"https:\/\/lequotidien.mr\/#\/schema\/person\/d2d350202a4d599685ed8abc25f97596"},"headline":"Point de presse : Deux ministres commentent les r\u00e9sultats du Conseil des ministres","datePublished":"2025-01-24T09:15:57+00:00","mainEntityOfPage":{"@id":"https:\/\/lequotidien.mr\/?p=24830&lang=fr"},"wordCount":652,"commentCount":0,"publisher":{"@id":"https:\/\/lequotidien.mr\/#organization"},"image":{"@id":"https:\/\/lequotidien.mr\/?p=24830&lang=fr#primaryimage"},"thumbnailUrl":"https:\/\/lequotidien.mr\/wp-content\/uploads\/2025\/01\/photo-point-de-presse-CM-24-1-2025.jpg","articleSection":["ACTUALIT\u00c9","Economie"],"inLanguage":"ar","potentialAction":[{"@type":"CommentAction","name":"Comment","target":["https:\/\/lequotidien.mr\/?p=24830&lang=fr#respond"]}]},{"@type":"WebPage","@id":"https:\/\/lequotidien.mr\/?p=24830&lang=fr","url":"https:\/\/lequotidien.mr\/?p=24830&lang=fr","name":"Point de presse : Deux ministres commentent les r\u00e9sultats du Conseil des ministres - Le Quotidien de Nouakchott","isPartOf":{"@id":"https:\/\/lequotidien.mr\/#website"},"primaryImageOfPage":{"@id":"https:\/\/lequotidien.mr\/?p=24830&lang=fr#primaryimage"},"image":{"@id":"https:\/\/lequotidien.mr\/?p=24830&lang=fr#primaryimage"},"thumbnailUrl":"https:\/\/lequotidien.mr\/wp-content\/uploads\/2025\/01\/photo-point-de-presse-CM-24-1-2025.jpg","datePublished":"2025-01-24T09:15:57+00:00","breadcrumb":{"@id":"https:\/\/lequotidien.mr\/?p=24830&lang=fr#breadcrumb"},"inLanguage":"ar","potentialAction":[{"@type":"ReadAction","target":["https:\/\/lequotidien.mr\/?p=24830&lang=fr"]}]},{"@type":"ImageObject","inLanguage":"ar","@id":"https:\/\/lequotidien.mr\/?p=24830&lang=fr#primaryimage","url":"https:\/\/lequotidien.mr\/wp-content\/uploads\/2025\/01\/photo-point-de-presse-CM-24-1-2025.jpg","contentUrl":"https:\/\/lequotidien.mr\/wp-content\/uploads\/2025\/01\/photo-point-de-presse-CM-24-1-2025.jpg","width":750,"height":400},{"@type":"BreadcrumbList","@id":"https:\/\/lequotidien.mr\/?p=24830&lang=fr#breadcrumb","itemListElement":[{"@type":"ListItem","position":1,"name":"Home","item":"https:\/\/lequotidien.mr\/"},{"@type":"ListItem","position":2,"name":"Point de presse : Deux ministres commentent les r\u00e9sultats du Conseil des ministres"}]},{"@type":"WebSite","@id":"https:\/\/lequotidien.mr\/#website","url":"https:\/\/lequotidien.mr\/","name":"Le Quotidien de Nouakchott","description":"\u0625\u062e\u0628\u0627\u0631\u064a\u0629 \u0645\u0633\u062a\u0642\u0644\u0629 \u0644\u0644\u0623\u0646\u0628\u0627\u0621 \u0627\u0644\u0639\u0627\u0645\u0629","publisher":{"@id":"https:\/\/lequotidien.mr\/#organization"},"potentialAction":[{"@type":"SearchAction","target":{"@type":"EntryPoint","urlTemplate":"https:\/\/lequotidien.mr\/?s={search_term_string}"},"query-input":{"@type":"PropertyValueSpecification","valueRequired":true,"valueName":"search_term_string"}}],"inLanguage":"ar"},{"@type":"Organization","@id":"https:\/\/lequotidien.mr\/#organization","name":"Le Quotidien de Nouakchott","url":"https:\/\/lequotidien.mr\/","logo":{"@type":"ImageObject","inLanguage":"ar","@id":"https:\/\/lequotidien.mr\/#\/schema\/logo\/image\/","url":"https:\/\/lequotidien.mr\/wp-content\/uploads\/2022\/11\/logolequotidien.jpg","contentUrl":"https:\/\/lequotidien.mr\/wp-content\/uploads\/2022\/11\/logolequotidien.jpg","width":290,"height":65,"caption":"Le Quotidien de Nouakchott"},"image":{"@id":"https:\/\/lequotidien.mr\/#\/schema\/logo\/image\/"},"sameAs":["https:\/\/web.facebook.com\/lequotidienmr","https:\/\/x.com\/lequotidienmr"]},{"@type":"Person","@id":"https:\/\/lequotidien.mr\/#\/schema\/person\/d2d350202a4d599685ed8abc25f97596","name":"Med Ahmed","image":{"@type":"ImageObject","inLanguage":"ar","@id":"https:\/\/secure.gravatar.com\/avatar\/fd2acc62ed50732923d1d39c17172c9b04149f142be92310ecc69e1358f94b52?s=96&d=mm&r=g","url":"https:\/\/secure.gravatar.com\/avatar\/fd2acc62ed50732923d1d39c17172c9b04149f142be92310ecc69e1358f94b52?s=96&d=mm&r=g","contentUrl":"https:\/\/secure.gravatar.com\/avatar\/fd2acc62ed50732923d1d39c17172c9b04149f142be92310ecc69e1358f94b52?s=96&d=mm&r=g","caption":"Med Ahmed"},"url":"https:\/\/lequotidien.mr\/?author=12"}]}},"_links":{"self":[{"href":"https:\/\/lequotidien.mr\/index.php?rest_route=\/wp\/v2\/posts\/24830","targetHints":{"allow":["GET"]}}],"collection":[{"href":"https:\/\/lequotidien.mr\/index.php?rest_route=\/wp\/v2\/posts"}],"about":[{"href":"https:\/\/lequotidien.mr\/index.php?rest_route=\/wp\/v2\/types\/post"}],"author":[{"embeddable":true,"href":"https:\/\/lequotidien.mr\/index.php?rest_route=\/wp\/v2\/users\/12"}],"replies":[{"embeddable":true,"href":"https:\/\/lequotidien.mr\/index.php?rest_route=%2Fwp%2Fv2%2Fcomments&post=24830"}],"version-history":[{"count":1,"href":"https:\/\/lequotidien.mr\/index.php?rest_route=\/wp\/v2\/posts\/24830\/revisions"}],"predecessor-version":[{"id":24832,"href":"https:\/\/lequotidien.mr\/index.php?rest_route=\/wp\/v2\/posts\/24830\/revisions\/24832"}],"wp:featuredmedia":[{"embeddable":true,"href":"https:\/\/lequotidien.mr\/index.php?rest_route=\/wp\/v2\/media\/24831"}],"wp:attachment":[{"href":"https:\/\/lequotidien.mr\/index.php?rest_route=%2Fwp%2Fv2%2Fmedia&parent=24830"}],"wp:term":[{"taxonomy":"category","embeddable":true,"href":"https:\/\/lequotidien.mr\/index.php?rest_route=%2Fwp%2Fv2%2Fcategories&post=24830"},{"taxonomy":"post_tag","embeddable":true,"href":"https:\/\/lequotidien.mr\/index.php?rest_route=%2Fwp%2Fv2%2Ftags&post=24830"}],"curies":[{"name":"wp","href":"https:\/\/api.w.org\/{rel}","templated":true}]}}