{"id":24803,"date":"2025-01-23T09:58:21","date_gmt":"2025-01-23T09:58:21","guid":{"rendered":"https:\/\/lequotidien.mr\/?p=24803"},"modified":"2025-01-23T09:58:21","modified_gmt":"2025-01-23T09:58:21","slug":"12e-forum-consultatif-pour-lamelioration-des-pecheries-des-petits-pelagiques-enjeux-et-perspectives","status":"publish","type":"post","link":"https:\/\/lequotidien.mr\/?p=24803&lang=fr","title":{"rendered":"12e Forum consultatif pour l&#8217;am\u00e9lioration des p\u00eacheries des petits p\u00e9lagiques : Enjeux et perspectives"},"content":{"rendered":"<p>Les travaux du <strong>12\u1d49 forum consultatif pour l&#8217;am\u00e9lioration des p\u00eacheries des petits p\u00e9lagiques<\/strong>, organis\u00e9s par l&#8217;Institut Mauritanien de Recherches Oc\u00e9aniques et des P\u00eaches (IMROP), se d\u00e9roulent ce mercredi \u00e0 Nouakchott. Cet \u00e9v\u00e9nement d&#8217;une journ\u00e9e s&#8217;inscrit dans le cadre du <strong>Projet d&#8217;Am\u00e9lioration des Petits P\u00e9lagiques (FIP)<\/strong>, visant \u00e0 aligner ces p\u00eacheries sur les principes de durabilit\u00e9 et de responsabilit\u00e9 pour obtenir un certificat international de qualit\u00e9 pour les produits mauritaniens.<\/p>\n<p><strong>Vers une exploitation durable des ressources marines<\/strong><\/p>\n<p>Lors de son intervention \u00e0 l&#8217;ouverture des travaux, le ministre de la P\u00eache, des Infrastructures Maritimes et Portuaires, <strong>M. El Vadil Sidaty Ahmed Louly<\/strong>, a soulign\u00e9 l&#8217;importance des petits poissons p\u00e9lagiques, dont les stocks d\u00e9passent un million de tonnes par un. Il a insist\u00e9 sur leur r\u00f4le cl\u00e9 dans la lutte contre la pauvret\u00e9, la s\u00e9curit\u00e9 alimentaire et la cr\u00e9ation d&#8217;opportunit\u00e9s d&#8217;emploi, tout en approvisionnant les march\u00e9s locaux.<\/p>\n<p>Le ministre a \u00e9galement mis en garde contre les dangers d&#8217;une exploitation excessive, qui pourrait menacer l&#8217;\u00e9quilibre environnemental et la p\u00e9rennit\u00e9 de cette richesse halieutique. Il a rappel\u00e9 que sous l&#8217;impulsion du <strong>Pr\u00e9sident de la R\u00e9publique,<\/strong><strong> M. Mohamed Cheikh El Ghazouani<\/strong>, la durabilit\u00e9 des ressources marines est une priorit\u00e9 nationale int\u00e9gr\u00e9e dans les strat\u00e9gies sectorielles.<\/p>\n<p><strong>Des efforts pour un march\u00e9 international comp\u00e9titif<\/strong><\/p>\n<p>Le forum a \u00e9t\u00e9 l&#8217;occasion de pr\u00e9senter les efforts conjoints des secteurs public et priv\u00e9 pour am\u00e9liorer la gestion des petits p\u00e9lagiques, conform\u00e9ment aux normes internationales de durabilit\u00e9, comme le syst\u00e8me <strong>MSC<\/strong> . M. El Vadil a soulign\u00e9 que ces efforts visent \u00e0 accro\u00eetre la valeur commerciale des produits mauritaniens et \u00e0 les positionner sur les march\u00e9s internationaux \u00e0 haute valeur ajout\u00e9e.<\/p>\n<p>Le directeur g\u00e9n\u00e9ral de l&#8217;IMROP, <strong>M. Mohamed El Hafedh Ijiwen<\/strong>, a pour sa part expliqu\u00e9 le r\u00f4le \u00e9cologique essentiel des petits p\u00e9lagiques dans la cha\u00eene alimentaire marine, tout en alertant sur leur vuln\u00e9rabilit\u00e9 face aux pressions naturelles et humaines, telles que le changement climatique et la surp\u00eache.<\/p>\n<p><strong>Contributions internationales et perspectives d&#8217;avenir<\/strong><\/p>\n<p>La repr\u00e9sentante de l&#8217;Organisation Mondiale des Prot\u00e9ines Marines a insist\u00e9 sur l&#8217;importance de soutenir les prot\u00e9ines marines et de renforcer les efforts de gestion participative. Elle a mis en avant la n\u00e9cessit\u00e9 de surveiller les navires, de suivre les stocks et de favoriser une collaboration active entre les diff\u00e9rents acteurs du secteur.<\/p>\n<p>Elle a \u00e9galement plaid\u00e9 pour l&#8217;\u00e9laboration d&#8217;un <strong>plan d&#8217;action<\/strong> visant \u00e0 pr\u00e9server cette richesse et \u00e0 garantir sa durabilit\u00e9 \u00e9cologique et \u00e9conomique.<\/p>\n<p>Le lancement du forum s&#8217;est d\u00e9roul\u00e9 en pr\u00e9sence de la ministre du Commerce et du Tourisme, <strong>Mme Zeineb H&#8217;Mednah<\/strong>, et du secr\u00e9taire g\u00e9n\u00e9ral du minist\u00e8re de la P\u00eache et des Infrastructures Maritimes et Portuaires, <strong>M. Sidi Ali Sidi Boubacar<\/strong>, ainsi que de nombreux cadres, chercheurs et responsables de l&#8217;IMROP.<\/p>\n<p>Ce forum repr\u00e9sente une \u00e9tape essentielle pour garantir la p\u00e9rennit\u00e9 des ressources halieutiques, renforcer leur productivit\u00e9 et am\u00e9liorer leur positionnement sur les march\u00e9s internationaux. Les discussions et recommandations issues de ces travaux devraient contribuer \u00e0 pr\u00e9server cette richesse naturelle tout en maximisant ses retomb\u00e9es socio-\u00e9conomiques pour la Mauritanie.<\/p>\n","protected":false},"excerpt":{"rendered":"<p>Les travaux du 12\u1d49 forum consultatif pour l&#8217;am\u00e9lioration des p\u00eacheries des petits p\u00e9lagiques, organis\u00e9s par l&#8217;Institut Mauritanien de Recherches Oc\u00e9aniques et des P\u00eaches (IMROP), se d\u00e9roulent ce mercredi \u00e0 Nouakchott. Cet \u00e9v\u00e9nement d&#8217;une journ\u00e9e s&#8217;inscrit dans le cadre du Projet d&#8217;Am\u00e9lioration des Petits P\u00e9lagiques (FIP), visant \u00e0 aligner ces p\u00eacheries sur les principes de durabilit\u00e9&#8230;..<\/p>\n","protected":false},"author":12,"featured_media":24804,"comment_status":"open","ping_status":"open","sticky":false,"template":"","format":"standard","meta":{"footnotes":""},"categories":[23,49],"tags":[],"class_list":["post-24803","post","type-post","status-publish","format-standard","has-post-thumbnail","hentry","category-actualite","category-economie"],"yoast_head":"<!-- This site is optimized with the Yoast SEO plugin v27.5 - https:\/\/yoast.com\/product\/yoast-seo-wordpress\/ -->\n<title>12e Forum consultatif pour l&#039;am\u00e9lioration des p\u00eacheries des petits p\u00e9lagiques : Enjeux et perspectives - Le Quotidien de Nouakchott<\/title>\n<meta name=\"robots\" content=\"index, follow, max-snippet:-1, max-image-preview:large, max-video-preview:-1\" \/>\n<link rel=\"canonical\" href=\"https:\/\/lequotidien.mr\/?p=24803&lang=fr\" \/>\n<meta property=\"og:locale\" content=\"ar_AR\" \/>\n<meta property=\"og:type\" content=\"article\" \/>\n<meta property=\"og:title\" content=\"12e Forum consultatif pour l&#039;am\u00e9lioration des p\u00eacheries des petits p\u00e9lagiques : Enjeux et perspectives - Le Quotidien de Nouakchott\" \/>\n<meta property=\"og:description\" content=\"Les travaux du 12\u1d49 forum consultatif pour l&#8217;am\u00e9lioration des p\u00eacheries des petits p\u00e9lagiques, organis\u00e9s par l&#8217;Institut Mauritanien de Recherches Oc\u00e9aniques et des P\u00eaches (IMROP), se d\u00e9roulent ce mercredi \u00e0 Nouakchott. Cet \u00e9v\u00e9nement d&#8217;une journ\u00e9e s&#8217;inscrit dans le cadre du Projet d&#8217;Am\u00e9lioration des Petits P\u00e9lagiques (FIP), visant \u00e0 aligner ces p\u00eacheries sur les principes de durabilit\u00e9.....\" \/>\n<meta property=\"og:url\" content=\"https:\/\/lequotidien.mr\/?p=24803&amp;lang=fr\" \/>\n<meta property=\"og:site_name\" content=\"Le Quotidien de Nouakchott\" \/>\n<meta property=\"article:publisher\" content=\"https:\/\/web.facebook.com\/lequotidienmr\" \/>\n<meta property=\"article:published_time\" content=\"2025-01-23T09:58:21+00:00\" \/>\n<meta property=\"og:image\" content=\"https:\/\/lequotidien.mr\/wp-content\/uploads\/2025\/01\/photo-forum-consultatif-peche.jpg\" \/>\n\t<meta property=\"og:image:width\" content=\"750\" \/>\n\t<meta property=\"og:image:height\" content=\"430\" \/>\n\t<meta property=\"og:image:type\" content=\"image\/jpeg\" \/>\n<meta name=\"author\" content=\"Med Ahmed\" \/>\n<meta name=\"twitter:card\" content=\"summary_large_image\" \/>\n<meta name=\"twitter:creator\" content=\"@lequotidienmr\" \/>\n<meta name=\"twitter:site\" content=\"@lequotidienmr\" \/>\n<meta name=\"twitter:label1\" content=\"\u0643\u064f\u062a\u0628 \u0628\u0648\u0627\u0633\u0637\u0629\" \/>\n\t<meta name=\"twitter:data1\" content=\"Med Ahmed\" \/>\n\t<meta name=\"twitter:label2\" content=\"\u0648\u0642\u062a \u0627\u0644\u0642\u0631\u0627\u0621\u0629 \u0627\u0644\u0645\u064f\u0642\u062f\u0651\u0631\" \/>\n\t<meta name=\"twitter:data2\" content=\"3 \u062f\u0642\u0627\u0626\u0642\" \/>\n<script type=\"application\/ld+json\" class=\"yoast-schema-graph\">{\"@context\":\"https:\\\/\\\/schema.org\",\"@graph\":[{\"@type\":\"Article\",\"@id\":\"https:\\\/\\\/lequotidien.mr\\\/?p=24803&lang=fr#article\",\"isPartOf\":{\"@id\":\"https:\\\/\\\/lequotidien.mr\\\/?p=24803&lang=fr\"},\"author\":{\"name\":\"Med Ahmed\",\"@id\":\"https:\\\/\\\/lequotidien.mr\\\/#\\\/schema\\\/person\\\/d2d350202a4d599685ed8abc25f97596\"},\"headline\":\"12e Forum consultatif pour l&#8217;am\u00e9lioration des p\u00eacheries des petits p\u00e9lagiques : Enjeux et perspectives\",\"datePublished\":\"2025-01-23T09:58:21+00:00\",\"mainEntityOfPage\":{\"@id\":\"https:\\\/\\\/lequotidien.mr\\\/?p=24803&lang=fr\"},\"wordCount\":582,\"commentCount\":0,\"publisher\":{\"@id\":\"https:\\\/\\\/lequotidien.mr\\\/#organization\"},\"image\":{\"@id\":\"https:\\\/\\\/lequotidien.mr\\\/?p=24803&lang=fr#primaryimage\"},\"thumbnailUrl\":\"https:\\\/\\\/lequotidien.mr\\\/wp-content\\\/uploads\\\/2025\\\/01\\\/photo-forum-consultatif-peche.jpg\",\"articleSection\":[\"ACTUALIT\u00c9\",\"Economie\"],\"inLanguage\":\"ar\",\"potentialAction\":[{\"@type\":\"CommentAction\",\"name\":\"Comment\",\"target\":[\"https:\\\/\\\/lequotidien.mr\\\/?p=24803&lang=fr#respond\"]}]},{\"@type\":\"WebPage\",\"@id\":\"https:\\\/\\\/lequotidien.mr\\\/?p=24803&lang=fr\",\"url\":\"https:\\\/\\\/lequotidien.mr\\\/?p=24803&lang=fr\",\"name\":\"12e Forum consultatif pour l'am\u00e9lioration des p\u00eacheries des petits p\u00e9lagiques : Enjeux et perspectives - Le Quotidien de Nouakchott\",\"isPartOf\":{\"@id\":\"https:\\\/\\\/lequotidien.mr\\\/#website\"},\"primaryImageOfPage\":{\"@id\":\"https:\\\/\\\/lequotidien.mr\\\/?p=24803&lang=fr#primaryimage\"},\"image\":{\"@id\":\"https:\\\/\\\/lequotidien.mr\\\/?p=24803&lang=fr#primaryimage\"},\"thumbnailUrl\":\"https:\\\/\\\/lequotidien.mr\\\/wp-content\\\/uploads\\\/2025\\\/01\\\/photo-forum-consultatif-peche.jpg\",\"datePublished\":\"2025-01-23T09:58:21+00:00\",\"breadcrumb\":{\"@id\":\"https:\\\/\\\/lequotidien.mr\\\/?p=24803&lang=fr#breadcrumb\"},\"inLanguage\":\"ar\",\"potentialAction\":[{\"@type\":\"ReadAction\",\"target\":[\"https:\\\/\\\/lequotidien.mr\\\/?p=24803&lang=fr\"]}]},{\"@type\":\"ImageObject\",\"inLanguage\":\"ar\",\"@id\":\"https:\\\/\\\/lequotidien.mr\\\/?p=24803&lang=fr#primaryimage\",\"url\":\"https:\\\/\\\/lequotidien.mr\\\/wp-content\\\/uploads\\\/2025\\\/01\\\/photo-forum-consultatif-peche.jpg\",\"contentUrl\":\"https:\\\/\\\/lequotidien.mr\\\/wp-content\\\/uploads\\\/2025\\\/01\\\/photo-forum-consultatif-peche.jpg\",\"width\":750,\"height\":430},{\"@type\":\"BreadcrumbList\",\"@id\":\"https:\\\/\\\/lequotidien.mr\\\/?p=24803&lang=fr#breadcrumb\",\"itemListElement\":[{\"@type\":\"ListItem\",\"position\":1,\"name\":\"Home\",\"item\":\"https:\\\/\\\/lequotidien.mr\\\/\"},{\"@type\":\"ListItem\",\"position\":2,\"name\":\"12e Forum consultatif pour l&#8217;am\u00e9lioration des p\u00eacheries des petits p\u00e9lagiques : Enjeux et perspectives\"}]},{\"@type\":\"WebSite\",\"@id\":\"https:\\\/\\\/lequotidien.mr\\\/#website\",\"url\":\"https:\\\/\\\/lequotidien.mr\\\/\",\"name\":\"Le Quotidien de Nouakchott\",\"description\":\"\u0625\u062e\u0628\u0627\u0631\u064a\u0629 \u0645\u0633\u062a\u0642\u0644\u0629 \u0644\u0644\u0623\u0646\u0628\u0627\u0621 \u0627\u0644\u0639\u0627\u0645\u0629\",\"publisher\":{\"@id\":\"https:\\\/\\\/lequotidien.mr\\\/#organization\"},\"potentialAction\":[{\"@type\":\"SearchAction\",\"target\":{\"@type\":\"EntryPoint\",\"urlTemplate\":\"https:\\\/\\\/lequotidien.mr\\\/?s={search_term_string}\"},\"query-input\":{\"@type\":\"PropertyValueSpecification\",\"valueRequired\":true,\"valueName\":\"search_term_string\"}}],\"inLanguage\":\"ar\"},{\"@type\":\"Organization\",\"@id\":\"https:\\\/\\\/lequotidien.mr\\\/#organization\",\"name\":\"Le Quotidien de Nouakchott\",\"url\":\"https:\\\/\\\/lequotidien.mr\\\/\",\"logo\":{\"@type\":\"ImageObject\",\"inLanguage\":\"ar\",\"@id\":\"https:\\\/\\\/lequotidien.mr\\\/#\\\/schema\\\/logo\\\/image\\\/\",\"url\":\"https:\\\/\\\/lequotidien.mr\\\/wp-content\\\/uploads\\\/2022\\\/11\\\/logolequotidien.jpg\",\"contentUrl\":\"https:\\\/\\\/lequotidien.mr\\\/wp-content\\\/uploads\\\/2022\\\/11\\\/logolequotidien.jpg\",\"width\":290,\"height\":65,\"caption\":\"Le Quotidien de Nouakchott\"},\"image\":{\"@id\":\"https:\\\/\\\/lequotidien.mr\\\/#\\\/schema\\\/logo\\\/image\\\/\"},\"sameAs\":[\"https:\\\/\\\/web.facebook.com\\\/lequotidienmr\",\"https:\\\/\\\/x.com\\\/lequotidienmr\"]},{\"@type\":\"Person\",\"@id\":\"https:\\\/\\\/lequotidien.mr\\\/#\\\/schema\\\/person\\\/d2d350202a4d599685ed8abc25f97596\",\"name\":\"Med Ahmed\",\"image\":{\"@type\":\"ImageObject\",\"inLanguage\":\"ar\",\"@id\":\"https:\\\/\\\/secure.gravatar.com\\\/avatar\\\/fd2acc62ed50732923d1d39c17172c9b04149f142be92310ecc69e1358f94b52?s=96&d=mm&r=g\",\"url\":\"https:\\\/\\\/secure.gravatar.com\\\/avatar\\\/fd2acc62ed50732923d1d39c17172c9b04149f142be92310ecc69e1358f94b52?s=96&d=mm&r=g\",\"contentUrl\":\"https:\\\/\\\/secure.gravatar.com\\\/avatar\\\/fd2acc62ed50732923d1d39c17172c9b04149f142be92310ecc69e1358f94b52?s=96&d=mm&r=g\",\"caption\":\"Med Ahmed\"},\"url\":\"https:\\\/\\\/lequotidien.mr\\\/?author=12\"}]}<\/script>\n<!-- \/ Yoast SEO plugin. -->","yoast_head_json":{"title":"12e Forum consultatif pour l'am\u00e9lioration des p\u00eacheries des petits p\u00e9lagiques : Enjeux et perspectives - Le Quotidien de Nouakchott","robots":{"index":"index","follow":"follow","max-snippet":"max-snippet:-1","max-image-preview":"max-image-preview:large","max-video-preview":"max-video-preview:-1"},"canonical":"https:\/\/lequotidien.mr\/?p=24803&lang=fr","og_locale":"ar_AR","og_type":"article","og_title":"12e Forum consultatif pour l'am\u00e9lioration des p\u00eacheries des petits p\u00e9lagiques : Enjeux et perspectives - Le Quotidien de Nouakchott","og_description":"Les travaux du 12\u1d49 forum consultatif pour l&#8217;am\u00e9lioration des p\u00eacheries des petits p\u00e9lagiques, organis\u00e9s par l&#8217;Institut Mauritanien de Recherches Oc\u00e9aniques et des P\u00eaches (IMROP), se d\u00e9roulent ce mercredi \u00e0 Nouakchott. Cet \u00e9v\u00e9nement d&#8217;une journ\u00e9e s&#8217;inscrit dans le cadre du Projet d&#8217;Am\u00e9lioration des Petits P\u00e9lagiques (FIP), visant \u00e0 aligner ces p\u00eacheries sur les principes de durabilit\u00e9.....","og_url":"https:\/\/lequotidien.mr\/?p=24803&lang=fr","og_site_name":"Le Quotidien de Nouakchott","article_publisher":"https:\/\/web.facebook.com\/lequotidienmr","article_published_time":"2025-01-23T09:58:21+00:00","og_image":[{"width":750,"height":430,"url":"https:\/\/lequotidien.mr\/wp-content\/uploads\/2025\/01\/photo-forum-consultatif-peche.jpg","type":"image\/jpeg"}],"author":"Med Ahmed","twitter_card":"summary_large_image","twitter_creator":"@lequotidienmr","twitter_site":"@lequotidienmr","twitter_misc":{"\u0643\u064f\u062a\u0628 \u0628\u0648\u0627\u0633\u0637\u0629":"Med Ahmed","\u0648\u0642\u062a \u0627\u0644\u0642\u0631\u0627\u0621\u0629 \u0627\u0644\u0645\u064f\u0642\u062f\u0651\u0631":"3 \u062f\u0642\u0627\u0626\u0642"},"schema":{"@context":"https:\/\/schema.org","@graph":[{"@type":"Article","@id":"https:\/\/lequotidien.mr\/?p=24803&lang=fr#article","isPartOf":{"@id":"https:\/\/lequotidien.mr\/?p=24803&lang=fr"},"author":{"name":"Med Ahmed","@id":"https:\/\/lequotidien.mr\/#\/schema\/person\/d2d350202a4d599685ed8abc25f97596"},"headline":"12e Forum consultatif pour l&#8217;am\u00e9lioration des p\u00eacheries des petits p\u00e9lagiques : Enjeux et perspectives","datePublished":"2025-01-23T09:58:21+00:00","mainEntityOfPage":{"@id":"https:\/\/lequotidien.mr\/?p=24803&lang=fr"},"wordCount":582,"commentCount":0,"publisher":{"@id":"https:\/\/lequotidien.mr\/#organization"},"image":{"@id":"https:\/\/lequotidien.mr\/?p=24803&lang=fr#primaryimage"},"thumbnailUrl":"https:\/\/lequotidien.mr\/wp-content\/uploads\/2025\/01\/photo-forum-consultatif-peche.jpg","articleSection":["ACTUALIT\u00c9","Economie"],"inLanguage":"ar","potentialAction":[{"@type":"CommentAction","name":"Comment","target":["https:\/\/lequotidien.mr\/?p=24803&lang=fr#respond"]}]},{"@type":"WebPage","@id":"https:\/\/lequotidien.mr\/?p=24803&lang=fr","url":"https:\/\/lequotidien.mr\/?p=24803&lang=fr","name":"12e Forum consultatif pour l'am\u00e9lioration des p\u00eacheries des petits p\u00e9lagiques : Enjeux et perspectives - Le Quotidien de Nouakchott","isPartOf":{"@id":"https:\/\/lequotidien.mr\/#website"},"primaryImageOfPage":{"@id":"https:\/\/lequotidien.mr\/?p=24803&lang=fr#primaryimage"},"image":{"@id":"https:\/\/lequotidien.mr\/?p=24803&lang=fr#primaryimage"},"thumbnailUrl":"https:\/\/lequotidien.mr\/wp-content\/uploads\/2025\/01\/photo-forum-consultatif-peche.jpg","datePublished":"2025-01-23T09:58:21+00:00","breadcrumb":{"@id":"https:\/\/lequotidien.mr\/?p=24803&lang=fr#breadcrumb"},"inLanguage":"ar","potentialAction":[{"@type":"ReadAction","target":["https:\/\/lequotidien.mr\/?p=24803&lang=fr"]}]},{"@type":"ImageObject","inLanguage":"ar","@id":"https:\/\/lequotidien.mr\/?p=24803&lang=fr#primaryimage","url":"https:\/\/lequotidien.mr\/wp-content\/uploads\/2025\/01\/photo-forum-consultatif-peche.jpg","contentUrl":"https:\/\/lequotidien.mr\/wp-content\/uploads\/2025\/01\/photo-forum-consultatif-peche.jpg","width":750,"height":430},{"@type":"BreadcrumbList","@id":"https:\/\/lequotidien.mr\/?p=24803&lang=fr#breadcrumb","itemListElement":[{"@type":"ListItem","position":1,"name":"Home","item":"https:\/\/lequotidien.mr\/"},{"@type":"ListItem","position":2,"name":"12e Forum consultatif pour l&#8217;am\u00e9lioration des p\u00eacheries des petits p\u00e9lagiques : Enjeux et perspectives"}]},{"@type":"WebSite","@id":"https:\/\/lequotidien.mr\/#website","url":"https:\/\/lequotidien.mr\/","name":"Le Quotidien de Nouakchott","description":"\u0625\u062e\u0628\u0627\u0631\u064a\u0629 \u0645\u0633\u062a\u0642\u0644\u0629 \u0644\u0644\u0623\u0646\u0628\u0627\u0621 \u0627\u0644\u0639\u0627\u0645\u0629","publisher":{"@id":"https:\/\/lequotidien.mr\/#organization"},"potentialAction":[{"@type":"SearchAction","target":{"@type":"EntryPoint","urlTemplate":"https:\/\/lequotidien.mr\/?s={search_term_string}"},"query-input":{"@type":"PropertyValueSpecification","valueRequired":true,"valueName":"search_term_string"}}],"inLanguage":"ar"},{"@type":"Organization","@id":"https:\/\/lequotidien.mr\/#organization","name":"Le Quotidien de Nouakchott","url":"https:\/\/lequotidien.mr\/","logo":{"@type":"ImageObject","inLanguage":"ar","@id":"https:\/\/lequotidien.mr\/#\/schema\/logo\/image\/","url":"https:\/\/lequotidien.mr\/wp-content\/uploads\/2022\/11\/logolequotidien.jpg","contentUrl":"https:\/\/lequotidien.mr\/wp-content\/uploads\/2022\/11\/logolequotidien.jpg","width":290,"height":65,"caption":"Le Quotidien de Nouakchott"},"image":{"@id":"https:\/\/lequotidien.mr\/#\/schema\/logo\/image\/"},"sameAs":["https:\/\/web.facebook.com\/lequotidienmr","https:\/\/x.com\/lequotidienmr"]},{"@type":"Person","@id":"https:\/\/lequotidien.mr\/#\/schema\/person\/d2d350202a4d599685ed8abc25f97596","name":"Med Ahmed","image":{"@type":"ImageObject","inLanguage":"ar","@id":"https:\/\/secure.gravatar.com\/avatar\/fd2acc62ed50732923d1d39c17172c9b04149f142be92310ecc69e1358f94b52?s=96&d=mm&r=g","url":"https:\/\/secure.gravatar.com\/avatar\/fd2acc62ed50732923d1d39c17172c9b04149f142be92310ecc69e1358f94b52?s=96&d=mm&r=g","contentUrl":"https:\/\/secure.gravatar.com\/avatar\/fd2acc62ed50732923d1d39c17172c9b04149f142be92310ecc69e1358f94b52?s=96&d=mm&r=g","caption":"Med Ahmed"},"url":"https:\/\/lequotidien.mr\/?author=12"}]}},"_links":{"self":[{"href":"https:\/\/lequotidien.mr\/index.php?rest_route=\/wp\/v2\/posts\/24803","targetHints":{"allow":["GET"]}}],"collection":[{"href":"https:\/\/lequotidien.mr\/index.php?rest_route=\/wp\/v2\/posts"}],"about":[{"href":"https:\/\/lequotidien.mr\/index.php?rest_route=\/wp\/v2\/types\/post"}],"author":[{"embeddable":true,"href":"https:\/\/lequotidien.mr\/index.php?rest_route=\/wp\/v2\/users\/12"}],"replies":[{"embeddable":true,"href":"https:\/\/lequotidien.mr\/index.php?rest_route=%2Fwp%2Fv2%2Fcomments&post=24803"}],"version-history":[{"count":1,"href":"https:\/\/lequotidien.mr\/index.php?rest_route=\/wp\/v2\/posts\/24803\/revisions"}],"predecessor-version":[{"id":24805,"href":"https:\/\/lequotidien.mr\/index.php?rest_route=\/wp\/v2\/posts\/24803\/revisions\/24805"}],"wp:featuredmedia":[{"embeddable":true,"href":"https:\/\/lequotidien.mr\/index.php?rest_route=\/wp\/v2\/media\/24804"}],"wp:attachment":[{"href":"https:\/\/lequotidien.mr\/index.php?rest_route=%2Fwp%2Fv2%2Fmedia&parent=24803"}],"wp:term":[{"taxonomy":"category","embeddable":true,"href":"https:\/\/lequotidien.mr\/index.php?rest_route=%2Fwp%2Fv2%2Fcategories&post=24803"},{"taxonomy":"post_tag","embeddable":true,"href":"https:\/\/lequotidien.mr\/index.php?rest_route=%2Fwp%2Fv2%2Ftags&post=24803"}],"curies":[{"name":"wp","href":"https:\/\/api.w.org\/{rel}","templated":true}]}}