{"id":24800,"date":"2025-01-23T09:07:23","date_gmt":"2025-01-23T09:07:23","guid":{"rendered":"https:\/\/lequotidien.mr\/?p=24800"},"modified":"2025-01-23T09:07:23","modified_gmt":"2025-01-23T09:07:23","slug":"le-coordinateur-general-du-rallye-africa-eco-race-loue-lhospitalite-mauritanienne-et-le-professionnalisme-des-partenaires-locaux","status":"publish","type":"post","link":"https:\/\/lequotidien.mr\/?p=24800&lang=fr","title":{"rendered":"Le coordinateur g\u00e9n\u00e9ral du rallye &#8220;Africa Eco Race&#8221;  loue l&#8217;hospitalit\u00e9 mauritanienne et le professionnalisme des partenaires locaux"},"content":{"rendered":"<p>Dans un message de remerciement adress\u00e9 \u00e0 la ministre du Commerce et du Tourisme, Mme Zeinebou Ahmednah, le coordinateur g\u00e9n\u00e9ral du rallye <strong>&#8220;Africa Eco Race&#8221;<\/strong> , M. Anthony Schlesser, a exprim\u00e9 sa profonde gratitude pour l&#8217;accueil chaleureux et l&#8217;organisation professionnelle qui ont marqu\u00e9 \u00a0la 16\u1d49 \u00e9dition du rallye lors de son passage en Mauritanie.<\/p>\n<p>M. Schlesser a d\u00e9clar\u00e9 que lui-m\u00eame, ainsi que l&#8217;ensemble des participants et du staff, ont \u00e9t\u00e9 touch\u00e9s par la <strong>g\u00e9n\u00e9rosit\u00e9 du peuple mauritanien<\/strong> et la chaleur de son accueil. Chaque moment pass\u00e9 dans le pays a \u00e9t\u00e9 une occasion d&#8217;appr\u00e9cier la beaut\u00e9 des paysages locaux, la richesse culturelle et l&#8217;hospitalit\u00e9 remarquable des habitants.<\/p>\n<p><strong>Une collaboration exemplaire pour un \u00e9v\u00e9nement r\u00e9ussi<\/strong><\/p>\n<p>Dans son message, le coordinateur g\u00e9n\u00e9ral a salu\u00e9 la <strong>collaboration \u00e9troite<\/strong> entre le minist\u00e8re du Commerce et du Tourisme et les autorit\u00e9s locales, qui a, selon lui, jou\u00e9 un r\u00f4le d\u00e9terminant dans la r\u00e9ussite de l&#8217;\u00e9v\u00e9nement. Cette coop\u00e9ration a permis aux participants de profiter pleinement de leur exp\u00e9rience en Mauritanie, renfor\u00e7ant ainsi l&#8217;image du pays comme une destination id\u00e9ale pour les \u00e9v\u00e9nements sportifs internationaux.<\/p>\n<p><strong>Une nouvelle \u00e9dition pr\u00e9vue en 2026<\/strong><\/p>\n<p>Anthony Schlesser a \u00e9galement profit\u00e9 de cette occasion pour annoncer que la <strong>17\u1d49 \u00e9dition de l&#8217;Africa Eco Race<\/strong> se tiendra en Mauritanie du <strong>1er au 6 f\u00e9vrier 2026<\/strong>. Il a soulign\u00e9 que cette prochaine \u00e9dition repr\u00e9sentera une nouvelle opportunit\u00e9 pour renforcer le partenariat et la collaboration entre les organisateurs et la Mauritanie, en promettant davantage de succ\u00e8s et des exp\u00e9riences inoubliables pour tous les participants.<\/p>\n<p><strong>Une reconnaissance renouvel\u00e9e<\/strong><\/p>\n<p>M. Schlesser a conclu son message en renouvelant ses remerciements et son appr\u00e9ciation \u00e0 Mme la Ministre et \u00e0 son \u00e9quipe pour leur engagement exceptionnel. Il a affirm\u00e9 leur volont\u00e9 commune de faire de la prochaine \u00e9dition un \u00e9v\u00e9nement encore \u00e0 valeurs plus marquantes, en mettant en avant les sportifs et environnementaux qui caract\u00e9risent ce rallye.<\/p>\n<p>Cet hommage vibrant \u00e0 la Mauritanie confirme l&#8217;importance de ce type d&#8217;\u00e9v\u00e9nements pour promouvoir le pays \u00e0 l&#8217;\u00e9chelle internationale, tout en valorisant ses atouts naturels et culturels uniques.<\/p>\n","protected":false},"excerpt":{"rendered":"<p>Dans un message de remerciement adress\u00e9 \u00e0 la ministre du Commerce et du Tourisme, Mme Zeinebou Ahmednah, le coordinateur g\u00e9n\u00e9ral du rallye &#8220;Africa Eco Race&#8221; , M. Anthony Schlesser, a exprim\u00e9 sa profonde gratitude pour l&#8217;accueil chaleureux et l&#8217;organisation professionnelle qui ont marqu\u00e9 \u00a0la 16\u1d49 \u00e9dition du rallye lors de son passage en Mauritanie. M&#8230;&#8230;<\/p>\n","protected":false},"author":12,"featured_media":24801,"comment_status":"open","ping_status":"open","sticky":false,"template":"","format":"standard","meta":{"footnotes":""},"categories":[23,55],"tags":[],"class_list":["post-24800","post","type-post","status-publish","format-standard","has-post-thumbnail","hentry","category-actualite","category-culture"],"yoast_head":"<!-- This site is optimized with the Yoast SEO plugin v27.5 - https:\/\/yoast.com\/product\/yoast-seo-wordpress\/ -->\n<title>Le coordinateur g\u00e9n\u00e9ral du rallye &quot;Africa Eco Race&quot; loue l&#039;hospitalit\u00e9 mauritanienne et le professionnalisme des partenaires locaux - Le Quotidien de Nouakchott<\/title>\n<meta name=\"robots\" content=\"index, follow, max-snippet:-1, max-image-preview:large, max-video-preview:-1\" \/>\n<link rel=\"canonical\" href=\"https:\/\/lequotidien.mr\/?p=24800&lang=fr\" \/>\n<meta property=\"og:locale\" content=\"ar_AR\" \/>\n<meta property=\"og:type\" content=\"article\" \/>\n<meta property=\"og:title\" content=\"Le coordinateur g\u00e9n\u00e9ral du rallye &quot;Africa Eco Race&quot; loue l&#039;hospitalit\u00e9 mauritanienne et le professionnalisme des partenaires locaux - Le Quotidien de Nouakchott\" \/>\n<meta property=\"og:description\" content=\"Dans un message de remerciement adress\u00e9 \u00e0 la ministre du Commerce et du Tourisme, Mme Zeinebou Ahmednah, le coordinateur g\u00e9n\u00e9ral du rallye &#8220;Africa Eco Race&#8221; , M. Anthony Schlesser, a exprim\u00e9 sa profonde gratitude pour l&#8217;accueil chaleureux et l&#8217;organisation professionnelle qui ont marqu\u00e9 \u00a0la 16\u1d49 \u00e9dition du rallye lors de son passage en Mauritanie. M......\" \/>\n<meta property=\"og:url\" content=\"https:\/\/lequotidien.mr\/?p=24800&amp;lang=fr\" \/>\n<meta property=\"og:site_name\" content=\"Le Quotidien de Nouakchott\" \/>\n<meta property=\"article:publisher\" content=\"https:\/\/web.facebook.com\/lequotidienmr\" \/>\n<meta property=\"article:published_time\" content=\"2025-01-23T09:07:23+00:00\" \/>\n<meta property=\"og:image\" content=\"https:\/\/lequotidien.mr\/wp-content\/uploads\/2025\/01\/photo-Rallye-Mtnie.jpg\" \/>\n\t<meta property=\"og:image:width\" content=\"640\" \/>\n\t<meta property=\"og:image:height\" content=\"422\" \/>\n\t<meta property=\"og:image:type\" content=\"image\/jpeg\" \/>\n<meta name=\"author\" content=\"Med Ahmed\" \/>\n<meta name=\"twitter:card\" content=\"summary_large_image\" \/>\n<meta name=\"twitter:creator\" content=\"@lequotidienmr\" \/>\n<meta name=\"twitter:site\" content=\"@lequotidienmr\" \/>\n<meta name=\"twitter:label1\" content=\"\u0643\u064f\u062a\u0628 \u0628\u0648\u0627\u0633\u0637\u0629\" \/>\n\t<meta name=\"twitter:data1\" content=\"Med Ahmed\" \/>\n\t<meta name=\"twitter:label2\" content=\"\u0648\u0642\u062a \u0627\u0644\u0642\u0631\u0627\u0621\u0629 \u0627\u0644\u0645\u064f\u0642\u062f\u0651\u0631\" \/>\n\t<meta name=\"twitter:data2\" content=\"\u062f\u0642\u064a\u0642\u062a\u0627\u0646\" \/>\n<script type=\"application\/ld+json\" class=\"yoast-schema-graph\">{\"@context\":\"https:\\\/\\\/schema.org\",\"@graph\":[{\"@type\":\"Article\",\"@id\":\"https:\\\/\\\/lequotidien.mr\\\/?p=24800&lang=fr#article\",\"isPartOf\":{\"@id\":\"https:\\\/\\\/lequotidien.mr\\\/?p=24800&lang=fr\"},\"author\":{\"name\":\"Med Ahmed\",\"@id\":\"https:\\\/\\\/lequotidien.mr\\\/#\\\/schema\\\/person\\\/d2d350202a4d599685ed8abc25f97596\"},\"headline\":\"Le coordinateur g\u00e9n\u00e9ral du rallye &#8220;Africa Eco Race&#8221; loue l&#8217;hospitalit\u00e9 mauritanienne et le professionnalisme des partenaires locaux\",\"datePublished\":\"2025-01-23T09:07:23+00:00\",\"mainEntityOfPage\":{\"@id\":\"https:\\\/\\\/lequotidien.mr\\\/?p=24800&lang=fr\"},\"wordCount\":388,\"commentCount\":0,\"publisher\":{\"@id\":\"https:\\\/\\\/lequotidien.mr\\\/#organization\"},\"image\":{\"@id\":\"https:\\\/\\\/lequotidien.mr\\\/?p=24800&lang=fr#primaryimage\"},\"thumbnailUrl\":\"https:\\\/\\\/lequotidien.mr\\\/wp-content\\\/uploads\\\/2025\\\/01\\\/photo-Rallye-Mtnie.jpg\",\"articleSection\":[\"ACTUALIT\u00c9\",\"Culture\"],\"inLanguage\":\"ar\",\"potentialAction\":[{\"@type\":\"CommentAction\",\"name\":\"Comment\",\"target\":[\"https:\\\/\\\/lequotidien.mr\\\/?p=24800&lang=fr#respond\"]}]},{\"@type\":\"WebPage\",\"@id\":\"https:\\\/\\\/lequotidien.mr\\\/?p=24800&lang=fr\",\"url\":\"https:\\\/\\\/lequotidien.mr\\\/?p=24800&lang=fr\",\"name\":\"Le coordinateur g\u00e9n\u00e9ral du rallye \\\"Africa Eco Race\\\" loue l'hospitalit\u00e9 mauritanienne et le professionnalisme des partenaires locaux - Le Quotidien de Nouakchott\",\"isPartOf\":{\"@id\":\"https:\\\/\\\/lequotidien.mr\\\/#website\"},\"primaryImageOfPage\":{\"@id\":\"https:\\\/\\\/lequotidien.mr\\\/?p=24800&lang=fr#primaryimage\"},\"image\":{\"@id\":\"https:\\\/\\\/lequotidien.mr\\\/?p=24800&lang=fr#primaryimage\"},\"thumbnailUrl\":\"https:\\\/\\\/lequotidien.mr\\\/wp-content\\\/uploads\\\/2025\\\/01\\\/photo-Rallye-Mtnie.jpg\",\"datePublished\":\"2025-01-23T09:07:23+00:00\",\"breadcrumb\":{\"@id\":\"https:\\\/\\\/lequotidien.mr\\\/?p=24800&lang=fr#breadcrumb\"},\"inLanguage\":\"ar\",\"potentialAction\":[{\"@type\":\"ReadAction\",\"target\":[\"https:\\\/\\\/lequotidien.mr\\\/?p=24800&lang=fr\"]}]},{\"@type\":\"ImageObject\",\"inLanguage\":\"ar\",\"@id\":\"https:\\\/\\\/lequotidien.mr\\\/?p=24800&lang=fr#primaryimage\",\"url\":\"https:\\\/\\\/lequotidien.mr\\\/wp-content\\\/uploads\\\/2025\\\/01\\\/photo-Rallye-Mtnie.jpg\",\"contentUrl\":\"https:\\\/\\\/lequotidien.mr\\\/wp-content\\\/uploads\\\/2025\\\/01\\\/photo-Rallye-Mtnie.jpg\",\"width\":640,\"height\":422,\"caption\":\"CREATOR: gd-jpeg v1.0 (using IJG JPEG v62), quality = 82\"},{\"@type\":\"BreadcrumbList\",\"@id\":\"https:\\\/\\\/lequotidien.mr\\\/?p=24800&lang=fr#breadcrumb\",\"itemListElement\":[{\"@type\":\"ListItem\",\"position\":1,\"name\":\"Home\",\"item\":\"https:\\\/\\\/lequotidien.mr\\\/\"},{\"@type\":\"ListItem\",\"position\":2,\"name\":\"Le coordinateur g\u00e9n\u00e9ral du rallye &#8220;Africa Eco Race&#8221; loue l&#8217;hospitalit\u00e9 mauritanienne et le professionnalisme des partenaires locaux\"}]},{\"@type\":\"WebSite\",\"@id\":\"https:\\\/\\\/lequotidien.mr\\\/#website\",\"url\":\"https:\\\/\\\/lequotidien.mr\\\/\",\"name\":\"Le Quotidien de Nouakchott\",\"description\":\"\u0625\u062e\u0628\u0627\u0631\u064a\u0629 \u0645\u0633\u062a\u0642\u0644\u0629 \u0644\u0644\u0623\u0646\u0628\u0627\u0621 \u0627\u0644\u0639\u0627\u0645\u0629\",\"publisher\":{\"@id\":\"https:\\\/\\\/lequotidien.mr\\\/#organization\"},\"potentialAction\":[{\"@type\":\"SearchAction\",\"target\":{\"@type\":\"EntryPoint\",\"urlTemplate\":\"https:\\\/\\\/lequotidien.mr\\\/?s={search_term_string}\"},\"query-input\":{\"@type\":\"PropertyValueSpecification\",\"valueRequired\":true,\"valueName\":\"search_term_string\"}}],\"inLanguage\":\"ar\"},{\"@type\":\"Organization\",\"@id\":\"https:\\\/\\\/lequotidien.mr\\\/#organization\",\"name\":\"Le Quotidien de Nouakchott\",\"url\":\"https:\\\/\\\/lequotidien.mr\\\/\",\"logo\":{\"@type\":\"ImageObject\",\"inLanguage\":\"ar\",\"@id\":\"https:\\\/\\\/lequotidien.mr\\\/#\\\/schema\\\/logo\\\/image\\\/\",\"url\":\"https:\\\/\\\/lequotidien.mr\\\/wp-content\\\/uploads\\\/2022\\\/11\\\/logolequotidien.jpg\",\"contentUrl\":\"https:\\\/\\\/lequotidien.mr\\\/wp-content\\\/uploads\\\/2022\\\/11\\\/logolequotidien.jpg\",\"width\":290,\"height\":65,\"caption\":\"Le Quotidien de Nouakchott\"},\"image\":{\"@id\":\"https:\\\/\\\/lequotidien.mr\\\/#\\\/schema\\\/logo\\\/image\\\/\"},\"sameAs\":[\"https:\\\/\\\/web.facebook.com\\\/lequotidienmr\",\"https:\\\/\\\/x.com\\\/lequotidienmr\"]},{\"@type\":\"Person\",\"@id\":\"https:\\\/\\\/lequotidien.mr\\\/#\\\/schema\\\/person\\\/d2d350202a4d599685ed8abc25f97596\",\"name\":\"Med Ahmed\",\"image\":{\"@type\":\"ImageObject\",\"inLanguage\":\"ar\",\"@id\":\"https:\\\/\\\/secure.gravatar.com\\\/avatar\\\/fd2acc62ed50732923d1d39c17172c9b04149f142be92310ecc69e1358f94b52?s=96&d=mm&r=g\",\"url\":\"https:\\\/\\\/secure.gravatar.com\\\/avatar\\\/fd2acc62ed50732923d1d39c17172c9b04149f142be92310ecc69e1358f94b52?s=96&d=mm&r=g\",\"contentUrl\":\"https:\\\/\\\/secure.gravatar.com\\\/avatar\\\/fd2acc62ed50732923d1d39c17172c9b04149f142be92310ecc69e1358f94b52?s=96&d=mm&r=g\",\"caption\":\"Med Ahmed\"},\"url\":\"https:\\\/\\\/lequotidien.mr\\\/?author=12\"}]}<\/script>\n<!-- \/ Yoast SEO plugin. -->","yoast_head_json":{"title":"Le coordinateur g\u00e9n\u00e9ral du rallye \"Africa Eco Race\" loue l'hospitalit\u00e9 mauritanienne et le professionnalisme des partenaires locaux - Le Quotidien de Nouakchott","robots":{"index":"index","follow":"follow","max-snippet":"max-snippet:-1","max-image-preview":"max-image-preview:large","max-video-preview":"max-video-preview:-1"},"canonical":"https:\/\/lequotidien.mr\/?p=24800&lang=fr","og_locale":"ar_AR","og_type":"article","og_title":"Le coordinateur g\u00e9n\u00e9ral du rallye \"Africa Eco Race\" loue l'hospitalit\u00e9 mauritanienne et le professionnalisme des partenaires locaux - Le Quotidien de Nouakchott","og_description":"Dans un message de remerciement adress\u00e9 \u00e0 la ministre du Commerce et du Tourisme, Mme Zeinebou Ahmednah, le coordinateur g\u00e9n\u00e9ral du rallye &#8220;Africa Eco Race&#8221; , M. Anthony Schlesser, a exprim\u00e9 sa profonde gratitude pour l&#8217;accueil chaleureux et l&#8217;organisation professionnelle qui ont marqu\u00e9 \u00a0la 16\u1d49 \u00e9dition du rallye lors de son passage en Mauritanie. M......","og_url":"https:\/\/lequotidien.mr\/?p=24800&lang=fr","og_site_name":"Le Quotidien de Nouakchott","article_publisher":"https:\/\/web.facebook.com\/lequotidienmr","article_published_time":"2025-01-23T09:07:23+00:00","og_image":[{"width":640,"height":422,"url":"https:\/\/lequotidien.mr\/wp-content\/uploads\/2025\/01\/photo-Rallye-Mtnie.jpg","type":"image\/jpeg"}],"author":"Med Ahmed","twitter_card":"summary_large_image","twitter_creator":"@lequotidienmr","twitter_site":"@lequotidienmr","twitter_misc":{"\u0643\u064f\u062a\u0628 \u0628\u0648\u0627\u0633\u0637\u0629":"Med Ahmed","\u0648\u0642\u062a \u0627\u0644\u0642\u0631\u0627\u0621\u0629 \u0627\u0644\u0645\u064f\u0642\u062f\u0651\u0631":"\u062f\u0642\u064a\u0642\u062a\u0627\u0646"},"schema":{"@context":"https:\/\/schema.org","@graph":[{"@type":"Article","@id":"https:\/\/lequotidien.mr\/?p=24800&lang=fr#article","isPartOf":{"@id":"https:\/\/lequotidien.mr\/?p=24800&lang=fr"},"author":{"name":"Med Ahmed","@id":"https:\/\/lequotidien.mr\/#\/schema\/person\/d2d350202a4d599685ed8abc25f97596"},"headline":"Le coordinateur g\u00e9n\u00e9ral du rallye &#8220;Africa Eco Race&#8221; loue l&#8217;hospitalit\u00e9 mauritanienne et le professionnalisme des partenaires locaux","datePublished":"2025-01-23T09:07:23+00:00","mainEntityOfPage":{"@id":"https:\/\/lequotidien.mr\/?p=24800&lang=fr"},"wordCount":388,"commentCount":0,"publisher":{"@id":"https:\/\/lequotidien.mr\/#organization"},"image":{"@id":"https:\/\/lequotidien.mr\/?p=24800&lang=fr#primaryimage"},"thumbnailUrl":"https:\/\/lequotidien.mr\/wp-content\/uploads\/2025\/01\/photo-Rallye-Mtnie.jpg","articleSection":["ACTUALIT\u00c9","Culture"],"inLanguage":"ar","potentialAction":[{"@type":"CommentAction","name":"Comment","target":["https:\/\/lequotidien.mr\/?p=24800&lang=fr#respond"]}]},{"@type":"WebPage","@id":"https:\/\/lequotidien.mr\/?p=24800&lang=fr","url":"https:\/\/lequotidien.mr\/?p=24800&lang=fr","name":"Le coordinateur g\u00e9n\u00e9ral du rallye \"Africa Eco Race\" loue l'hospitalit\u00e9 mauritanienne et le professionnalisme des partenaires locaux - Le Quotidien de Nouakchott","isPartOf":{"@id":"https:\/\/lequotidien.mr\/#website"},"primaryImageOfPage":{"@id":"https:\/\/lequotidien.mr\/?p=24800&lang=fr#primaryimage"},"image":{"@id":"https:\/\/lequotidien.mr\/?p=24800&lang=fr#primaryimage"},"thumbnailUrl":"https:\/\/lequotidien.mr\/wp-content\/uploads\/2025\/01\/photo-Rallye-Mtnie.jpg","datePublished":"2025-01-23T09:07:23+00:00","breadcrumb":{"@id":"https:\/\/lequotidien.mr\/?p=24800&lang=fr#breadcrumb"},"inLanguage":"ar","potentialAction":[{"@type":"ReadAction","target":["https:\/\/lequotidien.mr\/?p=24800&lang=fr"]}]},{"@type":"ImageObject","inLanguage":"ar","@id":"https:\/\/lequotidien.mr\/?p=24800&lang=fr#primaryimage","url":"https:\/\/lequotidien.mr\/wp-content\/uploads\/2025\/01\/photo-Rallye-Mtnie.jpg","contentUrl":"https:\/\/lequotidien.mr\/wp-content\/uploads\/2025\/01\/photo-Rallye-Mtnie.jpg","width":640,"height":422,"caption":"CREATOR: gd-jpeg v1.0 (using IJG JPEG v62), quality = 82"},{"@type":"BreadcrumbList","@id":"https:\/\/lequotidien.mr\/?p=24800&lang=fr#breadcrumb","itemListElement":[{"@type":"ListItem","position":1,"name":"Home","item":"https:\/\/lequotidien.mr\/"},{"@type":"ListItem","position":2,"name":"Le coordinateur g\u00e9n\u00e9ral du rallye &#8220;Africa Eco Race&#8221; loue l&#8217;hospitalit\u00e9 mauritanienne et le professionnalisme des partenaires locaux"}]},{"@type":"WebSite","@id":"https:\/\/lequotidien.mr\/#website","url":"https:\/\/lequotidien.mr\/","name":"Le Quotidien de Nouakchott","description":"\u0625\u062e\u0628\u0627\u0631\u064a\u0629 \u0645\u0633\u062a\u0642\u0644\u0629 \u0644\u0644\u0623\u0646\u0628\u0627\u0621 \u0627\u0644\u0639\u0627\u0645\u0629","publisher":{"@id":"https:\/\/lequotidien.mr\/#organization"},"potentialAction":[{"@type":"SearchAction","target":{"@type":"EntryPoint","urlTemplate":"https:\/\/lequotidien.mr\/?s={search_term_string}"},"query-input":{"@type":"PropertyValueSpecification","valueRequired":true,"valueName":"search_term_string"}}],"inLanguage":"ar"},{"@type":"Organization","@id":"https:\/\/lequotidien.mr\/#organization","name":"Le Quotidien de Nouakchott","url":"https:\/\/lequotidien.mr\/","logo":{"@type":"ImageObject","inLanguage":"ar","@id":"https:\/\/lequotidien.mr\/#\/schema\/logo\/image\/","url":"https:\/\/lequotidien.mr\/wp-content\/uploads\/2022\/11\/logolequotidien.jpg","contentUrl":"https:\/\/lequotidien.mr\/wp-content\/uploads\/2022\/11\/logolequotidien.jpg","width":290,"height":65,"caption":"Le Quotidien de Nouakchott"},"image":{"@id":"https:\/\/lequotidien.mr\/#\/schema\/logo\/image\/"},"sameAs":["https:\/\/web.facebook.com\/lequotidienmr","https:\/\/x.com\/lequotidienmr"]},{"@type":"Person","@id":"https:\/\/lequotidien.mr\/#\/schema\/person\/d2d350202a4d599685ed8abc25f97596","name":"Med Ahmed","image":{"@type":"ImageObject","inLanguage":"ar","@id":"https:\/\/secure.gravatar.com\/avatar\/fd2acc62ed50732923d1d39c17172c9b04149f142be92310ecc69e1358f94b52?s=96&d=mm&r=g","url":"https:\/\/secure.gravatar.com\/avatar\/fd2acc62ed50732923d1d39c17172c9b04149f142be92310ecc69e1358f94b52?s=96&d=mm&r=g","contentUrl":"https:\/\/secure.gravatar.com\/avatar\/fd2acc62ed50732923d1d39c17172c9b04149f142be92310ecc69e1358f94b52?s=96&d=mm&r=g","caption":"Med Ahmed"},"url":"https:\/\/lequotidien.mr\/?author=12"}]}},"_links":{"self":[{"href":"https:\/\/lequotidien.mr\/index.php?rest_route=\/wp\/v2\/posts\/24800","targetHints":{"allow":["GET"]}}],"collection":[{"href":"https:\/\/lequotidien.mr\/index.php?rest_route=\/wp\/v2\/posts"}],"about":[{"href":"https:\/\/lequotidien.mr\/index.php?rest_route=\/wp\/v2\/types\/post"}],"author":[{"embeddable":true,"href":"https:\/\/lequotidien.mr\/index.php?rest_route=\/wp\/v2\/users\/12"}],"replies":[{"embeddable":true,"href":"https:\/\/lequotidien.mr\/index.php?rest_route=%2Fwp%2Fv2%2Fcomments&post=24800"}],"version-history":[{"count":1,"href":"https:\/\/lequotidien.mr\/index.php?rest_route=\/wp\/v2\/posts\/24800\/revisions"}],"predecessor-version":[{"id":24802,"href":"https:\/\/lequotidien.mr\/index.php?rest_route=\/wp\/v2\/posts\/24800\/revisions\/24802"}],"wp:featuredmedia":[{"embeddable":true,"href":"https:\/\/lequotidien.mr\/index.php?rest_route=\/wp\/v2\/media\/24801"}],"wp:attachment":[{"href":"https:\/\/lequotidien.mr\/index.php?rest_route=%2Fwp%2Fv2%2Fmedia&parent=24800"}],"wp:term":[{"taxonomy":"category","embeddable":true,"href":"https:\/\/lequotidien.mr\/index.php?rest_route=%2Fwp%2Fv2%2Fcategories&post=24800"},{"taxonomy":"post_tag","embeddable":true,"href":"https:\/\/lequotidien.mr\/index.php?rest_route=%2Fwp%2Fv2%2Ftags&post=24800"}],"curies":[{"name":"wp","href":"https:\/\/api.w.org\/{rel}","templated":true}]}}