{"id":24778,"date":"2025-01-22T09:25:25","date_gmt":"2025-01-22T09:25:25","guid":{"rendered":"https:\/\/lequotidien.mr\/?p=24778"},"modified":"2025-01-22T09:25:25","modified_gmt":"2025-01-22T09:25:25","slug":"cinquieme-forum-de-la-conference-africaine-pour-la-promotion-de-la-paix-a-nouakchott-le-president-alassane-ouatara-laureat-du-prix-pour-la-promotion-de-la-paix-en-afrique","status":"publish","type":"post","link":"https:\/\/lequotidien.mr\/?p=24778&lang=fr","title":{"rendered":"Cinqui\u00e8me Forum de la Conf\u00e9rence africaine pour la promotion de la paix \u00e0 Nouakchott : Le Pr\u00e9sident Alassane Ouatara laur\u00e9at du Prix pour la promotion de la paix en Afrique"},"content":{"rendered":"<p>Le <strong>cinqui\u00e8me Forum de la Conf\u00e9rence africaine pour la promotion de la paix<\/strong> a \u00e9t\u00e9 inaugur\u00e9 mardi \u00e0 Nouakchott sous la supervision du Pr\u00e9sident de la R\u00e9publique, <strong>M. Mohamed Cheikh El Ghazouani<\/strong>. Organis\u00e9 en partenariat avec le Forum pour la paix d&#8217;Abou Dhabi, cet \u00e9v\u00e9nement s&#8217;inscrit dans une d\u00e9marche visant \u00e0 promouvoir le dialogue, la r\u00e9conciliation et la paix sur le continent africain.<\/p>\n<p><strong>Un hommage \u00e0 l&#8217;engagement pour la paix<\/strong><\/p>\n<p>L&#8217;un des moments forts de cette c\u00e9r\u00e9monie d&#8217;ouverture a \u00e9t\u00e9 la <strong>remise du Prix pour la promotion de la paix en Afrique<\/strong>, une distinction annuelle attribu\u00e9e \u00e0 un dirigeant ayant \u0153uvr\u00e9 de mani\u00e8re significative pour la paix et la stabilit\u00e9 en Afrique. Cette ann\u00e9e, le prix a \u00e9t\u00e9 d\u00e9cern\u00e9 au <strong>Pr\u00e9sident ivoirien, M. Alassane Ouattara<\/strong>, en reconnaissance de ses efforts pour promouvoir la r\u00e9conciliation nationale et g\u00e9rer efficacement les crises r\u00e9gionales en tant que leader au sein de la Communaut\u00e9 \u00e9conomique des \u00c9tats de l&#8217;Afrique de l&#8217;Ouest (CEDEAO).<\/p>\n<p>Le prix a \u00e9t\u00e9 remis par le Pr\u00e9sident Mohamed Cheikh El Ghazouani au ministre d&#8217;\u00c9tat ivoirien, <strong>M. Jeannot Ahoussou-Kouadio<\/strong> , qui repr\u00e9sentait le Pr\u00e9sident Ouattara lors de l&#8217;\u00e9v\u00e9nement.<\/p>\n<p>Le haut comit\u00e9 du prix a d\u00e9cid\u00e9 \u00e0 l&#8217;unanimit\u00e9 d&#8217;honorer M. Alassane Ouattara pour son r\u00f4le exceptionnel dans la promotion d&#8217;une <strong>culture du dialogue et de la r\u00e9conciliation<\/strong> en Afrique. Ses initiatives ont contribu\u00e9 \u00e0 instaurer un climat de paix en C\u00f4te d&#8217;Ivoire apr\u00e8s une p\u00e9riode marqu\u00e9e par des tensions civiles et politiques.<\/p>\n<p><strong>Discours du Pr\u00e9sident ivoirien<\/strong><\/p>\n<p>Dans une allocution lue en son nom par <strong>M. Jeannot Ahoussou-Kouadio<\/strong>, le Pr\u00e9sident Ouattara a exprim\u00e9 sa gratitude au Pr\u00e9sident Mohamed Cheikh El Ghazouani, soulignant son leadership \u00e0 la t\u00eate de l&#8217;Union africaine et ses efforts pour promouvoir la paix et la s\u00e9curit\u00e9 en Afrique.<\/p>\n<p>Il a \u00e9galement f\u00e9licit\u00e9 les organisateurs du Forum pour leur engagement en faveur de la paix et a d\u00e9clar\u00e9 : \u00ab Ce prix, que j&#8217;accepte avec une grande fiert\u00e9, est un appel \u00e0 poursuivre le travail inlassable pour renforcer la s\u00e9curit\u00e9 et la paix sur notre continent. \u00bb<\/p>\n<p>Le Pr\u00e9sident Ouattara a r\u00e9affirm\u00e9 son engagement \u00e0 diffuser les principes de fraternit\u00e9 et de justice pour que l&#8217;Afrique puisse jouir d&#8217;une s\u00e9curit\u00e9 durable et d&#8217;une stabilit\u00e9 solide.<\/p>\n<p><strong>Un forum pour construire la paix<\/strong><\/p>\n<p>Le Forum, qui s&#8217;\u00e9tendra sur trois jours, rassemble des responsables politiques, intellectuels, chercheurs et repr\u00e9sentants de la soci\u00e9t\u00e9 civile issus de divers pays africains.<\/p>\n<p>La c\u00e9r\u00e9monie d&#8217;ouverture a mis en lumi\u00e8re la volont\u00e9 collective des dirigeants africains de travailler pour un avenir fond\u00e9 sur la paix et la coop\u00e9ration. Le Pr\u00e9sident Mohamed Cheikh El Ghazouani a r\u00e9affirm\u00e9 son engagement \u00e0 soutenir ces efforts et \u00e0 promouvoir une Afrique unie, prosp\u00e8re et pacifi\u00e9e.<\/p>\n<p>Ce cinqui\u00e8me Forum repr\u00e9sente un espace d&#8217;\u00e9change strat\u00e9gique pour renforcer la culture de la paix sur un continent confront\u00e9 \u00e0 des d\u00e9fis multiples, mais riches en opportunit\u00e9s pour b\u00e2tir.<\/p>\n","protected":false},"excerpt":{"rendered":"<p>Le cinqui\u00e8me Forum de la Conf\u00e9rence africaine pour la promotion de la paix a \u00e9t\u00e9 inaugur\u00e9 mardi \u00e0 Nouakchott sous la supervision du Pr\u00e9sident de la R\u00e9publique, M. Mohamed Cheikh El Ghazouani. Organis\u00e9 en partenariat avec le Forum pour la paix d&#8217;Abou Dhabi, cet \u00e9v\u00e9nement s&#8217;inscrit dans une d\u00e9marche visant \u00e0 promouvoir le dialogue, la&#8230;..<\/p>\n","protected":false},"author":12,"featured_media":24779,"comment_status":"open","ping_status":"open","sticky":false,"template":"","format":"standard","meta":{"footnotes":""},"categories":[23,55],"tags":[],"class_list":["post-24778","post","type-post","status-publish","format-standard","has-post-thumbnail","hentry","category-actualite","category-culture"],"yoast_head":"<!-- This site is optimized with the Yoast SEO plugin v27.5 - https:\/\/yoast.com\/product\/yoast-seo-wordpress\/ -->\n<title>Cinqui\u00e8me Forum de la Conf\u00e9rence africaine pour la promotion de la paix \u00e0 Nouakchott : Le Pr\u00e9sident Alassane Ouatara laur\u00e9at du Prix pour la promotion de la paix en Afrique - Le Quotidien de Nouakchott<\/title>\n<meta name=\"robots\" content=\"index, follow, max-snippet:-1, max-image-preview:large, max-video-preview:-1\" \/>\n<link rel=\"canonical\" href=\"https:\/\/lequotidien.mr\/?p=24778&lang=fr\" \/>\n<meta property=\"og:locale\" content=\"ar_AR\" \/>\n<meta property=\"og:type\" content=\"article\" \/>\n<meta property=\"og:title\" content=\"Cinqui\u00e8me Forum de la Conf\u00e9rence africaine pour la promotion de la paix \u00e0 Nouakchott : Le Pr\u00e9sident Alassane Ouatara laur\u00e9at du Prix pour la promotion de la paix en Afrique - Le Quotidien de Nouakchott\" \/>\n<meta property=\"og:description\" content=\"Le cinqui\u00e8me Forum de la Conf\u00e9rence africaine pour la promotion de la paix a \u00e9t\u00e9 inaugur\u00e9 mardi \u00e0 Nouakchott sous la supervision du Pr\u00e9sident de la R\u00e9publique, M. Mohamed Cheikh El Ghazouani. Organis\u00e9 en partenariat avec le Forum pour la paix d&#8217;Abou Dhabi, cet \u00e9v\u00e9nement s&#8217;inscrit dans une d\u00e9marche visant \u00e0 promouvoir le dialogue, la.....\" \/>\n<meta property=\"og:url\" content=\"https:\/\/lequotidien.mr\/?p=24778&amp;lang=fr\" \/>\n<meta property=\"og:site_name\" content=\"Le Quotidien de Nouakchott\" \/>\n<meta property=\"article:publisher\" content=\"https:\/\/web.facebook.com\/lequotidienmr\" \/>\n<meta property=\"article:published_time\" content=\"2025-01-22T09:25:25+00:00\" \/>\n<meta property=\"og:image\" content=\"https:\/\/lequotidien.mr\/wp-content\/uploads\/2025\/01\/photo-prix-paix-2.jpg\" \/>\n\t<meta property=\"og:image:width\" content=\"750\" \/>\n\t<meta property=\"og:image:height\" content=\"430\" \/>\n\t<meta property=\"og:image:type\" content=\"image\/jpeg\" \/>\n<meta name=\"author\" content=\"Med Ahmed\" \/>\n<meta name=\"twitter:card\" content=\"summary_large_image\" \/>\n<meta name=\"twitter:creator\" content=\"@lequotidienmr\" \/>\n<meta name=\"twitter:site\" content=\"@lequotidienmr\" \/>\n<meta name=\"twitter:label1\" content=\"\u0643\u064f\u062a\u0628 \u0628\u0648\u0627\u0633\u0637\u0629\" \/>\n\t<meta name=\"twitter:data1\" content=\"Med Ahmed\" \/>\n\t<meta name=\"twitter:label2\" content=\"\u0648\u0642\u062a \u0627\u0644\u0642\u0631\u0627\u0621\u0629 \u0627\u0644\u0645\u064f\u0642\u062f\u0651\u0631\" \/>\n\t<meta name=\"twitter:data2\" content=\"3 \u062f\u0642\u0627\u0626\u0642\" \/>\n<script type=\"application\/ld+json\" class=\"yoast-schema-graph\">{\"@context\":\"https:\\\/\\\/schema.org\",\"@graph\":[{\"@type\":\"Article\",\"@id\":\"https:\\\/\\\/lequotidien.mr\\\/?p=24778&lang=fr#article\",\"isPartOf\":{\"@id\":\"https:\\\/\\\/lequotidien.mr\\\/?p=24778&lang=fr\"},\"author\":{\"name\":\"Med Ahmed\",\"@id\":\"https:\\\/\\\/lequotidien.mr\\\/#\\\/schema\\\/person\\\/d2d350202a4d599685ed8abc25f97596\"},\"headline\":\"Cinqui\u00e8me Forum de la Conf\u00e9rence africaine pour la promotion de la paix \u00e0 Nouakchott : Le Pr\u00e9sident Alassane Ouatara laur\u00e9at du Prix pour la promotion de la paix en Afrique\",\"datePublished\":\"2025-01-22T09:25:25+00:00\",\"mainEntityOfPage\":{\"@id\":\"https:\\\/\\\/lequotidien.mr\\\/?p=24778&lang=fr\"},\"wordCount\":563,\"commentCount\":0,\"publisher\":{\"@id\":\"https:\\\/\\\/lequotidien.mr\\\/#organization\"},\"image\":{\"@id\":\"https:\\\/\\\/lequotidien.mr\\\/?p=24778&lang=fr#primaryimage\"},\"thumbnailUrl\":\"https:\\\/\\\/lequotidien.mr\\\/wp-content\\\/uploads\\\/2025\\\/01\\\/photo-prix-paix-2.jpg\",\"articleSection\":[\"ACTUALIT\u00c9\",\"Culture\"],\"inLanguage\":\"ar\",\"potentialAction\":[{\"@type\":\"CommentAction\",\"name\":\"Comment\",\"target\":[\"https:\\\/\\\/lequotidien.mr\\\/?p=24778&lang=fr#respond\"]}]},{\"@type\":\"WebPage\",\"@id\":\"https:\\\/\\\/lequotidien.mr\\\/?p=24778&lang=fr\",\"url\":\"https:\\\/\\\/lequotidien.mr\\\/?p=24778&lang=fr\",\"name\":\"Cinqui\u00e8me Forum de la Conf\u00e9rence africaine pour la promotion de la paix \u00e0 Nouakchott : Le Pr\u00e9sident Alassane Ouatara laur\u00e9at du Prix pour la promotion de la paix en Afrique - Le Quotidien de Nouakchott\",\"isPartOf\":{\"@id\":\"https:\\\/\\\/lequotidien.mr\\\/#website\"},\"primaryImageOfPage\":{\"@id\":\"https:\\\/\\\/lequotidien.mr\\\/?p=24778&lang=fr#primaryimage\"},\"image\":{\"@id\":\"https:\\\/\\\/lequotidien.mr\\\/?p=24778&lang=fr#primaryimage\"},\"thumbnailUrl\":\"https:\\\/\\\/lequotidien.mr\\\/wp-content\\\/uploads\\\/2025\\\/01\\\/photo-prix-paix-2.jpg\",\"datePublished\":\"2025-01-22T09:25:25+00:00\",\"breadcrumb\":{\"@id\":\"https:\\\/\\\/lequotidien.mr\\\/?p=24778&lang=fr#breadcrumb\"},\"inLanguage\":\"ar\",\"potentialAction\":[{\"@type\":\"ReadAction\",\"target\":[\"https:\\\/\\\/lequotidien.mr\\\/?p=24778&lang=fr\"]}]},{\"@type\":\"ImageObject\",\"inLanguage\":\"ar\",\"@id\":\"https:\\\/\\\/lequotidien.mr\\\/?p=24778&lang=fr#primaryimage\",\"url\":\"https:\\\/\\\/lequotidien.mr\\\/wp-content\\\/uploads\\\/2025\\\/01\\\/photo-prix-paix-2.jpg\",\"contentUrl\":\"https:\\\/\\\/lequotidien.mr\\\/wp-content\\\/uploads\\\/2025\\\/01\\\/photo-prix-paix-2.jpg\",\"width\":750,\"height\":430},{\"@type\":\"BreadcrumbList\",\"@id\":\"https:\\\/\\\/lequotidien.mr\\\/?p=24778&lang=fr#breadcrumb\",\"itemListElement\":[{\"@type\":\"ListItem\",\"position\":1,\"name\":\"Home\",\"item\":\"https:\\\/\\\/lequotidien.mr\\\/\"},{\"@type\":\"ListItem\",\"position\":2,\"name\":\"Cinqui\u00e8me Forum de la Conf\u00e9rence africaine pour la promotion de la paix \u00e0 Nouakchott : Le Pr\u00e9sident Alassane Ouatara laur\u00e9at du Prix pour la promotion de la paix en Afrique\"}]},{\"@type\":\"WebSite\",\"@id\":\"https:\\\/\\\/lequotidien.mr\\\/#website\",\"url\":\"https:\\\/\\\/lequotidien.mr\\\/\",\"name\":\"Le Quotidien de Nouakchott\",\"description\":\"\u0625\u062e\u0628\u0627\u0631\u064a\u0629 \u0645\u0633\u062a\u0642\u0644\u0629 \u0644\u0644\u0623\u0646\u0628\u0627\u0621 \u0627\u0644\u0639\u0627\u0645\u0629\",\"publisher\":{\"@id\":\"https:\\\/\\\/lequotidien.mr\\\/#organization\"},\"potentialAction\":[{\"@type\":\"SearchAction\",\"target\":{\"@type\":\"EntryPoint\",\"urlTemplate\":\"https:\\\/\\\/lequotidien.mr\\\/?s={search_term_string}\"},\"query-input\":{\"@type\":\"PropertyValueSpecification\",\"valueRequired\":true,\"valueName\":\"search_term_string\"}}],\"inLanguage\":\"ar\"},{\"@type\":\"Organization\",\"@id\":\"https:\\\/\\\/lequotidien.mr\\\/#organization\",\"name\":\"Le Quotidien de Nouakchott\",\"url\":\"https:\\\/\\\/lequotidien.mr\\\/\",\"logo\":{\"@type\":\"ImageObject\",\"inLanguage\":\"ar\",\"@id\":\"https:\\\/\\\/lequotidien.mr\\\/#\\\/schema\\\/logo\\\/image\\\/\",\"url\":\"https:\\\/\\\/lequotidien.mr\\\/wp-content\\\/uploads\\\/2022\\\/11\\\/logolequotidien.jpg\",\"contentUrl\":\"https:\\\/\\\/lequotidien.mr\\\/wp-content\\\/uploads\\\/2022\\\/11\\\/logolequotidien.jpg\",\"width\":290,\"height\":65,\"caption\":\"Le Quotidien de Nouakchott\"},\"image\":{\"@id\":\"https:\\\/\\\/lequotidien.mr\\\/#\\\/schema\\\/logo\\\/image\\\/\"},\"sameAs\":[\"https:\\\/\\\/web.facebook.com\\\/lequotidienmr\",\"https:\\\/\\\/x.com\\\/lequotidienmr\"]},{\"@type\":\"Person\",\"@id\":\"https:\\\/\\\/lequotidien.mr\\\/#\\\/schema\\\/person\\\/d2d350202a4d599685ed8abc25f97596\",\"name\":\"Med Ahmed\",\"image\":{\"@type\":\"ImageObject\",\"inLanguage\":\"ar\",\"@id\":\"https:\\\/\\\/secure.gravatar.com\\\/avatar\\\/fd2acc62ed50732923d1d39c17172c9b04149f142be92310ecc69e1358f94b52?s=96&d=mm&r=g\",\"url\":\"https:\\\/\\\/secure.gravatar.com\\\/avatar\\\/fd2acc62ed50732923d1d39c17172c9b04149f142be92310ecc69e1358f94b52?s=96&d=mm&r=g\",\"contentUrl\":\"https:\\\/\\\/secure.gravatar.com\\\/avatar\\\/fd2acc62ed50732923d1d39c17172c9b04149f142be92310ecc69e1358f94b52?s=96&d=mm&r=g\",\"caption\":\"Med Ahmed\"},\"url\":\"https:\\\/\\\/lequotidien.mr\\\/?author=12\"}]}<\/script>\n<!-- \/ Yoast SEO plugin. -->","yoast_head_json":{"title":"Cinqui\u00e8me Forum de la Conf\u00e9rence africaine pour la promotion de la paix \u00e0 Nouakchott : Le Pr\u00e9sident Alassane Ouatara laur\u00e9at du Prix pour la promotion de la paix en Afrique - Le Quotidien de Nouakchott","robots":{"index":"index","follow":"follow","max-snippet":"max-snippet:-1","max-image-preview":"max-image-preview:large","max-video-preview":"max-video-preview:-1"},"canonical":"https:\/\/lequotidien.mr\/?p=24778&lang=fr","og_locale":"ar_AR","og_type":"article","og_title":"Cinqui\u00e8me Forum de la Conf\u00e9rence africaine pour la promotion de la paix \u00e0 Nouakchott : Le Pr\u00e9sident Alassane Ouatara laur\u00e9at du Prix pour la promotion de la paix en Afrique - Le Quotidien de Nouakchott","og_description":"Le cinqui\u00e8me Forum de la Conf\u00e9rence africaine pour la promotion de la paix a \u00e9t\u00e9 inaugur\u00e9 mardi \u00e0 Nouakchott sous la supervision du Pr\u00e9sident de la R\u00e9publique, M. Mohamed Cheikh El Ghazouani. Organis\u00e9 en partenariat avec le Forum pour la paix d&#8217;Abou Dhabi, cet \u00e9v\u00e9nement s&#8217;inscrit dans une d\u00e9marche visant \u00e0 promouvoir le dialogue, la.....","og_url":"https:\/\/lequotidien.mr\/?p=24778&lang=fr","og_site_name":"Le Quotidien de Nouakchott","article_publisher":"https:\/\/web.facebook.com\/lequotidienmr","article_published_time":"2025-01-22T09:25:25+00:00","og_image":[{"width":750,"height":430,"url":"https:\/\/lequotidien.mr\/wp-content\/uploads\/2025\/01\/photo-prix-paix-2.jpg","type":"image\/jpeg"}],"author":"Med Ahmed","twitter_card":"summary_large_image","twitter_creator":"@lequotidienmr","twitter_site":"@lequotidienmr","twitter_misc":{"\u0643\u064f\u062a\u0628 \u0628\u0648\u0627\u0633\u0637\u0629":"Med Ahmed","\u0648\u0642\u062a \u0627\u0644\u0642\u0631\u0627\u0621\u0629 \u0627\u0644\u0645\u064f\u0642\u062f\u0651\u0631":"3 \u062f\u0642\u0627\u0626\u0642"},"schema":{"@context":"https:\/\/schema.org","@graph":[{"@type":"Article","@id":"https:\/\/lequotidien.mr\/?p=24778&lang=fr#article","isPartOf":{"@id":"https:\/\/lequotidien.mr\/?p=24778&lang=fr"},"author":{"name":"Med Ahmed","@id":"https:\/\/lequotidien.mr\/#\/schema\/person\/d2d350202a4d599685ed8abc25f97596"},"headline":"Cinqui\u00e8me Forum de la Conf\u00e9rence africaine pour la promotion de la paix \u00e0 Nouakchott : Le Pr\u00e9sident Alassane Ouatara laur\u00e9at du Prix pour la promotion de la paix en Afrique","datePublished":"2025-01-22T09:25:25+00:00","mainEntityOfPage":{"@id":"https:\/\/lequotidien.mr\/?p=24778&lang=fr"},"wordCount":563,"commentCount":0,"publisher":{"@id":"https:\/\/lequotidien.mr\/#organization"},"image":{"@id":"https:\/\/lequotidien.mr\/?p=24778&lang=fr#primaryimage"},"thumbnailUrl":"https:\/\/lequotidien.mr\/wp-content\/uploads\/2025\/01\/photo-prix-paix-2.jpg","articleSection":["ACTUALIT\u00c9","Culture"],"inLanguage":"ar","potentialAction":[{"@type":"CommentAction","name":"Comment","target":["https:\/\/lequotidien.mr\/?p=24778&lang=fr#respond"]}]},{"@type":"WebPage","@id":"https:\/\/lequotidien.mr\/?p=24778&lang=fr","url":"https:\/\/lequotidien.mr\/?p=24778&lang=fr","name":"Cinqui\u00e8me Forum de la Conf\u00e9rence africaine pour la promotion de la paix \u00e0 Nouakchott : Le Pr\u00e9sident Alassane Ouatara laur\u00e9at du Prix pour la promotion de la paix en Afrique - Le Quotidien de Nouakchott","isPartOf":{"@id":"https:\/\/lequotidien.mr\/#website"},"primaryImageOfPage":{"@id":"https:\/\/lequotidien.mr\/?p=24778&lang=fr#primaryimage"},"image":{"@id":"https:\/\/lequotidien.mr\/?p=24778&lang=fr#primaryimage"},"thumbnailUrl":"https:\/\/lequotidien.mr\/wp-content\/uploads\/2025\/01\/photo-prix-paix-2.jpg","datePublished":"2025-01-22T09:25:25+00:00","breadcrumb":{"@id":"https:\/\/lequotidien.mr\/?p=24778&lang=fr#breadcrumb"},"inLanguage":"ar","potentialAction":[{"@type":"ReadAction","target":["https:\/\/lequotidien.mr\/?p=24778&lang=fr"]}]},{"@type":"ImageObject","inLanguage":"ar","@id":"https:\/\/lequotidien.mr\/?p=24778&lang=fr#primaryimage","url":"https:\/\/lequotidien.mr\/wp-content\/uploads\/2025\/01\/photo-prix-paix-2.jpg","contentUrl":"https:\/\/lequotidien.mr\/wp-content\/uploads\/2025\/01\/photo-prix-paix-2.jpg","width":750,"height":430},{"@type":"BreadcrumbList","@id":"https:\/\/lequotidien.mr\/?p=24778&lang=fr#breadcrumb","itemListElement":[{"@type":"ListItem","position":1,"name":"Home","item":"https:\/\/lequotidien.mr\/"},{"@type":"ListItem","position":2,"name":"Cinqui\u00e8me Forum de la Conf\u00e9rence africaine pour la promotion de la paix \u00e0 Nouakchott : Le Pr\u00e9sident Alassane Ouatara laur\u00e9at du Prix pour la promotion de la paix en Afrique"}]},{"@type":"WebSite","@id":"https:\/\/lequotidien.mr\/#website","url":"https:\/\/lequotidien.mr\/","name":"Le Quotidien de Nouakchott","description":"\u0625\u062e\u0628\u0627\u0631\u064a\u0629 \u0645\u0633\u062a\u0642\u0644\u0629 \u0644\u0644\u0623\u0646\u0628\u0627\u0621 \u0627\u0644\u0639\u0627\u0645\u0629","publisher":{"@id":"https:\/\/lequotidien.mr\/#organization"},"potentialAction":[{"@type":"SearchAction","target":{"@type":"EntryPoint","urlTemplate":"https:\/\/lequotidien.mr\/?s={search_term_string}"},"query-input":{"@type":"PropertyValueSpecification","valueRequired":true,"valueName":"search_term_string"}}],"inLanguage":"ar"},{"@type":"Organization","@id":"https:\/\/lequotidien.mr\/#organization","name":"Le Quotidien de Nouakchott","url":"https:\/\/lequotidien.mr\/","logo":{"@type":"ImageObject","inLanguage":"ar","@id":"https:\/\/lequotidien.mr\/#\/schema\/logo\/image\/","url":"https:\/\/lequotidien.mr\/wp-content\/uploads\/2022\/11\/logolequotidien.jpg","contentUrl":"https:\/\/lequotidien.mr\/wp-content\/uploads\/2022\/11\/logolequotidien.jpg","width":290,"height":65,"caption":"Le Quotidien de Nouakchott"},"image":{"@id":"https:\/\/lequotidien.mr\/#\/schema\/logo\/image\/"},"sameAs":["https:\/\/web.facebook.com\/lequotidienmr","https:\/\/x.com\/lequotidienmr"]},{"@type":"Person","@id":"https:\/\/lequotidien.mr\/#\/schema\/person\/d2d350202a4d599685ed8abc25f97596","name":"Med Ahmed","image":{"@type":"ImageObject","inLanguage":"ar","@id":"https:\/\/secure.gravatar.com\/avatar\/fd2acc62ed50732923d1d39c17172c9b04149f142be92310ecc69e1358f94b52?s=96&d=mm&r=g","url":"https:\/\/secure.gravatar.com\/avatar\/fd2acc62ed50732923d1d39c17172c9b04149f142be92310ecc69e1358f94b52?s=96&d=mm&r=g","contentUrl":"https:\/\/secure.gravatar.com\/avatar\/fd2acc62ed50732923d1d39c17172c9b04149f142be92310ecc69e1358f94b52?s=96&d=mm&r=g","caption":"Med Ahmed"},"url":"https:\/\/lequotidien.mr\/?author=12"}]}},"_links":{"self":[{"href":"https:\/\/lequotidien.mr\/index.php?rest_route=\/wp\/v2\/posts\/24778","targetHints":{"allow":["GET"]}}],"collection":[{"href":"https:\/\/lequotidien.mr\/index.php?rest_route=\/wp\/v2\/posts"}],"about":[{"href":"https:\/\/lequotidien.mr\/index.php?rest_route=\/wp\/v2\/types\/post"}],"author":[{"embeddable":true,"href":"https:\/\/lequotidien.mr\/index.php?rest_route=\/wp\/v2\/users\/12"}],"replies":[{"embeddable":true,"href":"https:\/\/lequotidien.mr\/index.php?rest_route=%2Fwp%2Fv2%2Fcomments&post=24778"}],"version-history":[{"count":1,"href":"https:\/\/lequotidien.mr\/index.php?rest_route=\/wp\/v2\/posts\/24778\/revisions"}],"predecessor-version":[{"id":24780,"href":"https:\/\/lequotidien.mr\/index.php?rest_route=\/wp\/v2\/posts\/24778\/revisions\/24780"}],"wp:featuredmedia":[{"embeddable":true,"href":"https:\/\/lequotidien.mr\/index.php?rest_route=\/wp\/v2\/media\/24779"}],"wp:attachment":[{"href":"https:\/\/lequotidien.mr\/index.php?rest_route=%2Fwp%2Fv2%2Fmedia&parent=24778"}],"wp:term":[{"taxonomy":"category","embeddable":true,"href":"https:\/\/lequotidien.mr\/index.php?rest_route=%2Fwp%2Fv2%2Fcategories&post=24778"},{"taxonomy":"post_tag","embeddable":true,"href":"https:\/\/lequotidien.mr\/index.php?rest_route=%2Fwp%2Fv2%2Ftags&post=24778"}],"curies":[{"name":"wp","href":"https:\/\/api.w.org\/{rel}","templated":true}]}}