{"id":24775,"date":"2025-01-22T08:56:35","date_gmt":"2025-01-22T08:56:35","guid":{"rendered":"https:\/\/lequotidien.mr\/?p=24775"},"modified":"2025-01-22T08:56:35","modified_gmt":"2025-01-22T08:56:35","slug":"nouakchott-le-president-de-la-republique-supervise-louverture-du-cinquieme-forum-de-la-conference-africaine-pour-la-promotion-de-la-paix","status":"publish","type":"post","link":"https:\/\/lequotidien.mr\/?p=24775&lang=fr","title":{"rendered":"Nouakchott : Le Pr\u00e9sident de la R\u00e9publique supervise l&#8217;ouverture du cinqui\u00e8me forum de la Conf\u00e9rence africaine pour la promotion de la paix"},"content":{"rendered":"<p>Le Pr\u00e9sident de la R\u00e9publique, M. Mohamed Cheikh El Ghazouani a pr\u00e9sid\u00e9, hier, au Centre International de Conf\u00e9rences Al-Murabitoun \u00e0 Nouakchott, l&#8217;ouverture officielle du <strong>cinqui\u00e8me forum de la Conf\u00e9rence africaine pour la promotion de la paix<\/strong> . Organis\u00e9 en partenariat avec le Forum pour la paix d&#8217;Abou Dhabi, cet \u00e9v\u00e9nement de trois jours se d\u00e9roule sous le th\u00e8me : <strong>\u00ab Le continent africain : le devoir du dialogue et la pertinence de la r\u00e9conciliation \u00bb<\/strong>.<\/p>\n<p>Le forum r\u00e9unit des <strong>savants, cheikhs, penseurs, chercheurs, jeunes leaders et repr\u00e9sentants d&#8217;organisations de la soci\u00e9t\u00e9 civile<\/strong>, venus de divers pays africains et au-del\u00e0. Ces participants d\u00e9battront de th\u00e9matiques cruciales pour la stabilit\u00e9 du continent et \u00e9changeront sur des solutions innovantes visant \u00e0 promouvoir le dialogue et la r\u00e9conciliation.<\/p>\n<p>Parmi les th\u00e9matiques abord\u00e9es figurent :<\/p>\n<p><strong>-La situation actuelle en Afrique et la n\u00e9cessit\u00e9 d&#8217;une culture du dialogue\u00a0<\/strong>;<\/p>\n<p><strong>-L&#8217;instauration de la paix et de la r\u00e9conciliation comme patrimoine civilisationnel\u00a0<\/strong>;<\/p>\n<p><strong>-Les d\u00e9fis pos\u00e9s par l&#8217;asile, la migration et leur impact sur la paix en Afrique\u00a0<\/strong>;<\/p>\n<p><strong>-L&#8217;utilisation de l&#8217;intelligence artificielle comme levier pour la construction de la paix<\/strong>.<\/p>\n<p>Un <strong>Sommet des femmes et des jeunes<\/strong> sera \u00e9galement organis\u00e9, mettant en avant leur r\u00f4le central dans la pacification et le d\u00e9veloppement du continent.<\/p>\n<p>Dans son discours inaugural, le Pr\u00e9sident du Forum pour la paix d&#8217;Abou Dhabi, <strong>Cheikh Abdullah bin Bayyah<\/strong>, a salu\u00e9 l&#8217;engagement du Pr\u00e9sident Mohamed Cheikh El Ghazouani pour la promotion de la paix en Afrique. Il a \u00e9galement transmis les salutations du Pr\u00e9sident des \u00c9mirats arabes unis, Cheikh Mohammed bin Zayed Al Nahyan, partageant la vision d&#8217;une Afrique stable et prosp\u00e8re.<\/p>\n<p>Cheikh Abdullah bin Bayyah a rendu hommage au Pr\u00e9sident ivoirien, <strong>Alassane Ouattara<\/strong>, invit\u00e9 d&#8217;honneur de cette \u00e9dition, pour ses efforts dans la r\u00e9conciliation nationale en C\u00f4te d&#8217;Ivoire. M. Ouattara a \u00e9t\u00e9 distingu\u00e9 par le <strong>Prix Afrique pour la promotion de la paix<\/strong> pour son r\u00f4le d\u00e9terminant dans la reconstruction de son pays apr\u00e8s une p\u00e9riode de conflits.<\/p>\n<p>Cheikh Abdullah bin Bayyah a soulign\u00e9 que le dialogue est un outil indispensable pour \u00e9viter, g\u00e9rer et pr\u00e9venir les conflits. Il a appel\u00e9 \u00e0 une mobilisation collective pour mettre fin aux violences qui minent le continent et \u00e0 \u0153uvrer pour un avenir fond\u00e9 sur la s\u00e9curit\u00e9 et la stabilit\u00e9.<\/p>\n<p>Plusieurs personnalit\u00e9s, dont des repr\u00e9sentants de l&#8217;Organisation de la coop\u00e9ration islamique, du Tchad et du Burkina Faso, ont exprim\u00e9 leur gratitude envers le Pr\u00e9sident Mohamed Cheikh El Ghazouani pour son r\u00f4le actif dans l&#8217;organisation de ce forum. Ils ont rappel\u00e9 l&#8217;importance de la paix sociale et mondiale, tout en insistant sur la contribution essentielle des intellectuels et des dirigeants religieux dans ce domaine.<\/p>\n<p>La c\u00e9r\u00e9monie d&#8217;ouverture a \u00e9t\u00e9 marqu\u00e9e par la pr\u00e9sence du Premier ministre, <strong>M. Moctar Djay<\/strong>, de nombreux membres du gouvernement, de hauts responsables r\u00e9gionaux, du pr\u00e9sident de l&#8217;Assembl\u00e9e nationale et des membres du corps diplomatique accr\u00e9dit\u00e9s en Mauritanie.<\/p>\n<p>Ce cinqui\u00e8me forum confirme l&#8217;ambition de la Mauritanie de jouer un r\u00f4le de premier plan dans les efforts de pacification du continent africain. Il r\u00e9affirme \u00e9galement la pertinence du dialogue et de la r\u00e9conciliation comme piliers pour b\u00e2tir une Afrique stable, unie et prosp\u00e8re.<\/p>\n<p>&nbsp;<\/p>\n","protected":false},"excerpt":{"rendered":"<p>Le Pr\u00e9sident de la R\u00e9publique, M. Mohamed Cheikh El Ghazouani a pr\u00e9sid\u00e9, hier, au Centre International de Conf\u00e9rences Al-Murabitoun \u00e0 Nouakchott, l&#8217;ouverture officielle du cinqui\u00e8me forum de la Conf\u00e9rence africaine pour la promotion de la paix . Organis\u00e9 en partenariat avec le Forum pour la paix d&#8217;Abou Dhabi, cet \u00e9v\u00e9nement de trois jours se d\u00e9roule&#8230;..<\/p>\n","protected":false},"author":12,"featured_media":24776,"comment_status":"open","ping_status":"open","sticky":false,"template":"","format":"standard","meta":{"footnotes":""},"categories":[23,55],"tags":[],"class_list":["post-24775","post","type-post","status-publish","format-standard","has-post-thumbnail","hentry","category-actualite","category-culture"],"yoast_head":"<!-- This site is optimized with the Yoast SEO plugin v27.5 - https:\/\/yoast.com\/product\/yoast-seo-wordpress\/ -->\n<title>Nouakchott : Le Pr\u00e9sident de la R\u00e9publique supervise l&#039;ouverture du cinqui\u00e8me forum de la Conf\u00e9rence africaine pour la promotion de la paix - Le Quotidien de Nouakchott<\/title>\n<meta name=\"robots\" content=\"index, follow, max-snippet:-1, max-image-preview:large, max-video-preview:-1\" \/>\n<link rel=\"canonical\" href=\"https:\/\/lequotidien.mr\/?p=24775&lang=fr\" \/>\n<meta property=\"og:locale\" content=\"ar_AR\" \/>\n<meta property=\"og:type\" content=\"article\" \/>\n<meta property=\"og:title\" content=\"Nouakchott : Le Pr\u00e9sident de la R\u00e9publique supervise l&#039;ouverture du cinqui\u00e8me forum de la Conf\u00e9rence africaine pour la promotion de la paix - Le Quotidien de Nouakchott\" \/>\n<meta property=\"og:description\" content=\"Le Pr\u00e9sident de la R\u00e9publique, M. Mohamed Cheikh El Ghazouani a pr\u00e9sid\u00e9, hier, au Centre International de Conf\u00e9rences Al-Murabitoun \u00e0 Nouakchott, l&#8217;ouverture officielle du cinqui\u00e8me forum de la Conf\u00e9rence africaine pour la promotion de la paix . Organis\u00e9 en partenariat avec le Forum pour la paix d&#8217;Abou Dhabi, cet \u00e9v\u00e9nement de trois jours se d\u00e9roule.....\" \/>\n<meta property=\"og:url\" content=\"https:\/\/lequotidien.mr\/?p=24775&amp;lang=fr\" \/>\n<meta property=\"og:site_name\" content=\"Le Quotidien de Nouakchott\" \/>\n<meta property=\"article:publisher\" content=\"https:\/\/web.facebook.com\/lequotidienmr\" \/>\n<meta property=\"article:published_time\" content=\"2025-01-22T08:56:35+00:00\" \/>\n<meta property=\"og:image\" content=\"https:\/\/lequotidien.mr\/wp-content\/uploads\/2025\/01\/photo-forum-paix-1.jpg\" \/>\n\t<meta property=\"og:image:width\" content=\"750\" \/>\n\t<meta property=\"og:image:height\" content=\"430\" \/>\n\t<meta property=\"og:image:type\" content=\"image\/jpeg\" \/>\n<meta name=\"author\" content=\"Med Ahmed\" \/>\n<meta name=\"twitter:card\" content=\"summary_large_image\" \/>\n<meta name=\"twitter:creator\" content=\"@lequotidienmr\" \/>\n<meta name=\"twitter:site\" content=\"@lequotidienmr\" \/>\n<meta name=\"twitter:label1\" content=\"\u0643\u064f\u062a\u0628 \u0628\u0648\u0627\u0633\u0637\u0629\" \/>\n\t<meta name=\"twitter:data1\" content=\"Med Ahmed\" \/>\n\t<meta name=\"twitter:label2\" content=\"\u0648\u0642\u062a \u0627\u0644\u0642\u0631\u0627\u0621\u0629 \u0627\u0644\u0645\u064f\u0642\u062f\u0651\u0631\" \/>\n\t<meta name=\"twitter:data2\" content=\"3 \u062f\u0642\u0627\u0626\u0642\" \/>\n<script type=\"application\/ld+json\" class=\"yoast-schema-graph\">{\"@context\":\"https:\\\/\\\/schema.org\",\"@graph\":[{\"@type\":\"Article\",\"@id\":\"https:\\\/\\\/lequotidien.mr\\\/?p=24775&lang=fr#article\",\"isPartOf\":{\"@id\":\"https:\\\/\\\/lequotidien.mr\\\/?p=24775&lang=fr\"},\"author\":{\"name\":\"Med Ahmed\",\"@id\":\"https:\\\/\\\/lequotidien.mr\\\/#\\\/schema\\\/person\\\/d2d350202a4d599685ed8abc25f97596\"},\"headline\":\"Nouakchott : Le Pr\u00e9sident de la R\u00e9publique supervise l&#8217;ouverture du cinqui\u00e8me forum de la Conf\u00e9rence africaine pour la promotion de la paix\",\"datePublished\":\"2025-01-22T08:56:35+00:00\",\"mainEntityOfPage\":{\"@id\":\"https:\\\/\\\/lequotidien.mr\\\/?p=24775&lang=fr\"},\"wordCount\":609,\"commentCount\":0,\"publisher\":{\"@id\":\"https:\\\/\\\/lequotidien.mr\\\/#organization\"},\"image\":{\"@id\":\"https:\\\/\\\/lequotidien.mr\\\/?p=24775&lang=fr#primaryimage\"},\"thumbnailUrl\":\"https:\\\/\\\/lequotidien.mr\\\/wp-content\\\/uploads\\\/2025\\\/01\\\/photo-forum-paix-1.jpg\",\"articleSection\":[\"ACTUALIT\u00c9\",\"Culture\"],\"inLanguage\":\"ar\",\"potentialAction\":[{\"@type\":\"CommentAction\",\"name\":\"Comment\",\"target\":[\"https:\\\/\\\/lequotidien.mr\\\/?p=24775&lang=fr#respond\"]}]},{\"@type\":\"WebPage\",\"@id\":\"https:\\\/\\\/lequotidien.mr\\\/?p=24775&lang=fr\",\"url\":\"https:\\\/\\\/lequotidien.mr\\\/?p=24775&lang=fr\",\"name\":\"Nouakchott : Le Pr\u00e9sident de la R\u00e9publique supervise l'ouverture du cinqui\u00e8me forum de la Conf\u00e9rence africaine pour la promotion de la paix - Le Quotidien de Nouakchott\",\"isPartOf\":{\"@id\":\"https:\\\/\\\/lequotidien.mr\\\/#website\"},\"primaryImageOfPage\":{\"@id\":\"https:\\\/\\\/lequotidien.mr\\\/?p=24775&lang=fr#primaryimage\"},\"image\":{\"@id\":\"https:\\\/\\\/lequotidien.mr\\\/?p=24775&lang=fr#primaryimage\"},\"thumbnailUrl\":\"https:\\\/\\\/lequotidien.mr\\\/wp-content\\\/uploads\\\/2025\\\/01\\\/photo-forum-paix-1.jpg\",\"datePublished\":\"2025-01-22T08:56:35+00:00\",\"breadcrumb\":{\"@id\":\"https:\\\/\\\/lequotidien.mr\\\/?p=24775&lang=fr#breadcrumb\"},\"inLanguage\":\"ar\",\"potentialAction\":[{\"@type\":\"ReadAction\",\"target\":[\"https:\\\/\\\/lequotidien.mr\\\/?p=24775&lang=fr\"]}]},{\"@type\":\"ImageObject\",\"inLanguage\":\"ar\",\"@id\":\"https:\\\/\\\/lequotidien.mr\\\/?p=24775&lang=fr#primaryimage\",\"url\":\"https:\\\/\\\/lequotidien.mr\\\/wp-content\\\/uploads\\\/2025\\\/01\\\/photo-forum-paix-1.jpg\",\"contentUrl\":\"https:\\\/\\\/lequotidien.mr\\\/wp-content\\\/uploads\\\/2025\\\/01\\\/photo-forum-paix-1.jpg\",\"width\":750,\"height\":430},{\"@type\":\"BreadcrumbList\",\"@id\":\"https:\\\/\\\/lequotidien.mr\\\/?p=24775&lang=fr#breadcrumb\",\"itemListElement\":[{\"@type\":\"ListItem\",\"position\":1,\"name\":\"Home\",\"item\":\"https:\\\/\\\/lequotidien.mr\\\/\"},{\"@type\":\"ListItem\",\"position\":2,\"name\":\"Nouakchott : Le Pr\u00e9sident de la R\u00e9publique supervise l&rsquo;ouverture du cinqui\u00e8me forum de la Conf\u00e9rence africaine pour la promotion de la paix\"}]},{\"@type\":\"WebSite\",\"@id\":\"https:\\\/\\\/lequotidien.mr\\\/#website\",\"url\":\"https:\\\/\\\/lequotidien.mr\\\/\",\"name\":\"Le Quotidien de Nouakchott\",\"description\":\"\u0625\u062e\u0628\u0627\u0631\u064a\u0629 \u0645\u0633\u062a\u0642\u0644\u0629 \u0644\u0644\u0623\u0646\u0628\u0627\u0621 \u0627\u0644\u0639\u0627\u0645\u0629\",\"publisher\":{\"@id\":\"https:\\\/\\\/lequotidien.mr\\\/#organization\"},\"potentialAction\":[{\"@type\":\"SearchAction\",\"target\":{\"@type\":\"EntryPoint\",\"urlTemplate\":\"https:\\\/\\\/lequotidien.mr\\\/?s={search_term_string}\"},\"query-input\":{\"@type\":\"PropertyValueSpecification\",\"valueRequired\":true,\"valueName\":\"search_term_string\"}}],\"inLanguage\":\"ar\"},{\"@type\":\"Organization\",\"@id\":\"https:\\\/\\\/lequotidien.mr\\\/#organization\",\"name\":\"Le Quotidien de Nouakchott\",\"url\":\"https:\\\/\\\/lequotidien.mr\\\/\",\"logo\":{\"@type\":\"ImageObject\",\"inLanguage\":\"ar\",\"@id\":\"https:\\\/\\\/lequotidien.mr\\\/#\\\/schema\\\/logo\\\/image\\\/\",\"url\":\"https:\\\/\\\/lequotidien.mr\\\/wp-content\\\/uploads\\\/2022\\\/11\\\/logolequotidien.jpg\",\"contentUrl\":\"https:\\\/\\\/lequotidien.mr\\\/wp-content\\\/uploads\\\/2022\\\/11\\\/logolequotidien.jpg\",\"width\":290,\"height\":65,\"caption\":\"Le Quotidien de Nouakchott\"},\"image\":{\"@id\":\"https:\\\/\\\/lequotidien.mr\\\/#\\\/schema\\\/logo\\\/image\\\/\"},\"sameAs\":[\"https:\\\/\\\/web.facebook.com\\\/lequotidienmr\",\"https:\\\/\\\/x.com\\\/lequotidienmr\"]},{\"@type\":\"Person\",\"@id\":\"https:\\\/\\\/lequotidien.mr\\\/#\\\/schema\\\/person\\\/d2d350202a4d599685ed8abc25f97596\",\"name\":\"Med Ahmed\",\"image\":{\"@type\":\"ImageObject\",\"inLanguage\":\"ar\",\"@id\":\"https:\\\/\\\/secure.gravatar.com\\\/avatar\\\/fd2acc62ed50732923d1d39c17172c9b04149f142be92310ecc69e1358f94b52?s=96&d=mm&r=g\",\"url\":\"https:\\\/\\\/secure.gravatar.com\\\/avatar\\\/fd2acc62ed50732923d1d39c17172c9b04149f142be92310ecc69e1358f94b52?s=96&d=mm&r=g\",\"contentUrl\":\"https:\\\/\\\/secure.gravatar.com\\\/avatar\\\/fd2acc62ed50732923d1d39c17172c9b04149f142be92310ecc69e1358f94b52?s=96&d=mm&r=g\",\"caption\":\"Med Ahmed\"},\"url\":\"https:\\\/\\\/lequotidien.mr\\\/?author=12\"}]}<\/script>\n<!-- \/ Yoast SEO plugin. -->","yoast_head_json":{"title":"Nouakchott : Le Pr\u00e9sident de la R\u00e9publique supervise l'ouverture du cinqui\u00e8me forum de la Conf\u00e9rence africaine pour la promotion de la paix - Le Quotidien de Nouakchott","robots":{"index":"index","follow":"follow","max-snippet":"max-snippet:-1","max-image-preview":"max-image-preview:large","max-video-preview":"max-video-preview:-1"},"canonical":"https:\/\/lequotidien.mr\/?p=24775&lang=fr","og_locale":"ar_AR","og_type":"article","og_title":"Nouakchott : Le Pr\u00e9sident de la R\u00e9publique supervise l'ouverture du cinqui\u00e8me forum de la Conf\u00e9rence africaine pour la promotion de la paix - Le Quotidien de Nouakchott","og_description":"Le Pr\u00e9sident de la R\u00e9publique, M. Mohamed Cheikh El Ghazouani a pr\u00e9sid\u00e9, hier, au Centre International de Conf\u00e9rences Al-Murabitoun \u00e0 Nouakchott, l&#8217;ouverture officielle du cinqui\u00e8me forum de la Conf\u00e9rence africaine pour la promotion de la paix . Organis\u00e9 en partenariat avec le Forum pour la paix d&#8217;Abou Dhabi, cet \u00e9v\u00e9nement de trois jours se d\u00e9roule.....","og_url":"https:\/\/lequotidien.mr\/?p=24775&lang=fr","og_site_name":"Le Quotidien de Nouakchott","article_publisher":"https:\/\/web.facebook.com\/lequotidienmr","article_published_time":"2025-01-22T08:56:35+00:00","og_image":[{"width":750,"height":430,"url":"https:\/\/lequotidien.mr\/wp-content\/uploads\/2025\/01\/photo-forum-paix-1.jpg","type":"image\/jpeg"}],"author":"Med Ahmed","twitter_card":"summary_large_image","twitter_creator":"@lequotidienmr","twitter_site":"@lequotidienmr","twitter_misc":{"\u0643\u064f\u062a\u0628 \u0628\u0648\u0627\u0633\u0637\u0629":"Med Ahmed","\u0648\u0642\u062a \u0627\u0644\u0642\u0631\u0627\u0621\u0629 \u0627\u0644\u0645\u064f\u0642\u062f\u0651\u0631":"3 \u062f\u0642\u0627\u0626\u0642"},"schema":{"@context":"https:\/\/schema.org","@graph":[{"@type":"Article","@id":"https:\/\/lequotidien.mr\/?p=24775&lang=fr#article","isPartOf":{"@id":"https:\/\/lequotidien.mr\/?p=24775&lang=fr"},"author":{"name":"Med Ahmed","@id":"https:\/\/lequotidien.mr\/#\/schema\/person\/d2d350202a4d599685ed8abc25f97596"},"headline":"Nouakchott : Le Pr\u00e9sident de la R\u00e9publique supervise l&#8217;ouverture du cinqui\u00e8me forum de la Conf\u00e9rence africaine pour la promotion de la paix","datePublished":"2025-01-22T08:56:35+00:00","mainEntityOfPage":{"@id":"https:\/\/lequotidien.mr\/?p=24775&lang=fr"},"wordCount":609,"commentCount":0,"publisher":{"@id":"https:\/\/lequotidien.mr\/#organization"},"image":{"@id":"https:\/\/lequotidien.mr\/?p=24775&lang=fr#primaryimage"},"thumbnailUrl":"https:\/\/lequotidien.mr\/wp-content\/uploads\/2025\/01\/photo-forum-paix-1.jpg","articleSection":["ACTUALIT\u00c9","Culture"],"inLanguage":"ar","potentialAction":[{"@type":"CommentAction","name":"Comment","target":["https:\/\/lequotidien.mr\/?p=24775&lang=fr#respond"]}]},{"@type":"WebPage","@id":"https:\/\/lequotidien.mr\/?p=24775&lang=fr","url":"https:\/\/lequotidien.mr\/?p=24775&lang=fr","name":"Nouakchott : Le Pr\u00e9sident de la R\u00e9publique supervise l'ouverture du cinqui\u00e8me forum de la Conf\u00e9rence africaine pour la promotion de la paix - Le Quotidien de Nouakchott","isPartOf":{"@id":"https:\/\/lequotidien.mr\/#website"},"primaryImageOfPage":{"@id":"https:\/\/lequotidien.mr\/?p=24775&lang=fr#primaryimage"},"image":{"@id":"https:\/\/lequotidien.mr\/?p=24775&lang=fr#primaryimage"},"thumbnailUrl":"https:\/\/lequotidien.mr\/wp-content\/uploads\/2025\/01\/photo-forum-paix-1.jpg","datePublished":"2025-01-22T08:56:35+00:00","breadcrumb":{"@id":"https:\/\/lequotidien.mr\/?p=24775&lang=fr#breadcrumb"},"inLanguage":"ar","potentialAction":[{"@type":"ReadAction","target":["https:\/\/lequotidien.mr\/?p=24775&lang=fr"]}]},{"@type":"ImageObject","inLanguage":"ar","@id":"https:\/\/lequotidien.mr\/?p=24775&lang=fr#primaryimage","url":"https:\/\/lequotidien.mr\/wp-content\/uploads\/2025\/01\/photo-forum-paix-1.jpg","contentUrl":"https:\/\/lequotidien.mr\/wp-content\/uploads\/2025\/01\/photo-forum-paix-1.jpg","width":750,"height":430},{"@type":"BreadcrumbList","@id":"https:\/\/lequotidien.mr\/?p=24775&lang=fr#breadcrumb","itemListElement":[{"@type":"ListItem","position":1,"name":"Home","item":"https:\/\/lequotidien.mr\/"},{"@type":"ListItem","position":2,"name":"Nouakchott : Le Pr\u00e9sident de la R\u00e9publique supervise l&rsquo;ouverture du cinqui\u00e8me forum de la Conf\u00e9rence africaine pour la promotion de la paix"}]},{"@type":"WebSite","@id":"https:\/\/lequotidien.mr\/#website","url":"https:\/\/lequotidien.mr\/","name":"Le Quotidien de Nouakchott","description":"\u0625\u062e\u0628\u0627\u0631\u064a\u0629 \u0645\u0633\u062a\u0642\u0644\u0629 \u0644\u0644\u0623\u0646\u0628\u0627\u0621 \u0627\u0644\u0639\u0627\u0645\u0629","publisher":{"@id":"https:\/\/lequotidien.mr\/#organization"},"potentialAction":[{"@type":"SearchAction","target":{"@type":"EntryPoint","urlTemplate":"https:\/\/lequotidien.mr\/?s={search_term_string}"},"query-input":{"@type":"PropertyValueSpecification","valueRequired":true,"valueName":"search_term_string"}}],"inLanguage":"ar"},{"@type":"Organization","@id":"https:\/\/lequotidien.mr\/#organization","name":"Le Quotidien de Nouakchott","url":"https:\/\/lequotidien.mr\/","logo":{"@type":"ImageObject","inLanguage":"ar","@id":"https:\/\/lequotidien.mr\/#\/schema\/logo\/image\/","url":"https:\/\/lequotidien.mr\/wp-content\/uploads\/2022\/11\/logolequotidien.jpg","contentUrl":"https:\/\/lequotidien.mr\/wp-content\/uploads\/2022\/11\/logolequotidien.jpg","width":290,"height":65,"caption":"Le Quotidien de Nouakchott"},"image":{"@id":"https:\/\/lequotidien.mr\/#\/schema\/logo\/image\/"},"sameAs":["https:\/\/web.facebook.com\/lequotidienmr","https:\/\/x.com\/lequotidienmr"]},{"@type":"Person","@id":"https:\/\/lequotidien.mr\/#\/schema\/person\/d2d350202a4d599685ed8abc25f97596","name":"Med Ahmed","image":{"@type":"ImageObject","inLanguage":"ar","@id":"https:\/\/secure.gravatar.com\/avatar\/fd2acc62ed50732923d1d39c17172c9b04149f142be92310ecc69e1358f94b52?s=96&d=mm&r=g","url":"https:\/\/secure.gravatar.com\/avatar\/fd2acc62ed50732923d1d39c17172c9b04149f142be92310ecc69e1358f94b52?s=96&d=mm&r=g","contentUrl":"https:\/\/secure.gravatar.com\/avatar\/fd2acc62ed50732923d1d39c17172c9b04149f142be92310ecc69e1358f94b52?s=96&d=mm&r=g","caption":"Med Ahmed"},"url":"https:\/\/lequotidien.mr\/?author=12"}]}},"_links":{"self":[{"href":"https:\/\/lequotidien.mr\/index.php?rest_route=\/wp\/v2\/posts\/24775","targetHints":{"allow":["GET"]}}],"collection":[{"href":"https:\/\/lequotidien.mr\/index.php?rest_route=\/wp\/v2\/posts"}],"about":[{"href":"https:\/\/lequotidien.mr\/index.php?rest_route=\/wp\/v2\/types\/post"}],"author":[{"embeddable":true,"href":"https:\/\/lequotidien.mr\/index.php?rest_route=\/wp\/v2\/users\/12"}],"replies":[{"embeddable":true,"href":"https:\/\/lequotidien.mr\/index.php?rest_route=%2Fwp%2Fv2%2Fcomments&post=24775"}],"version-history":[{"count":1,"href":"https:\/\/lequotidien.mr\/index.php?rest_route=\/wp\/v2\/posts\/24775\/revisions"}],"predecessor-version":[{"id":24777,"href":"https:\/\/lequotidien.mr\/index.php?rest_route=\/wp\/v2\/posts\/24775\/revisions\/24777"}],"wp:featuredmedia":[{"embeddable":true,"href":"https:\/\/lequotidien.mr\/index.php?rest_route=\/wp\/v2\/media\/24776"}],"wp:attachment":[{"href":"https:\/\/lequotidien.mr\/index.php?rest_route=%2Fwp%2Fv2%2Fmedia&parent=24775"}],"wp:term":[{"taxonomy":"category","embeddable":true,"href":"https:\/\/lequotidien.mr\/index.php?rest_route=%2Fwp%2Fv2%2Fcategories&post=24775"},{"taxonomy":"post_tag","embeddable":true,"href":"https:\/\/lequotidien.mr\/index.php?rest_route=%2Fwp%2Fv2%2Ftags&post=24775"}],"curies":[{"name":"wp","href":"https:\/\/api.w.org\/{rel}","templated":true}]}}