{"id":24738,"date":"2025-01-21T11:47:35","date_gmt":"2025-01-21T11:47:35","guid":{"rendered":"https:\/\/lequotidien.mr\/?p=24738"},"modified":"2025-01-21T11:47:35","modified_gmt":"2025-01-21T11:47:35","slug":"programme-durgence-pour-le-developpement-de-nouakchott-pose-de-la-premiere-pierre-de-la-composante-routes-et-desenclavement","status":"publish","type":"post","link":"https:\/\/lequotidien.mr\/?p=24738&lang=fr","title":{"rendered":"Programme d&#8217;urgence pour le d\u00e9veloppement de Nouakchott : Pose de la premi\u00e8re pierre de la composante routes et d\u00e9senclavement"},"content":{"rendered":"<p>Le Pr\u00e9sident de la R\u00e9publique, M. Mohamed Cheikh El Ghazouani, a proc\u00e9d\u00e9, lundi \u00e0 Nouakchott, \u00e0 la pose de la premi\u00e8re pierre de la composante <strong>routes et d\u00e9senclavement<\/strong> du programme d&#8217;urgence pour le d\u00e9veloppement de la capitale. Ce projet ambitieux, dont le co\u00fbt total s&#8217;\u00e9l\u00e8ve \u00e0 environ <strong>1,9 milliard d&#8217;ouguiyas<\/strong>, vise \u00e0 moderniser et \u00e0 \u00e9tendre les infrastructures routi\u00e8res de Nouakchott afin d&#8217;am\u00e9liorer la mobilit\u00e9 urbaine, de d\u00e9senclaver les quartiers et de soutenir le d\u00e9veloppement \u00e9conomique.<\/p>\n<p><strong>Un projet d&#8217;envergure pour transformer la mobilit\u00e9<\/strong><\/p>\n<p>La composante pr\u00e9voit la construction d&#8217;un r\u00e9seau routier de <strong>136 kilom\u00e8tre<\/strong>, r\u00e9partie comme suit :<\/p>\n<p>-Un <strong>itin\u00e9raire de contournement de 50 km<\/strong> autour de la capitale, destin\u00e9 \u00e0 d\u00e9sengorger le centre-ville en d\u00e9viant les v\u00e9hicules de transit, notamment les camions\u00a0;<\/p>\n<p>-L\u2019\u00e9largissement<strong> de l&#8217;autoroute menant \u00e0 l&#8217;a\u00e9roport international de Nouakchott<\/strong>, longue de 18 km, pour renforcer l&#8217;accessibilit\u00e9 \u00e0 cet axe strat\u00e9gique, v\u00e9ritable vitrine de la capitale\u00a0;<\/p>\n<p>-Un <strong>r\u00e9seau de routes urbaines<\/strong> de 68 km couvrant toutes les communes de Nouakchott, pour am\u00e9liorer la connectivit\u00e9 et faciliter les d\u00e9placements quotidiens des citoyens.<\/p>\n<p>Les travaux seront r\u00e9alis\u00e9s par <strong>deux entreprises nationales<\/strong>, sous la supervision du <strong>Laboratoire national des travaux publics<\/strong>, avec un suivi technique assur\u00e9 par la direction des travaux d&#8217;infrastructures. Le projet devrait \u00eatre achev\u00e9 dans un d\u00e9lai maximal de <strong>16 moi<\/strong>, garantissant ainsi une mise en \u0153uvre rapide et efficace.<\/p>\n<p><strong>Discours du ministre de l&#8217;\u00c9quipement et des Transports<\/strong><\/p>\n<p>Lors de l&#8217;\u00e9v\u00e9nement, le ministre de l&#8217;\u00c9quipement et des Transports, M. Ely El Veirik, a soulign\u00e9 que cette initiative s&#8217;inscrit dans le cadre de la vision du Pr\u00e9sident de la R\u00e9publique, d\u00e9clin\u00e9e dans son programme \u00ab Mon ambition pour la patrie \u00bb, qui accorde une importance particuli\u00e8re au d\u00e9veloppement des infrastructures pour am\u00e9liorer les conditions de vie des citoyens et soutenir la croissance \u00e9conomique.<\/p>\n<p>Le ministre a \u00e9galement rappel\u00e9 les r\u00e9alisations accomplies dans le domaine des infrastructures de transport depuis 2019, malgr\u00e9 un contexte mondial marqu\u00e9 par des crises successives :<\/p>\n<p><strong>-Plus de 3 000 km de routes<\/strong> construites ou r\u00e9habilit\u00e9es, repr\u00e9sentant 32 % du r\u00e9seau routier national\u00a0;<\/p>\n<p><strong>-400 km de routes urbaines<\/strong> achev\u00e9es\u00a0;<\/p>\n<p>-La construction de plusieurs <strong>ponts<\/strong> et la r\u00e9habilitation d\u2019a\u00e9roports r\u00e9gionaux.<\/p>\n<p>Ces efforts illustrent la volont\u00e9 du gouvernement, dirig\u00e9s par le Premier ministre M. Moctar Djay, de concr\u00e9tiser les ambitions du Pr\u00e9sident en mati\u00e8re de d\u00e9veloppement des infrastructures.<\/p>\n<p>La c\u00e9r\u00e9monie s&#8217;est d\u00e9roul\u00e9e en pr\u00e9sence de nombreuses personnalit\u00e9s, parmi lesquelles : le Premier ministre, M. Moctar Djay, le pr\u00e9sident de l&#8217;Assembl\u00e9e nationale, M. Mohamed Bambe Meguett, des membres du gouvernement, des chefs des corps militaires et de s\u00e9curit\u00e9, la pr\u00e9sidente du Conseil r\u00e9gional de Nouakchott, et des membres du corps diplomatique accr\u00e9dit\u00e9s en Mauritanie.<\/p>\n<p>Cette composante &#8220;routes et d\u00e9senclavement&#8221; marque une avanc\u00e9e majeure pour la capitale mauritanienne. En limitant la congestion, en facilitant les d\u00e9placements et en renfor\u00e7ant la connectivit\u00e9, ce projet contribuera non seulement \u00e0 am\u00e9liorer la qualit\u00e9 de vie des habitants de Nouakchott, mais aussi \u00e0 soutenir le d\u00e9veloppement \u00e9conomique de la ville et \u00e0 renforcer son attractivit\u00e9.<\/p>\n","protected":false},"excerpt":{"rendered":"<p>Le Pr\u00e9sident de la R\u00e9publique, M. Mohamed Cheikh El Ghazouani, a proc\u00e9d\u00e9, lundi \u00e0 Nouakchott, \u00e0 la pose de la premi\u00e8re pierre de la composante routes et d\u00e9senclavement du programme d&#8217;urgence pour le d\u00e9veloppement de la capitale. Ce projet ambitieux, dont le co\u00fbt total s&#8217;\u00e9l\u00e8ve \u00e0 environ 1,9 milliard d&#8217;ouguiyas, vise \u00e0 moderniser et \u00e0&#8230;..<\/p>\n","protected":false},"author":12,"featured_media":24739,"comment_status":"open","ping_status":"open","sticky":false,"template":"","format":"standard","meta":{"footnotes":""},"categories":[23,49],"tags":[],"class_list":["post-24738","post","type-post","status-publish","format-standard","has-post-thumbnail","hentry","category-actualite","category-economie"],"yoast_head":"<!-- This site is optimized with the Yoast SEO plugin v27.5 - https:\/\/yoast.com\/product\/yoast-seo-wordpress\/ -->\n<title>Programme d&#039;urgence pour le d\u00e9veloppement de Nouakchott : Pose de la premi\u00e8re pierre de la composante routes et d\u00e9senclavement - Le Quotidien de Nouakchott<\/title>\n<meta name=\"robots\" content=\"index, follow, max-snippet:-1, max-image-preview:large, max-video-preview:-1\" \/>\n<link rel=\"canonical\" href=\"https:\/\/lequotidien.mr\/?p=24738&lang=fr\" \/>\n<meta property=\"og:locale\" content=\"ar_AR\" \/>\n<meta property=\"og:type\" content=\"article\" \/>\n<meta property=\"og:title\" content=\"Programme d&#039;urgence pour le d\u00e9veloppement de Nouakchott : Pose de la premi\u00e8re pierre de la composante routes et d\u00e9senclavement - Le Quotidien de Nouakchott\" \/>\n<meta property=\"og:description\" content=\"Le Pr\u00e9sident de la R\u00e9publique, M. Mohamed Cheikh El Ghazouani, a proc\u00e9d\u00e9, lundi \u00e0 Nouakchott, \u00e0 la pose de la premi\u00e8re pierre de la composante routes et d\u00e9senclavement du programme d&#8217;urgence pour le d\u00e9veloppement de la capitale. Ce projet ambitieux, dont le co\u00fbt total s&#8217;\u00e9l\u00e8ve \u00e0 environ 1,9 milliard d&#8217;ouguiyas, vise \u00e0 moderniser et \u00e0.....\" \/>\n<meta property=\"og:url\" content=\"https:\/\/lequotidien.mr\/?p=24738&amp;lang=fr\" \/>\n<meta property=\"og:site_name\" content=\"Le Quotidien de Nouakchott\" \/>\n<meta property=\"article:publisher\" content=\"https:\/\/web.facebook.com\/lequotidienmr\" \/>\n<meta property=\"article:published_time\" content=\"2025-01-21T11:47:35+00:00\" \/>\n<meta property=\"og:image\" content=\"https:\/\/lequotidien.mr\/wp-content\/uploads\/2025\/01\/photo-composante-transport.jpg\" \/>\n\t<meta property=\"og:image:width\" content=\"750\" \/>\n\t<meta property=\"og:image:height\" content=\"430\" \/>\n\t<meta property=\"og:image:type\" content=\"image\/jpeg\" \/>\n<meta name=\"author\" content=\"Med Ahmed\" \/>\n<meta name=\"twitter:card\" content=\"summary_large_image\" \/>\n<meta name=\"twitter:creator\" content=\"@lequotidienmr\" \/>\n<meta name=\"twitter:site\" content=\"@lequotidienmr\" \/>\n<meta name=\"twitter:label1\" content=\"\u0643\u064f\u062a\u0628 \u0628\u0648\u0627\u0633\u0637\u0629\" \/>\n\t<meta name=\"twitter:data1\" content=\"Med Ahmed\" \/>\n\t<meta name=\"twitter:label2\" content=\"\u0648\u0642\u062a \u0627\u0644\u0642\u0631\u0627\u0621\u0629 \u0627\u0644\u0645\u064f\u0642\u062f\u0651\u0631\" \/>\n\t<meta name=\"twitter:data2\" content=\"3 \u062f\u0642\u0627\u0626\u0642\" \/>\n<script type=\"application\/ld+json\" class=\"yoast-schema-graph\">{\"@context\":\"https:\\\/\\\/schema.org\",\"@graph\":[{\"@type\":\"Article\",\"@id\":\"https:\\\/\\\/lequotidien.mr\\\/?p=24738&lang=fr#article\",\"isPartOf\":{\"@id\":\"https:\\\/\\\/lequotidien.mr\\\/?p=24738&lang=fr\"},\"author\":{\"name\":\"Med Ahmed\",\"@id\":\"https:\\\/\\\/lequotidien.mr\\\/#\\\/schema\\\/person\\\/d2d350202a4d599685ed8abc25f97596\"},\"headline\":\"Programme d&#8217;urgence pour le d\u00e9veloppement de Nouakchott : Pose de la premi\u00e8re pierre de la composante routes et d\u00e9senclavement\",\"datePublished\":\"2025-01-21T11:47:35+00:00\",\"mainEntityOfPage\":{\"@id\":\"https:\\\/\\\/lequotidien.mr\\\/?p=24738&lang=fr\"},\"wordCount\":575,\"commentCount\":0,\"publisher\":{\"@id\":\"https:\\\/\\\/lequotidien.mr\\\/#organization\"},\"image\":{\"@id\":\"https:\\\/\\\/lequotidien.mr\\\/?p=24738&lang=fr#primaryimage\"},\"thumbnailUrl\":\"https:\\\/\\\/lequotidien.mr\\\/wp-content\\\/uploads\\\/2025\\\/01\\\/photo-composante-transport.jpg\",\"articleSection\":[\"ACTUALIT\u00c9\",\"Economie\"],\"inLanguage\":\"ar\",\"potentialAction\":[{\"@type\":\"CommentAction\",\"name\":\"Comment\",\"target\":[\"https:\\\/\\\/lequotidien.mr\\\/?p=24738&lang=fr#respond\"]}]},{\"@type\":\"WebPage\",\"@id\":\"https:\\\/\\\/lequotidien.mr\\\/?p=24738&lang=fr\",\"url\":\"https:\\\/\\\/lequotidien.mr\\\/?p=24738&lang=fr\",\"name\":\"Programme d'urgence pour le d\u00e9veloppement de Nouakchott : Pose de la premi\u00e8re pierre de la composante routes et d\u00e9senclavement - Le Quotidien de Nouakchott\",\"isPartOf\":{\"@id\":\"https:\\\/\\\/lequotidien.mr\\\/#website\"},\"primaryImageOfPage\":{\"@id\":\"https:\\\/\\\/lequotidien.mr\\\/?p=24738&lang=fr#primaryimage\"},\"image\":{\"@id\":\"https:\\\/\\\/lequotidien.mr\\\/?p=24738&lang=fr#primaryimage\"},\"thumbnailUrl\":\"https:\\\/\\\/lequotidien.mr\\\/wp-content\\\/uploads\\\/2025\\\/01\\\/photo-composante-transport.jpg\",\"datePublished\":\"2025-01-21T11:47:35+00:00\",\"breadcrumb\":{\"@id\":\"https:\\\/\\\/lequotidien.mr\\\/?p=24738&lang=fr#breadcrumb\"},\"inLanguage\":\"ar\",\"potentialAction\":[{\"@type\":\"ReadAction\",\"target\":[\"https:\\\/\\\/lequotidien.mr\\\/?p=24738&lang=fr\"]}]},{\"@type\":\"ImageObject\",\"inLanguage\":\"ar\",\"@id\":\"https:\\\/\\\/lequotidien.mr\\\/?p=24738&lang=fr#primaryimage\",\"url\":\"https:\\\/\\\/lequotidien.mr\\\/wp-content\\\/uploads\\\/2025\\\/01\\\/photo-composante-transport.jpg\",\"contentUrl\":\"https:\\\/\\\/lequotidien.mr\\\/wp-content\\\/uploads\\\/2025\\\/01\\\/photo-composante-transport.jpg\",\"width\":750,\"height\":430},{\"@type\":\"BreadcrumbList\",\"@id\":\"https:\\\/\\\/lequotidien.mr\\\/?p=24738&lang=fr#breadcrumb\",\"itemListElement\":[{\"@type\":\"ListItem\",\"position\":1,\"name\":\"Home\",\"item\":\"https:\\\/\\\/lequotidien.mr\\\/\"},{\"@type\":\"ListItem\",\"position\":2,\"name\":\"Programme d&#8217;urgence pour le d\u00e9veloppement de Nouakchott : Pose de la premi\u00e8re pierre de la composante routes et d\u00e9senclavement\"}]},{\"@type\":\"WebSite\",\"@id\":\"https:\\\/\\\/lequotidien.mr\\\/#website\",\"url\":\"https:\\\/\\\/lequotidien.mr\\\/\",\"name\":\"Le Quotidien de Nouakchott\",\"description\":\"\u0625\u062e\u0628\u0627\u0631\u064a\u0629 \u0645\u0633\u062a\u0642\u0644\u0629 \u0644\u0644\u0623\u0646\u0628\u0627\u0621 \u0627\u0644\u0639\u0627\u0645\u0629\",\"publisher\":{\"@id\":\"https:\\\/\\\/lequotidien.mr\\\/#organization\"},\"potentialAction\":[{\"@type\":\"SearchAction\",\"target\":{\"@type\":\"EntryPoint\",\"urlTemplate\":\"https:\\\/\\\/lequotidien.mr\\\/?s={search_term_string}\"},\"query-input\":{\"@type\":\"PropertyValueSpecification\",\"valueRequired\":true,\"valueName\":\"search_term_string\"}}],\"inLanguage\":\"ar\"},{\"@type\":\"Organization\",\"@id\":\"https:\\\/\\\/lequotidien.mr\\\/#organization\",\"name\":\"Le Quotidien de Nouakchott\",\"url\":\"https:\\\/\\\/lequotidien.mr\\\/\",\"logo\":{\"@type\":\"ImageObject\",\"inLanguage\":\"ar\",\"@id\":\"https:\\\/\\\/lequotidien.mr\\\/#\\\/schema\\\/logo\\\/image\\\/\",\"url\":\"https:\\\/\\\/lequotidien.mr\\\/wp-content\\\/uploads\\\/2022\\\/11\\\/logolequotidien.jpg\",\"contentUrl\":\"https:\\\/\\\/lequotidien.mr\\\/wp-content\\\/uploads\\\/2022\\\/11\\\/logolequotidien.jpg\",\"width\":290,\"height\":65,\"caption\":\"Le Quotidien de Nouakchott\"},\"image\":{\"@id\":\"https:\\\/\\\/lequotidien.mr\\\/#\\\/schema\\\/logo\\\/image\\\/\"},\"sameAs\":[\"https:\\\/\\\/web.facebook.com\\\/lequotidienmr\",\"https:\\\/\\\/x.com\\\/lequotidienmr\"]},{\"@type\":\"Person\",\"@id\":\"https:\\\/\\\/lequotidien.mr\\\/#\\\/schema\\\/person\\\/d2d350202a4d599685ed8abc25f97596\",\"name\":\"Med Ahmed\",\"image\":{\"@type\":\"ImageObject\",\"inLanguage\":\"ar\",\"@id\":\"https:\\\/\\\/secure.gravatar.com\\\/avatar\\\/fd2acc62ed50732923d1d39c17172c9b04149f142be92310ecc69e1358f94b52?s=96&d=mm&r=g\",\"url\":\"https:\\\/\\\/secure.gravatar.com\\\/avatar\\\/fd2acc62ed50732923d1d39c17172c9b04149f142be92310ecc69e1358f94b52?s=96&d=mm&r=g\",\"contentUrl\":\"https:\\\/\\\/secure.gravatar.com\\\/avatar\\\/fd2acc62ed50732923d1d39c17172c9b04149f142be92310ecc69e1358f94b52?s=96&d=mm&r=g\",\"caption\":\"Med Ahmed\"},\"url\":\"https:\\\/\\\/lequotidien.mr\\\/?author=12\"}]}<\/script>\n<!-- \/ Yoast SEO plugin. -->","yoast_head_json":{"title":"Programme d'urgence pour le d\u00e9veloppement de Nouakchott : Pose de la premi\u00e8re pierre de la composante routes et d\u00e9senclavement - Le Quotidien de Nouakchott","robots":{"index":"index","follow":"follow","max-snippet":"max-snippet:-1","max-image-preview":"max-image-preview:large","max-video-preview":"max-video-preview:-1"},"canonical":"https:\/\/lequotidien.mr\/?p=24738&lang=fr","og_locale":"ar_AR","og_type":"article","og_title":"Programme d'urgence pour le d\u00e9veloppement de Nouakchott : Pose de la premi\u00e8re pierre de la composante routes et d\u00e9senclavement - Le Quotidien de Nouakchott","og_description":"Le Pr\u00e9sident de la R\u00e9publique, M. Mohamed Cheikh El Ghazouani, a proc\u00e9d\u00e9, lundi \u00e0 Nouakchott, \u00e0 la pose de la premi\u00e8re pierre de la composante routes et d\u00e9senclavement du programme d&#8217;urgence pour le d\u00e9veloppement de la capitale. Ce projet ambitieux, dont le co\u00fbt total s&#8217;\u00e9l\u00e8ve \u00e0 environ 1,9 milliard d&#8217;ouguiyas, vise \u00e0 moderniser et \u00e0.....","og_url":"https:\/\/lequotidien.mr\/?p=24738&lang=fr","og_site_name":"Le Quotidien de Nouakchott","article_publisher":"https:\/\/web.facebook.com\/lequotidienmr","article_published_time":"2025-01-21T11:47:35+00:00","og_image":[{"width":750,"height":430,"url":"https:\/\/lequotidien.mr\/wp-content\/uploads\/2025\/01\/photo-composante-transport.jpg","type":"image\/jpeg"}],"author":"Med Ahmed","twitter_card":"summary_large_image","twitter_creator":"@lequotidienmr","twitter_site":"@lequotidienmr","twitter_misc":{"\u0643\u064f\u062a\u0628 \u0628\u0648\u0627\u0633\u0637\u0629":"Med Ahmed","\u0648\u0642\u062a \u0627\u0644\u0642\u0631\u0627\u0621\u0629 \u0627\u0644\u0645\u064f\u0642\u062f\u0651\u0631":"3 \u062f\u0642\u0627\u0626\u0642"},"schema":{"@context":"https:\/\/schema.org","@graph":[{"@type":"Article","@id":"https:\/\/lequotidien.mr\/?p=24738&lang=fr#article","isPartOf":{"@id":"https:\/\/lequotidien.mr\/?p=24738&lang=fr"},"author":{"name":"Med Ahmed","@id":"https:\/\/lequotidien.mr\/#\/schema\/person\/d2d350202a4d599685ed8abc25f97596"},"headline":"Programme d&#8217;urgence pour le d\u00e9veloppement de Nouakchott : Pose de la premi\u00e8re pierre de la composante routes et d\u00e9senclavement","datePublished":"2025-01-21T11:47:35+00:00","mainEntityOfPage":{"@id":"https:\/\/lequotidien.mr\/?p=24738&lang=fr"},"wordCount":575,"commentCount":0,"publisher":{"@id":"https:\/\/lequotidien.mr\/#organization"},"image":{"@id":"https:\/\/lequotidien.mr\/?p=24738&lang=fr#primaryimage"},"thumbnailUrl":"https:\/\/lequotidien.mr\/wp-content\/uploads\/2025\/01\/photo-composante-transport.jpg","articleSection":["ACTUALIT\u00c9","Economie"],"inLanguage":"ar","potentialAction":[{"@type":"CommentAction","name":"Comment","target":["https:\/\/lequotidien.mr\/?p=24738&lang=fr#respond"]}]},{"@type":"WebPage","@id":"https:\/\/lequotidien.mr\/?p=24738&lang=fr","url":"https:\/\/lequotidien.mr\/?p=24738&lang=fr","name":"Programme d'urgence pour le d\u00e9veloppement de Nouakchott : Pose de la premi\u00e8re pierre de la composante routes et d\u00e9senclavement - Le Quotidien de Nouakchott","isPartOf":{"@id":"https:\/\/lequotidien.mr\/#website"},"primaryImageOfPage":{"@id":"https:\/\/lequotidien.mr\/?p=24738&lang=fr#primaryimage"},"image":{"@id":"https:\/\/lequotidien.mr\/?p=24738&lang=fr#primaryimage"},"thumbnailUrl":"https:\/\/lequotidien.mr\/wp-content\/uploads\/2025\/01\/photo-composante-transport.jpg","datePublished":"2025-01-21T11:47:35+00:00","breadcrumb":{"@id":"https:\/\/lequotidien.mr\/?p=24738&lang=fr#breadcrumb"},"inLanguage":"ar","potentialAction":[{"@type":"ReadAction","target":["https:\/\/lequotidien.mr\/?p=24738&lang=fr"]}]},{"@type":"ImageObject","inLanguage":"ar","@id":"https:\/\/lequotidien.mr\/?p=24738&lang=fr#primaryimage","url":"https:\/\/lequotidien.mr\/wp-content\/uploads\/2025\/01\/photo-composante-transport.jpg","contentUrl":"https:\/\/lequotidien.mr\/wp-content\/uploads\/2025\/01\/photo-composante-transport.jpg","width":750,"height":430},{"@type":"BreadcrumbList","@id":"https:\/\/lequotidien.mr\/?p=24738&lang=fr#breadcrumb","itemListElement":[{"@type":"ListItem","position":1,"name":"Home","item":"https:\/\/lequotidien.mr\/"},{"@type":"ListItem","position":2,"name":"Programme d&#8217;urgence pour le d\u00e9veloppement de Nouakchott : Pose de la premi\u00e8re pierre de la composante routes et d\u00e9senclavement"}]},{"@type":"WebSite","@id":"https:\/\/lequotidien.mr\/#website","url":"https:\/\/lequotidien.mr\/","name":"Le Quotidien de Nouakchott","description":"\u0625\u062e\u0628\u0627\u0631\u064a\u0629 \u0645\u0633\u062a\u0642\u0644\u0629 \u0644\u0644\u0623\u0646\u0628\u0627\u0621 \u0627\u0644\u0639\u0627\u0645\u0629","publisher":{"@id":"https:\/\/lequotidien.mr\/#organization"},"potentialAction":[{"@type":"SearchAction","target":{"@type":"EntryPoint","urlTemplate":"https:\/\/lequotidien.mr\/?s={search_term_string}"},"query-input":{"@type":"PropertyValueSpecification","valueRequired":true,"valueName":"search_term_string"}}],"inLanguage":"ar"},{"@type":"Organization","@id":"https:\/\/lequotidien.mr\/#organization","name":"Le Quotidien de Nouakchott","url":"https:\/\/lequotidien.mr\/","logo":{"@type":"ImageObject","inLanguage":"ar","@id":"https:\/\/lequotidien.mr\/#\/schema\/logo\/image\/","url":"https:\/\/lequotidien.mr\/wp-content\/uploads\/2022\/11\/logolequotidien.jpg","contentUrl":"https:\/\/lequotidien.mr\/wp-content\/uploads\/2022\/11\/logolequotidien.jpg","width":290,"height":65,"caption":"Le Quotidien de Nouakchott"},"image":{"@id":"https:\/\/lequotidien.mr\/#\/schema\/logo\/image\/"},"sameAs":["https:\/\/web.facebook.com\/lequotidienmr","https:\/\/x.com\/lequotidienmr"]},{"@type":"Person","@id":"https:\/\/lequotidien.mr\/#\/schema\/person\/d2d350202a4d599685ed8abc25f97596","name":"Med Ahmed","image":{"@type":"ImageObject","inLanguage":"ar","@id":"https:\/\/secure.gravatar.com\/avatar\/fd2acc62ed50732923d1d39c17172c9b04149f142be92310ecc69e1358f94b52?s=96&d=mm&r=g","url":"https:\/\/secure.gravatar.com\/avatar\/fd2acc62ed50732923d1d39c17172c9b04149f142be92310ecc69e1358f94b52?s=96&d=mm&r=g","contentUrl":"https:\/\/secure.gravatar.com\/avatar\/fd2acc62ed50732923d1d39c17172c9b04149f142be92310ecc69e1358f94b52?s=96&d=mm&r=g","caption":"Med Ahmed"},"url":"https:\/\/lequotidien.mr\/?author=12"}]}},"_links":{"self":[{"href":"https:\/\/lequotidien.mr\/index.php?rest_route=\/wp\/v2\/posts\/24738","targetHints":{"allow":["GET"]}}],"collection":[{"href":"https:\/\/lequotidien.mr\/index.php?rest_route=\/wp\/v2\/posts"}],"about":[{"href":"https:\/\/lequotidien.mr\/index.php?rest_route=\/wp\/v2\/types\/post"}],"author":[{"embeddable":true,"href":"https:\/\/lequotidien.mr\/index.php?rest_route=\/wp\/v2\/users\/12"}],"replies":[{"embeddable":true,"href":"https:\/\/lequotidien.mr\/index.php?rest_route=%2Fwp%2Fv2%2Fcomments&post=24738"}],"version-history":[{"count":1,"href":"https:\/\/lequotidien.mr\/index.php?rest_route=\/wp\/v2\/posts\/24738\/revisions"}],"predecessor-version":[{"id":24740,"href":"https:\/\/lequotidien.mr\/index.php?rest_route=\/wp\/v2\/posts\/24738\/revisions\/24740"}],"wp:featuredmedia":[{"embeddable":true,"href":"https:\/\/lequotidien.mr\/index.php?rest_route=\/wp\/v2\/media\/24739"}],"wp:attachment":[{"href":"https:\/\/lequotidien.mr\/index.php?rest_route=%2Fwp%2Fv2%2Fmedia&parent=24738"}],"wp:term":[{"taxonomy":"category","embeddable":true,"href":"https:\/\/lequotidien.mr\/index.php?rest_route=%2Fwp%2Fv2%2Fcategories&post=24738"},{"taxonomy":"post_tag","embeddable":true,"href":"https:\/\/lequotidien.mr\/index.php?rest_route=%2Fwp%2Fv2%2Ftags&post=24738"}],"curies":[{"name":"wp","href":"https:\/\/api.w.org\/{rel}","templated":true}]}}