{"id":24735,"date":"2025-01-21T11:16:21","date_gmt":"2025-01-21T11:16:21","guid":{"rendered":"https:\/\/lequotidien.mr\/?p=24735"},"modified":"2025-01-21T11:16:21","modified_gmt":"2025-01-21T11:16:21","slug":"programme-durgence-pour-le-developpement-de-nouakchott-lancement-de-la-composante-sante","status":"publish","type":"post","link":"https:\/\/lequotidien.mr\/?p=24735&lang=fr","title":{"rendered":"Programme d&#8217;urgence pour le d\u00e9veloppement de Nouakchott : Lancement de la composante sant\u00e9"},"content":{"rendered":"<p>Le Pr\u00e9sident de la R\u00e9publique, M. Mohamed Cheikh El Ghazouani, a supervis\u00e9, lundi \u00e0 Nouakchott, le lancement officiel de la composante <strong>sant\u00e9<\/strong> du programme d&#8217;urgence pour le d\u00e9veloppement de la capitale. Cette initiative ambitieuse vise \u00e0 transformer profond\u00e9ment le syst\u00e8me de sant\u00e9 \u00e0 Nouakchott, en am\u00e9liorant l&#8217;acc\u00e8s aux services m\u00e9dicaux, en modernisant les infrastructures et en renfor\u00e7ant les capacit\u00e9s des \u00e9tablissements de sant\u00e9.<\/p>\n<p><strong>Une transformation majeure du secteur de la sant\u00e9<\/strong><\/p>\n<p>La composante sant\u00e9, qui s&#8217;inscrit dans une vision globale de d\u00e9veloppement, pr\u00e9voit :<\/p>\n<p><strong>-La modernisation de 28 structures sanitaires de base<\/strong> dans les neuf communes de Nouakchott\u00a0;<\/p>\n<p><strong>-La transformation des points de sant\u00e9 en centres de sant\u00e9 int\u00e9gr\u00e9s<\/strong>, \u00e9quip\u00e9s pour offrir des services de qualit\u00e9 sup\u00e9rieure.<\/p>\n<p><strong>-Une r\u00e9partition \u00e9quitable des infrastructures sanitaires<\/strong>, afin de r\u00e9pondre aux besoins des citoyens dans tous les quartiers\u00a0;<\/p>\n<p><strong>-L&#8217;am\u00e9lioration de la qualit\u00e9 des soins<\/strong> gr\u00e2ce \u00e0 l&#8217;extension, la mise \u00e0 niveau et l&#8217;\u00e9quipement des centres de sant\u00e9.<\/p>\n<p>Ces centres proposent une large gamme de services, allant des analyses de laboratoire \u00e0 l&#8217;imagerie m\u00e9dicale, en passant par la p\u00e9diatrie, l&#8217;obst\u00e9trique, la gyn\u00e9cologie, la vaccination, la nutrition, les soins d&#8217;urgence et les consultations externes.<\/p>\n<p><strong>Un impact direct sur l&#8217;emploi et les services<\/strong><\/p>\n<p>Le fonctionnement de ces nouvelles structures n\u00e9cessitera l&#8217;embauche d&#8217;environ <strong>800 professionnels de sant\u00e9<\/strong>, parmi lesquels :<\/p>\n<p>-224 infirmiers m\u00e9dicaux sociaux\u00a0;<\/p>\n<p>-122 infirmiers d&#8217;\u00c9tat\u00a0;<\/p>\n<p>-140 sages-femmes\u00a0;<\/p>\n<p>-224 techniciens sup\u00e9rieurs\u00a0;<\/p>\n<p>-56 m\u00e9decins g\u00e9n\u00e9ralistes, ainsi qu&#8217;un ensemble de sp\u00e9cialistes et de travailleurs de soutien.<\/p>\n<p><strong>Une continuit\u00e9 des efforts dans le secteur de la sant\u00e9<\/strong><\/p>\n<p>Lors de la c\u00e9r\u00e9monie, le ministre de la Sant\u00e9, M. Abdallahi Wedih, a rappel\u00e9 les r\u00e9alisations d\u00e9j\u00e0 accomplies sous l&#8217;impulsion du Pr\u00e9sident de la R\u00e9publique, notamment :<\/p>\n<p><strong>-Le doublement de la couverture d&#8217;assurance maladie<\/strong>, qui b\u00e9n\u00e9ficie d\u00e9sormais \u00e0 100 000 familles n\u00e9cessiteuses\u00a0;<\/p>\n<p><strong>-L&#8217;extension et l&#8217;\u00e9quipement d&#8217;h\u00f4pitaux cl\u00e9s<\/strong>, comme l&#8217;h\u00f4pital des sp\u00e9cialit\u00e9s de Nouakchott, dont la capacit\u00e9 est pass\u00e9e de 47 \u00e0 140 lits, et le nouvel h\u00f4pital de S\u00e9libaby, d&#8217;une capacit\u00e9 de 150 lits\u00a0;<\/p>\n<p><strong>-La cr\u00e9ation de centres r\u00e9gionaux de transfusion sanguine<\/strong> et l&#8217;augmentation des centres de production d&#8217;oxyg\u00e8ne de 1 \u00e0 19 unit\u00e9s\u00a0;<\/p>\n<p><strong>-Le renforcement des effectifs du secteur de la sant\u00e9<\/strong>, avec le recrutement de 2 921 employ\u00e9s entre 2019 et 2024, soit une augmentation de 25 %\u00a0;<\/p>\n<p><strong>-La gratuit\u00e9 de plusieurs services essentiels<\/strong>, notamment les soins d&#8217;urgence, la prise en charge des femmes enceintes, les traitements de maladies chroniques, et la premi\u00e8re greffe de rein gratuite en Mauritanie.<\/p>\n<p>Le ministre a \u00e9galement soulign\u00e9 l&#8217;importance des unit\u00e9s de la Fondation de l&#8217;Aide M\u00e9dicale d&#8217;Urgence, qui assurent d\u00e9sormais un transport s\u00e9curis\u00e9 des victimes d&#8217;accidents de la circulation.<\/p>\n<p><strong>Une inauguration en pr\u00e9sence de hautes autorit\u00e9s<\/strong><\/p>\n<p>La c\u00e9r\u00e9monie s&#8217;est d\u00e9roul\u00e9e en pr\u00e9sence de nombreuses personnalit\u00e9s, notamment le Premier ministre, M. Moctar Ould Djay, le pr\u00e9sident de l&#8217;Assembl\u00e9e nationale, M. Mohamed Bambe Meguett, des membres du gouvernement, des chefs des corps militaires et de s\u00e9curit\u00e9. , ainsi que des repr\u00e9sentants diplomatiques.<\/p>\n<p>Ce lancement illustre la priorit\u00e9 accord\u00e9e par le Pr\u00e9sident de la R\u00e9publique au secteur de la sant\u00e9, pilier fondamental du d\u00e9veloppement humain. \u00c0 travers cette composante, Nouakchott b\u00e9n\u00e9ficiera d&#8217;un syst\u00e8me sanitaire renforc\u00e9, capable de r\u00e9pondre aux d\u00e9fis actuels et futurs, tout en garantissant une couverture \u00e9quitable et des soins de qualit\u00e9 pour tous les citoyens.<\/p>\n","protected":false},"excerpt":{"rendered":"<p>Le Pr\u00e9sident de la R\u00e9publique, M. Mohamed Cheikh El Ghazouani, a supervis\u00e9, lundi \u00e0 Nouakchott, le lancement officiel de la composante sant\u00e9 du programme d&#8217;urgence pour le d\u00e9veloppement de la capitale. Cette initiative ambitieuse vise \u00e0 transformer profond\u00e9ment le syst\u00e8me de sant\u00e9 \u00e0 Nouakchott, en am\u00e9liorant l&#8217;acc\u00e8s aux services m\u00e9dicaux, en modernisant les infrastructures et&#8230;..<\/p>\n","protected":false},"author":12,"featured_media":24736,"comment_status":"open","ping_status":"open","sticky":false,"template":"","format":"standard","meta":{"footnotes":""},"categories":[23,49],"tags":[],"class_list":["post-24735","post","type-post","status-publish","format-standard","has-post-thumbnail","hentry","category-actualite","category-economie"],"yoast_head":"<!-- This site is optimized with the Yoast SEO plugin v27.5 - https:\/\/yoast.com\/product\/yoast-seo-wordpress\/ -->\n<title>Programme d&#039;urgence pour le d\u00e9veloppement de Nouakchott : Lancement de la composante sant\u00e9 - Le Quotidien de Nouakchott<\/title>\n<meta name=\"robots\" content=\"index, follow, max-snippet:-1, max-image-preview:large, max-video-preview:-1\" \/>\n<link rel=\"canonical\" href=\"https:\/\/lequotidien.mr\/?p=24735&lang=fr\" \/>\n<meta property=\"og:locale\" content=\"ar_AR\" \/>\n<meta property=\"og:type\" content=\"article\" \/>\n<meta property=\"og:title\" content=\"Programme d&#039;urgence pour le d\u00e9veloppement de Nouakchott : Lancement de la composante sant\u00e9 - Le Quotidien de Nouakchott\" \/>\n<meta property=\"og:description\" content=\"Le Pr\u00e9sident de la R\u00e9publique, M. Mohamed Cheikh El Ghazouani, a supervis\u00e9, lundi \u00e0 Nouakchott, le lancement officiel de la composante sant\u00e9 du programme d&#8217;urgence pour le d\u00e9veloppement de la capitale. Cette initiative ambitieuse vise \u00e0 transformer profond\u00e9ment le syst\u00e8me de sant\u00e9 \u00e0 Nouakchott, en am\u00e9liorant l&#8217;acc\u00e8s aux services m\u00e9dicaux, en modernisant les infrastructures et.....\" \/>\n<meta property=\"og:url\" content=\"https:\/\/lequotidien.mr\/?p=24735&amp;lang=fr\" \/>\n<meta property=\"og:site_name\" content=\"Le Quotidien de Nouakchott\" \/>\n<meta property=\"article:publisher\" content=\"https:\/\/web.facebook.com\/lequotidienmr\" \/>\n<meta property=\"article:published_time\" content=\"2025-01-21T11:16:21+00:00\" \/>\n<meta property=\"og:image\" content=\"https:\/\/lequotidien.mr\/wp-content\/uploads\/2025\/01\/photo-composante-sante.jpg\" \/>\n\t<meta property=\"og:image:width\" content=\"750\" \/>\n\t<meta property=\"og:image:height\" content=\"430\" \/>\n\t<meta property=\"og:image:type\" content=\"image\/jpeg\" \/>\n<meta name=\"author\" content=\"Med Ahmed\" \/>\n<meta name=\"twitter:card\" content=\"summary_large_image\" \/>\n<meta name=\"twitter:creator\" content=\"@lequotidienmr\" \/>\n<meta name=\"twitter:site\" content=\"@lequotidienmr\" \/>\n<meta name=\"twitter:label1\" content=\"\u0643\u064f\u062a\u0628 \u0628\u0648\u0627\u0633\u0637\u0629\" \/>\n\t<meta name=\"twitter:data1\" content=\"Med Ahmed\" \/>\n\t<meta name=\"twitter:label2\" content=\"\u0648\u0642\u062a \u0627\u0644\u0642\u0631\u0627\u0621\u0629 \u0627\u0644\u0645\u064f\u0642\u062f\u0651\u0631\" \/>\n\t<meta name=\"twitter:data2\" content=\"3 \u062f\u0642\u0627\u0626\u0642\" \/>\n<script type=\"application\/ld+json\" class=\"yoast-schema-graph\">{\"@context\":\"https:\\\/\\\/schema.org\",\"@graph\":[{\"@type\":\"Article\",\"@id\":\"https:\\\/\\\/lequotidien.mr\\\/?p=24735&lang=fr#article\",\"isPartOf\":{\"@id\":\"https:\\\/\\\/lequotidien.mr\\\/?p=24735&lang=fr\"},\"author\":{\"name\":\"Med Ahmed\",\"@id\":\"https:\\\/\\\/lequotidien.mr\\\/#\\\/schema\\\/person\\\/d2d350202a4d599685ed8abc25f97596\"},\"headline\":\"Programme d&#8217;urgence pour le d\u00e9veloppement de Nouakchott : Lancement de la composante sant\u00e9\",\"datePublished\":\"2025-01-21T11:16:21+00:00\",\"mainEntityOfPage\":{\"@id\":\"https:\\\/\\\/lequotidien.mr\\\/?p=24735&lang=fr\"},\"wordCount\":627,\"commentCount\":0,\"publisher\":{\"@id\":\"https:\\\/\\\/lequotidien.mr\\\/#organization\"},\"image\":{\"@id\":\"https:\\\/\\\/lequotidien.mr\\\/?p=24735&lang=fr#primaryimage\"},\"thumbnailUrl\":\"https:\\\/\\\/lequotidien.mr\\\/wp-content\\\/uploads\\\/2025\\\/01\\\/photo-composante-sante.jpg\",\"articleSection\":[\"ACTUALIT\u00c9\",\"Economie\"],\"inLanguage\":\"ar\",\"potentialAction\":[{\"@type\":\"CommentAction\",\"name\":\"Comment\",\"target\":[\"https:\\\/\\\/lequotidien.mr\\\/?p=24735&lang=fr#respond\"]}]},{\"@type\":\"WebPage\",\"@id\":\"https:\\\/\\\/lequotidien.mr\\\/?p=24735&lang=fr\",\"url\":\"https:\\\/\\\/lequotidien.mr\\\/?p=24735&lang=fr\",\"name\":\"Programme d'urgence pour le d\u00e9veloppement de Nouakchott : Lancement de la composante sant\u00e9 - Le Quotidien de Nouakchott\",\"isPartOf\":{\"@id\":\"https:\\\/\\\/lequotidien.mr\\\/#website\"},\"primaryImageOfPage\":{\"@id\":\"https:\\\/\\\/lequotidien.mr\\\/?p=24735&lang=fr#primaryimage\"},\"image\":{\"@id\":\"https:\\\/\\\/lequotidien.mr\\\/?p=24735&lang=fr#primaryimage\"},\"thumbnailUrl\":\"https:\\\/\\\/lequotidien.mr\\\/wp-content\\\/uploads\\\/2025\\\/01\\\/photo-composante-sante.jpg\",\"datePublished\":\"2025-01-21T11:16:21+00:00\",\"breadcrumb\":{\"@id\":\"https:\\\/\\\/lequotidien.mr\\\/?p=24735&lang=fr#breadcrumb\"},\"inLanguage\":\"ar\",\"potentialAction\":[{\"@type\":\"ReadAction\",\"target\":[\"https:\\\/\\\/lequotidien.mr\\\/?p=24735&lang=fr\"]}]},{\"@type\":\"ImageObject\",\"inLanguage\":\"ar\",\"@id\":\"https:\\\/\\\/lequotidien.mr\\\/?p=24735&lang=fr#primaryimage\",\"url\":\"https:\\\/\\\/lequotidien.mr\\\/wp-content\\\/uploads\\\/2025\\\/01\\\/photo-composante-sante.jpg\",\"contentUrl\":\"https:\\\/\\\/lequotidien.mr\\\/wp-content\\\/uploads\\\/2025\\\/01\\\/photo-composante-sante.jpg\",\"width\":750,\"height\":430},{\"@type\":\"BreadcrumbList\",\"@id\":\"https:\\\/\\\/lequotidien.mr\\\/?p=24735&lang=fr#breadcrumb\",\"itemListElement\":[{\"@type\":\"ListItem\",\"position\":1,\"name\":\"Home\",\"item\":\"https:\\\/\\\/lequotidien.mr\\\/\"},{\"@type\":\"ListItem\",\"position\":2,\"name\":\"Programme d&#8217;urgence pour le d\u00e9veloppement de Nouakchott : Lancement de la composante sant\u00e9\"}]},{\"@type\":\"WebSite\",\"@id\":\"https:\\\/\\\/lequotidien.mr\\\/#website\",\"url\":\"https:\\\/\\\/lequotidien.mr\\\/\",\"name\":\"Le Quotidien de Nouakchott\",\"description\":\"\u0625\u062e\u0628\u0627\u0631\u064a\u0629 \u0645\u0633\u062a\u0642\u0644\u0629 \u0644\u0644\u0623\u0646\u0628\u0627\u0621 \u0627\u0644\u0639\u0627\u0645\u0629\",\"publisher\":{\"@id\":\"https:\\\/\\\/lequotidien.mr\\\/#organization\"},\"potentialAction\":[{\"@type\":\"SearchAction\",\"target\":{\"@type\":\"EntryPoint\",\"urlTemplate\":\"https:\\\/\\\/lequotidien.mr\\\/?s={search_term_string}\"},\"query-input\":{\"@type\":\"PropertyValueSpecification\",\"valueRequired\":true,\"valueName\":\"search_term_string\"}}],\"inLanguage\":\"ar\"},{\"@type\":\"Organization\",\"@id\":\"https:\\\/\\\/lequotidien.mr\\\/#organization\",\"name\":\"Le Quotidien de Nouakchott\",\"url\":\"https:\\\/\\\/lequotidien.mr\\\/\",\"logo\":{\"@type\":\"ImageObject\",\"inLanguage\":\"ar\",\"@id\":\"https:\\\/\\\/lequotidien.mr\\\/#\\\/schema\\\/logo\\\/image\\\/\",\"url\":\"https:\\\/\\\/lequotidien.mr\\\/wp-content\\\/uploads\\\/2022\\\/11\\\/logolequotidien.jpg\",\"contentUrl\":\"https:\\\/\\\/lequotidien.mr\\\/wp-content\\\/uploads\\\/2022\\\/11\\\/logolequotidien.jpg\",\"width\":290,\"height\":65,\"caption\":\"Le Quotidien de Nouakchott\"},\"image\":{\"@id\":\"https:\\\/\\\/lequotidien.mr\\\/#\\\/schema\\\/logo\\\/image\\\/\"},\"sameAs\":[\"https:\\\/\\\/web.facebook.com\\\/lequotidienmr\",\"https:\\\/\\\/x.com\\\/lequotidienmr\"]},{\"@type\":\"Person\",\"@id\":\"https:\\\/\\\/lequotidien.mr\\\/#\\\/schema\\\/person\\\/d2d350202a4d599685ed8abc25f97596\",\"name\":\"Med Ahmed\",\"image\":{\"@type\":\"ImageObject\",\"inLanguage\":\"ar\",\"@id\":\"https:\\\/\\\/secure.gravatar.com\\\/avatar\\\/fd2acc62ed50732923d1d39c17172c9b04149f142be92310ecc69e1358f94b52?s=96&d=mm&r=g\",\"url\":\"https:\\\/\\\/secure.gravatar.com\\\/avatar\\\/fd2acc62ed50732923d1d39c17172c9b04149f142be92310ecc69e1358f94b52?s=96&d=mm&r=g\",\"contentUrl\":\"https:\\\/\\\/secure.gravatar.com\\\/avatar\\\/fd2acc62ed50732923d1d39c17172c9b04149f142be92310ecc69e1358f94b52?s=96&d=mm&r=g\",\"caption\":\"Med Ahmed\"},\"url\":\"https:\\\/\\\/lequotidien.mr\\\/?author=12\"}]}<\/script>\n<!-- \/ Yoast SEO plugin. -->","yoast_head_json":{"title":"Programme d'urgence pour le d\u00e9veloppement de Nouakchott : Lancement de la composante sant\u00e9 - Le Quotidien de Nouakchott","robots":{"index":"index","follow":"follow","max-snippet":"max-snippet:-1","max-image-preview":"max-image-preview:large","max-video-preview":"max-video-preview:-1"},"canonical":"https:\/\/lequotidien.mr\/?p=24735&lang=fr","og_locale":"ar_AR","og_type":"article","og_title":"Programme d'urgence pour le d\u00e9veloppement de Nouakchott : Lancement de la composante sant\u00e9 - Le Quotidien de Nouakchott","og_description":"Le Pr\u00e9sident de la R\u00e9publique, M. Mohamed Cheikh El Ghazouani, a supervis\u00e9, lundi \u00e0 Nouakchott, le lancement officiel de la composante sant\u00e9 du programme d&#8217;urgence pour le d\u00e9veloppement de la capitale. Cette initiative ambitieuse vise \u00e0 transformer profond\u00e9ment le syst\u00e8me de sant\u00e9 \u00e0 Nouakchott, en am\u00e9liorant l&#8217;acc\u00e8s aux services m\u00e9dicaux, en modernisant les infrastructures et.....","og_url":"https:\/\/lequotidien.mr\/?p=24735&lang=fr","og_site_name":"Le Quotidien de Nouakchott","article_publisher":"https:\/\/web.facebook.com\/lequotidienmr","article_published_time":"2025-01-21T11:16:21+00:00","og_image":[{"width":750,"height":430,"url":"https:\/\/lequotidien.mr\/wp-content\/uploads\/2025\/01\/photo-composante-sante.jpg","type":"image\/jpeg"}],"author":"Med Ahmed","twitter_card":"summary_large_image","twitter_creator":"@lequotidienmr","twitter_site":"@lequotidienmr","twitter_misc":{"\u0643\u064f\u062a\u0628 \u0628\u0648\u0627\u0633\u0637\u0629":"Med Ahmed","\u0648\u0642\u062a \u0627\u0644\u0642\u0631\u0627\u0621\u0629 \u0627\u0644\u0645\u064f\u0642\u062f\u0651\u0631":"3 \u062f\u0642\u0627\u0626\u0642"},"schema":{"@context":"https:\/\/schema.org","@graph":[{"@type":"Article","@id":"https:\/\/lequotidien.mr\/?p=24735&lang=fr#article","isPartOf":{"@id":"https:\/\/lequotidien.mr\/?p=24735&lang=fr"},"author":{"name":"Med Ahmed","@id":"https:\/\/lequotidien.mr\/#\/schema\/person\/d2d350202a4d599685ed8abc25f97596"},"headline":"Programme d&#8217;urgence pour le d\u00e9veloppement de Nouakchott : Lancement de la composante sant\u00e9","datePublished":"2025-01-21T11:16:21+00:00","mainEntityOfPage":{"@id":"https:\/\/lequotidien.mr\/?p=24735&lang=fr"},"wordCount":627,"commentCount":0,"publisher":{"@id":"https:\/\/lequotidien.mr\/#organization"},"image":{"@id":"https:\/\/lequotidien.mr\/?p=24735&lang=fr#primaryimage"},"thumbnailUrl":"https:\/\/lequotidien.mr\/wp-content\/uploads\/2025\/01\/photo-composante-sante.jpg","articleSection":["ACTUALIT\u00c9","Economie"],"inLanguage":"ar","potentialAction":[{"@type":"CommentAction","name":"Comment","target":["https:\/\/lequotidien.mr\/?p=24735&lang=fr#respond"]}]},{"@type":"WebPage","@id":"https:\/\/lequotidien.mr\/?p=24735&lang=fr","url":"https:\/\/lequotidien.mr\/?p=24735&lang=fr","name":"Programme d'urgence pour le d\u00e9veloppement de Nouakchott : Lancement de la composante sant\u00e9 - Le Quotidien de Nouakchott","isPartOf":{"@id":"https:\/\/lequotidien.mr\/#website"},"primaryImageOfPage":{"@id":"https:\/\/lequotidien.mr\/?p=24735&lang=fr#primaryimage"},"image":{"@id":"https:\/\/lequotidien.mr\/?p=24735&lang=fr#primaryimage"},"thumbnailUrl":"https:\/\/lequotidien.mr\/wp-content\/uploads\/2025\/01\/photo-composante-sante.jpg","datePublished":"2025-01-21T11:16:21+00:00","breadcrumb":{"@id":"https:\/\/lequotidien.mr\/?p=24735&lang=fr#breadcrumb"},"inLanguage":"ar","potentialAction":[{"@type":"ReadAction","target":["https:\/\/lequotidien.mr\/?p=24735&lang=fr"]}]},{"@type":"ImageObject","inLanguage":"ar","@id":"https:\/\/lequotidien.mr\/?p=24735&lang=fr#primaryimage","url":"https:\/\/lequotidien.mr\/wp-content\/uploads\/2025\/01\/photo-composante-sante.jpg","contentUrl":"https:\/\/lequotidien.mr\/wp-content\/uploads\/2025\/01\/photo-composante-sante.jpg","width":750,"height":430},{"@type":"BreadcrumbList","@id":"https:\/\/lequotidien.mr\/?p=24735&lang=fr#breadcrumb","itemListElement":[{"@type":"ListItem","position":1,"name":"Home","item":"https:\/\/lequotidien.mr\/"},{"@type":"ListItem","position":2,"name":"Programme d&#8217;urgence pour le d\u00e9veloppement de Nouakchott : Lancement de la composante sant\u00e9"}]},{"@type":"WebSite","@id":"https:\/\/lequotidien.mr\/#website","url":"https:\/\/lequotidien.mr\/","name":"Le Quotidien de Nouakchott","description":"\u0625\u062e\u0628\u0627\u0631\u064a\u0629 \u0645\u0633\u062a\u0642\u0644\u0629 \u0644\u0644\u0623\u0646\u0628\u0627\u0621 \u0627\u0644\u0639\u0627\u0645\u0629","publisher":{"@id":"https:\/\/lequotidien.mr\/#organization"},"potentialAction":[{"@type":"SearchAction","target":{"@type":"EntryPoint","urlTemplate":"https:\/\/lequotidien.mr\/?s={search_term_string}"},"query-input":{"@type":"PropertyValueSpecification","valueRequired":true,"valueName":"search_term_string"}}],"inLanguage":"ar"},{"@type":"Organization","@id":"https:\/\/lequotidien.mr\/#organization","name":"Le Quotidien de Nouakchott","url":"https:\/\/lequotidien.mr\/","logo":{"@type":"ImageObject","inLanguage":"ar","@id":"https:\/\/lequotidien.mr\/#\/schema\/logo\/image\/","url":"https:\/\/lequotidien.mr\/wp-content\/uploads\/2022\/11\/logolequotidien.jpg","contentUrl":"https:\/\/lequotidien.mr\/wp-content\/uploads\/2022\/11\/logolequotidien.jpg","width":290,"height":65,"caption":"Le Quotidien de Nouakchott"},"image":{"@id":"https:\/\/lequotidien.mr\/#\/schema\/logo\/image\/"},"sameAs":["https:\/\/web.facebook.com\/lequotidienmr","https:\/\/x.com\/lequotidienmr"]},{"@type":"Person","@id":"https:\/\/lequotidien.mr\/#\/schema\/person\/d2d350202a4d599685ed8abc25f97596","name":"Med Ahmed","image":{"@type":"ImageObject","inLanguage":"ar","@id":"https:\/\/secure.gravatar.com\/avatar\/fd2acc62ed50732923d1d39c17172c9b04149f142be92310ecc69e1358f94b52?s=96&d=mm&r=g","url":"https:\/\/secure.gravatar.com\/avatar\/fd2acc62ed50732923d1d39c17172c9b04149f142be92310ecc69e1358f94b52?s=96&d=mm&r=g","contentUrl":"https:\/\/secure.gravatar.com\/avatar\/fd2acc62ed50732923d1d39c17172c9b04149f142be92310ecc69e1358f94b52?s=96&d=mm&r=g","caption":"Med Ahmed"},"url":"https:\/\/lequotidien.mr\/?author=12"}]}},"_links":{"self":[{"href":"https:\/\/lequotidien.mr\/index.php?rest_route=\/wp\/v2\/posts\/24735","targetHints":{"allow":["GET"]}}],"collection":[{"href":"https:\/\/lequotidien.mr\/index.php?rest_route=\/wp\/v2\/posts"}],"about":[{"href":"https:\/\/lequotidien.mr\/index.php?rest_route=\/wp\/v2\/types\/post"}],"author":[{"embeddable":true,"href":"https:\/\/lequotidien.mr\/index.php?rest_route=\/wp\/v2\/users\/12"}],"replies":[{"embeddable":true,"href":"https:\/\/lequotidien.mr\/index.php?rest_route=%2Fwp%2Fv2%2Fcomments&post=24735"}],"version-history":[{"count":1,"href":"https:\/\/lequotidien.mr\/index.php?rest_route=\/wp\/v2\/posts\/24735\/revisions"}],"predecessor-version":[{"id":24737,"href":"https:\/\/lequotidien.mr\/index.php?rest_route=\/wp\/v2\/posts\/24735\/revisions\/24737"}],"wp:featuredmedia":[{"embeddable":true,"href":"https:\/\/lequotidien.mr\/index.php?rest_route=\/wp\/v2\/media\/24736"}],"wp:attachment":[{"href":"https:\/\/lequotidien.mr\/index.php?rest_route=%2Fwp%2Fv2%2Fmedia&parent=24735"}],"wp:term":[{"taxonomy":"category","embeddable":true,"href":"https:\/\/lequotidien.mr\/index.php?rest_route=%2Fwp%2Fv2%2Fcategories&post=24735"},{"taxonomy":"post_tag","embeddable":true,"href":"https:\/\/lequotidien.mr\/index.php?rest_route=%2Fwp%2Fv2%2Ftags&post=24735"}],"curies":[{"name":"wp","href":"https:\/\/api.w.org\/{rel}","templated":true}]}}