{"id":24729,"date":"2025-01-21T10:53:24","date_gmt":"2025-01-21T10:53:24","guid":{"rendered":"https:\/\/lequotidien.mr\/?p=24729"},"modified":"2025-01-21T10:53:24","modified_gmt":"2025-01-21T10:53:24","slug":"programme-durgence-pour-le-developpement-de-nouakchott-lancement-de-la-composante-eau-et-assainissement","status":"publish","type":"post","link":"https:\/\/lequotidien.mr\/?p=24729&lang=fr","title":{"rendered":"Programme d\u2019urgence pour le d\u00e9veloppement de Nouakchott : Lancement de la composante eau et assainissement"},"content":{"rendered":"<p>Le Pr\u00e9sident de la R\u00e9publique, M. Mohamed Cheikh El Ghazouani, a supervis\u00e9, lundi \u00e0 Nouakchott, le lancement de la composante <strong>eau et assainissement<\/strong> du programme d\u2019urgence pour le d\u00e9veloppement de la capitale. Ce projet ambitieux, dot\u00e9 d\u2019un budget de <strong>764 millions de nouvelles ouguiyas<\/strong>, vise \u00e0 am\u00e9liorer l\u2019acc\u00e8s \u00e0 l\u2019eau potable et \u00e0 renforcer les infrastructures de drainage des eaux pluviales, contribuant ainsi \u00e0 un environnement plus sain et une meilleure qualit\u00e9 de vie pour les habitants de Nouakchott.<\/p>\n<p><strong>Objectifs et r\u00e9alisations pr\u00e9vues<\/strong><\/p>\n<p>Cette composante strat\u00e9gique repose sur plusieurs axes cl\u00e9s :<\/p>\n<p><strong>-Augmenter la production d\u2019eau potable<\/strong> gr\u00e2ce \u00e0 la r\u00e9habilitation et \u00e0 l\u2019entretien des installations existantes pour assurer leur p\u00e9rennit\u00e9\u00a0;<\/p>\n<p><strong>-Renforcer les syst\u00e8mes de pompage<\/strong> par la r\u00e9novation et l\u2019extension de certaines stations et la r\u00e9activation de celles actuellement hors service\u00a0;<\/p>\n<p><strong>-Am\u00e9liorer le r\u00e9seau de distribution<\/strong> en adoptant une politique efficace garantissant l\u2019acc\u00e8s \u00e0 l\u2019eau dans toutes les moughataas\u00a0;<\/p>\n<p><strong>-Traiter les mar\u00e9cages<\/strong> par des op\u00e9rations de drainage et de remblayage, avec une exploitation \u00e9cologique pour transformer certaines zones en espaces respectueux de l\u2019environnement\u00a0;<\/p>\n<p><strong>-\u00c9tendre le r\u00e9seau de drainage des eaux pluviales<\/strong> pour inclure de nouveaux quartiers et r\u00e9duire les impacts n\u00e9gatifs des inondations apr\u00e8s les pluies.<\/p>\n<p>Ces travaux marquent une \u00e9tape essentielle dans la modernisation des infrastructures de la capitale et la r\u00e9ponse aux d\u00e9fis environnementaux et sociaux.<\/p>\n<p><strong>Une vision port\u00e9e par des r\u00e9alisations concr\u00e8tes<\/strong><\/p>\n<p>Lors de la c\u00e9r\u00e9monie, Mme Amal Maouloud, ministre de l\u2019Hydraulique et de l\u2019Assainissement, a soulign\u00e9 que cette composante s\u2019inscrit dans la continuit\u00e9 des efforts d\u00e9ploy\u00e9s pour acc\u00e9l\u00e9rer la mise en \u0153uvre des projets existants tout en lan\u00e7ant de nouvelles initiatives. Elle a rappel\u00e9 les r\u00e9cents projets inaugur\u00e9s \u00e0 Nouakchott sous la supervision du Pr\u00e9sident de la R\u00e9publique, notamment :<\/p>\n<p><strong>-L\u2019am\u00e9lioration de l\u2019approvisionnement en eau<\/strong> depuis le champ captant d\u2019Idini\u00a0;<\/p>\n<p><strong>-Le lancement de la composante A du projet global d\u2019assainissement<\/strong>, longtemps attendu par les habitants de la capitale.<\/p>\n<p>Mme la ministre a insist\u00e9 sur le fait que, malgr\u00e9 l\u2019ampleur des travaux, la planification rigoureuse et les efforts des \u00e9quipes techniques permettent d\u2019avancer rapidement et efficacement dans la mise en \u0153uvre des objectifs fix\u00e9s.<\/p>\n<p><strong>Un programme essentiel pour Nouakchott<\/strong><\/p>\n<p>La composante eau et assainissement joue un r\u00f4le central dans le programme d\u2019urgence pour le d\u00e9veloppement de Nouakchott, en r\u00e9pondant \u00e0 des besoins fondamentaux pour les citoyens. En garantissant l\u2019approvisionnement en eau potable et en renfor\u00e7ant les infrastructures d\u2019assainissement, ce projet contribuera \u00e0 am\u00e9liorer les conditions de vie et \u00e0 renforcer l\u2019attractivit\u00e9 de la capitale.<\/p>\n<p>La c\u00e9r\u00e9monie s\u2019est d\u00e9roul\u00e9e en pr\u00e9sence de nombreuses personnalit\u00e9s, dont le Premier ministre, M. Moctar Ould Djay, le pr\u00e9sident de l\u2019Assembl\u00e9e nationale, M. Mohamed Bambe Meguett, des membres du gouvernement, des autorit\u00e9s locales et des repr\u00e9sentants du corps diplomatique.<\/p>\n<p>Ce lancement marque une nouvelle \u00e9tape dans la concr\u00e9tisation de la vision pr\u00e9sidentielle inscrite dans le programme <strong>\u00ab <\/strong>Mon ambition pour la nation<strong> \u00bb<\/strong>, visant \u00e0 moderniser Nouakchott et \u00e0 offrir \u00e0 ses habitants des infrastructures et des services publics de qualit\u00e9.<\/p>\n","protected":false},"excerpt":{"rendered":"<p>Le Pr\u00e9sident de la R\u00e9publique, M. Mohamed Cheikh El Ghazouani, a supervis\u00e9, lundi \u00e0 Nouakchott, le lancement de la composante eau et assainissement du programme d\u2019urgence pour le d\u00e9veloppement de la capitale. Ce projet ambitieux, dot\u00e9 d\u2019un budget de 764 millions de nouvelles ouguiyas, vise \u00e0 am\u00e9liorer l\u2019acc\u00e8s \u00e0 l\u2019eau potable et \u00e0 renforcer les&#8230;..<\/p>\n","protected":false},"author":12,"featured_media":24730,"comment_status":"open","ping_status":"open","sticky":false,"template":"","format":"standard","meta":{"footnotes":""},"categories":[23,49],"tags":[],"class_list":["post-24729","post","type-post","status-publish","format-standard","has-post-thumbnail","hentry","category-actualite","category-economie"],"yoast_head":"<!-- This site is optimized with the Yoast SEO plugin v27.5 - https:\/\/yoast.com\/product\/yoast-seo-wordpress\/ -->\n<title>Programme d\u2019urgence pour le d\u00e9veloppement de Nouakchott : Lancement de la composante eau et assainissement - Le Quotidien de Nouakchott<\/title>\n<meta name=\"robots\" content=\"index, follow, max-snippet:-1, max-image-preview:large, max-video-preview:-1\" \/>\n<link rel=\"canonical\" href=\"https:\/\/lequotidien.mr\/?p=24729&lang=fr\" \/>\n<meta property=\"og:locale\" content=\"ar_AR\" \/>\n<meta property=\"og:type\" content=\"article\" \/>\n<meta property=\"og:title\" content=\"Programme d\u2019urgence pour le d\u00e9veloppement de Nouakchott : Lancement de la composante eau et assainissement - Le Quotidien de Nouakchott\" \/>\n<meta property=\"og:description\" content=\"Le Pr\u00e9sident de la R\u00e9publique, M. Mohamed Cheikh El Ghazouani, a supervis\u00e9, lundi \u00e0 Nouakchott, le lancement de la composante eau et assainissement du programme d\u2019urgence pour le d\u00e9veloppement de la capitale. Ce projet ambitieux, dot\u00e9 d\u2019un budget de 764 millions de nouvelles ouguiyas, vise \u00e0 am\u00e9liorer l\u2019acc\u00e8s \u00e0 l\u2019eau potable et \u00e0 renforcer les.....\" \/>\n<meta property=\"og:url\" content=\"https:\/\/lequotidien.mr\/?p=24729&amp;lang=fr\" \/>\n<meta property=\"og:site_name\" content=\"Le Quotidien de Nouakchott\" \/>\n<meta property=\"article:publisher\" content=\"https:\/\/web.facebook.com\/lequotidienmr\" \/>\n<meta property=\"article:published_time\" content=\"2025-01-21T10:53:24+00:00\" \/>\n<meta property=\"og:image\" content=\"https:\/\/lequotidien.mr\/wp-content\/uploads\/2025\/01\/photo-composante-eau.jpg\" \/>\n\t<meta property=\"og:image:width\" content=\"750\" \/>\n\t<meta property=\"og:image:height\" content=\"430\" \/>\n\t<meta property=\"og:image:type\" content=\"image\/jpeg\" \/>\n<meta name=\"author\" content=\"Med Ahmed\" \/>\n<meta name=\"twitter:card\" content=\"summary_large_image\" \/>\n<meta name=\"twitter:creator\" content=\"@lequotidienmr\" \/>\n<meta name=\"twitter:site\" content=\"@lequotidienmr\" \/>\n<meta name=\"twitter:label1\" content=\"\u0643\u064f\u062a\u0628 \u0628\u0648\u0627\u0633\u0637\u0629\" \/>\n\t<meta name=\"twitter:data1\" content=\"Med Ahmed\" \/>\n\t<meta name=\"twitter:label2\" content=\"\u0648\u0642\u062a \u0627\u0644\u0642\u0631\u0627\u0621\u0629 \u0627\u0644\u0645\u064f\u0642\u062f\u0651\u0631\" \/>\n\t<meta name=\"twitter:data2\" content=\"3 \u062f\u0642\u0627\u0626\u0642\" \/>\n<script type=\"application\/ld+json\" class=\"yoast-schema-graph\">{\"@context\":\"https:\\\/\\\/schema.org\",\"@graph\":[{\"@type\":\"Article\",\"@id\":\"https:\\\/\\\/lequotidien.mr\\\/?p=24729&lang=fr#article\",\"isPartOf\":{\"@id\":\"https:\\\/\\\/lequotidien.mr\\\/?p=24729&lang=fr\"},\"author\":{\"name\":\"Med Ahmed\",\"@id\":\"https:\\\/\\\/lequotidien.mr\\\/#\\\/schema\\\/person\\\/d2d350202a4d599685ed8abc25f97596\"},\"headline\":\"Programme d\u2019urgence pour le d\u00e9veloppement de Nouakchott : Lancement de la composante eau et assainissement\",\"datePublished\":\"2025-01-21T10:53:24+00:00\",\"mainEntityOfPage\":{\"@id\":\"https:\\\/\\\/lequotidien.mr\\\/?p=24729&lang=fr\"},\"wordCount\":570,\"commentCount\":0,\"publisher\":{\"@id\":\"https:\\\/\\\/lequotidien.mr\\\/#organization\"},\"image\":{\"@id\":\"https:\\\/\\\/lequotidien.mr\\\/?p=24729&lang=fr#primaryimage\"},\"thumbnailUrl\":\"https:\\\/\\\/lequotidien.mr\\\/wp-content\\\/uploads\\\/2025\\\/01\\\/photo-composante-eau.jpg\",\"articleSection\":[\"ACTUALIT\u00c9\",\"Economie\"],\"inLanguage\":\"ar\",\"potentialAction\":[{\"@type\":\"CommentAction\",\"name\":\"Comment\",\"target\":[\"https:\\\/\\\/lequotidien.mr\\\/?p=24729&lang=fr#respond\"]}]},{\"@type\":\"WebPage\",\"@id\":\"https:\\\/\\\/lequotidien.mr\\\/?p=24729&lang=fr\",\"url\":\"https:\\\/\\\/lequotidien.mr\\\/?p=24729&lang=fr\",\"name\":\"Programme d\u2019urgence pour le d\u00e9veloppement de Nouakchott : Lancement de la composante eau et assainissement - Le Quotidien de Nouakchott\",\"isPartOf\":{\"@id\":\"https:\\\/\\\/lequotidien.mr\\\/#website\"},\"primaryImageOfPage\":{\"@id\":\"https:\\\/\\\/lequotidien.mr\\\/?p=24729&lang=fr#primaryimage\"},\"image\":{\"@id\":\"https:\\\/\\\/lequotidien.mr\\\/?p=24729&lang=fr#primaryimage\"},\"thumbnailUrl\":\"https:\\\/\\\/lequotidien.mr\\\/wp-content\\\/uploads\\\/2025\\\/01\\\/photo-composante-eau.jpg\",\"datePublished\":\"2025-01-21T10:53:24+00:00\",\"breadcrumb\":{\"@id\":\"https:\\\/\\\/lequotidien.mr\\\/?p=24729&lang=fr#breadcrumb\"},\"inLanguage\":\"ar\",\"potentialAction\":[{\"@type\":\"ReadAction\",\"target\":[\"https:\\\/\\\/lequotidien.mr\\\/?p=24729&lang=fr\"]}]},{\"@type\":\"ImageObject\",\"inLanguage\":\"ar\",\"@id\":\"https:\\\/\\\/lequotidien.mr\\\/?p=24729&lang=fr#primaryimage\",\"url\":\"https:\\\/\\\/lequotidien.mr\\\/wp-content\\\/uploads\\\/2025\\\/01\\\/photo-composante-eau.jpg\",\"contentUrl\":\"https:\\\/\\\/lequotidien.mr\\\/wp-content\\\/uploads\\\/2025\\\/01\\\/photo-composante-eau.jpg\",\"width\":750,\"height\":430},{\"@type\":\"BreadcrumbList\",\"@id\":\"https:\\\/\\\/lequotidien.mr\\\/?p=24729&lang=fr#breadcrumb\",\"itemListElement\":[{\"@type\":\"ListItem\",\"position\":1,\"name\":\"Home\",\"item\":\"https:\\\/\\\/lequotidien.mr\\\/\"},{\"@type\":\"ListItem\",\"position\":2,\"name\":\"Programme d\u2019urgence pour le d\u00e9veloppement de Nouakchott : Lancement de la composante eau et assainissement\"}]},{\"@type\":\"WebSite\",\"@id\":\"https:\\\/\\\/lequotidien.mr\\\/#website\",\"url\":\"https:\\\/\\\/lequotidien.mr\\\/\",\"name\":\"Le Quotidien de Nouakchott\",\"description\":\"\u0625\u062e\u0628\u0627\u0631\u064a\u0629 \u0645\u0633\u062a\u0642\u0644\u0629 \u0644\u0644\u0623\u0646\u0628\u0627\u0621 \u0627\u0644\u0639\u0627\u0645\u0629\",\"publisher\":{\"@id\":\"https:\\\/\\\/lequotidien.mr\\\/#organization\"},\"potentialAction\":[{\"@type\":\"SearchAction\",\"target\":{\"@type\":\"EntryPoint\",\"urlTemplate\":\"https:\\\/\\\/lequotidien.mr\\\/?s={search_term_string}\"},\"query-input\":{\"@type\":\"PropertyValueSpecification\",\"valueRequired\":true,\"valueName\":\"search_term_string\"}}],\"inLanguage\":\"ar\"},{\"@type\":\"Organization\",\"@id\":\"https:\\\/\\\/lequotidien.mr\\\/#organization\",\"name\":\"Le Quotidien de Nouakchott\",\"url\":\"https:\\\/\\\/lequotidien.mr\\\/\",\"logo\":{\"@type\":\"ImageObject\",\"inLanguage\":\"ar\",\"@id\":\"https:\\\/\\\/lequotidien.mr\\\/#\\\/schema\\\/logo\\\/image\\\/\",\"url\":\"https:\\\/\\\/lequotidien.mr\\\/wp-content\\\/uploads\\\/2022\\\/11\\\/logolequotidien.jpg\",\"contentUrl\":\"https:\\\/\\\/lequotidien.mr\\\/wp-content\\\/uploads\\\/2022\\\/11\\\/logolequotidien.jpg\",\"width\":290,\"height\":65,\"caption\":\"Le Quotidien de Nouakchott\"},\"image\":{\"@id\":\"https:\\\/\\\/lequotidien.mr\\\/#\\\/schema\\\/logo\\\/image\\\/\"},\"sameAs\":[\"https:\\\/\\\/web.facebook.com\\\/lequotidienmr\",\"https:\\\/\\\/x.com\\\/lequotidienmr\"]},{\"@type\":\"Person\",\"@id\":\"https:\\\/\\\/lequotidien.mr\\\/#\\\/schema\\\/person\\\/d2d350202a4d599685ed8abc25f97596\",\"name\":\"Med Ahmed\",\"image\":{\"@type\":\"ImageObject\",\"inLanguage\":\"ar\",\"@id\":\"https:\\\/\\\/secure.gravatar.com\\\/avatar\\\/fd2acc62ed50732923d1d39c17172c9b04149f142be92310ecc69e1358f94b52?s=96&d=mm&r=g\",\"url\":\"https:\\\/\\\/secure.gravatar.com\\\/avatar\\\/fd2acc62ed50732923d1d39c17172c9b04149f142be92310ecc69e1358f94b52?s=96&d=mm&r=g\",\"contentUrl\":\"https:\\\/\\\/secure.gravatar.com\\\/avatar\\\/fd2acc62ed50732923d1d39c17172c9b04149f142be92310ecc69e1358f94b52?s=96&d=mm&r=g\",\"caption\":\"Med Ahmed\"},\"url\":\"https:\\\/\\\/lequotidien.mr\\\/?author=12\"}]}<\/script>\n<!-- \/ Yoast SEO plugin. -->","yoast_head_json":{"title":"Programme d\u2019urgence pour le d\u00e9veloppement de Nouakchott : Lancement de la composante eau et assainissement - Le Quotidien de Nouakchott","robots":{"index":"index","follow":"follow","max-snippet":"max-snippet:-1","max-image-preview":"max-image-preview:large","max-video-preview":"max-video-preview:-1"},"canonical":"https:\/\/lequotidien.mr\/?p=24729&lang=fr","og_locale":"ar_AR","og_type":"article","og_title":"Programme d\u2019urgence pour le d\u00e9veloppement de Nouakchott : Lancement de la composante eau et assainissement - Le Quotidien de Nouakchott","og_description":"Le Pr\u00e9sident de la R\u00e9publique, M. Mohamed Cheikh El Ghazouani, a supervis\u00e9, lundi \u00e0 Nouakchott, le lancement de la composante eau et assainissement du programme d\u2019urgence pour le d\u00e9veloppement de la capitale. Ce projet ambitieux, dot\u00e9 d\u2019un budget de 764 millions de nouvelles ouguiyas, vise \u00e0 am\u00e9liorer l\u2019acc\u00e8s \u00e0 l\u2019eau potable et \u00e0 renforcer les.....","og_url":"https:\/\/lequotidien.mr\/?p=24729&lang=fr","og_site_name":"Le Quotidien de Nouakchott","article_publisher":"https:\/\/web.facebook.com\/lequotidienmr","article_published_time":"2025-01-21T10:53:24+00:00","og_image":[{"width":750,"height":430,"url":"https:\/\/lequotidien.mr\/wp-content\/uploads\/2025\/01\/photo-composante-eau.jpg","type":"image\/jpeg"}],"author":"Med Ahmed","twitter_card":"summary_large_image","twitter_creator":"@lequotidienmr","twitter_site":"@lequotidienmr","twitter_misc":{"\u0643\u064f\u062a\u0628 \u0628\u0648\u0627\u0633\u0637\u0629":"Med Ahmed","\u0648\u0642\u062a \u0627\u0644\u0642\u0631\u0627\u0621\u0629 \u0627\u0644\u0645\u064f\u0642\u062f\u0651\u0631":"3 \u062f\u0642\u0627\u0626\u0642"},"schema":{"@context":"https:\/\/schema.org","@graph":[{"@type":"Article","@id":"https:\/\/lequotidien.mr\/?p=24729&lang=fr#article","isPartOf":{"@id":"https:\/\/lequotidien.mr\/?p=24729&lang=fr"},"author":{"name":"Med Ahmed","@id":"https:\/\/lequotidien.mr\/#\/schema\/person\/d2d350202a4d599685ed8abc25f97596"},"headline":"Programme d\u2019urgence pour le d\u00e9veloppement de Nouakchott : Lancement de la composante eau et assainissement","datePublished":"2025-01-21T10:53:24+00:00","mainEntityOfPage":{"@id":"https:\/\/lequotidien.mr\/?p=24729&lang=fr"},"wordCount":570,"commentCount":0,"publisher":{"@id":"https:\/\/lequotidien.mr\/#organization"},"image":{"@id":"https:\/\/lequotidien.mr\/?p=24729&lang=fr#primaryimage"},"thumbnailUrl":"https:\/\/lequotidien.mr\/wp-content\/uploads\/2025\/01\/photo-composante-eau.jpg","articleSection":["ACTUALIT\u00c9","Economie"],"inLanguage":"ar","potentialAction":[{"@type":"CommentAction","name":"Comment","target":["https:\/\/lequotidien.mr\/?p=24729&lang=fr#respond"]}]},{"@type":"WebPage","@id":"https:\/\/lequotidien.mr\/?p=24729&lang=fr","url":"https:\/\/lequotidien.mr\/?p=24729&lang=fr","name":"Programme d\u2019urgence pour le d\u00e9veloppement de Nouakchott : Lancement de la composante eau et assainissement - Le Quotidien de Nouakchott","isPartOf":{"@id":"https:\/\/lequotidien.mr\/#website"},"primaryImageOfPage":{"@id":"https:\/\/lequotidien.mr\/?p=24729&lang=fr#primaryimage"},"image":{"@id":"https:\/\/lequotidien.mr\/?p=24729&lang=fr#primaryimage"},"thumbnailUrl":"https:\/\/lequotidien.mr\/wp-content\/uploads\/2025\/01\/photo-composante-eau.jpg","datePublished":"2025-01-21T10:53:24+00:00","breadcrumb":{"@id":"https:\/\/lequotidien.mr\/?p=24729&lang=fr#breadcrumb"},"inLanguage":"ar","potentialAction":[{"@type":"ReadAction","target":["https:\/\/lequotidien.mr\/?p=24729&lang=fr"]}]},{"@type":"ImageObject","inLanguage":"ar","@id":"https:\/\/lequotidien.mr\/?p=24729&lang=fr#primaryimage","url":"https:\/\/lequotidien.mr\/wp-content\/uploads\/2025\/01\/photo-composante-eau.jpg","contentUrl":"https:\/\/lequotidien.mr\/wp-content\/uploads\/2025\/01\/photo-composante-eau.jpg","width":750,"height":430},{"@type":"BreadcrumbList","@id":"https:\/\/lequotidien.mr\/?p=24729&lang=fr#breadcrumb","itemListElement":[{"@type":"ListItem","position":1,"name":"Home","item":"https:\/\/lequotidien.mr\/"},{"@type":"ListItem","position":2,"name":"Programme d\u2019urgence pour le d\u00e9veloppement de Nouakchott : Lancement de la composante eau et assainissement"}]},{"@type":"WebSite","@id":"https:\/\/lequotidien.mr\/#website","url":"https:\/\/lequotidien.mr\/","name":"Le Quotidien de Nouakchott","description":"\u0625\u062e\u0628\u0627\u0631\u064a\u0629 \u0645\u0633\u062a\u0642\u0644\u0629 \u0644\u0644\u0623\u0646\u0628\u0627\u0621 \u0627\u0644\u0639\u0627\u0645\u0629","publisher":{"@id":"https:\/\/lequotidien.mr\/#organization"},"potentialAction":[{"@type":"SearchAction","target":{"@type":"EntryPoint","urlTemplate":"https:\/\/lequotidien.mr\/?s={search_term_string}"},"query-input":{"@type":"PropertyValueSpecification","valueRequired":true,"valueName":"search_term_string"}}],"inLanguage":"ar"},{"@type":"Organization","@id":"https:\/\/lequotidien.mr\/#organization","name":"Le Quotidien de Nouakchott","url":"https:\/\/lequotidien.mr\/","logo":{"@type":"ImageObject","inLanguage":"ar","@id":"https:\/\/lequotidien.mr\/#\/schema\/logo\/image\/","url":"https:\/\/lequotidien.mr\/wp-content\/uploads\/2022\/11\/logolequotidien.jpg","contentUrl":"https:\/\/lequotidien.mr\/wp-content\/uploads\/2022\/11\/logolequotidien.jpg","width":290,"height":65,"caption":"Le Quotidien de Nouakchott"},"image":{"@id":"https:\/\/lequotidien.mr\/#\/schema\/logo\/image\/"},"sameAs":["https:\/\/web.facebook.com\/lequotidienmr","https:\/\/x.com\/lequotidienmr"]},{"@type":"Person","@id":"https:\/\/lequotidien.mr\/#\/schema\/person\/d2d350202a4d599685ed8abc25f97596","name":"Med Ahmed","image":{"@type":"ImageObject","inLanguage":"ar","@id":"https:\/\/secure.gravatar.com\/avatar\/fd2acc62ed50732923d1d39c17172c9b04149f142be92310ecc69e1358f94b52?s=96&d=mm&r=g","url":"https:\/\/secure.gravatar.com\/avatar\/fd2acc62ed50732923d1d39c17172c9b04149f142be92310ecc69e1358f94b52?s=96&d=mm&r=g","contentUrl":"https:\/\/secure.gravatar.com\/avatar\/fd2acc62ed50732923d1d39c17172c9b04149f142be92310ecc69e1358f94b52?s=96&d=mm&r=g","caption":"Med Ahmed"},"url":"https:\/\/lequotidien.mr\/?author=12"}]}},"_links":{"self":[{"href":"https:\/\/lequotidien.mr\/index.php?rest_route=\/wp\/v2\/posts\/24729","targetHints":{"allow":["GET"]}}],"collection":[{"href":"https:\/\/lequotidien.mr\/index.php?rest_route=\/wp\/v2\/posts"}],"about":[{"href":"https:\/\/lequotidien.mr\/index.php?rest_route=\/wp\/v2\/types\/post"}],"author":[{"embeddable":true,"href":"https:\/\/lequotidien.mr\/index.php?rest_route=\/wp\/v2\/users\/12"}],"replies":[{"embeddable":true,"href":"https:\/\/lequotidien.mr\/index.php?rest_route=%2Fwp%2Fv2%2Fcomments&post=24729"}],"version-history":[{"count":1,"href":"https:\/\/lequotidien.mr\/index.php?rest_route=\/wp\/v2\/posts\/24729\/revisions"}],"predecessor-version":[{"id":24731,"href":"https:\/\/lequotidien.mr\/index.php?rest_route=\/wp\/v2\/posts\/24729\/revisions\/24731"}],"wp:featuredmedia":[{"embeddable":true,"href":"https:\/\/lequotidien.mr\/index.php?rest_route=\/wp\/v2\/media\/24730"}],"wp:attachment":[{"href":"https:\/\/lequotidien.mr\/index.php?rest_route=%2Fwp%2Fv2%2Fmedia&parent=24729"}],"wp:term":[{"taxonomy":"category","embeddable":true,"href":"https:\/\/lequotidien.mr\/index.php?rest_route=%2Fwp%2Fv2%2Fcategories&post=24729"},{"taxonomy":"post_tag","embeddable":true,"href":"https:\/\/lequotidien.mr\/index.php?rest_route=%2Fwp%2Fv2%2Ftags&post=24729"}],"curies":[{"name":"wp","href":"https:\/\/api.w.org\/{rel}","templated":true}]}}