{"id":24726,"date":"2025-01-21T10:34:51","date_gmt":"2025-01-21T10:34:51","guid":{"rendered":"https:\/\/lequotidien.mr\/?p=24726"},"modified":"2025-01-21T10:34:51","modified_gmt":"2025-01-21T10:34:51","slug":"programme-durgence-pour-le-developpement-de-nouakchott-lancement-de-la-composante-education","status":"publish","type":"post","link":"https:\/\/lequotidien.mr\/?p=24726&lang=fr","title":{"rendered":"Programme d&#8217;urgence pour le d\u00e9veloppement de Nouakchott : Lancement de la composante \u00e9ducation"},"content":{"rendered":"<p>Le Pr\u00e9sident de la R\u00e9publique, M. Mohamed Cheikh El Ghazouani, a supervis\u00e9, lundi \u00e0 Nouakchott, le lancement de la <strong>composante \u00e9ducation<\/strong> du programme d&#8217;urgence pour le d\u00e9veloppement de la capitale. Ce volet, dot\u00e9 d&#8217;une enveloppe de <strong>866 millions d&#8217;ouguiyas<\/strong>, vise \u00e0 renforcer les infrastructures \u00e9ducatives, \u00e0 am\u00e9liorer les conditions d&#8217;apprentissage et \u00e0 r\u00e9pondre aux d\u00e9fis du syst\u00e8me \u00e9ducatif, notamment la surpopulation dans les salles de classe.<\/p>\n<p><strong>Une expansion ambitieuse des infrastructures scolaires<\/strong><\/p>\n<p>La composante \u00e9ducation comprend :<\/p>\n<p>-La <strong>construction de 577 salles de classe<\/strong> r\u00e9parties entre <strong>184 \u00e9tablissements<\/strong>, dont <strong>18 enti\u00e8rement nouveaux\u00a0<\/strong>;<\/p>\n<p>-La <strong>r\u00e9habilitation de 875 salles de classe<\/strong> existantes pour am\u00e9liorer leur fonctionnalit\u00e9\u00a0;<\/p>\n<p>-La <strong>construction et la r\u00e9novation d&#8217;annexes<\/strong> pour compl\u00e9ter les infrastructures scolaires.<\/p>\n<p>Ce projet ambitieux vise \u00e0 augmenter les capacit\u00e9s d&#8217;accueil des \u00e9tablissements scolaires tout en rendant les \u00e9coles plus attractives pour les \u00e9l\u00e8ves et le personnel \u00e9ducatif.<\/p>\n<p><strong>Un engagement pour une \u00e9ducation de qualit\u00e9<\/strong><\/p>\n<p>Lors de la c\u00e9r\u00e9monie de lancement, la ministre de l&#8217;\u00c9ducation et de la R\u00e9forme du Syst\u00e8me \u00c9ducatif, Mme Houda Babah, a soulign\u00e9 que cette composante refl\u00e8te la priorit\u00e9 accord\u00e9e par le Pr\u00e9sident de la R\u00e9publique \u00e0 l&#8217;\u00e9ducation, pilier essentiel du d\u00e9veloppement national. . Elle a d\u00e9clar\u00e9 :<\/p>\n<p>\u00ab Ce projet pionnier s&#8217;inscrit dans une vision strat\u00e9gique visant \u00e0 am\u00e9liorer l&#8217;offre \u00e9ducative, \u00e0 accro\u00eetre l&#8217;attractivit\u00e9 des \u00e9tablissements scolaires et \u00e0 relever la qualit\u00e9 des services \u00e9ducatifs. \u00bb<\/p>\n<p>Mme la ministre a \u00e9galement mis en lumi\u00e8re les progr\u00e8s r\u00e9cents r\u00e9alis\u00e9s dans le secteur \u00e9ducatif, parmi lesquels :<\/p>\n<p>-La <strong>construction de plus de 4 000 salles de classe<\/strong> dans tout le pays ces derni\u00e8res ann\u00e9es\u00a0;<\/p>\n<p>-L&#8217;am\u00e9lioration des conditions de vie des enseignants, avec des mesures telles que la cr\u00e9ation d&#8217;un fonds de logement\u00a0;<\/p>\n<p>-La mise \u00e0 jour et le d\u00e9veloppement des programmes scolaires\u00a0;<\/p>\n<p>-La r\u00e9solution des probl\u00e8mes de surpopulation dans les \u00e9coles, gr\u00e2ce \u00e0 une meilleure planification et \u00e0 des infrastructures adapt\u00e9es.<\/p>\n<p>Elle a salu\u00e9 la collaboration entre les diff\u00e9rents partenaires gouvernementaux et leur engagement pour la r\u00e9ussite de ce volet, qui repr\u00e9sente <strong>17 %<\/strong> du programme d&#8217;urgence mondial, t\u00e9moignant ainsi de l&#8217;importance cruciale accord\u00e9e \u00e0 l&#8217;\u00e9ducation.<\/p>\n<p><strong>Une vision tourn\u00e9e vers l&#8217;avenir<\/strong><\/p>\n<p>En plus de r\u00e9pondre aux d\u00e9fis imm\u00e9diats, cette initiative vise \u00e0 poser les bases d&#8217;un syst\u00e8me \u00e9ducatif durable et inclusif. L&#8217;am\u00e9lioration de l&#8217;environnement scolaire, combin\u00e9e \u00e0 une meilleure qualit\u00e9 d&#8217;enseignement, permettra de renforcer la comp\u00e9titivit\u00e9 des jeunes g\u00e9n\u00e9rations et d&#8217;augmenter leur contribution au d\u00e9veloppement du pays.<\/p>\n<p>La composante \u00e9ducation s\u2019inscrit dans le cadre du programme <strong>\u00ab <\/strong>Mon ambition pour la nation<strong> \u00bb<\/strong>, port\u00e9 par le Pr\u00e9sident de la R\u00e9publique, M. Mohamed Cheikh El Ghazouani. Ce programme traduit la volont\u00e9 de moderniser les infrastructures et d\u2019offrir aux citoyens des services publics de qualit\u00e9, tout en pla\u00e7ant l\u2019\u00e9ducation au c\u0153ur des priorit\u00e9s nationales.<\/p>\n<p>Avec ce projet, la ville de Nouakchott se dote de moyens n\u00e9cessaires pour relever les d\u00e9fis du syst\u00e8me \u00e9ducatif et pr\u00e9parer les futures g\u00e9n\u00e9rations \u00e0 participer activement au d\u00e9veloppement \u00e9conomique et social de la Mauritanie.<\/p>\n<p>&nbsp;<\/p>\n","protected":false},"excerpt":{"rendered":"<p>Le Pr\u00e9sident de la R\u00e9publique, M. Mohamed Cheikh El Ghazouani, a supervis\u00e9, lundi \u00e0 Nouakchott, le lancement de la composante \u00e9ducation du programme d&#8217;urgence pour le d\u00e9veloppement de la capitale. Ce volet, dot\u00e9 d&#8217;une enveloppe de 866 millions d&#8217;ouguiyas, vise \u00e0 renforcer les infrastructures \u00e9ducatives, \u00e0 am\u00e9liorer les conditions d&#8217;apprentissage et \u00e0 r\u00e9pondre aux d\u00e9fis&#8230;..<\/p>\n","protected":false},"author":12,"featured_media":24727,"comment_status":"open","ping_status":"open","sticky":false,"template":"","format":"standard","meta":{"footnotes":""},"categories":[23,55],"tags":[],"class_list":["post-24726","post","type-post","status-publish","format-standard","has-post-thumbnail","hentry","category-actualite","category-culture"],"yoast_head":"<!-- This site is optimized with the Yoast SEO plugin v27.5 - https:\/\/yoast.com\/product\/yoast-seo-wordpress\/ -->\n<title>Programme d&#039;urgence pour le d\u00e9veloppement de Nouakchott : Lancement de la composante \u00e9ducation - Le Quotidien de Nouakchott<\/title>\n<meta name=\"robots\" content=\"index, follow, max-snippet:-1, max-image-preview:large, max-video-preview:-1\" \/>\n<link rel=\"canonical\" href=\"https:\/\/lequotidien.mr\/?p=24726&lang=fr\" \/>\n<meta property=\"og:locale\" content=\"ar_AR\" \/>\n<meta property=\"og:type\" content=\"article\" \/>\n<meta property=\"og:title\" content=\"Programme d&#039;urgence pour le d\u00e9veloppement de Nouakchott : Lancement de la composante \u00e9ducation - Le Quotidien de Nouakchott\" \/>\n<meta property=\"og:description\" content=\"Le Pr\u00e9sident de la R\u00e9publique, M. Mohamed Cheikh El Ghazouani, a supervis\u00e9, lundi \u00e0 Nouakchott, le lancement de la composante \u00e9ducation du programme d&#8217;urgence pour le d\u00e9veloppement de la capitale. Ce volet, dot\u00e9 d&#8217;une enveloppe de 866 millions d&#8217;ouguiyas, vise \u00e0 renforcer les infrastructures \u00e9ducatives, \u00e0 am\u00e9liorer les conditions d&#8217;apprentissage et \u00e0 r\u00e9pondre aux d\u00e9fis.....\" \/>\n<meta property=\"og:url\" content=\"https:\/\/lequotidien.mr\/?p=24726&amp;lang=fr\" \/>\n<meta property=\"og:site_name\" content=\"Le Quotidien de Nouakchott\" \/>\n<meta property=\"article:publisher\" content=\"https:\/\/web.facebook.com\/lequotidienmr\" \/>\n<meta property=\"article:published_time\" content=\"2025-01-21T10:34:51+00:00\" \/>\n<meta property=\"og:image\" content=\"https:\/\/lequotidien.mr\/wp-content\/uploads\/2025\/01\/photo-composante-education.jpg\" \/>\n\t<meta property=\"og:image:width\" content=\"750\" \/>\n\t<meta property=\"og:image:height\" content=\"430\" \/>\n\t<meta property=\"og:image:type\" content=\"image\/jpeg\" \/>\n<meta name=\"author\" content=\"Med Ahmed\" \/>\n<meta name=\"twitter:card\" content=\"summary_large_image\" \/>\n<meta name=\"twitter:creator\" content=\"@lequotidienmr\" \/>\n<meta name=\"twitter:site\" content=\"@lequotidienmr\" \/>\n<meta name=\"twitter:label1\" content=\"\u0643\u064f\u062a\u0628 \u0628\u0648\u0627\u0633\u0637\u0629\" \/>\n\t<meta name=\"twitter:data1\" content=\"Med Ahmed\" \/>\n\t<meta name=\"twitter:label2\" content=\"\u0648\u0642\u062a \u0627\u0644\u0642\u0631\u0627\u0621\u0629 \u0627\u0644\u0645\u064f\u0642\u062f\u0651\u0631\" \/>\n\t<meta name=\"twitter:data2\" content=\"3 \u062f\u0642\u0627\u0626\u0642\" \/>\n<script type=\"application\/ld+json\" class=\"yoast-schema-graph\">{\"@context\":\"https:\\\/\\\/schema.org\",\"@graph\":[{\"@type\":\"Article\",\"@id\":\"https:\\\/\\\/lequotidien.mr\\\/?p=24726&lang=fr#article\",\"isPartOf\":{\"@id\":\"https:\\\/\\\/lequotidien.mr\\\/?p=24726&lang=fr\"},\"author\":{\"name\":\"Med Ahmed\",\"@id\":\"https:\\\/\\\/lequotidien.mr\\\/#\\\/schema\\\/person\\\/d2d350202a4d599685ed8abc25f97596\"},\"headline\":\"Programme d&#8217;urgence pour le d\u00e9veloppement de Nouakchott : Lancement de la composante \u00e9ducation\",\"datePublished\":\"2025-01-21T10:34:51+00:00\",\"mainEntityOfPage\":{\"@id\":\"https:\\\/\\\/lequotidien.mr\\\/?p=24726&lang=fr\"},\"wordCount\":560,\"commentCount\":0,\"publisher\":{\"@id\":\"https:\\\/\\\/lequotidien.mr\\\/#organization\"},\"image\":{\"@id\":\"https:\\\/\\\/lequotidien.mr\\\/?p=24726&lang=fr#primaryimage\"},\"thumbnailUrl\":\"https:\\\/\\\/lequotidien.mr\\\/wp-content\\\/uploads\\\/2025\\\/01\\\/photo-composante-education.jpg\",\"articleSection\":[\"ACTUALIT\u00c9\",\"Culture\"],\"inLanguage\":\"ar\",\"potentialAction\":[{\"@type\":\"CommentAction\",\"name\":\"Comment\",\"target\":[\"https:\\\/\\\/lequotidien.mr\\\/?p=24726&lang=fr#respond\"]}]},{\"@type\":\"WebPage\",\"@id\":\"https:\\\/\\\/lequotidien.mr\\\/?p=24726&lang=fr\",\"url\":\"https:\\\/\\\/lequotidien.mr\\\/?p=24726&lang=fr\",\"name\":\"Programme d'urgence pour le d\u00e9veloppement de Nouakchott : Lancement de la composante \u00e9ducation - Le Quotidien de Nouakchott\",\"isPartOf\":{\"@id\":\"https:\\\/\\\/lequotidien.mr\\\/#website\"},\"primaryImageOfPage\":{\"@id\":\"https:\\\/\\\/lequotidien.mr\\\/?p=24726&lang=fr#primaryimage\"},\"image\":{\"@id\":\"https:\\\/\\\/lequotidien.mr\\\/?p=24726&lang=fr#primaryimage\"},\"thumbnailUrl\":\"https:\\\/\\\/lequotidien.mr\\\/wp-content\\\/uploads\\\/2025\\\/01\\\/photo-composante-education.jpg\",\"datePublished\":\"2025-01-21T10:34:51+00:00\",\"breadcrumb\":{\"@id\":\"https:\\\/\\\/lequotidien.mr\\\/?p=24726&lang=fr#breadcrumb\"},\"inLanguage\":\"ar\",\"potentialAction\":[{\"@type\":\"ReadAction\",\"target\":[\"https:\\\/\\\/lequotidien.mr\\\/?p=24726&lang=fr\"]}]},{\"@type\":\"ImageObject\",\"inLanguage\":\"ar\",\"@id\":\"https:\\\/\\\/lequotidien.mr\\\/?p=24726&lang=fr#primaryimage\",\"url\":\"https:\\\/\\\/lequotidien.mr\\\/wp-content\\\/uploads\\\/2025\\\/01\\\/photo-composante-education.jpg\",\"contentUrl\":\"https:\\\/\\\/lequotidien.mr\\\/wp-content\\\/uploads\\\/2025\\\/01\\\/photo-composante-education.jpg\",\"width\":750,\"height\":430},{\"@type\":\"BreadcrumbList\",\"@id\":\"https:\\\/\\\/lequotidien.mr\\\/?p=24726&lang=fr#breadcrumb\",\"itemListElement\":[{\"@type\":\"ListItem\",\"position\":1,\"name\":\"Home\",\"item\":\"https:\\\/\\\/lequotidien.mr\\\/\"},{\"@type\":\"ListItem\",\"position\":2,\"name\":\"Programme d&#8217;urgence pour le d\u00e9veloppement de Nouakchott : Lancement de la composante \u00e9ducation\"}]},{\"@type\":\"WebSite\",\"@id\":\"https:\\\/\\\/lequotidien.mr\\\/#website\",\"url\":\"https:\\\/\\\/lequotidien.mr\\\/\",\"name\":\"Le Quotidien de Nouakchott\",\"description\":\"\u0625\u062e\u0628\u0627\u0631\u064a\u0629 \u0645\u0633\u062a\u0642\u0644\u0629 \u0644\u0644\u0623\u0646\u0628\u0627\u0621 \u0627\u0644\u0639\u0627\u0645\u0629\",\"publisher\":{\"@id\":\"https:\\\/\\\/lequotidien.mr\\\/#organization\"},\"potentialAction\":[{\"@type\":\"SearchAction\",\"target\":{\"@type\":\"EntryPoint\",\"urlTemplate\":\"https:\\\/\\\/lequotidien.mr\\\/?s={search_term_string}\"},\"query-input\":{\"@type\":\"PropertyValueSpecification\",\"valueRequired\":true,\"valueName\":\"search_term_string\"}}],\"inLanguage\":\"ar\"},{\"@type\":\"Organization\",\"@id\":\"https:\\\/\\\/lequotidien.mr\\\/#organization\",\"name\":\"Le Quotidien de Nouakchott\",\"url\":\"https:\\\/\\\/lequotidien.mr\\\/\",\"logo\":{\"@type\":\"ImageObject\",\"inLanguage\":\"ar\",\"@id\":\"https:\\\/\\\/lequotidien.mr\\\/#\\\/schema\\\/logo\\\/image\\\/\",\"url\":\"https:\\\/\\\/lequotidien.mr\\\/wp-content\\\/uploads\\\/2022\\\/11\\\/logolequotidien.jpg\",\"contentUrl\":\"https:\\\/\\\/lequotidien.mr\\\/wp-content\\\/uploads\\\/2022\\\/11\\\/logolequotidien.jpg\",\"width\":290,\"height\":65,\"caption\":\"Le Quotidien de Nouakchott\"},\"image\":{\"@id\":\"https:\\\/\\\/lequotidien.mr\\\/#\\\/schema\\\/logo\\\/image\\\/\"},\"sameAs\":[\"https:\\\/\\\/web.facebook.com\\\/lequotidienmr\",\"https:\\\/\\\/x.com\\\/lequotidienmr\"]},{\"@type\":\"Person\",\"@id\":\"https:\\\/\\\/lequotidien.mr\\\/#\\\/schema\\\/person\\\/d2d350202a4d599685ed8abc25f97596\",\"name\":\"Med Ahmed\",\"image\":{\"@type\":\"ImageObject\",\"inLanguage\":\"ar\",\"@id\":\"https:\\\/\\\/secure.gravatar.com\\\/avatar\\\/fd2acc62ed50732923d1d39c17172c9b04149f142be92310ecc69e1358f94b52?s=96&d=mm&r=g\",\"url\":\"https:\\\/\\\/secure.gravatar.com\\\/avatar\\\/fd2acc62ed50732923d1d39c17172c9b04149f142be92310ecc69e1358f94b52?s=96&d=mm&r=g\",\"contentUrl\":\"https:\\\/\\\/secure.gravatar.com\\\/avatar\\\/fd2acc62ed50732923d1d39c17172c9b04149f142be92310ecc69e1358f94b52?s=96&d=mm&r=g\",\"caption\":\"Med Ahmed\"},\"url\":\"https:\\\/\\\/lequotidien.mr\\\/?author=12\"}]}<\/script>\n<!-- \/ Yoast SEO plugin. -->","yoast_head_json":{"title":"Programme d'urgence pour le d\u00e9veloppement de Nouakchott : Lancement de la composante \u00e9ducation - Le Quotidien de Nouakchott","robots":{"index":"index","follow":"follow","max-snippet":"max-snippet:-1","max-image-preview":"max-image-preview:large","max-video-preview":"max-video-preview:-1"},"canonical":"https:\/\/lequotidien.mr\/?p=24726&lang=fr","og_locale":"ar_AR","og_type":"article","og_title":"Programme d'urgence pour le d\u00e9veloppement de Nouakchott : Lancement de la composante \u00e9ducation - Le Quotidien de Nouakchott","og_description":"Le Pr\u00e9sident de la R\u00e9publique, M. Mohamed Cheikh El Ghazouani, a supervis\u00e9, lundi \u00e0 Nouakchott, le lancement de la composante \u00e9ducation du programme d&#8217;urgence pour le d\u00e9veloppement de la capitale. Ce volet, dot\u00e9 d&#8217;une enveloppe de 866 millions d&#8217;ouguiyas, vise \u00e0 renforcer les infrastructures \u00e9ducatives, \u00e0 am\u00e9liorer les conditions d&#8217;apprentissage et \u00e0 r\u00e9pondre aux d\u00e9fis.....","og_url":"https:\/\/lequotidien.mr\/?p=24726&lang=fr","og_site_name":"Le Quotidien de Nouakchott","article_publisher":"https:\/\/web.facebook.com\/lequotidienmr","article_published_time":"2025-01-21T10:34:51+00:00","og_image":[{"width":750,"height":430,"url":"https:\/\/lequotidien.mr\/wp-content\/uploads\/2025\/01\/photo-composante-education.jpg","type":"image\/jpeg"}],"author":"Med Ahmed","twitter_card":"summary_large_image","twitter_creator":"@lequotidienmr","twitter_site":"@lequotidienmr","twitter_misc":{"\u0643\u064f\u062a\u0628 \u0628\u0648\u0627\u0633\u0637\u0629":"Med Ahmed","\u0648\u0642\u062a \u0627\u0644\u0642\u0631\u0627\u0621\u0629 \u0627\u0644\u0645\u064f\u0642\u062f\u0651\u0631":"3 \u062f\u0642\u0627\u0626\u0642"},"schema":{"@context":"https:\/\/schema.org","@graph":[{"@type":"Article","@id":"https:\/\/lequotidien.mr\/?p=24726&lang=fr#article","isPartOf":{"@id":"https:\/\/lequotidien.mr\/?p=24726&lang=fr"},"author":{"name":"Med Ahmed","@id":"https:\/\/lequotidien.mr\/#\/schema\/person\/d2d350202a4d599685ed8abc25f97596"},"headline":"Programme d&#8217;urgence pour le d\u00e9veloppement de Nouakchott : Lancement de la composante \u00e9ducation","datePublished":"2025-01-21T10:34:51+00:00","mainEntityOfPage":{"@id":"https:\/\/lequotidien.mr\/?p=24726&lang=fr"},"wordCount":560,"commentCount":0,"publisher":{"@id":"https:\/\/lequotidien.mr\/#organization"},"image":{"@id":"https:\/\/lequotidien.mr\/?p=24726&lang=fr#primaryimage"},"thumbnailUrl":"https:\/\/lequotidien.mr\/wp-content\/uploads\/2025\/01\/photo-composante-education.jpg","articleSection":["ACTUALIT\u00c9","Culture"],"inLanguage":"ar","potentialAction":[{"@type":"CommentAction","name":"Comment","target":["https:\/\/lequotidien.mr\/?p=24726&lang=fr#respond"]}]},{"@type":"WebPage","@id":"https:\/\/lequotidien.mr\/?p=24726&lang=fr","url":"https:\/\/lequotidien.mr\/?p=24726&lang=fr","name":"Programme d'urgence pour le d\u00e9veloppement de Nouakchott : Lancement de la composante \u00e9ducation - Le Quotidien de Nouakchott","isPartOf":{"@id":"https:\/\/lequotidien.mr\/#website"},"primaryImageOfPage":{"@id":"https:\/\/lequotidien.mr\/?p=24726&lang=fr#primaryimage"},"image":{"@id":"https:\/\/lequotidien.mr\/?p=24726&lang=fr#primaryimage"},"thumbnailUrl":"https:\/\/lequotidien.mr\/wp-content\/uploads\/2025\/01\/photo-composante-education.jpg","datePublished":"2025-01-21T10:34:51+00:00","breadcrumb":{"@id":"https:\/\/lequotidien.mr\/?p=24726&lang=fr#breadcrumb"},"inLanguage":"ar","potentialAction":[{"@type":"ReadAction","target":["https:\/\/lequotidien.mr\/?p=24726&lang=fr"]}]},{"@type":"ImageObject","inLanguage":"ar","@id":"https:\/\/lequotidien.mr\/?p=24726&lang=fr#primaryimage","url":"https:\/\/lequotidien.mr\/wp-content\/uploads\/2025\/01\/photo-composante-education.jpg","contentUrl":"https:\/\/lequotidien.mr\/wp-content\/uploads\/2025\/01\/photo-composante-education.jpg","width":750,"height":430},{"@type":"BreadcrumbList","@id":"https:\/\/lequotidien.mr\/?p=24726&lang=fr#breadcrumb","itemListElement":[{"@type":"ListItem","position":1,"name":"Home","item":"https:\/\/lequotidien.mr\/"},{"@type":"ListItem","position":2,"name":"Programme d&#8217;urgence pour le d\u00e9veloppement de Nouakchott : Lancement de la composante \u00e9ducation"}]},{"@type":"WebSite","@id":"https:\/\/lequotidien.mr\/#website","url":"https:\/\/lequotidien.mr\/","name":"Le Quotidien de Nouakchott","description":"\u0625\u062e\u0628\u0627\u0631\u064a\u0629 \u0645\u0633\u062a\u0642\u0644\u0629 \u0644\u0644\u0623\u0646\u0628\u0627\u0621 \u0627\u0644\u0639\u0627\u0645\u0629","publisher":{"@id":"https:\/\/lequotidien.mr\/#organization"},"potentialAction":[{"@type":"SearchAction","target":{"@type":"EntryPoint","urlTemplate":"https:\/\/lequotidien.mr\/?s={search_term_string}"},"query-input":{"@type":"PropertyValueSpecification","valueRequired":true,"valueName":"search_term_string"}}],"inLanguage":"ar"},{"@type":"Organization","@id":"https:\/\/lequotidien.mr\/#organization","name":"Le Quotidien de Nouakchott","url":"https:\/\/lequotidien.mr\/","logo":{"@type":"ImageObject","inLanguage":"ar","@id":"https:\/\/lequotidien.mr\/#\/schema\/logo\/image\/","url":"https:\/\/lequotidien.mr\/wp-content\/uploads\/2022\/11\/logolequotidien.jpg","contentUrl":"https:\/\/lequotidien.mr\/wp-content\/uploads\/2022\/11\/logolequotidien.jpg","width":290,"height":65,"caption":"Le Quotidien de Nouakchott"},"image":{"@id":"https:\/\/lequotidien.mr\/#\/schema\/logo\/image\/"},"sameAs":["https:\/\/web.facebook.com\/lequotidienmr","https:\/\/x.com\/lequotidienmr"]},{"@type":"Person","@id":"https:\/\/lequotidien.mr\/#\/schema\/person\/d2d350202a4d599685ed8abc25f97596","name":"Med Ahmed","image":{"@type":"ImageObject","inLanguage":"ar","@id":"https:\/\/secure.gravatar.com\/avatar\/fd2acc62ed50732923d1d39c17172c9b04149f142be92310ecc69e1358f94b52?s=96&d=mm&r=g","url":"https:\/\/secure.gravatar.com\/avatar\/fd2acc62ed50732923d1d39c17172c9b04149f142be92310ecc69e1358f94b52?s=96&d=mm&r=g","contentUrl":"https:\/\/secure.gravatar.com\/avatar\/fd2acc62ed50732923d1d39c17172c9b04149f142be92310ecc69e1358f94b52?s=96&d=mm&r=g","caption":"Med Ahmed"},"url":"https:\/\/lequotidien.mr\/?author=12"}]}},"_links":{"self":[{"href":"https:\/\/lequotidien.mr\/index.php?rest_route=\/wp\/v2\/posts\/24726","targetHints":{"allow":["GET"]}}],"collection":[{"href":"https:\/\/lequotidien.mr\/index.php?rest_route=\/wp\/v2\/posts"}],"about":[{"href":"https:\/\/lequotidien.mr\/index.php?rest_route=\/wp\/v2\/types\/post"}],"author":[{"embeddable":true,"href":"https:\/\/lequotidien.mr\/index.php?rest_route=\/wp\/v2\/users\/12"}],"replies":[{"embeddable":true,"href":"https:\/\/lequotidien.mr\/index.php?rest_route=%2Fwp%2Fv2%2Fcomments&post=24726"}],"version-history":[{"count":1,"href":"https:\/\/lequotidien.mr\/index.php?rest_route=\/wp\/v2\/posts\/24726\/revisions"}],"predecessor-version":[{"id":24728,"href":"https:\/\/lequotidien.mr\/index.php?rest_route=\/wp\/v2\/posts\/24726\/revisions\/24728"}],"wp:featuredmedia":[{"embeddable":true,"href":"https:\/\/lequotidien.mr\/index.php?rest_route=\/wp\/v2\/media\/24727"}],"wp:attachment":[{"href":"https:\/\/lequotidien.mr\/index.php?rest_route=%2Fwp%2Fv2%2Fmedia&parent=24726"}],"wp:term":[{"taxonomy":"category","embeddable":true,"href":"https:\/\/lequotidien.mr\/index.php?rest_route=%2Fwp%2Fv2%2Fcategories&post=24726"},{"taxonomy":"post_tag","embeddable":true,"href":"https:\/\/lequotidien.mr\/index.php?rest_route=%2Fwp%2Fv2%2Ftags&post=24726"}],"curies":[{"name":"wp","href":"https:\/\/api.w.org\/{rel}","templated":true}]}}