{"id":24722,"date":"2025-01-21T10:19:12","date_gmt":"2025-01-21T10:19:12","guid":{"rendered":"https:\/\/lequotidien.mr\/?p=24722"},"modified":"2025-01-21T10:19:12","modified_gmt":"2025-01-21T10:19:12","slug":"programme-durgence-pour-le-developpement-de-nouakchott-lancement-de-la-composante-acces-a-lelectricite-et-a-leclairage-public","status":"publish","type":"post","link":"https:\/\/lequotidien.mr\/?p=24722&lang=fr","title":{"rendered":"Programme d&#8217;urgence pour le d\u00e9veloppement de Nouakchott : Lancement de la composante acc\u00e8s \u00e0 l&#8217;\u00e9lectricit\u00e9 et \u00e0 l&#8217;\u00e9clairage public"},"content":{"rendered":"<p>Le Pr\u00e9sident de la R\u00e9publique, M. Mohamed Cheikh El Ghazouani, a supervis\u00e9, lundi, dans la moughataa de Teyaret (wilaya de Nouakchott-Nord), le lancement de la composante <strong>acc\u00e8s \u00e0 l&#8217;\u00e9lectricit\u00e9 et \u00e0 l&#8217;\u00e9clairage public<\/strong> du programme d\u2019urgence pour le d\u00e9veloppement de Nouakchott. Cette initiative, financ\u00e9e par l&#8217;\u00c9tat pour un montant de <strong>5,261 milliards d&#8217;ouguiyas anciennes<\/strong> , marque une \u00e9tape cruciale pour moderniser les infrastructures \u00e9lectriques de la capitale.<\/p>\n<p><strong>Un programme pour une \u00e9lectrification acc\u00e9l\u00e9r\u00e9e<\/strong><\/p>\n<p>La composante vise \u00e0 connecter <strong>30 000 nouveaux abonn\u00e9s<\/strong> au r\u00e9seau \u00e9lectrique, contribuant ainsi \u00e0 une augmentation significative de l&#8217;acc\u00e8s \u00e0 l&#8217;\u00e9lectricit\u00e9 \u00e0 Nouakchott. Cela permettra \u00e9galement de r\u00e9duire la surcharge sur les \u00e9quipements, de limiter les d\u00e9lestages et d&#8217;am\u00e9liorer la qualit\u00e9 des services.<\/p>\n<p>Le projet, mis en \u0153uvre par la <strong>Soci\u00e9t\u00e9 mauritanienne d&#8217;\u00e9lectricit\u00e9 (SOMELEC)<\/strong>, pr\u00e9voit :<\/p>\n<p><strong>-Le renforcement des infrastructures<\/strong> : mise \u00e0 niveau des postes de transformation, r\u00e9habilitation du r\u00e9seau moyenne tension (33 kV) et renouvellement des \u00e9quipements d&#8217;interconnexion \u00e9lectrique dans plusieurs zones.<\/p>\n<p><strong>-La modernisation des r\u00e9seaux<\/strong> : remplacement de 40 kilom\u00e8tres de c\u00e2bles obsol\u00e8tes, construction de 150 kilom\u00e8tres de lignes basse tension et installation de 40 nouveaux transformateurs.<\/p>\n<p><strong>-L\u2019am\u00e9lioration de l&#8217;\u00e9clairage public<\/strong> : construction de 112 kilom\u00e8tres d&#8217;\u00e9clairage dans les neuf moughataas de Nouakchott et installation de 14 unit\u00e9s d&#8217;\u00e9clairage sur les principaux axes routiers.<\/p>\n<p>Ces travaux s&#8217;inscrivent dans une vision plus large visant \u00e0 assurer la souverainet\u00e9 \u00e9nerg\u00e9tique et \u00e0 moderniser les infrastructures \u00e9lectriques pour r\u00e9pondre \u00e0 une demande croissante, estim\u00e9e \u00e0 <strong>10 % par an<\/strong>.<\/p>\n<p><strong>Un soutien strat\u00e9gique au d\u00e9veloppement \u00e9nerg\u00e9tique<\/strong><\/p>\n<p>Lors de la c\u00e9r\u00e9monie, le ministre de l&#8217;\u00c9nergie et du P\u00e9trole, M. Mohamed Khaled, a rappel\u00e9 que ce projet s&#8217;inscrit dans le cadre du programme pr\u00e9sidentiel <strong>\u00ab <\/strong>Mon ambition pour la nation<strong> \u00bb<\/strong>, qui met l&#8217;accent sur l&#8217; des services essentiels pour les citoyens.<\/p>\n<p>Depuis 2019, des progr\u00e8s significatifs ont \u00e9t\u00e9 r\u00e9alis\u00e9s dans le secteur \u00e9nerg\u00e9tique, notamment :<\/p>\n<p>-Un <strong>mix \u00e9nerg\u00e9tique<\/strong> atteignant 48 %, gr\u00e2ce \u00e0 l&#8217;int\u00e9gration accumul\u00e9e des \u00e9nergies renouvelables ;<\/p>\n<p>-La construction de nouvelles centrales \u00e9lectriques, dont une centrale solaire de 60 m\u00e9gawatts avec stockage par batterie et une centrale hybride au nord de Nouakchott ;<\/p>\n<p>-La mise en \u0153uvre du programme de restructuration de la SOMELEC pour renforcer les performances techniques et la gestion du r\u00e9seau.<\/p>\n<p>Le ministre a \u00e9galement annonc\u00e9 des projets majeurs en cours, tels que les lignes d&#8217;interconnexion \u00e9lectrique Nouakchott-Zouerate et Nouakchott-N\u00e9ma, ainsi qu&#8217;une nouvelle centrale \u00e0 gaz de 225 m\u00e9gawatts \u00e0 Ndiago.<\/p>\n<p><strong>Une vision pour une capitale moderne<\/strong><\/p>\n<p>Le volet acc\u00e8s \u00e0 l&#8217;\u00e9lectricit\u00e9 et \u00e0 l&#8217;\u00e9clairage public s&#8217;accompagne d&#8217;un programme plus ambitieux, \u00e9valu\u00e9 \u00e0 <strong>13 milliards d&#8217;ouguiyas anciennes<\/strong>, qui transformera durablement le r\u00e9seau \u00e9lectrique de Nouakchott. Ce projet renforcera les principaux centres de commutation, alimentera les zones p\u00e9riph\u00e9riques et les centres de consommation strat\u00e9giques, tels que le champ de captage d&#8217;Idini.<\/p>\n<p>La c\u00e9r\u00e9monie de lancement s&#8217;est d\u00e9roul\u00e9e en pr\u00e9sence de nombreuses personnalit\u00e9s, dont le Premier ministre M. Moctar Djay, des membres du gouvernement, des chefs des corps militaires et de s\u00e9curit\u00e9, ainsi que des repr\u00e9sentants du corps diplomatique.<\/p>\n<p>Avec ce projet, le gouvernement mauritanien renforce son engagement \u00e0 moderniser Nouakchott en r\u00e9pondant aux besoins \u00e9nerg\u00e9tiques croissants de la population. Ce programme d&#8217;urgence marque une avanc\u00e9e significative dans la transformation de la capitale en une m\u00e9tropole moderne, dot\u00e9e d&#8217;infrastructures r\u00e9silientes et d&#8217;un cadre de vie am\u00e9lior\u00e9 pour ses habitants.<\/p>\n<p>&nbsp;<\/p>\n","protected":false},"excerpt":{"rendered":"<p>Le Pr\u00e9sident de la R\u00e9publique, M. Mohamed Cheikh El Ghazouani, a supervis\u00e9, lundi, dans la moughataa de Teyaret (wilaya de Nouakchott-Nord), le lancement de la composante acc\u00e8s \u00e0 l&#8217;\u00e9lectricit\u00e9 et \u00e0 l&#8217;\u00e9clairage public du programme d\u2019urgence pour le d\u00e9veloppement de Nouakchott. Cette initiative, financ\u00e9e par l&#8217;\u00c9tat pour un montant de 5,261 milliards d&#8217;ouguiyas anciennes ,&#8230;..<\/p>\n","protected":false},"author":12,"featured_media":24723,"comment_status":"open","ping_status":"open","sticky":false,"template":"","format":"standard","meta":{"footnotes":""},"categories":[23,49],"tags":[],"class_list":["post-24722","post","type-post","status-publish","format-standard","has-post-thumbnail","hentry","category-actualite","category-economie"],"yoast_head":"<!-- This site is optimized with the Yoast SEO plugin v27.5 - https:\/\/yoast.com\/product\/yoast-seo-wordpress\/ -->\n<title>Programme d&#039;urgence pour le d\u00e9veloppement de Nouakchott : Lancement de la composante acc\u00e8s \u00e0 l&#039;\u00e9lectricit\u00e9 et \u00e0 l&#039;\u00e9clairage public - Le Quotidien de Nouakchott<\/title>\n<meta name=\"robots\" content=\"index, follow, max-snippet:-1, max-image-preview:large, max-video-preview:-1\" \/>\n<link rel=\"canonical\" href=\"https:\/\/lequotidien.mr\/?p=24722&lang=fr\" \/>\n<meta property=\"og:locale\" content=\"ar_AR\" \/>\n<meta property=\"og:type\" content=\"article\" \/>\n<meta property=\"og:title\" content=\"Programme d&#039;urgence pour le d\u00e9veloppement de Nouakchott : Lancement de la composante acc\u00e8s \u00e0 l&#039;\u00e9lectricit\u00e9 et \u00e0 l&#039;\u00e9clairage public - Le Quotidien de Nouakchott\" \/>\n<meta property=\"og:description\" content=\"Le Pr\u00e9sident de la R\u00e9publique, M. Mohamed Cheikh El Ghazouani, a supervis\u00e9, lundi, dans la moughataa de Teyaret (wilaya de Nouakchott-Nord), le lancement de la composante acc\u00e8s \u00e0 l&#8217;\u00e9lectricit\u00e9 et \u00e0 l&#8217;\u00e9clairage public du programme d\u2019urgence pour le d\u00e9veloppement de Nouakchott. Cette initiative, financ\u00e9e par l&#8217;\u00c9tat pour un montant de 5,261 milliards d&#8217;ouguiyas anciennes ,.....\" \/>\n<meta property=\"og:url\" content=\"https:\/\/lequotidien.mr\/?p=24722&amp;lang=fr\" \/>\n<meta property=\"og:site_name\" content=\"Le Quotidien de Nouakchott\" \/>\n<meta property=\"article:publisher\" content=\"https:\/\/web.facebook.com\/lequotidienmr\" \/>\n<meta property=\"article:published_time\" content=\"2025-01-21T10:19:12+00:00\" \/>\n<meta property=\"og:image\" content=\"https:\/\/lequotidien.mr\/wp-content\/uploads\/2025\/01\/photo-composante-electricite.jpg\" \/>\n\t<meta property=\"og:image:width\" content=\"750\" \/>\n\t<meta property=\"og:image:height\" content=\"430\" \/>\n\t<meta property=\"og:image:type\" content=\"image\/jpeg\" \/>\n<meta name=\"author\" content=\"Med Ahmed\" \/>\n<meta name=\"twitter:card\" content=\"summary_large_image\" \/>\n<meta name=\"twitter:creator\" content=\"@lequotidienmr\" \/>\n<meta name=\"twitter:site\" content=\"@lequotidienmr\" \/>\n<meta name=\"twitter:label1\" content=\"\u0643\u064f\u062a\u0628 \u0628\u0648\u0627\u0633\u0637\u0629\" \/>\n\t<meta name=\"twitter:data1\" content=\"Med Ahmed\" \/>\n\t<meta name=\"twitter:label2\" content=\"\u0648\u0642\u062a \u0627\u0644\u0642\u0631\u0627\u0621\u0629 \u0627\u0644\u0645\u064f\u0642\u062f\u0651\u0631\" \/>\n\t<meta name=\"twitter:data2\" content=\"3 \u062f\u0642\u0627\u0626\u0642\" \/>\n<script type=\"application\/ld+json\" class=\"yoast-schema-graph\">{\"@context\":\"https:\\\/\\\/schema.org\",\"@graph\":[{\"@type\":\"Article\",\"@id\":\"https:\\\/\\\/lequotidien.mr\\\/?p=24722&lang=fr#article\",\"isPartOf\":{\"@id\":\"https:\\\/\\\/lequotidien.mr\\\/?p=24722&lang=fr\"},\"author\":{\"name\":\"Med Ahmed\",\"@id\":\"https:\\\/\\\/lequotidien.mr\\\/#\\\/schema\\\/person\\\/d2d350202a4d599685ed8abc25f97596\"},\"headline\":\"Programme d&#8217;urgence pour le d\u00e9veloppement de Nouakchott : Lancement de la composante acc\u00e8s \u00e0 l&#8217;\u00e9lectricit\u00e9 et \u00e0 l&#8217;\u00e9clairage public\",\"datePublished\":\"2025-01-21T10:19:12+00:00\",\"mainEntityOfPage\":{\"@id\":\"https:\\\/\\\/lequotidien.mr\\\/?p=24722&lang=fr\"},\"wordCount\":620,\"commentCount\":0,\"publisher\":{\"@id\":\"https:\\\/\\\/lequotidien.mr\\\/#organization\"},\"image\":{\"@id\":\"https:\\\/\\\/lequotidien.mr\\\/?p=24722&lang=fr#primaryimage\"},\"thumbnailUrl\":\"https:\\\/\\\/lequotidien.mr\\\/wp-content\\\/uploads\\\/2025\\\/01\\\/photo-composante-electricite.jpg\",\"articleSection\":[\"ACTUALIT\u00c9\",\"Economie\"],\"inLanguage\":\"ar\",\"potentialAction\":[{\"@type\":\"CommentAction\",\"name\":\"Comment\",\"target\":[\"https:\\\/\\\/lequotidien.mr\\\/?p=24722&lang=fr#respond\"]}]},{\"@type\":\"WebPage\",\"@id\":\"https:\\\/\\\/lequotidien.mr\\\/?p=24722&lang=fr\",\"url\":\"https:\\\/\\\/lequotidien.mr\\\/?p=24722&lang=fr\",\"name\":\"Programme d'urgence pour le d\u00e9veloppement de Nouakchott : Lancement de la composante acc\u00e8s \u00e0 l'\u00e9lectricit\u00e9 et \u00e0 l'\u00e9clairage public - Le Quotidien de Nouakchott\",\"isPartOf\":{\"@id\":\"https:\\\/\\\/lequotidien.mr\\\/#website\"},\"primaryImageOfPage\":{\"@id\":\"https:\\\/\\\/lequotidien.mr\\\/?p=24722&lang=fr#primaryimage\"},\"image\":{\"@id\":\"https:\\\/\\\/lequotidien.mr\\\/?p=24722&lang=fr#primaryimage\"},\"thumbnailUrl\":\"https:\\\/\\\/lequotidien.mr\\\/wp-content\\\/uploads\\\/2025\\\/01\\\/photo-composante-electricite.jpg\",\"datePublished\":\"2025-01-21T10:19:12+00:00\",\"breadcrumb\":{\"@id\":\"https:\\\/\\\/lequotidien.mr\\\/?p=24722&lang=fr#breadcrumb\"},\"inLanguage\":\"ar\",\"potentialAction\":[{\"@type\":\"ReadAction\",\"target\":[\"https:\\\/\\\/lequotidien.mr\\\/?p=24722&lang=fr\"]}]},{\"@type\":\"ImageObject\",\"inLanguage\":\"ar\",\"@id\":\"https:\\\/\\\/lequotidien.mr\\\/?p=24722&lang=fr#primaryimage\",\"url\":\"https:\\\/\\\/lequotidien.mr\\\/wp-content\\\/uploads\\\/2025\\\/01\\\/photo-composante-electricite.jpg\",\"contentUrl\":\"https:\\\/\\\/lequotidien.mr\\\/wp-content\\\/uploads\\\/2025\\\/01\\\/photo-composante-electricite.jpg\",\"width\":750,\"height\":430},{\"@type\":\"BreadcrumbList\",\"@id\":\"https:\\\/\\\/lequotidien.mr\\\/?p=24722&lang=fr#breadcrumb\",\"itemListElement\":[{\"@type\":\"ListItem\",\"position\":1,\"name\":\"Home\",\"item\":\"https:\\\/\\\/lequotidien.mr\\\/\"},{\"@type\":\"ListItem\",\"position\":2,\"name\":\"Programme d&#8217;urgence pour le d\u00e9veloppement de Nouakchott : Lancement de la composante acc\u00e8s \u00e0 l&#8217;\u00e9lectricit\u00e9 et \u00e0 l&#8217;\u00e9clairage public\"}]},{\"@type\":\"WebSite\",\"@id\":\"https:\\\/\\\/lequotidien.mr\\\/#website\",\"url\":\"https:\\\/\\\/lequotidien.mr\\\/\",\"name\":\"Le Quotidien de Nouakchott\",\"description\":\"\u0625\u062e\u0628\u0627\u0631\u064a\u0629 \u0645\u0633\u062a\u0642\u0644\u0629 \u0644\u0644\u0623\u0646\u0628\u0627\u0621 \u0627\u0644\u0639\u0627\u0645\u0629\",\"publisher\":{\"@id\":\"https:\\\/\\\/lequotidien.mr\\\/#organization\"},\"potentialAction\":[{\"@type\":\"SearchAction\",\"target\":{\"@type\":\"EntryPoint\",\"urlTemplate\":\"https:\\\/\\\/lequotidien.mr\\\/?s={search_term_string}\"},\"query-input\":{\"@type\":\"PropertyValueSpecification\",\"valueRequired\":true,\"valueName\":\"search_term_string\"}}],\"inLanguage\":\"ar\"},{\"@type\":\"Organization\",\"@id\":\"https:\\\/\\\/lequotidien.mr\\\/#organization\",\"name\":\"Le Quotidien de Nouakchott\",\"url\":\"https:\\\/\\\/lequotidien.mr\\\/\",\"logo\":{\"@type\":\"ImageObject\",\"inLanguage\":\"ar\",\"@id\":\"https:\\\/\\\/lequotidien.mr\\\/#\\\/schema\\\/logo\\\/image\\\/\",\"url\":\"https:\\\/\\\/lequotidien.mr\\\/wp-content\\\/uploads\\\/2022\\\/11\\\/logolequotidien.jpg\",\"contentUrl\":\"https:\\\/\\\/lequotidien.mr\\\/wp-content\\\/uploads\\\/2022\\\/11\\\/logolequotidien.jpg\",\"width\":290,\"height\":65,\"caption\":\"Le Quotidien de Nouakchott\"},\"image\":{\"@id\":\"https:\\\/\\\/lequotidien.mr\\\/#\\\/schema\\\/logo\\\/image\\\/\"},\"sameAs\":[\"https:\\\/\\\/web.facebook.com\\\/lequotidienmr\",\"https:\\\/\\\/x.com\\\/lequotidienmr\"]},{\"@type\":\"Person\",\"@id\":\"https:\\\/\\\/lequotidien.mr\\\/#\\\/schema\\\/person\\\/d2d350202a4d599685ed8abc25f97596\",\"name\":\"Med Ahmed\",\"image\":{\"@type\":\"ImageObject\",\"inLanguage\":\"ar\",\"@id\":\"https:\\\/\\\/secure.gravatar.com\\\/avatar\\\/fd2acc62ed50732923d1d39c17172c9b04149f142be92310ecc69e1358f94b52?s=96&d=mm&r=g\",\"url\":\"https:\\\/\\\/secure.gravatar.com\\\/avatar\\\/fd2acc62ed50732923d1d39c17172c9b04149f142be92310ecc69e1358f94b52?s=96&d=mm&r=g\",\"contentUrl\":\"https:\\\/\\\/secure.gravatar.com\\\/avatar\\\/fd2acc62ed50732923d1d39c17172c9b04149f142be92310ecc69e1358f94b52?s=96&d=mm&r=g\",\"caption\":\"Med Ahmed\"},\"url\":\"https:\\\/\\\/lequotidien.mr\\\/?author=12\"}]}<\/script>\n<!-- \/ Yoast SEO plugin. -->","yoast_head_json":{"title":"Programme d'urgence pour le d\u00e9veloppement de Nouakchott : Lancement de la composante acc\u00e8s \u00e0 l'\u00e9lectricit\u00e9 et \u00e0 l'\u00e9clairage public - Le Quotidien de Nouakchott","robots":{"index":"index","follow":"follow","max-snippet":"max-snippet:-1","max-image-preview":"max-image-preview:large","max-video-preview":"max-video-preview:-1"},"canonical":"https:\/\/lequotidien.mr\/?p=24722&lang=fr","og_locale":"ar_AR","og_type":"article","og_title":"Programme d'urgence pour le d\u00e9veloppement de Nouakchott : Lancement de la composante acc\u00e8s \u00e0 l'\u00e9lectricit\u00e9 et \u00e0 l'\u00e9clairage public - Le Quotidien de Nouakchott","og_description":"Le Pr\u00e9sident de la R\u00e9publique, M. Mohamed Cheikh El Ghazouani, a supervis\u00e9, lundi, dans la moughataa de Teyaret (wilaya de Nouakchott-Nord), le lancement de la composante acc\u00e8s \u00e0 l&#8217;\u00e9lectricit\u00e9 et \u00e0 l&#8217;\u00e9clairage public du programme d\u2019urgence pour le d\u00e9veloppement de Nouakchott. Cette initiative, financ\u00e9e par l&#8217;\u00c9tat pour un montant de 5,261 milliards d&#8217;ouguiyas anciennes ,.....","og_url":"https:\/\/lequotidien.mr\/?p=24722&lang=fr","og_site_name":"Le Quotidien de Nouakchott","article_publisher":"https:\/\/web.facebook.com\/lequotidienmr","article_published_time":"2025-01-21T10:19:12+00:00","og_image":[{"width":750,"height":430,"url":"https:\/\/lequotidien.mr\/wp-content\/uploads\/2025\/01\/photo-composante-electricite.jpg","type":"image\/jpeg"}],"author":"Med Ahmed","twitter_card":"summary_large_image","twitter_creator":"@lequotidienmr","twitter_site":"@lequotidienmr","twitter_misc":{"\u0643\u064f\u062a\u0628 \u0628\u0648\u0627\u0633\u0637\u0629":"Med Ahmed","\u0648\u0642\u062a \u0627\u0644\u0642\u0631\u0627\u0621\u0629 \u0627\u0644\u0645\u064f\u0642\u062f\u0651\u0631":"3 \u062f\u0642\u0627\u0626\u0642"},"schema":{"@context":"https:\/\/schema.org","@graph":[{"@type":"Article","@id":"https:\/\/lequotidien.mr\/?p=24722&lang=fr#article","isPartOf":{"@id":"https:\/\/lequotidien.mr\/?p=24722&lang=fr"},"author":{"name":"Med Ahmed","@id":"https:\/\/lequotidien.mr\/#\/schema\/person\/d2d350202a4d599685ed8abc25f97596"},"headline":"Programme d&#8217;urgence pour le d\u00e9veloppement de Nouakchott : Lancement de la composante acc\u00e8s \u00e0 l&#8217;\u00e9lectricit\u00e9 et \u00e0 l&#8217;\u00e9clairage public","datePublished":"2025-01-21T10:19:12+00:00","mainEntityOfPage":{"@id":"https:\/\/lequotidien.mr\/?p=24722&lang=fr"},"wordCount":620,"commentCount":0,"publisher":{"@id":"https:\/\/lequotidien.mr\/#organization"},"image":{"@id":"https:\/\/lequotidien.mr\/?p=24722&lang=fr#primaryimage"},"thumbnailUrl":"https:\/\/lequotidien.mr\/wp-content\/uploads\/2025\/01\/photo-composante-electricite.jpg","articleSection":["ACTUALIT\u00c9","Economie"],"inLanguage":"ar","potentialAction":[{"@type":"CommentAction","name":"Comment","target":["https:\/\/lequotidien.mr\/?p=24722&lang=fr#respond"]}]},{"@type":"WebPage","@id":"https:\/\/lequotidien.mr\/?p=24722&lang=fr","url":"https:\/\/lequotidien.mr\/?p=24722&lang=fr","name":"Programme d'urgence pour le d\u00e9veloppement de Nouakchott : Lancement de la composante acc\u00e8s \u00e0 l'\u00e9lectricit\u00e9 et \u00e0 l'\u00e9clairage public - Le Quotidien de Nouakchott","isPartOf":{"@id":"https:\/\/lequotidien.mr\/#website"},"primaryImageOfPage":{"@id":"https:\/\/lequotidien.mr\/?p=24722&lang=fr#primaryimage"},"image":{"@id":"https:\/\/lequotidien.mr\/?p=24722&lang=fr#primaryimage"},"thumbnailUrl":"https:\/\/lequotidien.mr\/wp-content\/uploads\/2025\/01\/photo-composante-electricite.jpg","datePublished":"2025-01-21T10:19:12+00:00","breadcrumb":{"@id":"https:\/\/lequotidien.mr\/?p=24722&lang=fr#breadcrumb"},"inLanguage":"ar","potentialAction":[{"@type":"ReadAction","target":["https:\/\/lequotidien.mr\/?p=24722&lang=fr"]}]},{"@type":"ImageObject","inLanguage":"ar","@id":"https:\/\/lequotidien.mr\/?p=24722&lang=fr#primaryimage","url":"https:\/\/lequotidien.mr\/wp-content\/uploads\/2025\/01\/photo-composante-electricite.jpg","contentUrl":"https:\/\/lequotidien.mr\/wp-content\/uploads\/2025\/01\/photo-composante-electricite.jpg","width":750,"height":430},{"@type":"BreadcrumbList","@id":"https:\/\/lequotidien.mr\/?p=24722&lang=fr#breadcrumb","itemListElement":[{"@type":"ListItem","position":1,"name":"Home","item":"https:\/\/lequotidien.mr\/"},{"@type":"ListItem","position":2,"name":"Programme d&#8217;urgence pour le d\u00e9veloppement de Nouakchott : Lancement de la composante acc\u00e8s \u00e0 l&#8217;\u00e9lectricit\u00e9 et \u00e0 l&#8217;\u00e9clairage public"}]},{"@type":"WebSite","@id":"https:\/\/lequotidien.mr\/#website","url":"https:\/\/lequotidien.mr\/","name":"Le Quotidien de Nouakchott","description":"\u0625\u062e\u0628\u0627\u0631\u064a\u0629 \u0645\u0633\u062a\u0642\u0644\u0629 \u0644\u0644\u0623\u0646\u0628\u0627\u0621 \u0627\u0644\u0639\u0627\u0645\u0629","publisher":{"@id":"https:\/\/lequotidien.mr\/#organization"},"potentialAction":[{"@type":"SearchAction","target":{"@type":"EntryPoint","urlTemplate":"https:\/\/lequotidien.mr\/?s={search_term_string}"},"query-input":{"@type":"PropertyValueSpecification","valueRequired":true,"valueName":"search_term_string"}}],"inLanguage":"ar"},{"@type":"Organization","@id":"https:\/\/lequotidien.mr\/#organization","name":"Le Quotidien de Nouakchott","url":"https:\/\/lequotidien.mr\/","logo":{"@type":"ImageObject","inLanguage":"ar","@id":"https:\/\/lequotidien.mr\/#\/schema\/logo\/image\/","url":"https:\/\/lequotidien.mr\/wp-content\/uploads\/2022\/11\/logolequotidien.jpg","contentUrl":"https:\/\/lequotidien.mr\/wp-content\/uploads\/2022\/11\/logolequotidien.jpg","width":290,"height":65,"caption":"Le Quotidien de Nouakchott"},"image":{"@id":"https:\/\/lequotidien.mr\/#\/schema\/logo\/image\/"},"sameAs":["https:\/\/web.facebook.com\/lequotidienmr","https:\/\/x.com\/lequotidienmr"]},{"@type":"Person","@id":"https:\/\/lequotidien.mr\/#\/schema\/person\/d2d350202a4d599685ed8abc25f97596","name":"Med Ahmed","image":{"@type":"ImageObject","inLanguage":"ar","@id":"https:\/\/secure.gravatar.com\/avatar\/fd2acc62ed50732923d1d39c17172c9b04149f142be92310ecc69e1358f94b52?s=96&d=mm&r=g","url":"https:\/\/secure.gravatar.com\/avatar\/fd2acc62ed50732923d1d39c17172c9b04149f142be92310ecc69e1358f94b52?s=96&d=mm&r=g","contentUrl":"https:\/\/secure.gravatar.com\/avatar\/fd2acc62ed50732923d1d39c17172c9b04149f142be92310ecc69e1358f94b52?s=96&d=mm&r=g","caption":"Med Ahmed"},"url":"https:\/\/lequotidien.mr\/?author=12"}]}},"_links":{"self":[{"href":"https:\/\/lequotidien.mr\/index.php?rest_route=\/wp\/v2\/posts\/24722","targetHints":{"allow":["GET"]}}],"collection":[{"href":"https:\/\/lequotidien.mr\/index.php?rest_route=\/wp\/v2\/posts"}],"about":[{"href":"https:\/\/lequotidien.mr\/index.php?rest_route=\/wp\/v2\/types\/post"}],"author":[{"embeddable":true,"href":"https:\/\/lequotidien.mr\/index.php?rest_route=\/wp\/v2\/users\/12"}],"replies":[{"embeddable":true,"href":"https:\/\/lequotidien.mr\/index.php?rest_route=%2Fwp%2Fv2%2Fcomments&post=24722"}],"version-history":[{"count":2,"href":"https:\/\/lequotidien.mr\/index.php?rest_route=\/wp\/v2\/posts\/24722\/revisions"}],"predecessor-version":[{"id":24725,"href":"https:\/\/lequotidien.mr\/index.php?rest_route=\/wp\/v2\/posts\/24722\/revisions\/24725"}],"wp:featuredmedia":[{"embeddable":true,"href":"https:\/\/lequotidien.mr\/index.php?rest_route=\/wp\/v2\/media\/24723"}],"wp:attachment":[{"href":"https:\/\/lequotidien.mr\/index.php?rest_route=%2Fwp%2Fv2%2Fmedia&parent=24722"}],"wp:term":[{"taxonomy":"category","embeddable":true,"href":"https:\/\/lequotidien.mr\/index.php?rest_route=%2Fwp%2Fv2%2Fcategories&post=24722"},{"taxonomy":"post_tag","embeddable":true,"href":"https:\/\/lequotidien.mr\/index.php?rest_route=%2Fwp%2Fv2%2Ftags&post=24722"}],"curies":[{"name":"wp","href":"https:\/\/api.w.org\/{rel}","templated":true}]}}