{"id":24716,"date":"2025-01-21T09:55:25","date_gmt":"2025-01-21T09:55:25","guid":{"rendered":"https:\/\/lequotidien.mr\/?p=24716"},"modified":"2025-01-21T09:55:25","modified_gmt":"2025-01-21T09:55:25","slug":"programme-durgence-pour-le-developpement-de-nouakchott-lancement-du-volet-environnement","status":"publish","type":"post","link":"https:\/\/lequotidien.mr\/?p=24716&lang=fr","title":{"rendered":"Programme d\u2019urgence pour le d\u00e9veloppement de Nouakchott : Lancement du volet environnement"},"content":{"rendered":"<p>Le Pr\u00e9sident de la R\u00e9publique, M. Mohamed Cheikh El Ghazouani, a pr\u00e9sid\u00e9, lundi \u00e0 Nouakchott, la c\u00e9r\u00e9monie de lancement du <strong>volet environnement<\/strong> du programme d&#8217;urgence pour le d\u00e9veloppement de la capitale. Ce volet ambitieux vise \u00e0 renforcer la r\u00e9silience \u00e9cologique de Nouakchott, \u00e0 promouvoir des pratiques durables et \u00e0 att\u00e9nuer les effets du changement climatique.<\/p>\n<p><strong>Une vision pour un d\u00e9veloppement durable<\/strong><\/p>\n<p>Le Pr\u00e9sident de la R\u00e9publique a assist\u00e9 \u00e0 une pr\u00e9sentation d\u00e9taill\u00e9e sur les axes principaux de cette composante, ses m\u00e9canismes d&#8217;ex\u00e9cution et son impact attendu sur la protection de l&#8217;environnement. Parmi les mesures phares, figurent :<\/p>\n<p>-L&#8217;\u00e9valuation environnementale des sites cl\u00e9s de Nouakchott ;<\/p>\n<p>-La transformation de quatre mares en espaces de loisirs ;<\/p>\n<p>-L&#8217;activation de sites de production de plantes dans les p\u00e9pini\u00e8res de Tensweilem et au kilom\u00e8tre 17 sur la route de Rosso ;<\/p>\n<p>-La cr\u00e9ation d&#8217;un espace vert dans chacune des neuf communes de Nouakchott ;<\/p>\n<p>-Le reboisement de trois b\u00e2timents administratifs dans chaque commune ;<\/p>\n<p>-La plantation d&#8217;arbres et le d\u00e9veloppement d&#8217;un parc public dans le secteur 4 de la ceinture verte de Nouakchott ;<\/p>\n<p>-Le lancement de campagnes de sensibilisation sur la gestion des d\u00e9chets urbains et l&#8217;achat de conteneurs pour le tri des d\u00e9chets.<\/p>\n<p><strong>Un engagement minist\u00e9riel fort<\/strong><\/p>\n<p>Dans son discours, la ministre de l&#8217;Environnement et du D\u00e9veloppement durable, Mme Massouda Baham Mohamed Laghdaf, a soulign\u00e9 que la strat\u00e9gie environnementale inscrite dans le programme pr\u00e9sidentiel de M. Mohamed Cheikh El Ghazouani constitue une r\u00e9f\u00e9rence en mati\u00e8re de d\u00e9veloppement durable.<\/p>\n<p>Elle a rappel\u00e9 que ces derni\u00e8res ann\u00e9es, la Mauritanie a accompli des avanc\u00e9es notables dans le domaine environnemental, notamment :<\/p>\n<p>-L&#8217;adoption de lois telles que celle sur la police de l&#8217;environnement et la mise \u00e0 jour du cadre juridique de la gouvernance \u00e9cologique ;<\/p>\n<p>-La cr\u00e9ation de r\u00e9serves naturelles dans plusieurs wilayas ;<\/p>\n<p>-La restauration de milliers d&#8217;hectares de terres d\u00e9grad\u00e9es, la stabilisation des dunes de sable et l&#8217;ensemencement a\u00e9rien ;<\/p>\n<p>-La mise en place d&#8217;une \u00e9quipe mobile de surveillance de l&#8217;environnement et l&#8217;ouverture de milliers de kilom\u00e8tres de lignes de protection contre les incendies.<\/p>\n<p>La ministre a \u00e9galement insist\u00e9 sur l&#8217;importance de cette composante environnementale, qui r\u00e9pond aux d\u00e9fis de durabilit\u00e9 \u00e0 travers la gestion des d\u00e9chets solides urbains, la lutte contre la pollution et l&#8217;am\u00e9nagement de sites aquatiques \u00e0 forte valeur \u00e9cologique.<\/p>\n<p><strong>Une contribution r\u00e9gionale significative<\/strong><\/p>\n<p>Lors de la c\u00e9r\u00e9monie, Mme Fatimetou Abdel Malek, Pr\u00e9sidente du Conseil r\u00e9gional de Nouakchott, a pr\u00e9sent\u00e9 les initiatives pr\u00e9vues par la r\u00e9gion pour accompagner ce programme. Elle a annonc\u00e9 la cr\u00e9ation de deux lacs artificiels et d\u2019un Monument de la Nation, un projet alliant modernit\u00e9 et tradition, destin\u00e9 \u00e0 devenir un point d\u2019attraction touristique et r\u00e9cr\u00e9ative pour la capitale.<\/p>\n<p>Avec ce lancement, le gouvernement mauritanien affirme son ambition de faire de Nouakchott une ville verte et durable, capable de relever les d\u00e9fis environnementaux contemporains tout en am\u00e9liorant le cadre de vie de ses habitants.<\/p>\n<p>En int\u00e9grant ces initiatives \u00e0 une vision globale pour le d\u00e9veloppement durable, le volet environnement du programme d\u2019urgence marque une avanc\u00e9e significative vers une Mauritanie plus r\u00e9siliente face au changement climatique et plus respectueuse de son patrimoine naturel.<\/p>\n","protected":false},"excerpt":{"rendered":"<p>Le Pr\u00e9sident de la R\u00e9publique, M. Mohamed Cheikh El Ghazouani, a pr\u00e9sid\u00e9, lundi \u00e0 Nouakchott, la c\u00e9r\u00e9monie de lancement du volet environnement du programme d&#8217;urgence pour le d\u00e9veloppement de la capitale. Ce volet ambitieux vise \u00e0 renforcer la r\u00e9silience \u00e9cologique de Nouakchott, \u00e0 promouvoir des pratiques durables et \u00e0 att\u00e9nuer les effets du changement climatique&#8230;&#8230;<\/p>\n","protected":false},"author":12,"featured_media":24718,"comment_status":"open","ping_status":"open","sticky":false,"template":"","format":"standard","meta":{"footnotes":""},"categories":[23,49],"tags":[],"class_list":["post-24716","post","type-post","status-publish","format-standard","has-post-thumbnail","hentry","category-actualite","category-economie"],"yoast_head":"<!-- This site is optimized with the Yoast SEO plugin v27.5 - https:\/\/yoast.com\/product\/yoast-seo-wordpress\/ -->\n<title>Programme d\u2019urgence pour le d\u00e9veloppement de Nouakchott : Lancement du volet environnement - Le Quotidien de Nouakchott<\/title>\n<meta name=\"robots\" content=\"index, follow, max-snippet:-1, max-image-preview:large, max-video-preview:-1\" \/>\n<link rel=\"canonical\" href=\"https:\/\/lequotidien.mr\/?p=24716&lang=fr\" \/>\n<meta property=\"og:locale\" content=\"ar_AR\" \/>\n<meta property=\"og:type\" content=\"article\" \/>\n<meta property=\"og:title\" content=\"Programme d\u2019urgence pour le d\u00e9veloppement de Nouakchott : Lancement du volet environnement - Le Quotidien de Nouakchott\" \/>\n<meta property=\"og:description\" content=\"Le Pr\u00e9sident de la R\u00e9publique, M. Mohamed Cheikh El Ghazouani, a pr\u00e9sid\u00e9, lundi \u00e0 Nouakchott, la c\u00e9r\u00e9monie de lancement du volet environnement du programme d&#8217;urgence pour le d\u00e9veloppement de la capitale. Ce volet ambitieux vise \u00e0 renforcer la r\u00e9silience \u00e9cologique de Nouakchott, \u00e0 promouvoir des pratiques durables et \u00e0 att\u00e9nuer les effets du changement climatique......\" \/>\n<meta property=\"og:url\" content=\"https:\/\/lequotidien.mr\/?p=24716&amp;lang=fr\" \/>\n<meta property=\"og:site_name\" content=\"Le Quotidien de Nouakchott\" \/>\n<meta property=\"article:publisher\" content=\"https:\/\/web.facebook.com\/lequotidienmr\" \/>\n<meta property=\"article:published_time\" content=\"2025-01-21T09:55:25+00:00\" \/>\n<meta property=\"og:image\" content=\"https:\/\/lequotidien.mr\/wp-content\/uploads\/2025\/01\/photo-composante-environnement.jpg\" \/>\n\t<meta property=\"og:image:width\" content=\"750\" \/>\n\t<meta property=\"og:image:height\" content=\"430\" \/>\n\t<meta property=\"og:image:type\" content=\"image\/jpeg\" \/>\n<meta name=\"author\" content=\"Med Ahmed\" \/>\n<meta name=\"twitter:card\" content=\"summary_large_image\" \/>\n<meta name=\"twitter:creator\" content=\"@lequotidienmr\" \/>\n<meta name=\"twitter:site\" content=\"@lequotidienmr\" \/>\n<meta name=\"twitter:label1\" content=\"\u0643\u064f\u062a\u0628 \u0628\u0648\u0627\u0633\u0637\u0629\" \/>\n\t<meta name=\"twitter:data1\" content=\"Med Ahmed\" \/>\n\t<meta name=\"twitter:label2\" content=\"\u0648\u0642\u062a \u0627\u0644\u0642\u0631\u0627\u0621\u0629 \u0627\u0644\u0645\u064f\u0642\u062f\u0651\u0631\" \/>\n\t<meta name=\"twitter:data2\" content=\"3 \u062f\u0642\u0627\u0626\u0642\" \/>\n<script type=\"application\/ld+json\" class=\"yoast-schema-graph\">{\"@context\":\"https:\\\/\\\/schema.org\",\"@graph\":[{\"@type\":\"Article\",\"@id\":\"https:\\\/\\\/lequotidien.mr\\\/?p=24716&lang=fr#article\",\"isPartOf\":{\"@id\":\"https:\\\/\\\/lequotidien.mr\\\/?p=24716&lang=fr\"},\"author\":{\"name\":\"Med Ahmed\",\"@id\":\"https:\\\/\\\/lequotidien.mr\\\/#\\\/schema\\\/person\\\/d2d350202a4d599685ed8abc25f97596\"},\"headline\":\"Programme d\u2019urgence pour le d\u00e9veloppement de Nouakchott : Lancement du volet environnement\",\"datePublished\":\"2025-01-21T09:55:25+00:00\",\"mainEntityOfPage\":{\"@id\":\"https:\\\/\\\/lequotidien.mr\\\/?p=24716&lang=fr\"},\"wordCount\":591,\"commentCount\":0,\"publisher\":{\"@id\":\"https:\\\/\\\/lequotidien.mr\\\/#organization\"},\"image\":{\"@id\":\"https:\\\/\\\/lequotidien.mr\\\/?p=24716&lang=fr#primaryimage\"},\"thumbnailUrl\":\"https:\\\/\\\/lequotidien.mr\\\/wp-content\\\/uploads\\\/2025\\\/01\\\/photo-composante-environnement.jpg\",\"articleSection\":[\"ACTUALIT\u00c9\",\"Economie\"],\"inLanguage\":\"ar\",\"potentialAction\":[{\"@type\":\"CommentAction\",\"name\":\"Comment\",\"target\":[\"https:\\\/\\\/lequotidien.mr\\\/?p=24716&lang=fr#respond\"]}]},{\"@type\":\"WebPage\",\"@id\":\"https:\\\/\\\/lequotidien.mr\\\/?p=24716&lang=fr\",\"url\":\"https:\\\/\\\/lequotidien.mr\\\/?p=24716&lang=fr\",\"name\":\"Programme d\u2019urgence pour le d\u00e9veloppement de Nouakchott : Lancement du volet environnement - Le Quotidien de Nouakchott\",\"isPartOf\":{\"@id\":\"https:\\\/\\\/lequotidien.mr\\\/#website\"},\"primaryImageOfPage\":{\"@id\":\"https:\\\/\\\/lequotidien.mr\\\/?p=24716&lang=fr#primaryimage\"},\"image\":{\"@id\":\"https:\\\/\\\/lequotidien.mr\\\/?p=24716&lang=fr#primaryimage\"},\"thumbnailUrl\":\"https:\\\/\\\/lequotidien.mr\\\/wp-content\\\/uploads\\\/2025\\\/01\\\/photo-composante-environnement.jpg\",\"datePublished\":\"2025-01-21T09:55:25+00:00\",\"breadcrumb\":{\"@id\":\"https:\\\/\\\/lequotidien.mr\\\/?p=24716&lang=fr#breadcrumb\"},\"inLanguage\":\"ar\",\"potentialAction\":[{\"@type\":\"ReadAction\",\"target\":[\"https:\\\/\\\/lequotidien.mr\\\/?p=24716&lang=fr\"]}]},{\"@type\":\"ImageObject\",\"inLanguage\":\"ar\",\"@id\":\"https:\\\/\\\/lequotidien.mr\\\/?p=24716&lang=fr#primaryimage\",\"url\":\"https:\\\/\\\/lequotidien.mr\\\/wp-content\\\/uploads\\\/2025\\\/01\\\/photo-composante-environnement.jpg\",\"contentUrl\":\"https:\\\/\\\/lequotidien.mr\\\/wp-content\\\/uploads\\\/2025\\\/01\\\/photo-composante-environnement.jpg\",\"width\":750,\"height\":430},{\"@type\":\"BreadcrumbList\",\"@id\":\"https:\\\/\\\/lequotidien.mr\\\/?p=24716&lang=fr#breadcrumb\",\"itemListElement\":[{\"@type\":\"ListItem\",\"position\":1,\"name\":\"Home\",\"item\":\"https:\\\/\\\/lequotidien.mr\\\/\"},{\"@type\":\"ListItem\",\"position\":2,\"name\":\"Programme d\u2019urgence pour le d\u00e9veloppement de Nouakchott : Lancement du volet environnement\"}]},{\"@type\":\"WebSite\",\"@id\":\"https:\\\/\\\/lequotidien.mr\\\/#website\",\"url\":\"https:\\\/\\\/lequotidien.mr\\\/\",\"name\":\"Le Quotidien de Nouakchott\",\"description\":\"\u0625\u062e\u0628\u0627\u0631\u064a\u0629 \u0645\u0633\u062a\u0642\u0644\u0629 \u0644\u0644\u0623\u0646\u0628\u0627\u0621 \u0627\u0644\u0639\u0627\u0645\u0629\",\"publisher\":{\"@id\":\"https:\\\/\\\/lequotidien.mr\\\/#organization\"},\"potentialAction\":[{\"@type\":\"SearchAction\",\"target\":{\"@type\":\"EntryPoint\",\"urlTemplate\":\"https:\\\/\\\/lequotidien.mr\\\/?s={search_term_string}\"},\"query-input\":{\"@type\":\"PropertyValueSpecification\",\"valueRequired\":true,\"valueName\":\"search_term_string\"}}],\"inLanguage\":\"ar\"},{\"@type\":\"Organization\",\"@id\":\"https:\\\/\\\/lequotidien.mr\\\/#organization\",\"name\":\"Le Quotidien de Nouakchott\",\"url\":\"https:\\\/\\\/lequotidien.mr\\\/\",\"logo\":{\"@type\":\"ImageObject\",\"inLanguage\":\"ar\",\"@id\":\"https:\\\/\\\/lequotidien.mr\\\/#\\\/schema\\\/logo\\\/image\\\/\",\"url\":\"https:\\\/\\\/lequotidien.mr\\\/wp-content\\\/uploads\\\/2022\\\/11\\\/logolequotidien.jpg\",\"contentUrl\":\"https:\\\/\\\/lequotidien.mr\\\/wp-content\\\/uploads\\\/2022\\\/11\\\/logolequotidien.jpg\",\"width\":290,\"height\":65,\"caption\":\"Le Quotidien de Nouakchott\"},\"image\":{\"@id\":\"https:\\\/\\\/lequotidien.mr\\\/#\\\/schema\\\/logo\\\/image\\\/\"},\"sameAs\":[\"https:\\\/\\\/web.facebook.com\\\/lequotidienmr\",\"https:\\\/\\\/x.com\\\/lequotidienmr\"]},{\"@type\":\"Person\",\"@id\":\"https:\\\/\\\/lequotidien.mr\\\/#\\\/schema\\\/person\\\/d2d350202a4d599685ed8abc25f97596\",\"name\":\"Med Ahmed\",\"image\":{\"@type\":\"ImageObject\",\"inLanguage\":\"ar\",\"@id\":\"https:\\\/\\\/secure.gravatar.com\\\/avatar\\\/fd2acc62ed50732923d1d39c17172c9b04149f142be92310ecc69e1358f94b52?s=96&d=mm&r=g\",\"url\":\"https:\\\/\\\/secure.gravatar.com\\\/avatar\\\/fd2acc62ed50732923d1d39c17172c9b04149f142be92310ecc69e1358f94b52?s=96&d=mm&r=g\",\"contentUrl\":\"https:\\\/\\\/secure.gravatar.com\\\/avatar\\\/fd2acc62ed50732923d1d39c17172c9b04149f142be92310ecc69e1358f94b52?s=96&d=mm&r=g\",\"caption\":\"Med Ahmed\"},\"url\":\"https:\\\/\\\/lequotidien.mr\\\/?author=12\"}]}<\/script>\n<!-- \/ Yoast SEO plugin. -->","yoast_head_json":{"title":"Programme d\u2019urgence pour le d\u00e9veloppement de Nouakchott : Lancement du volet environnement - Le Quotidien de Nouakchott","robots":{"index":"index","follow":"follow","max-snippet":"max-snippet:-1","max-image-preview":"max-image-preview:large","max-video-preview":"max-video-preview:-1"},"canonical":"https:\/\/lequotidien.mr\/?p=24716&lang=fr","og_locale":"ar_AR","og_type":"article","og_title":"Programme d\u2019urgence pour le d\u00e9veloppement de Nouakchott : Lancement du volet environnement - Le Quotidien de Nouakchott","og_description":"Le Pr\u00e9sident de la R\u00e9publique, M. Mohamed Cheikh El Ghazouani, a pr\u00e9sid\u00e9, lundi \u00e0 Nouakchott, la c\u00e9r\u00e9monie de lancement du volet environnement du programme d&#8217;urgence pour le d\u00e9veloppement de la capitale. Ce volet ambitieux vise \u00e0 renforcer la r\u00e9silience \u00e9cologique de Nouakchott, \u00e0 promouvoir des pratiques durables et \u00e0 att\u00e9nuer les effets du changement climatique......","og_url":"https:\/\/lequotidien.mr\/?p=24716&lang=fr","og_site_name":"Le Quotidien de Nouakchott","article_publisher":"https:\/\/web.facebook.com\/lequotidienmr","article_published_time":"2025-01-21T09:55:25+00:00","og_image":[{"width":750,"height":430,"url":"https:\/\/lequotidien.mr\/wp-content\/uploads\/2025\/01\/photo-composante-environnement.jpg","type":"image\/jpeg"}],"author":"Med Ahmed","twitter_card":"summary_large_image","twitter_creator":"@lequotidienmr","twitter_site":"@lequotidienmr","twitter_misc":{"\u0643\u064f\u062a\u0628 \u0628\u0648\u0627\u0633\u0637\u0629":"Med Ahmed","\u0648\u0642\u062a \u0627\u0644\u0642\u0631\u0627\u0621\u0629 \u0627\u0644\u0645\u064f\u0642\u062f\u0651\u0631":"3 \u062f\u0642\u0627\u0626\u0642"},"schema":{"@context":"https:\/\/schema.org","@graph":[{"@type":"Article","@id":"https:\/\/lequotidien.mr\/?p=24716&lang=fr#article","isPartOf":{"@id":"https:\/\/lequotidien.mr\/?p=24716&lang=fr"},"author":{"name":"Med Ahmed","@id":"https:\/\/lequotidien.mr\/#\/schema\/person\/d2d350202a4d599685ed8abc25f97596"},"headline":"Programme d\u2019urgence pour le d\u00e9veloppement de Nouakchott : Lancement du volet environnement","datePublished":"2025-01-21T09:55:25+00:00","mainEntityOfPage":{"@id":"https:\/\/lequotidien.mr\/?p=24716&lang=fr"},"wordCount":591,"commentCount":0,"publisher":{"@id":"https:\/\/lequotidien.mr\/#organization"},"image":{"@id":"https:\/\/lequotidien.mr\/?p=24716&lang=fr#primaryimage"},"thumbnailUrl":"https:\/\/lequotidien.mr\/wp-content\/uploads\/2025\/01\/photo-composante-environnement.jpg","articleSection":["ACTUALIT\u00c9","Economie"],"inLanguage":"ar","potentialAction":[{"@type":"CommentAction","name":"Comment","target":["https:\/\/lequotidien.mr\/?p=24716&lang=fr#respond"]}]},{"@type":"WebPage","@id":"https:\/\/lequotidien.mr\/?p=24716&lang=fr","url":"https:\/\/lequotidien.mr\/?p=24716&lang=fr","name":"Programme d\u2019urgence pour le d\u00e9veloppement de Nouakchott : Lancement du volet environnement - Le Quotidien de Nouakchott","isPartOf":{"@id":"https:\/\/lequotidien.mr\/#website"},"primaryImageOfPage":{"@id":"https:\/\/lequotidien.mr\/?p=24716&lang=fr#primaryimage"},"image":{"@id":"https:\/\/lequotidien.mr\/?p=24716&lang=fr#primaryimage"},"thumbnailUrl":"https:\/\/lequotidien.mr\/wp-content\/uploads\/2025\/01\/photo-composante-environnement.jpg","datePublished":"2025-01-21T09:55:25+00:00","breadcrumb":{"@id":"https:\/\/lequotidien.mr\/?p=24716&lang=fr#breadcrumb"},"inLanguage":"ar","potentialAction":[{"@type":"ReadAction","target":["https:\/\/lequotidien.mr\/?p=24716&lang=fr"]}]},{"@type":"ImageObject","inLanguage":"ar","@id":"https:\/\/lequotidien.mr\/?p=24716&lang=fr#primaryimage","url":"https:\/\/lequotidien.mr\/wp-content\/uploads\/2025\/01\/photo-composante-environnement.jpg","contentUrl":"https:\/\/lequotidien.mr\/wp-content\/uploads\/2025\/01\/photo-composante-environnement.jpg","width":750,"height":430},{"@type":"BreadcrumbList","@id":"https:\/\/lequotidien.mr\/?p=24716&lang=fr#breadcrumb","itemListElement":[{"@type":"ListItem","position":1,"name":"Home","item":"https:\/\/lequotidien.mr\/"},{"@type":"ListItem","position":2,"name":"Programme d\u2019urgence pour le d\u00e9veloppement de Nouakchott : Lancement du volet environnement"}]},{"@type":"WebSite","@id":"https:\/\/lequotidien.mr\/#website","url":"https:\/\/lequotidien.mr\/","name":"Le Quotidien de Nouakchott","description":"\u0625\u062e\u0628\u0627\u0631\u064a\u0629 \u0645\u0633\u062a\u0642\u0644\u0629 \u0644\u0644\u0623\u0646\u0628\u0627\u0621 \u0627\u0644\u0639\u0627\u0645\u0629","publisher":{"@id":"https:\/\/lequotidien.mr\/#organization"},"potentialAction":[{"@type":"SearchAction","target":{"@type":"EntryPoint","urlTemplate":"https:\/\/lequotidien.mr\/?s={search_term_string}"},"query-input":{"@type":"PropertyValueSpecification","valueRequired":true,"valueName":"search_term_string"}}],"inLanguage":"ar"},{"@type":"Organization","@id":"https:\/\/lequotidien.mr\/#organization","name":"Le Quotidien de Nouakchott","url":"https:\/\/lequotidien.mr\/","logo":{"@type":"ImageObject","inLanguage":"ar","@id":"https:\/\/lequotidien.mr\/#\/schema\/logo\/image\/","url":"https:\/\/lequotidien.mr\/wp-content\/uploads\/2022\/11\/logolequotidien.jpg","contentUrl":"https:\/\/lequotidien.mr\/wp-content\/uploads\/2022\/11\/logolequotidien.jpg","width":290,"height":65,"caption":"Le Quotidien de Nouakchott"},"image":{"@id":"https:\/\/lequotidien.mr\/#\/schema\/logo\/image\/"},"sameAs":["https:\/\/web.facebook.com\/lequotidienmr","https:\/\/x.com\/lequotidienmr"]},{"@type":"Person","@id":"https:\/\/lequotidien.mr\/#\/schema\/person\/d2d350202a4d599685ed8abc25f97596","name":"Med Ahmed","image":{"@type":"ImageObject","inLanguage":"ar","@id":"https:\/\/secure.gravatar.com\/avatar\/fd2acc62ed50732923d1d39c17172c9b04149f142be92310ecc69e1358f94b52?s=96&d=mm&r=g","url":"https:\/\/secure.gravatar.com\/avatar\/fd2acc62ed50732923d1d39c17172c9b04149f142be92310ecc69e1358f94b52?s=96&d=mm&r=g","contentUrl":"https:\/\/secure.gravatar.com\/avatar\/fd2acc62ed50732923d1d39c17172c9b04149f142be92310ecc69e1358f94b52?s=96&d=mm&r=g","caption":"Med Ahmed"},"url":"https:\/\/lequotidien.mr\/?author=12"}]}},"_links":{"self":[{"href":"https:\/\/lequotidien.mr\/index.php?rest_route=\/wp\/v2\/posts\/24716","targetHints":{"allow":["GET"]}}],"collection":[{"href":"https:\/\/lequotidien.mr\/index.php?rest_route=\/wp\/v2\/posts"}],"about":[{"href":"https:\/\/lequotidien.mr\/index.php?rest_route=\/wp\/v2\/types\/post"}],"author":[{"embeddable":true,"href":"https:\/\/lequotidien.mr\/index.php?rest_route=\/wp\/v2\/users\/12"}],"replies":[{"embeddable":true,"href":"https:\/\/lequotidien.mr\/index.php?rest_route=%2Fwp%2Fv2%2Fcomments&post=24716"}],"version-history":[{"count":1,"href":"https:\/\/lequotidien.mr\/index.php?rest_route=\/wp\/v2\/posts\/24716\/revisions"}],"predecessor-version":[{"id":24719,"href":"https:\/\/lequotidien.mr\/index.php?rest_route=\/wp\/v2\/posts\/24716\/revisions\/24719"}],"wp:featuredmedia":[{"embeddable":true,"href":"https:\/\/lequotidien.mr\/index.php?rest_route=\/wp\/v2\/media\/24718"}],"wp:attachment":[{"href":"https:\/\/lequotidien.mr\/index.php?rest_route=%2Fwp%2Fv2%2Fmedia&parent=24716"}],"wp:term":[{"taxonomy":"category","embeddable":true,"href":"https:\/\/lequotidien.mr\/index.php?rest_route=%2Fwp%2Fv2%2Fcategories&post=24716"},{"taxonomy":"post_tag","embeddable":true,"href":"https:\/\/lequotidien.mr\/index.php?rest_route=%2Fwp%2Fv2%2Ftags&post=24716"}],"curies":[{"name":"wp","href":"https:\/\/api.w.org\/{rel}","templated":true}]}}