{"id":24713,"date":"2025-01-21T08:53:22","date_gmt":"2025-01-21T08:53:22","guid":{"rendered":"https:\/\/lequotidien.mr\/?p=24713"},"modified":"2025-01-21T08:53:22","modified_gmt":"2025-01-21T08:53:22","slug":"programme-durgence-pour-le-developpement-de-nouakchott-lancement-de-la-composante-jeunesse-et-sports","status":"publish","type":"post","link":"https:\/\/lequotidien.mr\/?p=24713&lang=fr","title":{"rendered":"Programme d\u2019urgence pour le d\u00e9veloppement de Nouakchott : Lancement de la composante jeunesse et sports"},"content":{"rendered":"<p>Le Pr\u00e9sident de la R\u00e9publique, Monsieur Mohamed Cheikh El Ghazouani, a supervis\u00e9, jeudi \u00e0 Tevragh-Zeina, dans la wilaya de Nouakchott Ouest, le lancement de la <strong>composante jeunesse et sports<\/strong> du programme d\u2019urgence pour le d\u00e9veloppement de la ville de Nouakchott.<\/p>\n<p>Cette initiative vise \u00e0 offrir \u00e0 la jeunesse mauritanienne des infrastructures sportives modernes et de qualit\u00e9, favorisant ainsi l\u2019\u00e9panouissement et l\u2019inclusion sociale \u00e0 travers le sport et les activit\u00e9s culturelles.<\/p>\n<p><strong>Des projets ambitieux pour la jeunesse<\/strong><\/p>\n<p>Dot\u00e9e d\u2019une enveloppe budg\u00e9taire de <strong>230 millions MRU<\/strong>, cette composante pr\u00e9voit plusieurs r\u00e9alisations majeures :<\/p>\n<p><strong>-Construction d\u2019une piscine semi-olympique<\/strong> d\u2019une capacit\u00e9 de 1 000 places, la premi\u00e8re de ce type en Mauritanie ;<\/p>\n<p><strong>-Cr\u00e9ation et \u00e9quipement de stades<\/strong> dans les quartiers de Sebkha et El Mina ;<\/p>\n<p><strong>-Construction d\u2019une salle polyvalente couverte<\/strong> de 600 places, \u00e9galement une premi\u00e8re dans le pays ;<\/p>\n<p><strong>-R\u00e9habilitation de la Maison de la jeunesse<\/strong> \u00e0 Sebkha pour en faire un espace moderne d\u00e9di\u00e9 aux activit\u00e9s culturelles et sportives.<\/p>\n<p>Ces infrastructures refl\u00e8tent la volont\u00e9 du gouvernement de promouvoir le d\u00e9veloppement de la jeunesse \u00e0 travers des initiatives concr\u00e8tes et inclusives.<\/p>\n<p><strong>Le discours du ministre de l\u2019Autonomisation de la Jeunesse<\/strong><\/p>\n<p>Lors de la c\u00e9r\u00e9monie, le ministre de l\u2019Autonomisation de la Jeunesse, de l\u2019Emploi, des Sports et du Service civique, M. Mohamed Abdellahi Louli, a salu\u00e9 le lancement de cette composante, qu\u2019il a qualifi\u00e9e de \u00ab locomotive de l\u2019autonomisation des jeunes \u00bb.<\/p>\n<p>Il a soulign\u00e9 que cette initiative constitue un tournant en termes d\u2019envergure et de rapidit\u00e9 d\u2019ex\u00e9cution, tout en annon\u00e7ant que son minist\u00e8re, \u00e0 l\u2019issue des <strong>forums r\u00e9gionaux de planification participative<\/strong>, \u00e9laborera un plan sp\u00e9cifique pour les wilayas de l\u2019int\u00e9rieur afin d\u2019assurer une r\u00e9partition \u00e9quitable des opportunit\u00e9s de d\u00e9veloppement.<\/p>\n<p>Le ministre a rappel\u00e9 que la jeunesse est au c\u0153ur du programme pr\u00e9sidentiel <strong>\u00ab Mon ambition pour la patrie \u00bb<\/strong>, qui place l\u2019autonomisation des jeunes comme une priorit\u00e9 centrale. Cette vision est \u00e9galement refl\u00e9t\u00e9e dans la d\u00e9claration de politique g\u00e9n\u00e9rale du gouvernement, adopt\u00e9e par le Premier ministre, Monsieur Moctar Djay, et qui met en \u0153uvre une approche globale pour l\u2019emploi, la formation et le financement des projets en faveur des jeunes.<\/p>\n<p><strong>Des r\u00e9alisations d\u00e9j\u00e0 visibles<\/strong><\/p>\n<p>Dans son allocution, le ministre a \u00e9galement pass\u00e9 en revue les efforts d\u00e9j\u00e0 accomplis par son d\u00e9partement :<\/p>\n<p>-Des programmes de financement pour les projets port\u00e9s par les jeunes ;<\/p>\n<p>-La cr\u00e9ation d\u2019infrastructures sportives modernes ;<\/p>\n<p>-Des initiatives pour am\u00e9liorer l\u2019acc\u00e8s \u00e0 l\u2019emploi et \u00e0 la formation.<\/p>\n<p>Ce lancement marque une \u00e9tape cl\u00e9 dans le d\u00e9veloppement de la capitale Nouakchott, en mettant un accent particulier sur le bien-\u00eatre et l\u2019inclusion de la jeunesse. Les infrastructures pr\u00e9vues permettront aux jeunes de s\u2019\u00e9panouir dans un cadre adapt\u00e9 \u00e0 leurs besoins, tout en contribuant \u00e0 la revitalisation de quartiers comme Sebkha et El Mina.<\/p>\n<p>\u00c0 travers cette initiative, le gouvernement r\u00e9affirme son engagement \u00e0 accompagner les jeunes Mauritaniens dans la r\u00e9alisation de leur potentiel, tout en renfor\u00e7ant le r\u00f4le du sport et des activit\u00e9s culturelles dans la coh\u00e9sion sociale et le d\u00e9veloppement durable.<\/p>\n","protected":false},"excerpt":{"rendered":"<p>Le Pr\u00e9sident de la R\u00e9publique, Monsieur Mohamed Cheikh El Ghazouani, a supervis\u00e9, jeudi \u00e0 Tevragh-Zeina, dans la wilaya de Nouakchott Ouest, le lancement de la composante jeunesse et sports du programme d\u2019urgence pour le d\u00e9veloppement de la ville de Nouakchott. Cette initiative vise \u00e0 offrir \u00e0 la jeunesse mauritanienne des infrastructures sportives modernes et de&#8230;..<\/p>\n","protected":false},"author":12,"featured_media":24714,"comment_status":"open","ping_status":"open","sticky":false,"template":"","format":"standard","meta":{"footnotes":""},"categories":[23,55,51],"tags":[],"class_list":["post-24713","post","type-post","status-publish","format-standard","has-post-thumbnail","hentry","category-actualite","category-culture","category-sport"],"yoast_head":"<!-- This site is optimized with the Yoast SEO plugin v27.5 - https:\/\/yoast.com\/product\/yoast-seo-wordpress\/ -->\n<title>Programme d\u2019urgence pour le d\u00e9veloppement de Nouakchott : Lancement de la composante jeunesse et sports - Le Quotidien de Nouakchott<\/title>\n<meta name=\"robots\" content=\"index, follow, max-snippet:-1, max-image-preview:large, max-video-preview:-1\" \/>\n<link rel=\"canonical\" href=\"https:\/\/lequotidien.mr\/?p=24713&lang=fr\" \/>\n<meta property=\"og:locale\" content=\"ar_AR\" \/>\n<meta property=\"og:type\" content=\"article\" \/>\n<meta property=\"og:title\" content=\"Programme d\u2019urgence pour le d\u00e9veloppement de Nouakchott : Lancement de la composante jeunesse et sports - Le Quotidien de Nouakchott\" \/>\n<meta property=\"og:description\" content=\"Le Pr\u00e9sident de la R\u00e9publique, Monsieur Mohamed Cheikh El Ghazouani, a supervis\u00e9, jeudi \u00e0 Tevragh-Zeina, dans la wilaya de Nouakchott Ouest, le lancement de la composante jeunesse et sports du programme d\u2019urgence pour le d\u00e9veloppement de la ville de Nouakchott. Cette initiative vise \u00e0 offrir \u00e0 la jeunesse mauritanienne des infrastructures sportives modernes et de.....\" \/>\n<meta property=\"og:url\" content=\"https:\/\/lequotidien.mr\/?p=24713&amp;lang=fr\" \/>\n<meta property=\"og:site_name\" content=\"Le Quotidien de Nouakchott\" \/>\n<meta property=\"article:publisher\" content=\"https:\/\/web.facebook.com\/lequotidienmr\" \/>\n<meta property=\"article:published_time\" content=\"2025-01-21T08:53:22+00:00\" \/>\n<meta property=\"og:image\" content=\"https:\/\/lequotidien.mr\/wp-content\/uploads\/2025\/01\/photo-composante-jeunesse.jpg\" \/>\n\t<meta property=\"og:image:width\" content=\"617\" \/>\n\t<meta property=\"og:image:height\" content=\"413\" \/>\n\t<meta property=\"og:image:type\" content=\"image\/jpeg\" \/>\n<meta name=\"author\" content=\"Med Ahmed\" \/>\n<meta name=\"twitter:card\" content=\"summary_large_image\" \/>\n<meta name=\"twitter:creator\" content=\"@lequotidienmr\" \/>\n<meta name=\"twitter:site\" content=\"@lequotidienmr\" \/>\n<meta name=\"twitter:label1\" content=\"\u0643\u064f\u062a\u0628 \u0628\u0648\u0627\u0633\u0637\u0629\" \/>\n\t<meta name=\"twitter:data1\" content=\"Med Ahmed\" \/>\n\t<meta name=\"twitter:label2\" content=\"\u0648\u0642\u062a \u0627\u0644\u0642\u0631\u0627\u0621\u0629 \u0627\u0644\u0645\u064f\u0642\u062f\u0651\u0631\" \/>\n\t<meta name=\"twitter:data2\" content=\"3 \u062f\u0642\u0627\u0626\u0642\" \/>\n<script type=\"application\/ld+json\" class=\"yoast-schema-graph\">{\"@context\":\"https:\\\/\\\/schema.org\",\"@graph\":[{\"@type\":\"Article\",\"@id\":\"https:\\\/\\\/lequotidien.mr\\\/?p=24713&lang=fr#article\",\"isPartOf\":{\"@id\":\"https:\\\/\\\/lequotidien.mr\\\/?p=24713&lang=fr\"},\"author\":{\"name\":\"Med Ahmed\",\"@id\":\"https:\\\/\\\/lequotidien.mr\\\/#\\\/schema\\\/person\\\/d2d350202a4d599685ed8abc25f97596\"},\"headline\":\"Programme d\u2019urgence pour le d\u00e9veloppement de Nouakchott : Lancement de la composante jeunesse et sports\",\"datePublished\":\"2025-01-21T08:53:22+00:00\",\"mainEntityOfPage\":{\"@id\":\"https:\\\/\\\/lequotidien.mr\\\/?p=24713&lang=fr\"},\"wordCount\":560,\"commentCount\":0,\"publisher\":{\"@id\":\"https:\\\/\\\/lequotidien.mr\\\/#organization\"},\"image\":{\"@id\":\"https:\\\/\\\/lequotidien.mr\\\/?p=24713&lang=fr#primaryimage\"},\"thumbnailUrl\":\"https:\\\/\\\/lequotidien.mr\\\/wp-content\\\/uploads\\\/2025\\\/01\\\/photo-composante-jeunesse.jpg\",\"articleSection\":[\"ACTUALIT\u00c9\",\"Culture\",\"SPORT\"],\"inLanguage\":\"ar\",\"potentialAction\":[{\"@type\":\"CommentAction\",\"name\":\"Comment\",\"target\":[\"https:\\\/\\\/lequotidien.mr\\\/?p=24713&lang=fr#respond\"]}]},{\"@type\":\"WebPage\",\"@id\":\"https:\\\/\\\/lequotidien.mr\\\/?p=24713&lang=fr\",\"url\":\"https:\\\/\\\/lequotidien.mr\\\/?p=24713&lang=fr\",\"name\":\"Programme d\u2019urgence pour le d\u00e9veloppement de Nouakchott : Lancement de la composante jeunesse et sports - Le Quotidien de Nouakchott\",\"isPartOf\":{\"@id\":\"https:\\\/\\\/lequotidien.mr\\\/#website\"},\"primaryImageOfPage\":{\"@id\":\"https:\\\/\\\/lequotidien.mr\\\/?p=24713&lang=fr#primaryimage\"},\"image\":{\"@id\":\"https:\\\/\\\/lequotidien.mr\\\/?p=24713&lang=fr#primaryimage\"},\"thumbnailUrl\":\"https:\\\/\\\/lequotidien.mr\\\/wp-content\\\/uploads\\\/2025\\\/01\\\/photo-composante-jeunesse.jpg\",\"datePublished\":\"2025-01-21T08:53:22+00:00\",\"breadcrumb\":{\"@id\":\"https:\\\/\\\/lequotidien.mr\\\/?p=24713&lang=fr#breadcrumb\"},\"inLanguage\":\"ar\",\"potentialAction\":[{\"@type\":\"ReadAction\",\"target\":[\"https:\\\/\\\/lequotidien.mr\\\/?p=24713&lang=fr\"]}]},{\"@type\":\"ImageObject\",\"inLanguage\":\"ar\",\"@id\":\"https:\\\/\\\/lequotidien.mr\\\/?p=24713&lang=fr#primaryimage\",\"url\":\"https:\\\/\\\/lequotidien.mr\\\/wp-content\\\/uploads\\\/2025\\\/01\\\/photo-composante-jeunesse.jpg\",\"contentUrl\":\"https:\\\/\\\/lequotidien.mr\\\/wp-content\\\/uploads\\\/2025\\\/01\\\/photo-composante-jeunesse.jpg\",\"width\":617,\"height\":413},{\"@type\":\"BreadcrumbList\",\"@id\":\"https:\\\/\\\/lequotidien.mr\\\/?p=24713&lang=fr#breadcrumb\",\"itemListElement\":[{\"@type\":\"ListItem\",\"position\":1,\"name\":\"Home\",\"item\":\"https:\\\/\\\/lequotidien.mr\\\/\"},{\"@type\":\"ListItem\",\"position\":2,\"name\":\"Programme d\u2019urgence pour le d\u00e9veloppement de Nouakchott : Lancement de la composante jeunesse et sports\"}]},{\"@type\":\"WebSite\",\"@id\":\"https:\\\/\\\/lequotidien.mr\\\/#website\",\"url\":\"https:\\\/\\\/lequotidien.mr\\\/\",\"name\":\"Le Quotidien de Nouakchott\",\"description\":\"\u0625\u062e\u0628\u0627\u0631\u064a\u0629 \u0645\u0633\u062a\u0642\u0644\u0629 \u0644\u0644\u0623\u0646\u0628\u0627\u0621 \u0627\u0644\u0639\u0627\u0645\u0629\",\"publisher\":{\"@id\":\"https:\\\/\\\/lequotidien.mr\\\/#organization\"},\"potentialAction\":[{\"@type\":\"SearchAction\",\"target\":{\"@type\":\"EntryPoint\",\"urlTemplate\":\"https:\\\/\\\/lequotidien.mr\\\/?s={search_term_string}\"},\"query-input\":{\"@type\":\"PropertyValueSpecification\",\"valueRequired\":true,\"valueName\":\"search_term_string\"}}],\"inLanguage\":\"ar\"},{\"@type\":\"Organization\",\"@id\":\"https:\\\/\\\/lequotidien.mr\\\/#organization\",\"name\":\"Le Quotidien de Nouakchott\",\"url\":\"https:\\\/\\\/lequotidien.mr\\\/\",\"logo\":{\"@type\":\"ImageObject\",\"inLanguage\":\"ar\",\"@id\":\"https:\\\/\\\/lequotidien.mr\\\/#\\\/schema\\\/logo\\\/image\\\/\",\"url\":\"https:\\\/\\\/lequotidien.mr\\\/wp-content\\\/uploads\\\/2022\\\/11\\\/logolequotidien.jpg\",\"contentUrl\":\"https:\\\/\\\/lequotidien.mr\\\/wp-content\\\/uploads\\\/2022\\\/11\\\/logolequotidien.jpg\",\"width\":290,\"height\":65,\"caption\":\"Le Quotidien de Nouakchott\"},\"image\":{\"@id\":\"https:\\\/\\\/lequotidien.mr\\\/#\\\/schema\\\/logo\\\/image\\\/\"},\"sameAs\":[\"https:\\\/\\\/web.facebook.com\\\/lequotidienmr\",\"https:\\\/\\\/x.com\\\/lequotidienmr\"]},{\"@type\":\"Person\",\"@id\":\"https:\\\/\\\/lequotidien.mr\\\/#\\\/schema\\\/person\\\/d2d350202a4d599685ed8abc25f97596\",\"name\":\"Med Ahmed\",\"image\":{\"@type\":\"ImageObject\",\"inLanguage\":\"ar\",\"@id\":\"https:\\\/\\\/secure.gravatar.com\\\/avatar\\\/fd2acc62ed50732923d1d39c17172c9b04149f142be92310ecc69e1358f94b52?s=96&d=mm&r=g\",\"url\":\"https:\\\/\\\/secure.gravatar.com\\\/avatar\\\/fd2acc62ed50732923d1d39c17172c9b04149f142be92310ecc69e1358f94b52?s=96&d=mm&r=g\",\"contentUrl\":\"https:\\\/\\\/secure.gravatar.com\\\/avatar\\\/fd2acc62ed50732923d1d39c17172c9b04149f142be92310ecc69e1358f94b52?s=96&d=mm&r=g\",\"caption\":\"Med Ahmed\"},\"url\":\"https:\\\/\\\/lequotidien.mr\\\/?author=12\"}]}<\/script>\n<!-- \/ Yoast SEO plugin. -->","yoast_head_json":{"title":"Programme d\u2019urgence pour le d\u00e9veloppement de Nouakchott : Lancement de la composante jeunesse et sports - Le Quotidien de Nouakchott","robots":{"index":"index","follow":"follow","max-snippet":"max-snippet:-1","max-image-preview":"max-image-preview:large","max-video-preview":"max-video-preview:-1"},"canonical":"https:\/\/lequotidien.mr\/?p=24713&lang=fr","og_locale":"ar_AR","og_type":"article","og_title":"Programme d\u2019urgence pour le d\u00e9veloppement de Nouakchott : Lancement de la composante jeunesse et sports - Le Quotidien de Nouakchott","og_description":"Le Pr\u00e9sident de la R\u00e9publique, Monsieur Mohamed Cheikh El Ghazouani, a supervis\u00e9, jeudi \u00e0 Tevragh-Zeina, dans la wilaya de Nouakchott Ouest, le lancement de la composante jeunesse et sports du programme d\u2019urgence pour le d\u00e9veloppement de la ville de Nouakchott. Cette initiative vise \u00e0 offrir \u00e0 la jeunesse mauritanienne des infrastructures sportives modernes et de.....","og_url":"https:\/\/lequotidien.mr\/?p=24713&lang=fr","og_site_name":"Le Quotidien de Nouakchott","article_publisher":"https:\/\/web.facebook.com\/lequotidienmr","article_published_time":"2025-01-21T08:53:22+00:00","og_image":[{"width":617,"height":413,"url":"https:\/\/lequotidien.mr\/wp-content\/uploads\/2025\/01\/photo-composante-jeunesse.jpg","type":"image\/jpeg"}],"author":"Med Ahmed","twitter_card":"summary_large_image","twitter_creator":"@lequotidienmr","twitter_site":"@lequotidienmr","twitter_misc":{"\u0643\u064f\u062a\u0628 \u0628\u0648\u0627\u0633\u0637\u0629":"Med Ahmed","\u0648\u0642\u062a \u0627\u0644\u0642\u0631\u0627\u0621\u0629 \u0627\u0644\u0645\u064f\u0642\u062f\u0651\u0631":"3 \u062f\u0642\u0627\u0626\u0642"},"schema":{"@context":"https:\/\/schema.org","@graph":[{"@type":"Article","@id":"https:\/\/lequotidien.mr\/?p=24713&lang=fr#article","isPartOf":{"@id":"https:\/\/lequotidien.mr\/?p=24713&lang=fr"},"author":{"name":"Med Ahmed","@id":"https:\/\/lequotidien.mr\/#\/schema\/person\/d2d350202a4d599685ed8abc25f97596"},"headline":"Programme d\u2019urgence pour le d\u00e9veloppement de Nouakchott : Lancement de la composante jeunesse et sports","datePublished":"2025-01-21T08:53:22+00:00","mainEntityOfPage":{"@id":"https:\/\/lequotidien.mr\/?p=24713&lang=fr"},"wordCount":560,"commentCount":0,"publisher":{"@id":"https:\/\/lequotidien.mr\/#organization"},"image":{"@id":"https:\/\/lequotidien.mr\/?p=24713&lang=fr#primaryimage"},"thumbnailUrl":"https:\/\/lequotidien.mr\/wp-content\/uploads\/2025\/01\/photo-composante-jeunesse.jpg","articleSection":["ACTUALIT\u00c9","Culture","SPORT"],"inLanguage":"ar","potentialAction":[{"@type":"CommentAction","name":"Comment","target":["https:\/\/lequotidien.mr\/?p=24713&lang=fr#respond"]}]},{"@type":"WebPage","@id":"https:\/\/lequotidien.mr\/?p=24713&lang=fr","url":"https:\/\/lequotidien.mr\/?p=24713&lang=fr","name":"Programme d\u2019urgence pour le d\u00e9veloppement de Nouakchott : Lancement de la composante jeunesse et sports - Le Quotidien de Nouakchott","isPartOf":{"@id":"https:\/\/lequotidien.mr\/#website"},"primaryImageOfPage":{"@id":"https:\/\/lequotidien.mr\/?p=24713&lang=fr#primaryimage"},"image":{"@id":"https:\/\/lequotidien.mr\/?p=24713&lang=fr#primaryimage"},"thumbnailUrl":"https:\/\/lequotidien.mr\/wp-content\/uploads\/2025\/01\/photo-composante-jeunesse.jpg","datePublished":"2025-01-21T08:53:22+00:00","breadcrumb":{"@id":"https:\/\/lequotidien.mr\/?p=24713&lang=fr#breadcrumb"},"inLanguage":"ar","potentialAction":[{"@type":"ReadAction","target":["https:\/\/lequotidien.mr\/?p=24713&lang=fr"]}]},{"@type":"ImageObject","inLanguage":"ar","@id":"https:\/\/lequotidien.mr\/?p=24713&lang=fr#primaryimage","url":"https:\/\/lequotidien.mr\/wp-content\/uploads\/2025\/01\/photo-composante-jeunesse.jpg","contentUrl":"https:\/\/lequotidien.mr\/wp-content\/uploads\/2025\/01\/photo-composante-jeunesse.jpg","width":617,"height":413},{"@type":"BreadcrumbList","@id":"https:\/\/lequotidien.mr\/?p=24713&lang=fr#breadcrumb","itemListElement":[{"@type":"ListItem","position":1,"name":"Home","item":"https:\/\/lequotidien.mr\/"},{"@type":"ListItem","position":2,"name":"Programme d\u2019urgence pour le d\u00e9veloppement de Nouakchott : Lancement de la composante jeunesse et sports"}]},{"@type":"WebSite","@id":"https:\/\/lequotidien.mr\/#website","url":"https:\/\/lequotidien.mr\/","name":"Le Quotidien de Nouakchott","description":"\u0625\u062e\u0628\u0627\u0631\u064a\u0629 \u0645\u0633\u062a\u0642\u0644\u0629 \u0644\u0644\u0623\u0646\u0628\u0627\u0621 \u0627\u0644\u0639\u0627\u0645\u0629","publisher":{"@id":"https:\/\/lequotidien.mr\/#organization"},"potentialAction":[{"@type":"SearchAction","target":{"@type":"EntryPoint","urlTemplate":"https:\/\/lequotidien.mr\/?s={search_term_string}"},"query-input":{"@type":"PropertyValueSpecification","valueRequired":true,"valueName":"search_term_string"}}],"inLanguage":"ar"},{"@type":"Organization","@id":"https:\/\/lequotidien.mr\/#organization","name":"Le Quotidien de Nouakchott","url":"https:\/\/lequotidien.mr\/","logo":{"@type":"ImageObject","inLanguage":"ar","@id":"https:\/\/lequotidien.mr\/#\/schema\/logo\/image\/","url":"https:\/\/lequotidien.mr\/wp-content\/uploads\/2022\/11\/logolequotidien.jpg","contentUrl":"https:\/\/lequotidien.mr\/wp-content\/uploads\/2022\/11\/logolequotidien.jpg","width":290,"height":65,"caption":"Le Quotidien de Nouakchott"},"image":{"@id":"https:\/\/lequotidien.mr\/#\/schema\/logo\/image\/"},"sameAs":["https:\/\/web.facebook.com\/lequotidienmr","https:\/\/x.com\/lequotidienmr"]},{"@type":"Person","@id":"https:\/\/lequotidien.mr\/#\/schema\/person\/d2d350202a4d599685ed8abc25f97596","name":"Med Ahmed","image":{"@type":"ImageObject","inLanguage":"ar","@id":"https:\/\/secure.gravatar.com\/avatar\/fd2acc62ed50732923d1d39c17172c9b04149f142be92310ecc69e1358f94b52?s=96&d=mm&r=g","url":"https:\/\/secure.gravatar.com\/avatar\/fd2acc62ed50732923d1d39c17172c9b04149f142be92310ecc69e1358f94b52?s=96&d=mm&r=g","contentUrl":"https:\/\/secure.gravatar.com\/avatar\/fd2acc62ed50732923d1d39c17172c9b04149f142be92310ecc69e1358f94b52?s=96&d=mm&r=g","caption":"Med Ahmed"},"url":"https:\/\/lequotidien.mr\/?author=12"}]}},"_links":{"self":[{"href":"https:\/\/lequotidien.mr\/index.php?rest_route=\/wp\/v2\/posts\/24713","targetHints":{"allow":["GET"]}}],"collection":[{"href":"https:\/\/lequotidien.mr\/index.php?rest_route=\/wp\/v2\/posts"}],"about":[{"href":"https:\/\/lequotidien.mr\/index.php?rest_route=\/wp\/v2\/types\/post"}],"author":[{"embeddable":true,"href":"https:\/\/lequotidien.mr\/index.php?rest_route=\/wp\/v2\/users\/12"}],"replies":[{"embeddable":true,"href":"https:\/\/lequotidien.mr\/index.php?rest_route=%2Fwp%2Fv2%2Fcomments&post=24713"}],"version-history":[{"count":1,"href":"https:\/\/lequotidien.mr\/index.php?rest_route=\/wp\/v2\/posts\/24713\/revisions"}],"predecessor-version":[{"id":24715,"href":"https:\/\/lequotidien.mr\/index.php?rest_route=\/wp\/v2\/posts\/24713\/revisions\/24715"}],"wp:featuredmedia":[{"embeddable":true,"href":"https:\/\/lequotidien.mr\/index.php?rest_route=\/wp\/v2\/media\/24714"}],"wp:attachment":[{"href":"https:\/\/lequotidien.mr\/index.php?rest_route=%2Fwp%2Fv2%2Fmedia&parent=24713"}],"wp:term":[{"taxonomy":"category","embeddable":true,"href":"https:\/\/lequotidien.mr\/index.php?rest_route=%2Fwp%2Fv2%2Fcategories&post=24713"},{"taxonomy":"post_tag","embeddable":true,"href":"https:\/\/lequotidien.mr\/index.php?rest_route=%2Fwp%2Fv2%2Ftags&post=24713"}],"curies":[{"name":"wp","href":"https:\/\/api.w.org\/{rel}","templated":true}]}}