{"id":24696,"date":"2025-01-20T11:15:41","date_gmt":"2025-01-20T11:15:41","guid":{"rendered":"https:\/\/lequotidien.mr\/?p=24696"},"modified":"2025-01-20T11:15:41","modified_gmt":"2025-01-20T11:15:41","slug":"allemagne-la-mauritanie-presente-au-seminaire-sur-la-cooperation-agricole-en-marge-du-forum-international-sur-lagriculture-a-berlin","status":"publish","type":"post","link":"https:\/\/lequotidien.mr\/?p=24696&lang=fr","title":{"rendered":"Allemagne : La Mauritanie pr\u00e9sente au s\u00e9minaire sur la coop\u00e9ration agricole en marge du Forum international sur l&#8217;agriculture \u00e0 Berlin"},"content":{"rendered":"<p>En marge du <strong>Forum international sur l&#8217;agriculture et l&#8217;alimentation<\/strong> , qui se tient actuellement \u00e0 Berlin, en Allemagne, la ministre mauritanienne de l&#8217;Agriculture et de la Souverainet\u00e9 alimentaire, M. Memma Beibatta, a pris part \u00e0 un s\u00e9minaire de haut pr\u00e9sid\u00e9 par le ministre allemand de l&#8217;Agriculture et de l&#8217;Alimentation et le commissaire au niveau de l&#8217;Union africaine charg\u00e9 de l&#8217;agriculture, du d\u00e9veloppement rural, de l&#8217;\u00e9conomie bleue et de l&#8217;environnement durable.<\/p>\n<p>Ce s\u00e9minaire offre une plateforme pour discuter des perspectives de coop\u00e9ration agricole entre l&#8217;Allemagne et les pays africains. Les \u00e9changes ont \u00e9t\u00e9 port\u00e9s sur les moyens les plus efficaces pour relever les d\u00e9fis pos\u00e9s par le changement climatique, la s\u00e9curit\u00e9 alimentaire, et les contraintes s\u00e9curitaires affectant certaines r\u00e9gions du continent africain. Il a \u00e9galement \u00e9t\u00e9 question de l&#8217;importance de soutenir la recherche et l&#8217;innovation pour augmenter la production et la productivit\u00e9 agricole.<\/p>\n<p><strong>Rencontre bilat\u00e9rale avec l&#8217;Allemagne<\/strong><\/p>\n<p>Le ministre mauritanien a \u00e9galement eu une s\u00e9ance de travail avec le ministre d\u00e9l\u00e9gu\u00e9 aupr\u00e8s du ministre allemand de l&#8217;Agriculture et de l&#8217;Alimentation. Lors de cette rencontre, il a pr\u00e9sent\u00e9 la strat\u00e9gie ambitieuse de la Mauritanie en mati\u00e8re de d\u00e9veloppement agricole, ax\u00e9e sur la comp\u00e9titivit\u00e9, la durabilit\u00e9 et la r\u00e9silience face aux d\u00e9fis climatiques.<\/p>\n<p>Le ministre allemand a, pour sa part, exprim\u00e9 la disponibilit\u00e9 de son gouvernement \u00e0 renforcer les relations bilat\u00e9rales dans le domaine agricole. Cette coop\u00e9ration pourrait inclure des initiatives pour moderniser les infrastructures agricoles, am\u00e9liorer les capacit\u00e9s des producteurs et promouvoir les investissements technologiques dans le secteur.<\/p>\n<p><strong>Attractivit\u00e9 de la Mauritanie pour les investissements agricoles<\/strong><\/p>\n<p>En marge du forum, M. Memma Beibatta a tenu des r\u00e9unions avec plusieurs organismes d&#8217;investissement int\u00e9ress\u00e9s par le d\u00e9veloppement agricole et les services li\u00e9s \u00e0 la fabrication, \u00e0 la transformation et \u00e0 la commercialisation.<\/p>\n<p>Le ministre a mis en avant les atouts de la Mauritanie dans le domaine agricole, notamment l&#8217;abondance des ressources naturelles, telles que l&#8217;eau et le sol, ainsi que l&#8217;environnement favorable \u00e0 la diversification agricole. Il a soulign\u00e9 l&#8217;engagement du gouvernement \u00e0 accompagner les investisseurs \u00e9trangers, \u00e0 \u00e9tablir des partenariats avec le secteur priv\u00e9 local et \u00e0 cr\u00e9er les conditions n\u00e9cessaires pour garantir des projets mutuellement b\u00e9n\u00e9fiques.<\/p>\n<p>Ces efforts s\u2019inscrivent dans le cadre de la vision du Pr\u00e9sident de la R\u00e9publique, M. Mohamed Cheikh El Ghazouani, visant \u00e0 assurer la souverainet\u00e9 alimentaire du pays et \u00e0 renforcer la r\u00e9silience de l\u2019\u00e9conomie nationale.<\/p>\n<p><strong>Une participation active au forum<\/strong><\/p>\n<p>Le Forum international sur l\u2019agriculture et l\u2019alimentation, qui se d\u00e9roule jusqu\u2019au 19 janvier, r\u00e9unit des ministres de l\u2019agriculture de l\u2019Union europ\u00e9enne, des pays africains invit\u00e9s, ainsi que des hauts fonctionnaires d\u2019institutions internationales et r\u00e9gionales.<\/p>\n<p>La d\u00e9l\u00e9gation mauritanienne \u00e0 ce forum est compos\u00e9e de M. Memma Beibatta, de l\u2019Ambassadeur de Mauritanie \u00e0 Berlin, M. Kane Boubacar, et du Directeur de la Coop\u00e9ration, des Statistiques et du Suivi au minist\u00e8re de l\u2019Agriculture, M. Abdallahi Bab Ziad.<\/p>\n<p>Cette participation t\u00e9moigne de l\u2019engagement de la Mauritanie \u00e0 s\u2019inscrire dans une dynamique de coop\u00e9ration internationale, visant \u00e0 relever les d\u00e9fis agricoles mondiaux et \u00e0 d\u00e9velopper des solutions innovantes pour garantir la s\u00e9curit\u00e9 alimentaire durable.<\/p>\n","protected":false},"excerpt":{"rendered":"<p>En marge du Forum international sur l&#8217;agriculture et l&#8217;alimentation , qui se tient actuellement \u00e0 Berlin, en Allemagne, la ministre mauritanienne de l&#8217;Agriculture et de la Souverainet\u00e9 alimentaire, M. Memma Beibatta, a pris part \u00e0 un s\u00e9minaire de haut pr\u00e9sid\u00e9 par le ministre allemand de l&#8217;Agriculture et de l&#8217;Alimentation et le commissaire au niveau de&#8230;..<\/p>\n","protected":false},"author":12,"featured_media":24697,"comment_status":"open","ping_status":"open","sticky":false,"template":"","format":"standard","meta":{"footnotes":""},"categories":[23,49],"tags":[],"class_list":["post-24696","post","type-post","status-publish","format-standard","has-post-thumbnail","hentry","category-actualite","category-economie"],"yoast_head":"<!-- This site is optimized with the Yoast SEO plugin v27.5 - https:\/\/yoast.com\/product\/yoast-seo-wordpress\/ -->\n<title>Allemagne : La Mauritanie pr\u00e9sente au s\u00e9minaire sur la coop\u00e9ration agricole en marge du Forum international sur l&#039;agriculture \u00e0 Berlin - Le Quotidien de Nouakchott<\/title>\n<meta name=\"robots\" content=\"index, follow, max-snippet:-1, max-image-preview:large, max-video-preview:-1\" \/>\n<link rel=\"canonical\" href=\"https:\/\/lequotidien.mr\/?p=24696&lang=fr\" \/>\n<meta property=\"og:locale\" content=\"ar_AR\" \/>\n<meta property=\"og:type\" content=\"article\" \/>\n<meta property=\"og:title\" content=\"Allemagne : La Mauritanie pr\u00e9sente au s\u00e9minaire sur la coop\u00e9ration agricole en marge du Forum international sur l&#039;agriculture \u00e0 Berlin - Le Quotidien de Nouakchott\" \/>\n<meta property=\"og:description\" content=\"En marge du Forum international sur l&#8217;agriculture et l&#8217;alimentation , qui se tient actuellement \u00e0 Berlin, en Allemagne, la ministre mauritanienne de l&#8217;Agriculture et de la Souverainet\u00e9 alimentaire, M. Memma Beibatta, a pris part \u00e0 un s\u00e9minaire de haut pr\u00e9sid\u00e9 par le ministre allemand de l&#8217;Agriculture et de l&#8217;Alimentation et le commissaire au niveau de.....\" \/>\n<meta property=\"og:url\" content=\"https:\/\/lequotidien.mr\/?p=24696&amp;lang=fr\" \/>\n<meta property=\"og:site_name\" content=\"Le Quotidien de Nouakchott\" \/>\n<meta property=\"article:publisher\" content=\"https:\/\/web.facebook.com\/lequotidienmr\" \/>\n<meta property=\"article:published_time\" content=\"2025-01-20T11:15:41+00:00\" \/>\n<meta property=\"og:image\" content=\"https:\/\/lequotidien.mr\/wp-content\/uploads\/2025\/01\/photo-forum-agctre-Berlin.jpg\" \/>\n\t<meta property=\"og:image:width\" content=\"750\" \/>\n\t<meta property=\"og:image:height\" content=\"430\" \/>\n\t<meta property=\"og:image:type\" content=\"image\/jpeg\" \/>\n<meta name=\"author\" content=\"Med Ahmed\" \/>\n<meta name=\"twitter:card\" content=\"summary_large_image\" \/>\n<meta name=\"twitter:creator\" content=\"@lequotidienmr\" \/>\n<meta name=\"twitter:site\" content=\"@lequotidienmr\" \/>\n<meta name=\"twitter:label1\" content=\"\u0643\u064f\u062a\u0628 \u0628\u0648\u0627\u0633\u0637\u0629\" \/>\n\t<meta name=\"twitter:data1\" content=\"Med Ahmed\" \/>\n\t<meta name=\"twitter:label2\" content=\"\u0648\u0642\u062a \u0627\u0644\u0642\u0631\u0627\u0621\u0629 \u0627\u0644\u0645\u064f\u0642\u062f\u0651\u0631\" \/>\n\t<meta name=\"twitter:data2\" content=\"3 \u062f\u0642\u0627\u0626\u0642\" \/>\n<script type=\"application\/ld+json\" class=\"yoast-schema-graph\">{\"@context\":\"https:\\\/\\\/schema.org\",\"@graph\":[{\"@type\":\"Article\",\"@id\":\"https:\\\/\\\/lequotidien.mr\\\/?p=24696&lang=fr#article\",\"isPartOf\":{\"@id\":\"https:\\\/\\\/lequotidien.mr\\\/?p=24696&lang=fr\"},\"author\":{\"name\":\"Med Ahmed\",\"@id\":\"https:\\\/\\\/lequotidien.mr\\\/#\\\/schema\\\/person\\\/d2d350202a4d599685ed8abc25f97596\"},\"headline\":\"Allemagne : La Mauritanie pr\u00e9sente au s\u00e9minaire sur la coop\u00e9ration agricole en marge du Forum international sur l&#8217;agriculture \u00e0 Berlin\",\"datePublished\":\"2025-01-20T11:15:41+00:00\",\"mainEntityOfPage\":{\"@id\":\"https:\\\/\\\/lequotidien.mr\\\/?p=24696&lang=fr\"},\"wordCount\":593,\"commentCount\":0,\"publisher\":{\"@id\":\"https:\\\/\\\/lequotidien.mr\\\/#organization\"},\"image\":{\"@id\":\"https:\\\/\\\/lequotidien.mr\\\/?p=24696&lang=fr#primaryimage\"},\"thumbnailUrl\":\"https:\\\/\\\/lequotidien.mr\\\/wp-content\\\/uploads\\\/2025\\\/01\\\/photo-forum-agctre-Berlin.jpg\",\"articleSection\":[\"ACTUALIT\u00c9\",\"Economie\"],\"inLanguage\":\"ar\",\"potentialAction\":[{\"@type\":\"CommentAction\",\"name\":\"Comment\",\"target\":[\"https:\\\/\\\/lequotidien.mr\\\/?p=24696&lang=fr#respond\"]}]},{\"@type\":\"WebPage\",\"@id\":\"https:\\\/\\\/lequotidien.mr\\\/?p=24696&lang=fr\",\"url\":\"https:\\\/\\\/lequotidien.mr\\\/?p=24696&lang=fr\",\"name\":\"Allemagne : La Mauritanie pr\u00e9sente au s\u00e9minaire sur la coop\u00e9ration agricole en marge du Forum international sur l'agriculture \u00e0 Berlin - Le Quotidien de Nouakchott\",\"isPartOf\":{\"@id\":\"https:\\\/\\\/lequotidien.mr\\\/#website\"},\"primaryImageOfPage\":{\"@id\":\"https:\\\/\\\/lequotidien.mr\\\/?p=24696&lang=fr#primaryimage\"},\"image\":{\"@id\":\"https:\\\/\\\/lequotidien.mr\\\/?p=24696&lang=fr#primaryimage\"},\"thumbnailUrl\":\"https:\\\/\\\/lequotidien.mr\\\/wp-content\\\/uploads\\\/2025\\\/01\\\/photo-forum-agctre-Berlin.jpg\",\"datePublished\":\"2025-01-20T11:15:41+00:00\",\"breadcrumb\":{\"@id\":\"https:\\\/\\\/lequotidien.mr\\\/?p=24696&lang=fr#breadcrumb\"},\"inLanguage\":\"ar\",\"potentialAction\":[{\"@type\":\"ReadAction\",\"target\":[\"https:\\\/\\\/lequotidien.mr\\\/?p=24696&lang=fr\"]}]},{\"@type\":\"ImageObject\",\"inLanguage\":\"ar\",\"@id\":\"https:\\\/\\\/lequotidien.mr\\\/?p=24696&lang=fr#primaryimage\",\"url\":\"https:\\\/\\\/lequotidien.mr\\\/wp-content\\\/uploads\\\/2025\\\/01\\\/photo-forum-agctre-Berlin.jpg\",\"contentUrl\":\"https:\\\/\\\/lequotidien.mr\\\/wp-content\\\/uploads\\\/2025\\\/01\\\/photo-forum-agctre-Berlin.jpg\",\"width\":750,\"height\":430},{\"@type\":\"BreadcrumbList\",\"@id\":\"https:\\\/\\\/lequotidien.mr\\\/?p=24696&lang=fr#breadcrumb\",\"itemListElement\":[{\"@type\":\"ListItem\",\"position\":1,\"name\":\"Home\",\"item\":\"https:\\\/\\\/lequotidien.mr\\\/\"},{\"@type\":\"ListItem\",\"position\":2,\"name\":\"Allemagne : La Mauritanie pr\u00e9sente au s\u00e9minaire sur la coop\u00e9ration agricole en marge du Forum international sur l&rsquo;agriculture \u00e0 Berlin\"}]},{\"@type\":\"WebSite\",\"@id\":\"https:\\\/\\\/lequotidien.mr\\\/#website\",\"url\":\"https:\\\/\\\/lequotidien.mr\\\/\",\"name\":\"Le Quotidien de Nouakchott\",\"description\":\"\u0625\u062e\u0628\u0627\u0631\u064a\u0629 \u0645\u0633\u062a\u0642\u0644\u0629 \u0644\u0644\u0623\u0646\u0628\u0627\u0621 \u0627\u0644\u0639\u0627\u0645\u0629\",\"publisher\":{\"@id\":\"https:\\\/\\\/lequotidien.mr\\\/#organization\"},\"potentialAction\":[{\"@type\":\"SearchAction\",\"target\":{\"@type\":\"EntryPoint\",\"urlTemplate\":\"https:\\\/\\\/lequotidien.mr\\\/?s={search_term_string}\"},\"query-input\":{\"@type\":\"PropertyValueSpecification\",\"valueRequired\":true,\"valueName\":\"search_term_string\"}}],\"inLanguage\":\"ar\"},{\"@type\":\"Organization\",\"@id\":\"https:\\\/\\\/lequotidien.mr\\\/#organization\",\"name\":\"Le Quotidien de Nouakchott\",\"url\":\"https:\\\/\\\/lequotidien.mr\\\/\",\"logo\":{\"@type\":\"ImageObject\",\"inLanguage\":\"ar\",\"@id\":\"https:\\\/\\\/lequotidien.mr\\\/#\\\/schema\\\/logo\\\/image\\\/\",\"url\":\"https:\\\/\\\/lequotidien.mr\\\/wp-content\\\/uploads\\\/2022\\\/11\\\/logolequotidien.jpg\",\"contentUrl\":\"https:\\\/\\\/lequotidien.mr\\\/wp-content\\\/uploads\\\/2022\\\/11\\\/logolequotidien.jpg\",\"width\":290,\"height\":65,\"caption\":\"Le Quotidien de Nouakchott\"},\"image\":{\"@id\":\"https:\\\/\\\/lequotidien.mr\\\/#\\\/schema\\\/logo\\\/image\\\/\"},\"sameAs\":[\"https:\\\/\\\/web.facebook.com\\\/lequotidienmr\",\"https:\\\/\\\/x.com\\\/lequotidienmr\"]},{\"@type\":\"Person\",\"@id\":\"https:\\\/\\\/lequotidien.mr\\\/#\\\/schema\\\/person\\\/d2d350202a4d599685ed8abc25f97596\",\"name\":\"Med Ahmed\",\"image\":{\"@type\":\"ImageObject\",\"inLanguage\":\"ar\",\"@id\":\"https:\\\/\\\/secure.gravatar.com\\\/avatar\\\/fd2acc62ed50732923d1d39c17172c9b04149f142be92310ecc69e1358f94b52?s=96&d=mm&r=g\",\"url\":\"https:\\\/\\\/secure.gravatar.com\\\/avatar\\\/fd2acc62ed50732923d1d39c17172c9b04149f142be92310ecc69e1358f94b52?s=96&d=mm&r=g\",\"contentUrl\":\"https:\\\/\\\/secure.gravatar.com\\\/avatar\\\/fd2acc62ed50732923d1d39c17172c9b04149f142be92310ecc69e1358f94b52?s=96&d=mm&r=g\",\"caption\":\"Med Ahmed\"},\"url\":\"https:\\\/\\\/lequotidien.mr\\\/?author=12\"}]}<\/script>\n<!-- \/ Yoast SEO plugin. -->","yoast_head_json":{"title":"Allemagne : La Mauritanie pr\u00e9sente au s\u00e9minaire sur la coop\u00e9ration agricole en marge du Forum international sur l'agriculture \u00e0 Berlin - Le Quotidien de Nouakchott","robots":{"index":"index","follow":"follow","max-snippet":"max-snippet:-1","max-image-preview":"max-image-preview:large","max-video-preview":"max-video-preview:-1"},"canonical":"https:\/\/lequotidien.mr\/?p=24696&lang=fr","og_locale":"ar_AR","og_type":"article","og_title":"Allemagne : La Mauritanie pr\u00e9sente au s\u00e9minaire sur la coop\u00e9ration agricole en marge du Forum international sur l'agriculture \u00e0 Berlin - Le Quotidien de Nouakchott","og_description":"En marge du Forum international sur l&#8217;agriculture et l&#8217;alimentation , qui se tient actuellement \u00e0 Berlin, en Allemagne, la ministre mauritanienne de l&#8217;Agriculture et de la Souverainet\u00e9 alimentaire, M. Memma Beibatta, a pris part \u00e0 un s\u00e9minaire de haut pr\u00e9sid\u00e9 par le ministre allemand de l&#8217;Agriculture et de l&#8217;Alimentation et le commissaire au niveau de.....","og_url":"https:\/\/lequotidien.mr\/?p=24696&lang=fr","og_site_name":"Le Quotidien de Nouakchott","article_publisher":"https:\/\/web.facebook.com\/lequotidienmr","article_published_time":"2025-01-20T11:15:41+00:00","og_image":[{"width":750,"height":430,"url":"https:\/\/lequotidien.mr\/wp-content\/uploads\/2025\/01\/photo-forum-agctre-Berlin.jpg","type":"image\/jpeg"}],"author":"Med Ahmed","twitter_card":"summary_large_image","twitter_creator":"@lequotidienmr","twitter_site":"@lequotidienmr","twitter_misc":{"\u0643\u064f\u062a\u0628 \u0628\u0648\u0627\u0633\u0637\u0629":"Med Ahmed","\u0648\u0642\u062a \u0627\u0644\u0642\u0631\u0627\u0621\u0629 \u0627\u0644\u0645\u064f\u0642\u062f\u0651\u0631":"3 \u062f\u0642\u0627\u0626\u0642"},"schema":{"@context":"https:\/\/schema.org","@graph":[{"@type":"Article","@id":"https:\/\/lequotidien.mr\/?p=24696&lang=fr#article","isPartOf":{"@id":"https:\/\/lequotidien.mr\/?p=24696&lang=fr"},"author":{"name":"Med Ahmed","@id":"https:\/\/lequotidien.mr\/#\/schema\/person\/d2d350202a4d599685ed8abc25f97596"},"headline":"Allemagne : La Mauritanie pr\u00e9sente au s\u00e9minaire sur la coop\u00e9ration agricole en marge du Forum international sur l&#8217;agriculture \u00e0 Berlin","datePublished":"2025-01-20T11:15:41+00:00","mainEntityOfPage":{"@id":"https:\/\/lequotidien.mr\/?p=24696&lang=fr"},"wordCount":593,"commentCount":0,"publisher":{"@id":"https:\/\/lequotidien.mr\/#organization"},"image":{"@id":"https:\/\/lequotidien.mr\/?p=24696&lang=fr#primaryimage"},"thumbnailUrl":"https:\/\/lequotidien.mr\/wp-content\/uploads\/2025\/01\/photo-forum-agctre-Berlin.jpg","articleSection":["ACTUALIT\u00c9","Economie"],"inLanguage":"ar","potentialAction":[{"@type":"CommentAction","name":"Comment","target":["https:\/\/lequotidien.mr\/?p=24696&lang=fr#respond"]}]},{"@type":"WebPage","@id":"https:\/\/lequotidien.mr\/?p=24696&lang=fr","url":"https:\/\/lequotidien.mr\/?p=24696&lang=fr","name":"Allemagne : La Mauritanie pr\u00e9sente au s\u00e9minaire sur la coop\u00e9ration agricole en marge du Forum international sur l'agriculture \u00e0 Berlin - Le Quotidien de Nouakchott","isPartOf":{"@id":"https:\/\/lequotidien.mr\/#website"},"primaryImageOfPage":{"@id":"https:\/\/lequotidien.mr\/?p=24696&lang=fr#primaryimage"},"image":{"@id":"https:\/\/lequotidien.mr\/?p=24696&lang=fr#primaryimage"},"thumbnailUrl":"https:\/\/lequotidien.mr\/wp-content\/uploads\/2025\/01\/photo-forum-agctre-Berlin.jpg","datePublished":"2025-01-20T11:15:41+00:00","breadcrumb":{"@id":"https:\/\/lequotidien.mr\/?p=24696&lang=fr#breadcrumb"},"inLanguage":"ar","potentialAction":[{"@type":"ReadAction","target":["https:\/\/lequotidien.mr\/?p=24696&lang=fr"]}]},{"@type":"ImageObject","inLanguage":"ar","@id":"https:\/\/lequotidien.mr\/?p=24696&lang=fr#primaryimage","url":"https:\/\/lequotidien.mr\/wp-content\/uploads\/2025\/01\/photo-forum-agctre-Berlin.jpg","contentUrl":"https:\/\/lequotidien.mr\/wp-content\/uploads\/2025\/01\/photo-forum-agctre-Berlin.jpg","width":750,"height":430},{"@type":"BreadcrumbList","@id":"https:\/\/lequotidien.mr\/?p=24696&lang=fr#breadcrumb","itemListElement":[{"@type":"ListItem","position":1,"name":"Home","item":"https:\/\/lequotidien.mr\/"},{"@type":"ListItem","position":2,"name":"Allemagne : La Mauritanie pr\u00e9sente au s\u00e9minaire sur la coop\u00e9ration agricole en marge du Forum international sur l&rsquo;agriculture \u00e0 Berlin"}]},{"@type":"WebSite","@id":"https:\/\/lequotidien.mr\/#website","url":"https:\/\/lequotidien.mr\/","name":"Le Quotidien de Nouakchott","description":"\u0625\u062e\u0628\u0627\u0631\u064a\u0629 \u0645\u0633\u062a\u0642\u0644\u0629 \u0644\u0644\u0623\u0646\u0628\u0627\u0621 \u0627\u0644\u0639\u0627\u0645\u0629","publisher":{"@id":"https:\/\/lequotidien.mr\/#organization"},"potentialAction":[{"@type":"SearchAction","target":{"@type":"EntryPoint","urlTemplate":"https:\/\/lequotidien.mr\/?s={search_term_string}"},"query-input":{"@type":"PropertyValueSpecification","valueRequired":true,"valueName":"search_term_string"}}],"inLanguage":"ar"},{"@type":"Organization","@id":"https:\/\/lequotidien.mr\/#organization","name":"Le Quotidien de Nouakchott","url":"https:\/\/lequotidien.mr\/","logo":{"@type":"ImageObject","inLanguage":"ar","@id":"https:\/\/lequotidien.mr\/#\/schema\/logo\/image\/","url":"https:\/\/lequotidien.mr\/wp-content\/uploads\/2022\/11\/logolequotidien.jpg","contentUrl":"https:\/\/lequotidien.mr\/wp-content\/uploads\/2022\/11\/logolequotidien.jpg","width":290,"height":65,"caption":"Le Quotidien de Nouakchott"},"image":{"@id":"https:\/\/lequotidien.mr\/#\/schema\/logo\/image\/"},"sameAs":["https:\/\/web.facebook.com\/lequotidienmr","https:\/\/x.com\/lequotidienmr"]},{"@type":"Person","@id":"https:\/\/lequotidien.mr\/#\/schema\/person\/d2d350202a4d599685ed8abc25f97596","name":"Med Ahmed","image":{"@type":"ImageObject","inLanguage":"ar","@id":"https:\/\/secure.gravatar.com\/avatar\/fd2acc62ed50732923d1d39c17172c9b04149f142be92310ecc69e1358f94b52?s=96&d=mm&r=g","url":"https:\/\/secure.gravatar.com\/avatar\/fd2acc62ed50732923d1d39c17172c9b04149f142be92310ecc69e1358f94b52?s=96&d=mm&r=g","contentUrl":"https:\/\/secure.gravatar.com\/avatar\/fd2acc62ed50732923d1d39c17172c9b04149f142be92310ecc69e1358f94b52?s=96&d=mm&r=g","caption":"Med Ahmed"},"url":"https:\/\/lequotidien.mr\/?author=12"}]}},"_links":{"self":[{"href":"https:\/\/lequotidien.mr\/index.php?rest_route=\/wp\/v2\/posts\/24696","targetHints":{"allow":["GET"]}}],"collection":[{"href":"https:\/\/lequotidien.mr\/index.php?rest_route=\/wp\/v2\/posts"}],"about":[{"href":"https:\/\/lequotidien.mr\/index.php?rest_route=\/wp\/v2\/types\/post"}],"author":[{"embeddable":true,"href":"https:\/\/lequotidien.mr\/index.php?rest_route=\/wp\/v2\/users\/12"}],"replies":[{"embeddable":true,"href":"https:\/\/lequotidien.mr\/index.php?rest_route=%2Fwp%2Fv2%2Fcomments&post=24696"}],"version-history":[{"count":1,"href":"https:\/\/lequotidien.mr\/index.php?rest_route=\/wp\/v2\/posts\/24696\/revisions"}],"predecessor-version":[{"id":24698,"href":"https:\/\/lequotidien.mr\/index.php?rest_route=\/wp\/v2\/posts\/24696\/revisions\/24698"}],"wp:featuredmedia":[{"embeddable":true,"href":"https:\/\/lequotidien.mr\/index.php?rest_route=\/wp\/v2\/media\/24697"}],"wp:attachment":[{"href":"https:\/\/lequotidien.mr\/index.php?rest_route=%2Fwp%2Fv2%2Fmedia&parent=24696"}],"wp:term":[{"taxonomy":"category","embeddable":true,"href":"https:\/\/lequotidien.mr\/index.php?rest_route=%2Fwp%2Fv2%2Fcategories&post=24696"},{"taxonomy":"post_tag","embeddable":true,"href":"https:\/\/lequotidien.mr\/index.php?rest_route=%2Fwp%2Fv2%2Ftags&post=24696"}],"curies":[{"name":"wp","href":"https:\/\/api.w.org\/{rel}","templated":true}]}}