{"id":24584,"date":"2025-01-16T11:14:34","date_gmt":"2025-01-16T11:14:34","guid":{"rendered":"https:\/\/lequotidien.mr\/?p=24584"},"modified":"2025-01-16T11:14:34","modified_gmt":"2025-01-16T11:14:34","slug":"investissement-agriculture-discussions-entre-le-ministre-de-leconomie-et-des-finances-et-une-delegation-de-lautorite-arabe-pour-linvestissement-et-le-developpement-agricole","status":"publish","type":"post","link":"https:\/\/lequotidien.mr\/?p=24584&lang=fr","title":{"rendered":"Investissement\/Agriculture: Discussions entre le ministre de l&#8217;\u00c9conomie et des Finances et une d\u00e9l\u00e9gation de l&#8217;Autorit\u00e9 arabe pour l&#8217;investissement et le d\u00e9veloppement agricole"},"content":{"rendered":"<p>Le ministre de l&#8217;\u00c9conomie et des Finances, <strong>Sidi Ahmed bouh<\/strong>, a re\u00e7u ce mercredi apr\u00e8s-midi, dans son bureau \u00e0 Nouakchott, une d\u00e9l\u00e9gation de l&#8217; <strong>Autorit\u00e9 arabe pour l&#8217;investissement et le d\u00e9veloppement agricole (AAAID)<\/strong> , conduite par le pr\u00e9sident de son conseil d&#8217;administration, le Dr <strong>Obaid Saif Azaabi<\/strong>.<\/p>\n<p>Selon un communiqu\u00e9 publi\u00e9 par le minist\u00e8re, les discussions ont port\u00e9 sur plusieurs axes prioritaires\u00a0:<\/p>\n<p><strong>-Am\u00e9lioration de la productivit\u00e9 agricole<\/strong> et <strong>optimisation des ressources disponibles<\/strong>, dans le but de parvenir \u00e0 une <strong>souverainet\u00e9 alimentaire<\/strong> durable\u00a0;<\/p>\n<p>-L&#8217;introduction de <strong>nouveaux projets<\/strong> ax\u00e9s sur la conservation et l&#8217;exportation des produits agricoles\u00a0;<\/p>\n<p>-L&#8217;octroi de <strong>microfinancements aux agriculteurs<\/strong>, afin de soutenir les petits exploitants\u00a0;<\/p>\n<p>-L&#8217;int\u00e9gration de <strong>technologies modernes<\/strong> dans les pratiques agricoles pour am\u00e9liorer l&#8217;efficacit\u00e9 et la durabilit\u00e9.<\/p>\n<p>Au cours de la r\u00e9union, les deux parties ont explor\u00e9 les perspectives de coop\u00e9ration entre la Mauritanie et l&#8217;AAAID, ainsi que les moyens de renforcer et d&#8217;\u00e9largir ce partenariat, en particulier dans les secteurs \u00e9conomiques strat\u00e9giques.<\/p>\n<p>S\u2019agissant des p<strong>articipants \u00e0 la r\u00e9union\u00a0<\/strong>: la d\u00e9l\u00e9gation de l&#8217;AAAID comprend \u00e9galement : M. <strong>Nichanit Sanghi<\/strong>, conseiller \u00e9conomique et M. <strong>Mohamed Vall El Hassan<\/strong> , conseiller juridique\u00a0; du c\u00f4t\u00e9 mauritanien, plusieurs hauts responsables ont assist\u00e9 \u00e0 la rencontre, notamment : M. <strong>Yacoub Ould Ahmed Aicha<\/strong> , secr\u00e9taire g\u00e9n\u00e9ral du minist\u00e8re, M. <strong>Mahfoudh Mahmoud Ibrahim<\/strong> , directeur g\u00e9n\u00e9ral adjoint des financements et de la coop\u00e9ration \u00e9conomique et M. <strong>Mohamed El Kory T.<\/strong>, directeur adjoint charg\u00e9 du suivi des projets.<\/p>\n<p>Cette rencontre s&#8217;inscrit dans le cadre des efforts visant \u00e0 renforcer les liens entre la Mauritanie et l&#8217;AAAID, en vue de promouvoir des projets agricoles innovants et de contribuer au d\u00e9veloppement \u00e9conomique durable du pays.<\/p>\n","protected":false},"excerpt":{"rendered":"<p>Le ministre de l&#8217;\u00c9conomie et des Finances, Sidi Ahmed bouh, a re\u00e7u ce mercredi apr\u00e8s-midi, dans son bureau \u00e0 Nouakchott, une d\u00e9l\u00e9gation de l&#8217; Autorit\u00e9 arabe pour l&#8217;investissement et le d\u00e9veloppement agricole (AAAID) , conduite par le pr\u00e9sident de son conseil d&#8217;administration, le Dr Obaid Saif Azaabi. Selon un communiqu\u00e9 publi\u00e9 par le minist\u00e8re, les&#8230;..<\/p>\n","protected":false},"author":12,"featured_media":24585,"comment_status":"open","ping_status":"open","sticky":false,"template":"","format":"standard","meta":{"footnotes":""},"categories":[23,49],"tags":[],"class_list":["post-24584","post","type-post","status-publish","format-standard","has-post-thumbnail","hentry","category-actualite","category-economie"],"yoast_head":"<!-- This site is optimized with the Yoast SEO plugin v27.5 - https:\/\/yoast.com\/product\/yoast-seo-wordpress\/ -->\n<title>Investissement\/Agriculture: Discussions entre le ministre de l&#039;\u00c9conomie et des Finances et une d\u00e9l\u00e9gation de l&#039;Autorit\u00e9 arabe pour l&#039;investissement et le d\u00e9veloppement agricole - Le Quotidien de Nouakchott<\/title>\n<meta name=\"robots\" content=\"index, follow, max-snippet:-1, max-image-preview:large, max-video-preview:-1\" \/>\n<link rel=\"canonical\" href=\"https:\/\/lequotidien.mr\/?p=24584&lang=fr\" \/>\n<meta property=\"og:locale\" content=\"ar_AR\" \/>\n<meta property=\"og:type\" content=\"article\" \/>\n<meta property=\"og:title\" content=\"Investissement\/Agriculture: Discussions entre le ministre de l&#039;\u00c9conomie et des Finances et une d\u00e9l\u00e9gation de l&#039;Autorit\u00e9 arabe pour l&#039;investissement et le d\u00e9veloppement agricole - Le Quotidien de Nouakchott\" \/>\n<meta property=\"og:description\" content=\"Le ministre de l&#8217;\u00c9conomie et des Finances, Sidi Ahmed bouh, a re\u00e7u ce mercredi apr\u00e8s-midi, dans son bureau \u00e0 Nouakchott, une d\u00e9l\u00e9gation de l&#8217; Autorit\u00e9 arabe pour l&#8217;investissement et le d\u00e9veloppement agricole (AAAID) , conduite par le pr\u00e9sident de son conseil d&#8217;administration, le Dr Obaid Saif Azaabi. Selon un communiqu\u00e9 publi\u00e9 par le minist\u00e8re, les.....\" \/>\n<meta property=\"og:url\" content=\"https:\/\/lequotidien.mr\/?p=24584&amp;lang=fr\" \/>\n<meta property=\"og:site_name\" content=\"Le Quotidien de Nouakchott\" \/>\n<meta property=\"article:publisher\" content=\"https:\/\/web.facebook.com\/lequotidienmr\" \/>\n<meta property=\"article:published_time\" content=\"2025-01-16T11:14:34+00:00\" \/>\n<meta property=\"og:image\" content=\"https:\/\/lequotidien.mr\/wp-content\/uploads\/2025\/01\/photo-AAAID.jpeg\" \/>\n\t<meta property=\"og:image:width\" content=\"448\" \/>\n\t<meta property=\"og:image:height\" content=\"194\" \/>\n\t<meta property=\"og:image:type\" content=\"image\/jpeg\" \/>\n<meta name=\"author\" content=\"Med Ahmed\" \/>\n<meta name=\"twitter:card\" content=\"summary_large_image\" \/>\n<meta name=\"twitter:creator\" content=\"@lequotidienmr\" \/>\n<meta name=\"twitter:site\" content=\"@lequotidienmr\" \/>\n<meta name=\"twitter:label1\" content=\"\u0643\u064f\u062a\u0628 \u0628\u0648\u0627\u0633\u0637\u0629\" \/>\n\t<meta name=\"twitter:data1\" content=\"Med Ahmed\" \/>\n\t<meta name=\"twitter:label2\" content=\"\u0648\u0642\u062a \u0627\u0644\u0642\u0631\u0627\u0621\u0629 \u0627\u0644\u0645\u064f\u0642\u062f\u0651\u0631\" \/>\n\t<meta name=\"twitter:data2\" content=\"\u062f\u0642\u064a\u0642\u0629 \u0648\u0627\u062d\u062f\u0629\" \/>\n<script type=\"application\/ld+json\" class=\"yoast-schema-graph\">{\"@context\":\"https:\\\/\\\/schema.org\",\"@graph\":[{\"@type\":\"Article\",\"@id\":\"https:\\\/\\\/lequotidien.mr\\\/?p=24584&lang=fr#article\",\"isPartOf\":{\"@id\":\"https:\\\/\\\/lequotidien.mr\\\/?p=24584&lang=fr\"},\"author\":{\"name\":\"Med Ahmed\",\"@id\":\"https:\\\/\\\/lequotidien.mr\\\/#\\\/schema\\\/person\\\/d2d350202a4d599685ed8abc25f97596\"},\"headline\":\"Investissement\\\/Agriculture: Discussions entre le ministre de l&#8217;\u00c9conomie et des Finances et une d\u00e9l\u00e9gation de l&#8217;Autorit\u00e9 arabe pour l&#8217;investissement et le d\u00e9veloppement agricole\",\"datePublished\":\"2025-01-16T11:14:34+00:00\",\"mainEntityOfPage\":{\"@id\":\"https:\\\/\\\/lequotidien.mr\\\/?p=24584&lang=fr\"},\"wordCount\":327,\"commentCount\":0,\"publisher\":{\"@id\":\"https:\\\/\\\/lequotidien.mr\\\/#organization\"},\"image\":{\"@id\":\"https:\\\/\\\/lequotidien.mr\\\/?p=24584&lang=fr#primaryimage\"},\"thumbnailUrl\":\"https:\\\/\\\/lequotidien.mr\\\/wp-content\\\/uploads\\\/2025\\\/01\\\/photo-AAAID.jpeg\",\"articleSection\":[\"ACTUALIT\u00c9\",\"Economie\"],\"inLanguage\":\"ar\",\"potentialAction\":[{\"@type\":\"CommentAction\",\"name\":\"Comment\",\"target\":[\"https:\\\/\\\/lequotidien.mr\\\/?p=24584&lang=fr#respond\"]}]},{\"@type\":\"WebPage\",\"@id\":\"https:\\\/\\\/lequotidien.mr\\\/?p=24584&lang=fr\",\"url\":\"https:\\\/\\\/lequotidien.mr\\\/?p=24584&lang=fr\",\"name\":\"Investissement\\\/Agriculture: Discussions entre le ministre de l'\u00c9conomie et des Finances et une d\u00e9l\u00e9gation de l'Autorit\u00e9 arabe pour l'investissement et le d\u00e9veloppement agricole - Le Quotidien de Nouakchott\",\"isPartOf\":{\"@id\":\"https:\\\/\\\/lequotidien.mr\\\/#website\"},\"primaryImageOfPage\":{\"@id\":\"https:\\\/\\\/lequotidien.mr\\\/?p=24584&lang=fr#primaryimage\"},\"image\":{\"@id\":\"https:\\\/\\\/lequotidien.mr\\\/?p=24584&lang=fr#primaryimage\"},\"thumbnailUrl\":\"https:\\\/\\\/lequotidien.mr\\\/wp-content\\\/uploads\\\/2025\\\/01\\\/photo-AAAID.jpeg\",\"datePublished\":\"2025-01-16T11:14:34+00:00\",\"breadcrumb\":{\"@id\":\"https:\\\/\\\/lequotidien.mr\\\/?p=24584&lang=fr#breadcrumb\"},\"inLanguage\":\"ar\",\"potentialAction\":[{\"@type\":\"ReadAction\",\"target\":[\"https:\\\/\\\/lequotidien.mr\\\/?p=24584&lang=fr\"]}]},{\"@type\":\"ImageObject\",\"inLanguage\":\"ar\",\"@id\":\"https:\\\/\\\/lequotidien.mr\\\/?p=24584&lang=fr#primaryimage\",\"url\":\"https:\\\/\\\/lequotidien.mr\\\/wp-content\\\/uploads\\\/2025\\\/01\\\/photo-AAAID.jpeg\",\"contentUrl\":\"https:\\\/\\\/lequotidien.mr\\\/wp-content\\\/uploads\\\/2025\\\/01\\\/photo-AAAID.jpeg\",\"width\":448,\"height\":194},{\"@type\":\"BreadcrumbList\",\"@id\":\"https:\\\/\\\/lequotidien.mr\\\/?p=24584&lang=fr#breadcrumb\",\"itemListElement\":[{\"@type\":\"ListItem\",\"position\":1,\"name\":\"Home\",\"item\":\"https:\\\/\\\/lequotidien.mr\\\/\"},{\"@type\":\"ListItem\",\"position\":2,\"name\":\"Investissement\\\/Agriculture: Discussions entre le ministre de l&#8217;\u00c9conomie et des Finances et une d\u00e9l\u00e9gation de l&#8217;Autorit\u00e9 arabe pour l&#8217;investissement et le d\u00e9veloppement agricole\"}]},{\"@type\":\"WebSite\",\"@id\":\"https:\\\/\\\/lequotidien.mr\\\/#website\",\"url\":\"https:\\\/\\\/lequotidien.mr\\\/\",\"name\":\"Le Quotidien de Nouakchott\",\"description\":\"\u0625\u062e\u0628\u0627\u0631\u064a\u0629 \u0645\u0633\u062a\u0642\u0644\u0629 \u0644\u0644\u0623\u0646\u0628\u0627\u0621 \u0627\u0644\u0639\u0627\u0645\u0629\",\"publisher\":{\"@id\":\"https:\\\/\\\/lequotidien.mr\\\/#organization\"},\"potentialAction\":[{\"@type\":\"SearchAction\",\"target\":{\"@type\":\"EntryPoint\",\"urlTemplate\":\"https:\\\/\\\/lequotidien.mr\\\/?s={search_term_string}\"},\"query-input\":{\"@type\":\"PropertyValueSpecification\",\"valueRequired\":true,\"valueName\":\"search_term_string\"}}],\"inLanguage\":\"ar\"},{\"@type\":\"Organization\",\"@id\":\"https:\\\/\\\/lequotidien.mr\\\/#organization\",\"name\":\"Le Quotidien de Nouakchott\",\"url\":\"https:\\\/\\\/lequotidien.mr\\\/\",\"logo\":{\"@type\":\"ImageObject\",\"inLanguage\":\"ar\",\"@id\":\"https:\\\/\\\/lequotidien.mr\\\/#\\\/schema\\\/logo\\\/image\\\/\",\"url\":\"https:\\\/\\\/lequotidien.mr\\\/wp-content\\\/uploads\\\/2022\\\/11\\\/logolequotidien.jpg\",\"contentUrl\":\"https:\\\/\\\/lequotidien.mr\\\/wp-content\\\/uploads\\\/2022\\\/11\\\/logolequotidien.jpg\",\"width\":290,\"height\":65,\"caption\":\"Le Quotidien de Nouakchott\"},\"image\":{\"@id\":\"https:\\\/\\\/lequotidien.mr\\\/#\\\/schema\\\/logo\\\/image\\\/\"},\"sameAs\":[\"https:\\\/\\\/web.facebook.com\\\/lequotidienmr\",\"https:\\\/\\\/x.com\\\/lequotidienmr\"]},{\"@type\":\"Person\",\"@id\":\"https:\\\/\\\/lequotidien.mr\\\/#\\\/schema\\\/person\\\/d2d350202a4d599685ed8abc25f97596\",\"name\":\"Med Ahmed\",\"image\":{\"@type\":\"ImageObject\",\"inLanguage\":\"ar\",\"@id\":\"https:\\\/\\\/secure.gravatar.com\\\/avatar\\\/fd2acc62ed50732923d1d39c17172c9b04149f142be92310ecc69e1358f94b52?s=96&d=mm&r=g\",\"url\":\"https:\\\/\\\/secure.gravatar.com\\\/avatar\\\/fd2acc62ed50732923d1d39c17172c9b04149f142be92310ecc69e1358f94b52?s=96&d=mm&r=g\",\"contentUrl\":\"https:\\\/\\\/secure.gravatar.com\\\/avatar\\\/fd2acc62ed50732923d1d39c17172c9b04149f142be92310ecc69e1358f94b52?s=96&d=mm&r=g\",\"caption\":\"Med Ahmed\"},\"url\":\"https:\\\/\\\/lequotidien.mr\\\/?author=12\"}]}<\/script>\n<!-- \/ Yoast SEO plugin. -->","yoast_head_json":{"title":"Investissement\/Agriculture: Discussions entre le ministre de l'\u00c9conomie et des Finances et une d\u00e9l\u00e9gation de l'Autorit\u00e9 arabe pour l'investissement et le d\u00e9veloppement agricole - Le Quotidien de Nouakchott","robots":{"index":"index","follow":"follow","max-snippet":"max-snippet:-1","max-image-preview":"max-image-preview:large","max-video-preview":"max-video-preview:-1"},"canonical":"https:\/\/lequotidien.mr\/?p=24584&lang=fr","og_locale":"ar_AR","og_type":"article","og_title":"Investissement\/Agriculture: Discussions entre le ministre de l'\u00c9conomie et des Finances et une d\u00e9l\u00e9gation de l'Autorit\u00e9 arabe pour l'investissement et le d\u00e9veloppement agricole - Le Quotidien de Nouakchott","og_description":"Le ministre de l&#8217;\u00c9conomie et des Finances, Sidi Ahmed bouh, a re\u00e7u ce mercredi apr\u00e8s-midi, dans son bureau \u00e0 Nouakchott, une d\u00e9l\u00e9gation de l&#8217; Autorit\u00e9 arabe pour l&#8217;investissement et le d\u00e9veloppement agricole (AAAID) , conduite par le pr\u00e9sident de son conseil d&#8217;administration, le Dr Obaid Saif Azaabi. Selon un communiqu\u00e9 publi\u00e9 par le minist\u00e8re, les.....","og_url":"https:\/\/lequotidien.mr\/?p=24584&lang=fr","og_site_name":"Le Quotidien de Nouakchott","article_publisher":"https:\/\/web.facebook.com\/lequotidienmr","article_published_time":"2025-01-16T11:14:34+00:00","og_image":[{"width":448,"height":194,"url":"https:\/\/lequotidien.mr\/wp-content\/uploads\/2025\/01\/photo-AAAID.jpeg","type":"image\/jpeg"}],"author":"Med Ahmed","twitter_card":"summary_large_image","twitter_creator":"@lequotidienmr","twitter_site":"@lequotidienmr","twitter_misc":{"\u0643\u064f\u062a\u0628 \u0628\u0648\u0627\u0633\u0637\u0629":"Med Ahmed","\u0648\u0642\u062a \u0627\u0644\u0642\u0631\u0627\u0621\u0629 \u0627\u0644\u0645\u064f\u0642\u062f\u0651\u0631":"\u062f\u0642\u064a\u0642\u0629 \u0648\u0627\u062d\u062f\u0629"},"schema":{"@context":"https:\/\/schema.org","@graph":[{"@type":"Article","@id":"https:\/\/lequotidien.mr\/?p=24584&lang=fr#article","isPartOf":{"@id":"https:\/\/lequotidien.mr\/?p=24584&lang=fr"},"author":{"name":"Med Ahmed","@id":"https:\/\/lequotidien.mr\/#\/schema\/person\/d2d350202a4d599685ed8abc25f97596"},"headline":"Investissement\/Agriculture: Discussions entre le ministre de l&#8217;\u00c9conomie et des Finances et une d\u00e9l\u00e9gation de l&#8217;Autorit\u00e9 arabe pour l&#8217;investissement et le d\u00e9veloppement agricole","datePublished":"2025-01-16T11:14:34+00:00","mainEntityOfPage":{"@id":"https:\/\/lequotidien.mr\/?p=24584&lang=fr"},"wordCount":327,"commentCount":0,"publisher":{"@id":"https:\/\/lequotidien.mr\/#organization"},"image":{"@id":"https:\/\/lequotidien.mr\/?p=24584&lang=fr#primaryimage"},"thumbnailUrl":"https:\/\/lequotidien.mr\/wp-content\/uploads\/2025\/01\/photo-AAAID.jpeg","articleSection":["ACTUALIT\u00c9","Economie"],"inLanguage":"ar","potentialAction":[{"@type":"CommentAction","name":"Comment","target":["https:\/\/lequotidien.mr\/?p=24584&lang=fr#respond"]}]},{"@type":"WebPage","@id":"https:\/\/lequotidien.mr\/?p=24584&lang=fr","url":"https:\/\/lequotidien.mr\/?p=24584&lang=fr","name":"Investissement\/Agriculture: Discussions entre le ministre de l'\u00c9conomie et des Finances et une d\u00e9l\u00e9gation de l'Autorit\u00e9 arabe pour l'investissement et le d\u00e9veloppement agricole - Le Quotidien de Nouakchott","isPartOf":{"@id":"https:\/\/lequotidien.mr\/#website"},"primaryImageOfPage":{"@id":"https:\/\/lequotidien.mr\/?p=24584&lang=fr#primaryimage"},"image":{"@id":"https:\/\/lequotidien.mr\/?p=24584&lang=fr#primaryimage"},"thumbnailUrl":"https:\/\/lequotidien.mr\/wp-content\/uploads\/2025\/01\/photo-AAAID.jpeg","datePublished":"2025-01-16T11:14:34+00:00","breadcrumb":{"@id":"https:\/\/lequotidien.mr\/?p=24584&lang=fr#breadcrumb"},"inLanguage":"ar","potentialAction":[{"@type":"ReadAction","target":["https:\/\/lequotidien.mr\/?p=24584&lang=fr"]}]},{"@type":"ImageObject","inLanguage":"ar","@id":"https:\/\/lequotidien.mr\/?p=24584&lang=fr#primaryimage","url":"https:\/\/lequotidien.mr\/wp-content\/uploads\/2025\/01\/photo-AAAID.jpeg","contentUrl":"https:\/\/lequotidien.mr\/wp-content\/uploads\/2025\/01\/photo-AAAID.jpeg","width":448,"height":194},{"@type":"BreadcrumbList","@id":"https:\/\/lequotidien.mr\/?p=24584&lang=fr#breadcrumb","itemListElement":[{"@type":"ListItem","position":1,"name":"Home","item":"https:\/\/lequotidien.mr\/"},{"@type":"ListItem","position":2,"name":"Investissement\/Agriculture: Discussions entre le ministre de l&#8217;\u00c9conomie et des Finances et une d\u00e9l\u00e9gation de l&#8217;Autorit\u00e9 arabe pour l&#8217;investissement et le d\u00e9veloppement agricole"}]},{"@type":"WebSite","@id":"https:\/\/lequotidien.mr\/#website","url":"https:\/\/lequotidien.mr\/","name":"Le Quotidien de Nouakchott","description":"\u0625\u062e\u0628\u0627\u0631\u064a\u0629 \u0645\u0633\u062a\u0642\u0644\u0629 \u0644\u0644\u0623\u0646\u0628\u0627\u0621 \u0627\u0644\u0639\u0627\u0645\u0629","publisher":{"@id":"https:\/\/lequotidien.mr\/#organization"},"potentialAction":[{"@type":"SearchAction","target":{"@type":"EntryPoint","urlTemplate":"https:\/\/lequotidien.mr\/?s={search_term_string}"},"query-input":{"@type":"PropertyValueSpecification","valueRequired":true,"valueName":"search_term_string"}}],"inLanguage":"ar"},{"@type":"Organization","@id":"https:\/\/lequotidien.mr\/#organization","name":"Le Quotidien de Nouakchott","url":"https:\/\/lequotidien.mr\/","logo":{"@type":"ImageObject","inLanguage":"ar","@id":"https:\/\/lequotidien.mr\/#\/schema\/logo\/image\/","url":"https:\/\/lequotidien.mr\/wp-content\/uploads\/2022\/11\/logolequotidien.jpg","contentUrl":"https:\/\/lequotidien.mr\/wp-content\/uploads\/2022\/11\/logolequotidien.jpg","width":290,"height":65,"caption":"Le Quotidien de Nouakchott"},"image":{"@id":"https:\/\/lequotidien.mr\/#\/schema\/logo\/image\/"},"sameAs":["https:\/\/web.facebook.com\/lequotidienmr","https:\/\/x.com\/lequotidienmr"]},{"@type":"Person","@id":"https:\/\/lequotidien.mr\/#\/schema\/person\/d2d350202a4d599685ed8abc25f97596","name":"Med Ahmed","image":{"@type":"ImageObject","inLanguage":"ar","@id":"https:\/\/secure.gravatar.com\/avatar\/fd2acc62ed50732923d1d39c17172c9b04149f142be92310ecc69e1358f94b52?s=96&d=mm&r=g","url":"https:\/\/secure.gravatar.com\/avatar\/fd2acc62ed50732923d1d39c17172c9b04149f142be92310ecc69e1358f94b52?s=96&d=mm&r=g","contentUrl":"https:\/\/secure.gravatar.com\/avatar\/fd2acc62ed50732923d1d39c17172c9b04149f142be92310ecc69e1358f94b52?s=96&d=mm&r=g","caption":"Med Ahmed"},"url":"https:\/\/lequotidien.mr\/?author=12"}]}},"_links":{"self":[{"href":"https:\/\/lequotidien.mr\/index.php?rest_route=\/wp\/v2\/posts\/24584","targetHints":{"allow":["GET"]}}],"collection":[{"href":"https:\/\/lequotidien.mr\/index.php?rest_route=\/wp\/v2\/posts"}],"about":[{"href":"https:\/\/lequotidien.mr\/index.php?rest_route=\/wp\/v2\/types\/post"}],"author":[{"embeddable":true,"href":"https:\/\/lequotidien.mr\/index.php?rest_route=\/wp\/v2\/users\/12"}],"replies":[{"embeddable":true,"href":"https:\/\/lequotidien.mr\/index.php?rest_route=%2Fwp%2Fv2%2Fcomments&post=24584"}],"version-history":[{"count":1,"href":"https:\/\/lequotidien.mr\/index.php?rest_route=\/wp\/v2\/posts\/24584\/revisions"}],"predecessor-version":[{"id":24586,"href":"https:\/\/lequotidien.mr\/index.php?rest_route=\/wp\/v2\/posts\/24584\/revisions\/24586"}],"wp:featuredmedia":[{"embeddable":true,"href":"https:\/\/lequotidien.mr\/index.php?rest_route=\/wp\/v2\/media\/24585"}],"wp:attachment":[{"href":"https:\/\/lequotidien.mr\/index.php?rest_route=%2Fwp%2Fv2%2Fmedia&parent=24584"}],"wp:term":[{"taxonomy":"category","embeddable":true,"href":"https:\/\/lequotidien.mr\/index.php?rest_route=%2Fwp%2Fv2%2Fcategories&post=24584"},{"taxonomy":"post_tag","embeddable":true,"href":"https:\/\/lequotidien.mr\/index.php?rest_route=%2Fwp%2Fv2%2Ftags&post=24584"}],"curies":[{"name":"wp","href":"https:\/\/api.w.org\/{rel}","templated":true}]}}