{"id":24522,"date":"2025-01-15T11:18:21","date_gmt":"2025-01-15T11:18:21","guid":{"rendered":"https:\/\/lequotidien.mr\/?p=24522"},"modified":"2025-01-15T11:18:21","modified_gmt":"2025-01-15T11:18:21","slug":"table-ronde-sur-le-partenariat-public-prive-mauritano-senegalais-une-vision-commune-et-des-opportunites-dinvestissement-prometteuses","status":"publish","type":"post","link":"https:\/\/lequotidien.mr\/?p=24522&lang=fr","title":{"rendered":"Table ronde sur le partenariat public-priv\u00e9 mauritano-s\u00e9n\u00e9galais: Une vision commune et des opportunit\u00e9s d\u2019investissement prometteuses"},"content":{"rendered":"<p>Dans le cadre de la visite de travail du Premier ministre s\u00e9n\u00e9galais, <strong>M. Ousmane Sonko<\/strong>, en Mauritanie, une table ronde consacr\u00e9e au <strong>partenariat public-priv\u00e9<\/strong> s\u2019est tenue mardi dernier \u00e0 Nouakchott, sous le th\u00e8me : <em>\u00ab Renforcer le partenariat strat\u00e9gique pour une int\u00e9gration \u00e9conomique durable \u00bb<\/em>.<\/p>\n<p>Pr\u00e9sid\u00e9e conjointement par les Premiers ministres des deux pays, <strong>M. El Moctar Djay<\/strong> et <strong>M. Ousmane Sonko<\/strong>, cette rencontre a \u00e9t\u00e9 organis\u00e9e par l\u2019<strong>Agence de Promotion des Investissements en Mauritanie (APIM)<\/strong>. Elle a rassembl\u00e9 des membres des gouvernements, des repr\u00e9sentants des secteurs priv\u00e9s, et des acteurs \u00e9conomiques des deux nations.<\/p>\n<p><strong>Des opportunit\u00e9s d\u2019investissement prometteuses<\/strong><\/p>\n<p>L\u2019objectif principal de cette table ronde \u00e9tait de mettre en lumi\u00e8re les opportunit\u00e9s d\u2019investissement dans des secteurs cl\u00e9s tels que l\u2019\u00e9nergie, les mines, la p\u00eache, l\u2019\u00e9levage, et l\u2019agriculture. Deux documentaires ont \u00e9t\u00e9 projet\u00e9s en ouverture, mettant en avant les capacit\u00e9s prometteuses des deux pays et leurs initiatives dans des domaines strat\u00e9giques comme les zones \u00e9conomiques sp\u00e9ciales, les corridors commerciaux, et les projets d\u2019infrastructure transfrontaliers.<\/p>\n<p>Dans son allocution, le Premier ministre mauritanien, M. El Moctar Djay, a r\u00e9affirm\u00e9 l\u2019importance de jeter les bases d\u2019une coop\u00e9ration \u00e9conomique solide entre les deux nations, en insistant sur l\u2019urgence de renforcer le secteur priv\u00e9.<\/p>\n<p><em>\u00ab Les deux pays disposent d\u2019atouts importants, notamment dans les \u00e9nergies renouvelables, l\u2019agriculture et les zones \u00e9conomiques sp\u00e9ciales. Ensemble, nous devons surmonter les entraves administratives et promouvoir une industrie comp\u00e9titive et durable, \u00bb<\/em> a-t-il d\u00e9clar\u00e9.<\/p>\n<p><strong>Une vision commune pour une croissance inclusive<\/strong><\/p>\n<p>De son c\u00f4t\u00e9, le Premier ministre s\u00e9n\u00e9galais, M. Ousmane Sonko, a soulign\u00e9 l\u2019importance d\u2019\u00e9tendre la coop\u00e9ration au-del\u00e0 du secteur p\u00e9tro-gazier pour couvrir des domaines essentiels tels que l\u2019agriculture, l\u2019\u00e9levage, la formation et les finances.<\/p>\n<p><em>\u00ab L\u2019\u00e9nergie est la cl\u00e9 de l\u2019industrialisation. Il nous faut produire plus, investir davantage et aller vite pour combler les \u00e9carts dans nos capacit\u00e9s actuelles, \u00bb<\/em> a-t-il d\u00e9clar\u00e9, tout en invitant les investisseurs mauritaniens \u00e0 saisir les opportunit\u00e9s offertes au S\u00e9n\u00e9gal.<\/p>\n<p>Sonko a \u00e9galement appel\u00e9 \u00e0 lever les blocages administratifs, harmoniser les cadres r\u00e9glementaires et fluidifier les relations \u00e9conomiques entre les deux pays.<\/p>\n<p><strong>Les acteurs \u00e9conomiques au c\u0153ur des discussions<\/strong><\/p>\n<p>Les pr\u00e9sidents des organisations patronales, <strong>M. Mohamed Zeine El Abidine Cheikh Ahmed<\/strong> (Mauritanie) et <strong>M. Baidy Agne<\/strong> (S\u00e9n\u00e9gal), ont plaid\u00e9 pour des partenariats renforc\u00e9s entre les secteurs priv\u00e9s des deux nations.<\/p>\n<p>Cheikh Ahmed a insist\u00e9 sur la n\u00e9cessit\u00e9 d\u2019achever des projets structurants comme le <strong>Pont de Rosso<\/strong> et le d\u00e9veloppement du projet gazier <strong>Grand Tortue Ahmeyim (GTA)<\/strong>, tandis que M. Agne a \u00e9voqu\u00e9 l\u2019importance de r\u00e9duire la d\u00e9pendance vis-\u00e0-vis des importations et de partager les savoir-faire pour une croissance durable.<\/p>\n<p><strong>Faciliter l\u2019investissement : une priorit\u00e9 partag\u00e9e<\/strong><\/p>\n<p><strong>Mme A\u00efssata Lam<\/strong>, directrice de l\u2019APIM, a pr\u00e9sent\u00e9 les efforts de son agence pour simplifier les d\u00e9marches administratives et promouvoir des projets strat\u00e9giques. Elle a \u00e9galement annonc\u00e9 le lancement du <strong>Conseil d\u2019affaires Mauritano-S\u00e9n\u00e9galais<\/strong>, une initiative destin\u00e9e \u00e0 intensifier les \u00e9changes entre entreprises des deux pays.<\/p>\n<p>Son homologue s\u00e9n\u00e9galais, <strong>M. Bakary Sega Bathily<\/strong>, a appel\u00e9 \u00e0 conjuguer les efforts pour stimuler la production locale, en particulier dans l\u2019agriculture et l\u2019\u00e9nergie, deux leviers cl\u00e9s pour l\u2019int\u00e9gration \u00e9conomique.<\/p>\n<p>Cette table ronde a marqu\u00e9 une \u00e9tape importante dans le renforcement des relations bilat\u00e9rales entre la Mauritanie et le S\u00e9n\u00e9gal. Les deux Premiers ministres ont conclu en appelant \u00e0 transformer ce partenariat strat\u00e9gique en un moteur d\u2019int\u00e9gration r\u00e9gionale et continentale, au service de la prosp\u00e9rit\u00e9 des deux nations.<\/p>\n<p>Avec un engagement commun \u00e0 lever les obstacles et \u00e0 saisir les opportunit\u00e9s, les deux pays se positionnent comme des acteurs majeurs de l\u2019int\u00e9gration \u00e9conomique en Afrique.<\/p>\n","protected":false},"excerpt":{"rendered":"<p>Dans le cadre de la visite de travail du Premier ministre s\u00e9n\u00e9galais, M. Ousmane Sonko, en Mauritanie, une table ronde consacr\u00e9e au partenariat public-priv\u00e9 s\u2019est tenue mardi dernier \u00e0 Nouakchott, sous le th\u00e8me : \u00ab Renforcer le partenariat strat\u00e9gique pour une int\u00e9gration \u00e9conomique durable \u00bb. Pr\u00e9sid\u00e9e conjointement par les Premiers ministres des deux pays, M&#8230;&#8230;<\/p>\n","protected":false},"author":12,"featured_media":24523,"comment_status":"open","ping_status":"open","sticky":false,"template":"","format":"standard","meta":{"footnotes":""},"categories":[23,49],"tags":[],"class_list":["post-24522","post","type-post","status-publish","format-standard","has-post-thumbnail","hentry","category-actualite","category-economie"],"yoast_head":"<!-- This site is optimized with the Yoast SEO plugin v27.5 - https:\/\/yoast.com\/product\/yoast-seo-wordpress\/ -->\n<title>Table ronde sur le partenariat public-priv\u00e9 mauritano-s\u00e9n\u00e9galais: Une vision commune et des opportunit\u00e9s d\u2019investissement prometteuses - Le Quotidien de Nouakchott<\/title>\n<meta name=\"robots\" content=\"index, follow, max-snippet:-1, max-image-preview:large, max-video-preview:-1\" \/>\n<link rel=\"canonical\" href=\"https:\/\/lequotidien.mr\/?p=24522&lang=fr\" \/>\n<meta property=\"og:locale\" content=\"ar_AR\" \/>\n<meta property=\"og:type\" content=\"article\" \/>\n<meta property=\"og:title\" content=\"Table ronde sur le partenariat public-priv\u00e9 mauritano-s\u00e9n\u00e9galais: Une vision commune et des opportunit\u00e9s d\u2019investissement prometteuses - Le Quotidien de Nouakchott\" \/>\n<meta property=\"og:description\" content=\"Dans le cadre de la visite de travail du Premier ministre s\u00e9n\u00e9galais, M. Ousmane Sonko, en Mauritanie, une table ronde consacr\u00e9e au partenariat public-priv\u00e9 s\u2019est tenue mardi dernier \u00e0 Nouakchott, sous le th\u00e8me : \u00ab Renforcer le partenariat strat\u00e9gique pour une int\u00e9gration \u00e9conomique durable \u00bb. Pr\u00e9sid\u00e9e conjointement par les Premiers ministres des deux pays, M......\" \/>\n<meta property=\"og:url\" content=\"https:\/\/lequotidien.mr\/?p=24522&amp;lang=fr\" \/>\n<meta property=\"og:site_name\" content=\"Le Quotidien de Nouakchott\" \/>\n<meta property=\"article:publisher\" content=\"https:\/\/web.facebook.com\/lequotidienmr\" \/>\n<meta property=\"article:published_time\" content=\"2025-01-15T11:18:21+00:00\" \/>\n<meta property=\"og:image\" content=\"https:\/\/lequotidien.mr\/wp-content\/uploads\/2025\/01\/photo-table-ronde-RIM-Sgal.jpg\" \/>\n\t<meta property=\"og:image:width\" content=\"544\" \/>\n\t<meta property=\"og:image:height\" content=\"353\" \/>\n\t<meta property=\"og:image:type\" content=\"image\/jpeg\" \/>\n<meta name=\"author\" content=\"Med Ahmed\" \/>\n<meta name=\"twitter:card\" content=\"summary_large_image\" \/>\n<meta name=\"twitter:creator\" content=\"@lequotidienmr\" \/>\n<meta name=\"twitter:site\" content=\"@lequotidienmr\" \/>\n<meta name=\"twitter:label1\" content=\"\u0643\u064f\u062a\u0628 \u0628\u0648\u0627\u0633\u0637\u0629\" \/>\n\t<meta name=\"twitter:data1\" content=\"Med Ahmed\" \/>\n\t<meta name=\"twitter:label2\" content=\"\u0648\u0642\u062a \u0627\u0644\u0642\u0631\u0627\u0621\u0629 \u0627\u0644\u0645\u064f\u0642\u062f\u0651\u0631\" \/>\n\t<meta name=\"twitter:data2\" content=\"3 \u062f\u0642\u0627\u0626\u0642\" \/>\n<script type=\"application\/ld+json\" class=\"yoast-schema-graph\">{\"@context\":\"https:\\\/\\\/schema.org\",\"@graph\":[{\"@type\":\"Article\",\"@id\":\"https:\\\/\\\/lequotidien.mr\\\/?p=24522&lang=fr#article\",\"isPartOf\":{\"@id\":\"https:\\\/\\\/lequotidien.mr\\\/?p=24522&lang=fr\"},\"author\":{\"name\":\"Med Ahmed\",\"@id\":\"https:\\\/\\\/lequotidien.mr\\\/#\\\/schema\\\/person\\\/d2d350202a4d599685ed8abc25f97596\"},\"headline\":\"Table ronde sur le partenariat public-priv\u00e9 mauritano-s\u00e9n\u00e9galais: Une vision commune et des opportunit\u00e9s d\u2019investissement prometteuses\",\"datePublished\":\"2025-01-15T11:18:21+00:00\",\"mainEntityOfPage\":{\"@id\":\"https:\\\/\\\/lequotidien.mr\\\/?p=24522&lang=fr\"},\"wordCount\":681,\"commentCount\":0,\"publisher\":{\"@id\":\"https:\\\/\\\/lequotidien.mr\\\/#organization\"},\"image\":{\"@id\":\"https:\\\/\\\/lequotidien.mr\\\/?p=24522&lang=fr#primaryimage\"},\"thumbnailUrl\":\"https:\\\/\\\/lequotidien.mr\\\/wp-content\\\/uploads\\\/2025\\\/01\\\/photo-table-ronde-RIM-Sgal.jpg\",\"articleSection\":[\"ACTUALIT\u00c9\",\"Economie\"],\"inLanguage\":\"ar\",\"potentialAction\":[{\"@type\":\"CommentAction\",\"name\":\"Comment\",\"target\":[\"https:\\\/\\\/lequotidien.mr\\\/?p=24522&lang=fr#respond\"]}]},{\"@type\":\"WebPage\",\"@id\":\"https:\\\/\\\/lequotidien.mr\\\/?p=24522&lang=fr\",\"url\":\"https:\\\/\\\/lequotidien.mr\\\/?p=24522&lang=fr\",\"name\":\"Table ronde sur le partenariat public-priv\u00e9 mauritano-s\u00e9n\u00e9galais: Une vision commune et des opportunit\u00e9s d\u2019investissement prometteuses - Le Quotidien de Nouakchott\",\"isPartOf\":{\"@id\":\"https:\\\/\\\/lequotidien.mr\\\/#website\"},\"primaryImageOfPage\":{\"@id\":\"https:\\\/\\\/lequotidien.mr\\\/?p=24522&lang=fr#primaryimage\"},\"image\":{\"@id\":\"https:\\\/\\\/lequotidien.mr\\\/?p=24522&lang=fr#primaryimage\"},\"thumbnailUrl\":\"https:\\\/\\\/lequotidien.mr\\\/wp-content\\\/uploads\\\/2025\\\/01\\\/photo-table-ronde-RIM-Sgal.jpg\",\"datePublished\":\"2025-01-15T11:18:21+00:00\",\"breadcrumb\":{\"@id\":\"https:\\\/\\\/lequotidien.mr\\\/?p=24522&lang=fr#breadcrumb\"},\"inLanguage\":\"ar\",\"potentialAction\":[{\"@type\":\"ReadAction\",\"target\":[\"https:\\\/\\\/lequotidien.mr\\\/?p=24522&lang=fr\"]}]},{\"@type\":\"ImageObject\",\"inLanguage\":\"ar\",\"@id\":\"https:\\\/\\\/lequotidien.mr\\\/?p=24522&lang=fr#primaryimage\",\"url\":\"https:\\\/\\\/lequotidien.mr\\\/wp-content\\\/uploads\\\/2025\\\/01\\\/photo-table-ronde-RIM-Sgal.jpg\",\"contentUrl\":\"https:\\\/\\\/lequotidien.mr\\\/wp-content\\\/uploads\\\/2025\\\/01\\\/photo-table-ronde-RIM-Sgal.jpg\",\"width\":544,\"height\":353},{\"@type\":\"BreadcrumbList\",\"@id\":\"https:\\\/\\\/lequotidien.mr\\\/?p=24522&lang=fr#breadcrumb\",\"itemListElement\":[{\"@type\":\"ListItem\",\"position\":1,\"name\":\"Home\",\"item\":\"https:\\\/\\\/lequotidien.mr\\\/\"},{\"@type\":\"ListItem\",\"position\":2,\"name\":\"Table ronde sur le partenariat public-priv\u00e9 mauritano-s\u00e9n\u00e9galais: Une vision commune et des opportunit\u00e9s d\u2019investissement prometteuses\"}]},{\"@type\":\"WebSite\",\"@id\":\"https:\\\/\\\/lequotidien.mr\\\/#website\",\"url\":\"https:\\\/\\\/lequotidien.mr\\\/\",\"name\":\"Le Quotidien de Nouakchott\",\"description\":\"\u0625\u062e\u0628\u0627\u0631\u064a\u0629 \u0645\u0633\u062a\u0642\u0644\u0629 \u0644\u0644\u0623\u0646\u0628\u0627\u0621 \u0627\u0644\u0639\u0627\u0645\u0629\",\"publisher\":{\"@id\":\"https:\\\/\\\/lequotidien.mr\\\/#organization\"},\"potentialAction\":[{\"@type\":\"SearchAction\",\"target\":{\"@type\":\"EntryPoint\",\"urlTemplate\":\"https:\\\/\\\/lequotidien.mr\\\/?s={search_term_string}\"},\"query-input\":{\"@type\":\"PropertyValueSpecification\",\"valueRequired\":true,\"valueName\":\"search_term_string\"}}],\"inLanguage\":\"ar\"},{\"@type\":\"Organization\",\"@id\":\"https:\\\/\\\/lequotidien.mr\\\/#organization\",\"name\":\"Le Quotidien de Nouakchott\",\"url\":\"https:\\\/\\\/lequotidien.mr\\\/\",\"logo\":{\"@type\":\"ImageObject\",\"inLanguage\":\"ar\",\"@id\":\"https:\\\/\\\/lequotidien.mr\\\/#\\\/schema\\\/logo\\\/image\\\/\",\"url\":\"https:\\\/\\\/lequotidien.mr\\\/wp-content\\\/uploads\\\/2022\\\/11\\\/logolequotidien.jpg\",\"contentUrl\":\"https:\\\/\\\/lequotidien.mr\\\/wp-content\\\/uploads\\\/2022\\\/11\\\/logolequotidien.jpg\",\"width\":290,\"height\":65,\"caption\":\"Le Quotidien de Nouakchott\"},\"image\":{\"@id\":\"https:\\\/\\\/lequotidien.mr\\\/#\\\/schema\\\/logo\\\/image\\\/\"},\"sameAs\":[\"https:\\\/\\\/web.facebook.com\\\/lequotidienmr\",\"https:\\\/\\\/x.com\\\/lequotidienmr\"]},{\"@type\":\"Person\",\"@id\":\"https:\\\/\\\/lequotidien.mr\\\/#\\\/schema\\\/person\\\/d2d350202a4d599685ed8abc25f97596\",\"name\":\"Med Ahmed\",\"image\":{\"@type\":\"ImageObject\",\"inLanguage\":\"ar\",\"@id\":\"https:\\\/\\\/secure.gravatar.com\\\/avatar\\\/fd2acc62ed50732923d1d39c17172c9b04149f142be92310ecc69e1358f94b52?s=96&d=mm&r=g\",\"url\":\"https:\\\/\\\/secure.gravatar.com\\\/avatar\\\/fd2acc62ed50732923d1d39c17172c9b04149f142be92310ecc69e1358f94b52?s=96&d=mm&r=g\",\"contentUrl\":\"https:\\\/\\\/secure.gravatar.com\\\/avatar\\\/fd2acc62ed50732923d1d39c17172c9b04149f142be92310ecc69e1358f94b52?s=96&d=mm&r=g\",\"caption\":\"Med Ahmed\"},\"url\":\"https:\\\/\\\/lequotidien.mr\\\/?author=12\"}]}<\/script>\n<!-- \/ Yoast SEO plugin. -->","yoast_head_json":{"title":"Table ronde sur le partenariat public-priv\u00e9 mauritano-s\u00e9n\u00e9galais: Une vision commune et des opportunit\u00e9s d\u2019investissement prometteuses - Le Quotidien de Nouakchott","robots":{"index":"index","follow":"follow","max-snippet":"max-snippet:-1","max-image-preview":"max-image-preview:large","max-video-preview":"max-video-preview:-1"},"canonical":"https:\/\/lequotidien.mr\/?p=24522&lang=fr","og_locale":"ar_AR","og_type":"article","og_title":"Table ronde sur le partenariat public-priv\u00e9 mauritano-s\u00e9n\u00e9galais: Une vision commune et des opportunit\u00e9s d\u2019investissement prometteuses - Le Quotidien de Nouakchott","og_description":"Dans le cadre de la visite de travail du Premier ministre s\u00e9n\u00e9galais, M. Ousmane Sonko, en Mauritanie, une table ronde consacr\u00e9e au partenariat public-priv\u00e9 s\u2019est tenue mardi dernier \u00e0 Nouakchott, sous le th\u00e8me : \u00ab Renforcer le partenariat strat\u00e9gique pour une int\u00e9gration \u00e9conomique durable \u00bb. Pr\u00e9sid\u00e9e conjointement par les Premiers ministres des deux pays, M......","og_url":"https:\/\/lequotidien.mr\/?p=24522&lang=fr","og_site_name":"Le Quotidien de Nouakchott","article_publisher":"https:\/\/web.facebook.com\/lequotidienmr","article_published_time":"2025-01-15T11:18:21+00:00","og_image":[{"width":544,"height":353,"url":"https:\/\/lequotidien.mr\/wp-content\/uploads\/2025\/01\/photo-table-ronde-RIM-Sgal.jpg","type":"image\/jpeg"}],"author":"Med Ahmed","twitter_card":"summary_large_image","twitter_creator":"@lequotidienmr","twitter_site":"@lequotidienmr","twitter_misc":{"\u0643\u064f\u062a\u0628 \u0628\u0648\u0627\u0633\u0637\u0629":"Med Ahmed","\u0648\u0642\u062a \u0627\u0644\u0642\u0631\u0627\u0621\u0629 \u0627\u0644\u0645\u064f\u0642\u062f\u0651\u0631":"3 \u062f\u0642\u0627\u0626\u0642"},"schema":{"@context":"https:\/\/schema.org","@graph":[{"@type":"Article","@id":"https:\/\/lequotidien.mr\/?p=24522&lang=fr#article","isPartOf":{"@id":"https:\/\/lequotidien.mr\/?p=24522&lang=fr"},"author":{"name":"Med Ahmed","@id":"https:\/\/lequotidien.mr\/#\/schema\/person\/d2d350202a4d599685ed8abc25f97596"},"headline":"Table ronde sur le partenariat public-priv\u00e9 mauritano-s\u00e9n\u00e9galais: Une vision commune et des opportunit\u00e9s d\u2019investissement prometteuses","datePublished":"2025-01-15T11:18:21+00:00","mainEntityOfPage":{"@id":"https:\/\/lequotidien.mr\/?p=24522&lang=fr"},"wordCount":681,"commentCount":0,"publisher":{"@id":"https:\/\/lequotidien.mr\/#organization"},"image":{"@id":"https:\/\/lequotidien.mr\/?p=24522&lang=fr#primaryimage"},"thumbnailUrl":"https:\/\/lequotidien.mr\/wp-content\/uploads\/2025\/01\/photo-table-ronde-RIM-Sgal.jpg","articleSection":["ACTUALIT\u00c9","Economie"],"inLanguage":"ar","potentialAction":[{"@type":"CommentAction","name":"Comment","target":["https:\/\/lequotidien.mr\/?p=24522&lang=fr#respond"]}]},{"@type":"WebPage","@id":"https:\/\/lequotidien.mr\/?p=24522&lang=fr","url":"https:\/\/lequotidien.mr\/?p=24522&lang=fr","name":"Table ronde sur le partenariat public-priv\u00e9 mauritano-s\u00e9n\u00e9galais: Une vision commune et des opportunit\u00e9s d\u2019investissement prometteuses - Le Quotidien de Nouakchott","isPartOf":{"@id":"https:\/\/lequotidien.mr\/#website"},"primaryImageOfPage":{"@id":"https:\/\/lequotidien.mr\/?p=24522&lang=fr#primaryimage"},"image":{"@id":"https:\/\/lequotidien.mr\/?p=24522&lang=fr#primaryimage"},"thumbnailUrl":"https:\/\/lequotidien.mr\/wp-content\/uploads\/2025\/01\/photo-table-ronde-RIM-Sgal.jpg","datePublished":"2025-01-15T11:18:21+00:00","breadcrumb":{"@id":"https:\/\/lequotidien.mr\/?p=24522&lang=fr#breadcrumb"},"inLanguage":"ar","potentialAction":[{"@type":"ReadAction","target":["https:\/\/lequotidien.mr\/?p=24522&lang=fr"]}]},{"@type":"ImageObject","inLanguage":"ar","@id":"https:\/\/lequotidien.mr\/?p=24522&lang=fr#primaryimage","url":"https:\/\/lequotidien.mr\/wp-content\/uploads\/2025\/01\/photo-table-ronde-RIM-Sgal.jpg","contentUrl":"https:\/\/lequotidien.mr\/wp-content\/uploads\/2025\/01\/photo-table-ronde-RIM-Sgal.jpg","width":544,"height":353},{"@type":"BreadcrumbList","@id":"https:\/\/lequotidien.mr\/?p=24522&lang=fr#breadcrumb","itemListElement":[{"@type":"ListItem","position":1,"name":"Home","item":"https:\/\/lequotidien.mr\/"},{"@type":"ListItem","position":2,"name":"Table ronde sur le partenariat public-priv\u00e9 mauritano-s\u00e9n\u00e9galais: Une vision commune et des opportunit\u00e9s d\u2019investissement prometteuses"}]},{"@type":"WebSite","@id":"https:\/\/lequotidien.mr\/#website","url":"https:\/\/lequotidien.mr\/","name":"Le Quotidien de Nouakchott","description":"\u0625\u062e\u0628\u0627\u0631\u064a\u0629 \u0645\u0633\u062a\u0642\u0644\u0629 \u0644\u0644\u0623\u0646\u0628\u0627\u0621 \u0627\u0644\u0639\u0627\u0645\u0629","publisher":{"@id":"https:\/\/lequotidien.mr\/#organization"},"potentialAction":[{"@type":"SearchAction","target":{"@type":"EntryPoint","urlTemplate":"https:\/\/lequotidien.mr\/?s={search_term_string}"},"query-input":{"@type":"PropertyValueSpecification","valueRequired":true,"valueName":"search_term_string"}}],"inLanguage":"ar"},{"@type":"Organization","@id":"https:\/\/lequotidien.mr\/#organization","name":"Le Quotidien de Nouakchott","url":"https:\/\/lequotidien.mr\/","logo":{"@type":"ImageObject","inLanguage":"ar","@id":"https:\/\/lequotidien.mr\/#\/schema\/logo\/image\/","url":"https:\/\/lequotidien.mr\/wp-content\/uploads\/2022\/11\/logolequotidien.jpg","contentUrl":"https:\/\/lequotidien.mr\/wp-content\/uploads\/2022\/11\/logolequotidien.jpg","width":290,"height":65,"caption":"Le Quotidien de Nouakchott"},"image":{"@id":"https:\/\/lequotidien.mr\/#\/schema\/logo\/image\/"},"sameAs":["https:\/\/web.facebook.com\/lequotidienmr","https:\/\/x.com\/lequotidienmr"]},{"@type":"Person","@id":"https:\/\/lequotidien.mr\/#\/schema\/person\/d2d350202a4d599685ed8abc25f97596","name":"Med Ahmed","image":{"@type":"ImageObject","inLanguage":"ar","@id":"https:\/\/secure.gravatar.com\/avatar\/fd2acc62ed50732923d1d39c17172c9b04149f142be92310ecc69e1358f94b52?s=96&d=mm&r=g","url":"https:\/\/secure.gravatar.com\/avatar\/fd2acc62ed50732923d1d39c17172c9b04149f142be92310ecc69e1358f94b52?s=96&d=mm&r=g","contentUrl":"https:\/\/secure.gravatar.com\/avatar\/fd2acc62ed50732923d1d39c17172c9b04149f142be92310ecc69e1358f94b52?s=96&d=mm&r=g","caption":"Med Ahmed"},"url":"https:\/\/lequotidien.mr\/?author=12"}]}},"_links":{"self":[{"href":"https:\/\/lequotidien.mr\/index.php?rest_route=\/wp\/v2\/posts\/24522","targetHints":{"allow":["GET"]}}],"collection":[{"href":"https:\/\/lequotidien.mr\/index.php?rest_route=\/wp\/v2\/posts"}],"about":[{"href":"https:\/\/lequotidien.mr\/index.php?rest_route=\/wp\/v2\/types\/post"}],"author":[{"embeddable":true,"href":"https:\/\/lequotidien.mr\/index.php?rest_route=\/wp\/v2\/users\/12"}],"replies":[{"embeddable":true,"href":"https:\/\/lequotidien.mr\/index.php?rest_route=%2Fwp%2Fv2%2Fcomments&post=24522"}],"version-history":[{"count":1,"href":"https:\/\/lequotidien.mr\/index.php?rest_route=\/wp\/v2\/posts\/24522\/revisions"}],"predecessor-version":[{"id":24524,"href":"https:\/\/lequotidien.mr\/index.php?rest_route=\/wp\/v2\/posts\/24522\/revisions\/24524"}],"wp:featuredmedia":[{"embeddable":true,"href":"https:\/\/lequotidien.mr\/index.php?rest_route=\/wp\/v2\/media\/24523"}],"wp:attachment":[{"href":"https:\/\/lequotidien.mr\/index.php?rest_route=%2Fwp%2Fv2%2Fmedia&parent=24522"}],"wp:term":[{"taxonomy":"category","embeddable":true,"href":"https:\/\/lequotidien.mr\/index.php?rest_route=%2Fwp%2Fv2%2Fcategories&post=24522"},{"taxonomy":"post_tag","embeddable":true,"href":"https:\/\/lequotidien.mr\/index.php?rest_route=%2Fwp%2Fv2%2Ftags&post=24522"}],"curies":[{"name":"wp","href":"https:\/\/api.w.org\/{rel}","templated":true}]}}