{"id":24497,"date":"2025-01-14T23:41:07","date_gmt":"2025-01-14T23:41:07","guid":{"rendered":"https:\/\/lequotidien.mr\/?p=24497"},"modified":"2025-01-14T23:41:53","modified_gmt":"2025-01-14T23:41:53","slug":"lassociation-pour-la-sauvegarde-de-la-ghadima-tidjikja-cloture-avec-succes-la-dixieme-edition-des-journees-culturelles","status":"publish","type":"post","link":"https:\/\/lequotidien.mr\/?p=24497&lang=fr","title":{"rendered":"L&#8217;Association pour la Sauvegarde de la Ghadima-Tidjikja Cl\u00f4ture avec succ\u00e8s la dixi\u00e8me \u00e9dition des journ\u00e9es culturelles"},"content":{"rendered":"<p>L&#8217;Association pour la Sauvegarde de la Ghadima-Tidjikja a cl\u00f4tur\u00e9 les activit\u00e9s de la dixi\u00e8me \u00e9dition des Journ\u00e9es Culturelles, organis\u00e9es dans la ville de Ghadima-Tidjikja, du 3 au 5 janvier 2025. Cet \u00e9v\u00e9nement annuel, visant \u00e0 c\u00e9l\u00e9brer le patrimoine culturel et historique de la ville, a attir\u00e9 une pr\u00e9sence remarquable de plusieurs personnalit\u00e9s de premier plan, des autorit\u00e9s administratives au niveau du district, ainsi que des membres de la communaut\u00e9 locale qui ont particip\u00e9 \u00e0 diverses activit\u00e9s tout au long des journ\u00e9es culturelles.<\/p>\n<p style=\"text-align: center;\"><strong>Premier jour : C\u00e9r\u00e9monie d&#8217;ouverture et vari\u00e9t\u00e9 d&#8217;activit\u00e9s culturelles<\/strong><\/p>\n<p>Le soir du vendredi 3 janvier 2025, les Journ\u00e9es Culturelles ont \u00e9t\u00e9 inaugur\u00e9es lors d&#8217;une c\u00e9r\u00e9monie joyeuse qui a r\u00e9uni des personnalit\u00e9s de diff\u00e9rents secteurs.<br \/>\n\u00c0 la c\u00e9r\u00e9monie d&#8217;ouverture \u00e9taient pr\u00e9sents le maire de la ville, le gouverneur du district, ainsi que le pr\u00e9sident de l&#8217;Association pour la Sauvegarde de la Ghadima-Tidjikja et plusieurs responsables locaux. Lors de l&#8217;\u00e9v\u00e9nement, des performances artistiques et litt\u00e9raires ont \u00e9t\u00e9 pr\u00e9sent\u00e9es, et le public a interagi avec des segments musicaux et po\u00e9tiques, en plus d&#8217;une pr\u00e9sentation d&#8217;\u0153uvres litt\u00e9raires refl\u00e9tant l&#8217;histoire et la culture de la ville.<br \/>\nLe pr\u00e9sident de l&#8217;Association, Taleb Mohamed Ould Lemrabott, a soulign\u00e9 dans son discours l&#8217;importance de cette \u00e9dition pour mettre en lumi\u00e8re le riche patrimoine culturel de la ville et renforcer la conscience locale sur l&#8217;importance de pr\u00e9server ce patrimoine.<br \/>\nIl a \u00e9galement insist\u00e9 sur le r\u00f4le de l&#8217;Association dans l&#8217;encouragement du travail culturel et social et dans le renforcement des liens entre les membres de la communaut\u00e9.<\/p>\n<p style=\"text-align: center;\"><strong>Deuxi\u00e8me jour : Expositions de manuscrits, d&#8217;artisanat traditionnel et visite du quartier de Ghadima-Tidjikja<\/strong><\/p>\n<p>Le deuxi\u00e8me jour, le 4 janvier 2025, ont \u00e9t\u00e9 ouvertes les expositions de manuscrits et d&#8217;artisanat traditionnel d\u00e8s les premi\u00e8res heures de la journ\u00e9e.<br \/>\nLes expositions ont constitu\u00e9 une occasion pr\u00e9cieuse pour les visiteurs de d\u00e9couvrir la richesse du patrimoine \u00e9crit et traditionnel de la ville, avec la pr\u00e9sentation de nombreux manuscrits anciens datant de si\u00e8cles pass\u00e9s, illustrant la richesse culturelle et historique de la ville.<br \/>\nDe plus, plusieurs m\u00e9tiers traditionnels locaux tels que les tapis tiss\u00e9s \u00e0 la main, la poterie et les objets artisanaux refl\u00e9tant le savoir-faire des artisans lo<br \/>\nCe quartier est consid\u00e9r\u00e9 comme le berceau du patrimoine culturel et humain de la ville, abritant de nombreux b\u00e2timents anciens datant du XVIIe si\u00e8cle, ainsi que des arcades et des mosqu\u00e9es anciennes qui \u00e9taient des centres pour les \u00e9rudits et les cheikhs.<br \/>\nCette partie du programme a impressionn\u00e9 les participants, qui se sont interrog\u00e9s sur l&#8217;histoire riche de cette r\u00e9gion, qui conserve la m\u00e9moire des cheikhs et des \u00e9rudits de la ville qui ont marqu\u00e9 l\u2019histoire du pays.<\/p>\n<p style=\"text-align: center;\"><strong>Troisi\u00e8me jour : C\u00e9r\u00e9monie de distribution des attestations d&#8217;assurance sant\u00e9 et c\u00e9r\u00e9monie de cl\u00f4ture<\/strong><\/p>\n<p>Le troisi\u00e8me jour, les activit\u00e9s ont \u00e9t\u00e9 marqu\u00e9es par la c\u00e9r\u00e9monie de distribution des attestations d&#8217;assurance sant\u00e9, une initiative importante de l&#8217;Association pour la Sauvegarde de la Ghadima-Tidjikja visant \u00e0 fournir une couverture d&#8217;assurance sant\u00e9 \u00e0 un certain nombre de r\u00e9sidents de la ville.<br \/>\nCent personnes ont \u00e9t\u00e9 couvertes par la Caisse Nationale de Solidarit\u00e9 en Sant\u00e9 (CNASS), et la CNASS a envoy\u00e9 une mission sp\u00e9ciale pour sensibiliser les b\u00e9n\u00e9ficiaires de ces assurances.<br \/>\nCe programme s&#8217;inscrit dans le cadre du renforcement des services de sant\u00e9 dans la r\u00e9gion et du soutien aux familles les plus vuln\u00e9rables. En soir\u00e9e, la c\u00e9r\u00e9monie de cl\u00f4ture a eu lieu, ponctu\u00e9e de performances artistiques vari\u00e9es telles que de la musique et du chant, ainsi que des discours de remerciements prononc\u00e9s par plusieurs responsables.<br \/>\nOnt pris la parole lors de cette c\u00e9r\u00e9monie le maire, le gouverneur, le pr\u00e9sident de l&#8217;Association, ainsi que le repr\u00e9sentant de la Caisse Nationale de Solidarit\u00e9 en Sant\u00e9 (CNASS). Tous ont salu\u00e9 le succ\u00e8s de l&#8217;\u00e9v\u00e9nement et les efforts d\u00e9ploy\u00e9s par l&#8217;Association pour atteindre ces r\u00e9alisations.<\/p>\n<p style=\"text-align: center;\"><strong>Un mot sur les membres de l&#8217;Association pour la Sauvegarde de la Ghadima-Tidjikja<\/strong><\/p>\n<blockquote><p>L&#8217;Association pour la Sauvegarde de la Ghadima-Tidjikja est un pilier essentiel dans le domaine de l&#8217;action culturelle et sociale de la r\u00e9gion, r\u00e9unissant une \u00e9quipe de membres engag\u00e9s et d\u00e9vou\u00e9s qui travaillent avec ardeur pour pr\u00e9server le patrimoine culturel de la ville et d\u00e9velopper la communaut\u00e9 locale.<br \/>\nL&#8217;Association est dirig\u00e9e par Taleb Mohamed Ould Lemrabott, qui ne m\u00e9nage aucun effort pour atteindre les objectifs de l&#8217;Association et promouvoir ses activit\u00e9s culturelles et sociales. Sous sa direction, l&#8217;Association a prouv\u00e9 sa capacit\u00e9 \u00e0 organiser des \u00e9v\u00e9nements exceptionnels contribuant \u00e0 la pr\u00e9servation du patrimoine national et \u00e0 la sensibilisation culturelle au sein de la communaut\u00e9.<br \/>\nLe secr\u00e9taire g\u00e9n\u00e9ral, Lembarebt Ould Mohamed El Hassen, fait partie des membres les plus actifs, contribuant \u00e0 la coordination et \u00e0 l&#8217;organisation des activit\u00e9s.<br \/>\nIl a jou\u00e9 un r\u00f4le cl\u00e9 dans la pr\u00e9paration des \u00e9v\u00e9nements et l&#8217;organisation des expositions et activit\u00e9s culturelles. Quant au responsable des programmes, Yahya Ould El Bechir, il est une figure dynamique dans la mise en \u0153uvre des diverses activit\u00e9s, ayant particip\u00e9 \u00e0 la planification et \u00e0 la supervision de tous les d\u00e9tails des Journ\u00e9es Culturelles.<br \/>\nL&#8217;\u00e9quipe d\u00e9vou\u00e9e travaillant sous la direction de ces leaders incarne l&#8217;esprit de collaboration et d&#8217;engagement, ce qui a fait de cette dixi\u00e8me \u00e9dition des Journ\u00e9es Culturelles un \u00e9v\u00e9nement r\u00e9ussi et marquant dans l&#8217;histoire de l&#8217;Association.<\/p>\n<p>&nbsp;<\/p><\/blockquote>\n<p style=\"text-align: center;\"><img loading=\"lazy\" decoding=\"async\" class=\"alignnone size-medium wp-image-24499\" src=\"https:\/\/lequotidien.mr\/wp-content\/uploads\/2025\/01\/WhatsApp-Image-2025-01-13-a-16.09.44_22da071c-1-300x225.jpg\" alt=\"\" width=\"300\" height=\"225\" srcset=\"https:\/\/lequotidien.mr\/wp-content\/uploads\/2025\/01\/WhatsApp-Image-2025-01-13-a-16.09.44_22da071c-1-300x225.jpg 300w, https:\/\/lequotidien.mr\/wp-content\/uploads\/2025\/01\/WhatsApp-Image-2025-01-13-a-16.09.44_22da071c-1-1024x768.jpg 1024w, https:\/\/lequotidien.mr\/wp-content\/uploads\/2025\/01\/WhatsApp-Image-2025-01-13-a-16.09.44_22da071c-1-768x576.jpg 768w, https:\/\/lequotidien.mr\/wp-content\/uploads\/2025\/01\/WhatsApp-Image-2025-01-13-a-16.09.44_22da071c-1.jpg 1080w\" sizes=\"auto, (max-width: 300px) 100vw, 300px\" \/> <img loading=\"lazy\" decoding=\"async\" class=\"alignnone size-medium wp-image-24500\" src=\"https:\/\/lequotidien.mr\/wp-content\/uploads\/2025\/01\/WhatsApp-Image-2025-01-13-a-16.09.45_5870fc63-1-169x300.jpg\" alt=\"\" width=\"169\" height=\"300\" srcset=\"https:\/\/lequotidien.mr\/wp-content\/uploads\/2025\/01\/WhatsApp-Image-2025-01-13-a-16.09.45_5870fc63-1-169x300.jpg 169w, https:\/\/lequotidien.mr\/wp-content\/uploads\/2025\/01\/WhatsApp-Image-2025-01-13-a-16.09.45_5870fc63-1-576x1024.jpg 576w, https:\/\/lequotidien.mr\/wp-content\/uploads\/2025\/01\/WhatsApp-Image-2025-01-13-a-16.09.45_5870fc63-1.jpg 607w\" sizes=\"auto, (max-width: 169px) 100vw, 169px\" \/> <img loading=\"lazy\" decoding=\"async\" class=\"alignnone size-medium wp-image-24501\" src=\"https:\/\/lequotidien.mr\/wp-content\/uploads\/2025\/01\/WhatsApp-Image-2025-01-13-a-16.09.45_44a5b9c2-1-225x300.jpg\" alt=\"\" width=\"225\" height=\"300\" srcset=\"https:\/\/lequotidien.mr\/wp-content\/uploads\/2025\/01\/WhatsApp-Image-2025-01-13-a-16.09.45_44a5b9c2-1-225x300.jpg 225w, https:\/\/lequotidien.mr\/wp-content\/uploads\/2025\/01\/WhatsApp-Image-2025-01-13-a-16.09.45_44a5b9c2-1-768x1024.jpg 768w, https:\/\/lequotidien.mr\/wp-content\/uploads\/2025\/01\/WhatsApp-Image-2025-01-13-a-16.09.45_44a5b9c2-1.jpg 810w\" sizes=\"auto, (max-width: 225px) 100vw, 225px\" \/> <img loading=\"lazy\" decoding=\"async\" class=\"alignnone size-medium wp-image-24502\" src=\"https:\/\/lequotidien.mr\/wp-content\/uploads\/2025\/01\/WhatsApp-Image-2025-01-13-a-16.09.45_22ab9e3c-1-225x300.jpg\" alt=\"\" width=\"225\" height=\"300\" srcset=\"https:\/\/lequotidien.mr\/wp-content\/uploads\/2025\/01\/WhatsApp-Image-2025-01-13-a-16.09.45_22ab9e3c-1-225x300.jpg 225w, https:\/\/lequotidien.mr\/wp-content\/uploads\/2025\/01\/WhatsApp-Image-2025-01-13-a-16.09.45_22ab9e3c-1-768x1024.jpg 768w, https:\/\/lequotidien.mr\/wp-content\/uploads\/2025\/01\/WhatsApp-Image-2025-01-13-a-16.09.45_22ab9e3c-1.jpg 810w\" sizes=\"auto, (max-width: 225px) 100vw, 225px\" \/> <img loading=\"lazy\" decoding=\"async\" class=\"alignnone size-medium wp-image-24503\" src=\"https:\/\/lequotidien.mr\/wp-content\/uploads\/2025\/01\/WhatsApp-Image-2025-01-13-a-16.09.45_1cfd53ff-1-225x300.jpg\" alt=\"\" width=\"225\" height=\"300\" srcset=\"https:\/\/lequotidien.mr\/wp-content\/uploads\/2025\/01\/WhatsApp-Image-2025-01-13-a-16.09.45_1cfd53ff-1-225x300.jpg 225w, https:\/\/lequotidien.mr\/wp-content\/uploads\/2025\/01\/WhatsApp-Image-2025-01-13-a-16.09.45_1cfd53ff-1-768x1024.jpg 768w, https:\/\/lequotidien.mr\/wp-content\/uploads\/2025\/01\/WhatsApp-Image-2025-01-13-a-16.09.45_1cfd53ff-1.jpg 810w\" sizes=\"auto, (max-width: 225px) 100vw, 225px\" \/> <img loading=\"lazy\" decoding=\"async\" class=\"alignnone size-medium wp-image-24504\" src=\"https:\/\/lequotidien.mr\/wp-content\/uploads\/2025\/01\/WhatsApp-Image-2025-01-13-a-16.09.46_42ccbb08-1-225x300.jpg\" alt=\"\" width=\"225\" height=\"300\" srcset=\"https:\/\/lequotidien.mr\/wp-content\/uploads\/2025\/01\/WhatsApp-Image-2025-01-13-a-16.09.46_42ccbb08-1-225x300.jpg 225w, https:\/\/lequotidien.mr\/wp-content\/uploads\/2025\/01\/WhatsApp-Image-2025-01-13-a-16.09.46_42ccbb08-1-768x1024.jpg 768w, https:\/\/lequotidien.mr\/wp-content\/uploads\/2025\/01\/WhatsApp-Image-2025-01-13-a-16.09.46_42ccbb08-1.jpg 810w\" sizes=\"auto, (max-width: 225px) 100vw, 225px\" \/> <img loading=\"lazy\" decoding=\"async\" class=\"alignnone size-medium wp-image-24505\" src=\"https:\/\/lequotidien.mr\/wp-content\/uploads\/2025\/01\/WhatsApp-Image-2025-01-13-a-16.09.46_c244b4bb-1-300x225.jpg\" alt=\"\" width=\"300\" height=\"225\" srcset=\"https:\/\/lequotidien.mr\/wp-content\/uploads\/2025\/01\/WhatsApp-Image-2025-01-13-a-16.09.46_c244b4bb-1-300x225.jpg 300w, https:\/\/lequotidien.mr\/wp-content\/uploads\/2025\/01\/WhatsApp-Image-2025-01-13-a-16.09.46_c244b4bb-1-1024x768.jpg 1024w, https:\/\/lequotidien.mr\/wp-content\/uploads\/2025\/01\/WhatsApp-Image-2025-01-13-a-16.09.46_c244b4bb-1-768x576.jpg 768w, https:\/\/lequotidien.mr\/wp-content\/uploads\/2025\/01\/WhatsApp-Image-2025-01-13-a-16.09.46_c244b4bb-1.jpg 1080w\" sizes=\"auto, (max-width: 300px) 100vw, 300px\" \/> <img loading=\"lazy\" decoding=\"async\" class=\"alignnone size-medium wp-image-24506\" src=\"https:\/\/lequotidien.mr\/wp-content\/uploads\/2025\/01\/WhatsApp-Image-2025-01-13-a-16.09.47_eb708d17-1-225x300.jpg\" alt=\"\" width=\"225\" height=\"300\" srcset=\"https:\/\/lequotidien.mr\/wp-content\/uploads\/2025\/01\/WhatsApp-Image-2025-01-13-a-16.09.47_eb708d17-1-225x300.jpg 225w, https:\/\/lequotidien.mr\/wp-content\/uploads\/2025\/01\/WhatsApp-Image-2025-01-13-a-16.09.47_eb708d17-1-768x1024.jpg 768w, https:\/\/lequotidien.mr\/wp-content\/uploads\/2025\/01\/WhatsApp-Image-2025-01-13-a-16.09.47_eb708d17-1.jpg 810w\" sizes=\"auto, (max-width: 225px) 100vw, 225px\" \/> <img loading=\"lazy\" decoding=\"async\" class=\"alignnone size-medium wp-image-24507\" src=\"https:\/\/lequotidien.mr\/wp-content\/uploads\/2025\/01\/WhatsApp-Image-2025-01-13-a-16.09.47_089816dd-1-225x300.jpg\" alt=\"\" width=\"225\" height=\"300\" srcset=\"https:\/\/lequotidien.mr\/wp-content\/uploads\/2025\/01\/WhatsApp-Image-2025-01-13-a-16.09.47_089816dd-1-225x300.jpg 225w, https:\/\/lequotidien.mr\/wp-content\/uploads\/2025\/01\/WhatsApp-Image-2025-01-13-a-16.09.47_089816dd-1-768x1024.jpg 768w, https:\/\/lequotidien.mr\/wp-content\/uploads\/2025\/01\/WhatsApp-Image-2025-01-13-a-16.09.47_089816dd-1.jpg 810w\" sizes=\"auto, (max-width: 225px) 100vw, 225px\" \/> <img loading=\"lazy\" decoding=\"async\" class=\"alignnone size-medium wp-image-24508\" src=\"https:\/\/lequotidien.mr\/wp-content\/uploads\/2025\/01\/WhatsApp-Image-2025-01-13-a-16.31.22_bfc51535-1-143x300.jpg\" alt=\"\" width=\"143\" height=\"300\" srcset=\"https:\/\/lequotidien.mr\/wp-content\/uploads\/2025\/01\/WhatsApp-Image-2025-01-13-a-16.31.22_bfc51535-1-143x300.jpg 143w, https:\/\/lequotidien.mr\/wp-content\/uploads\/2025\/01\/WhatsApp-Image-2025-01-13-a-16.31.22_bfc51535-1-489x1024.jpg 489w, https:\/\/lequotidien.mr\/wp-content\/uploads\/2025\/01\/WhatsApp-Image-2025-01-13-a-16.31.22_bfc51535-1.jpg 516w\" sizes=\"auto, (max-width: 143px) 100vw, 143px\" \/> <img loading=\"lazy\" decoding=\"async\" class=\"alignnone size-medium wp-image-24509\" src=\"https:\/\/lequotidien.mr\/wp-content\/uploads\/2025\/01\/WhatsApp-Image-2025-01-13-a-16.32.00_8697dd80-1-152x300.jpg\" alt=\"\" width=\"152\" height=\"300\" srcset=\"https:\/\/lequotidien.mr\/wp-content\/uploads\/2025\/01\/WhatsApp-Image-2025-01-13-a-16.32.00_8697dd80-1-152x300.jpg 152w, https:\/\/lequotidien.mr\/wp-content\/uploads\/2025\/01\/WhatsApp-Image-2025-01-13-a-16.32.00_8697dd80-1-518x1024.jpg 518w, https:\/\/lequotidien.mr\/wp-content\/uploads\/2025\/01\/WhatsApp-Image-2025-01-13-a-16.32.00_8697dd80-1.jpg 546w\" sizes=\"auto, (max-width: 152px) 100vw, 152px\" \/><\/p>\n","protected":false},"excerpt":{"rendered":"<p>L&#8217;Association pour la Sauvegarde de la Ghadima-Tidjikja a cl\u00f4tur\u00e9 les activit\u00e9s de la dixi\u00e8me \u00e9dition des Journ\u00e9es Culturelles, organis\u00e9es dans la ville de Ghadima-Tidjikja, du 3 au 5 janvier 2025. Cet \u00e9v\u00e9nement annuel, visant \u00e0 c\u00e9l\u00e9brer le patrimoine culturel et historique de la ville, a attir\u00e9 une pr\u00e9sence remarquable de plusieurs personnalit\u00e9s de premier plan,&#8230;..<\/p>\n","protected":false},"author":13,"featured_media":24498,"comment_status":"open","ping_status":"open","sticky":false,"template":"","format":"standard","meta":{"footnotes":""},"categories":[23,55],"tags":[],"class_list":["post-24497","post","type-post","status-publish","format-standard","has-post-thumbnail","hentry","category-actualite","category-culture"],"yoast_head":"<!-- This site is optimized with the Yoast SEO plugin v27.5 - https:\/\/yoast.com\/product\/yoast-seo-wordpress\/ -->\n<title>L&#039;Association pour la Sauvegarde de la Ghadima-Tidjikja Cl\u00f4ture avec succ\u00e8s la dixi\u00e8me \u00e9dition des journ\u00e9es culturelles - Le Quotidien de Nouakchott<\/title>\n<meta name=\"robots\" content=\"index, follow, max-snippet:-1, max-image-preview:large, max-video-preview:-1\" \/>\n<link rel=\"canonical\" href=\"https:\/\/lequotidien.mr\/?p=24497&lang=fr\" \/>\n<meta property=\"og:locale\" content=\"ar_AR\" \/>\n<meta property=\"og:type\" content=\"article\" \/>\n<meta property=\"og:title\" content=\"L&#039;Association pour la Sauvegarde de la Ghadima-Tidjikja Cl\u00f4ture avec succ\u00e8s la dixi\u00e8me \u00e9dition des journ\u00e9es culturelles - Le Quotidien de Nouakchott\" \/>\n<meta property=\"og:description\" content=\"L&#8217;Association pour la Sauvegarde de la Ghadima-Tidjikja a cl\u00f4tur\u00e9 les activit\u00e9s de la dixi\u00e8me \u00e9dition des Journ\u00e9es Culturelles, organis\u00e9es dans la ville de Ghadima-Tidjikja, du 3 au 5 janvier 2025. Cet \u00e9v\u00e9nement annuel, visant \u00e0 c\u00e9l\u00e9brer le patrimoine culturel et historique de la ville, a attir\u00e9 une pr\u00e9sence remarquable de plusieurs personnalit\u00e9s de premier plan,.....\" \/>\n<meta property=\"og:url\" content=\"https:\/\/lequotidien.mr\/?p=24497&amp;lang=fr\" \/>\n<meta property=\"og:site_name\" content=\"Le Quotidien de Nouakchott\" \/>\n<meta property=\"article:publisher\" content=\"https:\/\/web.facebook.com\/lequotidienmr\" \/>\n<meta property=\"article:published_time\" content=\"2025-01-14T23:41:07+00:00\" \/>\n<meta property=\"article:modified_time\" content=\"2025-01-14T23:41:53+00:00\" \/>\n<meta property=\"og:image\" content=\"https:\/\/lequotidien.mr\/wp-content\/uploads\/2025\/01\/WhatsApp-Image-2025-01-13-a-16.09.46_ba4155e3-1.jpg\" \/>\n\t<meta property=\"og:image:width\" content=\"1080\" \/>\n\t<meta property=\"og:image:height\" content=\"810\" \/>\n\t<meta property=\"og:image:type\" content=\"image\/jpeg\" \/>\n<meta name=\"author\" content=\"Fatimetou Ethemane\" \/>\n<meta name=\"twitter:card\" content=\"summary_large_image\" \/>\n<meta name=\"twitter:creator\" content=\"@lequotidienmr\" \/>\n<meta name=\"twitter:site\" content=\"@lequotidienmr\" \/>\n<meta name=\"twitter:label1\" content=\"\u0643\u064f\u062a\u0628 \u0628\u0648\u0627\u0633\u0637\u0629\" \/>\n\t<meta name=\"twitter:data1\" content=\"Fatimetou Ethemane\" \/>\n\t<meta name=\"twitter:label2\" content=\"\u0648\u0642\u062a \u0627\u0644\u0642\u0631\u0627\u0621\u0629 \u0627\u0644\u0645\u064f\u0642\u062f\u0651\u0631\" \/>\n\t<meta name=\"twitter:data2\" content=\"5 \u062f\u0642\u0627\u0626\u0642\" \/>\n<script type=\"application\/ld+json\" class=\"yoast-schema-graph\">{\"@context\":\"https:\\\/\\\/schema.org\",\"@graph\":[{\"@type\":\"Article\",\"@id\":\"https:\\\/\\\/lequotidien.mr\\\/?p=24497&lang=fr#article\",\"isPartOf\":{\"@id\":\"https:\\\/\\\/lequotidien.mr\\\/?p=24497&lang=fr\"},\"author\":{\"name\":\"Fatimetou Ethemane\",\"@id\":\"https:\\\/\\\/lequotidien.mr\\\/#\\\/schema\\\/person\\\/0926dbaf41ffa88b64cf66855b9b2826\"},\"headline\":\"L&#8217;Association pour la Sauvegarde de la Ghadima-Tidjikja Cl\u00f4ture avec succ\u00e8s la dixi\u00e8me \u00e9dition des journ\u00e9es culturelles\",\"datePublished\":\"2025-01-14T23:41:07+00:00\",\"dateModified\":\"2025-01-14T23:41:53+00:00\",\"mainEntityOfPage\":{\"@id\":\"https:\\\/\\\/lequotidien.mr\\\/?p=24497&lang=fr\"},\"wordCount\":1014,\"commentCount\":0,\"publisher\":{\"@id\":\"https:\\\/\\\/lequotidien.mr\\\/#organization\"},\"image\":{\"@id\":\"https:\\\/\\\/lequotidien.mr\\\/?p=24497&lang=fr#primaryimage\"},\"thumbnailUrl\":\"https:\\\/\\\/lequotidien.mr\\\/wp-content\\\/uploads\\\/2025\\\/01\\\/WhatsApp-Image-2025-01-13-a-16.09.46_ba4155e3-1.jpg\",\"articleSection\":[\"ACTUALIT\u00c9\",\"Culture\"],\"inLanguage\":\"ar\",\"potentialAction\":[{\"@type\":\"CommentAction\",\"name\":\"Comment\",\"target\":[\"https:\\\/\\\/lequotidien.mr\\\/?p=24497&lang=fr#respond\"]}]},{\"@type\":\"WebPage\",\"@id\":\"https:\\\/\\\/lequotidien.mr\\\/?p=24497&lang=fr\",\"url\":\"https:\\\/\\\/lequotidien.mr\\\/?p=24497&lang=fr\",\"name\":\"L'Association pour la Sauvegarde de la Ghadima-Tidjikja Cl\u00f4ture avec succ\u00e8s la dixi\u00e8me \u00e9dition des journ\u00e9es culturelles - Le Quotidien de Nouakchott\",\"isPartOf\":{\"@id\":\"https:\\\/\\\/lequotidien.mr\\\/#website\"},\"primaryImageOfPage\":{\"@id\":\"https:\\\/\\\/lequotidien.mr\\\/?p=24497&lang=fr#primaryimage\"},\"image\":{\"@id\":\"https:\\\/\\\/lequotidien.mr\\\/?p=24497&lang=fr#primaryimage\"},\"thumbnailUrl\":\"https:\\\/\\\/lequotidien.mr\\\/wp-content\\\/uploads\\\/2025\\\/01\\\/WhatsApp-Image-2025-01-13-a-16.09.46_ba4155e3-1.jpg\",\"datePublished\":\"2025-01-14T23:41:07+00:00\",\"dateModified\":\"2025-01-14T23:41:53+00:00\",\"breadcrumb\":{\"@id\":\"https:\\\/\\\/lequotidien.mr\\\/?p=24497&lang=fr#breadcrumb\"},\"inLanguage\":\"ar\",\"potentialAction\":[{\"@type\":\"ReadAction\",\"target\":[\"https:\\\/\\\/lequotidien.mr\\\/?p=24497&lang=fr\"]}]},{\"@type\":\"ImageObject\",\"inLanguage\":\"ar\",\"@id\":\"https:\\\/\\\/lequotidien.mr\\\/?p=24497&lang=fr#primaryimage\",\"url\":\"https:\\\/\\\/lequotidien.mr\\\/wp-content\\\/uploads\\\/2025\\\/01\\\/WhatsApp-Image-2025-01-13-a-16.09.46_ba4155e3-1.jpg\",\"contentUrl\":\"https:\\\/\\\/lequotidien.mr\\\/wp-content\\\/uploads\\\/2025\\\/01\\\/WhatsApp-Image-2025-01-13-a-16.09.46_ba4155e3-1.jpg\",\"width\":1080,\"height\":810},{\"@type\":\"BreadcrumbList\",\"@id\":\"https:\\\/\\\/lequotidien.mr\\\/?p=24497&lang=fr#breadcrumb\",\"itemListElement\":[{\"@type\":\"ListItem\",\"position\":1,\"name\":\"Home\",\"item\":\"https:\\\/\\\/lequotidien.mr\\\/\"},{\"@type\":\"ListItem\",\"position\":2,\"name\":\"L&#8217;Association pour la Sauvegarde de la Ghadima-Tidjikja Cl\u00f4ture avec succ\u00e8s la dixi\u00e8me \u00e9dition des journ\u00e9es culturelles\"}]},{\"@type\":\"WebSite\",\"@id\":\"https:\\\/\\\/lequotidien.mr\\\/#website\",\"url\":\"https:\\\/\\\/lequotidien.mr\\\/\",\"name\":\"Le Quotidien de Nouakchott\",\"description\":\"\u0625\u062e\u0628\u0627\u0631\u064a\u0629 \u0645\u0633\u062a\u0642\u0644\u0629 \u0644\u0644\u0623\u0646\u0628\u0627\u0621 \u0627\u0644\u0639\u0627\u0645\u0629\",\"publisher\":{\"@id\":\"https:\\\/\\\/lequotidien.mr\\\/#organization\"},\"potentialAction\":[{\"@type\":\"SearchAction\",\"target\":{\"@type\":\"EntryPoint\",\"urlTemplate\":\"https:\\\/\\\/lequotidien.mr\\\/?s={search_term_string}\"},\"query-input\":{\"@type\":\"PropertyValueSpecification\",\"valueRequired\":true,\"valueName\":\"search_term_string\"}}],\"inLanguage\":\"ar\"},{\"@type\":\"Organization\",\"@id\":\"https:\\\/\\\/lequotidien.mr\\\/#organization\",\"name\":\"Le Quotidien de Nouakchott\",\"url\":\"https:\\\/\\\/lequotidien.mr\\\/\",\"logo\":{\"@type\":\"ImageObject\",\"inLanguage\":\"ar\",\"@id\":\"https:\\\/\\\/lequotidien.mr\\\/#\\\/schema\\\/logo\\\/image\\\/\",\"url\":\"https:\\\/\\\/lequotidien.mr\\\/wp-content\\\/uploads\\\/2022\\\/11\\\/logolequotidien.jpg\",\"contentUrl\":\"https:\\\/\\\/lequotidien.mr\\\/wp-content\\\/uploads\\\/2022\\\/11\\\/logolequotidien.jpg\",\"width\":290,\"height\":65,\"caption\":\"Le Quotidien de Nouakchott\"},\"image\":{\"@id\":\"https:\\\/\\\/lequotidien.mr\\\/#\\\/schema\\\/logo\\\/image\\\/\"},\"sameAs\":[\"https:\\\/\\\/web.facebook.com\\\/lequotidienmr\",\"https:\\\/\\\/x.com\\\/lequotidienmr\"]},{\"@type\":\"Person\",\"@id\":\"https:\\\/\\\/lequotidien.mr\\\/#\\\/schema\\\/person\\\/0926dbaf41ffa88b64cf66855b9b2826\",\"name\":\"Fatimetou Ethemane\",\"image\":{\"@type\":\"ImageObject\",\"inLanguage\":\"ar\",\"@id\":\"https:\\\/\\\/secure.gravatar.com\\\/avatar\\\/38fea9097a5e574debe9801202088f6f4429fdac0912587175811aad50d9706e?s=96&d=mm&r=g\",\"url\":\"https:\\\/\\\/secure.gravatar.com\\\/avatar\\\/38fea9097a5e574debe9801202088f6f4429fdac0912587175811aad50d9706e?s=96&d=mm&r=g\",\"contentUrl\":\"https:\\\/\\\/secure.gravatar.com\\\/avatar\\\/38fea9097a5e574debe9801202088f6f4429fdac0912587175811aad50d9706e?s=96&d=mm&r=g\",\"caption\":\"Fatimetou Ethemane\"},\"sameAs\":[\"http:\\\/\\\/lequotidien.mr\"],\"url\":\"https:\\\/\\\/lequotidien.mr\\\/?author=13\"}]}<\/script>\n<!-- \/ Yoast SEO plugin. -->","yoast_head_json":{"title":"L'Association pour la Sauvegarde de la Ghadima-Tidjikja Cl\u00f4ture avec succ\u00e8s la dixi\u00e8me \u00e9dition des journ\u00e9es culturelles - Le Quotidien de Nouakchott","robots":{"index":"index","follow":"follow","max-snippet":"max-snippet:-1","max-image-preview":"max-image-preview:large","max-video-preview":"max-video-preview:-1"},"canonical":"https:\/\/lequotidien.mr\/?p=24497&lang=fr","og_locale":"ar_AR","og_type":"article","og_title":"L'Association pour la Sauvegarde de la Ghadima-Tidjikja Cl\u00f4ture avec succ\u00e8s la dixi\u00e8me \u00e9dition des journ\u00e9es culturelles - Le Quotidien de Nouakchott","og_description":"L&#8217;Association pour la Sauvegarde de la Ghadima-Tidjikja a cl\u00f4tur\u00e9 les activit\u00e9s de la dixi\u00e8me \u00e9dition des Journ\u00e9es Culturelles, organis\u00e9es dans la ville de Ghadima-Tidjikja, du 3 au 5 janvier 2025. Cet \u00e9v\u00e9nement annuel, visant \u00e0 c\u00e9l\u00e9brer le patrimoine culturel et historique de la ville, a attir\u00e9 une pr\u00e9sence remarquable de plusieurs personnalit\u00e9s de premier plan,.....","og_url":"https:\/\/lequotidien.mr\/?p=24497&lang=fr","og_site_name":"Le Quotidien de Nouakchott","article_publisher":"https:\/\/web.facebook.com\/lequotidienmr","article_published_time":"2025-01-14T23:41:07+00:00","article_modified_time":"2025-01-14T23:41:53+00:00","og_image":[{"width":1080,"height":810,"url":"https:\/\/lequotidien.mr\/wp-content\/uploads\/2025\/01\/WhatsApp-Image-2025-01-13-a-16.09.46_ba4155e3-1.jpg","type":"image\/jpeg"}],"author":"Fatimetou Ethemane","twitter_card":"summary_large_image","twitter_creator":"@lequotidienmr","twitter_site":"@lequotidienmr","twitter_misc":{"\u0643\u064f\u062a\u0628 \u0628\u0648\u0627\u0633\u0637\u0629":"Fatimetou Ethemane","\u0648\u0642\u062a \u0627\u0644\u0642\u0631\u0627\u0621\u0629 \u0627\u0644\u0645\u064f\u0642\u062f\u0651\u0631":"5 \u062f\u0642\u0627\u0626\u0642"},"schema":{"@context":"https:\/\/schema.org","@graph":[{"@type":"Article","@id":"https:\/\/lequotidien.mr\/?p=24497&lang=fr#article","isPartOf":{"@id":"https:\/\/lequotidien.mr\/?p=24497&lang=fr"},"author":{"name":"Fatimetou Ethemane","@id":"https:\/\/lequotidien.mr\/#\/schema\/person\/0926dbaf41ffa88b64cf66855b9b2826"},"headline":"L&#8217;Association pour la Sauvegarde de la Ghadima-Tidjikja Cl\u00f4ture avec succ\u00e8s la dixi\u00e8me \u00e9dition des journ\u00e9es culturelles","datePublished":"2025-01-14T23:41:07+00:00","dateModified":"2025-01-14T23:41:53+00:00","mainEntityOfPage":{"@id":"https:\/\/lequotidien.mr\/?p=24497&lang=fr"},"wordCount":1014,"commentCount":0,"publisher":{"@id":"https:\/\/lequotidien.mr\/#organization"},"image":{"@id":"https:\/\/lequotidien.mr\/?p=24497&lang=fr#primaryimage"},"thumbnailUrl":"https:\/\/lequotidien.mr\/wp-content\/uploads\/2025\/01\/WhatsApp-Image-2025-01-13-a-16.09.46_ba4155e3-1.jpg","articleSection":["ACTUALIT\u00c9","Culture"],"inLanguage":"ar","potentialAction":[{"@type":"CommentAction","name":"Comment","target":["https:\/\/lequotidien.mr\/?p=24497&lang=fr#respond"]}]},{"@type":"WebPage","@id":"https:\/\/lequotidien.mr\/?p=24497&lang=fr","url":"https:\/\/lequotidien.mr\/?p=24497&lang=fr","name":"L'Association pour la Sauvegarde de la Ghadima-Tidjikja Cl\u00f4ture avec succ\u00e8s la dixi\u00e8me \u00e9dition des journ\u00e9es culturelles - Le Quotidien de Nouakchott","isPartOf":{"@id":"https:\/\/lequotidien.mr\/#website"},"primaryImageOfPage":{"@id":"https:\/\/lequotidien.mr\/?p=24497&lang=fr#primaryimage"},"image":{"@id":"https:\/\/lequotidien.mr\/?p=24497&lang=fr#primaryimage"},"thumbnailUrl":"https:\/\/lequotidien.mr\/wp-content\/uploads\/2025\/01\/WhatsApp-Image-2025-01-13-a-16.09.46_ba4155e3-1.jpg","datePublished":"2025-01-14T23:41:07+00:00","dateModified":"2025-01-14T23:41:53+00:00","breadcrumb":{"@id":"https:\/\/lequotidien.mr\/?p=24497&lang=fr#breadcrumb"},"inLanguage":"ar","potentialAction":[{"@type":"ReadAction","target":["https:\/\/lequotidien.mr\/?p=24497&lang=fr"]}]},{"@type":"ImageObject","inLanguage":"ar","@id":"https:\/\/lequotidien.mr\/?p=24497&lang=fr#primaryimage","url":"https:\/\/lequotidien.mr\/wp-content\/uploads\/2025\/01\/WhatsApp-Image-2025-01-13-a-16.09.46_ba4155e3-1.jpg","contentUrl":"https:\/\/lequotidien.mr\/wp-content\/uploads\/2025\/01\/WhatsApp-Image-2025-01-13-a-16.09.46_ba4155e3-1.jpg","width":1080,"height":810},{"@type":"BreadcrumbList","@id":"https:\/\/lequotidien.mr\/?p=24497&lang=fr#breadcrumb","itemListElement":[{"@type":"ListItem","position":1,"name":"Home","item":"https:\/\/lequotidien.mr\/"},{"@type":"ListItem","position":2,"name":"L&#8217;Association pour la Sauvegarde de la Ghadima-Tidjikja Cl\u00f4ture avec succ\u00e8s la dixi\u00e8me \u00e9dition des journ\u00e9es culturelles"}]},{"@type":"WebSite","@id":"https:\/\/lequotidien.mr\/#website","url":"https:\/\/lequotidien.mr\/","name":"Le Quotidien de Nouakchott","description":"\u0625\u062e\u0628\u0627\u0631\u064a\u0629 \u0645\u0633\u062a\u0642\u0644\u0629 \u0644\u0644\u0623\u0646\u0628\u0627\u0621 \u0627\u0644\u0639\u0627\u0645\u0629","publisher":{"@id":"https:\/\/lequotidien.mr\/#organization"},"potentialAction":[{"@type":"SearchAction","target":{"@type":"EntryPoint","urlTemplate":"https:\/\/lequotidien.mr\/?s={search_term_string}"},"query-input":{"@type":"PropertyValueSpecification","valueRequired":true,"valueName":"search_term_string"}}],"inLanguage":"ar"},{"@type":"Organization","@id":"https:\/\/lequotidien.mr\/#organization","name":"Le Quotidien de Nouakchott","url":"https:\/\/lequotidien.mr\/","logo":{"@type":"ImageObject","inLanguage":"ar","@id":"https:\/\/lequotidien.mr\/#\/schema\/logo\/image\/","url":"https:\/\/lequotidien.mr\/wp-content\/uploads\/2022\/11\/logolequotidien.jpg","contentUrl":"https:\/\/lequotidien.mr\/wp-content\/uploads\/2022\/11\/logolequotidien.jpg","width":290,"height":65,"caption":"Le Quotidien de Nouakchott"},"image":{"@id":"https:\/\/lequotidien.mr\/#\/schema\/logo\/image\/"},"sameAs":["https:\/\/web.facebook.com\/lequotidienmr","https:\/\/x.com\/lequotidienmr"]},{"@type":"Person","@id":"https:\/\/lequotidien.mr\/#\/schema\/person\/0926dbaf41ffa88b64cf66855b9b2826","name":"Fatimetou Ethemane","image":{"@type":"ImageObject","inLanguage":"ar","@id":"https:\/\/secure.gravatar.com\/avatar\/38fea9097a5e574debe9801202088f6f4429fdac0912587175811aad50d9706e?s=96&d=mm&r=g","url":"https:\/\/secure.gravatar.com\/avatar\/38fea9097a5e574debe9801202088f6f4429fdac0912587175811aad50d9706e?s=96&d=mm&r=g","contentUrl":"https:\/\/secure.gravatar.com\/avatar\/38fea9097a5e574debe9801202088f6f4429fdac0912587175811aad50d9706e?s=96&d=mm&r=g","caption":"Fatimetou Ethemane"},"sameAs":["http:\/\/lequotidien.mr"],"url":"https:\/\/lequotidien.mr\/?author=13"}]}},"_links":{"self":[{"href":"https:\/\/lequotidien.mr\/index.php?rest_route=\/wp\/v2\/posts\/24497","targetHints":{"allow":["GET"]}}],"collection":[{"href":"https:\/\/lequotidien.mr\/index.php?rest_route=\/wp\/v2\/posts"}],"about":[{"href":"https:\/\/lequotidien.mr\/index.php?rest_route=\/wp\/v2\/types\/post"}],"author":[{"embeddable":true,"href":"https:\/\/lequotidien.mr\/index.php?rest_route=\/wp\/v2\/users\/13"}],"replies":[{"embeddable":true,"href":"https:\/\/lequotidien.mr\/index.php?rest_route=%2Fwp%2Fv2%2Fcomments&post=24497"}],"version-history":[{"count":3,"href":"https:\/\/lequotidien.mr\/index.php?rest_route=\/wp\/v2\/posts\/24497\/revisions"}],"predecessor-version":[{"id":24512,"href":"https:\/\/lequotidien.mr\/index.php?rest_route=\/wp\/v2\/posts\/24497\/revisions\/24512"}],"wp:featuredmedia":[{"embeddable":true,"href":"https:\/\/lequotidien.mr\/index.php?rest_route=\/wp\/v2\/media\/24498"}],"wp:attachment":[{"href":"https:\/\/lequotidien.mr\/index.php?rest_route=%2Fwp%2Fv2%2Fmedia&parent=24497"}],"wp:term":[{"taxonomy":"category","embeddable":true,"href":"https:\/\/lequotidien.mr\/index.php?rest_route=%2Fwp%2Fv2%2Fcategories&post=24497"},{"taxonomy":"post_tag","embeddable":true,"href":"https:\/\/lequotidien.mr\/index.php?rest_route=%2Fwp%2Fv2%2Ftags&post=24497"}],"curies":[{"name":"wp","href":"https:\/\/api.w.org\/{rel}","templated":true}]}}