{"id":24472,"date":"2025-01-14T12:36:06","date_gmt":"2025-01-14T12:36:06","guid":{"rendered":"https:\/\/lequotidien.mr\/?p=24472"},"modified":"2025-01-14T12:36:06","modified_gmt":"2025-01-14T12:36:06","slug":"mauritanie-senegal-un-protocole-daccord-pour-dynamiser-le-secteur-numerique","status":"publish","type":"post","link":"https:\/\/lequotidien.mr\/?p=24472&lang=fr","title":{"rendered":"Mauritanie-S\u00e9n\u00e9gal : Un Protocole d&#8217;Accord pour dynamiser le secteur num\u00e9rique"},"content":{"rendered":"<p>Dans une d\u00e9marche num\u00e9rique marquant un tournant dans la coop\u00e9ration entre la Mauritanie et le S\u00e9n\u00e9gal, un <strong>protocole d&#8217;accord strat\u00e9gique<\/strong> a \u00e9t\u00e9 sign\u00e9 lundi pass\u00e9, \u00e0 Nouakchott, entre la <strong>F\u00e9d\u00e9ration des Services (FS) de l&#8217;Union Nationale du Patronat Mauritanien<\/strong> et l\u2019<strong>Organisation des Professionnels du Num\u00e9rique du S\u00e9n\u00e9gal (OPNS),<\/strong> affili\u00e9e au Conseil National du Patronat S\u00e9n\u00e9galais.<\/p>\n<p>La c\u00e9r\u00e9monie de signature a \u00e9t\u00e9 pr\u00e9sid\u00e9e par <strong>M. Ahmed Salem Beda Etfagha<\/strong>, ministre de la transformation num\u00e9rique et de la modernisation de l&#8217;administration, en compagnie des pr\u00e9sidents des associations patronales des deux pays, <strong>M. Mohamed Zeine El Abidine Cheikh Ahmed<\/strong> pour la Mauritanie et <strong>M. Baidy Agne<\/strong> pour le S\u00e9n\u00e9gal.<\/p>\n<p>Les signataires de l&#8217;accord, <strong>M. Mohamed El Walid<\/strong>, pr\u00e9sident de la <strong>FS<\/strong>, et <strong>M. Antoine Ngom<\/strong>, directeur g\u00e9n\u00e9ral des Professionnels du Num\u00e9rique du S\u00e9n\u00e9gal, ont mis en avant l&#8217;importance de cette collaboration pour acc\u00e9l\u00e9rer le d\u00e9veloppement technologique et \u00e9conomique des deux nations.<\/p>\n<p><strong>Un partenariat pour la croissance num\u00e9rique<\/strong><\/p>\n<p>Ce protocole d&#8217;accord s&#8217;inscrit dans une vision commune de renforcement des infrastructures num\u00e9riques, devenue aujourd&#8217;hui un pilier essentiel de la croissance \u00e9conomique et de l&#8217;innovation.<\/p>\n<p>Les responsables des deux organisations ont soulign\u00e9 les nombreux avantages de cette coop\u00e9ration, notamment :<\/p>\n<p><strong>-L&#8217;am\u00e9lioration des infrastructures num\u00e9riques<\/strong> pour soutenir les entreprises et l&#8217;administration\u00a0;<\/p>\n<p><strong>-L&#8217;\u00e9change de comp\u00e9tences et de savoir-faire technologique<\/strong> entre les deux pays\u00a0;<\/p>\n<p><strong>-Le d\u00e9veloppement d&#8217;opportunit\u00e9s commerciales<\/strong> pour les entreprises du secteur num\u00e9rique\u00a0;<\/p>\n<p><strong>-L&#8217;appui \u00e0 l&#8217;entrepreneuriat num\u00e9rique<\/strong> , avec une attention particuli\u00e8re aux jeunes talents et aux start-ups.<\/p>\n<p><strong>Un pas en avant pour la coop\u00e9ration mauritano-s\u00e9n\u00e9galaise<\/strong><\/p>\n<p>Les intervenants ont \u00e9galement salu\u00e9 les avanc\u00e9es significatives r\u00e9alis\u00e9es par la Mauritanie et le S\u00e9n\u00e9gal dans le renforcement de leurs partenariats \u00e9conomiques. Ce protocole d&#8217;accord refl\u00e8te une volont\u00e9 partag\u00e9e d&#8217;\u00e9largir la coop\u00e9ration bilat\u00e9rale au domaine num\u00e9rique, en reconnaissance de son r\u00f4le central dans la modernisation des \u00e9conomies nationales et la cr\u00e9ation d&#8217;emplois.<\/p>\n<p>Le ministre Ahmed Salem Beda Etfagha a rappel\u00e9 que ce partenariat est un exemple concret de la vision strat\u00e9gique des dirigeants des deux pays, visant \u00e0 transformer les d\u00e9fis num\u00e9riques en opportunit\u00e9s pour le d\u00e9veloppement \u00e9conomique et social.<\/p>\n<p><strong>Une coop\u00e9ration aux perspectives prometteuses<\/strong><\/p>\n<p>Cette initiative ouvre la voie \u00e0 une coop\u00e9ration plus \u00e9troite entre les secteurs priv\u00e9s mauritanien et s\u00e9n\u00e9galais. Elle vise \u00e0 exploiter le potentiel du num\u00e9rique pour renforcer les liens \u00e9conomiques et sociaux entre les deux nations tout en soutenant leurs efforts de modernisation.<\/p>\n<p>Ce protocole d&#8217;accord marque donc une \u00e9tape importante dans l&#8217;\u00e9volution des relations bilat\u00e9rales entre la Mauritanie et le S\u00e9n\u00e9gal, \u00e9tablissant les bases d&#8217;un partenariat solide pour une transformation num\u00e9rique durable et inclusive. Ce rapprochement illustre parfaitement le r\u00f4le du num\u00e9rique en tant que moteur de d\u00e9veloppement dans une Afrique en pleine mutation.<\/p>\n","protected":false},"excerpt":{"rendered":"<p>Dans une d\u00e9marche num\u00e9rique marquant un tournant dans la coop\u00e9ration entre la Mauritanie et le S\u00e9n\u00e9gal, un protocole d&#8217;accord strat\u00e9gique a \u00e9t\u00e9 sign\u00e9 lundi pass\u00e9, \u00e0 Nouakchott, entre la F\u00e9d\u00e9ration des Services (FS) de l&#8217;Union Nationale du Patronat Mauritanien et l\u2019Organisation des Professionnels du Num\u00e9rique du S\u00e9n\u00e9gal (OPNS), affili\u00e9e au Conseil National du Patronat S\u00e9n\u00e9galais&#8230;&#8230;<\/p>\n","protected":false},"author":12,"featured_media":24473,"comment_status":"open","ping_status":"open","sticky":false,"template":"","format":"standard","meta":{"footnotes":""},"categories":[23,49],"tags":[],"class_list":["post-24472","post","type-post","status-publish","format-standard","has-post-thumbnail","hentry","category-actualite","category-economie"],"yoast_head":"<!-- This site is optimized with the Yoast SEO plugin v27.5 - https:\/\/yoast.com\/product\/yoast-seo-wordpress\/ -->\n<title>Mauritanie-S\u00e9n\u00e9gal : Un Protocole d&#039;Accord pour dynamiser le secteur num\u00e9rique - Le Quotidien de Nouakchott<\/title>\n<meta name=\"robots\" content=\"index, follow, max-snippet:-1, max-image-preview:large, max-video-preview:-1\" \/>\n<link rel=\"canonical\" href=\"https:\/\/lequotidien.mr\/?p=24472&lang=fr\" \/>\n<meta property=\"og:locale\" content=\"ar_AR\" \/>\n<meta property=\"og:type\" content=\"article\" \/>\n<meta property=\"og:title\" content=\"Mauritanie-S\u00e9n\u00e9gal : Un Protocole d&#039;Accord pour dynamiser le secteur num\u00e9rique - Le Quotidien de Nouakchott\" \/>\n<meta property=\"og:description\" content=\"Dans une d\u00e9marche num\u00e9rique marquant un tournant dans la coop\u00e9ration entre la Mauritanie et le S\u00e9n\u00e9gal, un protocole d&#8217;accord strat\u00e9gique a \u00e9t\u00e9 sign\u00e9 lundi pass\u00e9, \u00e0 Nouakchott, entre la F\u00e9d\u00e9ration des Services (FS) de l&#8217;Union Nationale du Patronat Mauritanien et l\u2019Organisation des Professionnels du Num\u00e9rique du S\u00e9n\u00e9gal (OPNS), affili\u00e9e au Conseil National du Patronat S\u00e9n\u00e9galais......\" \/>\n<meta property=\"og:url\" content=\"https:\/\/lequotidien.mr\/?p=24472&amp;lang=fr\" \/>\n<meta property=\"og:site_name\" content=\"Le Quotidien de Nouakchott\" \/>\n<meta property=\"article:publisher\" content=\"https:\/\/web.facebook.com\/lequotidienmr\" \/>\n<meta property=\"article:published_time\" content=\"2025-01-14T12:36:06+00:00\" \/>\n<meta property=\"og:image\" content=\"https:\/\/lequotidien.mr\/wp-content\/uploads\/2025\/01\/photo-RIM-Sgl_numerique.jpg\" \/>\n\t<meta property=\"og:image:width\" content=\"656\" \/>\n\t<meta property=\"og:image:height\" content=\"411\" \/>\n\t<meta property=\"og:image:type\" content=\"image\/jpeg\" \/>\n<meta name=\"author\" content=\"Med Ahmed\" \/>\n<meta name=\"twitter:card\" content=\"summary_large_image\" \/>\n<meta name=\"twitter:creator\" content=\"@lequotidienmr\" \/>\n<meta name=\"twitter:site\" content=\"@lequotidienmr\" \/>\n<meta name=\"twitter:label1\" content=\"\u0643\u064f\u062a\u0628 \u0628\u0648\u0627\u0633\u0637\u0629\" \/>\n\t<meta name=\"twitter:data1\" content=\"Med Ahmed\" \/>\n\t<meta name=\"twitter:label2\" content=\"\u0648\u0642\u062a \u0627\u0644\u0642\u0631\u0627\u0621\u0629 \u0627\u0644\u0645\u064f\u0642\u062f\u0651\u0631\" \/>\n\t<meta name=\"twitter:data2\" content=\"3 \u062f\u0642\u0627\u0626\u0642\" \/>\n<script type=\"application\/ld+json\" class=\"yoast-schema-graph\">{\"@context\":\"https:\\\/\\\/schema.org\",\"@graph\":[{\"@type\":\"Article\",\"@id\":\"https:\\\/\\\/lequotidien.mr\\\/?p=24472&lang=fr#article\",\"isPartOf\":{\"@id\":\"https:\\\/\\\/lequotidien.mr\\\/?p=24472&lang=fr\"},\"author\":{\"name\":\"Med Ahmed\",\"@id\":\"https:\\\/\\\/lequotidien.mr\\\/#\\\/schema\\\/person\\\/d2d350202a4d599685ed8abc25f97596\"},\"headline\":\"Mauritanie-S\u00e9n\u00e9gal : Un Protocole d&#8217;Accord pour dynamiser le secteur num\u00e9rique\",\"datePublished\":\"2025-01-14T12:36:06+00:00\",\"mainEntityOfPage\":{\"@id\":\"https:\\\/\\\/lequotidien.mr\\\/?p=24472&lang=fr\"},\"wordCount\":541,\"commentCount\":0,\"publisher\":{\"@id\":\"https:\\\/\\\/lequotidien.mr\\\/#organization\"},\"image\":{\"@id\":\"https:\\\/\\\/lequotidien.mr\\\/?p=24472&lang=fr#primaryimage\"},\"thumbnailUrl\":\"https:\\\/\\\/lequotidien.mr\\\/wp-content\\\/uploads\\\/2025\\\/01\\\/photo-RIM-Sgl_numerique.jpg\",\"articleSection\":[\"ACTUALIT\u00c9\",\"Economie\"],\"inLanguage\":\"ar\",\"potentialAction\":[{\"@type\":\"CommentAction\",\"name\":\"Comment\",\"target\":[\"https:\\\/\\\/lequotidien.mr\\\/?p=24472&lang=fr#respond\"]}]},{\"@type\":\"WebPage\",\"@id\":\"https:\\\/\\\/lequotidien.mr\\\/?p=24472&lang=fr\",\"url\":\"https:\\\/\\\/lequotidien.mr\\\/?p=24472&lang=fr\",\"name\":\"Mauritanie-S\u00e9n\u00e9gal : Un Protocole d'Accord pour dynamiser le secteur num\u00e9rique - Le Quotidien de Nouakchott\",\"isPartOf\":{\"@id\":\"https:\\\/\\\/lequotidien.mr\\\/#website\"},\"primaryImageOfPage\":{\"@id\":\"https:\\\/\\\/lequotidien.mr\\\/?p=24472&lang=fr#primaryimage\"},\"image\":{\"@id\":\"https:\\\/\\\/lequotidien.mr\\\/?p=24472&lang=fr#primaryimage\"},\"thumbnailUrl\":\"https:\\\/\\\/lequotidien.mr\\\/wp-content\\\/uploads\\\/2025\\\/01\\\/photo-RIM-Sgl_numerique.jpg\",\"datePublished\":\"2025-01-14T12:36:06+00:00\",\"breadcrumb\":{\"@id\":\"https:\\\/\\\/lequotidien.mr\\\/?p=24472&lang=fr#breadcrumb\"},\"inLanguage\":\"ar\",\"potentialAction\":[{\"@type\":\"ReadAction\",\"target\":[\"https:\\\/\\\/lequotidien.mr\\\/?p=24472&lang=fr\"]}]},{\"@type\":\"ImageObject\",\"inLanguage\":\"ar\",\"@id\":\"https:\\\/\\\/lequotidien.mr\\\/?p=24472&lang=fr#primaryimage\",\"url\":\"https:\\\/\\\/lequotidien.mr\\\/wp-content\\\/uploads\\\/2025\\\/01\\\/photo-RIM-Sgl_numerique.jpg\",\"contentUrl\":\"https:\\\/\\\/lequotidien.mr\\\/wp-content\\\/uploads\\\/2025\\\/01\\\/photo-RIM-Sgl_numerique.jpg\",\"width\":656,\"height\":411},{\"@type\":\"BreadcrumbList\",\"@id\":\"https:\\\/\\\/lequotidien.mr\\\/?p=24472&lang=fr#breadcrumb\",\"itemListElement\":[{\"@type\":\"ListItem\",\"position\":1,\"name\":\"Home\",\"item\":\"https:\\\/\\\/lequotidien.mr\\\/\"},{\"@type\":\"ListItem\",\"position\":2,\"name\":\"Mauritanie-S\u00e9n\u00e9gal : Un Protocole d&#8217;Accord pour dynamiser le secteur num\u00e9rique\"}]},{\"@type\":\"WebSite\",\"@id\":\"https:\\\/\\\/lequotidien.mr\\\/#website\",\"url\":\"https:\\\/\\\/lequotidien.mr\\\/\",\"name\":\"Le Quotidien de Nouakchott\",\"description\":\"\u0625\u062e\u0628\u0627\u0631\u064a\u0629 \u0645\u0633\u062a\u0642\u0644\u0629 \u0644\u0644\u0623\u0646\u0628\u0627\u0621 \u0627\u0644\u0639\u0627\u0645\u0629\",\"publisher\":{\"@id\":\"https:\\\/\\\/lequotidien.mr\\\/#organization\"},\"potentialAction\":[{\"@type\":\"SearchAction\",\"target\":{\"@type\":\"EntryPoint\",\"urlTemplate\":\"https:\\\/\\\/lequotidien.mr\\\/?s={search_term_string}\"},\"query-input\":{\"@type\":\"PropertyValueSpecification\",\"valueRequired\":true,\"valueName\":\"search_term_string\"}}],\"inLanguage\":\"ar\"},{\"@type\":\"Organization\",\"@id\":\"https:\\\/\\\/lequotidien.mr\\\/#organization\",\"name\":\"Le Quotidien de Nouakchott\",\"url\":\"https:\\\/\\\/lequotidien.mr\\\/\",\"logo\":{\"@type\":\"ImageObject\",\"inLanguage\":\"ar\",\"@id\":\"https:\\\/\\\/lequotidien.mr\\\/#\\\/schema\\\/logo\\\/image\\\/\",\"url\":\"https:\\\/\\\/lequotidien.mr\\\/wp-content\\\/uploads\\\/2022\\\/11\\\/logolequotidien.jpg\",\"contentUrl\":\"https:\\\/\\\/lequotidien.mr\\\/wp-content\\\/uploads\\\/2022\\\/11\\\/logolequotidien.jpg\",\"width\":290,\"height\":65,\"caption\":\"Le Quotidien de Nouakchott\"},\"image\":{\"@id\":\"https:\\\/\\\/lequotidien.mr\\\/#\\\/schema\\\/logo\\\/image\\\/\"},\"sameAs\":[\"https:\\\/\\\/web.facebook.com\\\/lequotidienmr\",\"https:\\\/\\\/x.com\\\/lequotidienmr\"]},{\"@type\":\"Person\",\"@id\":\"https:\\\/\\\/lequotidien.mr\\\/#\\\/schema\\\/person\\\/d2d350202a4d599685ed8abc25f97596\",\"name\":\"Med Ahmed\",\"image\":{\"@type\":\"ImageObject\",\"inLanguage\":\"ar\",\"@id\":\"https:\\\/\\\/secure.gravatar.com\\\/avatar\\\/fd2acc62ed50732923d1d39c17172c9b04149f142be92310ecc69e1358f94b52?s=96&d=mm&r=g\",\"url\":\"https:\\\/\\\/secure.gravatar.com\\\/avatar\\\/fd2acc62ed50732923d1d39c17172c9b04149f142be92310ecc69e1358f94b52?s=96&d=mm&r=g\",\"contentUrl\":\"https:\\\/\\\/secure.gravatar.com\\\/avatar\\\/fd2acc62ed50732923d1d39c17172c9b04149f142be92310ecc69e1358f94b52?s=96&d=mm&r=g\",\"caption\":\"Med Ahmed\"},\"url\":\"https:\\\/\\\/lequotidien.mr\\\/?author=12\"}]}<\/script>\n<!-- \/ Yoast SEO plugin. -->","yoast_head_json":{"title":"Mauritanie-S\u00e9n\u00e9gal : Un Protocole d'Accord pour dynamiser le secteur num\u00e9rique - Le Quotidien de Nouakchott","robots":{"index":"index","follow":"follow","max-snippet":"max-snippet:-1","max-image-preview":"max-image-preview:large","max-video-preview":"max-video-preview:-1"},"canonical":"https:\/\/lequotidien.mr\/?p=24472&lang=fr","og_locale":"ar_AR","og_type":"article","og_title":"Mauritanie-S\u00e9n\u00e9gal : Un Protocole d'Accord pour dynamiser le secteur num\u00e9rique - Le Quotidien de Nouakchott","og_description":"Dans une d\u00e9marche num\u00e9rique marquant un tournant dans la coop\u00e9ration entre la Mauritanie et le S\u00e9n\u00e9gal, un protocole d&#8217;accord strat\u00e9gique a \u00e9t\u00e9 sign\u00e9 lundi pass\u00e9, \u00e0 Nouakchott, entre la F\u00e9d\u00e9ration des Services (FS) de l&#8217;Union Nationale du Patronat Mauritanien et l\u2019Organisation des Professionnels du Num\u00e9rique du S\u00e9n\u00e9gal (OPNS), affili\u00e9e au Conseil National du Patronat S\u00e9n\u00e9galais......","og_url":"https:\/\/lequotidien.mr\/?p=24472&lang=fr","og_site_name":"Le Quotidien de Nouakchott","article_publisher":"https:\/\/web.facebook.com\/lequotidienmr","article_published_time":"2025-01-14T12:36:06+00:00","og_image":[{"width":656,"height":411,"url":"https:\/\/lequotidien.mr\/wp-content\/uploads\/2025\/01\/photo-RIM-Sgl_numerique.jpg","type":"image\/jpeg"}],"author":"Med Ahmed","twitter_card":"summary_large_image","twitter_creator":"@lequotidienmr","twitter_site":"@lequotidienmr","twitter_misc":{"\u0643\u064f\u062a\u0628 \u0628\u0648\u0627\u0633\u0637\u0629":"Med Ahmed","\u0648\u0642\u062a \u0627\u0644\u0642\u0631\u0627\u0621\u0629 \u0627\u0644\u0645\u064f\u0642\u062f\u0651\u0631":"3 \u062f\u0642\u0627\u0626\u0642"},"schema":{"@context":"https:\/\/schema.org","@graph":[{"@type":"Article","@id":"https:\/\/lequotidien.mr\/?p=24472&lang=fr#article","isPartOf":{"@id":"https:\/\/lequotidien.mr\/?p=24472&lang=fr"},"author":{"name":"Med Ahmed","@id":"https:\/\/lequotidien.mr\/#\/schema\/person\/d2d350202a4d599685ed8abc25f97596"},"headline":"Mauritanie-S\u00e9n\u00e9gal : Un Protocole d&#8217;Accord pour dynamiser le secteur num\u00e9rique","datePublished":"2025-01-14T12:36:06+00:00","mainEntityOfPage":{"@id":"https:\/\/lequotidien.mr\/?p=24472&lang=fr"},"wordCount":541,"commentCount":0,"publisher":{"@id":"https:\/\/lequotidien.mr\/#organization"},"image":{"@id":"https:\/\/lequotidien.mr\/?p=24472&lang=fr#primaryimage"},"thumbnailUrl":"https:\/\/lequotidien.mr\/wp-content\/uploads\/2025\/01\/photo-RIM-Sgl_numerique.jpg","articleSection":["ACTUALIT\u00c9","Economie"],"inLanguage":"ar","potentialAction":[{"@type":"CommentAction","name":"Comment","target":["https:\/\/lequotidien.mr\/?p=24472&lang=fr#respond"]}]},{"@type":"WebPage","@id":"https:\/\/lequotidien.mr\/?p=24472&lang=fr","url":"https:\/\/lequotidien.mr\/?p=24472&lang=fr","name":"Mauritanie-S\u00e9n\u00e9gal : Un Protocole d'Accord pour dynamiser le secteur num\u00e9rique - Le Quotidien de Nouakchott","isPartOf":{"@id":"https:\/\/lequotidien.mr\/#website"},"primaryImageOfPage":{"@id":"https:\/\/lequotidien.mr\/?p=24472&lang=fr#primaryimage"},"image":{"@id":"https:\/\/lequotidien.mr\/?p=24472&lang=fr#primaryimage"},"thumbnailUrl":"https:\/\/lequotidien.mr\/wp-content\/uploads\/2025\/01\/photo-RIM-Sgl_numerique.jpg","datePublished":"2025-01-14T12:36:06+00:00","breadcrumb":{"@id":"https:\/\/lequotidien.mr\/?p=24472&lang=fr#breadcrumb"},"inLanguage":"ar","potentialAction":[{"@type":"ReadAction","target":["https:\/\/lequotidien.mr\/?p=24472&lang=fr"]}]},{"@type":"ImageObject","inLanguage":"ar","@id":"https:\/\/lequotidien.mr\/?p=24472&lang=fr#primaryimage","url":"https:\/\/lequotidien.mr\/wp-content\/uploads\/2025\/01\/photo-RIM-Sgl_numerique.jpg","contentUrl":"https:\/\/lequotidien.mr\/wp-content\/uploads\/2025\/01\/photo-RIM-Sgl_numerique.jpg","width":656,"height":411},{"@type":"BreadcrumbList","@id":"https:\/\/lequotidien.mr\/?p=24472&lang=fr#breadcrumb","itemListElement":[{"@type":"ListItem","position":1,"name":"Home","item":"https:\/\/lequotidien.mr\/"},{"@type":"ListItem","position":2,"name":"Mauritanie-S\u00e9n\u00e9gal : Un Protocole d&#8217;Accord pour dynamiser le secteur num\u00e9rique"}]},{"@type":"WebSite","@id":"https:\/\/lequotidien.mr\/#website","url":"https:\/\/lequotidien.mr\/","name":"Le Quotidien de Nouakchott","description":"\u0625\u062e\u0628\u0627\u0631\u064a\u0629 \u0645\u0633\u062a\u0642\u0644\u0629 \u0644\u0644\u0623\u0646\u0628\u0627\u0621 \u0627\u0644\u0639\u0627\u0645\u0629","publisher":{"@id":"https:\/\/lequotidien.mr\/#organization"},"potentialAction":[{"@type":"SearchAction","target":{"@type":"EntryPoint","urlTemplate":"https:\/\/lequotidien.mr\/?s={search_term_string}"},"query-input":{"@type":"PropertyValueSpecification","valueRequired":true,"valueName":"search_term_string"}}],"inLanguage":"ar"},{"@type":"Organization","@id":"https:\/\/lequotidien.mr\/#organization","name":"Le Quotidien de Nouakchott","url":"https:\/\/lequotidien.mr\/","logo":{"@type":"ImageObject","inLanguage":"ar","@id":"https:\/\/lequotidien.mr\/#\/schema\/logo\/image\/","url":"https:\/\/lequotidien.mr\/wp-content\/uploads\/2022\/11\/logolequotidien.jpg","contentUrl":"https:\/\/lequotidien.mr\/wp-content\/uploads\/2022\/11\/logolequotidien.jpg","width":290,"height":65,"caption":"Le Quotidien de Nouakchott"},"image":{"@id":"https:\/\/lequotidien.mr\/#\/schema\/logo\/image\/"},"sameAs":["https:\/\/web.facebook.com\/lequotidienmr","https:\/\/x.com\/lequotidienmr"]},{"@type":"Person","@id":"https:\/\/lequotidien.mr\/#\/schema\/person\/d2d350202a4d599685ed8abc25f97596","name":"Med Ahmed","image":{"@type":"ImageObject","inLanguage":"ar","@id":"https:\/\/secure.gravatar.com\/avatar\/fd2acc62ed50732923d1d39c17172c9b04149f142be92310ecc69e1358f94b52?s=96&d=mm&r=g","url":"https:\/\/secure.gravatar.com\/avatar\/fd2acc62ed50732923d1d39c17172c9b04149f142be92310ecc69e1358f94b52?s=96&d=mm&r=g","contentUrl":"https:\/\/secure.gravatar.com\/avatar\/fd2acc62ed50732923d1d39c17172c9b04149f142be92310ecc69e1358f94b52?s=96&d=mm&r=g","caption":"Med Ahmed"},"url":"https:\/\/lequotidien.mr\/?author=12"}]}},"_links":{"self":[{"href":"https:\/\/lequotidien.mr\/index.php?rest_route=\/wp\/v2\/posts\/24472","targetHints":{"allow":["GET"]}}],"collection":[{"href":"https:\/\/lequotidien.mr\/index.php?rest_route=\/wp\/v2\/posts"}],"about":[{"href":"https:\/\/lequotidien.mr\/index.php?rest_route=\/wp\/v2\/types\/post"}],"author":[{"embeddable":true,"href":"https:\/\/lequotidien.mr\/index.php?rest_route=\/wp\/v2\/users\/12"}],"replies":[{"embeddable":true,"href":"https:\/\/lequotidien.mr\/index.php?rest_route=%2Fwp%2Fv2%2Fcomments&post=24472"}],"version-history":[{"count":1,"href":"https:\/\/lequotidien.mr\/index.php?rest_route=\/wp\/v2\/posts\/24472\/revisions"}],"predecessor-version":[{"id":24474,"href":"https:\/\/lequotidien.mr\/index.php?rest_route=\/wp\/v2\/posts\/24472\/revisions\/24474"}],"wp:featuredmedia":[{"embeddable":true,"href":"https:\/\/lequotidien.mr\/index.php?rest_route=\/wp\/v2\/media\/24473"}],"wp:attachment":[{"href":"https:\/\/lequotidien.mr\/index.php?rest_route=%2Fwp%2Fv2%2Fmedia&parent=24472"}],"wp:term":[{"taxonomy":"category","embeddable":true,"href":"https:\/\/lequotidien.mr\/index.php?rest_route=%2Fwp%2Fv2%2Fcategories&post=24472"},{"taxonomy":"post_tag","embeddable":true,"href":"https:\/\/lequotidien.mr\/index.php?rest_route=%2Fwp%2Fv2%2Ftags&post=24472"}],"curies":[{"name":"wp","href":"https:\/\/api.w.org\/{rel}","templated":true}]}}