{"id":24469,"date":"2025-01-14T11:29:15","date_gmt":"2025-01-14T11:29:15","guid":{"rendered":"https:\/\/lequotidien.mr\/?p=24469"},"modified":"2025-01-14T11:29:15","modified_gmt":"2025-01-14T11:29:15","slug":"reunion-de-travail-entre-les-ministres-mauritanien-et-senegalais-une-rencontre-pour-renforcer-les-partenariats-strategiques","status":"publish","type":"post","link":"https:\/\/lequotidien.mr\/?p=24469&lang=fr","title":{"rendered":"R\u00e9union de travail entre les Ministres mauritanien et s\u00e9n\u00e9galais : Une rencontre pour renforcer les partenariats strat\u00e9giques"},"content":{"rendered":"<p>lundi dernier, le Premier ministre mauritanien,<strong> M. El Moctar Djay<\/strong>, et son homologue s\u00e9n\u00e9galais, <strong>M. Ousmane Sonko<\/strong>, ont pr\u00e9sid\u00e9 une r\u00e9union de travail au si\u00e8ge de la Primature \u00e0 Nouakchott. Cette rencontre, qui a rassembl\u00e9 des d\u00e9l\u00e9gations minist\u00e9rielles des deux pays, a \u00e9t\u00e9 l\u2019occasion de discuter des moyens de renforcer la coop\u00e9ration bilat\u00e9rale et de diversifier les partenariats strat\u00e9giques entre les deux nations.<\/p>\n<p><strong>Des secteurs cl\u00e9s au c\u0153ur des \u00e9changes<\/strong><\/p>\n<p>Les discussions ont port\u00e9 sur plusieurs secteurs strat\u00e9giques essentiels pour les deux \u00e9conomies :<\/p>\n<p><strong>-\u00c9nergie<\/strong> : La collaboration sur le projet gazier <strong>Grand Tortue Ahmeyim (GTA)<\/strong>, une ressource partag\u00e9e entre les deux pays, a \u00e9t\u00e9 au centre des d\u00e9bats, soulignant son importance comme symbole de coop\u00e9ration sud-sud\u00a0;<\/p>\n<p><strong>-P\u00eache<\/strong> : La gestion durable et \u00e9quitable des <strong>ressources halieutiques<\/strong> a \u00e9t\u00e9 identifi\u00e9e comme une priorit\u00e9 commune\u00a0;<\/p>\n<p><strong>-Transport<\/strong> : Le projet du <strong>Pont de Rosso<\/strong>, un lien vital entre les deux pays, a \u00e9t\u00e9 pr\u00e9sent\u00e9 comme une \u00e9tape cl\u00e9 pour faciliter la mobilit\u00e9 et les \u00e9changes \u00e9conomiques\u00a0;<\/p>\n<p><strong>-S\u00e9curit\u00e9<\/strong> : Les deux parties ont insist\u00e9 sur l\u2019importance d\u2019une coordination accrue pour relever les <strong>d\u00e9fis s\u00e9curitaires r\u00e9gionaux<\/strong>.<\/p>\n<p>Les projets de l\u2019<strong>Organisation pour la Mise en Valeur du fleuve S\u00e9n\u00e9gal (OMVS)<\/strong>, embl\u00e8mes de la coop\u00e9ration r\u00e9gionale, ont \u00e9galement \u00e9t\u00e9 mis en avant comme des mod\u00e8les de collaboration exemplaires.<\/p>\n<p><strong>Une relation fraternelle fond\u00e9e sur l\u2019histoire<\/strong><\/p>\n<p>Dans son discours, le Premier ministre mauritanien, M. El Moctar Djay, a rappel\u00e9 les liens historiques profonds qui unissent la Mauritanie et le S\u00e9n\u00e9gal. Il a soulign\u00e9 que cette relation fraternelle se traduit par une volont\u00e9 commune de diversifier et d\u2019\u00e9largir les cadres de coop\u00e9ration dans l\u2019int\u00e9r\u00eat mutuel des deux peuples.<\/p>\n<p>Djay a \u00e9galement soulign\u00e9 l\u2019importance de cette r\u00e9union pour la mise en \u0153uvre des accords issus de la 13\u1d49 Grande Commission Mixte Mauritano-S\u00e9n\u00e9galaise, consolidant ainsi les bases d\u2019un partenariat mutuellement b\u00e9n\u00e9fique et durable.<\/p>\n<p><strong>Un mod\u00e8le de coop\u00e9ration Sud-Sud<\/strong><\/p>\n<p>De son c\u00f4t\u00e9, le Premier ministre s\u00e9n\u00e9galais, M. Ousmane Sonko, a salu\u00e9 les r\u00e9alisations communes entre les deux pays. Il a mis en avant :<\/p>\n<p><strong>&#8211;<\/strong>Les <strong>accords fructueux<\/strong> issus de la 13\u1d49 Grande Commission Mixte\u00a0;<\/p>\n<p><strong>&#8211;<\/strong>Le succ\u00e8s du <strong>Forum \u00e9conomique s\u00e9n\u00e9galo-mauritanien<\/strong> de Dakar, qui a permis de dynamiser les relations commerciales\u00a0;<\/p>\n<p><strong>&#8211;<\/strong>La <strong>coop\u00e9ration strat\u00e9gique autour du projet GTA<\/strong>, symbole de solidarit\u00e9 et d\u2019interd\u00e9pendance.<\/p>\n<p>Sonko a \u00e9galement soulign\u00e9 l\u2019importance de maintenir cette dynamique positive et de continuer \u00e0 explorer de nouveaux horizons de coop\u00e9ration pour r\u00e9pondre aux besoins croissants des deux nations.<\/p>\n<p>La r\u00e9union a permis de r\u00e9affirmer l\u2019engagement des deux pays \u00e0 travailler ensemble sur des projets embl\u00e9matiques, tout en poursuivant les efforts pour relever les d\u00e9fis communs. Cette rencontre s\u2019inscrit dans une volont\u00e9 partag\u00e9e de b\u00e2tir un partenariat <strong>fort, durable et exemplaire<\/strong>, renfor\u00e7ant ainsi le r\u00f4le strat\u00e9gique de la Mauritanie et du S\u00e9n\u00e9gal au sein de la r\u00e9gion ouest-africaine.<\/p>\n<p>Cette rencontre entre les Premiers ministres mauritanien et s\u00e9n\u00e9galais t\u00e9moigne de l\u2019importance de la coop\u00e9ration bilat\u00e9rale dans des domaines cl\u00e9s pour les deux pays. En unissant leurs efforts, la Mauritanie et le S\u00e9n\u00e9gal continuent de montrer la voie d\u2019une int\u00e9gration r\u00e9gionale r\u00e9ussie et d\u2019un d\u00e9veloppement mutuellement b\u00e9n\u00e9fique.<\/p>\n","protected":false},"excerpt":{"rendered":"<p>lundi dernier, le Premier ministre mauritanien, M. El Moctar Djay, et son homologue s\u00e9n\u00e9galais, M. Ousmane Sonko, ont pr\u00e9sid\u00e9 une r\u00e9union de travail au si\u00e8ge de la Primature \u00e0 Nouakchott. Cette rencontre, qui a rassembl\u00e9 des d\u00e9l\u00e9gations minist\u00e9rielles des deux pays, a \u00e9t\u00e9 l\u2019occasion de discuter des moyens de renforcer la coop\u00e9ration bilat\u00e9rale et de&#8230;..<\/p>\n","protected":false},"author":12,"featured_media":24470,"comment_status":"open","ping_status":"open","sticky":false,"template":"","format":"standard","meta":{"footnotes":""},"categories":[23,49],"tags":[],"class_list":["post-24469","post","type-post","status-publish","format-standard","has-post-thumbnail","hentry","category-actualite","category-economie"],"yoast_head":"<!-- This site is optimized with the Yoast SEO plugin v27.5 - https:\/\/yoast.com\/product\/yoast-seo-wordpress\/ -->\n<title>R\u00e9union de travail entre les Ministres mauritanien et s\u00e9n\u00e9galais : Une rencontre pour renforcer les partenariats strat\u00e9giques - Le Quotidien de Nouakchott<\/title>\n<meta name=\"robots\" content=\"index, follow, max-snippet:-1, max-image-preview:large, max-video-preview:-1\" \/>\n<link rel=\"canonical\" href=\"https:\/\/lequotidien.mr\/?p=24469&lang=fr\" \/>\n<meta property=\"og:locale\" content=\"ar_AR\" \/>\n<meta property=\"og:type\" content=\"article\" \/>\n<meta property=\"og:title\" content=\"R\u00e9union de travail entre les Ministres mauritanien et s\u00e9n\u00e9galais : Une rencontre pour renforcer les partenariats strat\u00e9giques - Le Quotidien de Nouakchott\" \/>\n<meta property=\"og:description\" content=\"lundi dernier, le Premier ministre mauritanien, M. El Moctar Djay, et son homologue s\u00e9n\u00e9galais, M. Ousmane Sonko, ont pr\u00e9sid\u00e9 une r\u00e9union de travail au si\u00e8ge de la Primature \u00e0 Nouakchott. Cette rencontre, qui a rassembl\u00e9 des d\u00e9l\u00e9gations minist\u00e9rielles des deux pays, a \u00e9t\u00e9 l\u2019occasion de discuter des moyens de renforcer la coop\u00e9ration bilat\u00e9rale et de.....\" \/>\n<meta property=\"og:url\" content=\"https:\/\/lequotidien.mr\/?p=24469&amp;lang=fr\" \/>\n<meta property=\"og:site_name\" content=\"Le Quotidien de Nouakchott\" \/>\n<meta property=\"article:publisher\" content=\"https:\/\/web.facebook.com\/lequotidienmr\" \/>\n<meta property=\"article:published_time\" content=\"2025-01-14T11:29:15+00:00\" \/>\n<meta property=\"og:image\" content=\"https:\/\/lequotidien.mr\/wp-content\/uploads\/2025\/01\/photo-seance-trvail-RIM-Senegal.jpg\" \/>\n\t<meta property=\"og:image:width\" content=\"750\" \/>\n\t<meta property=\"og:image:height\" content=\"430\" \/>\n\t<meta property=\"og:image:type\" content=\"image\/jpeg\" \/>\n<meta name=\"author\" content=\"Med Ahmed\" \/>\n<meta name=\"twitter:card\" content=\"summary_large_image\" \/>\n<meta name=\"twitter:creator\" content=\"@lequotidienmr\" \/>\n<meta name=\"twitter:site\" content=\"@lequotidienmr\" \/>\n<meta name=\"twitter:label1\" content=\"\u0643\u064f\u062a\u0628 \u0628\u0648\u0627\u0633\u0637\u0629\" \/>\n\t<meta name=\"twitter:data1\" content=\"Med Ahmed\" \/>\n\t<meta name=\"twitter:label2\" content=\"\u0648\u0642\u062a \u0627\u0644\u0642\u0631\u0627\u0621\u0629 \u0627\u0644\u0645\u064f\u0642\u062f\u0651\u0631\" \/>\n\t<meta name=\"twitter:data2\" content=\"3 \u062f\u0642\u0627\u0626\u0642\" \/>\n<script type=\"application\/ld+json\" class=\"yoast-schema-graph\">{\"@context\":\"https:\\\/\\\/schema.org\",\"@graph\":[{\"@type\":\"Article\",\"@id\":\"https:\\\/\\\/lequotidien.mr\\\/?p=24469&lang=fr#article\",\"isPartOf\":{\"@id\":\"https:\\\/\\\/lequotidien.mr\\\/?p=24469&lang=fr\"},\"author\":{\"name\":\"Med Ahmed\",\"@id\":\"https:\\\/\\\/lequotidien.mr\\\/#\\\/schema\\\/person\\\/d2d350202a4d599685ed8abc25f97596\"},\"headline\":\"R\u00e9union de travail entre les Ministres mauritanien et s\u00e9n\u00e9galais : Une rencontre pour renforcer les partenariats strat\u00e9giques\",\"datePublished\":\"2025-01-14T11:29:15+00:00\",\"mainEntityOfPage\":{\"@id\":\"https:\\\/\\\/lequotidien.mr\\\/?p=24469&lang=fr\"},\"wordCount\":611,\"commentCount\":0,\"publisher\":{\"@id\":\"https:\\\/\\\/lequotidien.mr\\\/#organization\"},\"image\":{\"@id\":\"https:\\\/\\\/lequotidien.mr\\\/?p=24469&lang=fr#primaryimage\"},\"thumbnailUrl\":\"https:\\\/\\\/lequotidien.mr\\\/wp-content\\\/uploads\\\/2025\\\/01\\\/photo-seance-trvail-RIM-Senegal.jpg\",\"articleSection\":[\"ACTUALIT\u00c9\",\"Economie\"],\"inLanguage\":\"ar\",\"potentialAction\":[{\"@type\":\"CommentAction\",\"name\":\"Comment\",\"target\":[\"https:\\\/\\\/lequotidien.mr\\\/?p=24469&lang=fr#respond\"]}]},{\"@type\":\"WebPage\",\"@id\":\"https:\\\/\\\/lequotidien.mr\\\/?p=24469&lang=fr\",\"url\":\"https:\\\/\\\/lequotidien.mr\\\/?p=24469&lang=fr\",\"name\":\"R\u00e9union de travail entre les Ministres mauritanien et s\u00e9n\u00e9galais : Une rencontre pour renforcer les partenariats strat\u00e9giques - Le Quotidien de Nouakchott\",\"isPartOf\":{\"@id\":\"https:\\\/\\\/lequotidien.mr\\\/#website\"},\"primaryImageOfPage\":{\"@id\":\"https:\\\/\\\/lequotidien.mr\\\/?p=24469&lang=fr#primaryimage\"},\"image\":{\"@id\":\"https:\\\/\\\/lequotidien.mr\\\/?p=24469&lang=fr#primaryimage\"},\"thumbnailUrl\":\"https:\\\/\\\/lequotidien.mr\\\/wp-content\\\/uploads\\\/2025\\\/01\\\/photo-seance-trvail-RIM-Senegal.jpg\",\"datePublished\":\"2025-01-14T11:29:15+00:00\",\"breadcrumb\":{\"@id\":\"https:\\\/\\\/lequotidien.mr\\\/?p=24469&lang=fr#breadcrumb\"},\"inLanguage\":\"ar\",\"potentialAction\":[{\"@type\":\"ReadAction\",\"target\":[\"https:\\\/\\\/lequotidien.mr\\\/?p=24469&lang=fr\"]}]},{\"@type\":\"ImageObject\",\"inLanguage\":\"ar\",\"@id\":\"https:\\\/\\\/lequotidien.mr\\\/?p=24469&lang=fr#primaryimage\",\"url\":\"https:\\\/\\\/lequotidien.mr\\\/wp-content\\\/uploads\\\/2025\\\/01\\\/photo-seance-trvail-RIM-Senegal.jpg\",\"contentUrl\":\"https:\\\/\\\/lequotidien.mr\\\/wp-content\\\/uploads\\\/2025\\\/01\\\/photo-seance-trvail-RIM-Senegal.jpg\",\"width\":750,\"height\":430},{\"@type\":\"BreadcrumbList\",\"@id\":\"https:\\\/\\\/lequotidien.mr\\\/?p=24469&lang=fr#breadcrumb\",\"itemListElement\":[{\"@type\":\"ListItem\",\"position\":1,\"name\":\"Home\",\"item\":\"https:\\\/\\\/lequotidien.mr\\\/\"},{\"@type\":\"ListItem\",\"position\":2,\"name\":\"R\u00e9union de travail entre les Ministres mauritanien et s\u00e9n\u00e9galais : Une rencontre pour renforcer les partenariats strat\u00e9giques\"}]},{\"@type\":\"WebSite\",\"@id\":\"https:\\\/\\\/lequotidien.mr\\\/#website\",\"url\":\"https:\\\/\\\/lequotidien.mr\\\/\",\"name\":\"Le Quotidien de Nouakchott\",\"description\":\"\u0625\u062e\u0628\u0627\u0631\u064a\u0629 \u0645\u0633\u062a\u0642\u0644\u0629 \u0644\u0644\u0623\u0646\u0628\u0627\u0621 \u0627\u0644\u0639\u0627\u0645\u0629\",\"publisher\":{\"@id\":\"https:\\\/\\\/lequotidien.mr\\\/#organization\"},\"potentialAction\":[{\"@type\":\"SearchAction\",\"target\":{\"@type\":\"EntryPoint\",\"urlTemplate\":\"https:\\\/\\\/lequotidien.mr\\\/?s={search_term_string}\"},\"query-input\":{\"@type\":\"PropertyValueSpecification\",\"valueRequired\":true,\"valueName\":\"search_term_string\"}}],\"inLanguage\":\"ar\"},{\"@type\":\"Organization\",\"@id\":\"https:\\\/\\\/lequotidien.mr\\\/#organization\",\"name\":\"Le Quotidien de Nouakchott\",\"url\":\"https:\\\/\\\/lequotidien.mr\\\/\",\"logo\":{\"@type\":\"ImageObject\",\"inLanguage\":\"ar\",\"@id\":\"https:\\\/\\\/lequotidien.mr\\\/#\\\/schema\\\/logo\\\/image\\\/\",\"url\":\"https:\\\/\\\/lequotidien.mr\\\/wp-content\\\/uploads\\\/2022\\\/11\\\/logolequotidien.jpg\",\"contentUrl\":\"https:\\\/\\\/lequotidien.mr\\\/wp-content\\\/uploads\\\/2022\\\/11\\\/logolequotidien.jpg\",\"width\":290,\"height\":65,\"caption\":\"Le Quotidien de Nouakchott\"},\"image\":{\"@id\":\"https:\\\/\\\/lequotidien.mr\\\/#\\\/schema\\\/logo\\\/image\\\/\"},\"sameAs\":[\"https:\\\/\\\/web.facebook.com\\\/lequotidienmr\",\"https:\\\/\\\/x.com\\\/lequotidienmr\"]},{\"@type\":\"Person\",\"@id\":\"https:\\\/\\\/lequotidien.mr\\\/#\\\/schema\\\/person\\\/d2d350202a4d599685ed8abc25f97596\",\"name\":\"Med Ahmed\",\"image\":{\"@type\":\"ImageObject\",\"inLanguage\":\"ar\",\"@id\":\"https:\\\/\\\/secure.gravatar.com\\\/avatar\\\/fd2acc62ed50732923d1d39c17172c9b04149f142be92310ecc69e1358f94b52?s=96&d=mm&r=g\",\"url\":\"https:\\\/\\\/secure.gravatar.com\\\/avatar\\\/fd2acc62ed50732923d1d39c17172c9b04149f142be92310ecc69e1358f94b52?s=96&d=mm&r=g\",\"contentUrl\":\"https:\\\/\\\/secure.gravatar.com\\\/avatar\\\/fd2acc62ed50732923d1d39c17172c9b04149f142be92310ecc69e1358f94b52?s=96&d=mm&r=g\",\"caption\":\"Med Ahmed\"},\"url\":\"https:\\\/\\\/lequotidien.mr\\\/?author=12\"}]}<\/script>\n<!-- \/ Yoast SEO plugin. -->","yoast_head_json":{"title":"R\u00e9union de travail entre les Ministres mauritanien et s\u00e9n\u00e9galais : Une rencontre pour renforcer les partenariats strat\u00e9giques - Le Quotidien de Nouakchott","robots":{"index":"index","follow":"follow","max-snippet":"max-snippet:-1","max-image-preview":"max-image-preview:large","max-video-preview":"max-video-preview:-1"},"canonical":"https:\/\/lequotidien.mr\/?p=24469&lang=fr","og_locale":"ar_AR","og_type":"article","og_title":"R\u00e9union de travail entre les Ministres mauritanien et s\u00e9n\u00e9galais : Une rencontre pour renforcer les partenariats strat\u00e9giques - Le Quotidien de Nouakchott","og_description":"lundi dernier, le Premier ministre mauritanien, M. El Moctar Djay, et son homologue s\u00e9n\u00e9galais, M. Ousmane Sonko, ont pr\u00e9sid\u00e9 une r\u00e9union de travail au si\u00e8ge de la Primature \u00e0 Nouakchott. Cette rencontre, qui a rassembl\u00e9 des d\u00e9l\u00e9gations minist\u00e9rielles des deux pays, a \u00e9t\u00e9 l\u2019occasion de discuter des moyens de renforcer la coop\u00e9ration bilat\u00e9rale et de.....","og_url":"https:\/\/lequotidien.mr\/?p=24469&lang=fr","og_site_name":"Le Quotidien de Nouakchott","article_publisher":"https:\/\/web.facebook.com\/lequotidienmr","article_published_time":"2025-01-14T11:29:15+00:00","og_image":[{"width":750,"height":430,"url":"https:\/\/lequotidien.mr\/wp-content\/uploads\/2025\/01\/photo-seance-trvail-RIM-Senegal.jpg","type":"image\/jpeg"}],"author":"Med Ahmed","twitter_card":"summary_large_image","twitter_creator":"@lequotidienmr","twitter_site":"@lequotidienmr","twitter_misc":{"\u0643\u064f\u062a\u0628 \u0628\u0648\u0627\u0633\u0637\u0629":"Med Ahmed","\u0648\u0642\u062a \u0627\u0644\u0642\u0631\u0627\u0621\u0629 \u0627\u0644\u0645\u064f\u0642\u062f\u0651\u0631":"3 \u062f\u0642\u0627\u0626\u0642"},"schema":{"@context":"https:\/\/schema.org","@graph":[{"@type":"Article","@id":"https:\/\/lequotidien.mr\/?p=24469&lang=fr#article","isPartOf":{"@id":"https:\/\/lequotidien.mr\/?p=24469&lang=fr"},"author":{"name":"Med Ahmed","@id":"https:\/\/lequotidien.mr\/#\/schema\/person\/d2d350202a4d599685ed8abc25f97596"},"headline":"R\u00e9union de travail entre les Ministres mauritanien et s\u00e9n\u00e9galais : Une rencontre pour renforcer les partenariats strat\u00e9giques","datePublished":"2025-01-14T11:29:15+00:00","mainEntityOfPage":{"@id":"https:\/\/lequotidien.mr\/?p=24469&lang=fr"},"wordCount":611,"commentCount":0,"publisher":{"@id":"https:\/\/lequotidien.mr\/#organization"},"image":{"@id":"https:\/\/lequotidien.mr\/?p=24469&lang=fr#primaryimage"},"thumbnailUrl":"https:\/\/lequotidien.mr\/wp-content\/uploads\/2025\/01\/photo-seance-trvail-RIM-Senegal.jpg","articleSection":["ACTUALIT\u00c9","Economie"],"inLanguage":"ar","potentialAction":[{"@type":"CommentAction","name":"Comment","target":["https:\/\/lequotidien.mr\/?p=24469&lang=fr#respond"]}]},{"@type":"WebPage","@id":"https:\/\/lequotidien.mr\/?p=24469&lang=fr","url":"https:\/\/lequotidien.mr\/?p=24469&lang=fr","name":"R\u00e9union de travail entre les Ministres mauritanien et s\u00e9n\u00e9galais : Une rencontre pour renforcer les partenariats strat\u00e9giques - Le Quotidien de Nouakchott","isPartOf":{"@id":"https:\/\/lequotidien.mr\/#website"},"primaryImageOfPage":{"@id":"https:\/\/lequotidien.mr\/?p=24469&lang=fr#primaryimage"},"image":{"@id":"https:\/\/lequotidien.mr\/?p=24469&lang=fr#primaryimage"},"thumbnailUrl":"https:\/\/lequotidien.mr\/wp-content\/uploads\/2025\/01\/photo-seance-trvail-RIM-Senegal.jpg","datePublished":"2025-01-14T11:29:15+00:00","breadcrumb":{"@id":"https:\/\/lequotidien.mr\/?p=24469&lang=fr#breadcrumb"},"inLanguage":"ar","potentialAction":[{"@type":"ReadAction","target":["https:\/\/lequotidien.mr\/?p=24469&lang=fr"]}]},{"@type":"ImageObject","inLanguage":"ar","@id":"https:\/\/lequotidien.mr\/?p=24469&lang=fr#primaryimage","url":"https:\/\/lequotidien.mr\/wp-content\/uploads\/2025\/01\/photo-seance-trvail-RIM-Senegal.jpg","contentUrl":"https:\/\/lequotidien.mr\/wp-content\/uploads\/2025\/01\/photo-seance-trvail-RIM-Senegal.jpg","width":750,"height":430},{"@type":"BreadcrumbList","@id":"https:\/\/lequotidien.mr\/?p=24469&lang=fr#breadcrumb","itemListElement":[{"@type":"ListItem","position":1,"name":"Home","item":"https:\/\/lequotidien.mr\/"},{"@type":"ListItem","position":2,"name":"R\u00e9union de travail entre les Ministres mauritanien et s\u00e9n\u00e9galais : Une rencontre pour renforcer les partenariats strat\u00e9giques"}]},{"@type":"WebSite","@id":"https:\/\/lequotidien.mr\/#website","url":"https:\/\/lequotidien.mr\/","name":"Le Quotidien de Nouakchott","description":"\u0625\u062e\u0628\u0627\u0631\u064a\u0629 \u0645\u0633\u062a\u0642\u0644\u0629 \u0644\u0644\u0623\u0646\u0628\u0627\u0621 \u0627\u0644\u0639\u0627\u0645\u0629","publisher":{"@id":"https:\/\/lequotidien.mr\/#organization"},"potentialAction":[{"@type":"SearchAction","target":{"@type":"EntryPoint","urlTemplate":"https:\/\/lequotidien.mr\/?s={search_term_string}"},"query-input":{"@type":"PropertyValueSpecification","valueRequired":true,"valueName":"search_term_string"}}],"inLanguage":"ar"},{"@type":"Organization","@id":"https:\/\/lequotidien.mr\/#organization","name":"Le Quotidien de Nouakchott","url":"https:\/\/lequotidien.mr\/","logo":{"@type":"ImageObject","inLanguage":"ar","@id":"https:\/\/lequotidien.mr\/#\/schema\/logo\/image\/","url":"https:\/\/lequotidien.mr\/wp-content\/uploads\/2022\/11\/logolequotidien.jpg","contentUrl":"https:\/\/lequotidien.mr\/wp-content\/uploads\/2022\/11\/logolequotidien.jpg","width":290,"height":65,"caption":"Le Quotidien de Nouakchott"},"image":{"@id":"https:\/\/lequotidien.mr\/#\/schema\/logo\/image\/"},"sameAs":["https:\/\/web.facebook.com\/lequotidienmr","https:\/\/x.com\/lequotidienmr"]},{"@type":"Person","@id":"https:\/\/lequotidien.mr\/#\/schema\/person\/d2d350202a4d599685ed8abc25f97596","name":"Med Ahmed","image":{"@type":"ImageObject","inLanguage":"ar","@id":"https:\/\/secure.gravatar.com\/avatar\/fd2acc62ed50732923d1d39c17172c9b04149f142be92310ecc69e1358f94b52?s=96&d=mm&r=g","url":"https:\/\/secure.gravatar.com\/avatar\/fd2acc62ed50732923d1d39c17172c9b04149f142be92310ecc69e1358f94b52?s=96&d=mm&r=g","contentUrl":"https:\/\/secure.gravatar.com\/avatar\/fd2acc62ed50732923d1d39c17172c9b04149f142be92310ecc69e1358f94b52?s=96&d=mm&r=g","caption":"Med Ahmed"},"url":"https:\/\/lequotidien.mr\/?author=12"}]}},"_links":{"self":[{"href":"https:\/\/lequotidien.mr\/index.php?rest_route=\/wp\/v2\/posts\/24469","targetHints":{"allow":["GET"]}}],"collection":[{"href":"https:\/\/lequotidien.mr\/index.php?rest_route=\/wp\/v2\/posts"}],"about":[{"href":"https:\/\/lequotidien.mr\/index.php?rest_route=\/wp\/v2\/types\/post"}],"author":[{"embeddable":true,"href":"https:\/\/lequotidien.mr\/index.php?rest_route=\/wp\/v2\/users\/12"}],"replies":[{"embeddable":true,"href":"https:\/\/lequotidien.mr\/index.php?rest_route=%2Fwp%2Fv2%2Fcomments&post=24469"}],"version-history":[{"count":1,"href":"https:\/\/lequotidien.mr\/index.php?rest_route=\/wp\/v2\/posts\/24469\/revisions"}],"predecessor-version":[{"id":24471,"href":"https:\/\/lequotidien.mr\/index.php?rest_route=\/wp\/v2\/posts\/24469\/revisions\/24471"}],"wp:featuredmedia":[{"embeddable":true,"href":"https:\/\/lequotidien.mr\/index.php?rest_route=\/wp\/v2\/media\/24470"}],"wp:attachment":[{"href":"https:\/\/lequotidien.mr\/index.php?rest_route=%2Fwp%2Fv2%2Fmedia&parent=24469"}],"wp:term":[{"taxonomy":"category","embeddable":true,"href":"https:\/\/lequotidien.mr\/index.php?rest_route=%2Fwp%2Fv2%2Fcategories&post=24469"},{"taxonomy":"post_tag","embeddable":true,"href":"https:\/\/lequotidien.mr\/index.php?rest_route=%2Fwp%2Fv2%2Ftags&post=24469"}],"curies":[{"name":"wp","href":"https:\/\/api.w.org\/{rel}","templated":true}]}}