{"id":24466,"date":"2025-01-14T10:37:52","date_gmt":"2025-01-14T10:37:52","guid":{"rendered":"https:\/\/lequotidien.mr\/?p=24466"},"modified":"2025-01-14T10:37:52","modified_gmt":"2025-01-14T10:37:52","slug":"le-senegal-honore-lhomme-daffaires-mauritanien-mohamed-ould-bouamatou-avec-la-distinction-de-commandeur-dans-lordre-du-lion","status":"publish","type":"post","link":"https:\/\/lequotidien.mr\/?p=24466&lang=fr","title":{"rendered":"Le S\u00e9n\u00e9gal honore l&#8217;homme d&#8217;affaires mauritanien Mohamed Ould Bouamatou avec la distinction de &#8220;Commandeur dans l&#8217;Ordre du Lion&#8221;"},"content":{"rendered":"<div id=\"title\">\n<h1><span style=\"font-size: 16px;\">Au nom du pr\u00e9sident s\u00e9n\u00e9galais, M. Bassirou Diomaye Faye, le Premier ministre s\u00e9n\u00e9galais, Ousmane Sonko, a d\u00e9cor\u00e9 ce soir l&#8217;\u00e9minent homme d&#8217;affaires mauritanien Mohamed Ould Bouamatou de l&#8217;insigne de &#8220;Commandeur dans l&#8217;Ordre du Lion du m\u00e9rite national s\u00e9n\u00e9galais&#8221;. Cette distinction vient en reconnaissance de ses efforts remarquables pour renforcer les liens de fraternit\u00e9 et d&#8217;amiti\u00e9 entre la Mauritanie et le S\u00e9n\u00e9gal.<\/span><\/h1>\n<\/div>\n<div id=\"block-system-main\" class=\"block block-system\">\n<div class=\"content\">\n<div id=\"node-14028\" class=\"node node-content clearfix\">\n<article class=\"content clearfix\">\n<div class=\"field field-name-body field-type-text-with-summary field-label-hidden\">\n<div class=\"field-items\">\n<div class=\"field-item even\">\n<p>Dans son discours prononc\u00e9 \u00e0 cette occasion, Mohamed Ould Bouamatou a exprim\u00e9 sa profonde gratitude \u00e0 l&#8217;endroit du pr\u00e9sident s\u00e9n\u00e9galais pour cet honneur prestigieux. Il a salu\u00e9 la richesse des relations historiques qui unissent les deux pays et les deux peuples fr\u00e8res, r\u00e9affirmant sa conviction de l&#8217;importance de travailler \u00e0 leur renforcement et \u00e0 leur diversification au service des int\u00e9r\u00eats communs.<\/p>\n<p>Ould Bouamatou a \u00e9galement soulign\u00e9 que sa vision de la n\u00e9cessit\u00e9 de promouvoir la coop\u00e9ration entre la Mauritanie et le S\u00e9n\u00e9gal s&#8217;est consolid\u00e9e sous la direction du pr\u00e9sident mauritanien, Mohamed Ould Cheikh El Ghazouani. Il a r\u00e9it\u00e9r\u00e9 son engagement \u00e0 mobiliser son expertise, son r\u00e9seau professionnel et ses moyens \u00e9conomiques pour atteindre ces nobles objectifs, avec une d\u00e9termination renouvel\u00e9e.<\/p>\n<p>Ce geste honorifique illustre la reconnaissance mutuelle et la solidit\u00e9 des relations entre les deux nations voisines. Il met en lumi\u00e8re le r\u00f4le essentiel des acteurs \u00e9conomiques dans la promotion de la coop\u00e9ration r\u00e9gionale, au b\u00e9n\u00e9fice du d\u00e9veloppement et du partenariat durable.<\/p>\n<\/div>\n<\/div>\n<\/div>\n<\/article>\n<\/div>\n<\/div>\n<\/div>\n","protected":false},"excerpt":{"rendered":"<p>Au nom du pr\u00e9sident s\u00e9n\u00e9galais, M. Bassirou Diomaye Faye, le Premier ministre s\u00e9n\u00e9galais, Ousmane Sonko, a d\u00e9cor\u00e9 ce soir l&#8217;\u00e9minent homme d&#8217;affaires mauritanien Mohamed Ould Bouamatou de l&#8217;insigne de &#8220;Commandeur dans l&#8217;Ordre du Lion du m\u00e9rite national s\u00e9n\u00e9galais&#8221;. Cette distinction vient en reconnaissance de ses efforts remarquables pour renforcer les liens de fraternit\u00e9 et d&#8217;amiti\u00e9&#8230;..<\/p>\n","protected":false},"author":4,"featured_media":24467,"comment_status":"open","ping_status":"open","sticky":false,"template":"","format":"standard","meta":{"footnotes":""},"categories":[23,57],"tags":[],"class_list":["post-24466","post","type-post","status-publish","format-standard","has-post-thumbnail","hentry","category-actualite","category-couverture-specilale"],"yoast_head":"<!-- This site is optimized with the Yoast SEO plugin v27.5 - https:\/\/yoast.com\/product\/yoast-seo-wordpress\/ -->\n<title>Le S\u00e9n\u00e9gal honore l&#039;homme d&#039;affaires mauritanien Mohamed Ould Bouamatou avec la distinction de &quot;Commandeur dans l&#039;Ordre du Lion&quot; - Le Quotidien de Nouakchott<\/title>\n<meta name=\"robots\" content=\"index, follow, max-snippet:-1, max-image-preview:large, max-video-preview:-1\" \/>\n<link rel=\"canonical\" href=\"https:\/\/lequotidien.mr\/?p=24466&lang=fr\" \/>\n<meta property=\"og:locale\" content=\"ar_AR\" \/>\n<meta property=\"og:type\" content=\"article\" \/>\n<meta property=\"og:title\" content=\"Le S\u00e9n\u00e9gal honore l&#039;homme d&#039;affaires mauritanien Mohamed Ould Bouamatou avec la distinction de &quot;Commandeur dans l&#039;Ordre du Lion&quot; - Le Quotidien de Nouakchott\" \/>\n<meta property=\"og:description\" content=\"Au nom du pr\u00e9sident s\u00e9n\u00e9galais, M. Bassirou Diomaye Faye, le Premier ministre s\u00e9n\u00e9galais, Ousmane Sonko, a d\u00e9cor\u00e9 ce soir l&#8217;\u00e9minent homme d&#8217;affaires mauritanien Mohamed Ould Bouamatou de l&#8217;insigne de &#8220;Commandeur dans l&#8217;Ordre du Lion du m\u00e9rite national s\u00e9n\u00e9galais&#8221;. Cette distinction vient en reconnaissance de ses efforts remarquables pour renforcer les liens de fraternit\u00e9 et d&#8217;amiti\u00e9.....\" \/>\n<meta property=\"og:url\" content=\"https:\/\/lequotidien.mr\/?p=24466&amp;lang=fr\" \/>\n<meta property=\"og:site_name\" content=\"Le Quotidien de Nouakchott\" \/>\n<meta property=\"article:publisher\" content=\"https:\/\/web.facebook.com\/lequotidienmr\" \/>\n<meta property=\"article:published_time\" content=\"2025-01-14T10:37:52+00:00\" \/>\n<meta property=\"og:image\" content=\"https:\/\/lequotidien.mr\/wp-content\/uploads\/2025\/01\/ce6ecdf0-c4fe-4edc-b6ef-1a1040c70b00.jpeg\" \/>\n\t<meta property=\"og:image:width\" content=\"1706\" \/>\n\t<meta property=\"og:image:height\" content=\"2560\" \/>\n\t<meta property=\"og:image:type\" content=\"image\/jpeg\" \/>\n<meta name=\"author\" content=\"Le Quotidien\" \/>\n<meta name=\"twitter:card\" content=\"summary_large_image\" \/>\n<meta name=\"twitter:creator\" content=\"@lequotidienmr\" \/>\n<meta name=\"twitter:site\" content=\"@lequotidienmr\" \/>\n<meta name=\"twitter:label1\" content=\"\u0643\u064f\u062a\u0628 \u0628\u0648\u0627\u0633\u0637\u0629\" \/>\n\t<meta name=\"twitter:data1\" content=\"Le Quotidien\" \/>\n\t<meta name=\"twitter:label2\" content=\"\u0648\u0642\u062a \u0627\u0644\u0642\u0631\u0627\u0621\u0629 \u0627\u0644\u0645\u064f\u0642\u062f\u0651\u0631\" \/>\n\t<meta name=\"twitter:data2\" content=\"\u062f\u0642\u064a\u0642\u0629 \u0648\u0627\u062d\u062f\u0629\" \/>\n<script type=\"application\/ld+json\" class=\"yoast-schema-graph\">{\"@context\":\"https:\\\/\\\/schema.org\",\"@graph\":[{\"@type\":\"Article\",\"@id\":\"https:\\\/\\\/lequotidien.mr\\\/?p=24466&lang=fr#article\",\"isPartOf\":{\"@id\":\"https:\\\/\\\/lequotidien.mr\\\/?p=24466&lang=fr\"},\"author\":{\"name\":\"Le Quotidien\",\"@id\":\"https:\\\/\\\/lequotidien.mr\\\/#\\\/schema\\\/person\\\/f90fcdaa970c60288de4ed2e64a56472\"},\"headline\":\"Le S\u00e9n\u00e9gal honore l&#8217;homme d&#8217;affaires mauritanien Mohamed Ould Bouamatou avec la distinction de &#8220;Commandeur dans l&#8217;Ordre du Lion&#8221;\",\"datePublished\":\"2025-01-14T10:37:52+00:00\",\"mainEntityOfPage\":{\"@id\":\"https:\\\/\\\/lequotidien.mr\\\/?p=24466&lang=fr\"},\"wordCount\":285,\"commentCount\":0,\"publisher\":{\"@id\":\"https:\\\/\\\/lequotidien.mr\\\/#organization\"},\"image\":{\"@id\":\"https:\\\/\\\/lequotidien.mr\\\/?p=24466&lang=fr#primaryimage\"},\"thumbnailUrl\":\"https:\\\/\\\/lequotidien.mr\\\/wp-content\\\/uploads\\\/2025\\\/01\\\/ce6ecdf0-c4fe-4edc-b6ef-1a1040c70b00.jpeg\",\"articleSection\":[\"ACTUALIT\u00c9\",\"Couverture sp\u00e9cilale\"],\"inLanguage\":\"ar\",\"potentialAction\":[{\"@type\":\"CommentAction\",\"name\":\"Comment\",\"target\":[\"https:\\\/\\\/lequotidien.mr\\\/?p=24466&lang=fr#respond\"]}]},{\"@type\":\"WebPage\",\"@id\":\"https:\\\/\\\/lequotidien.mr\\\/?p=24466&lang=fr\",\"url\":\"https:\\\/\\\/lequotidien.mr\\\/?p=24466&lang=fr\",\"name\":\"Le S\u00e9n\u00e9gal honore l'homme d'affaires mauritanien Mohamed Ould Bouamatou avec la distinction de \\\"Commandeur dans l'Ordre du Lion\\\" - Le Quotidien de Nouakchott\",\"isPartOf\":{\"@id\":\"https:\\\/\\\/lequotidien.mr\\\/#website\"},\"primaryImageOfPage\":{\"@id\":\"https:\\\/\\\/lequotidien.mr\\\/?p=24466&lang=fr#primaryimage\"},\"image\":{\"@id\":\"https:\\\/\\\/lequotidien.mr\\\/?p=24466&lang=fr#primaryimage\"},\"thumbnailUrl\":\"https:\\\/\\\/lequotidien.mr\\\/wp-content\\\/uploads\\\/2025\\\/01\\\/ce6ecdf0-c4fe-4edc-b6ef-1a1040c70b00.jpeg\",\"datePublished\":\"2025-01-14T10:37:52+00:00\",\"breadcrumb\":{\"@id\":\"https:\\\/\\\/lequotidien.mr\\\/?p=24466&lang=fr#breadcrumb\"},\"inLanguage\":\"ar\",\"potentialAction\":[{\"@type\":\"ReadAction\",\"target\":[\"https:\\\/\\\/lequotidien.mr\\\/?p=24466&lang=fr\"]}]},{\"@type\":\"ImageObject\",\"inLanguage\":\"ar\",\"@id\":\"https:\\\/\\\/lequotidien.mr\\\/?p=24466&lang=fr#primaryimage\",\"url\":\"https:\\\/\\\/lequotidien.mr\\\/wp-content\\\/uploads\\\/2025\\\/01\\\/ce6ecdf0-c4fe-4edc-b6ef-1a1040c70b00.jpeg\",\"contentUrl\":\"https:\\\/\\\/lequotidien.mr\\\/wp-content\\\/uploads\\\/2025\\\/01\\\/ce6ecdf0-c4fe-4edc-b6ef-1a1040c70b00.jpeg\",\"width\":1706,\"height\":2560},{\"@type\":\"BreadcrumbList\",\"@id\":\"https:\\\/\\\/lequotidien.mr\\\/?p=24466&lang=fr#breadcrumb\",\"itemListElement\":[{\"@type\":\"ListItem\",\"position\":1,\"name\":\"Home\",\"item\":\"https:\\\/\\\/lequotidien.mr\\\/\"},{\"@type\":\"ListItem\",\"position\":2,\"name\":\"Le S\u00e9n\u00e9gal honore l&#8217;homme d&#8217;affaires mauritanien Mohamed Ould Bouamatou avec la distinction de &#8220;Commandeur dans l&#8217;Ordre du Lion&#8221;\"}]},{\"@type\":\"WebSite\",\"@id\":\"https:\\\/\\\/lequotidien.mr\\\/#website\",\"url\":\"https:\\\/\\\/lequotidien.mr\\\/\",\"name\":\"Le Quotidien de Nouakchott\",\"description\":\"\u0625\u062e\u0628\u0627\u0631\u064a\u0629 \u0645\u0633\u062a\u0642\u0644\u0629 \u0644\u0644\u0623\u0646\u0628\u0627\u0621 \u0627\u0644\u0639\u0627\u0645\u0629\",\"publisher\":{\"@id\":\"https:\\\/\\\/lequotidien.mr\\\/#organization\"},\"potentialAction\":[{\"@type\":\"SearchAction\",\"target\":{\"@type\":\"EntryPoint\",\"urlTemplate\":\"https:\\\/\\\/lequotidien.mr\\\/?s={search_term_string}\"},\"query-input\":{\"@type\":\"PropertyValueSpecification\",\"valueRequired\":true,\"valueName\":\"search_term_string\"}}],\"inLanguage\":\"ar\"},{\"@type\":\"Organization\",\"@id\":\"https:\\\/\\\/lequotidien.mr\\\/#organization\",\"name\":\"Le Quotidien de Nouakchott\",\"url\":\"https:\\\/\\\/lequotidien.mr\\\/\",\"logo\":{\"@type\":\"ImageObject\",\"inLanguage\":\"ar\",\"@id\":\"https:\\\/\\\/lequotidien.mr\\\/#\\\/schema\\\/logo\\\/image\\\/\",\"url\":\"https:\\\/\\\/lequotidien.mr\\\/wp-content\\\/uploads\\\/2022\\\/11\\\/logolequotidien.jpg\",\"contentUrl\":\"https:\\\/\\\/lequotidien.mr\\\/wp-content\\\/uploads\\\/2022\\\/11\\\/logolequotidien.jpg\",\"width\":290,\"height\":65,\"caption\":\"Le Quotidien de Nouakchott\"},\"image\":{\"@id\":\"https:\\\/\\\/lequotidien.mr\\\/#\\\/schema\\\/logo\\\/image\\\/\"},\"sameAs\":[\"https:\\\/\\\/web.facebook.com\\\/lequotidienmr\",\"https:\\\/\\\/x.com\\\/lequotidienmr\"]},{\"@type\":\"Person\",\"@id\":\"https:\\\/\\\/lequotidien.mr\\\/#\\\/schema\\\/person\\\/f90fcdaa970c60288de4ed2e64a56472\",\"name\":\"Le Quotidien\",\"image\":{\"@type\":\"ImageObject\",\"inLanguage\":\"ar\",\"@id\":\"https:\\\/\\\/secure.gravatar.com\\\/avatar\\\/374cb39a1a458a912465a93e5a3ce6546886fc3da809a1f10c63e4e8fcbca30f?s=96&d=mm&r=g\",\"url\":\"https:\\\/\\\/secure.gravatar.com\\\/avatar\\\/374cb39a1a458a912465a93e5a3ce6546886fc3da809a1f10c63e4e8fcbca30f?s=96&d=mm&r=g\",\"contentUrl\":\"https:\\\/\\\/secure.gravatar.com\\\/avatar\\\/374cb39a1a458a912465a93e5a3ce6546886fc3da809a1f10c63e4e8fcbca30f?s=96&d=mm&r=g\",\"caption\":\"Le Quotidien\"},\"sameAs\":[\"https:\\\/\\\/lequotidien.mr\\\/\"],\"url\":\"https:\\\/\\\/lequotidien.mr\\\/?author=4\"}]}<\/script>\n<!-- \/ Yoast SEO plugin. -->","yoast_head_json":{"title":"Le S\u00e9n\u00e9gal honore l'homme d'affaires mauritanien Mohamed Ould Bouamatou avec la distinction de \"Commandeur dans l'Ordre du Lion\" - Le Quotidien de Nouakchott","robots":{"index":"index","follow":"follow","max-snippet":"max-snippet:-1","max-image-preview":"max-image-preview:large","max-video-preview":"max-video-preview:-1"},"canonical":"https:\/\/lequotidien.mr\/?p=24466&lang=fr","og_locale":"ar_AR","og_type":"article","og_title":"Le S\u00e9n\u00e9gal honore l'homme d'affaires mauritanien Mohamed Ould Bouamatou avec la distinction de \"Commandeur dans l'Ordre du Lion\" - Le Quotidien de Nouakchott","og_description":"Au nom du pr\u00e9sident s\u00e9n\u00e9galais, M. Bassirou Diomaye Faye, le Premier ministre s\u00e9n\u00e9galais, Ousmane Sonko, a d\u00e9cor\u00e9 ce soir l&#8217;\u00e9minent homme d&#8217;affaires mauritanien Mohamed Ould Bouamatou de l&#8217;insigne de &#8220;Commandeur dans l&#8217;Ordre du Lion du m\u00e9rite national s\u00e9n\u00e9galais&#8221;. Cette distinction vient en reconnaissance de ses efforts remarquables pour renforcer les liens de fraternit\u00e9 et d&#8217;amiti\u00e9.....","og_url":"https:\/\/lequotidien.mr\/?p=24466&lang=fr","og_site_name":"Le Quotidien de Nouakchott","article_publisher":"https:\/\/web.facebook.com\/lequotidienmr","article_published_time":"2025-01-14T10:37:52+00:00","og_image":[{"width":1706,"height":2560,"url":"https:\/\/lequotidien.mr\/wp-content\/uploads\/2025\/01\/ce6ecdf0-c4fe-4edc-b6ef-1a1040c70b00.jpeg","type":"image\/jpeg"}],"author":"Le Quotidien","twitter_card":"summary_large_image","twitter_creator":"@lequotidienmr","twitter_site":"@lequotidienmr","twitter_misc":{"\u0643\u064f\u062a\u0628 \u0628\u0648\u0627\u0633\u0637\u0629":"Le Quotidien","\u0648\u0642\u062a \u0627\u0644\u0642\u0631\u0627\u0621\u0629 \u0627\u0644\u0645\u064f\u0642\u062f\u0651\u0631":"\u062f\u0642\u064a\u0642\u0629 \u0648\u0627\u062d\u062f\u0629"},"schema":{"@context":"https:\/\/schema.org","@graph":[{"@type":"Article","@id":"https:\/\/lequotidien.mr\/?p=24466&lang=fr#article","isPartOf":{"@id":"https:\/\/lequotidien.mr\/?p=24466&lang=fr"},"author":{"name":"Le Quotidien","@id":"https:\/\/lequotidien.mr\/#\/schema\/person\/f90fcdaa970c60288de4ed2e64a56472"},"headline":"Le S\u00e9n\u00e9gal honore l&#8217;homme d&#8217;affaires mauritanien Mohamed Ould Bouamatou avec la distinction de &#8220;Commandeur dans l&#8217;Ordre du Lion&#8221;","datePublished":"2025-01-14T10:37:52+00:00","mainEntityOfPage":{"@id":"https:\/\/lequotidien.mr\/?p=24466&lang=fr"},"wordCount":285,"commentCount":0,"publisher":{"@id":"https:\/\/lequotidien.mr\/#organization"},"image":{"@id":"https:\/\/lequotidien.mr\/?p=24466&lang=fr#primaryimage"},"thumbnailUrl":"https:\/\/lequotidien.mr\/wp-content\/uploads\/2025\/01\/ce6ecdf0-c4fe-4edc-b6ef-1a1040c70b00.jpeg","articleSection":["ACTUALIT\u00c9","Couverture sp\u00e9cilale"],"inLanguage":"ar","potentialAction":[{"@type":"CommentAction","name":"Comment","target":["https:\/\/lequotidien.mr\/?p=24466&lang=fr#respond"]}]},{"@type":"WebPage","@id":"https:\/\/lequotidien.mr\/?p=24466&lang=fr","url":"https:\/\/lequotidien.mr\/?p=24466&lang=fr","name":"Le S\u00e9n\u00e9gal honore l'homme d'affaires mauritanien Mohamed Ould Bouamatou avec la distinction de \"Commandeur dans l'Ordre du Lion\" - Le Quotidien de Nouakchott","isPartOf":{"@id":"https:\/\/lequotidien.mr\/#website"},"primaryImageOfPage":{"@id":"https:\/\/lequotidien.mr\/?p=24466&lang=fr#primaryimage"},"image":{"@id":"https:\/\/lequotidien.mr\/?p=24466&lang=fr#primaryimage"},"thumbnailUrl":"https:\/\/lequotidien.mr\/wp-content\/uploads\/2025\/01\/ce6ecdf0-c4fe-4edc-b6ef-1a1040c70b00.jpeg","datePublished":"2025-01-14T10:37:52+00:00","breadcrumb":{"@id":"https:\/\/lequotidien.mr\/?p=24466&lang=fr#breadcrumb"},"inLanguage":"ar","potentialAction":[{"@type":"ReadAction","target":["https:\/\/lequotidien.mr\/?p=24466&lang=fr"]}]},{"@type":"ImageObject","inLanguage":"ar","@id":"https:\/\/lequotidien.mr\/?p=24466&lang=fr#primaryimage","url":"https:\/\/lequotidien.mr\/wp-content\/uploads\/2025\/01\/ce6ecdf0-c4fe-4edc-b6ef-1a1040c70b00.jpeg","contentUrl":"https:\/\/lequotidien.mr\/wp-content\/uploads\/2025\/01\/ce6ecdf0-c4fe-4edc-b6ef-1a1040c70b00.jpeg","width":1706,"height":2560},{"@type":"BreadcrumbList","@id":"https:\/\/lequotidien.mr\/?p=24466&lang=fr#breadcrumb","itemListElement":[{"@type":"ListItem","position":1,"name":"Home","item":"https:\/\/lequotidien.mr\/"},{"@type":"ListItem","position":2,"name":"Le S\u00e9n\u00e9gal honore l&#8217;homme d&#8217;affaires mauritanien Mohamed Ould Bouamatou avec la distinction de &#8220;Commandeur dans l&#8217;Ordre du Lion&#8221;"}]},{"@type":"WebSite","@id":"https:\/\/lequotidien.mr\/#website","url":"https:\/\/lequotidien.mr\/","name":"Le Quotidien de Nouakchott","description":"\u0625\u062e\u0628\u0627\u0631\u064a\u0629 \u0645\u0633\u062a\u0642\u0644\u0629 \u0644\u0644\u0623\u0646\u0628\u0627\u0621 \u0627\u0644\u0639\u0627\u0645\u0629","publisher":{"@id":"https:\/\/lequotidien.mr\/#organization"},"potentialAction":[{"@type":"SearchAction","target":{"@type":"EntryPoint","urlTemplate":"https:\/\/lequotidien.mr\/?s={search_term_string}"},"query-input":{"@type":"PropertyValueSpecification","valueRequired":true,"valueName":"search_term_string"}}],"inLanguage":"ar"},{"@type":"Organization","@id":"https:\/\/lequotidien.mr\/#organization","name":"Le Quotidien de Nouakchott","url":"https:\/\/lequotidien.mr\/","logo":{"@type":"ImageObject","inLanguage":"ar","@id":"https:\/\/lequotidien.mr\/#\/schema\/logo\/image\/","url":"https:\/\/lequotidien.mr\/wp-content\/uploads\/2022\/11\/logolequotidien.jpg","contentUrl":"https:\/\/lequotidien.mr\/wp-content\/uploads\/2022\/11\/logolequotidien.jpg","width":290,"height":65,"caption":"Le Quotidien de Nouakchott"},"image":{"@id":"https:\/\/lequotidien.mr\/#\/schema\/logo\/image\/"},"sameAs":["https:\/\/web.facebook.com\/lequotidienmr","https:\/\/x.com\/lequotidienmr"]},{"@type":"Person","@id":"https:\/\/lequotidien.mr\/#\/schema\/person\/f90fcdaa970c60288de4ed2e64a56472","name":"Le Quotidien","image":{"@type":"ImageObject","inLanguage":"ar","@id":"https:\/\/secure.gravatar.com\/avatar\/374cb39a1a458a912465a93e5a3ce6546886fc3da809a1f10c63e4e8fcbca30f?s=96&d=mm&r=g","url":"https:\/\/secure.gravatar.com\/avatar\/374cb39a1a458a912465a93e5a3ce6546886fc3da809a1f10c63e4e8fcbca30f?s=96&d=mm&r=g","contentUrl":"https:\/\/secure.gravatar.com\/avatar\/374cb39a1a458a912465a93e5a3ce6546886fc3da809a1f10c63e4e8fcbca30f?s=96&d=mm&r=g","caption":"Le Quotidien"},"sameAs":["https:\/\/lequotidien.mr\/"],"url":"https:\/\/lequotidien.mr\/?author=4"}]}},"_links":{"self":[{"href":"https:\/\/lequotidien.mr\/index.php?rest_route=\/wp\/v2\/posts\/24466","targetHints":{"allow":["GET"]}}],"collection":[{"href":"https:\/\/lequotidien.mr\/index.php?rest_route=\/wp\/v2\/posts"}],"about":[{"href":"https:\/\/lequotidien.mr\/index.php?rest_route=\/wp\/v2\/types\/post"}],"author":[{"embeddable":true,"href":"https:\/\/lequotidien.mr\/index.php?rest_route=\/wp\/v2\/users\/4"}],"replies":[{"embeddable":true,"href":"https:\/\/lequotidien.mr\/index.php?rest_route=%2Fwp%2Fv2%2Fcomments&post=24466"}],"version-history":[{"count":1,"href":"https:\/\/lequotidien.mr\/index.php?rest_route=\/wp\/v2\/posts\/24466\/revisions"}],"predecessor-version":[{"id":24468,"href":"https:\/\/lequotidien.mr\/index.php?rest_route=\/wp\/v2\/posts\/24466\/revisions\/24468"}],"wp:featuredmedia":[{"embeddable":true,"href":"https:\/\/lequotidien.mr\/index.php?rest_route=\/wp\/v2\/media\/24467"}],"wp:attachment":[{"href":"https:\/\/lequotidien.mr\/index.php?rest_route=%2Fwp%2Fv2%2Fmedia&parent=24466"}],"wp:term":[{"taxonomy":"category","embeddable":true,"href":"https:\/\/lequotidien.mr\/index.php?rest_route=%2Fwp%2Fv2%2Fcategories&post=24466"},{"taxonomy":"post_tag","embeddable":true,"href":"https:\/\/lequotidien.mr\/index.php?rest_route=%2Fwp%2Fv2%2Ftags&post=24466"}],"curies":[{"name":"wp","href":"https:\/\/api.w.org\/{rel}","templated":true}]}}