{"id":24440,"date":"2025-01-13T10:53:33","date_gmt":"2025-01-13T10:53:33","guid":{"rendered":"https:\/\/lequotidien.mr\/?p=24440"},"modified":"2025-01-13T10:53:33","modified_gmt":"2025-01-13T10:53:33","slug":"djeddah-signature-de-laccord-cadre-entre-la-mauritanie-et-larabie-saoudite-pour-la-saison-du-hadj-1446h-2025","status":"publish","type":"post","link":"https:\/\/lequotidien.mr\/?p=24440&lang=fr","title":{"rendered":"Djeddah : Signature de l\u2019Accord-cadre entre la Mauritanie et l&#8217;Arabie Saoudite pour la saison du Hadj 1446H\/2025"},"content":{"rendered":"<p>Dans le cadre des pr\u00e9paratifs pour la <strong>saison du Hadj 1446H\/2025<\/strong>, un accord-cadre a \u00e9t\u00e9 sign\u00e9 ce dimanche \u00e0 Djeddah entre la Mauritanie et le Royaume d&#8217;Arabie Saoudite. Cet \u00e9v\u00e9nement, marquant une \u00e9tape essentielle dans l&#8217;organisation du p\u00e8lerinage annuel, a r\u00e9uni plusieurs personnalit\u00e9s de haut rang des deux pays.<\/p>\n<p>L&#8217;accord a \u00e9t\u00e9 sign\u00e9 par <strong>M. Sidi Yahya Cheikhna Lemrabott<\/strong> , ministre des Affaires Islamiques et de l&#8217;Enseignement Originel de Mauritanie, et son homologue saoudien, <strong>Tawfiq bin Fawzan Al-Rabiah<\/strong> , ministre du Hadj et de la Omra.<\/p>\n<p>Lors de la c\u00e9r\u00e9monie, M. Lemrabott a exprim\u00e9 sa gratitude envers l&#8217;Arabie Saoudite pour ses efforts constants en faveur des p\u00e8lerins, soulignant l&#8217;excellence des services offerts chaque ann\u00e9e pour assurer un p\u00e8lerinage dans les meilleures conditions.<\/p>\n<p>De son c\u00f4t\u00e9, le ministre saoudien a salu\u00e9 le r\u00f4le historique, culturel et islamique de la Mauritanie, tout en r\u00e9affirmant l&#8217;engagement de son pays \u00e0 surmonter les \u00e9ventuels obstacles et \u00e0 renforcer la coop\u00e9ration bilat\u00e9rale pour garantir le succ\u00e8s de la saison du Hadj 2025. .<\/p>\n<p>La c\u00e9r\u00e9monie s&#8217;est d\u00e9roul\u00e9e en pr\u00e9sence de Mme Fatimetou Cheikhna, charg\u00e9e d&#8217;affaires de la Mauritanie \u00e0 Djeddah, ainsi que de plusieurs autres hauts responsables\u00a0 dont le Directeur du Hajj et de la Omra, repr\u00e9sentant les aspects techniques et logistiques de l&#8217;organisation du p\u00e8lerinage ; le Directeur G\u00e9n\u00e9ral Adjoint de l&#8217;Agence Nationale de l&#8217;Aviation Civile, charg\u00e9 des aspects li\u00e9s au transport a\u00e9rien ; et le Directeur G\u00e9n\u00e9ral de Mauritania Airways, garantissant une coordination optimale pour le transport des p\u00e8lerins.<\/p>\n<p>La signature de cet accord intervient en marge de la Conf\u00e9rence et de l&#8217;Exposition sur le Hadj actuellement en cours \u00e0 Djeddah. Cet \u00e9v\u00e9nement international rassemble des acteurs cl\u00e9s du secteur afin de partager des innovations, des solutions logistiques et des exp\u00e9riences pour am\u00e9liorer l&#8217;organisation du p\u00e8lerinage.<\/p>\n<p>L&#8217;accord-cadre refl\u00e8te la volont\u00e9 commune des deux pays de mettre en place des services efficaces, s\u00fbrs et inclusifs pour les p\u00e8lerins mauritaniens. La Mauritanie b\u00e9n\u00e9ficie d&#8217;une riche tradition islamique, et ce partenariat avec l&#8217;Arabie Saoudite est essentiel pour permettre \u00e0 ses citoyens de vivre pleinement cette exp\u00e9rience spirituelle majeure.<\/p>\n<p>En travaillant main dans la main, la Mauritanie et l&#8217;Arabie Saoudite r\u00e9affirment leur engagement \u00e0 maintenir le Hadj comme un \u00e9v\u00e9nement spirituel d&#8217;exception, marqu\u00e9 par la fraternit\u00e9 et le respect des valeurs islamiques.<\/p>\n","protected":false},"excerpt":{"rendered":"<p>Dans le cadre des pr\u00e9paratifs pour la saison du Hadj 1446H\/2025, un accord-cadre a \u00e9t\u00e9 sign\u00e9 ce dimanche \u00e0 Djeddah entre la Mauritanie et le Royaume d&#8217;Arabie Saoudite. Cet \u00e9v\u00e9nement, marquant une \u00e9tape essentielle dans l&#8217;organisation du p\u00e8lerinage annuel, a r\u00e9uni plusieurs personnalit\u00e9s de haut rang des deux pays. L&#8217;accord a \u00e9t\u00e9 sign\u00e9 par M&#8230;&#8230;<\/p>\n","protected":false},"author":12,"featured_media":24441,"comment_status":"open","ping_status":"open","sticky":false,"template":"","format":"standard","meta":{"footnotes":""},"categories":[23,55],"tags":[],"class_list":["post-24440","post","type-post","status-publish","format-standard","has-post-thumbnail","hentry","category-actualite","category-culture"],"yoast_head":"<!-- This site is optimized with the Yoast SEO plugin v27.5 - https:\/\/yoast.com\/product\/yoast-seo-wordpress\/ -->\n<title>Djeddah : Signature de l\u2019Accord-cadre entre la Mauritanie et l&#039;Arabie Saoudite pour la saison du Hadj 1446H\/2025 - Le Quotidien de Nouakchott<\/title>\n<meta name=\"robots\" content=\"index, follow, max-snippet:-1, max-image-preview:large, max-video-preview:-1\" \/>\n<link rel=\"canonical\" href=\"https:\/\/lequotidien.mr\/?p=24440&lang=fr\" \/>\n<meta property=\"og:locale\" content=\"ar_AR\" \/>\n<meta property=\"og:type\" content=\"article\" \/>\n<meta property=\"og:title\" content=\"Djeddah : Signature de l\u2019Accord-cadre entre la Mauritanie et l&#039;Arabie Saoudite pour la saison du Hadj 1446H\/2025 - Le Quotidien de Nouakchott\" \/>\n<meta property=\"og:description\" content=\"Dans le cadre des pr\u00e9paratifs pour la saison du Hadj 1446H\/2025, un accord-cadre a \u00e9t\u00e9 sign\u00e9 ce dimanche \u00e0 Djeddah entre la Mauritanie et le Royaume d&#8217;Arabie Saoudite. Cet \u00e9v\u00e9nement, marquant une \u00e9tape essentielle dans l&#8217;organisation du p\u00e8lerinage annuel, a r\u00e9uni plusieurs personnalit\u00e9s de haut rang des deux pays. L&#8217;accord a \u00e9t\u00e9 sign\u00e9 par M......\" \/>\n<meta property=\"og:url\" content=\"https:\/\/lequotidien.mr\/?p=24440&amp;lang=fr\" \/>\n<meta property=\"og:site_name\" content=\"Le Quotidien de Nouakchott\" \/>\n<meta property=\"article:publisher\" content=\"https:\/\/web.facebook.com\/lequotidienmr\" \/>\n<meta property=\"article:published_time\" content=\"2025-01-13T10:53:33+00:00\" \/>\n<meta property=\"og:image\" content=\"https:\/\/lequotidien.mr\/wp-content\/uploads\/2025\/01\/photo-maison-hadj.jpg\" \/>\n\t<meta property=\"og:image:width\" content=\"457\" \/>\n\t<meta property=\"og:image:height\" content=\"640\" \/>\n\t<meta property=\"og:image:type\" content=\"image\/jpeg\" \/>\n<meta name=\"author\" content=\"Med Ahmed\" \/>\n<meta name=\"twitter:card\" content=\"summary_large_image\" \/>\n<meta name=\"twitter:creator\" content=\"@lequotidienmr\" \/>\n<meta name=\"twitter:site\" content=\"@lequotidienmr\" \/>\n<meta name=\"twitter:label1\" content=\"\u0643\u064f\u062a\u0628 \u0628\u0648\u0627\u0633\u0637\u0629\" \/>\n\t<meta name=\"twitter:data1\" content=\"Med Ahmed\" \/>\n\t<meta name=\"twitter:label2\" content=\"\u0648\u0642\u062a \u0627\u0644\u0642\u0631\u0627\u0621\u0629 \u0627\u0644\u0645\u064f\u0642\u062f\u0651\u0631\" \/>\n\t<meta name=\"twitter:data2\" content=\"\u062f\u0642\u064a\u0642\u062a\u0627\u0646\" \/>\n<script type=\"application\/ld+json\" class=\"yoast-schema-graph\">{\"@context\":\"https:\\\/\\\/schema.org\",\"@graph\":[{\"@type\":\"Article\",\"@id\":\"https:\\\/\\\/lequotidien.mr\\\/?p=24440&lang=fr#article\",\"isPartOf\":{\"@id\":\"https:\\\/\\\/lequotidien.mr\\\/?p=24440&lang=fr\"},\"author\":{\"name\":\"Med Ahmed\",\"@id\":\"https:\\\/\\\/lequotidien.mr\\\/#\\\/schema\\\/person\\\/d2d350202a4d599685ed8abc25f97596\"},\"headline\":\"Djeddah : Signature de l\u2019Accord-cadre entre la Mauritanie et l&#8217;Arabie Saoudite pour la saison du Hadj 1446H\\\/2025\",\"datePublished\":\"2025-01-13T10:53:33+00:00\",\"mainEntityOfPage\":{\"@id\":\"https:\\\/\\\/lequotidien.mr\\\/?p=24440&lang=fr\"},\"wordCount\":444,\"commentCount\":0,\"publisher\":{\"@id\":\"https:\\\/\\\/lequotidien.mr\\\/#organization\"},\"image\":{\"@id\":\"https:\\\/\\\/lequotidien.mr\\\/?p=24440&lang=fr#primaryimage\"},\"thumbnailUrl\":\"https:\\\/\\\/lequotidien.mr\\\/wp-content\\\/uploads\\\/2025\\\/01\\\/photo-maison-hadj.jpg\",\"articleSection\":[\"ACTUALIT\u00c9\",\"Culture\"],\"inLanguage\":\"ar\",\"potentialAction\":[{\"@type\":\"CommentAction\",\"name\":\"Comment\",\"target\":[\"https:\\\/\\\/lequotidien.mr\\\/?p=24440&lang=fr#respond\"]}]},{\"@type\":\"WebPage\",\"@id\":\"https:\\\/\\\/lequotidien.mr\\\/?p=24440&lang=fr\",\"url\":\"https:\\\/\\\/lequotidien.mr\\\/?p=24440&lang=fr\",\"name\":\"Djeddah : Signature de l\u2019Accord-cadre entre la Mauritanie et l'Arabie Saoudite pour la saison du Hadj 1446H\\\/2025 - Le Quotidien de Nouakchott\",\"isPartOf\":{\"@id\":\"https:\\\/\\\/lequotidien.mr\\\/#website\"},\"primaryImageOfPage\":{\"@id\":\"https:\\\/\\\/lequotidien.mr\\\/?p=24440&lang=fr#primaryimage\"},\"image\":{\"@id\":\"https:\\\/\\\/lequotidien.mr\\\/?p=24440&lang=fr#primaryimage\"},\"thumbnailUrl\":\"https:\\\/\\\/lequotidien.mr\\\/wp-content\\\/uploads\\\/2025\\\/01\\\/photo-maison-hadj.jpg\",\"datePublished\":\"2025-01-13T10:53:33+00:00\",\"breadcrumb\":{\"@id\":\"https:\\\/\\\/lequotidien.mr\\\/?p=24440&lang=fr#breadcrumb\"},\"inLanguage\":\"ar\",\"potentialAction\":[{\"@type\":\"ReadAction\",\"target\":[\"https:\\\/\\\/lequotidien.mr\\\/?p=24440&lang=fr\"]}]},{\"@type\":\"ImageObject\",\"inLanguage\":\"ar\",\"@id\":\"https:\\\/\\\/lequotidien.mr\\\/?p=24440&lang=fr#primaryimage\",\"url\":\"https:\\\/\\\/lequotidien.mr\\\/wp-content\\\/uploads\\\/2025\\\/01\\\/photo-maison-hadj.jpg\",\"contentUrl\":\"https:\\\/\\\/lequotidien.mr\\\/wp-content\\\/uploads\\\/2025\\\/01\\\/photo-maison-hadj.jpg\",\"width\":457,\"height\":640},{\"@type\":\"BreadcrumbList\",\"@id\":\"https:\\\/\\\/lequotidien.mr\\\/?p=24440&lang=fr#breadcrumb\",\"itemListElement\":[{\"@type\":\"ListItem\",\"position\":1,\"name\":\"Home\",\"item\":\"https:\\\/\\\/lequotidien.mr\\\/\"},{\"@type\":\"ListItem\",\"position\":2,\"name\":\"Djeddah : Signature de l\u2019Accord-cadre entre la Mauritanie et l&#8217;Arabie Saoudite pour la saison du Hadj 1446H\\\/2025\"}]},{\"@type\":\"WebSite\",\"@id\":\"https:\\\/\\\/lequotidien.mr\\\/#website\",\"url\":\"https:\\\/\\\/lequotidien.mr\\\/\",\"name\":\"Le Quotidien de Nouakchott\",\"description\":\"\u0625\u062e\u0628\u0627\u0631\u064a\u0629 \u0645\u0633\u062a\u0642\u0644\u0629 \u0644\u0644\u0623\u0646\u0628\u0627\u0621 \u0627\u0644\u0639\u0627\u0645\u0629\",\"publisher\":{\"@id\":\"https:\\\/\\\/lequotidien.mr\\\/#organization\"},\"potentialAction\":[{\"@type\":\"SearchAction\",\"target\":{\"@type\":\"EntryPoint\",\"urlTemplate\":\"https:\\\/\\\/lequotidien.mr\\\/?s={search_term_string}\"},\"query-input\":{\"@type\":\"PropertyValueSpecification\",\"valueRequired\":true,\"valueName\":\"search_term_string\"}}],\"inLanguage\":\"ar\"},{\"@type\":\"Organization\",\"@id\":\"https:\\\/\\\/lequotidien.mr\\\/#organization\",\"name\":\"Le Quotidien de Nouakchott\",\"url\":\"https:\\\/\\\/lequotidien.mr\\\/\",\"logo\":{\"@type\":\"ImageObject\",\"inLanguage\":\"ar\",\"@id\":\"https:\\\/\\\/lequotidien.mr\\\/#\\\/schema\\\/logo\\\/image\\\/\",\"url\":\"https:\\\/\\\/lequotidien.mr\\\/wp-content\\\/uploads\\\/2022\\\/11\\\/logolequotidien.jpg\",\"contentUrl\":\"https:\\\/\\\/lequotidien.mr\\\/wp-content\\\/uploads\\\/2022\\\/11\\\/logolequotidien.jpg\",\"width\":290,\"height\":65,\"caption\":\"Le Quotidien de Nouakchott\"},\"image\":{\"@id\":\"https:\\\/\\\/lequotidien.mr\\\/#\\\/schema\\\/logo\\\/image\\\/\"},\"sameAs\":[\"https:\\\/\\\/web.facebook.com\\\/lequotidienmr\",\"https:\\\/\\\/x.com\\\/lequotidienmr\"]},{\"@type\":\"Person\",\"@id\":\"https:\\\/\\\/lequotidien.mr\\\/#\\\/schema\\\/person\\\/d2d350202a4d599685ed8abc25f97596\",\"name\":\"Med Ahmed\",\"image\":{\"@type\":\"ImageObject\",\"inLanguage\":\"ar\",\"@id\":\"https:\\\/\\\/secure.gravatar.com\\\/avatar\\\/fd2acc62ed50732923d1d39c17172c9b04149f142be92310ecc69e1358f94b52?s=96&d=mm&r=g\",\"url\":\"https:\\\/\\\/secure.gravatar.com\\\/avatar\\\/fd2acc62ed50732923d1d39c17172c9b04149f142be92310ecc69e1358f94b52?s=96&d=mm&r=g\",\"contentUrl\":\"https:\\\/\\\/secure.gravatar.com\\\/avatar\\\/fd2acc62ed50732923d1d39c17172c9b04149f142be92310ecc69e1358f94b52?s=96&d=mm&r=g\",\"caption\":\"Med Ahmed\"},\"url\":\"https:\\\/\\\/lequotidien.mr\\\/?author=12\"}]}<\/script>\n<!-- \/ Yoast SEO plugin. -->","yoast_head_json":{"title":"Djeddah : Signature de l\u2019Accord-cadre entre la Mauritanie et l'Arabie Saoudite pour la saison du Hadj 1446H\/2025 - Le Quotidien de Nouakchott","robots":{"index":"index","follow":"follow","max-snippet":"max-snippet:-1","max-image-preview":"max-image-preview:large","max-video-preview":"max-video-preview:-1"},"canonical":"https:\/\/lequotidien.mr\/?p=24440&lang=fr","og_locale":"ar_AR","og_type":"article","og_title":"Djeddah : Signature de l\u2019Accord-cadre entre la Mauritanie et l'Arabie Saoudite pour la saison du Hadj 1446H\/2025 - Le Quotidien de Nouakchott","og_description":"Dans le cadre des pr\u00e9paratifs pour la saison du Hadj 1446H\/2025, un accord-cadre a \u00e9t\u00e9 sign\u00e9 ce dimanche \u00e0 Djeddah entre la Mauritanie et le Royaume d&#8217;Arabie Saoudite. Cet \u00e9v\u00e9nement, marquant une \u00e9tape essentielle dans l&#8217;organisation du p\u00e8lerinage annuel, a r\u00e9uni plusieurs personnalit\u00e9s de haut rang des deux pays. L&#8217;accord a \u00e9t\u00e9 sign\u00e9 par M......","og_url":"https:\/\/lequotidien.mr\/?p=24440&lang=fr","og_site_name":"Le Quotidien de Nouakchott","article_publisher":"https:\/\/web.facebook.com\/lequotidienmr","article_published_time":"2025-01-13T10:53:33+00:00","og_image":[{"width":457,"height":640,"url":"https:\/\/lequotidien.mr\/wp-content\/uploads\/2025\/01\/photo-maison-hadj.jpg","type":"image\/jpeg"}],"author":"Med Ahmed","twitter_card":"summary_large_image","twitter_creator":"@lequotidienmr","twitter_site":"@lequotidienmr","twitter_misc":{"\u0643\u064f\u062a\u0628 \u0628\u0648\u0627\u0633\u0637\u0629":"Med Ahmed","\u0648\u0642\u062a \u0627\u0644\u0642\u0631\u0627\u0621\u0629 \u0627\u0644\u0645\u064f\u0642\u062f\u0651\u0631":"\u062f\u0642\u064a\u0642\u062a\u0627\u0646"},"schema":{"@context":"https:\/\/schema.org","@graph":[{"@type":"Article","@id":"https:\/\/lequotidien.mr\/?p=24440&lang=fr#article","isPartOf":{"@id":"https:\/\/lequotidien.mr\/?p=24440&lang=fr"},"author":{"name":"Med Ahmed","@id":"https:\/\/lequotidien.mr\/#\/schema\/person\/d2d350202a4d599685ed8abc25f97596"},"headline":"Djeddah : Signature de l\u2019Accord-cadre entre la Mauritanie et l&#8217;Arabie Saoudite pour la saison du Hadj 1446H\/2025","datePublished":"2025-01-13T10:53:33+00:00","mainEntityOfPage":{"@id":"https:\/\/lequotidien.mr\/?p=24440&lang=fr"},"wordCount":444,"commentCount":0,"publisher":{"@id":"https:\/\/lequotidien.mr\/#organization"},"image":{"@id":"https:\/\/lequotidien.mr\/?p=24440&lang=fr#primaryimage"},"thumbnailUrl":"https:\/\/lequotidien.mr\/wp-content\/uploads\/2025\/01\/photo-maison-hadj.jpg","articleSection":["ACTUALIT\u00c9","Culture"],"inLanguage":"ar","potentialAction":[{"@type":"CommentAction","name":"Comment","target":["https:\/\/lequotidien.mr\/?p=24440&lang=fr#respond"]}]},{"@type":"WebPage","@id":"https:\/\/lequotidien.mr\/?p=24440&lang=fr","url":"https:\/\/lequotidien.mr\/?p=24440&lang=fr","name":"Djeddah : Signature de l\u2019Accord-cadre entre la Mauritanie et l'Arabie Saoudite pour la saison du Hadj 1446H\/2025 - Le Quotidien de Nouakchott","isPartOf":{"@id":"https:\/\/lequotidien.mr\/#website"},"primaryImageOfPage":{"@id":"https:\/\/lequotidien.mr\/?p=24440&lang=fr#primaryimage"},"image":{"@id":"https:\/\/lequotidien.mr\/?p=24440&lang=fr#primaryimage"},"thumbnailUrl":"https:\/\/lequotidien.mr\/wp-content\/uploads\/2025\/01\/photo-maison-hadj.jpg","datePublished":"2025-01-13T10:53:33+00:00","breadcrumb":{"@id":"https:\/\/lequotidien.mr\/?p=24440&lang=fr#breadcrumb"},"inLanguage":"ar","potentialAction":[{"@type":"ReadAction","target":["https:\/\/lequotidien.mr\/?p=24440&lang=fr"]}]},{"@type":"ImageObject","inLanguage":"ar","@id":"https:\/\/lequotidien.mr\/?p=24440&lang=fr#primaryimage","url":"https:\/\/lequotidien.mr\/wp-content\/uploads\/2025\/01\/photo-maison-hadj.jpg","contentUrl":"https:\/\/lequotidien.mr\/wp-content\/uploads\/2025\/01\/photo-maison-hadj.jpg","width":457,"height":640},{"@type":"BreadcrumbList","@id":"https:\/\/lequotidien.mr\/?p=24440&lang=fr#breadcrumb","itemListElement":[{"@type":"ListItem","position":1,"name":"Home","item":"https:\/\/lequotidien.mr\/"},{"@type":"ListItem","position":2,"name":"Djeddah : Signature de l\u2019Accord-cadre entre la Mauritanie et l&#8217;Arabie Saoudite pour la saison du Hadj 1446H\/2025"}]},{"@type":"WebSite","@id":"https:\/\/lequotidien.mr\/#website","url":"https:\/\/lequotidien.mr\/","name":"Le Quotidien de Nouakchott","description":"\u0625\u062e\u0628\u0627\u0631\u064a\u0629 \u0645\u0633\u062a\u0642\u0644\u0629 \u0644\u0644\u0623\u0646\u0628\u0627\u0621 \u0627\u0644\u0639\u0627\u0645\u0629","publisher":{"@id":"https:\/\/lequotidien.mr\/#organization"},"potentialAction":[{"@type":"SearchAction","target":{"@type":"EntryPoint","urlTemplate":"https:\/\/lequotidien.mr\/?s={search_term_string}"},"query-input":{"@type":"PropertyValueSpecification","valueRequired":true,"valueName":"search_term_string"}}],"inLanguage":"ar"},{"@type":"Organization","@id":"https:\/\/lequotidien.mr\/#organization","name":"Le Quotidien de Nouakchott","url":"https:\/\/lequotidien.mr\/","logo":{"@type":"ImageObject","inLanguage":"ar","@id":"https:\/\/lequotidien.mr\/#\/schema\/logo\/image\/","url":"https:\/\/lequotidien.mr\/wp-content\/uploads\/2022\/11\/logolequotidien.jpg","contentUrl":"https:\/\/lequotidien.mr\/wp-content\/uploads\/2022\/11\/logolequotidien.jpg","width":290,"height":65,"caption":"Le Quotidien de Nouakchott"},"image":{"@id":"https:\/\/lequotidien.mr\/#\/schema\/logo\/image\/"},"sameAs":["https:\/\/web.facebook.com\/lequotidienmr","https:\/\/x.com\/lequotidienmr"]},{"@type":"Person","@id":"https:\/\/lequotidien.mr\/#\/schema\/person\/d2d350202a4d599685ed8abc25f97596","name":"Med Ahmed","image":{"@type":"ImageObject","inLanguage":"ar","@id":"https:\/\/secure.gravatar.com\/avatar\/fd2acc62ed50732923d1d39c17172c9b04149f142be92310ecc69e1358f94b52?s=96&d=mm&r=g","url":"https:\/\/secure.gravatar.com\/avatar\/fd2acc62ed50732923d1d39c17172c9b04149f142be92310ecc69e1358f94b52?s=96&d=mm&r=g","contentUrl":"https:\/\/secure.gravatar.com\/avatar\/fd2acc62ed50732923d1d39c17172c9b04149f142be92310ecc69e1358f94b52?s=96&d=mm&r=g","caption":"Med Ahmed"},"url":"https:\/\/lequotidien.mr\/?author=12"}]}},"_links":{"self":[{"href":"https:\/\/lequotidien.mr\/index.php?rest_route=\/wp\/v2\/posts\/24440","targetHints":{"allow":["GET"]}}],"collection":[{"href":"https:\/\/lequotidien.mr\/index.php?rest_route=\/wp\/v2\/posts"}],"about":[{"href":"https:\/\/lequotidien.mr\/index.php?rest_route=\/wp\/v2\/types\/post"}],"author":[{"embeddable":true,"href":"https:\/\/lequotidien.mr\/index.php?rest_route=\/wp\/v2\/users\/12"}],"replies":[{"embeddable":true,"href":"https:\/\/lequotidien.mr\/index.php?rest_route=%2Fwp%2Fv2%2Fcomments&post=24440"}],"version-history":[{"count":1,"href":"https:\/\/lequotidien.mr\/index.php?rest_route=\/wp\/v2\/posts\/24440\/revisions"}],"predecessor-version":[{"id":24442,"href":"https:\/\/lequotidien.mr\/index.php?rest_route=\/wp\/v2\/posts\/24440\/revisions\/24442"}],"wp:featuredmedia":[{"embeddable":true,"href":"https:\/\/lequotidien.mr\/index.php?rest_route=\/wp\/v2\/media\/24441"}],"wp:attachment":[{"href":"https:\/\/lequotidien.mr\/index.php?rest_route=%2Fwp%2Fv2%2Fmedia&parent=24440"}],"wp:term":[{"taxonomy":"category","embeddable":true,"href":"https:\/\/lequotidien.mr\/index.php?rest_route=%2Fwp%2Fv2%2Fcategories&post=24440"},{"taxonomy":"post_tag","embeddable":true,"href":"https:\/\/lequotidien.mr\/index.php?rest_route=%2Fwp%2Fv2%2Ftags&post=24440"}],"curies":[{"name":"wp","href":"https:\/\/api.w.org\/{rel}","templated":true}]}}