{"id":24437,"date":"2025-01-13T10:16:30","date_gmt":"2025-01-13T10:16:30","guid":{"rendered":"https:\/\/lequotidien.mr\/?p=24437"},"modified":"2025-01-13T10:16:30","modified_gmt":"2025-01-13T10:16:30","slug":"forum-des-gouverneurs-de-la-banque-islamique-de-developpement-vers-une-decennie-de-developpement-durable","status":"publish","type":"post","link":"https:\/\/lequotidien.mr\/?p=24437&lang=fr","title":{"rendered":"Forum des Gouverneurs de la Banque Islamique de D\u00e9veloppement : Vers une d\u00e9cennie de d\u00e9veloppement durable"},"content":{"rendered":"<p>Les travaux du <strong>Forum des Gouverneurs du Groupe de la Banque Islamique de D\u00e9veloppement (BID)<\/strong> se sont ouverts dimanche dernier dans la ville sainte de M\u00e9dine, en Arabie Saoudite. L\u2019\u00e9v\u00e9nement a r\u00e9uni des personnalit\u00e9s de haut rang, dont le ministre de l\u2019\u00c9conomie et des Finances, <strong>M. Sid\u2019Ahmed Bouh<\/strong>, et le Gouverneur de la Banque Centrale de Mauritanie, <strong>M. Mohamed Lemine Dhehby<\/strong>, pour discuter des orientations strat\u00e9giques du Groupe pour la prochaine d\u00e9cennie.<\/p>\n<p>L\u2019ordre du jour de ce forum est domin\u00e9 par la discussion et la validation d\u2019un plan strat\u00e9gique ambitieux couvrant la p\u00e9riode <strong>2026-2035<\/strong>. Ce plan a pour objectif de tracer les grandes lignes des priorit\u00e9s op\u00e9rationnelles et strat\u00e9giques du Groupe, tout en renfor\u00e7ant sa mission align\u00e9e sur les <strong>Objectifs de D\u00e9veloppement Durable (ODD)<\/strong>.<\/p>\n<p>Parmi les axes prioritaires identifi\u00e9s, on retrouve :<\/p>\n<p><strong>1-Renforcer la r\u00e9silience \u00e9conomique<\/strong> des pays membres, en les aidant \u00e0 surmonter les chocs \u00e9conomiques et sociaux\u00a0;<\/p>\n<p><strong>2-Promouvoir la finance islamique<\/strong> gr\u00e2ce \u00e0 des innovations adapt\u00e9es aux besoins actuels du d\u00e9veloppement\u00a0;<\/p>\n<p><strong>3-D\u00e9velopper des<\/strong> <strong>infrastructures durables<\/strong> et investir dans des <strong>sources d\u2019\u00e9nergie renouvelable\u00a0<\/strong>;<\/p>\n<p><strong>4-Renforcer les capacit\u00e9s humaines et l\u2019\u00e9ducation<\/strong>, cl\u00e9 de la transformation \u00e9conomique \u00e0 long terme\u00a0;<\/p>\n<p><strong>5-Assurer la<\/strong> <strong>s\u00e9curit\u00e9 alimentaire<\/strong> et intensifier les efforts dans la <strong>lutte contre le changement climatique\u00a0<\/strong>;<\/p>\n<p><strong>6-Stimuler la<\/strong> <strong>coop\u00e9ration r\u00e9gionale<\/strong> et <strong>promouvoir un d\u00e9veloppement inclusif<\/strong>, en veillant \u00e0 ce que personne ne soit laiss\u00e9 pour compte.<\/p>\n<p>Une autre priorit\u00e9 de ce plan est le d\u00e9veloppement de nouveaux m\u00e9canismes de financement, adapt\u00e9s aux d\u00e9fis r\u00e9gionaux et globaux. Ces approches ax\u00e9es sur les r\u00e9sultats devraient permettre de maximiser l\u2019impact des projets financ\u00e9s par la BID, tout en renfor\u00e7ant les partenariats avec les pays membres.<\/p>\n<p>Le Groupe de la BID pr\u00e9voit de renforcer ses collaborations \u00e0 travers une approche participative. Il entend mobiliser des ressources, tant au niveau national qu\u2019international, pour accompagner ses membres dans la mise en \u0153uvre des projets align\u00e9s sur cette strat\u00e9gie.<\/p>\n<p>Ce plan strat\u00e9gique, une fois approuv\u00e9, devrait entrer en application d\u00e8s <strong>2026<\/strong>, inaugurant ainsi une d\u00e9cennie plac\u00e9e sous le signe de la r\u00e9silience, de la durabilit\u00e9 et de l\u2019innovation.<\/p>\n<p>\u00c0 travers ce plan, le Groupe de la Banque Islamique de D\u00e9veloppement r\u00e9affirme son engagement envers les pays membres pour relever ensemble les d\u00e9fis complexes du XXI\u1d49 si\u00e8cle. Ce forum marque ainsi un pas d\u00e9cisif vers un d\u00e9veloppement \u00e9quilibr\u00e9 et inclusif, pla\u00e7ant les besoins des populations au c\u0153ur de ses actions.<\/p>\n","protected":false},"excerpt":{"rendered":"<p>Les travaux du Forum des Gouverneurs du Groupe de la Banque Islamique de D\u00e9veloppement (BID) se sont ouverts dimanche dernier dans la ville sainte de M\u00e9dine, en Arabie Saoudite. L\u2019\u00e9v\u00e9nement a r\u00e9uni des personnalit\u00e9s de haut rang, dont le ministre de l\u2019\u00c9conomie et des Finances, M. Sid\u2019Ahmed Bouh, et le Gouverneur de la Banque Centrale&#8230;..<\/p>\n","protected":false},"author":12,"featured_media":24438,"comment_status":"open","ping_status":"open","sticky":false,"template":"","format":"standard","meta":{"footnotes":""},"categories":[23,49],"tags":[],"class_list":["post-24437","post","type-post","status-publish","format-standard","has-post-thumbnail","hentry","category-actualite","category-economie"],"yoast_head":"<!-- This site is optimized with the Yoast SEO plugin v27.5 - https:\/\/yoast.com\/product\/yoast-seo-wordpress\/ -->\n<title>Forum des Gouverneurs de la Banque Islamique de D\u00e9veloppement : Vers une d\u00e9cennie de d\u00e9veloppement durable - Le Quotidien de Nouakchott<\/title>\n<meta name=\"robots\" content=\"index, follow, max-snippet:-1, max-image-preview:large, max-video-preview:-1\" \/>\n<link rel=\"canonical\" href=\"https:\/\/lequotidien.mr\/?p=24437&lang=fr\" \/>\n<meta property=\"og:locale\" content=\"ar_AR\" \/>\n<meta property=\"og:type\" content=\"article\" \/>\n<meta property=\"og:title\" content=\"Forum des Gouverneurs de la Banque Islamique de D\u00e9veloppement : Vers une d\u00e9cennie de d\u00e9veloppement durable - Le Quotidien de Nouakchott\" \/>\n<meta property=\"og:description\" content=\"Les travaux du Forum des Gouverneurs du Groupe de la Banque Islamique de D\u00e9veloppement (BID) se sont ouverts dimanche dernier dans la ville sainte de M\u00e9dine, en Arabie Saoudite. L\u2019\u00e9v\u00e9nement a r\u00e9uni des personnalit\u00e9s de haut rang, dont le ministre de l\u2019\u00c9conomie et des Finances, M. Sid\u2019Ahmed Bouh, et le Gouverneur de la Banque Centrale.....\" \/>\n<meta property=\"og:url\" content=\"https:\/\/lequotidien.mr\/?p=24437&amp;lang=fr\" \/>\n<meta property=\"og:site_name\" content=\"Le Quotidien de Nouakchott\" \/>\n<meta property=\"article:publisher\" content=\"https:\/\/web.facebook.com\/lequotidienmr\" \/>\n<meta property=\"article:published_time\" content=\"2025-01-13T10:16:30+00:00\" \/>\n<meta property=\"og:image\" content=\"https:\/\/lequotidien.mr\/wp-content\/uploads\/2025\/01\/photo-forum-BID.jpg\" \/>\n\t<meta property=\"og:image:width\" content=\"441\" \/>\n\t<meta property=\"og:image:height\" content=\"469\" \/>\n\t<meta property=\"og:image:type\" content=\"image\/jpeg\" \/>\n<meta name=\"author\" content=\"Med Ahmed\" \/>\n<meta name=\"twitter:card\" content=\"summary_large_image\" \/>\n<meta name=\"twitter:creator\" content=\"@lequotidienmr\" \/>\n<meta name=\"twitter:site\" content=\"@lequotidienmr\" \/>\n<meta name=\"twitter:label1\" content=\"\u0643\u064f\u062a\u0628 \u0628\u0648\u0627\u0633\u0637\u0629\" \/>\n\t<meta name=\"twitter:data1\" content=\"Med Ahmed\" \/>\n\t<meta name=\"twitter:label2\" content=\"\u0648\u0642\u062a \u0627\u0644\u0642\u0631\u0627\u0621\u0629 \u0627\u0644\u0645\u064f\u0642\u062f\u0651\u0631\" \/>\n\t<meta name=\"twitter:data2\" content=\"\u062f\u0642\u064a\u0642\u062a\u0627\u0646\" \/>\n<script type=\"application\/ld+json\" class=\"yoast-schema-graph\">{\"@context\":\"https:\\\/\\\/schema.org\",\"@graph\":[{\"@type\":\"Article\",\"@id\":\"https:\\\/\\\/lequotidien.mr\\\/?p=24437&lang=fr#article\",\"isPartOf\":{\"@id\":\"https:\\\/\\\/lequotidien.mr\\\/?p=24437&lang=fr\"},\"author\":{\"name\":\"Med Ahmed\",\"@id\":\"https:\\\/\\\/lequotidien.mr\\\/#\\\/schema\\\/person\\\/d2d350202a4d599685ed8abc25f97596\"},\"headline\":\"Forum des Gouverneurs de la Banque Islamique de D\u00e9veloppement : Vers une d\u00e9cennie de d\u00e9veloppement durable\",\"datePublished\":\"2025-01-13T10:16:30+00:00\",\"mainEntityOfPage\":{\"@id\":\"https:\\\/\\\/lequotidien.mr\\\/?p=24437&lang=fr\"},\"wordCount\":460,\"commentCount\":0,\"publisher\":{\"@id\":\"https:\\\/\\\/lequotidien.mr\\\/#organization\"},\"image\":{\"@id\":\"https:\\\/\\\/lequotidien.mr\\\/?p=24437&lang=fr#primaryimage\"},\"thumbnailUrl\":\"https:\\\/\\\/lequotidien.mr\\\/wp-content\\\/uploads\\\/2025\\\/01\\\/photo-forum-BID.jpg\",\"articleSection\":[\"ACTUALIT\u00c9\",\"Economie\"],\"inLanguage\":\"ar\",\"potentialAction\":[{\"@type\":\"CommentAction\",\"name\":\"Comment\",\"target\":[\"https:\\\/\\\/lequotidien.mr\\\/?p=24437&lang=fr#respond\"]}]},{\"@type\":\"WebPage\",\"@id\":\"https:\\\/\\\/lequotidien.mr\\\/?p=24437&lang=fr\",\"url\":\"https:\\\/\\\/lequotidien.mr\\\/?p=24437&lang=fr\",\"name\":\"Forum des Gouverneurs de la Banque Islamique de D\u00e9veloppement : Vers une d\u00e9cennie de d\u00e9veloppement durable - Le Quotidien de Nouakchott\",\"isPartOf\":{\"@id\":\"https:\\\/\\\/lequotidien.mr\\\/#website\"},\"primaryImageOfPage\":{\"@id\":\"https:\\\/\\\/lequotidien.mr\\\/?p=24437&lang=fr#primaryimage\"},\"image\":{\"@id\":\"https:\\\/\\\/lequotidien.mr\\\/?p=24437&lang=fr#primaryimage\"},\"thumbnailUrl\":\"https:\\\/\\\/lequotidien.mr\\\/wp-content\\\/uploads\\\/2025\\\/01\\\/photo-forum-BID.jpg\",\"datePublished\":\"2025-01-13T10:16:30+00:00\",\"breadcrumb\":{\"@id\":\"https:\\\/\\\/lequotidien.mr\\\/?p=24437&lang=fr#breadcrumb\"},\"inLanguage\":\"ar\",\"potentialAction\":[{\"@type\":\"ReadAction\",\"target\":[\"https:\\\/\\\/lequotidien.mr\\\/?p=24437&lang=fr\"]}]},{\"@type\":\"ImageObject\",\"inLanguage\":\"ar\",\"@id\":\"https:\\\/\\\/lequotidien.mr\\\/?p=24437&lang=fr#primaryimage\",\"url\":\"https:\\\/\\\/lequotidien.mr\\\/wp-content\\\/uploads\\\/2025\\\/01\\\/photo-forum-BID.jpg\",\"contentUrl\":\"https:\\\/\\\/lequotidien.mr\\\/wp-content\\\/uploads\\\/2025\\\/01\\\/photo-forum-BID.jpg\",\"width\":441,\"height\":469},{\"@type\":\"BreadcrumbList\",\"@id\":\"https:\\\/\\\/lequotidien.mr\\\/?p=24437&lang=fr#breadcrumb\",\"itemListElement\":[{\"@type\":\"ListItem\",\"position\":1,\"name\":\"Home\",\"item\":\"https:\\\/\\\/lequotidien.mr\\\/\"},{\"@type\":\"ListItem\",\"position\":2,\"name\":\"Forum des Gouverneurs de la Banque Islamique de D\u00e9veloppement : Vers une d\u00e9cennie de d\u00e9veloppement durable\"}]},{\"@type\":\"WebSite\",\"@id\":\"https:\\\/\\\/lequotidien.mr\\\/#website\",\"url\":\"https:\\\/\\\/lequotidien.mr\\\/\",\"name\":\"Le Quotidien de Nouakchott\",\"description\":\"\u0625\u062e\u0628\u0627\u0631\u064a\u0629 \u0645\u0633\u062a\u0642\u0644\u0629 \u0644\u0644\u0623\u0646\u0628\u0627\u0621 \u0627\u0644\u0639\u0627\u0645\u0629\",\"publisher\":{\"@id\":\"https:\\\/\\\/lequotidien.mr\\\/#organization\"},\"potentialAction\":[{\"@type\":\"SearchAction\",\"target\":{\"@type\":\"EntryPoint\",\"urlTemplate\":\"https:\\\/\\\/lequotidien.mr\\\/?s={search_term_string}\"},\"query-input\":{\"@type\":\"PropertyValueSpecification\",\"valueRequired\":true,\"valueName\":\"search_term_string\"}}],\"inLanguage\":\"ar\"},{\"@type\":\"Organization\",\"@id\":\"https:\\\/\\\/lequotidien.mr\\\/#organization\",\"name\":\"Le Quotidien de Nouakchott\",\"url\":\"https:\\\/\\\/lequotidien.mr\\\/\",\"logo\":{\"@type\":\"ImageObject\",\"inLanguage\":\"ar\",\"@id\":\"https:\\\/\\\/lequotidien.mr\\\/#\\\/schema\\\/logo\\\/image\\\/\",\"url\":\"https:\\\/\\\/lequotidien.mr\\\/wp-content\\\/uploads\\\/2022\\\/11\\\/logolequotidien.jpg\",\"contentUrl\":\"https:\\\/\\\/lequotidien.mr\\\/wp-content\\\/uploads\\\/2022\\\/11\\\/logolequotidien.jpg\",\"width\":290,\"height\":65,\"caption\":\"Le Quotidien de Nouakchott\"},\"image\":{\"@id\":\"https:\\\/\\\/lequotidien.mr\\\/#\\\/schema\\\/logo\\\/image\\\/\"},\"sameAs\":[\"https:\\\/\\\/web.facebook.com\\\/lequotidienmr\",\"https:\\\/\\\/x.com\\\/lequotidienmr\"]},{\"@type\":\"Person\",\"@id\":\"https:\\\/\\\/lequotidien.mr\\\/#\\\/schema\\\/person\\\/d2d350202a4d599685ed8abc25f97596\",\"name\":\"Med Ahmed\",\"image\":{\"@type\":\"ImageObject\",\"inLanguage\":\"ar\",\"@id\":\"https:\\\/\\\/secure.gravatar.com\\\/avatar\\\/fd2acc62ed50732923d1d39c17172c9b04149f142be92310ecc69e1358f94b52?s=96&d=mm&r=g\",\"url\":\"https:\\\/\\\/secure.gravatar.com\\\/avatar\\\/fd2acc62ed50732923d1d39c17172c9b04149f142be92310ecc69e1358f94b52?s=96&d=mm&r=g\",\"contentUrl\":\"https:\\\/\\\/secure.gravatar.com\\\/avatar\\\/fd2acc62ed50732923d1d39c17172c9b04149f142be92310ecc69e1358f94b52?s=96&d=mm&r=g\",\"caption\":\"Med Ahmed\"},\"url\":\"https:\\\/\\\/lequotidien.mr\\\/?author=12\"}]}<\/script>\n<!-- \/ Yoast SEO plugin. -->","yoast_head_json":{"title":"Forum des Gouverneurs de la Banque Islamique de D\u00e9veloppement : Vers une d\u00e9cennie de d\u00e9veloppement durable - Le Quotidien de Nouakchott","robots":{"index":"index","follow":"follow","max-snippet":"max-snippet:-1","max-image-preview":"max-image-preview:large","max-video-preview":"max-video-preview:-1"},"canonical":"https:\/\/lequotidien.mr\/?p=24437&lang=fr","og_locale":"ar_AR","og_type":"article","og_title":"Forum des Gouverneurs de la Banque Islamique de D\u00e9veloppement : Vers une d\u00e9cennie de d\u00e9veloppement durable - Le Quotidien de Nouakchott","og_description":"Les travaux du Forum des Gouverneurs du Groupe de la Banque Islamique de D\u00e9veloppement (BID) se sont ouverts dimanche dernier dans la ville sainte de M\u00e9dine, en Arabie Saoudite. L\u2019\u00e9v\u00e9nement a r\u00e9uni des personnalit\u00e9s de haut rang, dont le ministre de l\u2019\u00c9conomie et des Finances, M. Sid\u2019Ahmed Bouh, et le Gouverneur de la Banque Centrale.....","og_url":"https:\/\/lequotidien.mr\/?p=24437&lang=fr","og_site_name":"Le Quotidien de Nouakchott","article_publisher":"https:\/\/web.facebook.com\/lequotidienmr","article_published_time":"2025-01-13T10:16:30+00:00","og_image":[{"width":441,"height":469,"url":"https:\/\/lequotidien.mr\/wp-content\/uploads\/2025\/01\/photo-forum-BID.jpg","type":"image\/jpeg"}],"author":"Med Ahmed","twitter_card":"summary_large_image","twitter_creator":"@lequotidienmr","twitter_site":"@lequotidienmr","twitter_misc":{"\u0643\u064f\u062a\u0628 \u0628\u0648\u0627\u0633\u0637\u0629":"Med Ahmed","\u0648\u0642\u062a \u0627\u0644\u0642\u0631\u0627\u0621\u0629 \u0627\u0644\u0645\u064f\u0642\u062f\u0651\u0631":"\u062f\u0642\u064a\u0642\u062a\u0627\u0646"},"schema":{"@context":"https:\/\/schema.org","@graph":[{"@type":"Article","@id":"https:\/\/lequotidien.mr\/?p=24437&lang=fr#article","isPartOf":{"@id":"https:\/\/lequotidien.mr\/?p=24437&lang=fr"},"author":{"name":"Med Ahmed","@id":"https:\/\/lequotidien.mr\/#\/schema\/person\/d2d350202a4d599685ed8abc25f97596"},"headline":"Forum des Gouverneurs de la Banque Islamique de D\u00e9veloppement : Vers une d\u00e9cennie de d\u00e9veloppement durable","datePublished":"2025-01-13T10:16:30+00:00","mainEntityOfPage":{"@id":"https:\/\/lequotidien.mr\/?p=24437&lang=fr"},"wordCount":460,"commentCount":0,"publisher":{"@id":"https:\/\/lequotidien.mr\/#organization"},"image":{"@id":"https:\/\/lequotidien.mr\/?p=24437&lang=fr#primaryimage"},"thumbnailUrl":"https:\/\/lequotidien.mr\/wp-content\/uploads\/2025\/01\/photo-forum-BID.jpg","articleSection":["ACTUALIT\u00c9","Economie"],"inLanguage":"ar","potentialAction":[{"@type":"CommentAction","name":"Comment","target":["https:\/\/lequotidien.mr\/?p=24437&lang=fr#respond"]}]},{"@type":"WebPage","@id":"https:\/\/lequotidien.mr\/?p=24437&lang=fr","url":"https:\/\/lequotidien.mr\/?p=24437&lang=fr","name":"Forum des Gouverneurs de la Banque Islamique de D\u00e9veloppement : Vers une d\u00e9cennie de d\u00e9veloppement durable - Le Quotidien de Nouakchott","isPartOf":{"@id":"https:\/\/lequotidien.mr\/#website"},"primaryImageOfPage":{"@id":"https:\/\/lequotidien.mr\/?p=24437&lang=fr#primaryimage"},"image":{"@id":"https:\/\/lequotidien.mr\/?p=24437&lang=fr#primaryimage"},"thumbnailUrl":"https:\/\/lequotidien.mr\/wp-content\/uploads\/2025\/01\/photo-forum-BID.jpg","datePublished":"2025-01-13T10:16:30+00:00","breadcrumb":{"@id":"https:\/\/lequotidien.mr\/?p=24437&lang=fr#breadcrumb"},"inLanguage":"ar","potentialAction":[{"@type":"ReadAction","target":["https:\/\/lequotidien.mr\/?p=24437&lang=fr"]}]},{"@type":"ImageObject","inLanguage":"ar","@id":"https:\/\/lequotidien.mr\/?p=24437&lang=fr#primaryimage","url":"https:\/\/lequotidien.mr\/wp-content\/uploads\/2025\/01\/photo-forum-BID.jpg","contentUrl":"https:\/\/lequotidien.mr\/wp-content\/uploads\/2025\/01\/photo-forum-BID.jpg","width":441,"height":469},{"@type":"BreadcrumbList","@id":"https:\/\/lequotidien.mr\/?p=24437&lang=fr#breadcrumb","itemListElement":[{"@type":"ListItem","position":1,"name":"Home","item":"https:\/\/lequotidien.mr\/"},{"@type":"ListItem","position":2,"name":"Forum des Gouverneurs de la Banque Islamique de D\u00e9veloppement : Vers une d\u00e9cennie de d\u00e9veloppement durable"}]},{"@type":"WebSite","@id":"https:\/\/lequotidien.mr\/#website","url":"https:\/\/lequotidien.mr\/","name":"Le Quotidien de Nouakchott","description":"\u0625\u062e\u0628\u0627\u0631\u064a\u0629 \u0645\u0633\u062a\u0642\u0644\u0629 \u0644\u0644\u0623\u0646\u0628\u0627\u0621 \u0627\u0644\u0639\u0627\u0645\u0629","publisher":{"@id":"https:\/\/lequotidien.mr\/#organization"},"potentialAction":[{"@type":"SearchAction","target":{"@type":"EntryPoint","urlTemplate":"https:\/\/lequotidien.mr\/?s={search_term_string}"},"query-input":{"@type":"PropertyValueSpecification","valueRequired":true,"valueName":"search_term_string"}}],"inLanguage":"ar"},{"@type":"Organization","@id":"https:\/\/lequotidien.mr\/#organization","name":"Le Quotidien de Nouakchott","url":"https:\/\/lequotidien.mr\/","logo":{"@type":"ImageObject","inLanguage":"ar","@id":"https:\/\/lequotidien.mr\/#\/schema\/logo\/image\/","url":"https:\/\/lequotidien.mr\/wp-content\/uploads\/2022\/11\/logolequotidien.jpg","contentUrl":"https:\/\/lequotidien.mr\/wp-content\/uploads\/2022\/11\/logolequotidien.jpg","width":290,"height":65,"caption":"Le Quotidien de Nouakchott"},"image":{"@id":"https:\/\/lequotidien.mr\/#\/schema\/logo\/image\/"},"sameAs":["https:\/\/web.facebook.com\/lequotidienmr","https:\/\/x.com\/lequotidienmr"]},{"@type":"Person","@id":"https:\/\/lequotidien.mr\/#\/schema\/person\/d2d350202a4d599685ed8abc25f97596","name":"Med Ahmed","image":{"@type":"ImageObject","inLanguage":"ar","@id":"https:\/\/secure.gravatar.com\/avatar\/fd2acc62ed50732923d1d39c17172c9b04149f142be92310ecc69e1358f94b52?s=96&d=mm&r=g","url":"https:\/\/secure.gravatar.com\/avatar\/fd2acc62ed50732923d1d39c17172c9b04149f142be92310ecc69e1358f94b52?s=96&d=mm&r=g","contentUrl":"https:\/\/secure.gravatar.com\/avatar\/fd2acc62ed50732923d1d39c17172c9b04149f142be92310ecc69e1358f94b52?s=96&d=mm&r=g","caption":"Med Ahmed"},"url":"https:\/\/lequotidien.mr\/?author=12"}]}},"_links":{"self":[{"href":"https:\/\/lequotidien.mr\/index.php?rest_route=\/wp\/v2\/posts\/24437","targetHints":{"allow":["GET"]}}],"collection":[{"href":"https:\/\/lequotidien.mr\/index.php?rest_route=\/wp\/v2\/posts"}],"about":[{"href":"https:\/\/lequotidien.mr\/index.php?rest_route=\/wp\/v2\/types\/post"}],"author":[{"embeddable":true,"href":"https:\/\/lequotidien.mr\/index.php?rest_route=\/wp\/v2\/users\/12"}],"replies":[{"embeddable":true,"href":"https:\/\/lequotidien.mr\/index.php?rest_route=%2Fwp%2Fv2%2Fcomments&post=24437"}],"version-history":[{"count":1,"href":"https:\/\/lequotidien.mr\/index.php?rest_route=\/wp\/v2\/posts\/24437\/revisions"}],"predecessor-version":[{"id":24439,"href":"https:\/\/lequotidien.mr\/index.php?rest_route=\/wp\/v2\/posts\/24437\/revisions\/24439"}],"wp:featuredmedia":[{"embeddable":true,"href":"https:\/\/lequotidien.mr\/index.php?rest_route=\/wp\/v2\/media\/24438"}],"wp:attachment":[{"href":"https:\/\/lequotidien.mr\/index.php?rest_route=%2Fwp%2Fv2%2Fmedia&parent=24437"}],"wp:term":[{"taxonomy":"category","embeddable":true,"href":"https:\/\/lequotidien.mr\/index.php?rest_route=%2Fwp%2Fv2%2Fcategories&post=24437"},{"taxonomy":"post_tag","embeddable":true,"href":"https:\/\/lequotidien.mr\/index.php?rest_route=%2Fwp%2Fv2%2Ftags&post=24437"}],"curies":[{"name":"wp","href":"https:\/\/api.w.org\/{rel}","templated":true}]}}