{"id":24420,"date":"2025-01-13T08:55:48","date_gmt":"2025-01-13T08:55:48","guid":{"rendered":"https:\/\/lequotidien.mr\/?p=24420"},"modified":"2025-01-13T08:57:35","modified_gmt":"2025-01-13T08:57:35","slug":"ousmane-sonko-en-mauritanie-une-visite-strategique-pour-renforcer-les-relations-bilaterales","status":"publish","type":"post","link":"https:\/\/lequotidien.mr\/?p=24420&lang=fr","title":{"rendered":"Ousmane Sonko en Mauritanie : une visite strat\u00e9gique pour renforcer les relations bilat\u00e9rales"},"content":{"rendered":"<p>Le Premier ministre s\u00e9n\u00e9galais, Ousmane Sonko, a entam\u00e9 ce dimanche 12 janvier 2025 une visite officielle de trois jours en Mauritanie, \u00e0 l\u2019invitation de son homologue mauritanien, Moctar Ould Diay. Cette visite s\u2019inscrit dans une dynamique de renforcement de la coop\u00e9ration \u00e9conomique et politique entre les deux pays voisins, li\u00e9s par des int\u00e9r\u00eats communs sur plusieurs fronts strat\u00e9giques.<\/p>\n<p>\u00c0 son arriv\u00e9e \u00e0 l\u2019a\u00e9roport de Nouakchott, Ousmane Sonko a \u00e9t\u00e9 re\u00e7u par Moctar Ould Diay et plusieurs hauts responsables mauritaniens. L\u2019accueil a \u00e9t\u00e9 marqu\u00e9 par la pr\u00e9sence de foules arborant des drapeaux et des tee-shirts \u00e0 l\u2019effigie du Premier ministre s\u00e9n\u00e9galais, t\u00e9moignant de l\u2019enthousiasme populaire entourant cette visite.<\/p>\n<p>Ousmane Sonko est accompagn\u00e9 d\u2019une d\u00e9l\u00e9gation de haut niveau comprenant plusieurs ministres cl\u00e9s :<\/p>\n<ul>\n<li>Mme Yacine Fall (Affaires \u00e9trang\u00e8res),<\/li>\n<li>G\u00e9n\u00e9ral Jean Baptiste (Int\u00e9rieur),<\/li>\n<li>Birame Souleye Diop (P\u00e9trole et \u00e9nergies),<\/li>\n<li>Yankhoba Diem\u00e9 (Infrastructures et transport),<\/li>\n<li>Mme Fatou Diouf (P\u00eaches et navigation maritime).<\/li>\n<\/ul>\n<p>La premi\u00e8re journ\u00e9e de la visite a \u00e9t\u00e9 marqu\u00e9e par des rencontres bilat\u00e9rales visant \u00e0 approfondir les discussions sur des sujets prioritaires :<\/p>\n<ul>\n<li><strong>\u00c9nergie<\/strong> : Discussions autour du projet gazier transfrontalier <em>Grand Tortue Ahmeyim<\/em> (GTA), consid\u00e9r\u00e9 comme une des plus grandes d\u00e9couvertes de gaz en eaux profondes en Afrique de l\u2019Ouest.<\/li>\n<li><strong>Transports<\/strong> : Suivi des travaux du pont de Rosso, un projet cl\u00e9 pour am\u00e9liorer la connectivit\u00e9 entre les deux pays.<\/li>\n<li><strong>Migration<\/strong> : N\u00e9gociations sur les conditions de s\u00e9jour et d\u2019\u00e9tablissement des ressortissants s\u00e9n\u00e9galais en Mauritanie et la lutte contre l\u2019immigration irr\u00e9guli\u00e8re.<\/li>\n<li><strong>P\u00eaches<\/strong> : Renforcement de la coop\u00e9ration dans le secteur halieutique, crucial pour les deux \u00e9conomies.<\/li>\n<\/ul>\n<p>Un des points phares est la mise en place d\u2019un secr\u00e9tariat s\u00e9n\u00e9galo-mauritanien pour la coop\u00e9ration et le d\u00e9veloppement, visant \u00e0 institutionnaliser et \u00e0 fluidifier les discussions bilat\u00e9rales.<\/p>\n<p>Lundi, Ousmane Sonko a rencontre plusieurs ministres mauritaniens pour approfondir les discussions sur les diff\u00e9rents projets en cours. Dans l\u2019apr\u00e8s-midi, un d\u00e9jeuner de travail a eu lieu au Palais des congr\u00e8s suivi d\u2019une rencontre avec la communaut\u00e9 s\u00e9n\u00e9galaise \u00e9tablie en Mauritanie.<\/p>\n<p>Mardi, une table ronde regroupant les secteurs public et priv\u00e9 des deux pays se tiendra autour du th\u00e8me : <em>\u00ab Renforcer la coop\u00e9ration strat\u00e9gique pour une int\u00e9gration \u00e9conomique durable \u00bb.<\/em> Cette initiative vise \u00e0 dynamiser les relations commerciales et \u00e0 encourager les investissements croiss\u00e9s.<\/p>\n<p>Ousmane Sonko sera re\u00e7u par le pr\u00e9sident mauritanien Mohamed Ould Ghazouani pour un entretien en t\u00eate-\u00e0-t\u00eate. Il se rendra ensuite \u00e0 Nouadhibou, o\u00f9 il visitera la Soci\u00e9t\u00e9 nationale industrielle et mini\u00e8re (<em>SNIM<\/em>) et un complexe industriel.<\/p>\n<p>La visite se terminera par une conf\u00e9rence de presse commune et la publication d\u2019un communiqu\u00e9 final r\u00e9sumant les r\u00e9sultats de ces trois jours.<\/p>\n<p><strong>\u00a0<\/strong>Cette visite d\u2019Ousmane Sonko marque une \u00e9tape d\u00e9cisive dans les relations bilat\u00e9rales entre le S\u00e9n\u00e9gal et la Mauritanie. Les projets communs, notamment le gazier GTA et le pont de Rosso, sont autant de symboles de l\u2019int\u00e9gration \u00e9conomique que les deux pays cherchent \u00e0 approfondir. Ces trois jours devraient aboutir \u00e0 des avanc\u00e9es concr\u00e8tes pour une coop\u00e9ration renforc\u00e9e et durable.<\/p>\n<p>&nbsp;<\/p>\n","protected":false},"excerpt":{"rendered":"<p>Le Premier ministre s\u00e9n\u00e9galais, Ousmane Sonko, a entam\u00e9 ce dimanche 12 janvier 2025 une visite officielle de trois jours en Mauritanie, \u00e0 l\u2019invitation de son homologue mauritanien, Moctar Ould Diay. Cette visite s\u2019inscrit dans une dynamique de renforcement de la coop\u00e9ration \u00e9conomique et politique entre les deux pays voisins, li\u00e9s par des int\u00e9r\u00eats communs sur&#8230;..<\/p>\n","protected":false},"author":4,"featured_media":24421,"comment_status":"open","ping_status":"open","sticky":false,"template":"","format":"standard","meta":{"footnotes":""},"categories":[23,57],"tags":[],"class_list":["post-24420","post","type-post","status-publish","format-standard","has-post-thumbnail","hentry","category-actualite","category-couverture-specilale"],"yoast_head":"<!-- This site is optimized with the Yoast SEO plugin v27.5 - https:\/\/yoast.com\/product\/yoast-seo-wordpress\/ -->\n<title>Ousmane Sonko en Mauritanie : une visite strat\u00e9gique pour renforcer les relations bilat\u00e9rales - Le Quotidien de Nouakchott<\/title>\n<meta name=\"robots\" content=\"index, follow, max-snippet:-1, max-image-preview:large, max-video-preview:-1\" \/>\n<link rel=\"canonical\" href=\"https:\/\/lequotidien.mr\/?p=24420&lang=fr\" \/>\n<meta property=\"og:locale\" content=\"ar_AR\" \/>\n<meta property=\"og:type\" content=\"article\" \/>\n<meta property=\"og:title\" content=\"Ousmane Sonko en Mauritanie : une visite strat\u00e9gique pour renforcer les relations bilat\u00e9rales - Le Quotidien de Nouakchott\" \/>\n<meta property=\"og:description\" content=\"Le Premier ministre s\u00e9n\u00e9galais, Ousmane Sonko, a entam\u00e9 ce dimanche 12 janvier 2025 une visite officielle de trois jours en Mauritanie, \u00e0 l\u2019invitation de son homologue mauritanien, Moctar Ould Diay. Cette visite s\u2019inscrit dans une dynamique de renforcement de la coop\u00e9ration \u00e9conomique et politique entre les deux pays voisins, li\u00e9s par des int\u00e9r\u00eats communs sur.....\" \/>\n<meta property=\"og:url\" content=\"https:\/\/lequotidien.mr\/?p=24420&amp;lang=fr\" \/>\n<meta property=\"og:site_name\" content=\"Le Quotidien de Nouakchott\" \/>\n<meta property=\"article:publisher\" content=\"https:\/\/web.facebook.com\/lequotidienmr\" \/>\n<meta property=\"article:published_time\" content=\"2025-01-13T08:55:48+00:00\" \/>\n<meta property=\"article:modified_time\" content=\"2025-01-13T08:57:35+00:00\" \/>\n<meta property=\"og:image\" content=\"https:\/\/lequotidien.mr\/wp-content\/uploads\/2025\/01\/473191342_923429319962091_4217466778030356242_n.jpg\" \/>\n\t<meta property=\"og:image:width\" content=\"2048\" \/>\n\t<meta property=\"og:image:height\" content=\"1365\" \/>\n\t<meta property=\"og:image:type\" content=\"image\/jpeg\" \/>\n<meta name=\"author\" content=\"Le Quotidien\" \/>\n<meta name=\"twitter:card\" content=\"summary_large_image\" \/>\n<meta name=\"twitter:creator\" content=\"@lequotidienmr\" \/>\n<meta name=\"twitter:site\" content=\"@lequotidienmr\" \/>\n<meta name=\"twitter:label1\" content=\"\u0643\u064f\u062a\u0628 \u0628\u0648\u0627\u0633\u0637\u0629\" \/>\n\t<meta name=\"twitter:data1\" content=\"Le Quotidien\" \/>\n\t<meta name=\"twitter:label2\" content=\"\u0648\u0642\u062a \u0627\u0644\u0642\u0631\u0627\u0621\u0629 \u0627\u0644\u0645\u064f\u0642\u062f\u0651\u0631\" \/>\n\t<meta name=\"twitter:data2\" content=\"3 \u062f\u0642\u0627\u0626\u0642\" \/>\n<script type=\"application\/ld+json\" class=\"yoast-schema-graph\">{\"@context\":\"https:\\\/\\\/schema.org\",\"@graph\":[{\"@type\":\"Article\",\"@id\":\"https:\\\/\\\/lequotidien.mr\\\/?p=24420&lang=fr#article\",\"isPartOf\":{\"@id\":\"https:\\\/\\\/lequotidien.mr\\\/?p=24420&lang=fr\"},\"author\":{\"name\":\"Le Quotidien\",\"@id\":\"https:\\\/\\\/lequotidien.mr\\\/#\\\/schema\\\/person\\\/f90fcdaa970c60288de4ed2e64a56472\"},\"headline\":\"Ousmane Sonko en Mauritanie : une visite strat\u00e9gique pour renforcer les relations bilat\u00e9rales\",\"datePublished\":\"2025-01-13T08:55:48+00:00\",\"dateModified\":\"2025-01-13T08:57:35+00:00\",\"mainEntityOfPage\":{\"@id\":\"https:\\\/\\\/lequotidien.mr\\\/?p=24420&lang=fr\"},\"wordCount\":567,\"commentCount\":0,\"publisher\":{\"@id\":\"https:\\\/\\\/lequotidien.mr\\\/#organization\"},\"image\":{\"@id\":\"https:\\\/\\\/lequotidien.mr\\\/?p=24420&lang=fr#primaryimage\"},\"thumbnailUrl\":\"https:\\\/\\\/lequotidien.mr\\\/wp-content\\\/uploads\\\/2025\\\/01\\\/473191342_923429319962091_4217466778030356242_n.jpg\",\"articleSection\":[\"ACTUALIT\u00c9\",\"Couverture sp\u00e9cilale\"],\"inLanguage\":\"ar\",\"potentialAction\":[{\"@type\":\"CommentAction\",\"name\":\"Comment\",\"target\":[\"https:\\\/\\\/lequotidien.mr\\\/?p=24420&lang=fr#respond\"]}]},{\"@type\":\"WebPage\",\"@id\":\"https:\\\/\\\/lequotidien.mr\\\/?p=24420&lang=fr\",\"url\":\"https:\\\/\\\/lequotidien.mr\\\/?p=24420&lang=fr\",\"name\":\"Ousmane Sonko en Mauritanie : une visite strat\u00e9gique pour renforcer les relations bilat\u00e9rales - Le Quotidien de Nouakchott\",\"isPartOf\":{\"@id\":\"https:\\\/\\\/lequotidien.mr\\\/#website\"},\"primaryImageOfPage\":{\"@id\":\"https:\\\/\\\/lequotidien.mr\\\/?p=24420&lang=fr#primaryimage\"},\"image\":{\"@id\":\"https:\\\/\\\/lequotidien.mr\\\/?p=24420&lang=fr#primaryimage\"},\"thumbnailUrl\":\"https:\\\/\\\/lequotidien.mr\\\/wp-content\\\/uploads\\\/2025\\\/01\\\/473191342_923429319962091_4217466778030356242_n.jpg\",\"datePublished\":\"2025-01-13T08:55:48+00:00\",\"dateModified\":\"2025-01-13T08:57:35+00:00\",\"breadcrumb\":{\"@id\":\"https:\\\/\\\/lequotidien.mr\\\/?p=24420&lang=fr#breadcrumb\"},\"inLanguage\":\"ar\",\"potentialAction\":[{\"@type\":\"ReadAction\",\"target\":[\"https:\\\/\\\/lequotidien.mr\\\/?p=24420&lang=fr\"]}]},{\"@type\":\"ImageObject\",\"inLanguage\":\"ar\",\"@id\":\"https:\\\/\\\/lequotidien.mr\\\/?p=24420&lang=fr#primaryimage\",\"url\":\"https:\\\/\\\/lequotidien.mr\\\/wp-content\\\/uploads\\\/2025\\\/01\\\/473191342_923429319962091_4217466778030356242_n.jpg\",\"contentUrl\":\"https:\\\/\\\/lequotidien.mr\\\/wp-content\\\/uploads\\\/2025\\\/01\\\/473191342_923429319962091_4217466778030356242_n.jpg\",\"width\":2048,\"height\":1365},{\"@type\":\"BreadcrumbList\",\"@id\":\"https:\\\/\\\/lequotidien.mr\\\/?p=24420&lang=fr#breadcrumb\",\"itemListElement\":[{\"@type\":\"ListItem\",\"position\":1,\"name\":\"Home\",\"item\":\"https:\\\/\\\/lequotidien.mr\\\/\"},{\"@type\":\"ListItem\",\"position\":2,\"name\":\"Ousmane Sonko en Mauritanie : une visite strat\u00e9gique pour renforcer les relations bilat\u00e9rales\"}]},{\"@type\":\"WebSite\",\"@id\":\"https:\\\/\\\/lequotidien.mr\\\/#website\",\"url\":\"https:\\\/\\\/lequotidien.mr\\\/\",\"name\":\"Le Quotidien de Nouakchott\",\"description\":\"\u0625\u062e\u0628\u0627\u0631\u064a\u0629 \u0645\u0633\u062a\u0642\u0644\u0629 \u0644\u0644\u0623\u0646\u0628\u0627\u0621 \u0627\u0644\u0639\u0627\u0645\u0629\",\"publisher\":{\"@id\":\"https:\\\/\\\/lequotidien.mr\\\/#organization\"},\"potentialAction\":[{\"@type\":\"SearchAction\",\"target\":{\"@type\":\"EntryPoint\",\"urlTemplate\":\"https:\\\/\\\/lequotidien.mr\\\/?s={search_term_string}\"},\"query-input\":{\"@type\":\"PropertyValueSpecification\",\"valueRequired\":true,\"valueName\":\"search_term_string\"}}],\"inLanguage\":\"ar\"},{\"@type\":\"Organization\",\"@id\":\"https:\\\/\\\/lequotidien.mr\\\/#organization\",\"name\":\"Le Quotidien de Nouakchott\",\"url\":\"https:\\\/\\\/lequotidien.mr\\\/\",\"logo\":{\"@type\":\"ImageObject\",\"inLanguage\":\"ar\",\"@id\":\"https:\\\/\\\/lequotidien.mr\\\/#\\\/schema\\\/logo\\\/image\\\/\",\"url\":\"https:\\\/\\\/lequotidien.mr\\\/wp-content\\\/uploads\\\/2022\\\/11\\\/logolequotidien.jpg\",\"contentUrl\":\"https:\\\/\\\/lequotidien.mr\\\/wp-content\\\/uploads\\\/2022\\\/11\\\/logolequotidien.jpg\",\"width\":290,\"height\":65,\"caption\":\"Le Quotidien de Nouakchott\"},\"image\":{\"@id\":\"https:\\\/\\\/lequotidien.mr\\\/#\\\/schema\\\/logo\\\/image\\\/\"},\"sameAs\":[\"https:\\\/\\\/web.facebook.com\\\/lequotidienmr\",\"https:\\\/\\\/x.com\\\/lequotidienmr\"]},{\"@type\":\"Person\",\"@id\":\"https:\\\/\\\/lequotidien.mr\\\/#\\\/schema\\\/person\\\/f90fcdaa970c60288de4ed2e64a56472\",\"name\":\"Le Quotidien\",\"image\":{\"@type\":\"ImageObject\",\"inLanguage\":\"ar\",\"@id\":\"https:\\\/\\\/secure.gravatar.com\\\/avatar\\\/374cb39a1a458a912465a93e5a3ce6546886fc3da809a1f10c63e4e8fcbca30f?s=96&d=mm&r=g\",\"url\":\"https:\\\/\\\/secure.gravatar.com\\\/avatar\\\/374cb39a1a458a912465a93e5a3ce6546886fc3da809a1f10c63e4e8fcbca30f?s=96&d=mm&r=g\",\"contentUrl\":\"https:\\\/\\\/secure.gravatar.com\\\/avatar\\\/374cb39a1a458a912465a93e5a3ce6546886fc3da809a1f10c63e4e8fcbca30f?s=96&d=mm&r=g\",\"caption\":\"Le Quotidien\"},\"sameAs\":[\"https:\\\/\\\/lequotidien.mr\\\/\"],\"url\":\"https:\\\/\\\/lequotidien.mr\\\/?author=4\"}]}<\/script>\n<!-- \/ Yoast SEO plugin. -->","yoast_head_json":{"title":"Ousmane Sonko en Mauritanie : une visite strat\u00e9gique pour renforcer les relations bilat\u00e9rales - Le Quotidien de Nouakchott","robots":{"index":"index","follow":"follow","max-snippet":"max-snippet:-1","max-image-preview":"max-image-preview:large","max-video-preview":"max-video-preview:-1"},"canonical":"https:\/\/lequotidien.mr\/?p=24420&lang=fr","og_locale":"ar_AR","og_type":"article","og_title":"Ousmane Sonko en Mauritanie : une visite strat\u00e9gique pour renforcer les relations bilat\u00e9rales - Le Quotidien de Nouakchott","og_description":"Le Premier ministre s\u00e9n\u00e9galais, Ousmane Sonko, a entam\u00e9 ce dimanche 12 janvier 2025 une visite officielle de trois jours en Mauritanie, \u00e0 l\u2019invitation de son homologue mauritanien, Moctar Ould Diay. Cette visite s\u2019inscrit dans une dynamique de renforcement de la coop\u00e9ration \u00e9conomique et politique entre les deux pays voisins, li\u00e9s par des int\u00e9r\u00eats communs sur.....","og_url":"https:\/\/lequotidien.mr\/?p=24420&lang=fr","og_site_name":"Le Quotidien de Nouakchott","article_publisher":"https:\/\/web.facebook.com\/lequotidienmr","article_published_time":"2025-01-13T08:55:48+00:00","article_modified_time":"2025-01-13T08:57:35+00:00","og_image":[{"width":2048,"height":1365,"url":"https:\/\/lequotidien.mr\/wp-content\/uploads\/2025\/01\/473191342_923429319962091_4217466778030356242_n.jpg","type":"image\/jpeg"}],"author":"Le Quotidien","twitter_card":"summary_large_image","twitter_creator":"@lequotidienmr","twitter_site":"@lequotidienmr","twitter_misc":{"\u0643\u064f\u062a\u0628 \u0628\u0648\u0627\u0633\u0637\u0629":"Le Quotidien","\u0648\u0642\u062a \u0627\u0644\u0642\u0631\u0627\u0621\u0629 \u0627\u0644\u0645\u064f\u0642\u062f\u0651\u0631":"3 \u062f\u0642\u0627\u0626\u0642"},"schema":{"@context":"https:\/\/schema.org","@graph":[{"@type":"Article","@id":"https:\/\/lequotidien.mr\/?p=24420&lang=fr#article","isPartOf":{"@id":"https:\/\/lequotidien.mr\/?p=24420&lang=fr"},"author":{"name":"Le Quotidien","@id":"https:\/\/lequotidien.mr\/#\/schema\/person\/f90fcdaa970c60288de4ed2e64a56472"},"headline":"Ousmane Sonko en Mauritanie : une visite strat\u00e9gique pour renforcer les relations bilat\u00e9rales","datePublished":"2025-01-13T08:55:48+00:00","dateModified":"2025-01-13T08:57:35+00:00","mainEntityOfPage":{"@id":"https:\/\/lequotidien.mr\/?p=24420&lang=fr"},"wordCount":567,"commentCount":0,"publisher":{"@id":"https:\/\/lequotidien.mr\/#organization"},"image":{"@id":"https:\/\/lequotidien.mr\/?p=24420&lang=fr#primaryimage"},"thumbnailUrl":"https:\/\/lequotidien.mr\/wp-content\/uploads\/2025\/01\/473191342_923429319962091_4217466778030356242_n.jpg","articleSection":["ACTUALIT\u00c9","Couverture sp\u00e9cilale"],"inLanguage":"ar","potentialAction":[{"@type":"CommentAction","name":"Comment","target":["https:\/\/lequotidien.mr\/?p=24420&lang=fr#respond"]}]},{"@type":"WebPage","@id":"https:\/\/lequotidien.mr\/?p=24420&lang=fr","url":"https:\/\/lequotidien.mr\/?p=24420&lang=fr","name":"Ousmane Sonko en Mauritanie : une visite strat\u00e9gique pour renforcer les relations bilat\u00e9rales - Le Quotidien de Nouakchott","isPartOf":{"@id":"https:\/\/lequotidien.mr\/#website"},"primaryImageOfPage":{"@id":"https:\/\/lequotidien.mr\/?p=24420&lang=fr#primaryimage"},"image":{"@id":"https:\/\/lequotidien.mr\/?p=24420&lang=fr#primaryimage"},"thumbnailUrl":"https:\/\/lequotidien.mr\/wp-content\/uploads\/2025\/01\/473191342_923429319962091_4217466778030356242_n.jpg","datePublished":"2025-01-13T08:55:48+00:00","dateModified":"2025-01-13T08:57:35+00:00","breadcrumb":{"@id":"https:\/\/lequotidien.mr\/?p=24420&lang=fr#breadcrumb"},"inLanguage":"ar","potentialAction":[{"@type":"ReadAction","target":["https:\/\/lequotidien.mr\/?p=24420&lang=fr"]}]},{"@type":"ImageObject","inLanguage":"ar","@id":"https:\/\/lequotidien.mr\/?p=24420&lang=fr#primaryimage","url":"https:\/\/lequotidien.mr\/wp-content\/uploads\/2025\/01\/473191342_923429319962091_4217466778030356242_n.jpg","contentUrl":"https:\/\/lequotidien.mr\/wp-content\/uploads\/2025\/01\/473191342_923429319962091_4217466778030356242_n.jpg","width":2048,"height":1365},{"@type":"BreadcrumbList","@id":"https:\/\/lequotidien.mr\/?p=24420&lang=fr#breadcrumb","itemListElement":[{"@type":"ListItem","position":1,"name":"Home","item":"https:\/\/lequotidien.mr\/"},{"@type":"ListItem","position":2,"name":"Ousmane Sonko en Mauritanie : une visite strat\u00e9gique pour renforcer les relations bilat\u00e9rales"}]},{"@type":"WebSite","@id":"https:\/\/lequotidien.mr\/#website","url":"https:\/\/lequotidien.mr\/","name":"Le Quotidien de Nouakchott","description":"\u0625\u062e\u0628\u0627\u0631\u064a\u0629 \u0645\u0633\u062a\u0642\u0644\u0629 \u0644\u0644\u0623\u0646\u0628\u0627\u0621 \u0627\u0644\u0639\u0627\u0645\u0629","publisher":{"@id":"https:\/\/lequotidien.mr\/#organization"},"potentialAction":[{"@type":"SearchAction","target":{"@type":"EntryPoint","urlTemplate":"https:\/\/lequotidien.mr\/?s={search_term_string}"},"query-input":{"@type":"PropertyValueSpecification","valueRequired":true,"valueName":"search_term_string"}}],"inLanguage":"ar"},{"@type":"Organization","@id":"https:\/\/lequotidien.mr\/#organization","name":"Le Quotidien de Nouakchott","url":"https:\/\/lequotidien.mr\/","logo":{"@type":"ImageObject","inLanguage":"ar","@id":"https:\/\/lequotidien.mr\/#\/schema\/logo\/image\/","url":"https:\/\/lequotidien.mr\/wp-content\/uploads\/2022\/11\/logolequotidien.jpg","contentUrl":"https:\/\/lequotidien.mr\/wp-content\/uploads\/2022\/11\/logolequotidien.jpg","width":290,"height":65,"caption":"Le Quotidien de Nouakchott"},"image":{"@id":"https:\/\/lequotidien.mr\/#\/schema\/logo\/image\/"},"sameAs":["https:\/\/web.facebook.com\/lequotidienmr","https:\/\/x.com\/lequotidienmr"]},{"@type":"Person","@id":"https:\/\/lequotidien.mr\/#\/schema\/person\/f90fcdaa970c60288de4ed2e64a56472","name":"Le Quotidien","image":{"@type":"ImageObject","inLanguage":"ar","@id":"https:\/\/secure.gravatar.com\/avatar\/374cb39a1a458a912465a93e5a3ce6546886fc3da809a1f10c63e4e8fcbca30f?s=96&d=mm&r=g","url":"https:\/\/secure.gravatar.com\/avatar\/374cb39a1a458a912465a93e5a3ce6546886fc3da809a1f10c63e4e8fcbca30f?s=96&d=mm&r=g","contentUrl":"https:\/\/secure.gravatar.com\/avatar\/374cb39a1a458a912465a93e5a3ce6546886fc3da809a1f10c63e4e8fcbca30f?s=96&d=mm&r=g","caption":"Le Quotidien"},"sameAs":["https:\/\/lequotidien.mr\/"],"url":"https:\/\/lequotidien.mr\/?author=4"}]}},"_links":{"self":[{"href":"https:\/\/lequotidien.mr\/index.php?rest_route=\/wp\/v2\/posts\/24420","targetHints":{"allow":["GET"]}}],"collection":[{"href":"https:\/\/lequotidien.mr\/index.php?rest_route=\/wp\/v2\/posts"}],"about":[{"href":"https:\/\/lequotidien.mr\/index.php?rest_route=\/wp\/v2\/types\/post"}],"author":[{"embeddable":true,"href":"https:\/\/lequotidien.mr\/index.php?rest_route=\/wp\/v2\/users\/4"}],"replies":[{"embeddable":true,"href":"https:\/\/lequotidien.mr\/index.php?rest_route=%2Fwp%2Fv2%2Fcomments&post=24420"}],"version-history":[{"count":3,"href":"https:\/\/lequotidien.mr\/index.php?rest_route=\/wp\/v2\/posts\/24420\/revisions"}],"predecessor-version":[{"id":24424,"href":"https:\/\/lequotidien.mr\/index.php?rest_route=\/wp\/v2\/posts\/24420\/revisions\/24424"}],"wp:featuredmedia":[{"embeddable":true,"href":"https:\/\/lequotidien.mr\/index.php?rest_route=\/wp\/v2\/media\/24421"}],"wp:attachment":[{"href":"https:\/\/lequotidien.mr\/index.php?rest_route=%2Fwp%2Fv2%2Fmedia&parent=24420"}],"wp:term":[{"taxonomy":"category","embeddable":true,"href":"https:\/\/lequotidien.mr\/index.php?rest_route=%2Fwp%2Fv2%2Fcategories&post=24420"},{"taxonomy":"post_tag","embeddable":true,"href":"https:\/\/lequotidien.mr\/index.php?rest_route=%2Fwp%2Fv2%2Ftags&post=24420"}],"curies":[{"name":"wp","href":"https:\/\/api.w.org\/{rel}","templated":true}]}}