{"id":2439,"date":"2022-12-27T20:50:25","date_gmt":"2022-12-27T20:50:25","guid":{"rendered":"https:\/\/lequotidien.mr\/?p=2439"},"modified":"2022-12-27T20:50:25","modified_gmt":"2022-12-27T20:50:25","slug":"le-president-de-la-republique-donne-instruction-pour-la-creation-dun-fonds-social-pour-les-cas-humanitaires","status":"publish","type":"post","link":"https:\/\/lequotidien.mr\/?p=2439&lang=fr","title":{"rendered":"Le Pr\u00e9sident de la R\u00e9publique donne instruction pour la cr\u00e9ation d\u2019un fonds social pour les cas humanitaires"},"content":{"rendered":"<p>AMI &#8211; Le Pr\u00e9sident de la R\u00e9publique, Son Excellence M. Mohamed Ould Cheikh El Ghazouani, a affirm\u00e9 avoir donn\u00e9 instruction pour la cr\u00e9ation d\u2019un fonds social destin\u00e9 aux cas humanitaires au profit des orpailleurs, dont la mise en place est confi\u00e9e \u00e0 Maaden Mauritania \u00e0 hauteur de 1 milliard d\u2019anciennes ouguiyas.<\/p>\n<p>Dans le discours qu\u2019il a prononc\u00e9 lors de la pose de la premi\u00e8re pierre du si\u00e8ge de l\u2019Agence nationale Maaden Mauritania, il a lou\u00e9 les efforts des orpailleurs qui ont permis d\u2019extraire les inestimables richesses que rec\u00e8le notre sous-sol.<\/p>\n<p>Voici ce discours dans son int\u00e9gralit\u00e9 :<\/p>\n<p>&#8220;Notre pr\u00e9sence aujourd\u2019hui \u00e0 Maaden Mauritania m\u2019offre une autre occasion d\u2019appr\u00e9cier \u00e0 leur juste valeur les efforts, la discipline et le courage des orpailleurs qui ont pu tirer pleinement profit des richesses de notre terre.<\/p>\n<p>Je ne peux que souligner l\u2019importance de ces efforts, qui constituent une importante contribution \u00e0 l\u2019\u00e9conomie nationale.<\/p>\n<p>Les efforts des orpailleurs, combin\u00e9s avec ceux de leur administration, nous donnent l\u2019impression de fiert\u00e9, parfois entach\u00e9e de tristesse et de chagrin lorsque l\u2019un de nos fils tombe victime d\u2019un malheureux accident dans le cadre de l\u2019exercice du m\u00e9tier.<\/p>\n<p>Cette tristesse est doubl\u00e9e lorsque l\u2019accident se produit \u00e0 cause d\u2019une faute que l\u2019on peut \u00e9viter, tels que, par exemple l\u2019orpaillage au-del\u00e0 de nos fronti\u00e8res, ou le non-respect des mesures de s\u00e9curit\u00e9.<\/p>\n<p>Ce comportement est tout simplement inacceptable et ne doit pas continuer, et je lance un appel \u00e0 tous de rester vigilant \u00e0 cet \u00e9gard en faveur du respect des mesures r\u00e8glementaires et l\u00e9gales afin de ne pas s\u2019exposer au danger.<\/p>\n<p>Nul besoin de rappeler l\u2019importance de ce secteur et l\u2019attention particuli\u00e8re que je lui accorde, car je l\u2019ai accompagn\u00e9 dans toutes \u00e9tapes, j\u2019ai \u00e9t\u00e9 \u00e0 Zouerate pour m\u2019en informer de pr\u00e8s, j\u2019ai visit\u00e9 la ville de Chami pour le m\u00eame objectif, Maaden Mauritania a \u00e9t\u00e9 cr\u00e9\u00e9e pour l\u2019assister, et nous voici avec vous aujourd\u2019hui \u00e0 Nouakchott pour la pose de la premi\u00e8re pierre du si\u00e8ge de la Soci\u00e9t\u00e9 Maaden Mauritania.<\/p>\n<p>\u00c9tant donn\u00e9 que le domaine social constitue la pierre angulaire de nos priorit\u00e9s, j\u2019ai donn\u00e9 mes instructions pour la cr\u00e9ation d\u2019un fonds social destin\u00e9 aux cas humanitaires dans le cadre de l\u2019orpaillage.<\/p>\n<p>J\u2019ai exig\u00e9 que la gestion de ce fonds, qui va d\u00e9marrer, au titre de l\u2019ann\u00e9e 2023, avec un budget de 1 milliard d\u2019anciennes ouguiyas, soit transparente et rationnelle et qu\u2019elle serve avec honn\u00eatet\u00e9 et confiance tous ceux pour lesquels ses services sont orient\u00e9s.<\/p>\n<p>En r\u00e9ponse \u00e0 votre demande, je vais ordonner le rattachement de la zone de Tamayat Tasiast \u00e0 Maaden Mauritania, en m\u00eame temps, je saisis cette opportunit\u00e9 pour r\u00e9affirmer la fermet\u00e9 des autorit\u00e9s administratives et s\u00e9curitaires en ce qui concerne l\u2019exercice de l\u2019orpaillage en dehors des zones relevant de Maaden Mauritania, en plus du respect des lois et textes organisant l\u2019activit\u00e9.&#8221;<\/p>\n","protected":false},"excerpt":{"rendered":"<p>AMI &#8211; Le Pr\u00e9sident de la R\u00e9publique, Son Excellence M. Mohamed Ould Cheikh El Ghazouani, a affirm\u00e9 avoir donn\u00e9 instruction pour la cr\u00e9ation d\u2019un fonds social destin\u00e9 aux cas humanitaires au profit des orpailleurs, dont la mise en place est confi\u00e9e \u00e0 Maaden Mauritania \u00e0 hauteur de 1 milliard d\u2019anciennes ouguiyas. Dans le discours qu\u2019il&#8230;..<\/p>\n","protected":false},"author":5,"featured_media":2440,"comment_status":"open","ping_status":"open","sticky":false,"template":"","format":"standard","meta":{"footnotes":""},"categories":[23,49],"tags":[],"class_list":["post-2439","post","type-post","status-publish","format-standard","has-post-thumbnail","hentry","category-actualite","category-economie"],"yoast_head":"<!-- This site is optimized with the Yoast SEO plugin v27.5 - https:\/\/yoast.com\/product\/yoast-seo-wordpress\/ -->\n<title>Le Pr\u00e9sident de la R\u00e9publique donne instruction pour la cr\u00e9ation d\u2019un fonds social pour les cas humanitaires - Le Quotidien de Nouakchott<\/title>\n<meta name=\"robots\" content=\"index, follow, max-snippet:-1, max-image-preview:large, max-video-preview:-1\" \/>\n<link rel=\"canonical\" href=\"https:\/\/lequotidien.mr\/?p=2439&lang=fr\" \/>\n<meta property=\"og:locale\" content=\"ar_AR\" \/>\n<meta property=\"og:type\" content=\"article\" \/>\n<meta property=\"og:title\" content=\"Le Pr\u00e9sident de la R\u00e9publique donne instruction pour la cr\u00e9ation d\u2019un fonds social pour les cas humanitaires - Le Quotidien de Nouakchott\" \/>\n<meta property=\"og:description\" content=\"AMI &#8211; Le Pr\u00e9sident de la R\u00e9publique, Son Excellence M. Mohamed Ould Cheikh El Ghazouani, a affirm\u00e9 avoir donn\u00e9 instruction pour la cr\u00e9ation d\u2019un fonds social destin\u00e9 aux cas humanitaires au profit des orpailleurs, dont la mise en place est confi\u00e9e \u00e0 Maaden Mauritania \u00e0 hauteur de 1 milliard d\u2019anciennes ouguiyas. Dans le discours qu\u2019il.....\" \/>\n<meta property=\"og:url\" content=\"https:\/\/lequotidien.mr\/?p=2439&amp;lang=fr\" \/>\n<meta property=\"og:site_name\" content=\"Le Quotidien de Nouakchott\" \/>\n<meta property=\"article:publisher\" content=\"https:\/\/web.facebook.com\/lequotidienmr\" \/>\n<meta property=\"article:published_time\" content=\"2022-12-27T20:50:25+00:00\" \/>\n<meta property=\"og:image\" content=\"https:\/\/lequotidien.mr\/wp-content\/uploads\/2022\/12\/ghaz_s002_750x430.jpg\" \/>\n\t<meta property=\"og:image:width\" content=\"630\" \/>\n\t<meta property=\"og:image:height\" content=\"430\" \/>\n\t<meta property=\"og:image:type\" content=\"image\/jpeg\" \/>\n<meta name=\"author\" content=\"Gayi Diawara\" \/>\n<meta name=\"twitter:card\" content=\"summary_large_image\" \/>\n<meta name=\"twitter:creator\" content=\"@lequotidienmr\" \/>\n<meta name=\"twitter:site\" content=\"@lequotidienmr\" \/>\n<meta name=\"twitter:label1\" content=\"\u0643\u064f\u062a\u0628 \u0628\u0648\u0627\u0633\u0637\u0629\" \/>\n\t<meta name=\"twitter:data1\" content=\"Gayi Diawara\" \/>\n\t<meta name=\"twitter:label2\" content=\"\u0648\u0642\u062a \u0627\u0644\u0642\u0631\u0627\u0621\u0629 \u0627\u0644\u0645\u064f\u0642\u062f\u0651\u0631\" \/>\n\t<meta name=\"twitter:data2\" content=\"3 \u062f\u0642\u0627\u0626\u0642\" \/>\n<script type=\"application\/ld+json\" class=\"yoast-schema-graph\">{\"@context\":\"https:\\\/\\\/schema.org\",\"@graph\":[{\"@type\":\"Article\",\"@id\":\"https:\\\/\\\/lequotidien.mr\\\/?p=2439&lang=fr#article\",\"isPartOf\":{\"@id\":\"https:\\\/\\\/lequotidien.mr\\\/?p=2439&lang=fr\"},\"author\":{\"name\":\"Gayi Diawara\",\"@id\":\"https:\\\/\\\/lequotidien.mr\\\/#\\\/schema\\\/person\\\/1077c8abd5640a6514b909318d271dee\"},\"headline\":\"Le Pr\u00e9sident de la R\u00e9publique donne instruction pour la cr\u00e9ation d\u2019un fonds social pour les cas humanitaires\",\"datePublished\":\"2022-12-27T20:50:25+00:00\",\"mainEntityOfPage\":{\"@id\":\"https:\\\/\\\/lequotidien.mr\\\/?p=2439&lang=fr\"},\"wordCount\":543,\"commentCount\":0,\"publisher\":{\"@id\":\"https:\\\/\\\/lequotidien.mr\\\/#organization\"},\"image\":{\"@id\":\"https:\\\/\\\/lequotidien.mr\\\/?p=2439&lang=fr#primaryimage\"},\"thumbnailUrl\":\"https:\\\/\\\/lequotidien.mr\\\/wp-content\\\/uploads\\\/2022\\\/12\\\/ghaz_s002_750x430.jpg\",\"articleSection\":[\"ACTUALIT\u00c9\",\"Economie\"],\"inLanguage\":\"ar\",\"potentialAction\":[{\"@type\":\"CommentAction\",\"name\":\"Comment\",\"target\":[\"https:\\\/\\\/lequotidien.mr\\\/?p=2439&lang=fr#respond\"]}]},{\"@type\":\"WebPage\",\"@id\":\"https:\\\/\\\/lequotidien.mr\\\/?p=2439&lang=fr\",\"url\":\"https:\\\/\\\/lequotidien.mr\\\/?p=2439&lang=fr\",\"name\":\"Le Pr\u00e9sident de la R\u00e9publique donne instruction pour la cr\u00e9ation d\u2019un fonds social pour les cas humanitaires - Le Quotidien de Nouakchott\",\"isPartOf\":{\"@id\":\"https:\\\/\\\/lequotidien.mr\\\/#website\"},\"primaryImageOfPage\":{\"@id\":\"https:\\\/\\\/lequotidien.mr\\\/?p=2439&lang=fr#primaryimage\"},\"image\":{\"@id\":\"https:\\\/\\\/lequotidien.mr\\\/?p=2439&lang=fr#primaryimage\"},\"thumbnailUrl\":\"https:\\\/\\\/lequotidien.mr\\\/wp-content\\\/uploads\\\/2022\\\/12\\\/ghaz_s002_750x430.jpg\",\"datePublished\":\"2022-12-27T20:50:25+00:00\",\"breadcrumb\":{\"@id\":\"https:\\\/\\\/lequotidien.mr\\\/?p=2439&lang=fr#breadcrumb\"},\"inLanguage\":\"ar\",\"potentialAction\":[{\"@type\":\"ReadAction\",\"target\":[\"https:\\\/\\\/lequotidien.mr\\\/?p=2439&lang=fr\"]}]},{\"@type\":\"ImageObject\",\"inLanguage\":\"ar\",\"@id\":\"https:\\\/\\\/lequotidien.mr\\\/?p=2439&lang=fr#primaryimage\",\"url\":\"https:\\\/\\\/lequotidien.mr\\\/wp-content\\\/uploads\\\/2022\\\/12\\\/ghaz_s002_750x430.jpg\",\"contentUrl\":\"https:\\\/\\\/lequotidien.mr\\\/wp-content\\\/uploads\\\/2022\\\/12\\\/ghaz_s002_750x430.jpg\",\"width\":630,\"height\":430},{\"@type\":\"BreadcrumbList\",\"@id\":\"https:\\\/\\\/lequotidien.mr\\\/?p=2439&lang=fr#breadcrumb\",\"itemListElement\":[{\"@type\":\"ListItem\",\"position\":1,\"name\":\"Home\",\"item\":\"https:\\\/\\\/lequotidien.mr\\\/\"},{\"@type\":\"ListItem\",\"position\":2,\"name\":\"Le Pr\u00e9sident de la R\u00e9publique donne instruction pour la cr\u00e9ation d\u2019un fonds social pour les cas humanitaires\"}]},{\"@type\":\"WebSite\",\"@id\":\"https:\\\/\\\/lequotidien.mr\\\/#website\",\"url\":\"https:\\\/\\\/lequotidien.mr\\\/\",\"name\":\"Le Quotidien de Nouakchott\",\"description\":\"\u0625\u062e\u0628\u0627\u0631\u064a\u0629 \u0645\u0633\u062a\u0642\u0644\u0629 \u0644\u0644\u0623\u0646\u0628\u0627\u0621 \u0627\u0644\u0639\u0627\u0645\u0629\",\"publisher\":{\"@id\":\"https:\\\/\\\/lequotidien.mr\\\/#organization\"},\"potentialAction\":[{\"@type\":\"SearchAction\",\"target\":{\"@type\":\"EntryPoint\",\"urlTemplate\":\"https:\\\/\\\/lequotidien.mr\\\/?s={search_term_string}\"},\"query-input\":{\"@type\":\"PropertyValueSpecification\",\"valueRequired\":true,\"valueName\":\"search_term_string\"}}],\"inLanguage\":\"ar\"},{\"@type\":\"Organization\",\"@id\":\"https:\\\/\\\/lequotidien.mr\\\/#organization\",\"name\":\"Le Quotidien de Nouakchott\",\"url\":\"https:\\\/\\\/lequotidien.mr\\\/\",\"logo\":{\"@type\":\"ImageObject\",\"inLanguage\":\"ar\",\"@id\":\"https:\\\/\\\/lequotidien.mr\\\/#\\\/schema\\\/logo\\\/image\\\/\",\"url\":\"https:\\\/\\\/lequotidien.mr\\\/wp-content\\\/uploads\\\/2022\\\/11\\\/logolequotidien.jpg\",\"contentUrl\":\"https:\\\/\\\/lequotidien.mr\\\/wp-content\\\/uploads\\\/2022\\\/11\\\/logolequotidien.jpg\",\"width\":290,\"height\":65,\"caption\":\"Le Quotidien de Nouakchott\"},\"image\":{\"@id\":\"https:\\\/\\\/lequotidien.mr\\\/#\\\/schema\\\/logo\\\/image\\\/\"},\"sameAs\":[\"https:\\\/\\\/web.facebook.com\\\/lequotidienmr\",\"https:\\\/\\\/x.com\\\/lequotidienmr\"]},{\"@type\":\"Person\",\"@id\":\"https:\\\/\\\/lequotidien.mr\\\/#\\\/schema\\\/person\\\/1077c8abd5640a6514b909318d271dee\",\"name\":\"Gayi Diawara\",\"image\":{\"@type\":\"ImageObject\",\"inLanguage\":\"ar\",\"@id\":\"https:\\\/\\\/secure.gravatar.com\\\/avatar\\\/63ea8db1e19a6d2d608b24c0f78b5f3a7d6e0bc11959fec273410af333e4d0ac?s=96&d=mm&r=g\",\"url\":\"https:\\\/\\\/secure.gravatar.com\\\/avatar\\\/63ea8db1e19a6d2d608b24c0f78b5f3a7d6e0bc11959fec273410af333e4d0ac?s=96&d=mm&r=g\",\"contentUrl\":\"https:\\\/\\\/secure.gravatar.com\\\/avatar\\\/63ea8db1e19a6d2d608b24c0f78b5f3a7d6e0bc11959fec273410af333e4d0ac?s=96&d=mm&r=g\",\"caption\":\"Gayi Diawara\"},\"sameAs\":[\"http:\\\/\\\/lequotidien.mr\"],\"url\":\"https:\\\/\\\/lequotidien.mr\\\/?author=5\"}]}<\/script>\n<!-- \/ Yoast SEO plugin. -->","yoast_head_json":{"title":"Le Pr\u00e9sident de la R\u00e9publique donne instruction pour la cr\u00e9ation d\u2019un fonds social pour les cas humanitaires - Le Quotidien de Nouakchott","robots":{"index":"index","follow":"follow","max-snippet":"max-snippet:-1","max-image-preview":"max-image-preview:large","max-video-preview":"max-video-preview:-1"},"canonical":"https:\/\/lequotidien.mr\/?p=2439&lang=fr","og_locale":"ar_AR","og_type":"article","og_title":"Le Pr\u00e9sident de la R\u00e9publique donne instruction pour la cr\u00e9ation d\u2019un fonds social pour les cas humanitaires - Le Quotidien de Nouakchott","og_description":"AMI &#8211; Le Pr\u00e9sident de la R\u00e9publique, Son Excellence M. Mohamed Ould Cheikh El Ghazouani, a affirm\u00e9 avoir donn\u00e9 instruction pour la cr\u00e9ation d\u2019un fonds social destin\u00e9 aux cas humanitaires au profit des orpailleurs, dont la mise en place est confi\u00e9e \u00e0 Maaden Mauritania \u00e0 hauteur de 1 milliard d\u2019anciennes ouguiyas. Dans le discours qu\u2019il.....","og_url":"https:\/\/lequotidien.mr\/?p=2439&lang=fr","og_site_name":"Le Quotidien de Nouakchott","article_publisher":"https:\/\/web.facebook.com\/lequotidienmr","article_published_time":"2022-12-27T20:50:25+00:00","og_image":[{"width":630,"height":430,"url":"https:\/\/lequotidien.mr\/wp-content\/uploads\/2022\/12\/ghaz_s002_750x430.jpg","type":"image\/jpeg"}],"author":"Gayi Diawara","twitter_card":"summary_large_image","twitter_creator":"@lequotidienmr","twitter_site":"@lequotidienmr","twitter_misc":{"\u0643\u064f\u062a\u0628 \u0628\u0648\u0627\u0633\u0637\u0629":"Gayi Diawara","\u0648\u0642\u062a \u0627\u0644\u0642\u0631\u0627\u0621\u0629 \u0627\u0644\u0645\u064f\u0642\u062f\u0651\u0631":"3 \u062f\u0642\u0627\u0626\u0642"},"schema":{"@context":"https:\/\/schema.org","@graph":[{"@type":"Article","@id":"https:\/\/lequotidien.mr\/?p=2439&lang=fr#article","isPartOf":{"@id":"https:\/\/lequotidien.mr\/?p=2439&lang=fr"},"author":{"name":"Gayi Diawara","@id":"https:\/\/lequotidien.mr\/#\/schema\/person\/1077c8abd5640a6514b909318d271dee"},"headline":"Le Pr\u00e9sident de la R\u00e9publique donne instruction pour la cr\u00e9ation d\u2019un fonds social pour les cas humanitaires","datePublished":"2022-12-27T20:50:25+00:00","mainEntityOfPage":{"@id":"https:\/\/lequotidien.mr\/?p=2439&lang=fr"},"wordCount":543,"commentCount":0,"publisher":{"@id":"https:\/\/lequotidien.mr\/#organization"},"image":{"@id":"https:\/\/lequotidien.mr\/?p=2439&lang=fr#primaryimage"},"thumbnailUrl":"https:\/\/lequotidien.mr\/wp-content\/uploads\/2022\/12\/ghaz_s002_750x430.jpg","articleSection":["ACTUALIT\u00c9","Economie"],"inLanguage":"ar","potentialAction":[{"@type":"CommentAction","name":"Comment","target":["https:\/\/lequotidien.mr\/?p=2439&lang=fr#respond"]}]},{"@type":"WebPage","@id":"https:\/\/lequotidien.mr\/?p=2439&lang=fr","url":"https:\/\/lequotidien.mr\/?p=2439&lang=fr","name":"Le Pr\u00e9sident de la R\u00e9publique donne instruction pour la cr\u00e9ation d\u2019un fonds social pour les cas humanitaires - Le Quotidien de Nouakchott","isPartOf":{"@id":"https:\/\/lequotidien.mr\/#website"},"primaryImageOfPage":{"@id":"https:\/\/lequotidien.mr\/?p=2439&lang=fr#primaryimage"},"image":{"@id":"https:\/\/lequotidien.mr\/?p=2439&lang=fr#primaryimage"},"thumbnailUrl":"https:\/\/lequotidien.mr\/wp-content\/uploads\/2022\/12\/ghaz_s002_750x430.jpg","datePublished":"2022-12-27T20:50:25+00:00","breadcrumb":{"@id":"https:\/\/lequotidien.mr\/?p=2439&lang=fr#breadcrumb"},"inLanguage":"ar","potentialAction":[{"@type":"ReadAction","target":["https:\/\/lequotidien.mr\/?p=2439&lang=fr"]}]},{"@type":"ImageObject","inLanguage":"ar","@id":"https:\/\/lequotidien.mr\/?p=2439&lang=fr#primaryimage","url":"https:\/\/lequotidien.mr\/wp-content\/uploads\/2022\/12\/ghaz_s002_750x430.jpg","contentUrl":"https:\/\/lequotidien.mr\/wp-content\/uploads\/2022\/12\/ghaz_s002_750x430.jpg","width":630,"height":430},{"@type":"BreadcrumbList","@id":"https:\/\/lequotidien.mr\/?p=2439&lang=fr#breadcrumb","itemListElement":[{"@type":"ListItem","position":1,"name":"Home","item":"https:\/\/lequotidien.mr\/"},{"@type":"ListItem","position":2,"name":"Le Pr\u00e9sident de la R\u00e9publique donne instruction pour la cr\u00e9ation d\u2019un fonds social pour les cas humanitaires"}]},{"@type":"WebSite","@id":"https:\/\/lequotidien.mr\/#website","url":"https:\/\/lequotidien.mr\/","name":"Le Quotidien de Nouakchott","description":"\u0625\u062e\u0628\u0627\u0631\u064a\u0629 \u0645\u0633\u062a\u0642\u0644\u0629 \u0644\u0644\u0623\u0646\u0628\u0627\u0621 \u0627\u0644\u0639\u0627\u0645\u0629","publisher":{"@id":"https:\/\/lequotidien.mr\/#organization"},"potentialAction":[{"@type":"SearchAction","target":{"@type":"EntryPoint","urlTemplate":"https:\/\/lequotidien.mr\/?s={search_term_string}"},"query-input":{"@type":"PropertyValueSpecification","valueRequired":true,"valueName":"search_term_string"}}],"inLanguage":"ar"},{"@type":"Organization","@id":"https:\/\/lequotidien.mr\/#organization","name":"Le Quotidien de Nouakchott","url":"https:\/\/lequotidien.mr\/","logo":{"@type":"ImageObject","inLanguage":"ar","@id":"https:\/\/lequotidien.mr\/#\/schema\/logo\/image\/","url":"https:\/\/lequotidien.mr\/wp-content\/uploads\/2022\/11\/logolequotidien.jpg","contentUrl":"https:\/\/lequotidien.mr\/wp-content\/uploads\/2022\/11\/logolequotidien.jpg","width":290,"height":65,"caption":"Le Quotidien de Nouakchott"},"image":{"@id":"https:\/\/lequotidien.mr\/#\/schema\/logo\/image\/"},"sameAs":["https:\/\/web.facebook.com\/lequotidienmr","https:\/\/x.com\/lequotidienmr"]},{"@type":"Person","@id":"https:\/\/lequotidien.mr\/#\/schema\/person\/1077c8abd5640a6514b909318d271dee","name":"Gayi Diawara","image":{"@type":"ImageObject","inLanguage":"ar","@id":"https:\/\/secure.gravatar.com\/avatar\/63ea8db1e19a6d2d608b24c0f78b5f3a7d6e0bc11959fec273410af333e4d0ac?s=96&d=mm&r=g","url":"https:\/\/secure.gravatar.com\/avatar\/63ea8db1e19a6d2d608b24c0f78b5f3a7d6e0bc11959fec273410af333e4d0ac?s=96&d=mm&r=g","contentUrl":"https:\/\/secure.gravatar.com\/avatar\/63ea8db1e19a6d2d608b24c0f78b5f3a7d6e0bc11959fec273410af333e4d0ac?s=96&d=mm&r=g","caption":"Gayi Diawara"},"sameAs":["http:\/\/lequotidien.mr"],"url":"https:\/\/lequotidien.mr\/?author=5"}]}},"_links":{"self":[{"href":"https:\/\/lequotidien.mr\/index.php?rest_route=\/wp\/v2\/posts\/2439","targetHints":{"allow":["GET"]}}],"collection":[{"href":"https:\/\/lequotidien.mr\/index.php?rest_route=\/wp\/v2\/posts"}],"about":[{"href":"https:\/\/lequotidien.mr\/index.php?rest_route=\/wp\/v2\/types\/post"}],"author":[{"embeddable":true,"href":"https:\/\/lequotidien.mr\/index.php?rest_route=\/wp\/v2\/users\/5"}],"replies":[{"embeddable":true,"href":"https:\/\/lequotidien.mr\/index.php?rest_route=%2Fwp%2Fv2%2Fcomments&post=2439"}],"version-history":[{"count":1,"href":"https:\/\/lequotidien.mr\/index.php?rest_route=\/wp\/v2\/posts\/2439\/revisions"}],"predecessor-version":[{"id":2441,"href":"https:\/\/lequotidien.mr\/index.php?rest_route=\/wp\/v2\/posts\/2439\/revisions\/2441"}],"wp:featuredmedia":[{"embeddable":true,"href":"https:\/\/lequotidien.mr\/index.php?rest_route=\/wp\/v2\/media\/2440"}],"wp:attachment":[{"href":"https:\/\/lequotidien.mr\/index.php?rest_route=%2Fwp%2Fv2%2Fmedia&parent=2439"}],"wp:term":[{"taxonomy":"category","embeddable":true,"href":"https:\/\/lequotidien.mr\/index.php?rest_route=%2Fwp%2Fv2%2Fcategories&post=2439"},{"taxonomy":"post_tag","embeddable":true,"href":"https:\/\/lequotidien.mr\/index.php?rest_route=%2Fwp%2Fv2%2Ftags&post=2439"}],"curies":[{"name":"wp","href":"https:\/\/api.w.org\/{rel}","templated":true}]}}