{"id":24387,"date":"2025-01-10T09:11:33","date_gmt":"2025-01-10T09:11:33","guid":{"rendered":"https:\/\/lequotidien.mr\/?p=24387"},"modified":"2025-01-10T09:11:33","modified_gmt":"2025-01-10T09:11:33","slug":"commemoration-du-60%e1%b5%89-anniversaire-de-la-revolution-palestinienne-a-luniversite-de-nouakchott-un-appel-a-la-solidarite-en-pleine-crise-humanitaire","status":"publish","type":"post","link":"https:\/\/lequotidien.mr\/?p=24387&lang=fr","title":{"rendered":"Comm\u00e9moration du 60\u1d49 anniversaire de la r\u00e9volution palestinienne \u00e0 l\u2019Universit\u00e9 de Nouakchott : Un appel \u00e0 la solidarit\u00e9 en pleine crise humanitaire"},"content":{"rendered":"<p>L\u2019Union g\u00e9n\u00e9rale des \u00c9tudiants mauritaniens, en coop\u00e9ration avec l\u2019Union g\u00e9n\u00e9rale des \u00c9tudiants palestiniens, a organis\u00e9, jeudi dernier, \u00e0 l\u2019Universit\u00e9 de Nouakchott, une c\u00e9r\u00e9monie marquant le 60\u1d49 anniversaire de la r\u00e9volution palestinienne. Cet \u00e9v\u00e9nement symbolique s\u2019est tenu alors que la bande de Gaza et le sud du Liban subissent de violents bombardements de la part de l\u2019entit\u00e9 sioniste. La c\u00e9r\u00e9monie a \u00e9galement \u00e9t\u00e9 marqu\u00e9e par la d\u00e9nonciation des crimes de guerre imput\u00e9s \u00e0 Benjamin Netanyahou et Yoav Gallant, pour lesquels la Cour p\u00e9nale internationale a r\u00e9cemment \u00e9mis des mandats d\u2019arr\u00eat.<\/p>\n<p><strong>Des relations historiques mises en lumi\u00e8re<\/strong><\/p>\n<p>Lors de son intervention, Dr. Salem Abidine, doyen de la Facult\u00e9 des Sciences Juridiques et \u00c9conomiques, a exprim\u00e9 sa fiert\u00e9 de voir l\u2019Universit\u00e9 de Nouakchott accueillir cette comm\u00e9moration. Il a soulign\u00e9 la profondeur des relations historiques entre la Mauritanie et la Palestine, rappelant que la cause palestinienne occupe une place particuli\u00e8re dans le c\u0153ur du peuple mauritanien.<\/p>\n<p>L\u2019ambassadeur de Palestine, Dr. Mohamed El Assaad, pr\u00e9sent \u00e0 la c\u00e9r\u00e9monie, a rendu un vibrant hommage au peuple mauritanien et au gouvernement sous la direction du Pr\u00e9sident Mohamed Cheikh El Ghazouani. Il a salu\u00e9 la position ferme et solidaire de la Mauritanie envers la lutte du peuple palestinien, une cause que Nouakchott n\u2019a cess\u00e9 de soutenir sur la sc\u00e8ne internationale.<\/p>\n<p><strong>Renforcer les liens et la solidarit\u00e9<\/strong><\/p>\n<p>M. Touhamy, pr\u00e9sident de l\u2019Union g\u00e9n\u00e9rale des \u00c9tudiants mauritaniens, a insist\u00e9 sur l\u2019importance de cette rencontre pour renforcer les liens fraternels entre les \u00e9tudiants des deux pays. \u00ab Cette comm\u00e9moration refl\u00e8te la profondeur des relations historiques et culturelles entre nos deux peuples fr\u00e8res. Elle t\u00e9moigne aussi de la place centrale qu\u2019occupe la cause palestinienne dans le c\u0153ur des Mauritaniens \u00bb, a-t-il d\u00e9clar\u00e9.<\/p>\n<p>Il a \u00e9galement r\u00e9affirm\u00e9 le soutien ind\u00e9fectible de l\u2019Union \u00e0 la cause palestinienne et son engagement \u00e0 d\u00e9fendre des causes justes tout en \u0153uvrant pour le renforcement de la coop\u00e9ration entre la Mauritanie et la Palestine.<\/p>\n<p><strong>Un contexte marqu\u00e9 par des violences intensifi\u00e9es<\/strong><\/p>\n<p>La comm\u00e9moration s\u2019est d\u00e9roul\u00e9e dans un contexte particuli\u00e8rement tragique, alors que Gaza est en proie \u00e0 des attaques incessantes de l\u2019arm\u00e9e isra\u00e9lienne, causant des centaines de pertes humaines et des destructions massives. Le sud du Liban, \u00e9galement frapp\u00e9, subit les r\u00e9percussions de cette escalade de violence.<\/p>\n<p>Ces \u00e9v\u00e9nements surviennent alors que la Cour p\u00e9nale internationale a officiellement accus\u00e9 le Premier ministre isra\u00e9lien Benjamin Netanyahou et l\u2019ancien ministre de la D\u00e9fense Yoav Gallant de crimes de guerre et de crimes contre l\u2019humanit\u00e9 dans la bande de Gaza. Ces accusations, largement salu\u00e9es par les d\u00e9fenseurs des droits humains, ont \u00e9t\u00e9 \u00e9voqu\u00e9es lors de la c\u00e9r\u00e9monie comme un signe de justice \u00e0 venir pour le peuple palestinien.<\/p>\n<p>L\u2019\u00e9v\u00e9nement a servi non seulement \u00e0 honorer la m\u00e9moire des sacrifices du peuple palestinien au cours des six derni\u00e8res d\u00e9cennies, mais \u00e9galement \u00e0 r\u00e9affirmer l\u2019engagement de la Mauritanie envers une paix juste et durable au Moyen-Orient.<\/p>\n<p>Cette comm\u00e9moration en finalit\u00e9, a mis en lumi\u00e8re l\u2019importance de la solidarit\u00e9 internationale face aux injustices et rappel\u00e9 que la cause palestinienne reste une priorit\u00e9 pour la Mauritanie. Les participants ont appel\u00e9 \u00e0 une mobilisation accrue pour mettre fin aux violences et d\u00e9fendre les droits inali\u00e9nables du peuple palestinien.<\/p>\n","protected":false},"excerpt":{"rendered":"<p>L\u2019Union g\u00e9n\u00e9rale des \u00c9tudiants mauritaniens, en coop\u00e9ration avec l\u2019Union g\u00e9n\u00e9rale des \u00c9tudiants palestiniens, a organis\u00e9, jeudi dernier, \u00e0 l\u2019Universit\u00e9 de Nouakchott, une c\u00e9r\u00e9monie marquant le 60\u1d49 anniversaire de la r\u00e9volution palestinienne. Cet \u00e9v\u00e9nement symbolique s\u2019est tenu alors que la bande de Gaza et le sud du Liban subissent de violents bombardements de la part de&#8230;..<\/p>\n","protected":false},"author":12,"featured_media":24388,"comment_status":"open","ping_status":"open","sticky":false,"template":"","format":"standard","meta":{"footnotes":""},"categories":[23,55],"tags":[],"class_list":["post-24387","post","type-post","status-publish","format-standard","has-post-thumbnail","hentry","category-actualite","category-culture"],"yoast_head":"<!-- This site is optimized with the Yoast SEO plugin v27.5 - https:\/\/yoast.com\/product\/yoast-seo-wordpress\/ -->\n<title>Comm\u00e9moration du 60\u1d49 anniversaire de la r\u00e9volution palestinienne \u00e0 l\u2019Universit\u00e9 de Nouakchott : Un appel \u00e0 la solidarit\u00e9 en pleine crise humanitaire - Le Quotidien de Nouakchott<\/title>\n<meta name=\"robots\" content=\"index, follow, max-snippet:-1, max-image-preview:large, max-video-preview:-1\" \/>\n<link rel=\"canonical\" href=\"https:\/\/lequotidien.mr\/?p=24387&lang=fr\" \/>\n<meta property=\"og:locale\" content=\"ar_AR\" \/>\n<meta property=\"og:type\" content=\"article\" \/>\n<meta property=\"og:title\" content=\"Comm\u00e9moration du 60\u1d49 anniversaire de la r\u00e9volution palestinienne \u00e0 l\u2019Universit\u00e9 de Nouakchott : Un appel \u00e0 la solidarit\u00e9 en pleine crise humanitaire - Le Quotidien de Nouakchott\" \/>\n<meta property=\"og:description\" content=\"L\u2019Union g\u00e9n\u00e9rale des \u00c9tudiants mauritaniens, en coop\u00e9ration avec l\u2019Union g\u00e9n\u00e9rale des \u00c9tudiants palestiniens, a organis\u00e9, jeudi dernier, \u00e0 l\u2019Universit\u00e9 de Nouakchott, une c\u00e9r\u00e9monie marquant le 60\u1d49 anniversaire de la r\u00e9volution palestinienne. Cet \u00e9v\u00e9nement symbolique s\u2019est tenu alors que la bande de Gaza et le sud du Liban subissent de violents bombardements de la part de.....\" \/>\n<meta property=\"og:url\" content=\"https:\/\/lequotidien.mr\/?p=24387&amp;lang=fr\" \/>\n<meta property=\"og:site_name\" content=\"Le Quotidien de Nouakchott\" \/>\n<meta property=\"article:publisher\" content=\"https:\/\/web.facebook.com\/lequotidienmr\" \/>\n<meta property=\"article:published_time\" content=\"2025-01-10T09:11:33+00:00\" \/>\n<meta property=\"og:image\" content=\"https:\/\/lequotidien.mr\/wp-content\/uploads\/2025\/01\/photo-commomeration-revolution-palestinienne.jpg\" \/>\n\t<meta property=\"og:image:width\" content=\"640\" \/>\n\t<meta property=\"og:image:height\" content=\"351\" \/>\n\t<meta property=\"og:image:type\" content=\"image\/jpeg\" \/>\n<meta name=\"author\" content=\"Med Ahmed\" \/>\n<meta name=\"twitter:card\" content=\"summary_large_image\" \/>\n<meta name=\"twitter:creator\" content=\"@lequotidienmr\" \/>\n<meta name=\"twitter:site\" content=\"@lequotidienmr\" \/>\n<meta name=\"twitter:label1\" content=\"\u0643\u064f\u062a\u0628 \u0628\u0648\u0627\u0633\u0637\u0629\" \/>\n\t<meta name=\"twitter:data1\" content=\"Med Ahmed\" \/>\n\t<meta name=\"twitter:label2\" content=\"\u0648\u0642\u062a \u0627\u0644\u0642\u0631\u0627\u0621\u0629 \u0627\u0644\u0645\u064f\u0642\u062f\u0651\u0631\" \/>\n\t<meta name=\"twitter:data2\" content=\"3 \u062f\u0642\u0627\u0626\u0642\" \/>\n<script type=\"application\/ld+json\" class=\"yoast-schema-graph\">{\"@context\":\"https:\\\/\\\/schema.org\",\"@graph\":[{\"@type\":\"Article\",\"@id\":\"https:\\\/\\\/lequotidien.mr\\\/?p=24387&lang=fr#article\",\"isPartOf\":{\"@id\":\"https:\\\/\\\/lequotidien.mr\\\/?p=24387&lang=fr\"},\"author\":{\"name\":\"Med Ahmed\",\"@id\":\"https:\\\/\\\/lequotidien.mr\\\/#\\\/schema\\\/person\\\/d2d350202a4d599685ed8abc25f97596\"},\"headline\":\"Comm\u00e9moration du 60\u1d49 anniversaire de la r\u00e9volution palestinienne \u00e0 l\u2019Universit\u00e9 de Nouakchott : Un appel \u00e0 la solidarit\u00e9 en pleine crise humanitaire\",\"datePublished\":\"2025-01-10T09:11:33+00:00\",\"mainEntityOfPage\":{\"@id\":\"https:\\\/\\\/lequotidien.mr\\\/?p=24387&lang=fr\"},\"wordCount\":615,\"commentCount\":0,\"publisher\":{\"@id\":\"https:\\\/\\\/lequotidien.mr\\\/#organization\"},\"image\":{\"@id\":\"https:\\\/\\\/lequotidien.mr\\\/?p=24387&lang=fr#primaryimage\"},\"thumbnailUrl\":\"https:\\\/\\\/lequotidien.mr\\\/wp-content\\\/uploads\\\/2025\\\/01\\\/photo-commomeration-revolution-palestinienne.jpg\",\"articleSection\":[\"ACTUALIT\u00c9\",\"Culture\"],\"inLanguage\":\"ar\",\"potentialAction\":[{\"@type\":\"CommentAction\",\"name\":\"Comment\",\"target\":[\"https:\\\/\\\/lequotidien.mr\\\/?p=24387&lang=fr#respond\"]}]},{\"@type\":\"WebPage\",\"@id\":\"https:\\\/\\\/lequotidien.mr\\\/?p=24387&lang=fr\",\"url\":\"https:\\\/\\\/lequotidien.mr\\\/?p=24387&lang=fr\",\"name\":\"Comm\u00e9moration du 60\u1d49 anniversaire de la r\u00e9volution palestinienne \u00e0 l\u2019Universit\u00e9 de Nouakchott : Un appel \u00e0 la solidarit\u00e9 en pleine crise humanitaire - Le Quotidien de Nouakchott\",\"isPartOf\":{\"@id\":\"https:\\\/\\\/lequotidien.mr\\\/#website\"},\"primaryImageOfPage\":{\"@id\":\"https:\\\/\\\/lequotidien.mr\\\/?p=24387&lang=fr#primaryimage\"},\"image\":{\"@id\":\"https:\\\/\\\/lequotidien.mr\\\/?p=24387&lang=fr#primaryimage\"},\"thumbnailUrl\":\"https:\\\/\\\/lequotidien.mr\\\/wp-content\\\/uploads\\\/2025\\\/01\\\/photo-commomeration-revolution-palestinienne.jpg\",\"datePublished\":\"2025-01-10T09:11:33+00:00\",\"breadcrumb\":{\"@id\":\"https:\\\/\\\/lequotidien.mr\\\/?p=24387&lang=fr#breadcrumb\"},\"inLanguage\":\"ar\",\"potentialAction\":[{\"@type\":\"ReadAction\",\"target\":[\"https:\\\/\\\/lequotidien.mr\\\/?p=24387&lang=fr\"]}]},{\"@type\":\"ImageObject\",\"inLanguage\":\"ar\",\"@id\":\"https:\\\/\\\/lequotidien.mr\\\/?p=24387&lang=fr#primaryimage\",\"url\":\"https:\\\/\\\/lequotidien.mr\\\/wp-content\\\/uploads\\\/2025\\\/01\\\/photo-commomeration-revolution-palestinienne.jpg\",\"contentUrl\":\"https:\\\/\\\/lequotidien.mr\\\/wp-content\\\/uploads\\\/2025\\\/01\\\/photo-commomeration-revolution-palestinienne.jpg\",\"width\":640,\"height\":351},{\"@type\":\"BreadcrumbList\",\"@id\":\"https:\\\/\\\/lequotidien.mr\\\/?p=24387&lang=fr#breadcrumb\",\"itemListElement\":[{\"@type\":\"ListItem\",\"position\":1,\"name\":\"Home\",\"item\":\"https:\\\/\\\/lequotidien.mr\\\/\"},{\"@type\":\"ListItem\",\"position\":2,\"name\":\"Comm\u00e9moration du 60\u1d49 anniversaire de la r\u00e9volution palestinienne \u00e0 l\u2019Universit\u00e9 de Nouakchott : Un appel \u00e0 la solidarit\u00e9 en pleine crise humanitaire\"}]},{\"@type\":\"WebSite\",\"@id\":\"https:\\\/\\\/lequotidien.mr\\\/#website\",\"url\":\"https:\\\/\\\/lequotidien.mr\\\/\",\"name\":\"Le Quotidien de Nouakchott\",\"description\":\"\u0625\u062e\u0628\u0627\u0631\u064a\u0629 \u0645\u0633\u062a\u0642\u0644\u0629 \u0644\u0644\u0623\u0646\u0628\u0627\u0621 \u0627\u0644\u0639\u0627\u0645\u0629\",\"publisher\":{\"@id\":\"https:\\\/\\\/lequotidien.mr\\\/#organization\"},\"potentialAction\":[{\"@type\":\"SearchAction\",\"target\":{\"@type\":\"EntryPoint\",\"urlTemplate\":\"https:\\\/\\\/lequotidien.mr\\\/?s={search_term_string}\"},\"query-input\":{\"@type\":\"PropertyValueSpecification\",\"valueRequired\":true,\"valueName\":\"search_term_string\"}}],\"inLanguage\":\"ar\"},{\"@type\":\"Organization\",\"@id\":\"https:\\\/\\\/lequotidien.mr\\\/#organization\",\"name\":\"Le Quotidien de Nouakchott\",\"url\":\"https:\\\/\\\/lequotidien.mr\\\/\",\"logo\":{\"@type\":\"ImageObject\",\"inLanguage\":\"ar\",\"@id\":\"https:\\\/\\\/lequotidien.mr\\\/#\\\/schema\\\/logo\\\/image\\\/\",\"url\":\"https:\\\/\\\/lequotidien.mr\\\/wp-content\\\/uploads\\\/2022\\\/11\\\/logolequotidien.jpg\",\"contentUrl\":\"https:\\\/\\\/lequotidien.mr\\\/wp-content\\\/uploads\\\/2022\\\/11\\\/logolequotidien.jpg\",\"width\":290,\"height\":65,\"caption\":\"Le Quotidien de Nouakchott\"},\"image\":{\"@id\":\"https:\\\/\\\/lequotidien.mr\\\/#\\\/schema\\\/logo\\\/image\\\/\"},\"sameAs\":[\"https:\\\/\\\/web.facebook.com\\\/lequotidienmr\",\"https:\\\/\\\/x.com\\\/lequotidienmr\"]},{\"@type\":\"Person\",\"@id\":\"https:\\\/\\\/lequotidien.mr\\\/#\\\/schema\\\/person\\\/d2d350202a4d599685ed8abc25f97596\",\"name\":\"Med Ahmed\",\"image\":{\"@type\":\"ImageObject\",\"inLanguage\":\"ar\",\"@id\":\"https:\\\/\\\/secure.gravatar.com\\\/avatar\\\/fd2acc62ed50732923d1d39c17172c9b04149f142be92310ecc69e1358f94b52?s=96&d=mm&r=g\",\"url\":\"https:\\\/\\\/secure.gravatar.com\\\/avatar\\\/fd2acc62ed50732923d1d39c17172c9b04149f142be92310ecc69e1358f94b52?s=96&d=mm&r=g\",\"contentUrl\":\"https:\\\/\\\/secure.gravatar.com\\\/avatar\\\/fd2acc62ed50732923d1d39c17172c9b04149f142be92310ecc69e1358f94b52?s=96&d=mm&r=g\",\"caption\":\"Med Ahmed\"},\"url\":\"https:\\\/\\\/lequotidien.mr\\\/?author=12\"}]}<\/script>\n<!-- \/ Yoast SEO plugin. -->","yoast_head_json":{"title":"Comm\u00e9moration du 60\u1d49 anniversaire de la r\u00e9volution palestinienne \u00e0 l\u2019Universit\u00e9 de Nouakchott : Un appel \u00e0 la solidarit\u00e9 en pleine crise humanitaire - Le Quotidien de Nouakchott","robots":{"index":"index","follow":"follow","max-snippet":"max-snippet:-1","max-image-preview":"max-image-preview:large","max-video-preview":"max-video-preview:-1"},"canonical":"https:\/\/lequotidien.mr\/?p=24387&lang=fr","og_locale":"ar_AR","og_type":"article","og_title":"Comm\u00e9moration du 60\u1d49 anniversaire de la r\u00e9volution palestinienne \u00e0 l\u2019Universit\u00e9 de Nouakchott : Un appel \u00e0 la solidarit\u00e9 en pleine crise humanitaire - Le Quotidien de Nouakchott","og_description":"L\u2019Union g\u00e9n\u00e9rale des \u00c9tudiants mauritaniens, en coop\u00e9ration avec l\u2019Union g\u00e9n\u00e9rale des \u00c9tudiants palestiniens, a organis\u00e9, jeudi dernier, \u00e0 l\u2019Universit\u00e9 de Nouakchott, une c\u00e9r\u00e9monie marquant le 60\u1d49 anniversaire de la r\u00e9volution palestinienne. Cet \u00e9v\u00e9nement symbolique s\u2019est tenu alors que la bande de Gaza et le sud du Liban subissent de violents bombardements de la part de.....","og_url":"https:\/\/lequotidien.mr\/?p=24387&lang=fr","og_site_name":"Le Quotidien de Nouakchott","article_publisher":"https:\/\/web.facebook.com\/lequotidienmr","article_published_time":"2025-01-10T09:11:33+00:00","og_image":[{"width":640,"height":351,"url":"https:\/\/lequotidien.mr\/wp-content\/uploads\/2025\/01\/photo-commomeration-revolution-palestinienne.jpg","type":"image\/jpeg"}],"author":"Med Ahmed","twitter_card":"summary_large_image","twitter_creator":"@lequotidienmr","twitter_site":"@lequotidienmr","twitter_misc":{"\u0643\u064f\u062a\u0628 \u0628\u0648\u0627\u0633\u0637\u0629":"Med Ahmed","\u0648\u0642\u062a \u0627\u0644\u0642\u0631\u0627\u0621\u0629 \u0627\u0644\u0645\u064f\u0642\u062f\u0651\u0631":"3 \u062f\u0642\u0627\u0626\u0642"},"schema":{"@context":"https:\/\/schema.org","@graph":[{"@type":"Article","@id":"https:\/\/lequotidien.mr\/?p=24387&lang=fr#article","isPartOf":{"@id":"https:\/\/lequotidien.mr\/?p=24387&lang=fr"},"author":{"name":"Med Ahmed","@id":"https:\/\/lequotidien.mr\/#\/schema\/person\/d2d350202a4d599685ed8abc25f97596"},"headline":"Comm\u00e9moration du 60\u1d49 anniversaire de la r\u00e9volution palestinienne \u00e0 l\u2019Universit\u00e9 de Nouakchott : Un appel \u00e0 la solidarit\u00e9 en pleine crise humanitaire","datePublished":"2025-01-10T09:11:33+00:00","mainEntityOfPage":{"@id":"https:\/\/lequotidien.mr\/?p=24387&lang=fr"},"wordCount":615,"commentCount":0,"publisher":{"@id":"https:\/\/lequotidien.mr\/#organization"},"image":{"@id":"https:\/\/lequotidien.mr\/?p=24387&lang=fr#primaryimage"},"thumbnailUrl":"https:\/\/lequotidien.mr\/wp-content\/uploads\/2025\/01\/photo-commomeration-revolution-palestinienne.jpg","articleSection":["ACTUALIT\u00c9","Culture"],"inLanguage":"ar","potentialAction":[{"@type":"CommentAction","name":"Comment","target":["https:\/\/lequotidien.mr\/?p=24387&lang=fr#respond"]}]},{"@type":"WebPage","@id":"https:\/\/lequotidien.mr\/?p=24387&lang=fr","url":"https:\/\/lequotidien.mr\/?p=24387&lang=fr","name":"Comm\u00e9moration du 60\u1d49 anniversaire de la r\u00e9volution palestinienne \u00e0 l\u2019Universit\u00e9 de Nouakchott : Un appel \u00e0 la solidarit\u00e9 en pleine crise humanitaire - Le Quotidien de Nouakchott","isPartOf":{"@id":"https:\/\/lequotidien.mr\/#website"},"primaryImageOfPage":{"@id":"https:\/\/lequotidien.mr\/?p=24387&lang=fr#primaryimage"},"image":{"@id":"https:\/\/lequotidien.mr\/?p=24387&lang=fr#primaryimage"},"thumbnailUrl":"https:\/\/lequotidien.mr\/wp-content\/uploads\/2025\/01\/photo-commomeration-revolution-palestinienne.jpg","datePublished":"2025-01-10T09:11:33+00:00","breadcrumb":{"@id":"https:\/\/lequotidien.mr\/?p=24387&lang=fr#breadcrumb"},"inLanguage":"ar","potentialAction":[{"@type":"ReadAction","target":["https:\/\/lequotidien.mr\/?p=24387&lang=fr"]}]},{"@type":"ImageObject","inLanguage":"ar","@id":"https:\/\/lequotidien.mr\/?p=24387&lang=fr#primaryimage","url":"https:\/\/lequotidien.mr\/wp-content\/uploads\/2025\/01\/photo-commomeration-revolution-palestinienne.jpg","contentUrl":"https:\/\/lequotidien.mr\/wp-content\/uploads\/2025\/01\/photo-commomeration-revolution-palestinienne.jpg","width":640,"height":351},{"@type":"BreadcrumbList","@id":"https:\/\/lequotidien.mr\/?p=24387&lang=fr#breadcrumb","itemListElement":[{"@type":"ListItem","position":1,"name":"Home","item":"https:\/\/lequotidien.mr\/"},{"@type":"ListItem","position":2,"name":"Comm\u00e9moration du 60\u1d49 anniversaire de la r\u00e9volution palestinienne \u00e0 l\u2019Universit\u00e9 de Nouakchott : Un appel \u00e0 la solidarit\u00e9 en pleine crise humanitaire"}]},{"@type":"WebSite","@id":"https:\/\/lequotidien.mr\/#website","url":"https:\/\/lequotidien.mr\/","name":"Le Quotidien de Nouakchott","description":"\u0625\u062e\u0628\u0627\u0631\u064a\u0629 \u0645\u0633\u062a\u0642\u0644\u0629 \u0644\u0644\u0623\u0646\u0628\u0627\u0621 \u0627\u0644\u0639\u0627\u0645\u0629","publisher":{"@id":"https:\/\/lequotidien.mr\/#organization"},"potentialAction":[{"@type":"SearchAction","target":{"@type":"EntryPoint","urlTemplate":"https:\/\/lequotidien.mr\/?s={search_term_string}"},"query-input":{"@type":"PropertyValueSpecification","valueRequired":true,"valueName":"search_term_string"}}],"inLanguage":"ar"},{"@type":"Organization","@id":"https:\/\/lequotidien.mr\/#organization","name":"Le Quotidien de Nouakchott","url":"https:\/\/lequotidien.mr\/","logo":{"@type":"ImageObject","inLanguage":"ar","@id":"https:\/\/lequotidien.mr\/#\/schema\/logo\/image\/","url":"https:\/\/lequotidien.mr\/wp-content\/uploads\/2022\/11\/logolequotidien.jpg","contentUrl":"https:\/\/lequotidien.mr\/wp-content\/uploads\/2022\/11\/logolequotidien.jpg","width":290,"height":65,"caption":"Le Quotidien de Nouakchott"},"image":{"@id":"https:\/\/lequotidien.mr\/#\/schema\/logo\/image\/"},"sameAs":["https:\/\/web.facebook.com\/lequotidienmr","https:\/\/x.com\/lequotidienmr"]},{"@type":"Person","@id":"https:\/\/lequotidien.mr\/#\/schema\/person\/d2d350202a4d599685ed8abc25f97596","name":"Med Ahmed","image":{"@type":"ImageObject","inLanguage":"ar","@id":"https:\/\/secure.gravatar.com\/avatar\/fd2acc62ed50732923d1d39c17172c9b04149f142be92310ecc69e1358f94b52?s=96&d=mm&r=g","url":"https:\/\/secure.gravatar.com\/avatar\/fd2acc62ed50732923d1d39c17172c9b04149f142be92310ecc69e1358f94b52?s=96&d=mm&r=g","contentUrl":"https:\/\/secure.gravatar.com\/avatar\/fd2acc62ed50732923d1d39c17172c9b04149f142be92310ecc69e1358f94b52?s=96&d=mm&r=g","caption":"Med Ahmed"},"url":"https:\/\/lequotidien.mr\/?author=12"}]}},"_links":{"self":[{"href":"https:\/\/lequotidien.mr\/index.php?rest_route=\/wp\/v2\/posts\/24387","targetHints":{"allow":["GET"]}}],"collection":[{"href":"https:\/\/lequotidien.mr\/index.php?rest_route=\/wp\/v2\/posts"}],"about":[{"href":"https:\/\/lequotidien.mr\/index.php?rest_route=\/wp\/v2\/types\/post"}],"author":[{"embeddable":true,"href":"https:\/\/lequotidien.mr\/index.php?rest_route=\/wp\/v2\/users\/12"}],"replies":[{"embeddable":true,"href":"https:\/\/lequotidien.mr\/index.php?rest_route=%2Fwp%2Fv2%2Fcomments&post=24387"}],"version-history":[{"count":1,"href":"https:\/\/lequotidien.mr\/index.php?rest_route=\/wp\/v2\/posts\/24387\/revisions"}],"predecessor-version":[{"id":24389,"href":"https:\/\/lequotidien.mr\/index.php?rest_route=\/wp\/v2\/posts\/24387\/revisions\/24389"}],"wp:featuredmedia":[{"embeddable":true,"href":"https:\/\/lequotidien.mr\/index.php?rest_route=\/wp\/v2\/media\/24388"}],"wp:attachment":[{"href":"https:\/\/lequotidien.mr\/index.php?rest_route=%2Fwp%2Fv2%2Fmedia&parent=24387"}],"wp:term":[{"taxonomy":"category","embeddable":true,"href":"https:\/\/lequotidien.mr\/index.php?rest_route=%2Fwp%2Fv2%2Fcategories&post=24387"},{"taxonomy":"post_tag","embeddable":true,"href":"https:\/\/lequotidien.mr\/index.php?rest_route=%2Fwp%2Fv2%2Ftags&post=24387"}],"curies":[{"name":"wp","href":"https:\/\/api.w.org\/{rel}","templated":true}]}}