{"id":24356,"date":"2025-01-09T10:27:12","date_gmt":"2025-01-09T10:27:12","guid":{"rendered":"https:\/\/lequotidien.mr\/?p=24356"},"modified":"2025-01-09T10:27:12","modified_gmt":"2025-01-09T10:27:12","slug":"le-rallye-africa-eco-race-en-mauritanie-un-levier-pour-la-visibilite-et-la-stabilite-du-pays-dans-un-sahel-perturbe","status":"publish","type":"post","link":"https:\/\/lequotidien.mr\/?p=24356&lang=fr","title":{"rendered":"Le Rallye Africa Eco-Race en Mauritanie : Un levier pour la visibilit\u00e9 et la stabilit\u00e9 du pays dans un Sahel perturb\u00e9"},"content":{"rendered":"<p>Le prestigieux rallye <strong>Africa Eco-Race<\/strong> a fait une entr\u00e9e remarqu\u00e9e en Mauritanie, arrivant mardi soir dans la ville d\u2019<strong>Atar<\/strong>, au c\u0153ur de l\u2019Adrar. Cet \u00e9v\u00e9nement d\u2019envergure internationale r\u00e9unit plus de <strong>500 participants<\/strong> repr\u00e9sentant <strong>30 nationalit\u00e9s<\/strong>, avec une impressionnante flotte de <strong>100 voitures<\/strong>, <strong>60 camions<\/strong>, <strong>30 motos<\/strong> et <strong>trois h\u00e9licopt\u00e8res<\/strong>.<\/p>\n<p>Pendant trois jours, les participants exploreront les paysages uniques du nord mauritanien, caract\u00e9ris\u00e9s par des <strong>dunes de sable infinies<\/strong> et des <strong>cha\u00eenes montagneuses escarp\u00e9es<\/strong>, offrant un cadre exceptionnel pour ce d\u00e9fi sportif.<\/p>\n<p><strong>Une vitrine de la stabilit\u00e9 mauritanienne dans une r\u00e9gion fragile<\/strong><\/p>\n<p>Dans un Sahel souvent associ\u00e9 \u00e0 l\u2019instabilit\u00e9 et \u00e0 l\u2019ins\u00e9curit\u00e9, la Mauritanie se distingue comme un mod\u00e8le de stabilit\u00e9 politique et sociale. La tenue de l\u2019Africa Eco-Race sur son territoire renforce cette image, mettant en lumi\u00e8re l\u2019efficacit\u00e9 des autorit\u00e9s mauritaniennes dans la s\u00e9curisation de l\u2019\u00e9v\u00e9nement.<\/p>\n<p>Ce rallye est \u00e9galement une occasion de montrer au monde que la Mauritanie est un <strong>pays s\u00fbr<\/strong> et accueillant, capable de g\u00e9rer des manifestations internationales de grande envergure, contribuant ainsi \u00e0 renforcer sa visibilit\u00e9 sur la sc\u00e8ne mondiale.<\/p>\n<p><strong>Un moteur pour le tourisme et l\u2019\u00e9conomie locale<\/strong><\/p>\n<p>Dans une d\u00e9claration \u00e0 la presse, <strong>Sid Ahmed Mennat<\/strong>, maire de Tawaz, a salu\u00e9 le soutien du Pr\u00e9sident de la R\u00e9publique<strong>, Mohamed Cheikh El Ghazouani<\/strong>, pour la promotion du tourisme en Mauritanie, et particuli\u00e8rement dans l\u2019Adrar. Il a soulign\u00e9 que la <strong>diversit\u00e9 des paysages<\/strong> mauritaniens, de ses <strong>vastes d\u00e9serts<\/strong> \u00e0 ses <strong>zones montagneuses<\/strong>, constitue une richesse qui attire les touristes du monde entier.<\/p>\n<p>Le s\u00e9jour prolong\u00e9 des participants au rallye dans la r\u00e9gion d\u2019Atar est une aubaine pour les acteurs \u00e9conomiques locaux :<\/p>\n<p><strong>&#8211;<\/strong>Les artisans traditionnels b\u00e9n\u00e9ficient d\u2019une demande accrue pour leurs produits;<\/p>\n<p><strong>&#8211;<\/strong>Les prestataires de services, notamment dans l\u2019h\u00f4tellerie et la restauration, voient leurs activit\u00e9s s\u2019intensifier;<\/p>\n<p><strong>&#8211;<\/strong>Les retomb\u00e9es \u00e9conomiques touchent \u00e9galement les petites entreprises et les transporteurs locaux.<\/p>\n<p><strong>Un appel \u00e0 l\u2019hospitalit\u00e9 et au respect des valeurs<\/strong><\/p>\n<p>Le maire a appel\u00e9 les habitants \u00e0 mettre en avant l\u2019hospitalit\u00e9 l\u00e9gendaire de la Mauritanie, en accueillant les visiteurs avec <strong>g\u00e9n\u00e9rosit\u00e9 et bienveillance<\/strong>. Il a insist\u00e9 sur l\u2019importance de respecter les valeurs, coutumes et traditions locales, tout en offrant une exp\u00e9rience m\u00e9morable aux h\u00f4tes internationaux.<\/p>\n<p>Pour le wali de l\u2019Adrar, <strong>Abdallahi Mohamed Mahmoud<\/strong>, cet \u00e9v\u00e9nement marque un tournant dans la <strong>relance du secteur touristique local<\/strong>. La r\u00e9gion, riche en potentialit\u00e9s, se positionne comme une destination incontournable pour les amateurs d\u2019aventure et de d\u00e9couvertes.<\/p>\n<p>L\u2019Africa Eco-Race ne se limite pas \u00e0 une comp\u00e9tition sportive : il devient un outil strat\u00e9gique pour promouvoir la Mauritanie comme une destination s\u00e9curis\u00e9e, attrayante et ouverte au monde.<\/p>\n<p>La Mauritanie, gr\u00e2ce \u00e0 son engagement s\u00e9curitaire et \u00e0 ses paysages spectaculaires, transforme chaque \u00e9tape de l\u2019Africa Eco-Race en une opportunit\u00e9 de montrer son potentiel touristique et \u00e9conomique. Dans un Sahel en qu\u00eate de stabilit\u00e9, le pays prouve qu\u2019il est possible de conjuguer d\u00e9veloppement local, s\u00e9curit\u00e9 et attractivit\u00e9 internationale.<\/p>\n","protected":false},"excerpt":{"rendered":"<p>Le prestigieux rallye Africa Eco-Race a fait une entr\u00e9e remarqu\u00e9e en Mauritanie, arrivant mardi soir dans la ville d\u2019Atar, au c\u0153ur de l\u2019Adrar. Cet \u00e9v\u00e9nement d\u2019envergure internationale r\u00e9unit plus de 500 participants repr\u00e9sentant 30 nationalit\u00e9s, avec une impressionnante flotte de 100 voitures, 60 camions, 30 motos et trois h\u00e9licopt\u00e8res. Pendant trois jours, les participants exploreront&#8230;..<\/p>\n","protected":false},"author":12,"featured_media":24357,"comment_status":"open","ping_status":"open","sticky":false,"template":"","format":"standard","meta":{"footnotes":""},"categories":[23,49,55],"tags":[],"class_list":["post-24356","post","type-post","status-publish","format-standard","has-post-thumbnail","hentry","category-actualite","category-economie","category-culture"],"yoast_head":"<!-- This site is optimized with the Yoast SEO plugin v27.5 - https:\/\/yoast.com\/product\/yoast-seo-wordpress\/ -->\n<title>Le Rallye Africa Eco-Race en Mauritanie : Un levier pour la visibilit\u00e9 et la stabilit\u00e9 du pays dans un Sahel perturb\u00e9 - Le Quotidien de Nouakchott<\/title>\n<meta name=\"robots\" content=\"index, follow, max-snippet:-1, max-image-preview:large, max-video-preview:-1\" \/>\n<link rel=\"canonical\" href=\"https:\/\/lequotidien.mr\/?p=24356&lang=fr\" \/>\n<meta property=\"og:locale\" content=\"ar_AR\" \/>\n<meta property=\"og:type\" content=\"article\" \/>\n<meta property=\"og:title\" content=\"Le Rallye Africa Eco-Race en Mauritanie : Un levier pour la visibilit\u00e9 et la stabilit\u00e9 du pays dans un Sahel perturb\u00e9 - Le Quotidien de Nouakchott\" \/>\n<meta property=\"og:description\" content=\"Le prestigieux rallye Africa Eco-Race a fait une entr\u00e9e remarqu\u00e9e en Mauritanie, arrivant mardi soir dans la ville d\u2019Atar, au c\u0153ur de l\u2019Adrar. Cet \u00e9v\u00e9nement d\u2019envergure internationale r\u00e9unit plus de 500 participants repr\u00e9sentant 30 nationalit\u00e9s, avec une impressionnante flotte de 100 voitures, 60 camions, 30 motos et trois h\u00e9licopt\u00e8res. Pendant trois jours, les participants exploreront.....\" \/>\n<meta property=\"og:url\" content=\"https:\/\/lequotidien.mr\/?p=24356&amp;lang=fr\" \/>\n<meta property=\"og:site_name\" content=\"Le Quotidien de Nouakchott\" \/>\n<meta property=\"article:publisher\" content=\"https:\/\/web.facebook.com\/lequotidienmr\" \/>\n<meta property=\"article:published_time\" content=\"2025-01-09T10:27:12+00:00\" \/>\n<meta property=\"og:image\" content=\"https:\/\/lequotidien.mr\/wp-content\/uploads\/2025\/01\/photo-Rallye-Atar.jpg\" \/>\n\t<meta property=\"og:image:width\" content=\"800\" \/>\n\t<meta property=\"og:image:height\" content=\"479\" \/>\n\t<meta property=\"og:image:type\" content=\"image\/jpeg\" \/>\n<meta name=\"author\" content=\"Med Ahmed\" \/>\n<meta name=\"twitter:card\" content=\"summary_large_image\" \/>\n<meta name=\"twitter:creator\" content=\"@lequotidienmr\" \/>\n<meta name=\"twitter:site\" content=\"@lequotidienmr\" \/>\n<meta name=\"twitter:label1\" content=\"\u0643\u064f\u062a\u0628 \u0628\u0648\u0627\u0633\u0637\u0629\" \/>\n\t<meta name=\"twitter:data1\" content=\"Med Ahmed\" \/>\n\t<meta name=\"twitter:label2\" content=\"\u0648\u0642\u062a \u0627\u0644\u0642\u0631\u0627\u0621\u0629 \u0627\u0644\u0645\u064f\u0642\u062f\u0651\u0631\" \/>\n\t<meta name=\"twitter:data2\" content=\"3 \u062f\u0642\u0627\u0626\u0642\" \/>\n<script type=\"application\/ld+json\" class=\"yoast-schema-graph\">{\"@context\":\"https:\\\/\\\/schema.org\",\"@graph\":[{\"@type\":\"Article\",\"@id\":\"https:\\\/\\\/lequotidien.mr\\\/?p=24356&lang=fr#article\",\"isPartOf\":{\"@id\":\"https:\\\/\\\/lequotidien.mr\\\/?p=24356&lang=fr\"},\"author\":{\"name\":\"Med Ahmed\",\"@id\":\"https:\\\/\\\/lequotidien.mr\\\/#\\\/schema\\\/person\\\/d2d350202a4d599685ed8abc25f97596\"},\"headline\":\"Le Rallye Africa Eco-Race en Mauritanie : Un levier pour la visibilit\u00e9 et la stabilit\u00e9 du pays dans un Sahel perturb\u00e9\",\"datePublished\":\"2025-01-09T10:27:12+00:00\",\"mainEntityOfPage\":{\"@id\":\"https:\\\/\\\/lequotidien.mr\\\/?p=24356&lang=fr\"},\"wordCount\":551,\"commentCount\":0,\"publisher\":{\"@id\":\"https:\\\/\\\/lequotidien.mr\\\/#organization\"},\"image\":{\"@id\":\"https:\\\/\\\/lequotidien.mr\\\/?p=24356&lang=fr#primaryimage\"},\"thumbnailUrl\":\"https:\\\/\\\/lequotidien.mr\\\/wp-content\\\/uploads\\\/2025\\\/01\\\/photo-Rallye-Atar.jpg\",\"articleSection\":[\"ACTUALIT\u00c9\",\"Economie\",\"Culture\"],\"inLanguage\":\"ar\",\"potentialAction\":[{\"@type\":\"CommentAction\",\"name\":\"Comment\",\"target\":[\"https:\\\/\\\/lequotidien.mr\\\/?p=24356&lang=fr#respond\"]}]},{\"@type\":\"WebPage\",\"@id\":\"https:\\\/\\\/lequotidien.mr\\\/?p=24356&lang=fr\",\"url\":\"https:\\\/\\\/lequotidien.mr\\\/?p=24356&lang=fr\",\"name\":\"Le Rallye Africa Eco-Race en Mauritanie : Un levier pour la visibilit\u00e9 et la stabilit\u00e9 du pays dans un Sahel perturb\u00e9 - Le Quotidien de Nouakchott\",\"isPartOf\":{\"@id\":\"https:\\\/\\\/lequotidien.mr\\\/#website\"},\"primaryImageOfPage\":{\"@id\":\"https:\\\/\\\/lequotidien.mr\\\/?p=24356&lang=fr#primaryimage\"},\"image\":{\"@id\":\"https:\\\/\\\/lequotidien.mr\\\/?p=24356&lang=fr#primaryimage\"},\"thumbnailUrl\":\"https:\\\/\\\/lequotidien.mr\\\/wp-content\\\/uploads\\\/2025\\\/01\\\/photo-Rallye-Atar.jpg\",\"datePublished\":\"2025-01-09T10:27:12+00:00\",\"breadcrumb\":{\"@id\":\"https:\\\/\\\/lequotidien.mr\\\/?p=24356&lang=fr#breadcrumb\"},\"inLanguage\":\"ar\",\"potentialAction\":[{\"@type\":\"ReadAction\",\"target\":[\"https:\\\/\\\/lequotidien.mr\\\/?p=24356&lang=fr\"]}]},{\"@type\":\"ImageObject\",\"inLanguage\":\"ar\",\"@id\":\"https:\\\/\\\/lequotidien.mr\\\/?p=24356&lang=fr#primaryimage\",\"url\":\"https:\\\/\\\/lequotidien.mr\\\/wp-content\\\/uploads\\\/2025\\\/01\\\/photo-Rallye-Atar.jpg\",\"contentUrl\":\"https:\\\/\\\/lequotidien.mr\\\/wp-content\\\/uploads\\\/2025\\\/01\\\/photo-Rallye-Atar.jpg\",\"width\":800,\"height\":479},{\"@type\":\"BreadcrumbList\",\"@id\":\"https:\\\/\\\/lequotidien.mr\\\/?p=24356&lang=fr#breadcrumb\",\"itemListElement\":[{\"@type\":\"ListItem\",\"position\":1,\"name\":\"Home\",\"item\":\"https:\\\/\\\/lequotidien.mr\\\/\"},{\"@type\":\"ListItem\",\"position\":2,\"name\":\"Le Rallye Africa Eco-Race en Mauritanie : Un levier pour la visibilit\u00e9 et la stabilit\u00e9 du pays dans un Sahel perturb\u00e9\"}]},{\"@type\":\"WebSite\",\"@id\":\"https:\\\/\\\/lequotidien.mr\\\/#website\",\"url\":\"https:\\\/\\\/lequotidien.mr\\\/\",\"name\":\"Le Quotidien de Nouakchott\",\"description\":\"\u0625\u062e\u0628\u0627\u0631\u064a\u0629 \u0645\u0633\u062a\u0642\u0644\u0629 \u0644\u0644\u0623\u0646\u0628\u0627\u0621 \u0627\u0644\u0639\u0627\u0645\u0629\",\"publisher\":{\"@id\":\"https:\\\/\\\/lequotidien.mr\\\/#organization\"},\"potentialAction\":[{\"@type\":\"SearchAction\",\"target\":{\"@type\":\"EntryPoint\",\"urlTemplate\":\"https:\\\/\\\/lequotidien.mr\\\/?s={search_term_string}\"},\"query-input\":{\"@type\":\"PropertyValueSpecification\",\"valueRequired\":true,\"valueName\":\"search_term_string\"}}],\"inLanguage\":\"ar\"},{\"@type\":\"Organization\",\"@id\":\"https:\\\/\\\/lequotidien.mr\\\/#organization\",\"name\":\"Le Quotidien de Nouakchott\",\"url\":\"https:\\\/\\\/lequotidien.mr\\\/\",\"logo\":{\"@type\":\"ImageObject\",\"inLanguage\":\"ar\",\"@id\":\"https:\\\/\\\/lequotidien.mr\\\/#\\\/schema\\\/logo\\\/image\\\/\",\"url\":\"https:\\\/\\\/lequotidien.mr\\\/wp-content\\\/uploads\\\/2022\\\/11\\\/logolequotidien.jpg\",\"contentUrl\":\"https:\\\/\\\/lequotidien.mr\\\/wp-content\\\/uploads\\\/2022\\\/11\\\/logolequotidien.jpg\",\"width\":290,\"height\":65,\"caption\":\"Le Quotidien de Nouakchott\"},\"image\":{\"@id\":\"https:\\\/\\\/lequotidien.mr\\\/#\\\/schema\\\/logo\\\/image\\\/\"},\"sameAs\":[\"https:\\\/\\\/web.facebook.com\\\/lequotidienmr\",\"https:\\\/\\\/x.com\\\/lequotidienmr\"]},{\"@type\":\"Person\",\"@id\":\"https:\\\/\\\/lequotidien.mr\\\/#\\\/schema\\\/person\\\/d2d350202a4d599685ed8abc25f97596\",\"name\":\"Med Ahmed\",\"image\":{\"@type\":\"ImageObject\",\"inLanguage\":\"ar\",\"@id\":\"https:\\\/\\\/secure.gravatar.com\\\/avatar\\\/fd2acc62ed50732923d1d39c17172c9b04149f142be92310ecc69e1358f94b52?s=96&d=mm&r=g\",\"url\":\"https:\\\/\\\/secure.gravatar.com\\\/avatar\\\/fd2acc62ed50732923d1d39c17172c9b04149f142be92310ecc69e1358f94b52?s=96&d=mm&r=g\",\"contentUrl\":\"https:\\\/\\\/secure.gravatar.com\\\/avatar\\\/fd2acc62ed50732923d1d39c17172c9b04149f142be92310ecc69e1358f94b52?s=96&d=mm&r=g\",\"caption\":\"Med Ahmed\"},\"url\":\"https:\\\/\\\/lequotidien.mr\\\/?author=12\"}]}<\/script>\n<!-- \/ Yoast SEO plugin. -->","yoast_head_json":{"title":"Le Rallye Africa Eco-Race en Mauritanie : Un levier pour la visibilit\u00e9 et la stabilit\u00e9 du pays dans un Sahel perturb\u00e9 - Le Quotidien de Nouakchott","robots":{"index":"index","follow":"follow","max-snippet":"max-snippet:-1","max-image-preview":"max-image-preview:large","max-video-preview":"max-video-preview:-1"},"canonical":"https:\/\/lequotidien.mr\/?p=24356&lang=fr","og_locale":"ar_AR","og_type":"article","og_title":"Le Rallye Africa Eco-Race en Mauritanie : Un levier pour la visibilit\u00e9 et la stabilit\u00e9 du pays dans un Sahel perturb\u00e9 - Le Quotidien de Nouakchott","og_description":"Le prestigieux rallye Africa Eco-Race a fait une entr\u00e9e remarqu\u00e9e en Mauritanie, arrivant mardi soir dans la ville d\u2019Atar, au c\u0153ur de l\u2019Adrar. Cet \u00e9v\u00e9nement d\u2019envergure internationale r\u00e9unit plus de 500 participants repr\u00e9sentant 30 nationalit\u00e9s, avec une impressionnante flotte de 100 voitures, 60 camions, 30 motos et trois h\u00e9licopt\u00e8res. Pendant trois jours, les participants exploreront.....","og_url":"https:\/\/lequotidien.mr\/?p=24356&lang=fr","og_site_name":"Le Quotidien de Nouakchott","article_publisher":"https:\/\/web.facebook.com\/lequotidienmr","article_published_time":"2025-01-09T10:27:12+00:00","og_image":[{"width":800,"height":479,"url":"https:\/\/lequotidien.mr\/wp-content\/uploads\/2025\/01\/photo-Rallye-Atar.jpg","type":"image\/jpeg"}],"author":"Med Ahmed","twitter_card":"summary_large_image","twitter_creator":"@lequotidienmr","twitter_site":"@lequotidienmr","twitter_misc":{"\u0643\u064f\u062a\u0628 \u0628\u0648\u0627\u0633\u0637\u0629":"Med Ahmed","\u0648\u0642\u062a \u0627\u0644\u0642\u0631\u0627\u0621\u0629 \u0627\u0644\u0645\u064f\u0642\u062f\u0651\u0631":"3 \u062f\u0642\u0627\u0626\u0642"},"schema":{"@context":"https:\/\/schema.org","@graph":[{"@type":"Article","@id":"https:\/\/lequotidien.mr\/?p=24356&lang=fr#article","isPartOf":{"@id":"https:\/\/lequotidien.mr\/?p=24356&lang=fr"},"author":{"name":"Med Ahmed","@id":"https:\/\/lequotidien.mr\/#\/schema\/person\/d2d350202a4d599685ed8abc25f97596"},"headline":"Le Rallye Africa Eco-Race en Mauritanie : Un levier pour la visibilit\u00e9 et la stabilit\u00e9 du pays dans un Sahel perturb\u00e9","datePublished":"2025-01-09T10:27:12+00:00","mainEntityOfPage":{"@id":"https:\/\/lequotidien.mr\/?p=24356&lang=fr"},"wordCount":551,"commentCount":0,"publisher":{"@id":"https:\/\/lequotidien.mr\/#organization"},"image":{"@id":"https:\/\/lequotidien.mr\/?p=24356&lang=fr#primaryimage"},"thumbnailUrl":"https:\/\/lequotidien.mr\/wp-content\/uploads\/2025\/01\/photo-Rallye-Atar.jpg","articleSection":["ACTUALIT\u00c9","Economie","Culture"],"inLanguage":"ar","potentialAction":[{"@type":"CommentAction","name":"Comment","target":["https:\/\/lequotidien.mr\/?p=24356&lang=fr#respond"]}]},{"@type":"WebPage","@id":"https:\/\/lequotidien.mr\/?p=24356&lang=fr","url":"https:\/\/lequotidien.mr\/?p=24356&lang=fr","name":"Le Rallye Africa Eco-Race en Mauritanie : Un levier pour la visibilit\u00e9 et la stabilit\u00e9 du pays dans un Sahel perturb\u00e9 - Le Quotidien de Nouakchott","isPartOf":{"@id":"https:\/\/lequotidien.mr\/#website"},"primaryImageOfPage":{"@id":"https:\/\/lequotidien.mr\/?p=24356&lang=fr#primaryimage"},"image":{"@id":"https:\/\/lequotidien.mr\/?p=24356&lang=fr#primaryimage"},"thumbnailUrl":"https:\/\/lequotidien.mr\/wp-content\/uploads\/2025\/01\/photo-Rallye-Atar.jpg","datePublished":"2025-01-09T10:27:12+00:00","breadcrumb":{"@id":"https:\/\/lequotidien.mr\/?p=24356&lang=fr#breadcrumb"},"inLanguage":"ar","potentialAction":[{"@type":"ReadAction","target":["https:\/\/lequotidien.mr\/?p=24356&lang=fr"]}]},{"@type":"ImageObject","inLanguage":"ar","@id":"https:\/\/lequotidien.mr\/?p=24356&lang=fr#primaryimage","url":"https:\/\/lequotidien.mr\/wp-content\/uploads\/2025\/01\/photo-Rallye-Atar.jpg","contentUrl":"https:\/\/lequotidien.mr\/wp-content\/uploads\/2025\/01\/photo-Rallye-Atar.jpg","width":800,"height":479},{"@type":"BreadcrumbList","@id":"https:\/\/lequotidien.mr\/?p=24356&lang=fr#breadcrumb","itemListElement":[{"@type":"ListItem","position":1,"name":"Home","item":"https:\/\/lequotidien.mr\/"},{"@type":"ListItem","position":2,"name":"Le Rallye Africa Eco-Race en Mauritanie : Un levier pour la visibilit\u00e9 et la stabilit\u00e9 du pays dans un Sahel perturb\u00e9"}]},{"@type":"WebSite","@id":"https:\/\/lequotidien.mr\/#website","url":"https:\/\/lequotidien.mr\/","name":"Le Quotidien de Nouakchott","description":"\u0625\u062e\u0628\u0627\u0631\u064a\u0629 \u0645\u0633\u062a\u0642\u0644\u0629 \u0644\u0644\u0623\u0646\u0628\u0627\u0621 \u0627\u0644\u0639\u0627\u0645\u0629","publisher":{"@id":"https:\/\/lequotidien.mr\/#organization"},"potentialAction":[{"@type":"SearchAction","target":{"@type":"EntryPoint","urlTemplate":"https:\/\/lequotidien.mr\/?s={search_term_string}"},"query-input":{"@type":"PropertyValueSpecification","valueRequired":true,"valueName":"search_term_string"}}],"inLanguage":"ar"},{"@type":"Organization","@id":"https:\/\/lequotidien.mr\/#organization","name":"Le Quotidien de Nouakchott","url":"https:\/\/lequotidien.mr\/","logo":{"@type":"ImageObject","inLanguage":"ar","@id":"https:\/\/lequotidien.mr\/#\/schema\/logo\/image\/","url":"https:\/\/lequotidien.mr\/wp-content\/uploads\/2022\/11\/logolequotidien.jpg","contentUrl":"https:\/\/lequotidien.mr\/wp-content\/uploads\/2022\/11\/logolequotidien.jpg","width":290,"height":65,"caption":"Le Quotidien de Nouakchott"},"image":{"@id":"https:\/\/lequotidien.mr\/#\/schema\/logo\/image\/"},"sameAs":["https:\/\/web.facebook.com\/lequotidienmr","https:\/\/x.com\/lequotidienmr"]},{"@type":"Person","@id":"https:\/\/lequotidien.mr\/#\/schema\/person\/d2d350202a4d599685ed8abc25f97596","name":"Med Ahmed","image":{"@type":"ImageObject","inLanguage":"ar","@id":"https:\/\/secure.gravatar.com\/avatar\/fd2acc62ed50732923d1d39c17172c9b04149f142be92310ecc69e1358f94b52?s=96&d=mm&r=g","url":"https:\/\/secure.gravatar.com\/avatar\/fd2acc62ed50732923d1d39c17172c9b04149f142be92310ecc69e1358f94b52?s=96&d=mm&r=g","contentUrl":"https:\/\/secure.gravatar.com\/avatar\/fd2acc62ed50732923d1d39c17172c9b04149f142be92310ecc69e1358f94b52?s=96&d=mm&r=g","caption":"Med Ahmed"},"url":"https:\/\/lequotidien.mr\/?author=12"}]}},"_links":{"self":[{"href":"https:\/\/lequotidien.mr\/index.php?rest_route=\/wp\/v2\/posts\/24356","targetHints":{"allow":["GET"]}}],"collection":[{"href":"https:\/\/lequotidien.mr\/index.php?rest_route=\/wp\/v2\/posts"}],"about":[{"href":"https:\/\/lequotidien.mr\/index.php?rest_route=\/wp\/v2\/types\/post"}],"author":[{"embeddable":true,"href":"https:\/\/lequotidien.mr\/index.php?rest_route=\/wp\/v2\/users\/12"}],"replies":[{"embeddable":true,"href":"https:\/\/lequotidien.mr\/index.php?rest_route=%2Fwp%2Fv2%2Fcomments&post=24356"}],"version-history":[{"count":1,"href":"https:\/\/lequotidien.mr\/index.php?rest_route=\/wp\/v2\/posts\/24356\/revisions"}],"predecessor-version":[{"id":24358,"href":"https:\/\/lequotidien.mr\/index.php?rest_route=\/wp\/v2\/posts\/24356\/revisions\/24358"}],"wp:featuredmedia":[{"embeddable":true,"href":"https:\/\/lequotidien.mr\/index.php?rest_route=\/wp\/v2\/media\/24357"}],"wp:attachment":[{"href":"https:\/\/lequotidien.mr\/index.php?rest_route=%2Fwp%2Fv2%2Fmedia&parent=24356"}],"wp:term":[{"taxonomy":"category","embeddable":true,"href":"https:\/\/lequotidien.mr\/index.php?rest_route=%2Fwp%2Fv2%2Fcategories&post=24356"},{"taxonomy":"post_tag","embeddable":true,"href":"https:\/\/lequotidien.mr\/index.php?rest_route=%2Fwp%2Fv2%2Ftags&post=24356"}],"curies":[{"name":"wp","href":"https:\/\/api.w.org\/{rel}","templated":true}]}}