{"id":24350,"date":"2025-01-09T09:14:37","date_gmt":"2025-01-09T09:14:37","guid":{"rendered":"https:\/\/lequotidien.mr\/?p=24350"},"modified":"2025-01-09T09:14:37","modified_gmt":"2025-01-09T09:14:37","slug":"la-mauritanie-active-dans-les-reunions-preparatoires-du-sommet-de-lunion-africaine-sur-lagriculture-a-kampala","status":"publish","type":"post","link":"https:\/\/lequotidien.mr\/?p=24350&lang=fr","title":{"rendered":"La Mauritanie active dans les r\u00e9unions pr\u00e9paratoires du sommet de l&#8217;Union Africaine sur l&#8217;agriculture \u00e0 Kampala"},"content":{"rendered":"<p>Le ministre de l&#8217;Agriculture et de la Souverainet\u00e9 alimentaire, <strong>M. Memma Beibata<\/strong> , a quitt\u00e9 Nouakchott pour participer aux r\u00e9unions pr\u00e9paratoires du sommet extraordinaire de l&#8217;Union africaine (UA) sur l&#8217;agriculture, qui se tiendra \u00e0 <strong>Kampala, en Ouganda<\/strong> . Ce sommet rev\u00eat une importance strat\u00e9gique pour le continent africain, notamment dans le contexte de la s\u00e9curit\u00e9 alimentaire mondiale.<\/p>\n<p>Le ministre sera accompagn\u00e9 de M. Abdallahi Baba Ziyad, directeur de la planification, de la coop\u00e9ration et des statistiques au minist\u00e8re de l&#8217;Agriculture et de la Souverainet\u00e9 alimentaire.<\/p>\n<p>Les discussions qui se d\u00e9rouleront \u00e0 Kampala visent \u00e0 adopter la <strong>D\u00e9claration de Kampala<\/strong> sur le <strong>Programme d\u00e9taill\u00e9 de d\u00e9veloppement de l&#8217;agriculture africaine (PDDAA)<\/strong> post-Malabo. Ce document strat\u00e9gique est appel\u00e9 \u00e0 devenir une r\u00e9f\u00e9rence cl\u00e9 pour guider les efforts de d\u00e9veloppement agricole en Afrique, dans le prolongement des engagements pris \u00e0 Malabo en 2014.<\/p>\n<p>Dans un contexte o\u00f9 elle exerce la pr\u00e9sidence tournante de l&#8217;Union africaine, la Mauritanie s&#8217;impose comme un acteur de premier plan dans les efforts visant \u00e0 promouvoir la production agricole locale et \u00e0 assurer la souverainet\u00e9 alimentaire. Le ministre Beibata dirigera une d\u00e9l\u00e9gation mauritanienne pour contribuer activement \u00e0 ces discussions, mettant en avant l&#8217;exp\u00e9rience du pays en mati\u00e8re de r\u00e9formes agricoles et de renforcement de la r\u00e9silience face aux d\u00e9fis climatiques.<\/p>\n<p>L&#8217;agenda du sommet s&#8217;articulera autour de trois ateliers majeurs :<\/p>\n<p><strong>-9 janvier 2025<\/strong> : R\u00e9union des ministres africains de l&#8217;Agriculture, pour examiner les propositions et \u00e9laborer une vision commune\u00a0;<\/p>\n<p><strong>-10 janvier 2025<\/strong> : R\u00e9union \u00e9largie aux ministres des Affaires \u00e9trang\u00e8res, en pr\u00e9paration des d\u00e9cisions politiques \u00e0 adopter\u00a0;<\/p>\n<p><strong>-11 janvier 2025<\/strong> : Sommet des chefs d&#8217;\u00c9tat et de gouvernement pour finaliser et approuver la D\u00e9claration de Kampala.<\/p>\n<p>Alors que le continent africain fait face \u00e0 des d\u00e9fis croissants, notamment li\u00e9s aux changements climatiques et \u00e0 l&#8217;ins\u00e9curit\u00e9 alimentaire, cette r\u00e9union constitue une opportunit\u00e9 unique pour harmoniser les strat\u00e9gies r\u00e9gionales et renforcer la coop\u00e9ration entre les \u00c9tats membres.<\/p>\n<p>Dans ce cadre, la Mauritanie esp\u00e8re contribuer \u00e0 fa\u00e7onner une politique agricole panafricaine ambitieuse et durable, tout en consolidant son propre r\u00f4le en tant qu\u2019acteur r\u00e9gional dans le domaine de l\u2019agriculture et de la souverainet\u00e9 alimentaire.<\/p>\n","protected":false},"excerpt":{"rendered":"<p>Le ministre de l&#8217;Agriculture et de la Souverainet\u00e9 alimentaire, M. Memma Beibata , a quitt\u00e9 Nouakchott pour participer aux r\u00e9unions pr\u00e9paratoires du sommet extraordinaire de l&#8217;Union africaine (UA) sur l&#8217;agriculture, qui se tiendra \u00e0 Kampala, en Ouganda . Ce sommet rev\u00eat une importance strat\u00e9gique pour le continent africain, notamment dans le contexte de la s\u00e9curit\u00e9&#8230;..<\/p>\n","protected":false},"author":12,"featured_media":24351,"comment_status":"open","ping_status":"open","sticky":false,"template":"","format":"standard","meta":{"footnotes":""},"categories":[23,49],"tags":[],"class_list":["post-24350","post","type-post","status-publish","format-standard","has-post-thumbnail","hentry","category-actualite","category-economie"],"yoast_head":"<!-- This site is optimized with the Yoast SEO plugin v27.5 - https:\/\/yoast.com\/product\/yoast-seo-wordpress\/ -->\n<title>La Mauritanie active dans les r\u00e9unions pr\u00e9paratoires du sommet de l&#039;Union Africaine sur l&#039;agriculture \u00e0 Kampala - Le Quotidien de Nouakchott<\/title>\n<meta name=\"robots\" content=\"index, follow, max-snippet:-1, max-image-preview:large, max-video-preview:-1\" \/>\n<link rel=\"canonical\" href=\"https:\/\/lequotidien.mr\/?p=24350&lang=fr\" \/>\n<meta property=\"og:locale\" content=\"ar_AR\" \/>\n<meta property=\"og:type\" content=\"article\" \/>\n<meta property=\"og:title\" content=\"La Mauritanie active dans les r\u00e9unions pr\u00e9paratoires du sommet de l&#039;Union Africaine sur l&#039;agriculture \u00e0 Kampala - Le Quotidien de Nouakchott\" \/>\n<meta property=\"og:description\" content=\"Le ministre de l&#8217;Agriculture et de la Souverainet\u00e9 alimentaire, M. Memma Beibata , a quitt\u00e9 Nouakchott pour participer aux r\u00e9unions pr\u00e9paratoires du sommet extraordinaire de l&#8217;Union africaine (UA) sur l&#8217;agriculture, qui se tiendra \u00e0 Kampala, en Ouganda . Ce sommet rev\u00eat une importance strat\u00e9gique pour le continent africain, notamment dans le contexte de la s\u00e9curit\u00e9.....\" \/>\n<meta property=\"og:url\" content=\"https:\/\/lequotidien.mr\/?p=24350&amp;lang=fr\" \/>\n<meta property=\"og:site_name\" content=\"Le Quotidien de Nouakchott\" \/>\n<meta property=\"article:publisher\" content=\"https:\/\/web.facebook.com\/lequotidienmr\" \/>\n<meta property=\"article:published_time\" content=\"2025-01-09T09:14:37+00:00\" \/>\n<meta property=\"og:image\" content=\"https:\/\/lequotidien.mr\/wp-content\/uploads\/2025\/01\/photo-UA2-Copie.jpg\" \/>\n\t<meta property=\"og:image:width\" content=\"720\" \/>\n\t<meta property=\"og:image:height\" content=\"400\" \/>\n\t<meta property=\"og:image:type\" content=\"image\/jpeg\" \/>\n<meta name=\"author\" content=\"Med Ahmed\" \/>\n<meta name=\"twitter:card\" content=\"summary_large_image\" \/>\n<meta name=\"twitter:creator\" content=\"@lequotidienmr\" \/>\n<meta name=\"twitter:site\" content=\"@lequotidienmr\" \/>\n<meta name=\"twitter:label1\" content=\"\u0643\u064f\u062a\u0628 \u0628\u0648\u0627\u0633\u0637\u0629\" \/>\n\t<meta name=\"twitter:data1\" content=\"Med Ahmed\" \/>\n\t<meta name=\"twitter:label2\" content=\"\u0648\u0642\u062a \u0627\u0644\u0642\u0631\u0627\u0621\u0629 \u0627\u0644\u0645\u064f\u0642\u062f\u0651\u0631\" \/>\n\t<meta name=\"twitter:data2\" content=\"\u062f\u0642\u064a\u0642\u062a\u0627\u0646\" \/>\n<script type=\"application\/ld+json\" class=\"yoast-schema-graph\">{\"@context\":\"https:\\\/\\\/schema.org\",\"@graph\":[{\"@type\":\"Article\",\"@id\":\"https:\\\/\\\/lequotidien.mr\\\/?p=24350&lang=fr#article\",\"isPartOf\":{\"@id\":\"https:\\\/\\\/lequotidien.mr\\\/?p=24350&lang=fr\"},\"author\":{\"name\":\"Med Ahmed\",\"@id\":\"https:\\\/\\\/lequotidien.mr\\\/#\\\/schema\\\/person\\\/d2d350202a4d599685ed8abc25f97596\"},\"headline\":\"La Mauritanie active dans les r\u00e9unions pr\u00e9paratoires du sommet de l&#8217;Union Africaine sur l&#8217;agriculture \u00e0 Kampala\",\"datePublished\":\"2025-01-09T09:14:37+00:00\",\"mainEntityOfPage\":{\"@id\":\"https:\\\/\\\/lequotidien.mr\\\/?p=24350&lang=fr\"},\"wordCount\":403,\"commentCount\":0,\"publisher\":{\"@id\":\"https:\\\/\\\/lequotidien.mr\\\/#organization\"},\"image\":{\"@id\":\"https:\\\/\\\/lequotidien.mr\\\/?p=24350&lang=fr#primaryimage\"},\"thumbnailUrl\":\"https:\\\/\\\/lequotidien.mr\\\/wp-content\\\/uploads\\\/2025\\\/01\\\/photo-UA2-Copie.jpg\",\"articleSection\":[\"ACTUALIT\u00c9\",\"Economie\"],\"inLanguage\":\"ar\",\"potentialAction\":[{\"@type\":\"CommentAction\",\"name\":\"Comment\",\"target\":[\"https:\\\/\\\/lequotidien.mr\\\/?p=24350&lang=fr#respond\"]}]},{\"@type\":\"WebPage\",\"@id\":\"https:\\\/\\\/lequotidien.mr\\\/?p=24350&lang=fr\",\"url\":\"https:\\\/\\\/lequotidien.mr\\\/?p=24350&lang=fr\",\"name\":\"La Mauritanie active dans les r\u00e9unions pr\u00e9paratoires du sommet de l'Union Africaine sur l'agriculture \u00e0 Kampala - Le Quotidien de Nouakchott\",\"isPartOf\":{\"@id\":\"https:\\\/\\\/lequotidien.mr\\\/#website\"},\"primaryImageOfPage\":{\"@id\":\"https:\\\/\\\/lequotidien.mr\\\/?p=24350&lang=fr#primaryimage\"},\"image\":{\"@id\":\"https:\\\/\\\/lequotidien.mr\\\/?p=24350&lang=fr#primaryimage\"},\"thumbnailUrl\":\"https:\\\/\\\/lequotidien.mr\\\/wp-content\\\/uploads\\\/2025\\\/01\\\/photo-UA2-Copie.jpg\",\"datePublished\":\"2025-01-09T09:14:37+00:00\",\"breadcrumb\":{\"@id\":\"https:\\\/\\\/lequotidien.mr\\\/?p=24350&lang=fr#breadcrumb\"},\"inLanguage\":\"ar\",\"potentialAction\":[{\"@type\":\"ReadAction\",\"target\":[\"https:\\\/\\\/lequotidien.mr\\\/?p=24350&lang=fr\"]}]},{\"@type\":\"ImageObject\",\"inLanguage\":\"ar\",\"@id\":\"https:\\\/\\\/lequotidien.mr\\\/?p=24350&lang=fr#primaryimage\",\"url\":\"https:\\\/\\\/lequotidien.mr\\\/wp-content\\\/uploads\\\/2025\\\/01\\\/photo-UA2-Copie.jpg\",\"contentUrl\":\"https:\\\/\\\/lequotidien.mr\\\/wp-content\\\/uploads\\\/2025\\\/01\\\/photo-UA2-Copie.jpg\",\"width\":720,\"height\":400},{\"@type\":\"BreadcrumbList\",\"@id\":\"https:\\\/\\\/lequotidien.mr\\\/?p=24350&lang=fr#breadcrumb\",\"itemListElement\":[{\"@type\":\"ListItem\",\"position\":1,\"name\":\"Home\",\"item\":\"https:\\\/\\\/lequotidien.mr\\\/\"},{\"@type\":\"ListItem\",\"position\":2,\"name\":\"La Mauritanie active dans les r\u00e9unions pr\u00e9paratoires du sommet de l&#8217;Union Africaine sur l&#8217;agriculture \u00e0 Kampala\"}]},{\"@type\":\"WebSite\",\"@id\":\"https:\\\/\\\/lequotidien.mr\\\/#website\",\"url\":\"https:\\\/\\\/lequotidien.mr\\\/\",\"name\":\"Le Quotidien de Nouakchott\",\"description\":\"\u0625\u062e\u0628\u0627\u0631\u064a\u0629 \u0645\u0633\u062a\u0642\u0644\u0629 \u0644\u0644\u0623\u0646\u0628\u0627\u0621 \u0627\u0644\u0639\u0627\u0645\u0629\",\"publisher\":{\"@id\":\"https:\\\/\\\/lequotidien.mr\\\/#organization\"},\"potentialAction\":[{\"@type\":\"SearchAction\",\"target\":{\"@type\":\"EntryPoint\",\"urlTemplate\":\"https:\\\/\\\/lequotidien.mr\\\/?s={search_term_string}\"},\"query-input\":{\"@type\":\"PropertyValueSpecification\",\"valueRequired\":true,\"valueName\":\"search_term_string\"}}],\"inLanguage\":\"ar\"},{\"@type\":\"Organization\",\"@id\":\"https:\\\/\\\/lequotidien.mr\\\/#organization\",\"name\":\"Le Quotidien de Nouakchott\",\"url\":\"https:\\\/\\\/lequotidien.mr\\\/\",\"logo\":{\"@type\":\"ImageObject\",\"inLanguage\":\"ar\",\"@id\":\"https:\\\/\\\/lequotidien.mr\\\/#\\\/schema\\\/logo\\\/image\\\/\",\"url\":\"https:\\\/\\\/lequotidien.mr\\\/wp-content\\\/uploads\\\/2022\\\/11\\\/logolequotidien.jpg\",\"contentUrl\":\"https:\\\/\\\/lequotidien.mr\\\/wp-content\\\/uploads\\\/2022\\\/11\\\/logolequotidien.jpg\",\"width\":290,\"height\":65,\"caption\":\"Le Quotidien de Nouakchott\"},\"image\":{\"@id\":\"https:\\\/\\\/lequotidien.mr\\\/#\\\/schema\\\/logo\\\/image\\\/\"},\"sameAs\":[\"https:\\\/\\\/web.facebook.com\\\/lequotidienmr\",\"https:\\\/\\\/x.com\\\/lequotidienmr\"]},{\"@type\":\"Person\",\"@id\":\"https:\\\/\\\/lequotidien.mr\\\/#\\\/schema\\\/person\\\/d2d350202a4d599685ed8abc25f97596\",\"name\":\"Med Ahmed\",\"image\":{\"@type\":\"ImageObject\",\"inLanguage\":\"ar\",\"@id\":\"https:\\\/\\\/secure.gravatar.com\\\/avatar\\\/fd2acc62ed50732923d1d39c17172c9b04149f142be92310ecc69e1358f94b52?s=96&d=mm&r=g\",\"url\":\"https:\\\/\\\/secure.gravatar.com\\\/avatar\\\/fd2acc62ed50732923d1d39c17172c9b04149f142be92310ecc69e1358f94b52?s=96&d=mm&r=g\",\"contentUrl\":\"https:\\\/\\\/secure.gravatar.com\\\/avatar\\\/fd2acc62ed50732923d1d39c17172c9b04149f142be92310ecc69e1358f94b52?s=96&d=mm&r=g\",\"caption\":\"Med Ahmed\"},\"url\":\"https:\\\/\\\/lequotidien.mr\\\/?author=12\"}]}<\/script>\n<!-- \/ Yoast SEO plugin. -->","yoast_head_json":{"title":"La Mauritanie active dans les r\u00e9unions pr\u00e9paratoires du sommet de l'Union Africaine sur l'agriculture \u00e0 Kampala - Le Quotidien de Nouakchott","robots":{"index":"index","follow":"follow","max-snippet":"max-snippet:-1","max-image-preview":"max-image-preview:large","max-video-preview":"max-video-preview:-1"},"canonical":"https:\/\/lequotidien.mr\/?p=24350&lang=fr","og_locale":"ar_AR","og_type":"article","og_title":"La Mauritanie active dans les r\u00e9unions pr\u00e9paratoires du sommet de l'Union Africaine sur l'agriculture \u00e0 Kampala - Le Quotidien de Nouakchott","og_description":"Le ministre de l&#8217;Agriculture et de la Souverainet\u00e9 alimentaire, M. Memma Beibata , a quitt\u00e9 Nouakchott pour participer aux r\u00e9unions pr\u00e9paratoires du sommet extraordinaire de l&#8217;Union africaine (UA) sur l&#8217;agriculture, qui se tiendra \u00e0 Kampala, en Ouganda . Ce sommet rev\u00eat une importance strat\u00e9gique pour le continent africain, notamment dans le contexte de la s\u00e9curit\u00e9.....","og_url":"https:\/\/lequotidien.mr\/?p=24350&lang=fr","og_site_name":"Le Quotidien de Nouakchott","article_publisher":"https:\/\/web.facebook.com\/lequotidienmr","article_published_time":"2025-01-09T09:14:37+00:00","og_image":[{"width":720,"height":400,"url":"https:\/\/lequotidien.mr\/wp-content\/uploads\/2025\/01\/photo-UA2-Copie.jpg","type":"image\/jpeg"}],"author":"Med Ahmed","twitter_card":"summary_large_image","twitter_creator":"@lequotidienmr","twitter_site":"@lequotidienmr","twitter_misc":{"\u0643\u064f\u062a\u0628 \u0628\u0648\u0627\u0633\u0637\u0629":"Med Ahmed","\u0648\u0642\u062a \u0627\u0644\u0642\u0631\u0627\u0621\u0629 \u0627\u0644\u0645\u064f\u0642\u062f\u0651\u0631":"\u062f\u0642\u064a\u0642\u062a\u0627\u0646"},"schema":{"@context":"https:\/\/schema.org","@graph":[{"@type":"Article","@id":"https:\/\/lequotidien.mr\/?p=24350&lang=fr#article","isPartOf":{"@id":"https:\/\/lequotidien.mr\/?p=24350&lang=fr"},"author":{"name":"Med Ahmed","@id":"https:\/\/lequotidien.mr\/#\/schema\/person\/d2d350202a4d599685ed8abc25f97596"},"headline":"La Mauritanie active dans les r\u00e9unions pr\u00e9paratoires du sommet de l&#8217;Union Africaine sur l&#8217;agriculture \u00e0 Kampala","datePublished":"2025-01-09T09:14:37+00:00","mainEntityOfPage":{"@id":"https:\/\/lequotidien.mr\/?p=24350&lang=fr"},"wordCount":403,"commentCount":0,"publisher":{"@id":"https:\/\/lequotidien.mr\/#organization"},"image":{"@id":"https:\/\/lequotidien.mr\/?p=24350&lang=fr#primaryimage"},"thumbnailUrl":"https:\/\/lequotidien.mr\/wp-content\/uploads\/2025\/01\/photo-UA2-Copie.jpg","articleSection":["ACTUALIT\u00c9","Economie"],"inLanguage":"ar","potentialAction":[{"@type":"CommentAction","name":"Comment","target":["https:\/\/lequotidien.mr\/?p=24350&lang=fr#respond"]}]},{"@type":"WebPage","@id":"https:\/\/lequotidien.mr\/?p=24350&lang=fr","url":"https:\/\/lequotidien.mr\/?p=24350&lang=fr","name":"La Mauritanie active dans les r\u00e9unions pr\u00e9paratoires du sommet de l'Union Africaine sur l'agriculture \u00e0 Kampala - Le Quotidien de Nouakchott","isPartOf":{"@id":"https:\/\/lequotidien.mr\/#website"},"primaryImageOfPage":{"@id":"https:\/\/lequotidien.mr\/?p=24350&lang=fr#primaryimage"},"image":{"@id":"https:\/\/lequotidien.mr\/?p=24350&lang=fr#primaryimage"},"thumbnailUrl":"https:\/\/lequotidien.mr\/wp-content\/uploads\/2025\/01\/photo-UA2-Copie.jpg","datePublished":"2025-01-09T09:14:37+00:00","breadcrumb":{"@id":"https:\/\/lequotidien.mr\/?p=24350&lang=fr#breadcrumb"},"inLanguage":"ar","potentialAction":[{"@type":"ReadAction","target":["https:\/\/lequotidien.mr\/?p=24350&lang=fr"]}]},{"@type":"ImageObject","inLanguage":"ar","@id":"https:\/\/lequotidien.mr\/?p=24350&lang=fr#primaryimage","url":"https:\/\/lequotidien.mr\/wp-content\/uploads\/2025\/01\/photo-UA2-Copie.jpg","contentUrl":"https:\/\/lequotidien.mr\/wp-content\/uploads\/2025\/01\/photo-UA2-Copie.jpg","width":720,"height":400},{"@type":"BreadcrumbList","@id":"https:\/\/lequotidien.mr\/?p=24350&lang=fr#breadcrumb","itemListElement":[{"@type":"ListItem","position":1,"name":"Home","item":"https:\/\/lequotidien.mr\/"},{"@type":"ListItem","position":2,"name":"La Mauritanie active dans les r\u00e9unions pr\u00e9paratoires du sommet de l&#8217;Union Africaine sur l&#8217;agriculture \u00e0 Kampala"}]},{"@type":"WebSite","@id":"https:\/\/lequotidien.mr\/#website","url":"https:\/\/lequotidien.mr\/","name":"Le Quotidien de Nouakchott","description":"\u0625\u062e\u0628\u0627\u0631\u064a\u0629 \u0645\u0633\u062a\u0642\u0644\u0629 \u0644\u0644\u0623\u0646\u0628\u0627\u0621 \u0627\u0644\u0639\u0627\u0645\u0629","publisher":{"@id":"https:\/\/lequotidien.mr\/#organization"},"potentialAction":[{"@type":"SearchAction","target":{"@type":"EntryPoint","urlTemplate":"https:\/\/lequotidien.mr\/?s={search_term_string}"},"query-input":{"@type":"PropertyValueSpecification","valueRequired":true,"valueName":"search_term_string"}}],"inLanguage":"ar"},{"@type":"Organization","@id":"https:\/\/lequotidien.mr\/#organization","name":"Le Quotidien de Nouakchott","url":"https:\/\/lequotidien.mr\/","logo":{"@type":"ImageObject","inLanguage":"ar","@id":"https:\/\/lequotidien.mr\/#\/schema\/logo\/image\/","url":"https:\/\/lequotidien.mr\/wp-content\/uploads\/2022\/11\/logolequotidien.jpg","contentUrl":"https:\/\/lequotidien.mr\/wp-content\/uploads\/2022\/11\/logolequotidien.jpg","width":290,"height":65,"caption":"Le Quotidien de Nouakchott"},"image":{"@id":"https:\/\/lequotidien.mr\/#\/schema\/logo\/image\/"},"sameAs":["https:\/\/web.facebook.com\/lequotidienmr","https:\/\/x.com\/lequotidienmr"]},{"@type":"Person","@id":"https:\/\/lequotidien.mr\/#\/schema\/person\/d2d350202a4d599685ed8abc25f97596","name":"Med Ahmed","image":{"@type":"ImageObject","inLanguage":"ar","@id":"https:\/\/secure.gravatar.com\/avatar\/fd2acc62ed50732923d1d39c17172c9b04149f142be92310ecc69e1358f94b52?s=96&d=mm&r=g","url":"https:\/\/secure.gravatar.com\/avatar\/fd2acc62ed50732923d1d39c17172c9b04149f142be92310ecc69e1358f94b52?s=96&d=mm&r=g","contentUrl":"https:\/\/secure.gravatar.com\/avatar\/fd2acc62ed50732923d1d39c17172c9b04149f142be92310ecc69e1358f94b52?s=96&d=mm&r=g","caption":"Med Ahmed"},"url":"https:\/\/lequotidien.mr\/?author=12"}]}},"_links":{"self":[{"href":"https:\/\/lequotidien.mr\/index.php?rest_route=\/wp\/v2\/posts\/24350","targetHints":{"allow":["GET"]}}],"collection":[{"href":"https:\/\/lequotidien.mr\/index.php?rest_route=\/wp\/v2\/posts"}],"about":[{"href":"https:\/\/lequotidien.mr\/index.php?rest_route=\/wp\/v2\/types\/post"}],"author":[{"embeddable":true,"href":"https:\/\/lequotidien.mr\/index.php?rest_route=\/wp\/v2\/users\/12"}],"replies":[{"embeddable":true,"href":"https:\/\/lequotidien.mr\/index.php?rest_route=%2Fwp%2Fv2%2Fcomments&post=24350"}],"version-history":[{"count":1,"href":"https:\/\/lequotidien.mr\/index.php?rest_route=\/wp\/v2\/posts\/24350\/revisions"}],"predecessor-version":[{"id":24352,"href":"https:\/\/lequotidien.mr\/index.php?rest_route=\/wp\/v2\/posts\/24350\/revisions\/24352"}],"wp:featuredmedia":[{"embeddable":true,"href":"https:\/\/lequotidien.mr\/index.php?rest_route=\/wp\/v2\/media\/24351"}],"wp:attachment":[{"href":"https:\/\/lequotidien.mr\/index.php?rest_route=%2Fwp%2Fv2%2Fmedia&parent=24350"}],"wp:term":[{"taxonomy":"category","embeddable":true,"href":"https:\/\/lequotidien.mr\/index.php?rest_route=%2Fwp%2Fv2%2Fcategories&post=24350"},{"taxonomy":"post_tag","embeddable":true,"href":"https:\/\/lequotidien.mr\/index.php?rest_route=%2Fwp%2Fv2%2Ftags&post=24350"}],"curies":[{"name":"wp","href":"https:\/\/api.w.org\/{rel}","templated":true}]}}