{"id":24326,"date":"2025-01-08T11:36:15","date_gmt":"2025-01-08T11:36:15","guid":{"rendered":"https:\/\/lequotidien.mr\/?p=24326"},"modified":"2025-01-08T11:36:15","modified_gmt":"2025-01-08T11:36:15","slug":"hajj-2025-innovations-et-collaboration-a-lhonneur-lors-de-la-quatrieme-conference-et-exposition-internationales","status":"publish","type":"post","link":"https:\/\/lequotidien.mr\/?p=24326&lang=fr","title":{"rendered":"Hajj 2025 : Innovations et collaboration \u00e0 l&#8217;honneur lors de la quatri\u00e8me Conf\u00e9rence et Exposition internationales"},"content":{"rendered":"<p>La ville de Jeddah se pr\u00e9pare \u00e0 accueillir la quatri\u00e8me \u00e9dition de la Conf\u00e9rence et de l&#8217;Exposition du Hajj 2025, un \u00e9v\u00e9nement mondial qui mettra en lumi\u00e8re les derni\u00e8res innovations dans le domaine du Hajj et de la Oumra. Organis\u00e9e par le minist\u00e8re du Hajj et de la Oumra, cette rencontre de quatre jours d\u00e9butera lundi prochain au &#8220;Jeddah Super D\u00f4me&#8221; et r\u00e9unira plus de 300 entit\u00e9s, allant des experts et universitaires aux repr\u00e9sentants des missions diplomatiques et des dirigeants des secteurs public et priv\u00e9.<\/p>\n<p><strong>Un \u00e9v\u00e9nement tourn\u00e9 vers l&#8217;avenir<\/strong><\/p>\n<p>Plac\u00e9 sous le signe de la coop\u00e9ration et de l&#8217;innovation, l&#8217;\u00e9v\u00e9nement s&#8217;inscrit dans le cadre des objectifs ambitieux de Vision 2030 de l&#8217;Arabie saoudite, en particulier le Programme de service aux p\u00e8lerins. \u00c0 travers plus de 47 sessions de discussion et 50 ateliers, les 130 experts pr\u00e9sents aborderont des th\u00e8mes cl\u00e9s tels que :<\/p>\n<p><strong>-La durabilit\u00e9 environnementale<\/strong> : exploration de technologies respectueuses de l&#8217;environnement pour soutenir le voyage des p\u00e8lerins\u00a0;<\/p>\n<p><strong>-L&#8217;intelligence artificielle<\/strong> : de la gestion des fautes et des services gr\u00e2ce \u00e0 des solutions bas\u00e9es sur l&#8217;IA\u00a0;<\/p>\n<p><strong>-La digitalisation<\/strong> : adoption de technologies num\u00e9riques pour optimiser les op\u00e9rations du Hajj et offrir une exp\u00e9rience am\u00e9lior\u00e9e aux p\u00e8lerins.<\/p>\n<p>L&#8217;accent sera \u00e9galement mis sur la cr\u00e9ation d&#8217;opportunit\u00e9s pour les startups et les innovateurs afin de d\u00e9velopper des solutions innovantes pour ce secteur vital.<\/p>\n<p><strong>Une exposition de classe mondiale<\/strong><\/p>\n<p>Parall\u00e8lement \u00e0 la conf\u00e9rence, une exposition d&#8217;envergure internationale occupera une surface de 50 000 m\u00e8tres carr\u00e9s, faisant de cet \u00e9v\u00e9nement le premier au monde \u00e0 \u00eatre enti\u00e8rement d\u00e9di\u00e9 aux services du Hajj. Les visiteurs auront l&#8217;occasion de d\u00e9couvrir les derniers projets et produits innovants, allant des services logistiques aux solutions technologiques avanc\u00e9es, tout en explorant les opportunit\u00e9s de coop\u00e9ration internationale.<\/p>\n<p>L&#8217;\u00e9dition pr\u00e9c\u00e9dente a attir\u00e9 plus de 100 000 visiteurs et permis la signature de 202 accords de coop\u00e9ration internationale, renfor\u00e7ant ainsi le r\u00f4le strat\u00e9gique de cette conf\u00e9rence dans le d\u00e9veloppement du secteur.<\/p>\n<p><strong>Une strat\u00e9gie globale pour mieux servir les p\u00e8lerins<\/strong><\/p>\n<p>Le minist\u00e8re du Hajj et de la Oumra a soulign\u00e9 que cette conf\u00e9rence repr\u00e9sente une plateforme unique pour l&#8217;\u00e9change de connaissances, l&#8217;exploration de nouveaux horizons de collaboration et l&#8217;am\u00e9lioration des services destin\u00e9s aux p\u00e8lerins. En poursuivant sa strat\u00e9gie globale, le minist\u00e8re vise \u00e0 consolider la position de l&#8217;Arabie saoudite en tant que leader mondial dans l&#8217;organisation et la gestion du Hajj.<\/p>\n<p>Les experts et parties int\u00e9ress\u00e9es du monde entier sont invit\u00e9s \u00e0 participer \u00e0 cet \u00e9v\u00e9nement exceptionnel. La Conf\u00e9rence et Exposition du Hajj 2025 promet de d\u00e9finir de nouvelles normes pour l&#8217;organisation du Hajj, en int\u00e9grant durabilit\u00e9, innovation et efficacit\u00e9, tout en honorant l&#8217;h\u00e9ritage spirituel de ce grand p\u00e8lerinage.<\/p>\n<p>Avec un programme riche et des objectifs ambitieux, cet \u00e9v\u00e9nement t\u00e9moigne de l&#8217;engagement du Royaume \u00e0 offrir une exp\u00e9rience m\u00e9morable et fluide \u00e0 des millions de p\u00e8lerins, tout en anticipant les d\u00e9fis futurs gr\u00e2ce \u00e0 de nouvelles innovations, notamment technologiques.<\/p>\n","protected":false},"excerpt":{"rendered":"<p>La ville de Jeddah se pr\u00e9pare \u00e0 accueillir la quatri\u00e8me \u00e9dition de la Conf\u00e9rence et de l&#8217;Exposition du Hajj 2025, un \u00e9v\u00e9nement mondial qui mettra en lumi\u00e8re les derni\u00e8res innovations dans le domaine du Hajj et de la Oumra. Organis\u00e9e par le minist\u00e8re du Hajj et de la Oumra, cette rencontre de quatre jours d\u00e9butera&#8230;..<\/p>\n","protected":false},"author":12,"featured_media":24327,"comment_status":"open","ping_status":"open","sticky":false,"template":"","format":"standard","meta":{"footnotes":""},"categories":[23,55],"tags":[],"class_list":["post-24326","post","type-post","status-publish","format-standard","has-post-thumbnail","hentry","category-actualite","category-culture"],"yoast_head":"<!-- This site is optimized with the Yoast SEO plugin v27.5 - https:\/\/yoast.com\/product\/yoast-seo-wordpress\/ -->\n<title>Hajj 2025 : Innovations et collaboration \u00e0 l&#039;honneur lors de la quatri\u00e8me Conf\u00e9rence et Exposition internationales - Le Quotidien de Nouakchott<\/title>\n<meta name=\"robots\" content=\"index, follow, max-snippet:-1, max-image-preview:large, max-video-preview:-1\" \/>\n<link rel=\"canonical\" href=\"https:\/\/lequotidien.mr\/?p=24326&lang=fr\" \/>\n<meta property=\"og:locale\" content=\"ar_AR\" \/>\n<meta property=\"og:type\" content=\"article\" \/>\n<meta property=\"og:title\" content=\"Hajj 2025 : Innovations et collaboration \u00e0 l&#039;honneur lors de la quatri\u00e8me Conf\u00e9rence et Exposition internationales - Le Quotidien de Nouakchott\" \/>\n<meta property=\"og:description\" content=\"La ville de Jeddah se pr\u00e9pare \u00e0 accueillir la quatri\u00e8me \u00e9dition de la Conf\u00e9rence et de l&#8217;Exposition du Hajj 2025, un \u00e9v\u00e9nement mondial qui mettra en lumi\u00e8re les derni\u00e8res innovations dans le domaine du Hajj et de la Oumra. Organis\u00e9e par le minist\u00e8re du Hajj et de la Oumra, cette rencontre de quatre jours d\u00e9butera.....\" \/>\n<meta property=\"og:url\" content=\"https:\/\/lequotidien.mr\/?p=24326&amp;lang=fr\" \/>\n<meta property=\"og:site_name\" content=\"Le Quotidien de Nouakchott\" \/>\n<meta property=\"article:publisher\" content=\"https:\/\/web.facebook.com\/lequotidienmr\" \/>\n<meta property=\"article:published_time\" content=\"2025-01-08T11:36:15+00:00\" \/>\n<meta property=\"og:image\" content=\"https:\/\/lequotidien.mr\/wp-content\/uploads\/2025\/01\/photo-hadj_2025-.jpeg\" \/>\n\t<meta property=\"og:image:width\" content=\"700\" \/>\n\t<meta property=\"og:image:height\" content=\"400\" \/>\n\t<meta property=\"og:image:type\" content=\"image\/jpeg\" \/>\n<meta name=\"author\" content=\"Med Ahmed\" \/>\n<meta name=\"twitter:card\" content=\"summary_large_image\" \/>\n<meta name=\"twitter:creator\" content=\"@lequotidienmr\" \/>\n<meta name=\"twitter:site\" content=\"@lequotidienmr\" \/>\n<meta name=\"twitter:label1\" content=\"\u0643\u064f\u062a\u0628 \u0628\u0648\u0627\u0633\u0637\u0629\" \/>\n\t<meta name=\"twitter:data1\" content=\"Med Ahmed\" \/>\n\t<meta name=\"twitter:label2\" content=\"\u0648\u0642\u062a \u0627\u0644\u0642\u0631\u0627\u0621\u0629 \u0627\u0644\u0645\u064f\u0642\u062f\u0651\u0631\" \/>\n\t<meta name=\"twitter:data2\" content=\"3 \u062f\u0642\u0627\u0626\u0642\" \/>\n<script type=\"application\/ld+json\" class=\"yoast-schema-graph\">{\"@context\":\"https:\\\/\\\/schema.org\",\"@graph\":[{\"@type\":\"Article\",\"@id\":\"https:\\\/\\\/lequotidien.mr\\\/?p=24326&lang=fr#article\",\"isPartOf\":{\"@id\":\"https:\\\/\\\/lequotidien.mr\\\/?p=24326&lang=fr\"},\"author\":{\"name\":\"Med Ahmed\",\"@id\":\"https:\\\/\\\/lequotidien.mr\\\/#\\\/schema\\\/person\\\/d2d350202a4d599685ed8abc25f97596\"},\"headline\":\"Hajj 2025 : Innovations et collaboration \u00e0 l&#8217;honneur lors de la quatri\u00e8me Conf\u00e9rence et Exposition internationales\",\"datePublished\":\"2025-01-08T11:36:15+00:00\",\"mainEntityOfPage\":{\"@id\":\"https:\\\/\\\/lequotidien.mr\\\/?p=24326&lang=fr\"},\"wordCount\":564,\"commentCount\":0,\"publisher\":{\"@id\":\"https:\\\/\\\/lequotidien.mr\\\/#organization\"},\"image\":{\"@id\":\"https:\\\/\\\/lequotidien.mr\\\/?p=24326&lang=fr#primaryimage\"},\"thumbnailUrl\":\"https:\\\/\\\/lequotidien.mr\\\/wp-content\\\/uploads\\\/2025\\\/01\\\/photo-hadj_2025-.jpeg\",\"articleSection\":[\"ACTUALIT\u00c9\",\"Culture\"],\"inLanguage\":\"ar\",\"potentialAction\":[{\"@type\":\"CommentAction\",\"name\":\"Comment\",\"target\":[\"https:\\\/\\\/lequotidien.mr\\\/?p=24326&lang=fr#respond\"]}]},{\"@type\":\"WebPage\",\"@id\":\"https:\\\/\\\/lequotidien.mr\\\/?p=24326&lang=fr\",\"url\":\"https:\\\/\\\/lequotidien.mr\\\/?p=24326&lang=fr\",\"name\":\"Hajj 2025 : Innovations et collaboration \u00e0 l'honneur lors de la quatri\u00e8me Conf\u00e9rence et Exposition internationales - Le Quotidien de Nouakchott\",\"isPartOf\":{\"@id\":\"https:\\\/\\\/lequotidien.mr\\\/#website\"},\"primaryImageOfPage\":{\"@id\":\"https:\\\/\\\/lequotidien.mr\\\/?p=24326&lang=fr#primaryimage\"},\"image\":{\"@id\":\"https:\\\/\\\/lequotidien.mr\\\/?p=24326&lang=fr#primaryimage\"},\"thumbnailUrl\":\"https:\\\/\\\/lequotidien.mr\\\/wp-content\\\/uploads\\\/2025\\\/01\\\/photo-hadj_2025-.jpeg\",\"datePublished\":\"2025-01-08T11:36:15+00:00\",\"breadcrumb\":{\"@id\":\"https:\\\/\\\/lequotidien.mr\\\/?p=24326&lang=fr#breadcrumb\"},\"inLanguage\":\"ar\",\"potentialAction\":[{\"@type\":\"ReadAction\",\"target\":[\"https:\\\/\\\/lequotidien.mr\\\/?p=24326&lang=fr\"]}]},{\"@type\":\"ImageObject\",\"inLanguage\":\"ar\",\"@id\":\"https:\\\/\\\/lequotidien.mr\\\/?p=24326&lang=fr#primaryimage\",\"url\":\"https:\\\/\\\/lequotidien.mr\\\/wp-content\\\/uploads\\\/2025\\\/01\\\/photo-hadj_2025-.jpeg\",\"contentUrl\":\"https:\\\/\\\/lequotidien.mr\\\/wp-content\\\/uploads\\\/2025\\\/01\\\/photo-hadj_2025-.jpeg\",\"width\":700,\"height\":400},{\"@type\":\"BreadcrumbList\",\"@id\":\"https:\\\/\\\/lequotidien.mr\\\/?p=24326&lang=fr#breadcrumb\",\"itemListElement\":[{\"@type\":\"ListItem\",\"position\":1,\"name\":\"Home\",\"item\":\"https:\\\/\\\/lequotidien.mr\\\/\"},{\"@type\":\"ListItem\",\"position\":2,\"name\":\"Hajj 2025 : Innovations et collaboration \u00e0 l&#8217;honneur lors de la quatri\u00e8me Conf\u00e9rence et Exposition internationales\"}]},{\"@type\":\"WebSite\",\"@id\":\"https:\\\/\\\/lequotidien.mr\\\/#website\",\"url\":\"https:\\\/\\\/lequotidien.mr\\\/\",\"name\":\"Le Quotidien de Nouakchott\",\"description\":\"\u0625\u062e\u0628\u0627\u0631\u064a\u0629 \u0645\u0633\u062a\u0642\u0644\u0629 \u0644\u0644\u0623\u0646\u0628\u0627\u0621 \u0627\u0644\u0639\u0627\u0645\u0629\",\"publisher\":{\"@id\":\"https:\\\/\\\/lequotidien.mr\\\/#organization\"},\"potentialAction\":[{\"@type\":\"SearchAction\",\"target\":{\"@type\":\"EntryPoint\",\"urlTemplate\":\"https:\\\/\\\/lequotidien.mr\\\/?s={search_term_string}\"},\"query-input\":{\"@type\":\"PropertyValueSpecification\",\"valueRequired\":true,\"valueName\":\"search_term_string\"}}],\"inLanguage\":\"ar\"},{\"@type\":\"Organization\",\"@id\":\"https:\\\/\\\/lequotidien.mr\\\/#organization\",\"name\":\"Le Quotidien de Nouakchott\",\"url\":\"https:\\\/\\\/lequotidien.mr\\\/\",\"logo\":{\"@type\":\"ImageObject\",\"inLanguage\":\"ar\",\"@id\":\"https:\\\/\\\/lequotidien.mr\\\/#\\\/schema\\\/logo\\\/image\\\/\",\"url\":\"https:\\\/\\\/lequotidien.mr\\\/wp-content\\\/uploads\\\/2022\\\/11\\\/logolequotidien.jpg\",\"contentUrl\":\"https:\\\/\\\/lequotidien.mr\\\/wp-content\\\/uploads\\\/2022\\\/11\\\/logolequotidien.jpg\",\"width\":290,\"height\":65,\"caption\":\"Le Quotidien de Nouakchott\"},\"image\":{\"@id\":\"https:\\\/\\\/lequotidien.mr\\\/#\\\/schema\\\/logo\\\/image\\\/\"},\"sameAs\":[\"https:\\\/\\\/web.facebook.com\\\/lequotidienmr\",\"https:\\\/\\\/x.com\\\/lequotidienmr\"]},{\"@type\":\"Person\",\"@id\":\"https:\\\/\\\/lequotidien.mr\\\/#\\\/schema\\\/person\\\/d2d350202a4d599685ed8abc25f97596\",\"name\":\"Med Ahmed\",\"image\":{\"@type\":\"ImageObject\",\"inLanguage\":\"ar\",\"@id\":\"https:\\\/\\\/secure.gravatar.com\\\/avatar\\\/fd2acc62ed50732923d1d39c17172c9b04149f142be92310ecc69e1358f94b52?s=96&d=mm&r=g\",\"url\":\"https:\\\/\\\/secure.gravatar.com\\\/avatar\\\/fd2acc62ed50732923d1d39c17172c9b04149f142be92310ecc69e1358f94b52?s=96&d=mm&r=g\",\"contentUrl\":\"https:\\\/\\\/secure.gravatar.com\\\/avatar\\\/fd2acc62ed50732923d1d39c17172c9b04149f142be92310ecc69e1358f94b52?s=96&d=mm&r=g\",\"caption\":\"Med Ahmed\"},\"url\":\"https:\\\/\\\/lequotidien.mr\\\/?author=12\"}]}<\/script>\n<!-- \/ Yoast SEO plugin. -->","yoast_head_json":{"title":"Hajj 2025 : Innovations et collaboration \u00e0 l'honneur lors de la quatri\u00e8me Conf\u00e9rence et Exposition internationales - Le Quotidien de Nouakchott","robots":{"index":"index","follow":"follow","max-snippet":"max-snippet:-1","max-image-preview":"max-image-preview:large","max-video-preview":"max-video-preview:-1"},"canonical":"https:\/\/lequotidien.mr\/?p=24326&lang=fr","og_locale":"ar_AR","og_type":"article","og_title":"Hajj 2025 : Innovations et collaboration \u00e0 l'honneur lors de la quatri\u00e8me Conf\u00e9rence et Exposition internationales - Le Quotidien de Nouakchott","og_description":"La ville de Jeddah se pr\u00e9pare \u00e0 accueillir la quatri\u00e8me \u00e9dition de la Conf\u00e9rence et de l&#8217;Exposition du Hajj 2025, un \u00e9v\u00e9nement mondial qui mettra en lumi\u00e8re les derni\u00e8res innovations dans le domaine du Hajj et de la Oumra. Organis\u00e9e par le minist\u00e8re du Hajj et de la Oumra, cette rencontre de quatre jours d\u00e9butera.....","og_url":"https:\/\/lequotidien.mr\/?p=24326&lang=fr","og_site_name":"Le Quotidien de Nouakchott","article_publisher":"https:\/\/web.facebook.com\/lequotidienmr","article_published_time":"2025-01-08T11:36:15+00:00","og_image":[{"width":700,"height":400,"url":"https:\/\/lequotidien.mr\/wp-content\/uploads\/2025\/01\/photo-hadj_2025-.jpeg","type":"image\/jpeg"}],"author":"Med Ahmed","twitter_card":"summary_large_image","twitter_creator":"@lequotidienmr","twitter_site":"@lequotidienmr","twitter_misc":{"\u0643\u064f\u062a\u0628 \u0628\u0648\u0627\u0633\u0637\u0629":"Med Ahmed","\u0648\u0642\u062a \u0627\u0644\u0642\u0631\u0627\u0621\u0629 \u0627\u0644\u0645\u064f\u0642\u062f\u0651\u0631":"3 \u062f\u0642\u0627\u0626\u0642"},"schema":{"@context":"https:\/\/schema.org","@graph":[{"@type":"Article","@id":"https:\/\/lequotidien.mr\/?p=24326&lang=fr#article","isPartOf":{"@id":"https:\/\/lequotidien.mr\/?p=24326&lang=fr"},"author":{"name":"Med Ahmed","@id":"https:\/\/lequotidien.mr\/#\/schema\/person\/d2d350202a4d599685ed8abc25f97596"},"headline":"Hajj 2025 : Innovations et collaboration \u00e0 l&#8217;honneur lors de la quatri\u00e8me Conf\u00e9rence et Exposition internationales","datePublished":"2025-01-08T11:36:15+00:00","mainEntityOfPage":{"@id":"https:\/\/lequotidien.mr\/?p=24326&lang=fr"},"wordCount":564,"commentCount":0,"publisher":{"@id":"https:\/\/lequotidien.mr\/#organization"},"image":{"@id":"https:\/\/lequotidien.mr\/?p=24326&lang=fr#primaryimage"},"thumbnailUrl":"https:\/\/lequotidien.mr\/wp-content\/uploads\/2025\/01\/photo-hadj_2025-.jpeg","articleSection":["ACTUALIT\u00c9","Culture"],"inLanguage":"ar","potentialAction":[{"@type":"CommentAction","name":"Comment","target":["https:\/\/lequotidien.mr\/?p=24326&lang=fr#respond"]}]},{"@type":"WebPage","@id":"https:\/\/lequotidien.mr\/?p=24326&lang=fr","url":"https:\/\/lequotidien.mr\/?p=24326&lang=fr","name":"Hajj 2025 : Innovations et collaboration \u00e0 l'honneur lors de la quatri\u00e8me Conf\u00e9rence et Exposition internationales - Le Quotidien de Nouakchott","isPartOf":{"@id":"https:\/\/lequotidien.mr\/#website"},"primaryImageOfPage":{"@id":"https:\/\/lequotidien.mr\/?p=24326&lang=fr#primaryimage"},"image":{"@id":"https:\/\/lequotidien.mr\/?p=24326&lang=fr#primaryimage"},"thumbnailUrl":"https:\/\/lequotidien.mr\/wp-content\/uploads\/2025\/01\/photo-hadj_2025-.jpeg","datePublished":"2025-01-08T11:36:15+00:00","breadcrumb":{"@id":"https:\/\/lequotidien.mr\/?p=24326&lang=fr#breadcrumb"},"inLanguage":"ar","potentialAction":[{"@type":"ReadAction","target":["https:\/\/lequotidien.mr\/?p=24326&lang=fr"]}]},{"@type":"ImageObject","inLanguage":"ar","@id":"https:\/\/lequotidien.mr\/?p=24326&lang=fr#primaryimage","url":"https:\/\/lequotidien.mr\/wp-content\/uploads\/2025\/01\/photo-hadj_2025-.jpeg","contentUrl":"https:\/\/lequotidien.mr\/wp-content\/uploads\/2025\/01\/photo-hadj_2025-.jpeg","width":700,"height":400},{"@type":"BreadcrumbList","@id":"https:\/\/lequotidien.mr\/?p=24326&lang=fr#breadcrumb","itemListElement":[{"@type":"ListItem","position":1,"name":"Home","item":"https:\/\/lequotidien.mr\/"},{"@type":"ListItem","position":2,"name":"Hajj 2025 : Innovations et collaboration \u00e0 l&#8217;honneur lors de la quatri\u00e8me Conf\u00e9rence et Exposition internationales"}]},{"@type":"WebSite","@id":"https:\/\/lequotidien.mr\/#website","url":"https:\/\/lequotidien.mr\/","name":"Le Quotidien de Nouakchott","description":"\u0625\u062e\u0628\u0627\u0631\u064a\u0629 \u0645\u0633\u062a\u0642\u0644\u0629 \u0644\u0644\u0623\u0646\u0628\u0627\u0621 \u0627\u0644\u0639\u0627\u0645\u0629","publisher":{"@id":"https:\/\/lequotidien.mr\/#organization"},"potentialAction":[{"@type":"SearchAction","target":{"@type":"EntryPoint","urlTemplate":"https:\/\/lequotidien.mr\/?s={search_term_string}"},"query-input":{"@type":"PropertyValueSpecification","valueRequired":true,"valueName":"search_term_string"}}],"inLanguage":"ar"},{"@type":"Organization","@id":"https:\/\/lequotidien.mr\/#organization","name":"Le Quotidien de Nouakchott","url":"https:\/\/lequotidien.mr\/","logo":{"@type":"ImageObject","inLanguage":"ar","@id":"https:\/\/lequotidien.mr\/#\/schema\/logo\/image\/","url":"https:\/\/lequotidien.mr\/wp-content\/uploads\/2022\/11\/logolequotidien.jpg","contentUrl":"https:\/\/lequotidien.mr\/wp-content\/uploads\/2022\/11\/logolequotidien.jpg","width":290,"height":65,"caption":"Le Quotidien de Nouakchott"},"image":{"@id":"https:\/\/lequotidien.mr\/#\/schema\/logo\/image\/"},"sameAs":["https:\/\/web.facebook.com\/lequotidienmr","https:\/\/x.com\/lequotidienmr"]},{"@type":"Person","@id":"https:\/\/lequotidien.mr\/#\/schema\/person\/d2d350202a4d599685ed8abc25f97596","name":"Med Ahmed","image":{"@type":"ImageObject","inLanguage":"ar","@id":"https:\/\/secure.gravatar.com\/avatar\/fd2acc62ed50732923d1d39c17172c9b04149f142be92310ecc69e1358f94b52?s=96&d=mm&r=g","url":"https:\/\/secure.gravatar.com\/avatar\/fd2acc62ed50732923d1d39c17172c9b04149f142be92310ecc69e1358f94b52?s=96&d=mm&r=g","contentUrl":"https:\/\/secure.gravatar.com\/avatar\/fd2acc62ed50732923d1d39c17172c9b04149f142be92310ecc69e1358f94b52?s=96&d=mm&r=g","caption":"Med Ahmed"},"url":"https:\/\/lequotidien.mr\/?author=12"}]}},"_links":{"self":[{"href":"https:\/\/lequotidien.mr\/index.php?rest_route=\/wp\/v2\/posts\/24326","targetHints":{"allow":["GET"]}}],"collection":[{"href":"https:\/\/lequotidien.mr\/index.php?rest_route=\/wp\/v2\/posts"}],"about":[{"href":"https:\/\/lequotidien.mr\/index.php?rest_route=\/wp\/v2\/types\/post"}],"author":[{"embeddable":true,"href":"https:\/\/lequotidien.mr\/index.php?rest_route=\/wp\/v2\/users\/12"}],"replies":[{"embeddable":true,"href":"https:\/\/lequotidien.mr\/index.php?rest_route=%2Fwp%2Fv2%2Fcomments&post=24326"}],"version-history":[{"count":1,"href":"https:\/\/lequotidien.mr\/index.php?rest_route=\/wp\/v2\/posts\/24326\/revisions"}],"predecessor-version":[{"id":24328,"href":"https:\/\/lequotidien.mr\/index.php?rest_route=\/wp\/v2\/posts\/24326\/revisions\/24328"}],"wp:featuredmedia":[{"embeddable":true,"href":"https:\/\/lequotidien.mr\/index.php?rest_route=\/wp\/v2\/media\/24327"}],"wp:attachment":[{"href":"https:\/\/lequotidien.mr\/index.php?rest_route=%2Fwp%2Fv2%2Fmedia&parent=24326"}],"wp:term":[{"taxonomy":"category","embeddable":true,"href":"https:\/\/lequotidien.mr\/index.php?rest_route=%2Fwp%2Fv2%2Fcategories&post=24326"},{"taxonomy":"post_tag","embeddable":true,"href":"https:\/\/lequotidien.mr\/index.php?rest_route=%2Fwp%2Fv2%2Ftags&post=24326"}],"curies":[{"name":"wp","href":"https:\/\/api.w.org\/{rel}","templated":true}]}}