{"id":24321,"date":"2025-01-08T10:29:42","date_gmt":"2025-01-08T10:29:42","guid":{"rendered":"https:\/\/lequotidien.mr\/?p=24321"},"modified":"2025-01-08T10:29:42","modified_gmt":"2025-01-08T10:29:42","slug":"programme-durgence-pour-le-developpement-de-la-ville-de-nouakchott-le-volet-environnemental-est-un-pilier-central-pour-le-developpement-de-la-capitale","status":"publish","type":"post","link":"https:\/\/lequotidien.mr\/?p=24321&lang=fr","title":{"rendered":"Programme d\u2019urgence pour le d\u00e9veloppement de la ville de Nouakchott: Le volet environnemental est un pilier central pour le d\u00e9veloppement de la capitale"},"content":{"rendered":"<p>La ville de Nouakchott poursuit sa transformation gr\u00e2ce \u00e0 un programme d&#8217;urgence pour le d\u00e9veloppement, qui int\u00e8gre un volet environnemental ambitieux. Sous la direction de Mme Messaouda Baham Mohamed Laghdaf, ministre de l&#8217;Environnement et du D\u00e9veloppement durable, ce volet vise \u00e0 am\u00e9liorer la qualit\u00e9 de vie des habitants tout en renfor\u00e7ant la r\u00e9silience environnementale de la capitale mauritanienne.<\/p>\n<p><strong>Extension de la p\u00e9pini\u00e8re centrale : un pas d\u00e9cisif<\/strong><\/p>\n<p>Lors de sa visite \u00e0 la p\u00e9pini\u00e8re centrale de Tensoueilem, dans la wilaya de Nouakchott-Nord, la ministre a annonc\u00e9 que cette infrastructure, cr\u00e9\u00e9e dans les ann\u00e9es 1970, est en pleine r\u00e9habilitation. L&#8217;agrandissement de la p\u00e9pini\u00e8re, r\u00e9alis\u00e9 en partenariat avec l&#8217;institution pour la r\u00e9habilitation de la plage de Nouakchott, permettra la production de 600 000 plants d\u00e8s f\u00e9vrier 2025.<\/p>\n<p>Ces plantes seront utilis\u00e9es dans des initiatives telles que la stabilisation biologique et m\u00e9canique des sables de la plage, pr\u00e9vues pour d\u00e9marrer en juin 2025. Ces efforts contribuent non seulement \u00e0 la pr\u00e9servation de l&#8217;\u00e9cosyst\u00e8me c\u00f4tier, mais \u00e9galement \u00e0 la r\u00e9duction des impacts de l&#8217;eau. &#8216;\u00e9rosion marine.<\/p>\n<p><strong>Un plan ambitieux pour verdir la capitale<\/strong><\/p>\n<p>Le volet environnemental du programme d&#8217;urgence inclut \u00e9galement la plantation d&#8217;arbustes ornementaux le long des trottoirs des principales avenues et sur les places publiques de Nouakchott. Actuellement, 30 000 arbres ornementaux sont pr\u00eats \u00e0 \u00eatre plant\u00e9s, tandis que la production annuelle atteint 600 000 plants, soit plus de la moiti\u00e9 de l&#8217;objectif fix\u00e9 \u00e0 un million d&#8217;arbustes par an.<\/p>\n<p>Le ministre a soulign\u00e9 que cet effort s&#8217;inscrit dans la vision de Son Excellence le Pr\u00e9sident de la R\u00e9publique, Mohamed Cheikh El Ghazouani, qui aspire \u00e0 faire de Nouakchott une ville moderne, belle et \u00e9cologique.<\/p>\n<p><strong>Des infrastructures modernis\u00e9es pour une production durable<\/strong><\/p>\n<p>Les travaux en cours \u00e0 la p\u00e9pini\u00e8re centrale incluent la r\u00e9habilitation des infrastructures existantes : restauration des b\u00e2timents administratifs, des magasins et des laboratoires, ainsi que l&#8217;am\u00e9nagement de jardins prot\u00e9g\u00e9s. Ces am\u00e9liorations visent \u00e0 optimiser la production de semis et \u00e0 assurer une gestion durable de cette p\u00e9pini\u00e8re historique.<\/p>\n<p>Le ministre, accompagn\u00e9 de responsables du minist\u00e8re et du directeur g\u00e9n\u00e9ral de l&#8217;Agence Nationale de la Grande Muraille Verte, M. Sidina Ahmed Ely, a r\u00e9affirm\u00e9 la d\u00e9termination des autorit\u00e9s \u00e0 atteindre les objectifs environnementaux fix\u00e9s.<\/p>\n<p>En combinant r\u00e9habilitation des infrastructures, plantation d&#8217;arbustes ornementaux et stabilisation des dunes c\u00f4ti\u00e8res, le volet environnemental du programme d&#8217;urgence pour le d\u00e9veloppement de Nouakchott repr\u00e9sente un levier essentiel pour faire face aux d\u00e9fis environnementaux et am\u00e9liorer le cadre de vie dans la capitale.<\/p>\n<p>Avec une volont\u00e9 politique forte et des initiatives concr\u00e8tes, Nouakchott se pr\u00e9pare \u00e0 devenir une ville plus verte, r\u00e9siliente et harmonieuse, en ad\u00e9quation avec les aspirations de ses habitants et les besoins de son environnement.<\/p>\n","protected":false},"excerpt":{"rendered":"<p>La ville de Nouakchott poursuit sa transformation gr\u00e2ce \u00e0 un programme d&#8217;urgence pour le d\u00e9veloppement, qui int\u00e8gre un volet environnemental ambitieux. Sous la direction de Mme Messaouda Baham Mohamed Laghdaf, ministre de l&#8217;Environnement et du D\u00e9veloppement durable, ce volet vise \u00e0 am\u00e9liorer la qualit\u00e9 de vie des habitants tout en renfor\u00e7ant la r\u00e9silience environnementale de&#8230;..<\/p>\n","protected":false},"author":12,"featured_media":24324,"comment_status":"open","ping_status":"open","sticky":false,"template":"","format":"standard","meta":{"footnotes":""},"categories":[23,49],"tags":[],"class_list":["post-24321","post","type-post","status-publish","format-standard","has-post-thumbnail","hentry","category-actualite","category-economie"],"yoast_head":"<!-- This site is optimized with the Yoast SEO plugin v27.5 - https:\/\/yoast.com\/product\/yoast-seo-wordpress\/ -->\n<title>Programme d\u2019urgence pour le d\u00e9veloppement de la ville de Nouakchott: Le volet environnemental est un pilier central pour le d\u00e9veloppement de la capitale - Le Quotidien de Nouakchott<\/title>\n<meta name=\"robots\" content=\"index, follow, max-snippet:-1, max-image-preview:large, max-video-preview:-1\" \/>\n<link rel=\"canonical\" href=\"https:\/\/lequotidien.mr\/?p=24321&lang=fr\" \/>\n<meta property=\"og:locale\" content=\"ar_AR\" \/>\n<meta property=\"og:type\" content=\"article\" \/>\n<meta property=\"og:title\" content=\"Programme d\u2019urgence pour le d\u00e9veloppement de la ville de Nouakchott: Le volet environnemental est un pilier central pour le d\u00e9veloppement de la capitale - Le Quotidien de Nouakchott\" \/>\n<meta property=\"og:description\" content=\"La ville de Nouakchott poursuit sa transformation gr\u00e2ce \u00e0 un programme d&#8217;urgence pour le d\u00e9veloppement, qui int\u00e8gre un volet environnemental ambitieux. Sous la direction de Mme Messaouda Baham Mohamed Laghdaf, ministre de l&#8217;Environnement et du D\u00e9veloppement durable, ce volet vise \u00e0 am\u00e9liorer la qualit\u00e9 de vie des habitants tout en renfor\u00e7ant la r\u00e9silience environnementale de.....\" \/>\n<meta property=\"og:url\" content=\"https:\/\/lequotidien.mr\/?p=24321&amp;lang=fr\" \/>\n<meta property=\"og:site_name\" content=\"Le Quotidien de Nouakchott\" \/>\n<meta property=\"article:publisher\" content=\"https:\/\/web.facebook.com\/lequotidienmr\" \/>\n<meta property=\"article:published_time\" content=\"2025-01-08T10:29:42+00:00\" \/>\n<meta property=\"og:image\" content=\"https:\/\/lequotidien.mr\/wp-content\/uploads\/2025\/01\/photo-environnement-Nkc.jpg\" \/>\n\t<meta property=\"og:image:width\" content=\"675\" \/>\n\t<meta property=\"og:image:height\" content=\"430\" \/>\n\t<meta property=\"og:image:type\" content=\"image\/jpeg\" \/>\n<meta name=\"author\" content=\"Med Ahmed\" \/>\n<meta name=\"twitter:card\" content=\"summary_large_image\" \/>\n<meta name=\"twitter:creator\" content=\"@lequotidienmr\" \/>\n<meta name=\"twitter:site\" content=\"@lequotidienmr\" \/>\n<meta name=\"twitter:label1\" content=\"\u0643\u064f\u062a\u0628 \u0628\u0648\u0627\u0633\u0637\u0629\" \/>\n\t<meta name=\"twitter:data1\" content=\"Med Ahmed\" \/>\n\t<meta name=\"twitter:label2\" content=\"\u0648\u0642\u062a \u0627\u0644\u0642\u0631\u0627\u0621\u0629 \u0627\u0644\u0645\u064f\u0642\u062f\u0651\u0631\" \/>\n\t<meta name=\"twitter:data2\" content=\"\u062f\u0642\u064a\u0642\u062a\u0627\u0646\" \/>\n<script type=\"application\/ld+json\" class=\"yoast-schema-graph\">{\"@context\":\"https:\\\/\\\/schema.org\",\"@graph\":[{\"@type\":\"Article\",\"@id\":\"https:\\\/\\\/lequotidien.mr\\\/?p=24321&lang=fr#article\",\"isPartOf\":{\"@id\":\"https:\\\/\\\/lequotidien.mr\\\/?p=24321&lang=fr\"},\"author\":{\"name\":\"Med Ahmed\",\"@id\":\"https:\\\/\\\/lequotidien.mr\\\/#\\\/schema\\\/person\\\/d2d350202a4d599685ed8abc25f97596\"},\"headline\":\"Programme d\u2019urgence pour le d\u00e9veloppement de la ville de Nouakchott: Le volet environnemental est un pilier central pour le d\u00e9veloppement de la capitale\",\"datePublished\":\"2025-01-08T10:29:42+00:00\",\"mainEntityOfPage\":{\"@id\":\"https:\\\/\\\/lequotidien.mr\\\/?p=24321&lang=fr\"},\"wordCount\":521,\"commentCount\":0,\"publisher\":{\"@id\":\"https:\\\/\\\/lequotidien.mr\\\/#organization\"},\"image\":{\"@id\":\"https:\\\/\\\/lequotidien.mr\\\/?p=24321&lang=fr#primaryimage\"},\"thumbnailUrl\":\"https:\\\/\\\/lequotidien.mr\\\/wp-content\\\/uploads\\\/2025\\\/01\\\/photo-environnement-Nkc.jpg\",\"articleSection\":[\"ACTUALIT\u00c9\",\"Economie\"],\"inLanguage\":\"ar\",\"potentialAction\":[{\"@type\":\"CommentAction\",\"name\":\"Comment\",\"target\":[\"https:\\\/\\\/lequotidien.mr\\\/?p=24321&lang=fr#respond\"]}]},{\"@type\":\"WebPage\",\"@id\":\"https:\\\/\\\/lequotidien.mr\\\/?p=24321&lang=fr\",\"url\":\"https:\\\/\\\/lequotidien.mr\\\/?p=24321&lang=fr\",\"name\":\"Programme d\u2019urgence pour le d\u00e9veloppement de la ville de Nouakchott: Le volet environnemental est un pilier central pour le d\u00e9veloppement de la capitale - Le Quotidien de Nouakchott\",\"isPartOf\":{\"@id\":\"https:\\\/\\\/lequotidien.mr\\\/#website\"},\"primaryImageOfPage\":{\"@id\":\"https:\\\/\\\/lequotidien.mr\\\/?p=24321&lang=fr#primaryimage\"},\"image\":{\"@id\":\"https:\\\/\\\/lequotidien.mr\\\/?p=24321&lang=fr#primaryimage\"},\"thumbnailUrl\":\"https:\\\/\\\/lequotidien.mr\\\/wp-content\\\/uploads\\\/2025\\\/01\\\/photo-environnement-Nkc.jpg\",\"datePublished\":\"2025-01-08T10:29:42+00:00\",\"breadcrumb\":{\"@id\":\"https:\\\/\\\/lequotidien.mr\\\/?p=24321&lang=fr#breadcrumb\"},\"inLanguage\":\"ar\",\"potentialAction\":[{\"@type\":\"ReadAction\",\"target\":[\"https:\\\/\\\/lequotidien.mr\\\/?p=24321&lang=fr\"]}]},{\"@type\":\"ImageObject\",\"inLanguage\":\"ar\",\"@id\":\"https:\\\/\\\/lequotidien.mr\\\/?p=24321&lang=fr#primaryimage\",\"url\":\"https:\\\/\\\/lequotidien.mr\\\/wp-content\\\/uploads\\\/2025\\\/01\\\/photo-environnement-Nkc.jpg\",\"contentUrl\":\"https:\\\/\\\/lequotidien.mr\\\/wp-content\\\/uploads\\\/2025\\\/01\\\/photo-environnement-Nkc.jpg\",\"width\":675,\"height\":430},{\"@type\":\"BreadcrumbList\",\"@id\":\"https:\\\/\\\/lequotidien.mr\\\/?p=24321&lang=fr#breadcrumb\",\"itemListElement\":[{\"@type\":\"ListItem\",\"position\":1,\"name\":\"Home\",\"item\":\"https:\\\/\\\/lequotidien.mr\\\/\"},{\"@type\":\"ListItem\",\"position\":2,\"name\":\"Programme d\u2019urgence pour le d\u00e9veloppement de la ville de Nouakchott: Le volet environnemental est un pilier central pour le d\u00e9veloppement de la capitale\"}]},{\"@type\":\"WebSite\",\"@id\":\"https:\\\/\\\/lequotidien.mr\\\/#website\",\"url\":\"https:\\\/\\\/lequotidien.mr\\\/\",\"name\":\"Le Quotidien de Nouakchott\",\"description\":\"\u0625\u062e\u0628\u0627\u0631\u064a\u0629 \u0645\u0633\u062a\u0642\u0644\u0629 \u0644\u0644\u0623\u0646\u0628\u0627\u0621 \u0627\u0644\u0639\u0627\u0645\u0629\",\"publisher\":{\"@id\":\"https:\\\/\\\/lequotidien.mr\\\/#organization\"},\"potentialAction\":[{\"@type\":\"SearchAction\",\"target\":{\"@type\":\"EntryPoint\",\"urlTemplate\":\"https:\\\/\\\/lequotidien.mr\\\/?s={search_term_string}\"},\"query-input\":{\"@type\":\"PropertyValueSpecification\",\"valueRequired\":true,\"valueName\":\"search_term_string\"}}],\"inLanguage\":\"ar\"},{\"@type\":\"Organization\",\"@id\":\"https:\\\/\\\/lequotidien.mr\\\/#organization\",\"name\":\"Le Quotidien de Nouakchott\",\"url\":\"https:\\\/\\\/lequotidien.mr\\\/\",\"logo\":{\"@type\":\"ImageObject\",\"inLanguage\":\"ar\",\"@id\":\"https:\\\/\\\/lequotidien.mr\\\/#\\\/schema\\\/logo\\\/image\\\/\",\"url\":\"https:\\\/\\\/lequotidien.mr\\\/wp-content\\\/uploads\\\/2022\\\/11\\\/logolequotidien.jpg\",\"contentUrl\":\"https:\\\/\\\/lequotidien.mr\\\/wp-content\\\/uploads\\\/2022\\\/11\\\/logolequotidien.jpg\",\"width\":290,\"height\":65,\"caption\":\"Le Quotidien de Nouakchott\"},\"image\":{\"@id\":\"https:\\\/\\\/lequotidien.mr\\\/#\\\/schema\\\/logo\\\/image\\\/\"},\"sameAs\":[\"https:\\\/\\\/web.facebook.com\\\/lequotidienmr\",\"https:\\\/\\\/x.com\\\/lequotidienmr\"]},{\"@type\":\"Person\",\"@id\":\"https:\\\/\\\/lequotidien.mr\\\/#\\\/schema\\\/person\\\/d2d350202a4d599685ed8abc25f97596\",\"name\":\"Med Ahmed\",\"image\":{\"@type\":\"ImageObject\",\"inLanguage\":\"ar\",\"@id\":\"https:\\\/\\\/secure.gravatar.com\\\/avatar\\\/fd2acc62ed50732923d1d39c17172c9b04149f142be92310ecc69e1358f94b52?s=96&d=mm&r=g\",\"url\":\"https:\\\/\\\/secure.gravatar.com\\\/avatar\\\/fd2acc62ed50732923d1d39c17172c9b04149f142be92310ecc69e1358f94b52?s=96&d=mm&r=g\",\"contentUrl\":\"https:\\\/\\\/secure.gravatar.com\\\/avatar\\\/fd2acc62ed50732923d1d39c17172c9b04149f142be92310ecc69e1358f94b52?s=96&d=mm&r=g\",\"caption\":\"Med Ahmed\"},\"url\":\"https:\\\/\\\/lequotidien.mr\\\/?author=12\"}]}<\/script>\n<!-- \/ Yoast SEO plugin. -->","yoast_head_json":{"title":"Programme d\u2019urgence pour le d\u00e9veloppement de la ville de Nouakchott: Le volet environnemental est un pilier central pour le d\u00e9veloppement de la capitale - Le Quotidien de Nouakchott","robots":{"index":"index","follow":"follow","max-snippet":"max-snippet:-1","max-image-preview":"max-image-preview:large","max-video-preview":"max-video-preview:-1"},"canonical":"https:\/\/lequotidien.mr\/?p=24321&lang=fr","og_locale":"ar_AR","og_type":"article","og_title":"Programme d\u2019urgence pour le d\u00e9veloppement de la ville de Nouakchott: Le volet environnemental est un pilier central pour le d\u00e9veloppement de la capitale - Le Quotidien de Nouakchott","og_description":"La ville de Nouakchott poursuit sa transformation gr\u00e2ce \u00e0 un programme d&#8217;urgence pour le d\u00e9veloppement, qui int\u00e8gre un volet environnemental ambitieux. Sous la direction de Mme Messaouda Baham Mohamed Laghdaf, ministre de l&#8217;Environnement et du D\u00e9veloppement durable, ce volet vise \u00e0 am\u00e9liorer la qualit\u00e9 de vie des habitants tout en renfor\u00e7ant la r\u00e9silience environnementale de.....","og_url":"https:\/\/lequotidien.mr\/?p=24321&lang=fr","og_site_name":"Le Quotidien de Nouakchott","article_publisher":"https:\/\/web.facebook.com\/lequotidienmr","article_published_time":"2025-01-08T10:29:42+00:00","og_image":[{"width":675,"height":430,"url":"https:\/\/lequotidien.mr\/wp-content\/uploads\/2025\/01\/photo-environnement-Nkc.jpg","type":"image\/jpeg"}],"author":"Med Ahmed","twitter_card":"summary_large_image","twitter_creator":"@lequotidienmr","twitter_site":"@lequotidienmr","twitter_misc":{"\u0643\u064f\u062a\u0628 \u0628\u0648\u0627\u0633\u0637\u0629":"Med Ahmed","\u0648\u0642\u062a \u0627\u0644\u0642\u0631\u0627\u0621\u0629 \u0627\u0644\u0645\u064f\u0642\u062f\u0651\u0631":"\u062f\u0642\u064a\u0642\u062a\u0627\u0646"},"schema":{"@context":"https:\/\/schema.org","@graph":[{"@type":"Article","@id":"https:\/\/lequotidien.mr\/?p=24321&lang=fr#article","isPartOf":{"@id":"https:\/\/lequotidien.mr\/?p=24321&lang=fr"},"author":{"name":"Med Ahmed","@id":"https:\/\/lequotidien.mr\/#\/schema\/person\/d2d350202a4d599685ed8abc25f97596"},"headline":"Programme d\u2019urgence pour le d\u00e9veloppement de la ville de Nouakchott: Le volet environnemental est un pilier central pour le d\u00e9veloppement de la capitale","datePublished":"2025-01-08T10:29:42+00:00","mainEntityOfPage":{"@id":"https:\/\/lequotidien.mr\/?p=24321&lang=fr"},"wordCount":521,"commentCount":0,"publisher":{"@id":"https:\/\/lequotidien.mr\/#organization"},"image":{"@id":"https:\/\/lequotidien.mr\/?p=24321&lang=fr#primaryimage"},"thumbnailUrl":"https:\/\/lequotidien.mr\/wp-content\/uploads\/2025\/01\/photo-environnement-Nkc.jpg","articleSection":["ACTUALIT\u00c9","Economie"],"inLanguage":"ar","potentialAction":[{"@type":"CommentAction","name":"Comment","target":["https:\/\/lequotidien.mr\/?p=24321&lang=fr#respond"]}]},{"@type":"WebPage","@id":"https:\/\/lequotidien.mr\/?p=24321&lang=fr","url":"https:\/\/lequotidien.mr\/?p=24321&lang=fr","name":"Programme d\u2019urgence pour le d\u00e9veloppement de la ville de Nouakchott: Le volet environnemental est un pilier central pour le d\u00e9veloppement de la capitale - Le Quotidien de Nouakchott","isPartOf":{"@id":"https:\/\/lequotidien.mr\/#website"},"primaryImageOfPage":{"@id":"https:\/\/lequotidien.mr\/?p=24321&lang=fr#primaryimage"},"image":{"@id":"https:\/\/lequotidien.mr\/?p=24321&lang=fr#primaryimage"},"thumbnailUrl":"https:\/\/lequotidien.mr\/wp-content\/uploads\/2025\/01\/photo-environnement-Nkc.jpg","datePublished":"2025-01-08T10:29:42+00:00","breadcrumb":{"@id":"https:\/\/lequotidien.mr\/?p=24321&lang=fr#breadcrumb"},"inLanguage":"ar","potentialAction":[{"@type":"ReadAction","target":["https:\/\/lequotidien.mr\/?p=24321&lang=fr"]}]},{"@type":"ImageObject","inLanguage":"ar","@id":"https:\/\/lequotidien.mr\/?p=24321&lang=fr#primaryimage","url":"https:\/\/lequotidien.mr\/wp-content\/uploads\/2025\/01\/photo-environnement-Nkc.jpg","contentUrl":"https:\/\/lequotidien.mr\/wp-content\/uploads\/2025\/01\/photo-environnement-Nkc.jpg","width":675,"height":430},{"@type":"BreadcrumbList","@id":"https:\/\/lequotidien.mr\/?p=24321&lang=fr#breadcrumb","itemListElement":[{"@type":"ListItem","position":1,"name":"Home","item":"https:\/\/lequotidien.mr\/"},{"@type":"ListItem","position":2,"name":"Programme d\u2019urgence pour le d\u00e9veloppement de la ville de Nouakchott: Le volet environnemental est un pilier central pour le d\u00e9veloppement de la capitale"}]},{"@type":"WebSite","@id":"https:\/\/lequotidien.mr\/#website","url":"https:\/\/lequotidien.mr\/","name":"Le Quotidien de Nouakchott","description":"\u0625\u062e\u0628\u0627\u0631\u064a\u0629 \u0645\u0633\u062a\u0642\u0644\u0629 \u0644\u0644\u0623\u0646\u0628\u0627\u0621 \u0627\u0644\u0639\u0627\u0645\u0629","publisher":{"@id":"https:\/\/lequotidien.mr\/#organization"},"potentialAction":[{"@type":"SearchAction","target":{"@type":"EntryPoint","urlTemplate":"https:\/\/lequotidien.mr\/?s={search_term_string}"},"query-input":{"@type":"PropertyValueSpecification","valueRequired":true,"valueName":"search_term_string"}}],"inLanguage":"ar"},{"@type":"Organization","@id":"https:\/\/lequotidien.mr\/#organization","name":"Le Quotidien de Nouakchott","url":"https:\/\/lequotidien.mr\/","logo":{"@type":"ImageObject","inLanguage":"ar","@id":"https:\/\/lequotidien.mr\/#\/schema\/logo\/image\/","url":"https:\/\/lequotidien.mr\/wp-content\/uploads\/2022\/11\/logolequotidien.jpg","contentUrl":"https:\/\/lequotidien.mr\/wp-content\/uploads\/2022\/11\/logolequotidien.jpg","width":290,"height":65,"caption":"Le Quotidien de Nouakchott"},"image":{"@id":"https:\/\/lequotidien.mr\/#\/schema\/logo\/image\/"},"sameAs":["https:\/\/web.facebook.com\/lequotidienmr","https:\/\/x.com\/lequotidienmr"]},{"@type":"Person","@id":"https:\/\/lequotidien.mr\/#\/schema\/person\/d2d350202a4d599685ed8abc25f97596","name":"Med Ahmed","image":{"@type":"ImageObject","inLanguage":"ar","@id":"https:\/\/secure.gravatar.com\/avatar\/fd2acc62ed50732923d1d39c17172c9b04149f142be92310ecc69e1358f94b52?s=96&d=mm&r=g","url":"https:\/\/secure.gravatar.com\/avatar\/fd2acc62ed50732923d1d39c17172c9b04149f142be92310ecc69e1358f94b52?s=96&d=mm&r=g","contentUrl":"https:\/\/secure.gravatar.com\/avatar\/fd2acc62ed50732923d1d39c17172c9b04149f142be92310ecc69e1358f94b52?s=96&d=mm&r=g","caption":"Med Ahmed"},"url":"https:\/\/lequotidien.mr\/?author=12"}]}},"_links":{"self":[{"href":"https:\/\/lequotidien.mr\/index.php?rest_route=\/wp\/v2\/posts\/24321","targetHints":{"allow":["GET"]}}],"collection":[{"href":"https:\/\/lequotidien.mr\/index.php?rest_route=\/wp\/v2\/posts"}],"about":[{"href":"https:\/\/lequotidien.mr\/index.php?rest_route=\/wp\/v2\/types\/post"}],"author":[{"embeddable":true,"href":"https:\/\/lequotidien.mr\/index.php?rest_route=\/wp\/v2\/users\/12"}],"replies":[{"embeddable":true,"href":"https:\/\/lequotidien.mr\/index.php?rest_route=%2Fwp%2Fv2%2Fcomments&post=24321"}],"version-history":[{"count":1,"href":"https:\/\/lequotidien.mr\/index.php?rest_route=\/wp\/v2\/posts\/24321\/revisions"}],"predecessor-version":[{"id":24325,"href":"https:\/\/lequotidien.mr\/index.php?rest_route=\/wp\/v2\/posts\/24321\/revisions\/24325"}],"wp:featuredmedia":[{"embeddable":true,"href":"https:\/\/lequotidien.mr\/index.php?rest_route=\/wp\/v2\/media\/24324"}],"wp:attachment":[{"href":"https:\/\/lequotidien.mr\/index.php?rest_route=%2Fwp%2Fv2%2Fmedia&parent=24321"}],"wp:term":[{"taxonomy":"category","embeddable":true,"href":"https:\/\/lequotidien.mr\/index.php?rest_route=%2Fwp%2Fv2%2Fcategories&post=24321"},{"taxonomy":"post_tag","embeddable":true,"href":"https:\/\/lequotidien.mr\/index.php?rest_route=%2Fwp%2Fv2%2Ftags&post=24321"}],"curies":[{"name":"wp","href":"https:\/\/api.w.org\/{rel}","templated":true}]}}