{"id":2423,"date":"2022-12-27T16:36:04","date_gmt":"2022-12-27T16:36:04","guid":{"rendered":"https:\/\/lequotidien.mr\/?p=2423"},"modified":"2022-12-27T16:36:04","modified_gmt":"2022-12-27T16:36:04","slug":"lue-verse-a-la-mauritanie-65-millions-deuros-au-titre-des-droits-dacces-des-navires-ue-aux-zones-de-peche","status":"publish","type":"post","link":"https:\/\/lequotidien.mr\/?p=2423&lang=fr","title":{"rendered":"L&#8217;UE verse \u00e0 la Mauritanie 65 millions d\u2019euros au titre des droits d\u2019acc\u00e8s des navires UE aux zones de p\u00eache"},"content":{"rendered":"<p>La D\u00e9l\u00e9gation de l&#8217;Union europ\u00e9enne en Mauritanie annonce que le paiement de la deuxi\u00e8me ann\u00e9e du nouvel accord de p\u00eache entre l\u2019Union europ\u00e9enne et la R\u00e9publique islamique de Mauritanie a \u00e9t\u00e9 effectu\u00e9 par l\u2019Union le 16 novembre 2022, sur le compte du Tr\u00e9sor public sp\u00e9cifi\u00e9 par les autorit\u00e9s mauritaniennes, conform\u00e9ment aux dispositions dudit protocole.<\/p>\n<p>Ce paiement est d\u2019un montant de 57, 5 millions d\u2019euros. Il a \u00e9galement \u00e9t\u00e9 compl\u00e9t\u00e9 le 18 novembre par un versement de 7,5 millions d\u2019euros (soit un total de 65 millions d\u2019euros), suite \u00e0 l\u2019adoption par la Mauritanie d\u2019un plan pour la gestion durable des p\u00eacheries de petits p\u00e9lagiques.<\/p>\n<p>Ce nouvel accord, entr\u00e9 en application le 16 novembre 2021, a une dur\u00e9e de 5 ans. Il vise notamment \u00e0 minimiser l&#8217;impact de la p\u00eache sur les \u00e9cosyst\u00e8mes marins et respecte les activit\u00e9s des flottes c\u00f4ti\u00e8res et artisanales mauritaniennes.<\/p>\n<p>Il pr\u00e9voit l\u2019acc\u00e8s de la flotte europ\u00e9enne aux eaux mauritaniennes pour la p\u00eache de crustac\u00e9s, de poissons d\u00e9mersaux, de thons et de petits p\u00e9lagiques.<\/p>\n<p>De plus, l\u2019Union versera 16,5 millions d\u2019euros sur toute la dur\u00e9e de l\u2019accord au titre de l\u2019appui \u00e0 la politique sectorielle.<\/p>\n<p>A travers cet appui, en synergie avec d\u2019autres projets de d\u00e9veloppement, l\u2019Union europ\u00e9enne r\u00e9it\u00e8re ainsi son engagement aupr\u00e8s de la Mauritanie pour am\u00e9liorer la gestion et la protection de ses ressources halieutiques, optimiser les retomb\u00e9es \u00e9conomiques du secteur, d\u00e9velopper l\u2019emploi et valoriser les produits dans l\u2019objectif de d\u00e9velopper le commerce ext\u00e9rieur et la s\u00e9curit\u00e9 alimentaire.<\/p>\n<p>A cette occasion, le Ministre des P\u00eaches et de l\u2019Economie Maritime, M. Mohamed Abidine Mayif a d\u00e9clar\u00e9 \u00ab L\u2019accord de partenariat dans le secteur de la p\u00eache durable et son protocole d\u2019application en vigueur depuis le 16 novembre 2021 traduisent une volont\u00e9 commune de coop\u00e9ration mutuellement avantageuse entre la Mauritanie et l\u2019Union europ\u00e9enne.<\/p>\n<p>En effet, la Mauritanie, vu sa proximit\u00e9 de l\u2019Europe, la qualit\u00e9 de son environnement marin, la diversit\u00e9 des esp\u00e8ces de ses eaux et leu grande valeur marchande, offre aux navires europ\u00e9ens six possibilit\u00e9s de p\u00eache pour diff\u00e9rentes esp\u00e8ces ou groupe d\u2019esp\u00e8ces. Elle mettra tout en \u0153uvre pour que sa zone \u00e9conomique exclusive demeure toujours plus attractive pour la flotte europ\u00e9enne. \u00bb<\/p>\n<p>Et de son c\u00f4t\u00e9, l\u2019Ambassadeur de l\u2019Union de l\u2019europ\u00e9enne en Mauritanie, M. Gwilym Jones, a ajout\u00e9 : \u00ab Nous nous r\u00e9jouissons du versement de cette contrepartie qui traduit la longue et fructueuse coop\u00e9ration entre l&#8217;Union europ\u00e9enne et la R\u00e9publique islamique de Mauritanie dans le secteur de la p\u00eache. Nous r\u00e9it\u00e9rons l\u2019engagement de l\u2019Union europ\u00e9enne aux c\u00f4t\u00e9s du gouvernement mauritanien, pour d\u00e9velopper le secteur de la p\u00eache, par la cr\u00e9ation d\u2019emplois, la formation et le respect de l\u2019environnement \u00bb.<\/p>\n","protected":false},"excerpt":{"rendered":"<p>La D\u00e9l\u00e9gation de l&#8217;Union europ\u00e9enne en Mauritanie annonce que le paiement de la deuxi\u00e8me ann\u00e9e du nouvel accord de p\u00eache entre l\u2019Union europ\u00e9enne et la R\u00e9publique islamique de Mauritanie a \u00e9t\u00e9 effectu\u00e9 par l\u2019Union le 16 novembre 2022, sur le compte du Tr\u00e9sor public sp\u00e9cifi\u00e9 par les autorit\u00e9s mauritaniennes, conform\u00e9ment aux dispositions dudit protocole. Ce&#8230;..<\/p>\n","protected":false},"author":7,"featured_media":2424,"comment_status":"open","ping_status":"open","sticky":false,"template":"","format":"standard","meta":{"footnotes":""},"categories":[23,49],"tags":[],"class_list":["post-2423","post","type-post","status-publish","format-standard","has-post-thumbnail","hentry","category-actualite","category-economie"],"yoast_head":"<!-- This site is optimized with the Yoast SEO plugin v27.5 - https:\/\/yoast.com\/product\/yoast-seo-wordpress\/ -->\n<title>L&#039;UE verse \u00e0 la Mauritanie 65 millions d\u2019euros au titre des droits d\u2019acc\u00e8s des navires UE aux zones de p\u00eache - Le Quotidien de Nouakchott<\/title>\n<meta name=\"robots\" content=\"index, follow, max-snippet:-1, max-image-preview:large, max-video-preview:-1\" \/>\n<link rel=\"canonical\" href=\"https:\/\/lequotidien.mr\/?p=2423&lang=fr\" \/>\n<meta property=\"og:locale\" content=\"ar_AR\" \/>\n<meta property=\"og:type\" content=\"article\" \/>\n<meta property=\"og:title\" content=\"L&#039;UE verse \u00e0 la Mauritanie 65 millions d\u2019euros au titre des droits d\u2019acc\u00e8s des navires UE aux zones de p\u00eache - Le Quotidien de Nouakchott\" \/>\n<meta property=\"og:description\" content=\"La D\u00e9l\u00e9gation de l&#8217;Union europ\u00e9enne en Mauritanie annonce que le paiement de la deuxi\u00e8me ann\u00e9e du nouvel accord de p\u00eache entre l\u2019Union europ\u00e9enne et la R\u00e9publique islamique de Mauritanie a \u00e9t\u00e9 effectu\u00e9 par l\u2019Union le 16 novembre 2022, sur le compte du Tr\u00e9sor public sp\u00e9cifi\u00e9 par les autorit\u00e9s mauritaniennes, conform\u00e9ment aux dispositions dudit protocole. Ce.....\" \/>\n<meta property=\"og:url\" content=\"https:\/\/lequotidien.mr\/?p=2423&amp;lang=fr\" \/>\n<meta property=\"og:site_name\" content=\"Le Quotidien de Nouakchott\" \/>\n<meta property=\"article:publisher\" content=\"https:\/\/web.facebook.com\/lequotidienmr\" \/>\n<meta property=\"article:published_time\" content=\"2022-12-27T16:36:04+00:00\" \/>\n<meta property=\"og:image\" content=\"https:\/\/lequotidien.mr\/wp-content\/uploads\/2022\/12\/peche_DSC8520.jpg\" \/>\n\t<meta property=\"og:image:width\" content=\"1000\" \/>\n\t<meta property=\"og:image:height\" content=\"667\" \/>\n\t<meta property=\"og:image:type\" content=\"image\/jpeg\" \/>\n<meta name=\"author\" content=\"Hachim El Yemani\" \/>\n<meta name=\"twitter:card\" content=\"summary_large_image\" \/>\n<meta name=\"twitter:creator\" content=\"@lequotidienmr\" \/>\n<meta name=\"twitter:site\" content=\"@lequotidienmr\" \/>\n<meta name=\"twitter:label1\" content=\"\u0643\u064f\u062a\u0628 \u0628\u0648\u0627\u0633\u0637\u0629\" \/>\n\t<meta name=\"twitter:data1\" content=\"Hachim El Yemani\" \/>\n\t<meta name=\"twitter:label2\" content=\"\u0648\u0642\u062a \u0627\u0644\u0642\u0631\u0627\u0621\u0629 \u0627\u0644\u0645\u064f\u0642\u062f\u0651\u0631\" \/>\n\t<meta name=\"twitter:data2\" content=\"\u062f\u0642\u064a\u0642\u062a\u0627\u0646\" \/>\n<script type=\"application\/ld+json\" class=\"yoast-schema-graph\">{\"@context\":\"https:\\\/\\\/schema.org\",\"@graph\":[{\"@type\":\"Article\",\"@id\":\"https:\\\/\\\/lequotidien.mr\\\/?p=2423&lang=fr#article\",\"isPartOf\":{\"@id\":\"https:\\\/\\\/lequotidien.mr\\\/?p=2423&lang=fr\"},\"author\":{\"name\":\"Hachim El Yemani\",\"@id\":\"https:\\\/\\\/lequotidien.mr\\\/#\\\/schema\\\/person\\\/084fc8a65780dd82fc2dc1b6606ccd93\"},\"headline\":\"L&#8217;UE verse \u00e0 la Mauritanie 65 millions d\u2019euros au titre des droits d\u2019acc\u00e8s des navires UE aux zones de p\u00eache\",\"datePublished\":\"2022-12-27T16:36:04+00:00\",\"mainEntityOfPage\":{\"@id\":\"https:\\\/\\\/lequotidien.mr\\\/?p=2423&lang=fr\"},\"wordCount\":537,\"commentCount\":0,\"publisher\":{\"@id\":\"https:\\\/\\\/lequotidien.mr\\\/#organization\"},\"image\":{\"@id\":\"https:\\\/\\\/lequotidien.mr\\\/?p=2423&lang=fr#primaryimage\"},\"thumbnailUrl\":\"https:\\\/\\\/lequotidien.mr\\\/wp-content\\\/uploads\\\/2022\\\/12\\\/peche_DSC8520.jpg\",\"articleSection\":[\"ACTUALIT\u00c9\",\"Economie\"],\"inLanguage\":\"ar\",\"potentialAction\":[{\"@type\":\"CommentAction\",\"name\":\"Comment\",\"target\":[\"https:\\\/\\\/lequotidien.mr\\\/?p=2423&lang=fr#respond\"]}]},{\"@type\":\"WebPage\",\"@id\":\"https:\\\/\\\/lequotidien.mr\\\/?p=2423&lang=fr\",\"url\":\"https:\\\/\\\/lequotidien.mr\\\/?p=2423&lang=fr\",\"name\":\"L'UE verse \u00e0 la Mauritanie 65 millions d\u2019euros au titre des droits d\u2019acc\u00e8s des navires UE aux zones de p\u00eache - Le Quotidien de Nouakchott\",\"isPartOf\":{\"@id\":\"https:\\\/\\\/lequotidien.mr\\\/#website\"},\"primaryImageOfPage\":{\"@id\":\"https:\\\/\\\/lequotidien.mr\\\/?p=2423&lang=fr#primaryimage\"},\"image\":{\"@id\":\"https:\\\/\\\/lequotidien.mr\\\/?p=2423&lang=fr#primaryimage\"},\"thumbnailUrl\":\"https:\\\/\\\/lequotidien.mr\\\/wp-content\\\/uploads\\\/2022\\\/12\\\/peche_DSC8520.jpg\",\"datePublished\":\"2022-12-27T16:36:04+00:00\",\"breadcrumb\":{\"@id\":\"https:\\\/\\\/lequotidien.mr\\\/?p=2423&lang=fr#breadcrumb\"},\"inLanguage\":\"ar\",\"potentialAction\":[{\"@type\":\"ReadAction\",\"target\":[\"https:\\\/\\\/lequotidien.mr\\\/?p=2423&lang=fr\"]}]},{\"@type\":\"ImageObject\",\"inLanguage\":\"ar\",\"@id\":\"https:\\\/\\\/lequotidien.mr\\\/?p=2423&lang=fr#primaryimage\",\"url\":\"https:\\\/\\\/lequotidien.mr\\\/wp-content\\\/uploads\\\/2022\\\/12\\\/peche_DSC8520.jpg\",\"contentUrl\":\"https:\\\/\\\/lequotidien.mr\\\/wp-content\\\/uploads\\\/2022\\\/12\\\/peche_DSC8520.jpg\",\"width\":1000,\"height\":667},{\"@type\":\"BreadcrumbList\",\"@id\":\"https:\\\/\\\/lequotidien.mr\\\/?p=2423&lang=fr#breadcrumb\",\"itemListElement\":[{\"@type\":\"ListItem\",\"position\":1,\"name\":\"Home\",\"item\":\"https:\\\/\\\/lequotidien.mr\\\/\"},{\"@type\":\"ListItem\",\"position\":2,\"name\":\"L&#8217;UE verse \u00e0 la Mauritanie 65 millions d\u2019euros au titre des droits d\u2019acc\u00e8s des navires UE aux zones de p\u00eache\"}]},{\"@type\":\"WebSite\",\"@id\":\"https:\\\/\\\/lequotidien.mr\\\/#website\",\"url\":\"https:\\\/\\\/lequotidien.mr\\\/\",\"name\":\"Le Quotidien de Nouakchott\",\"description\":\"\u0625\u062e\u0628\u0627\u0631\u064a\u0629 \u0645\u0633\u062a\u0642\u0644\u0629 \u0644\u0644\u0623\u0646\u0628\u0627\u0621 \u0627\u0644\u0639\u0627\u0645\u0629\",\"publisher\":{\"@id\":\"https:\\\/\\\/lequotidien.mr\\\/#organization\"},\"potentialAction\":[{\"@type\":\"SearchAction\",\"target\":{\"@type\":\"EntryPoint\",\"urlTemplate\":\"https:\\\/\\\/lequotidien.mr\\\/?s={search_term_string}\"},\"query-input\":{\"@type\":\"PropertyValueSpecification\",\"valueRequired\":true,\"valueName\":\"search_term_string\"}}],\"inLanguage\":\"ar\"},{\"@type\":\"Organization\",\"@id\":\"https:\\\/\\\/lequotidien.mr\\\/#organization\",\"name\":\"Le Quotidien de Nouakchott\",\"url\":\"https:\\\/\\\/lequotidien.mr\\\/\",\"logo\":{\"@type\":\"ImageObject\",\"inLanguage\":\"ar\",\"@id\":\"https:\\\/\\\/lequotidien.mr\\\/#\\\/schema\\\/logo\\\/image\\\/\",\"url\":\"https:\\\/\\\/lequotidien.mr\\\/wp-content\\\/uploads\\\/2022\\\/11\\\/logolequotidien.jpg\",\"contentUrl\":\"https:\\\/\\\/lequotidien.mr\\\/wp-content\\\/uploads\\\/2022\\\/11\\\/logolequotidien.jpg\",\"width\":290,\"height\":65,\"caption\":\"Le Quotidien de Nouakchott\"},\"image\":{\"@id\":\"https:\\\/\\\/lequotidien.mr\\\/#\\\/schema\\\/logo\\\/image\\\/\"},\"sameAs\":[\"https:\\\/\\\/web.facebook.com\\\/lequotidienmr\",\"https:\\\/\\\/x.com\\\/lequotidienmr\"]},{\"@type\":\"Person\",\"@id\":\"https:\\\/\\\/lequotidien.mr\\\/#\\\/schema\\\/person\\\/084fc8a65780dd82fc2dc1b6606ccd93\",\"name\":\"Hachim El Yemani\",\"image\":{\"@type\":\"ImageObject\",\"inLanguage\":\"ar\",\"@id\":\"https:\\\/\\\/secure.gravatar.com\\\/avatar\\\/d26186aaa5bf4c9f95183e2f6e441600872253143ebb24ebf40607e5f0b7ced0?s=96&d=mm&r=g\",\"url\":\"https:\\\/\\\/secure.gravatar.com\\\/avatar\\\/d26186aaa5bf4c9f95183e2f6e441600872253143ebb24ebf40607e5f0b7ced0?s=96&d=mm&r=g\",\"contentUrl\":\"https:\\\/\\\/secure.gravatar.com\\\/avatar\\\/d26186aaa5bf4c9f95183e2f6e441600872253143ebb24ebf40607e5f0b7ced0?s=96&d=mm&r=g\",\"caption\":\"Hachim El Yemani\"},\"sameAs\":[\"https:\\\/\\\/lequotidien.mr\\\/\"],\"url\":\"https:\\\/\\\/lequotidien.mr\\\/?author=7\"}]}<\/script>\n<!-- \/ Yoast SEO plugin. -->","yoast_head_json":{"title":"L'UE verse \u00e0 la Mauritanie 65 millions d\u2019euros au titre des droits d\u2019acc\u00e8s des navires UE aux zones de p\u00eache - Le Quotidien de Nouakchott","robots":{"index":"index","follow":"follow","max-snippet":"max-snippet:-1","max-image-preview":"max-image-preview:large","max-video-preview":"max-video-preview:-1"},"canonical":"https:\/\/lequotidien.mr\/?p=2423&lang=fr","og_locale":"ar_AR","og_type":"article","og_title":"L'UE verse \u00e0 la Mauritanie 65 millions d\u2019euros au titre des droits d\u2019acc\u00e8s des navires UE aux zones de p\u00eache - Le Quotidien de Nouakchott","og_description":"La D\u00e9l\u00e9gation de l&#8217;Union europ\u00e9enne en Mauritanie annonce que le paiement de la deuxi\u00e8me ann\u00e9e du nouvel accord de p\u00eache entre l\u2019Union europ\u00e9enne et la R\u00e9publique islamique de Mauritanie a \u00e9t\u00e9 effectu\u00e9 par l\u2019Union le 16 novembre 2022, sur le compte du Tr\u00e9sor public sp\u00e9cifi\u00e9 par les autorit\u00e9s mauritaniennes, conform\u00e9ment aux dispositions dudit protocole. Ce.....","og_url":"https:\/\/lequotidien.mr\/?p=2423&lang=fr","og_site_name":"Le Quotidien de Nouakchott","article_publisher":"https:\/\/web.facebook.com\/lequotidienmr","article_published_time":"2022-12-27T16:36:04+00:00","og_image":[{"width":1000,"height":667,"url":"https:\/\/lequotidien.mr\/wp-content\/uploads\/2022\/12\/peche_DSC8520.jpg","type":"image\/jpeg"}],"author":"Hachim El Yemani","twitter_card":"summary_large_image","twitter_creator":"@lequotidienmr","twitter_site":"@lequotidienmr","twitter_misc":{"\u0643\u064f\u062a\u0628 \u0628\u0648\u0627\u0633\u0637\u0629":"Hachim El Yemani","\u0648\u0642\u062a \u0627\u0644\u0642\u0631\u0627\u0621\u0629 \u0627\u0644\u0645\u064f\u0642\u062f\u0651\u0631":"\u062f\u0642\u064a\u0642\u062a\u0627\u0646"},"schema":{"@context":"https:\/\/schema.org","@graph":[{"@type":"Article","@id":"https:\/\/lequotidien.mr\/?p=2423&lang=fr#article","isPartOf":{"@id":"https:\/\/lequotidien.mr\/?p=2423&lang=fr"},"author":{"name":"Hachim El Yemani","@id":"https:\/\/lequotidien.mr\/#\/schema\/person\/084fc8a65780dd82fc2dc1b6606ccd93"},"headline":"L&#8217;UE verse \u00e0 la Mauritanie 65 millions d\u2019euros au titre des droits d\u2019acc\u00e8s des navires UE aux zones de p\u00eache","datePublished":"2022-12-27T16:36:04+00:00","mainEntityOfPage":{"@id":"https:\/\/lequotidien.mr\/?p=2423&lang=fr"},"wordCount":537,"commentCount":0,"publisher":{"@id":"https:\/\/lequotidien.mr\/#organization"},"image":{"@id":"https:\/\/lequotidien.mr\/?p=2423&lang=fr#primaryimage"},"thumbnailUrl":"https:\/\/lequotidien.mr\/wp-content\/uploads\/2022\/12\/peche_DSC8520.jpg","articleSection":["ACTUALIT\u00c9","Economie"],"inLanguage":"ar","potentialAction":[{"@type":"CommentAction","name":"Comment","target":["https:\/\/lequotidien.mr\/?p=2423&lang=fr#respond"]}]},{"@type":"WebPage","@id":"https:\/\/lequotidien.mr\/?p=2423&lang=fr","url":"https:\/\/lequotidien.mr\/?p=2423&lang=fr","name":"L'UE verse \u00e0 la Mauritanie 65 millions d\u2019euros au titre des droits d\u2019acc\u00e8s des navires UE aux zones de p\u00eache - Le Quotidien de Nouakchott","isPartOf":{"@id":"https:\/\/lequotidien.mr\/#website"},"primaryImageOfPage":{"@id":"https:\/\/lequotidien.mr\/?p=2423&lang=fr#primaryimage"},"image":{"@id":"https:\/\/lequotidien.mr\/?p=2423&lang=fr#primaryimage"},"thumbnailUrl":"https:\/\/lequotidien.mr\/wp-content\/uploads\/2022\/12\/peche_DSC8520.jpg","datePublished":"2022-12-27T16:36:04+00:00","breadcrumb":{"@id":"https:\/\/lequotidien.mr\/?p=2423&lang=fr#breadcrumb"},"inLanguage":"ar","potentialAction":[{"@type":"ReadAction","target":["https:\/\/lequotidien.mr\/?p=2423&lang=fr"]}]},{"@type":"ImageObject","inLanguage":"ar","@id":"https:\/\/lequotidien.mr\/?p=2423&lang=fr#primaryimage","url":"https:\/\/lequotidien.mr\/wp-content\/uploads\/2022\/12\/peche_DSC8520.jpg","contentUrl":"https:\/\/lequotidien.mr\/wp-content\/uploads\/2022\/12\/peche_DSC8520.jpg","width":1000,"height":667},{"@type":"BreadcrumbList","@id":"https:\/\/lequotidien.mr\/?p=2423&lang=fr#breadcrumb","itemListElement":[{"@type":"ListItem","position":1,"name":"Home","item":"https:\/\/lequotidien.mr\/"},{"@type":"ListItem","position":2,"name":"L&#8217;UE verse \u00e0 la Mauritanie 65 millions d\u2019euros au titre des droits d\u2019acc\u00e8s des navires UE aux zones de p\u00eache"}]},{"@type":"WebSite","@id":"https:\/\/lequotidien.mr\/#website","url":"https:\/\/lequotidien.mr\/","name":"Le Quotidien de Nouakchott","description":"\u0625\u062e\u0628\u0627\u0631\u064a\u0629 \u0645\u0633\u062a\u0642\u0644\u0629 \u0644\u0644\u0623\u0646\u0628\u0627\u0621 \u0627\u0644\u0639\u0627\u0645\u0629","publisher":{"@id":"https:\/\/lequotidien.mr\/#organization"},"potentialAction":[{"@type":"SearchAction","target":{"@type":"EntryPoint","urlTemplate":"https:\/\/lequotidien.mr\/?s={search_term_string}"},"query-input":{"@type":"PropertyValueSpecification","valueRequired":true,"valueName":"search_term_string"}}],"inLanguage":"ar"},{"@type":"Organization","@id":"https:\/\/lequotidien.mr\/#organization","name":"Le Quotidien de Nouakchott","url":"https:\/\/lequotidien.mr\/","logo":{"@type":"ImageObject","inLanguage":"ar","@id":"https:\/\/lequotidien.mr\/#\/schema\/logo\/image\/","url":"https:\/\/lequotidien.mr\/wp-content\/uploads\/2022\/11\/logolequotidien.jpg","contentUrl":"https:\/\/lequotidien.mr\/wp-content\/uploads\/2022\/11\/logolequotidien.jpg","width":290,"height":65,"caption":"Le Quotidien de Nouakchott"},"image":{"@id":"https:\/\/lequotidien.mr\/#\/schema\/logo\/image\/"},"sameAs":["https:\/\/web.facebook.com\/lequotidienmr","https:\/\/x.com\/lequotidienmr"]},{"@type":"Person","@id":"https:\/\/lequotidien.mr\/#\/schema\/person\/084fc8a65780dd82fc2dc1b6606ccd93","name":"Hachim El Yemani","image":{"@type":"ImageObject","inLanguage":"ar","@id":"https:\/\/secure.gravatar.com\/avatar\/d26186aaa5bf4c9f95183e2f6e441600872253143ebb24ebf40607e5f0b7ced0?s=96&d=mm&r=g","url":"https:\/\/secure.gravatar.com\/avatar\/d26186aaa5bf4c9f95183e2f6e441600872253143ebb24ebf40607e5f0b7ced0?s=96&d=mm&r=g","contentUrl":"https:\/\/secure.gravatar.com\/avatar\/d26186aaa5bf4c9f95183e2f6e441600872253143ebb24ebf40607e5f0b7ced0?s=96&d=mm&r=g","caption":"Hachim El Yemani"},"sameAs":["https:\/\/lequotidien.mr\/"],"url":"https:\/\/lequotidien.mr\/?author=7"}]}},"_links":{"self":[{"href":"https:\/\/lequotidien.mr\/index.php?rest_route=\/wp\/v2\/posts\/2423","targetHints":{"allow":["GET"]}}],"collection":[{"href":"https:\/\/lequotidien.mr\/index.php?rest_route=\/wp\/v2\/posts"}],"about":[{"href":"https:\/\/lequotidien.mr\/index.php?rest_route=\/wp\/v2\/types\/post"}],"author":[{"embeddable":true,"href":"https:\/\/lequotidien.mr\/index.php?rest_route=\/wp\/v2\/users\/7"}],"replies":[{"embeddable":true,"href":"https:\/\/lequotidien.mr\/index.php?rest_route=%2Fwp%2Fv2%2Fcomments&post=2423"}],"version-history":[{"count":1,"href":"https:\/\/lequotidien.mr\/index.php?rest_route=\/wp\/v2\/posts\/2423\/revisions"}],"predecessor-version":[{"id":2425,"href":"https:\/\/lequotidien.mr\/index.php?rest_route=\/wp\/v2\/posts\/2423\/revisions\/2425"}],"wp:featuredmedia":[{"embeddable":true,"href":"https:\/\/lequotidien.mr\/index.php?rest_route=\/wp\/v2\/media\/2424"}],"wp:attachment":[{"href":"https:\/\/lequotidien.mr\/index.php?rest_route=%2Fwp%2Fv2%2Fmedia&parent=2423"}],"wp:term":[{"taxonomy":"category","embeddable":true,"href":"https:\/\/lequotidien.mr\/index.php?rest_route=%2Fwp%2Fv2%2Fcategories&post=2423"},{"taxonomy":"post_tag","embeddable":true,"href":"https:\/\/lequotidien.mr\/index.php?rest_route=%2Fwp%2Fv2%2Ftags&post=2423"}],"curies":[{"name":"wp","href":"https:\/\/api.w.org\/{rel}","templated":true}]}}